{"id":217968,"date":"2024-11-29T07:45:00","date_gmt":"2024-11-29T07:45:00","guid":{"rendered":"https:\/\/www.webdo.tn\/fr\/blog\/2024\/11\/29\/tunisie-bientot-une-loi-sur-les-complements-alimentaires\/"},"modified":"2025-05-20T22:21:23","modified_gmt":"2025-05-20T22:21:23","slug":"tunisie-bientot-une-loi-sur-les-complements-alimentaires","status":"publish","type":"post","link":"https:\/\/www.webdo.tn\/fr\/actualite\/national\/tunisie-bientot-une-loi-sur-les-complements-alimentaires\/217968\/","title":{"rendered":"Tunisie : Bient\u00f4t, une loi sur les compl\u00e9ments alimentaires"},"content":{"rendered":"<p>La pharmacienne \u00e0 l\u2019Agence nationale des m\u00e9dicaments et des produits de sant\u00e9 et charg\u00e9e de l\u2019\u00e9tude des dossiers des compl\u00e9ments alimentaires, Nissan Rezg, a d\u00e9clar\u00e9, lors de sa participation au troisi\u00e8me congr\u00e8s scientifique international sur la lutte contre le dopage que le minist\u00e8re de la Sant\u00e9 est en train de pr\u00e9parer une loi visant \u00e0 r\u00e9glementer la fabrication, l\u2019importation et la vente des compl\u00e9ments alimentaires en Tunisie.<\/p>\n<p>\t\t\t\t\t\t\t\t\tElle a pr\u00e9cis\u00e9 que l\u2019\u00e9laboration de cette loi est presque achev\u00e9e et qu\u2019elle verra bient\u00f4t le jour, selon ses propos.<\/p>\n<p>Cit\u00e9e par Mosa\u00efque FM, Nissan Rezg a \u00e9galement soulign\u00e9 l\u2019augmentation de la demande pour l\u2019achat de compl\u00e9ments alimentaires en Tunisie, souvent sans consultation pr\u00e9alable d\u2019un m\u00e9decin, rendant urgent la r\u00e9glementation de ce produit, consid\u00e9r\u00e9 comme un produit de sant\u00e9 bien qu\u2019il ne fasse pas partie de la cat\u00e9gorie des m\u00e9dicaments.<\/p>\n<p>En Tunisie, les compl\u00e9ments alimentaires ont envahi les rayons des pharmacies, des grandes surfaces et m\u00eame des boutiques en ligne. Pr\u00e9sent\u00e9s comme des alli\u00e9s pour la sant\u00e9, la beaut\u00e9 ou la performance physique, ces produits s\u00e9duisent de plus en plus de consommateurs en Tunisie.\u00a0<\/p>\n<p>Cependant, derri\u00e8re leur popularit\u00e9 croissante, des dangers insoup\u00e7onn\u00e9s se cachent, li\u00e9s \u00e0 leur utilisation excessive, inappropri\u00e9e ou \u00e0 la m\u00e9connaissance de leur composition. Cependant, leur popularit\u00e9 d\u00e9passe souvent leur r\u00f4le initial. En Tunisie, il est courant d&rsquo;acheter ces produits sans avis m\u00e9dical, que ce soit pour renforcer l&rsquo;immunit\u00e9, am\u00e9liorer les performances sportives ou encore perdre du poids. Cette tendance, coupl\u00e9e \u00e0 un cadre juridique encore flou, expose les consommateurs \u00e0 des risques importants.<\/p>\n","protected":false},"excerpt":{"rendered":"<p>Elle a pr\u00e9cis\u00e9 que l\u2019\u00e9laboration de cette loi est presque achev\u00e9e et qu\u2019elle verra bient\u00f4t le jour, selon ses propos.<\/p>\n","protected":false},"author":3163,"featured_media":243748,"comment_status":"open","ping_status":"open","sticky":false,"template":"","format":"standard","meta":{"footnotes":""},"categories":[44],"tags":[4894,3033,2608],"class_list":["post-217968","post","type-post","status-publish","format-standard","has-post-thumbnail","hentry","category-national","tag-complement-alimentaire","tag-loi","tag-tunisie"],"yoast_head":"<!-- This site is optimized with the Yoast SEO Premium plugin v27.5 (Yoast SEO v27.5) - https:\/\/yoast.com\/product\/yoast-seo-premium-wordpress\/ -->\n<title>Tunisie : Bient\u00f4t, une loi sur les compl\u00e9ments alimentaires<\/title>\n<meta name=\"description\" content=\"Elle a pr\u00e9cis\u00e9 que l\u2019\u00e9laboration de cette loi est presque achev\u00e9e et qu\u2019elle verra bient\u00f4t le jour, selon ses propos.\" \/>\n<link rel=\"canonical\" href=\"https:\/\/www.webdo.tn\/fr\/actualite\/national\/tunisie-bientot-une-loi-sur-les-complements-alimentaires\/217968\/\" \/>\n<meta property=\"og:locale\" content=\"fr_FR\" \/>\n<meta property=\"og:type\" content=\"article\" \/>\n<meta property=\"og:title\" content=\"Tunisie : Bient\u00f4t, une loi sur les compl\u00e9ments alimentaires\" \/>\n<meta property=\"og:description\" content=\"Elle a pr\u00e9cis\u00e9 que l\u2019\u00e9laboration de cette loi est presque achev\u00e9e et qu\u2019elle verra bient\u00f4t le jour, selon ses propos.\" \/>\n<meta property=\"og:url\" content=\"https:\/\/www.webdo.tn\/fr\/actualite\/national\/tunisie-bientot-une-loi-sur-les-complements-alimentaires\/217968\/\" \/>\n<meta property=\"og:site_name\" content=\"webdo\" \/>\n<meta property=\"article:publisher\" content=\"https:\/\/www.facebook.com\/webdotn\" \/>\n<meta property=\"article:published_time\" content=\"2024-11-29T07:45:00+00:00\" \/>\n<meta property=\"article:modified_time\" content=\"2025-05-20T22:21:23+00:00\" \/>\n<meta property=\"og:image\" content=\"https:\/\/www.webdo.tn\/fr\/wp-content\/uploads\/2025\/05\/a1f1a935fc9a1d9a64496a1558eafc1c-2.webp\" \/>\n\t<meta property=\"og:image:width\" content=\"750\" \/>\n\t<meta property=\"og:image:height\" content=\"400\" \/>\n\t<meta property=\"og:image:type\" content=\"image\/webp\" \/>\n<meta name=\"author\" content=\"KJ\" \/>\n<meta name=\"twitter:card\" content=\"summary_large_image\" \/>\n<meta name=\"twitter:creator\" content=\"@webdo_tn\" \/>\n<meta name=\"twitter:site\" content=\"@webdo_tn\" \/>\n<meta name=\"twitter:label1\" content=\"\u00c9crit par\" \/>\n\t<meta name=\"twitter:data1\" content=\"KJ\" \/>\n\t<meta name=\"twitter:label2\" content=\"Dur\u00e9e de lecture estim\u00e9e\" \/>\n\t<meta name=\"twitter:data2\" content=\"1 minute\" \/>\n<script type=\"application\/ld+json\" class=\"yoast-schema-graph\">{\"@context\":\"https:\\\/\\\/schema.org\",\"@graph\":[{\"@type\":\"NewsArticle\",\"@id\":\"https:\\\/\\\/www.webdo.tn\\\/fr\\\/actualite\\\/national\\\/tunisie-bientot-une-loi-sur-les-complements-alimentaires\\\/217968\\\/#article\",\"isPartOf\":{\"@id\":\"https:\\\/\\\/www.webdo.tn\\\/fr\\\/actualite\\\/national\\\/tunisie-bientot-une-loi-sur-les-complements-alimentaires\\\/217968\\\/\"},\"author\":{\"name\":\"KJ\",\"@id\":\"https:\\\/\\\/www.webdo.tn\\\/fr\\\/#\\\/schema\\\/person\\\/82ca085b22037d285e1a3c4b65ba5f71\"},\"headline\":\"Tunisie : Bient\u00f4t, une loi sur les compl\u00e9ments alimentaires\",\"datePublished\":\"2024-11-29T07:45:00+00:00\",\"dateModified\":\"2025-05-20T22:21:23+00:00\",\"mainEntityOfPage\":{\"@id\":\"https:\\\/\\\/www.webdo.tn\\\/fr\\\/actualite\\\/national\\\/tunisie-bientot-une-loi-sur-les-complements-alimentaires\\\/217968\\\/\"},\"wordCount\":308,\"commentCount\":0,\"publisher\":{\"@id\":\"https:\\\/\\\/www.webdo.tn\\\/fr\\\/#organization\"},\"image\":{\"@id\":\"https:\\\/\\\/www.webdo.tn\\\/fr\\\/actualite\\\/national\\\/tunisie-bientot-une-loi-sur-les-complements-alimentaires\\\/217968\\\/#primaryimage\"},\"thumbnailUrl\":\"https:\\\/\\\/www.webdo.tn\\\/fr\\\/wp-content\\\/uploads\\\/2025\\\/05\\\/a1f1a935fc9a1d9a64496a1558eafc1c-2.webp\",\"keywords\":[\"compl\u00e9ment alimentaire\",\"loi\",\"Tunisie\"],\"articleSection\":[\"National\"],\"inLanguage\":\"fr-FR\"},{\"@type\":\"WebPage\",\"@id\":\"https:\\\/\\\/www.webdo.tn\\\/fr\\\/actualite\\\/national\\\/tunisie-bientot-une-loi-sur-les-complements-alimentaires\\\/217968\\\/\",\"url\":\"https:\\\/\\\/www.webdo.tn\\\/fr\\\/actualite\\\/national\\\/tunisie-bientot-une-loi-sur-les-complements-alimentaires\\\/217968\\\/\",\"name\":\"Tunisie : Bient\u00f4t, une loi sur les compl\u00e9ments alimentaires\",\"isPartOf\":{\"@id\":\"https:\\\/\\\/www.webdo.tn\\\/fr\\\/#website\"},\"primaryImageOfPage\":{\"@id\":\"https:\\\/\\\/www.webdo.tn\\\/fr\\\/actualite\\\/national\\\/tunisie-bientot-une-loi-sur-les-complements-alimentaires\\\/217968\\\/#primaryimage\"},\"image\":{\"@id\":\"https:\\\/\\\/www.webdo.tn\\\/fr\\\/actualite\\\/national\\\/tunisie-bientot-une-loi-sur-les-complements-alimentaires\\\/217968\\\/#primaryimage\"},\"thumbnailUrl\":\"https:\\\/\\\/www.webdo.tn\\\/fr\\\/wp-content\\\/uploads\\\/2025\\\/05\\\/a1f1a935fc9a1d9a64496a1558eafc1c-2.webp\",\"datePublished\":\"2024-11-29T07:45:00+00:00\",\"dateModified\":\"2025-05-20T22:21:23+00:00\",\"description\":\"Elle a pr\u00e9cis\u00e9 que l\u2019\u00e9laboration de cette loi est presque achev\u00e9e et qu\u2019elle verra bient\u00f4t le jour, selon ses propos.\",\"breadcrumb\":{\"@id\":\"https:\\\/\\\/www.webdo.tn\\\/fr\\\/actualite\\\/national\\\/tunisie-bientot-une-loi-sur-les-complements-alimentaires\\\/217968\\\/#breadcrumb\"},\"inLanguage\":\"fr-FR\",\"potentialAction\":[{\"@type\":\"ReadAction\",\"target\":[\"https:\\\/\\\/www.webdo.tn\\\/fr\\\/actualite\\\/national\\\/tunisie-bientot-une-loi-sur-les-complements-alimentaires\\\/217968\\\/\"]}]},{\"@type\":\"ImageObject\",\"inLanguage\":\"fr-FR\",\"@id\":\"https:\\\/\\\/www.webdo.tn\\\/fr\\\/actualite\\\/national\\\/tunisie-bientot-une-loi-sur-les-complements-alimentaires\\\/217968\\\/#primaryimage\",\"url\":\"https:\\\/\\\/www.webdo.tn\\\/fr\\\/wp-content\\\/uploads\\\/2025\\\/05\\\/a1f1a935fc9a1d9a64496a1558eafc1c-2.webp\",\"contentUrl\":\"https:\\\/\\\/www.webdo.tn\\\/fr\\\/wp-content\\\/uploads\\\/2025\\\/05\\\/a1f1a935fc9a1d9a64496a1558eafc1c-2.webp\",\"width\":750,\"height\":400},{\"@type\":\"BreadcrumbList\",\"@id\":\"https:\\\/\\\/www.webdo.tn\\\/fr\\\/actualite\\\/national\\\/tunisie-bientot-une-loi-sur-les-complements-alimentaires\\\/217968\\\/#breadcrumb\",\"itemListElement\":[{\"@type\":\"ListItem\",\"position\":1,\"name\":\"Accueil\",\"item\":\"https:\\\/\\\/www.webdo.tn\\\/fr\\\/\"},{\"@type\":\"ListItem\",\"position\":2,\"name\":\"Tunisie : Bient\u00f4t, une loi sur les compl\u00e9ments alimentaires\"}]},{\"@type\":\"WebSite\",\"@id\":\"https:\\\/\\\/www.webdo.tn\\\/fr\\\/#website\",\"url\":\"https:\\\/\\\/www.webdo.tn\\\/fr\\\/\",\"name\":\"webdo\",\"description\":\"Tunisie - News en Tunisie et \u00e0 l&#039;international sur Webdo.tn\",\"publisher\":{\"@id\":\"https:\\\/\\\/www.webdo.tn\\\/fr\\\/#organization\"},\"potentialAction\":[{\"@type\":\"SearchAction\",\"target\":{\"@type\":\"EntryPoint\",\"urlTemplate\":\"https:\\\/\\\/www.webdo.tn\\\/fr\\\/?s={search_term_string}\"},\"query-input\":{\"@type\":\"PropertyValueSpecification\",\"valueRequired\":true,\"valueName\":\"search_term_string\"}}],\"inLanguage\":\"fr-FR\"},{\"@type\":\"Organization\",\"@id\":\"https:\\\/\\\/www.webdo.tn\\\/fr\\\/#organization\",\"name\":\"Webdo\",\"alternateName\":\"Webdo.tn\",\"url\":\"https:\\\/\\\/www.webdo.tn\\\/fr\\\/\",\"logo\":{\"@type\":\"ImageObject\",\"inLanguage\":\"fr-FR\",\"@id\":\"https:\\\/\\\/www.webdo.tn\\\/fr\\\/#\\\/schema\\\/logo\\\/image\\\/\",\"url\":\"https:\\\/\\\/www.webdo.tn\\\/fr\\\/wp-content\\\/uploads\\\/2025\\\/06\\\/Webdo-Tunisie_168377.jpg\",\"contentUrl\":\"https:\\\/\\\/www.webdo.tn\\\/fr\\\/wp-content\\\/uploads\\\/2025\\\/06\\\/Webdo-Tunisie_168377.jpg\",\"width\":301,\"height\":301,\"caption\":\"Webdo\"},\"image\":{\"@id\":\"https:\\\/\\\/www.webdo.tn\\\/fr\\\/#\\\/schema\\\/logo\\\/image\\\/\"},\"sameAs\":[\"https:\\\/\\\/www.facebook.com\\\/webdotn\",\"https:\\\/\\\/x.com\\\/webdo_tn\"],\"description\":\"Webdo est un m\u00e9dia num\u00e9rique tunisien fond\u00e9 en 2010, sp\u00e9cialis\u00e9 dans l\u2019actualit\u00e9 nationale et internationale, l\u2019\u00e9conomie, la soci\u00e9t\u00e9 et les analyses politiques. Le site s\u2019adresse \u00e0 un large public francophone et couvre l\u2019information tunisienne en temps r\u00e9el.\",\"email\":\"redac@webdo.tn\",\"legalName\":\"YNJ SARL\",\"foundingDate\":\"2010-09-06\",\"numberOfEmployees\":{\"@type\":\"QuantitativeValue\",\"minValue\":\"11\",\"maxValue\":\"50\"}},{\"@type\":\"Person\",\"@id\":\"https:\\\/\\\/www.webdo.tn\\\/fr\\\/#\\\/schema\\\/person\\\/82ca085b22037d285e1a3c4b65ba5f71\",\"name\":\"KJ\",\"image\":{\"@type\":\"ImageObject\",\"inLanguage\":\"fr-FR\",\"@id\":\"https:\\\/\\\/secure.gravatar.com\\\/avatar\\\/1a1320de1c1971c893f00068f760b4113d69504aa21273da17ee95650c5944fd?s=96&d=mm&r=g\",\"url\":\"https:\\\/\\\/secure.gravatar.com\\\/avatar\\\/1a1320de1c1971c893f00068f760b4113d69504aa21273da17ee95650c5944fd?s=96&d=mm&r=g\",\"contentUrl\":\"https:\\\/\\\/secure.gravatar.com\\\/avatar\\\/1a1320de1c1971c893f00068f760b4113d69504aa21273da17ee95650c5944fd?s=96&d=mm&r=g\",\"caption\":\"KJ\"},\"url\":\"https:\\\/\\\/www.webdo.tn\\\/fr\\\/actualite\\\/author\\\/kj\\\/\"}]}<\/script>\n<!-- \/ Yoast SEO Premium plugin. -->","yoast_head_json":{"title":"Tunisie : Bient\u00f4t, une loi sur les compl\u00e9ments alimentaires","description":"Elle a pr\u00e9cis\u00e9 que l\u2019\u00e9laboration de cette loi est presque achev\u00e9e et qu\u2019elle verra bient\u00f4t le jour, selon ses propos.","canonical":"https:\/\/www.webdo.tn\/fr\/actualite\/national\/tunisie-bientot-une-loi-sur-les-complements-alimentaires\/217968\/","og_locale":"fr_FR","og_type":"article","og_title":"Tunisie : Bient\u00f4t, une loi sur les compl\u00e9ments alimentaires","og_description":"Elle a pr\u00e9cis\u00e9 que l\u2019\u00e9laboration de cette loi est presque achev\u00e9e et qu\u2019elle verra bient\u00f4t le jour, selon ses propos.","og_url":"https:\/\/www.webdo.tn\/fr\/actualite\/national\/tunisie-bientot-une-loi-sur-les-complements-alimentaires\/217968\/","og_site_name":"webdo","article_publisher":"https:\/\/www.facebook.com\/webdotn","article_published_time":"2024-11-29T07:45:00+00:00","article_modified_time":"2025-05-20T22:21:23+00:00","og_image":[{"width":750,"height":400,"url":"https:\/\/www.webdo.tn\/fr\/wp-content\/uploads\/2025\/05\/a1f1a935fc9a1d9a64496a1558eafc1c-2.webp","type":"image\/webp"}],"author":"KJ","twitter_card":"summary_large_image","twitter_creator":"@webdo_tn","twitter_site":"@webdo_tn","twitter_misc":{"\u00c9crit par":"KJ","Dur\u00e9e de lecture estim\u00e9e":"1 minute"},"schema":{"@context":"https:\/\/schema.org","@graph":[{"@type":"NewsArticle","@id":"https:\/\/www.webdo.tn\/fr\/actualite\/national\/tunisie-bientot-une-loi-sur-les-complements-alimentaires\/217968\/#article","isPartOf":{"@id":"https:\/\/www.webdo.tn\/fr\/actualite\/national\/tunisie-bientot-une-loi-sur-les-complements-alimentaires\/217968\/"},"author":{"name":"KJ","@id":"https:\/\/www.webdo.tn\/fr\/#\/schema\/person\/82ca085b22037d285e1a3c4b65ba5f71"},"headline":"Tunisie : Bient\u00f4t, une loi sur les compl\u00e9ments alimentaires","datePublished":"2024-11-29T07:45:00+00:00","dateModified":"2025-05-20T22:21:23+00:00","mainEntityOfPage":{"@id":"https:\/\/www.webdo.tn\/fr\/actualite\/national\/tunisie-bientot-une-loi-sur-les-complements-alimentaires\/217968\/"},"wordCount":308,"commentCount":0,"publisher":{"@id":"https:\/\/www.webdo.tn\/fr\/#organization"},"image":{"@id":"https:\/\/www.webdo.tn\/fr\/actualite\/national\/tunisie-bientot-une-loi-sur-les-complements-alimentaires\/217968\/#primaryimage"},"thumbnailUrl":"https:\/\/www.webdo.tn\/fr\/wp-content\/uploads\/2025\/05\/a1f1a935fc9a1d9a64496a1558eafc1c-2.webp","keywords":["compl\u00e9ment alimentaire","loi","Tunisie"],"articleSection":["National"],"inLanguage":"fr-FR"},{"@type":"WebPage","@id":"https:\/\/www.webdo.tn\/fr\/actualite\/national\/tunisie-bientot-une-loi-sur-les-complements-alimentaires\/217968\/","url":"https:\/\/www.webdo.tn\/fr\/actualite\/national\/tunisie-bientot-une-loi-sur-les-complements-alimentaires\/217968\/","name":"Tunisie : Bient\u00f4t, une loi sur les compl\u00e9ments alimentaires","isPartOf":{"@id":"https:\/\/www.webdo.tn\/fr\/#website"},"primaryImageOfPage":{"@id":"https:\/\/www.webdo.tn\/fr\/actualite\/national\/tunisie-bientot-une-loi-sur-les-complements-alimentaires\/217968\/#primaryimage"},"image":{"@id":"https:\/\/www.webdo.tn\/fr\/actualite\/national\/tunisie-bientot-une-loi-sur-les-complements-alimentaires\/217968\/#primaryimage"},"thumbnailUrl":"https:\/\/www.webdo.tn\/fr\/wp-content\/uploads\/2025\/05\/a1f1a935fc9a1d9a64496a1558eafc1c-2.webp","datePublished":"2024-11-29T07:45:00+00:00","dateModified":"2025-05-20T22:21:23+00:00","description":"Elle a pr\u00e9cis\u00e9 que l\u2019\u00e9laboration de cette loi est presque achev\u00e9e et qu\u2019elle verra bient\u00f4t le jour, selon ses propos.","breadcrumb":{"@id":"https:\/\/www.webdo.tn\/fr\/actualite\/national\/tunisie-bientot-une-loi-sur-les-complements-alimentaires\/217968\/#breadcrumb"},"inLanguage":"fr-FR","potentialAction":[{"@type":"ReadAction","target":["https:\/\/www.webdo.tn\/fr\/actualite\/national\/tunisie-bientot-une-loi-sur-les-complements-alimentaires\/217968\/"]}]},{"@type":"ImageObject","inLanguage":"fr-FR","@id":"https:\/\/www.webdo.tn\/fr\/actualite\/national\/tunisie-bientot-une-loi-sur-les-complements-alimentaires\/217968\/#primaryimage","url":"https:\/\/www.webdo.tn\/fr\/wp-content\/uploads\/2025\/05\/a1f1a935fc9a1d9a64496a1558eafc1c-2.webp","contentUrl":"https:\/\/www.webdo.tn\/fr\/wp-content\/uploads\/2025\/05\/a1f1a935fc9a1d9a64496a1558eafc1c-2.webp","width":750,"height":400},{"@type":"BreadcrumbList","@id":"https:\/\/www.webdo.tn\/fr\/actualite\/national\/tunisie-bientot-une-loi-sur-les-complements-alimentaires\/217968\/#breadcrumb","itemListElement":[{"@type":"ListItem","position":1,"name":"Accueil","item":"https:\/\/www.webdo.tn\/fr\/"},{"@type":"ListItem","position":2,"name":"Tunisie : Bient\u00f4t, une loi sur les compl\u00e9ments alimentaires"}]},{"@type":"WebSite","@id":"https:\/\/www.webdo.tn\/fr\/#website","url":"https:\/\/www.webdo.tn\/fr\/","name":"webdo","description":"Tunisie - News en Tunisie et \u00e0 l&#039;international sur Webdo.tn","publisher":{"@id":"https:\/\/www.webdo.tn\/fr\/#organization"},"potentialAction":[{"@type":"SearchAction","target":{"@type":"EntryPoint","urlTemplate":"https:\/\/www.webdo.tn\/fr\/?s={search_term_string}"},"query-input":{"@type":"PropertyValueSpecification","valueRequired":true,"valueName":"search_term_string"}}],"inLanguage":"fr-FR"},{"@type":"Organization","@id":"https:\/\/www.webdo.tn\/fr\/#organization","name":"Webdo","alternateName":"Webdo.tn","url":"https:\/\/www.webdo.tn\/fr\/","logo":{"@type":"ImageObject","inLanguage":"fr-FR","@id":"https:\/\/www.webdo.tn\/fr\/#\/schema\/logo\/image\/","url":"https:\/\/www.webdo.tn\/fr\/wp-content\/uploads\/2025\/06\/Webdo-Tunisie_168377.jpg","contentUrl":"https:\/\/www.webdo.tn\/fr\/wp-content\/uploads\/2025\/06\/Webdo-Tunisie_168377.jpg","width":301,"height":301,"caption":"Webdo"},"image":{"@id":"https:\/\/www.webdo.tn\/fr\/#\/schema\/logo\/image\/"},"sameAs":["https:\/\/www.facebook.com\/webdotn","https:\/\/x.com\/webdo_tn"],"description":"Webdo est un m\u00e9dia num\u00e9rique tunisien fond\u00e9 en 2010, sp\u00e9cialis\u00e9 dans l\u2019actualit\u00e9 nationale et internationale, l\u2019\u00e9conomie, la soci\u00e9t\u00e9 et les analyses politiques. Le site s\u2019adresse \u00e0 un large public francophone et couvre l\u2019information tunisienne en temps r\u00e9el.","email":"redac@webdo.tn","legalName":"YNJ SARL","foundingDate":"2010-09-06","numberOfEmployees":{"@type":"QuantitativeValue","minValue":"11","maxValue":"50"}},{"@type":"Person","@id":"https:\/\/www.webdo.tn\/fr\/#\/schema\/person\/82ca085b22037d285e1a3c4b65ba5f71","name":"KJ","image":{"@type":"ImageObject","inLanguage":"fr-FR","@id":"https:\/\/secure.gravatar.com\/avatar\/1a1320de1c1971c893f00068f760b4113d69504aa21273da17ee95650c5944fd?s=96&d=mm&r=g","url":"https:\/\/secure.gravatar.com\/avatar\/1a1320de1c1971c893f00068f760b4113d69504aa21273da17ee95650c5944fd?s=96&d=mm&r=g","contentUrl":"https:\/\/secure.gravatar.com\/avatar\/1a1320de1c1971c893f00068f760b4113d69504aa21273da17ee95650c5944fd?s=96&d=mm&r=g","caption":"KJ"},"url":"https:\/\/www.webdo.tn\/fr\/actualite\/author\/kj\/"}]}},"_links":{"self":[{"href":"https:\/\/www.webdo.tn\/fr\/wp-json\/wp\/v2\/posts\/217968","targetHints":{"allow":["GET"]}}],"collection":[{"href":"https:\/\/www.webdo.tn\/fr\/wp-json\/wp\/v2\/posts"}],"about":[{"href":"https:\/\/www.webdo.tn\/fr\/wp-json\/wp\/v2\/types\/post"}],"author":[{"embeddable":true,"href":"https:\/\/www.webdo.tn\/fr\/wp-json\/wp\/v2\/users\/3163"}],"replies":[{"embeddable":true,"href":"https:\/\/www.webdo.tn\/fr\/wp-json\/wp\/v2\/comments?post=217968"}],"version-history":[{"count":0,"href":"https:\/\/www.webdo.tn\/fr\/wp-json\/wp\/v2\/posts\/217968\/revisions"}],"wp:featuredmedia":[{"embeddable":true,"href":"https:\/\/www.webdo.tn\/fr\/wp-json\/wp\/v2\/media\/243748"}],"wp:attachment":[{"href":"https:\/\/www.webdo.tn\/fr\/wp-json\/wp\/v2\/media?parent=217968"}],"wp:term":[{"taxonomy":"category","embeddable":true,"href":"https:\/\/www.webdo.tn\/fr\/wp-json\/wp\/v2\/categories?post=217968"},{"taxonomy":"post_tag","embeddable":true,"href":"https:\/\/www.webdo.tn\/fr\/wp-json\/wp\/v2\/tags?post=217968"}],"curies":[{"name":"wp","href":"https:\/\/api.w.org\/{rel}","templated":true}]}}