{"id":217967,"date":"2024-11-29T07:29:00","date_gmt":"2024-11-29T07:29:00","guid":{"rendered":"https:\/\/www.webdo.tn\/fr\/blog\/2024\/11\/29\/tunisie-kais-saied-appelle-a-des-mesures-urgentes-au-profit-de-la-saison-oleicole\/"},"modified":"2025-05-20T22:21:23","modified_gmt":"2025-05-20T22:21:23","slug":"tunisie-kais-saied-appelle-a-des-mesures-urgentes-au-profit-de-la-saison-oleicole","status":"publish","type":"post","link":"https:\/\/www.webdo.tn\/fr\/actualite\/national\/tunisie-kais-saied-appelle-a-des-mesures-urgentes-au-profit-de-la-saison-oleicole\/217967\/","title":{"rendered":"Tunisie : Kais Saied appelle \u00e0 des mesures urgentes au profit de la saison ol\u00e9icole"},"content":{"rendered":"<p>Le pr\u00e9sident de la R\u00e9publique, Ka\u00efs Sa\u00efed, a pr\u00e9sid\u00e9 hier, jeudi 28 novembre 2024, au palais de Carthage, une s\u00e9ance de travail en pr\u00e9sence de Kamel Madouri, chef du gouvernement, Ezzeddine Ben Cheikh, ministre de l\u2019Agriculture, des Ressources hydrauliques et de la P\u00eache, Hamed Dali, PDG de l\u2019Office national de l\u2019huile, et Nabil Zarrouk, directeur g\u00e9n\u00e9ral adjoint de l\u2019Office des c\u00e9r\u00e9ales.<\/p>\n<p>Le pr\u00e9sident de la R\u00e9publique a soulign\u00e9 la n\u00e9cessit\u00e9 de prendre une s\u00e9rie de mesures urgentes visant \u00e0 s\u00e9curiser la saison de r\u00e9colte des olives tout en garantissant les droits des agriculteurs, ainsi que des mesures pour assurer la disponibilit\u00e9 des semences dans les meilleures conditions.<\/p>\n<p>Il a \u00e9galement appel\u00e9 \u00e0 l\u2019\u00e9laboration d\u2019un plan strat\u00e9gique clair bas\u00e9 sur une anticipation des besoins futurs, afin de se pr\u00e9parer \u00e0 toute \u00e9ventualit\u00e9.<\/p>\n<p>D\u2019autre part, le pr\u00e9sident a insist\u00e9 sur le caract\u00e8re anormal des tentatives de d\u00e9stabilisation observ\u00e9es ces derniers jours, affirmant que l\u2019\u00c9tat ne restera pas les bras crois\u00e9s face \u00e0 ceux qui croient pouvoir semer le d\u00e9sordre dans quelque domaine que ce soit.<\/p>\n<p>Le chef de l\u2019\u00c9tat a \u00e9galement donn\u00e9 ses instructions pour que l\u2019Office national de l\u2019huile et l\u2019Office des c\u00e9r\u00e9ales, cr\u00e9\u00e9s au d\u00e9but des ann\u00e9es 1960, retrouvent pleinement leurs r\u00f4les initiaux pour atteindre les objectifs pour lesquels ils ont \u00e9t\u00e9 institu\u00e9s. Il a rappel\u00e9, \u00e0 ce propos, que la capacit\u00e9 de stockage de l\u2019Office national de l\u2019huile \u00e9tait autrefois bien sup\u00e9rieure, atteignant jusqu\u2019en 1990 environ 250 000 tonnes, contre seulement 80 000 tonnes aujourd\u2019hui. De m\u00eame, l\u2019Office des c\u00e9r\u00e9ales fournissait auparavant aux agriculteurs des quantit\u00e9s suffisantes de semences tunisiennes.<\/p>\n","protected":false},"excerpt":{"rendered":"<p>Le pr\u00e9sident de la R\u00e9publique, Ka\u00efs Sa\u00efed, a pr\u00e9sid\u00e9 hier, jeudi 28 novembre 2024, au palais de Carthage, une s\u00e9ance de travail en pr\u00e9sence de Kamel Madouri, ch&#8230;<\/p>\n","protected":false},"author":3163,"featured_media":243746,"comment_status":"open","ping_status":"open","sticky":false,"template":"","format":"standard","meta":{"footnotes":""},"categories":[44],"tags":[2874,2614,3110,2608],"class_list":["post-217967","post","type-post","status-publish","format-standard","has-post-thumbnail","hentry","category-national","tag-huile-dolive","tag-kais-saied","tag-mesures","tag-tunisie"],"yoast_head":"<!-- This site is optimized with the Yoast SEO Premium plugin v27.5 (Yoast SEO v27.5) - https:\/\/yoast.com\/product\/yoast-seo-premium-wordpress\/ -->\n<title>Tunisie : Kais Saied appelle \u00e0 des mesures urgentes au profit de la saison ol\u00e9icole<\/title>\n<meta name=\"description\" content=\"Le pr\u00e9sident de la R\u00e9publique, Ka\u00efs Sa\u00efed, a pr\u00e9sid\u00e9 hier, jeudi 28 novembre 2024, au palais de Carthage, une s\u00e9ance de travail en pr\u00e9sence de Kamel Madouri, ch...\" \/>\n<link rel=\"canonical\" href=\"https:\/\/www.webdo.tn\/fr\/actualite\/national\/tunisie-kais-saied-appelle-a-des-mesures-urgentes-au-profit-de-la-saison-oleicole\/217967\/\" \/>\n<meta property=\"og:locale\" content=\"fr_FR\" \/>\n<meta property=\"og:type\" content=\"article\" \/>\n<meta property=\"og:title\" content=\"Tunisie : Kais Saied appelle \u00e0 des mesures urgentes au profit de la saison ol\u00e9icole\" \/>\n<meta property=\"og:description\" content=\"Le pr\u00e9sident de la R\u00e9publique, Ka\u00efs Sa\u00efed, a pr\u00e9sid\u00e9 hier, jeudi 28 novembre 2024, au palais de Carthage, une s\u00e9ance de travail en pr\u00e9sence de Kamel Madouri, ch...\" \/>\n<meta property=\"og:url\" content=\"https:\/\/www.webdo.tn\/fr\/actualite\/national\/tunisie-kais-saied-appelle-a-des-mesures-urgentes-au-profit-de-la-saison-oleicole\/217967\/\" \/>\n<meta property=\"og:site_name\" content=\"webdo\" \/>\n<meta property=\"article:publisher\" content=\"https:\/\/www.facebook.com\/webdotn\" \/>\n<meta property=\"article:published_time\" content=\"2024-11-29T07:29:00+00:00\" \/>\n<meta property=\"article:modified_time\" content=\"2025-05-20T22:21:23+00:00\" \/>\n<meta property=\"og:image\" content=\"https:\/\/www.webdo.tn\/fr\/wp-content\/uploads\/2025\/05\/83e8dac6b4c50359707c7b3a89a997c5-2.webp\" \/>\n\t<meta property=\"og:image:width\" content=\"750\" \/>\n\t<meta property=\"og:image:height\" content=\"400\" \/>\n\t<meta property=\"og:image:type\" content=\"image\/webp\" \/>\n<meta name=\"author\" content=\"KJ\" \/>\n<meta name=\"twitter:card\" content=\"summary_large_image\" \/>\n<meta name=\"twitter:creator\" content=\"@webdo_tn\" \/>\n<meta name=\"twitter:site\" content=\"@webdo_tn\" \/>\n<meta name=\"twitter:label1\" content=\"\u00c9crit par\" \/>\n\t<meta name=\"twitter:data1\" content=\"KJ\" \/>\n\t<meta name=\"twitter:label2\" content=\"Dur\u00e9e de lecture estim\u00e9e\" \/>\n\t<meta name=\"twitter:data2\" content=\"2 minutes\" \/>\n<script type=\"application\/ld+json\" class=\"yoast-schema-graph\">{\"@context\":\"https:\\\/\\\/schema.org\",\"@graph\":[{\"@type\":\"NewsArticle\",\"@id\":\"https:\\\/\\\/www.webdo.tn\\\/fr\\\/actualite\\\/national\\\/tunisie-kais-saied-appelle-a-des-mesures-urgentes-au-profit-de-la-saison-oleicole\\\/217967\\\/#article\",\"isPartOf\":{\"@id\":\"https:\\\/\\\/www.webdo.tn\\\/fr\\\/actualite\\\/national\\\/tunisie-kais-saied-appelle-a-des-mesures-urgentes-au-profit-de-la-saison-oleicole\\\/217967\\\/\"},\"author\":{\"name\":\"KJ\",\"@id\":\"https:\\\/\\\/www.webdo.tn\\\/fr\\\/#\\\/schema\\\/person\\\/82ca085b22037d285e1a3c4b65ba5f71\"},\"headline\":\"Tunisie : Kais Saied appelle \u00e0 des mesures urgentes au profit de la saison ol\u00e9icole\",\"datePublished\":\"2024-11-29T07:29:00+00:00\",\"dateModified\":\"2025-05-20T22:21:23+00:00\",\"mainEntityOfPage\":{\"@id\":\"https:\\\/\\\/www.webdo.tn\\\/fr\\\/actualite\\\/national\\\/tunisie-kais-saied-appelle-a-des-mesures-urgentes-au-profit-de-la-saison-oleicole\\\/217967\\\/\"},\"wordCount\":317,\"commentCount\":0,\"publisher\":{\"@id\":\"https:\\\/\\\/www.webdo.tn\\\/fr\\\/#organization\"},\"image\":{\"@id\":\"https:\\\/\\\/www.webdo.tn\\\/fr\\\/actualite\\\/national\\\/tunisie-kais-saied-appelle-a-des-mesures-urgentes-au-profit-de-la-saison-oleicole\\\/217967\\\/#primaryimage\"},\"thumbnailUrl\":\"https:\\\/\\\/www.webdo.tn\\\/fr\\\/wp-content\\\/uploads\\\/2025\\\/05\\\/83e8dac6b4c50359707c7b3a89a997c5-2.webp\",\"keywords\":[\"Huile d'olive\",\"Kais Saied\",\"Mesures\",\"Tunisie\"],\"articleSection\":[\"National\"],\"inLanguage\":\"fr-FR\"},{\"@type\":\"WebPage\",\"@id\":\"https:\\\/\\\/www.webdo.tn\\\/fr\\\/actualite\\\/national\\\/tunisie-kais-saied-appelle-a-des-mesures-urgentes-au-profit-de-la-saison-oleicole\\\/217967\\\/\",\"url\":\"https:\\\/\\\/www.webdo.tn\\\/fr\\\/actualite\\\/national\\\/tunisie-kais-saied-appelle-a-des-mesures-urgentes-au-profit-de-la-saison-oleicole\\\/217967\\\/\",\"name\":\"Tunisie : Kais Saied appelle \u00e0 des mesures urgentes au profit de la saison ol\u00e9icole\",\"isPartOf\":{\"@id\":\"https:\\\/\\\/www.webdo.tn\\\/fr\\\/#website\"},\"primaryImageOfPage\":{\"@id\":\"https:\\\/\\\/www.webdo.tn\\\/fr\\\/actualite\\\/national\\\/tunisie-kais-saied-appelle-a-des-mesures-urgentes-au-profit-de-la-saison-oleicole\\\/217967\\\/#primaryimage\"},\"image\":{\"@id\":\"https:\\\/\\\/www.webdo.tn\\\/fr\\\/actualite\\\/national\\\/tunisie-kais-saied-appelle-a-des-mesures-urgentes-au-profit-de-la-saison-oleicole\\\/217967\\\/#primaryimage\"},\"thumbnailUrl\":\"https:\\\/\\\/www.webdo.tn\\\/fr\\\/wp-content\\\/uploads\\\/2025\\\/05\\\/83e8dac6b4c50359707c7b3a89a997c5-2.webp\",\"datePublished\":\"2024-11-29T07:29:00+00:00\",\"dateModified\":\"2025-05-20T22:21:23+00:00\",\"description\":\"Le pr\u00e9sident de la R\u00e9publique, Ka\u00efs Sa\u00efed, a pr\u00e9sid\u00e9 hier, jeudi 28 novembre 2024, au palais de Carthage, une s\u00e9ance de travail en pr\u00e9sence de Kamel Madouri, ch...\",\"breadcrumb\":{\"@id\":\"https:\\\/\\\/www.webdo.tn\\\/fr\\\/actualite\\\/national\\\/tunisie-kais-saied-appelle-a-des-mesures-urgentes-au-profit-de-la-saison-oleicole\\\/217967\\\/#breadcrumb\"},\"inLanguage\":\"fr-FR\",\"potentialAction\":[{\"@type\":\"ReadAction\",\"target\":[\"https:\\\/\\\/www.webdo.tn\\\/fr\\\/actualite\\\/national\\\/tunisie-kais-saied-appelle-a-des-mesures-urgentes-au-profit-de-la-saison-oleicole\\\/217967\\\/\"]}]},{\"@type\":\"ImageObject\",\"inLanguage\":\"fr-FR\",\"@id\":\"https:\\\/\\\/www.webdo.tn\\\/fr\\\/actualite\\\/national\\\/tunisie-kais-saied-appelle-a-des-mesures-urgentes-au-profit-de-la-saison-oleicole\\\/217967\\\/#primaryimage\",\"url\":\"https:\\\/\\\/www.webdo.tn\\\/fr\\\/wp-content\\\/uploads\\\/2025\\\/05\\\/83e8dac6b4c50359707c7b3a89a997c5-2.webp\",\"contentUrl\":\"https:\\\/\\\/www.webdo.tn\\\/fr\\\/wp-content\\\/uploads\\\/2025\\\/05\\\/83e8dac6b4c50359707c7b3a89a997c5-2.webp\",\"width\":750,\"height\":400},{\"@type\":\"BreadcrumbList\",\"@id\":\"https:\\\/\\\/www.webdo.tn\\\/fr\\\/actualite\\\/national\\\/tunisie-kais-saied-appelle-a-des-mesures-urgentes-au-profit-de-la-saison-oleicole\\\/217967\\\/#breadcrumb\",\"itemListElement\":[{\"@type\":\"ListItem\",\"position\":1,\"name\":\"Accueil\",\"item\":\"https:\\\/\\\/www.webdo.tn\\\/fr\\\/\"},{\"@type\":\"ListItem\",\"position\":2,\"name\":\"Tunisie : Kais Saied appelle \u00e0 des mesures urgentes au profit de la saison ol\u00e9icole\"}]},{\"@type\":\"WebSite\",\"@id\":\"https:\\\/\\\/www.webdo.tn\\\/fr\\\/#website\",\"url\":\"https:\\\/\\\/www.webdo.tn\\\/fr\\\/\",\"name\":\"webdo\",\"description\":\"Tunisie - News en Tunisie et \u00e0 l&#039;international sur Webdo.tn\",\"publisher\":{\"@id\":\"https:\\\/\\\/www.webdo.tn\\\/fr\\\/#organization\"},\"potentialAction\":[{\"@type\":\"SearchAction\",\"target\":{\"@type\":\"EntryPoint\",\"urlTemplate\":\"https:\\\/\\\/www.webdo.tn\\\/fr\\\/?s={search_term_string}\"},\"query-input\":{\"@type\":\"PropertyValueSpecification\",\"valueRequired\":true,\"valueName\":\"search_term_string\"}}],\"inLanguage\":\"fr-FR\"},{\"@type\":\"Organization\",\"@id\":\"https:\\\/\\\/www.webdo.tn\\\/fr\\\/#organization\",\"name\":\"Webdo\",\"alternateName\":\"Webdo.tn\",\"url\":\"https:\\\/\\\/www.webdo.tn\\\/fr\\\/\",\"logo\":{\"@type\":\"ImageObject\",\"inLanguage\":\"fr-FR\",\"@id\":\"https:\\\/\\\/www.webdo.tn\\\/fr\\\/#\\\/schema\\\/logo\\\/image\\\/\",\"url\":\"https:\\\/\\\/www.webdo.tn\\\/fr\\\/wp-content\\\/uploads\\\/2025\\\/06\\\/Webdo-Tunisie_168377.jpg\",\"contentUrl\":\"https:\\\/\\\/www.webdo.tn\\\/fr\\\/wp-content\\\/uploads\\\/2025\\\/06\\\/Webdo-Tunisie_168377.jpg\",\"width\":301,\"height\":301,\"caption\":\"Webdo\"},\"image\":{\"@id\":\"https:\\\/\\\/www.webdo.tn\\\/fr\\\/#\\\/schema\\\/logo\\\/image\\\/\"},\"sameAs\":[\"https:\\\/\\\/www.facebook.com\\\/webdotn\",\"https:\\\/\\\/x.com\\\/webdo_tn\"],\"description\":\"Webdo est un m\u00e9dia num\u00e9rique tunisien fond\u00e9 en 2010, sp\u00e9cialis\u00e9 dans l\u2019actualit\u00e9 nationale et internationale, l\u2019\u00e9conomie, la soci\u00e9t\u00e9 et les analyses politiques. Le site s\u2019adresse \u00e0 un large public francophone et couvre l\u2019information tunisienne en temps r\u00e9el.\",\"email\":\"redac@webdo.tn\",\"legalName\":\"YNJ SARL\",\"foundingDate\":\"2010-09-06\",\"numberOfEmployees\":{\"@type\":\"QuantitativeValue\",\"minValue\":\"11\",\"maxValue\":\"50\"}},{\"@type\":\"Person\",\"@id\":\"https:\\\/\\\/www.webdo.tn\\\/fr\\\/#\\\/schema\\\/person\\\/82ca085b22037d285e1a3c4b65ba5f71\",\"name\":\"KJ\",\"image\":{\"@type\":\"ImageObject\",\"inLanguage\":\"fr-FR\",\"@id\":\"https:\\\/\\\/secure.gravatar.com\\\/avatar\\\/1a1320de1c1971c893f00068f760b4113d69504aa21273da17ee95650c5944fd?s=96&d=mm&r=g\",\"url\":\"https:\\\/\\\/secure.gravatar.com\\\/avatar\\\/1a1320de1c1971c893f00068f760b4113d69504aa21273da17ee95650c5944fd?s=96&d=mm&r=g\",\"contentUrl\":\"https:\\\/\\\/secure.gravatar.com\\\/avatar\\\/1a1320de1c1971c893f00068f760b4113d69504aa21273da17ee95650c5944fd?s=96&d=mm&r=g\",\"caption\":\"KJ\"},\"url\":\"https:\\\/\\\/www.webdo.tn\\\/fr\\\/actualite\\\/author\\\/kj\\\/\"}]}<\/script>\n<!-- \/ Yoast SEO Premium plugin. -->","yoast_head_json":{"title":"Tunisie : Kais Saied appelle \u00e0 des mesures urgentes au profit de la saison ol\u00e9icole","description":"Le pr\u00e9sident de la R\u00e9publique, Ka\u00efs Sa\u00efed, a pr\u00e9sid\u00e9 hier, jeudi 28 novembre 2024, au palais de Carthage, une s\u00e9ance de travail en pr\u00e9sence de Kamel Madouri, ch...","canonical":"https:\/\/www.webdo.tn\/fr\/actualite\/national\/tunisie-kais-saied-appelle-a-des-mesures-urgentes-au-profit-de-la-saison-oleicole\/217967\/","og_locale":"fr_FR","og_type":"article","og_title":"Tunisie : Kais Saied appelle \u00e0 des mesures urgentes au profit de la saison ol\u00e9icole","og_description":"Le pr\u00e9sident de la R\u00e9publique, Ka\u00efs Sa\u00efed, a pr\u00e9sid\u00e9 hier, jeudi 28 novembre 2024, au palais de Carthage, une s\u00e9ance de travail en pr\u00e9sence de Kamel Madouri, ch...","og_url":"https:\/\/www.webdo.tn\/fr\/actualite\/national\/tunisie-kais-saied-appelle-a-des-mesures-urgentes-au-profit-de-la-saison-oleicole\/217967\/","og_site_name":"webdo","article_publisher":"https:\/\/www.facebook.com\/webdotn","article_published_time":"2024-11-29T07:29:00+00:00","article_modified_time":"2025-05-20T22:21:23+00:00","og_image":[{"width":750,"height":400,"url":"https:\/\/www.webdo.tn\/fr\/wp-content\/uploads\/2025\/05\/83e8dac6b4c50359707c7b3a89a997c5-2.webp","type":"image\/webp"}],"author":"KJ","twitter_card":"summary_large_image","twitter_creator":"@webdo_tn","twitter_site":"@webdo_tn","twitter_misc":{"\u00c9crit par":"KJ","Dur\u00e9e de lecture estim\u00e9e":"2 minutes"},"schema":{"@context":"https:\/\/schema.org","@graph":[{"@type":"NewsArticle","@id":"https:\/\/www.webdo.tn\/fr\/actualite\/national\/tunisie-kais-saied-appelle-a-des-mesures-urgentes-au-profit-de-la-saison-oleicole\/217967\/#article","isPartOf":{"@id":"https:\/\/www.webdo.tn\/fr\/actualite\/national\/tunisie-kais-saied-appelle-a-des-mesures-urgentes-au-profit-de-la-saison-oleicole\/217967\/"},"author":{"name":"KJ","@id":"https:\/\/www.webdo.tn\/fr\/#\/schema\/person\/82ca085b22037d285e1a3c4b65ba5f71"},"headline":"Tunisie : Kais Saied appelle \u00e0 des mesures urgentes au profit de la saison ol\u00e9icole","datePublished":"2024-11-29T07:29:00+00:00","dateModified":"2025-05-20T22:21:23+00:00","mainEntityOfPage":{"@id":"https:\/\/www.webdo.tn\/fr\/actualite\/national\/tunisie-kais-saied-appelle-a-des-mesures-urgentes-au-profit-de-la-saison-oleicole\/217967\/"},"wordCount":317,"commentCount":0,"publisher":{"@id":"https:\/\/www.webdo.tn\/fr\/#organization"},"image":{"@id":"https:\/\/www.webdo.tn\/fr\/actualite\/national\/tunisie-kais-saied-appelle-a-des-mesures-urgentes-au-profit-de-la-saison-oleicole\/217967\/#primaryimage"},"thumbnailUrl":"https:\/\/www.webdo.tn\/fr\/wp-content\/uploads\/2025\/05\/83e8dac6b4c50359707c7b3a89a997c5-2.webp","keywords":["Huile d'olive","Kais Saied","Mesures","Tunisie"],"articleSection":["National"],"inLanguage":"fr-FR"},{"@type":"WebPage","@id":"https:\/\/www.webdo.tn\/fr\/actualite\/national\/tunisie-kais-saied-appelle-a-des-mesures-urgentes-au-profit-de-la-saison-oleicole\/217967\/","url":"https:\/\/www.webdo.tn\/fr\/actualite\/national\/tunisie-kais-saied-appelle-a-des-mesures-urgentes-au-profit-de-la-saison-oleicole\/217967\/","name":"Tunisie : Kais Saied appelle \u00e0 des mesures urgentes au profit de la saison ol\u00e9icole","isPartOf":{"@id":"https:\/\/www.webdo.tn\/fr\/#website"},"primaryImageOfPage":{"@id":"https:\/\/www.webdo.tn\/fr\/actualite\/national\/tunisie-kais-saied-appelle-a-des-mesures-urgentes-au-profit-de-la-saison-oleicole\/217967\/#primaryimage"},"image":{"@id":"https:\/\/www.webdo.tn\/fr\/actualite\/national\/tunisie-kais-saied-appelle-a-des-mesures-urgentes-au-profit-de-la-saison-oleicole\/217967\/#primaryimage"},"thumbnailUrl":"https:\/\/www.webdo.tn\/fr\/wp-content\/uploads\/2025\/05\/83e8dac6b4c50359707c7b3a89a997c5-2.webp","datePublished":"2024-11-29T07:29:00+00:00","dateModified":"2025-05-20T22:21:23+00:00","description":"Le pr\u00e9sident de la R\u00e9publique, Ka\u00efs Sa\u00efed, a pr\u00e9sid\u00e9 hier, jeudi 28 novembre 2024, au palais de Carthage, une s\u00e9ance de travail en pr\u00e9sence de Kamel Madouri, ch...","breadcrumb":{"@id":"https:\/\/www.webdo.tn\/fr\/actualite\/national\/tunisie-kais-saied-appelle-a-des-mesures-urgentes-au-profit-de-la-saison-oleicole\/217967\/#breadcrumb"},"inLanguage":"fr-FR","potentialAction":[{"@type":"ReadAction","target":["https:\/\/www.webdo.tn\/fr\/actualite\/national\/tunisie-kais-saied-appelle-a-des-mesures-urgentes-au-profit-de-la-saison-oleicole\/217967\/"]}]},{"@type":"ImageObject","inLanguage":"fr-FR","@id":"https:\/\/www.webdo.tn\/fr\/actualite\/national\/tunisie-kais-saied-appelle-a-des-mesures-urgentes-au-profit-de-la-saison-oleicole\/217967\/#primaryimage","url":"https:\/\/www.webdo.tn\/fr\/wp-content\/uploads\/2025\/05\/83e8dac6b4c50359707c7b3a89a997c5-2.webp","contentUrl":"https:\/\/www.webdo.tn\/fr\/wp-content\/uploads\/2025\/05\/83e8dac6b4c50359707c7b3a89a997c5-2.webp","width":750,"height":400},{"@type":"BreadcrumbList","@id":"https:\/\/www.webdo.tn\/fr\/actualite\/national\/tunisie-kais-saied-appelle-a-des-mesures-urgentes-au-profit-de-la-saison-oleicole\/217967\/#breadcrumb","itemListElement":[{"@type":"ListItem","position":1,"name":"Accueil","item":"https:\/\/www.webdo.tn\/fr\/"},{"@type":"ListItem","position":2,"name":"Tunisie : Kais Saied appelle \u00e0 des mesures urgentes au profit de la saison ol\u00e9icole"}]},{"@type":"WebSite","@id":"https:\/\/www.webdo.tn\/fr\/#website","url":"https:\/\/www.webdo.tn\/fr\/","name":"webdo","description":"Tunisie - News en Tunisie et \u00e0 l&#039;international sur Webdo.tn","publisher":{"@id":"https:\/\/www.webdo.tn\/fr\/#organization"},"potentialAction":[{"@type":"SearchAction","target":{"@type":"EntryPoint","urlTemplate":"https:\/\/www.webdo.tn\/fr\/?s={search_term_string}"},"query-input":{"@type":"PropertyValueSpecification","valueRequired":true,"valueName":"search_term_string"}}],"inLanguage":"fr-FR"},{"@type":"Organization","@id":"https:\/\/www.webdo.tn\/fr\/#organization","name":"Webdo","alternateName":"Webdo.tn","url":"https:\/\/www.webdo.tn\/fr\/","logo":{"@type":"ImageObject","inLanguage":"fr-FR","@id":"https:\/\/www.webdo.tn\/fr\/#\/schema\/logo\/image\/","url":"https:\/\/www.webdo.tn\/fr\/wp-content\/uploads\/2025\/06\/Webdo-Tunisie_168377.jpg","contentUrl":"https:\/\/www.webdo.tn\/fr\/wp-content\/uploads\/2025\/06\/Webdo-Tunisie_168377.jpg","width":301,"height":301,"caption":"Webdo"},"image":{"@id":"https:\/\/www.webdo.tn\/fr\/#\/schema\/logo\/image\/"},"sameAs":["https:\/\/www.facebook.com\/webdotn","https:\/\/x.com\/webdo_tn"],"description":"Webdo est un m\u00e9dia num\u00e9rique tunisien fond\u00e9 en 2010, sp\u00e9cialis\u00e9 dans l\u2019actualit\u00e9 nationale et internationale, l\u2019\u00e9conomie, la soci\u00e9t\u00e9 et les analyses politiques. Le site s\u2019adresse \u00e0 un large public francophone et couvre l\u2019information tunisienne en temps r\u00e9el.","email":"redac@webdo.tn","legalName":"YNJ SARL","foundingDate":"2010-09-06","numberOfEmployees":{"@type":"QuantitativeValue","minValue":"11","maxValue":"50"}},{"@type":"Person","@id":"https:\/\/www.webdo.tn\/fr\/#\/schema\/person\/82ca085b22037d285e1a3c4b65ba5f71","name":"KJ","image":{"@type":"ImageObject","inLanguage":"fr-FR","@id":"https:\/\/secure.gravatar.com\/avatar\/1a1320de1c1971c893f00068f760b4113d69504aa21273da17ee95650c5944fd?s=96&d=mm&r=g","url":"https:\/\/secure.gravatar.com\/avatar\/1a1320de1c1971c893f00068f760b4113d69504aa21273da17ee95650c5944fd?s=96&d=mm&r=g","contentUrl":"https:\/\/secure.gravatar.com\/avatar\/1a1320de1c1971c893f00068f760b4113d69504aa21273da17ee95650c5944fd?s=96&d=mm&r=g","caption":"KJ"},"url":"https:\/\/www.webdo.tn\/fr\/actualite\/author\/kj\/"}]}},"_links":{"self":[{"href":"https:\/\/www.webdo.tn\/fr\/wp-json\/wp\/v2\/posts\/217967","targetHints":{"allow":["GET"]}}],"collection":[{"href":"https:\/\/www.webdo.tn\/fr\/wp-json\/wp\/v2\/posts"}],"about":[{"href":"https:\/\/www.webdo.tn\/fr\/wp-json\/wp\/v2\/types\/post"}],"author":[{"embeddable":true,"href":"https:\/\/www.webdo.tn\/fr\/wp-json\/wp\/v2\/users\/3163"}],"replies":[{"embeddable":true,"href":"https:\/\/www.webdo.tn\/fr\/wp-json\/wp\/v2\/comments?post=217967"}],"version-history":[{"count":0,"href":"https:\/\/www.webdo.tn\/fr\/wp-json\/wp\/v2\/posts\/217967\/revisions"}],"wp:featuredmedia":[{"embeddable":true,"href":"https:\/\/www.webdo.tn\/fr\/wp-json\/wp\/v2\/media\/243746"}],"wp:attachment":[{"href":"https:\/\/www.webdo.tn\/fr\/wp-json\/wp\/v2\/media?parent=217967"}],"wp:term":[{"taxonomy":"category","embeddable":true,"href":"https:\/\/www.webdo.tn\/fr\/wp-json\/wp\/v2\/categories?post=217967"},{"taxonomy":"post_tag","embeddable":true,"href":"https:\/\/www.webdo.tn\/fr\/wp-json\/wp\/v2\/tags?post=217967"}],"curies":[{"name":"wp","href":"https:\/\/api.w.org\/{rel}","templated":true}]}}