{"id":217963,"date":"2024-11-28T19:46:00","date_gmt":"2024-11-28T19:46:00","guid":{"rendered":"https:\/\/www.webdo.tn\/fr\/blog\/2024\/11\/28\/infractions-et-abus-des-taxis-la-tunisie-lance-une-campagne-d-envergure\/"},"modified":"2025-05-20T22:21:22","modified_gmt":"2025-05-20T22:21:22","slug":"infractions-et-abus-des-taxis-la-tunisie-lance-une-campagne-d-envergure","status":"publish","type":"post","link":"https:\/\/www.webdo.tn\/fr\/actualite\/national\/infractions-et-abus-des-taxis-la-tunisie-lance-une-campagne-d-envergure\/217963\/","title":{"rendered":"Infractions et abus des taxis : La Tunisie lance une campagne d\u2019envergure"},"content":{"rendered":"<p>Le minist\u00e8re du Transport annonce le lancement du projet visant \u00e0 r\u00e9glementer l&rsquo;utilisation et l&rsquo;exploitation des syst\u00e8mes et plateformes \u00e9lectroniques dans l&rsquo;activit\u00e9 du transport public non conventionnel de personnes sur les routes (taxis individuels). Les services du minist\u00e8re ont commenc\u00e9, ce jeudi 28 novembre 2024, \u00e0 actualiser le cadre r\u00e9glementaire en la mati\u00e8re.<\/p>\n<p>\t\t\t\t\t\t\t\t\tCette initiative s&rsquo;inscrit dans la volont\u00e9 du minist\u00e8re de mieux organiser et moderniser le secteur du transport non conventionnel de personnes, tout en respectant pleinement les normes requises en mati\u00e8re de concurrence et de transparence. Elle refl\u00e8te \u00e9galement l&rsquo;engagement du minist\u00e8re \u00e0 pr\u00e9server le r\u00f4le social du secteur des transports dans la protection du pouvoir d&rsquo;achat des citoyens.<\/p>\n<p>\u00c0 cet \u00e9gard, le minist\u00e8re pr\u00e9cise qu&rsquo;il sera proc\u00e9d\u00e9 \u00e0 :<\/p>\n<p>\u2022\u00a0\u00a0 \u00a0Intensification des campagnes de contr\u00f4le sur le terrain pour lutter contre les infractions li\u00e9es \u00e0 l&rsquo;activit\u00e9 de transport public non conventionnel de personnes, telles que le refus de prendre des passagers, l&rsquo;absence de signe distinctif, ou le non-respect des tarifs ;<\/p>\n<p>\u2022\u00a0\u00a0 \u00a0Planification de la mise en place d&rsquo;une application num\u00e9rique tunisienne, h\u00e9berg\u00e9e en Tunisie, avec pour objectif son entr\u00e9e en service effective d&rsquo;ici la fin du premier semestre 2025, apr\u00e8s avoir satisfait toutes les conditions de s\u00e9curit\u00e9 cybern\u00e9tique et assur\u00e9 la protection des donn\u00e9es personnelles.<\/p>\n<p>En d\u00e9veloppant et en exploitant une application num\u00e9rique tunisienne dans le domaine du transport public non conventionnel de personnes sur les routes, le minist\u00e8re r\u00e9affirme son engagement \u00e0 rapprocher et am\u00e9liorer les services, en coh\u00e9rence avec l&rsquo;orientation nationale vers la transformation num\u00e9rique. Cette d\u00e9marche t\u00e9moigne \u00e9galement de son ouverture \u00e0 l&rsquo;initiative priv\u00e9e et \u00e0 l&rsquo;encouragement de l&rsquo;investissement dans le secteur des transports.<\/p>\n","protected":false},"excerpt":{"rendered":"<p>Cette initiative s&rsquo;inscrit dans la volont\u00e9 du minist\u00e8re de mieux organiser et moderniser le secteur du transport non conventionnel de personnes, tout en respect&#8230;<\/p>\n","protected":false},"author":3163,"featured_media":243744,"comment_status":"open","ping_status":"open","sticky":false,"template":"","format":"standard","meta":{"footnotes":""},"categories":[44],"tags":[4893,2648,2818,2608],"class_list":["post-217963","post","type-post","status-publish","format-standard","has-post-thumbnail","hentry","category-national","tag-bolt","tag-taxi","tag-transport","tag-tunisie"],"yoast_head":"<!-- This site is optimized with the Yoast SEO Premium plugin v27.4 (Yoast SEO v27.5) - https:\/\/yoast.com\/product\/yoast-seo-premium-wordpress\/ -->\n<title>Infractions et abus des taxis : La Tunisie lance une campagne d\u2019envergure<\/title>\n<meta name=\"description\" content=\"Cette initiative s&#039;inscrit dans la volont\u00e9 du minist\u00e8re de mieux organiser et moderniser le secteur du transport non conventionnel de personnes, tout en respect...\" \/>\n<link rel=\"canonical\" href=\"https:\/\/www.webdo.tn\/fr\/actualite\/national\/infractions-et-abus-des-taxis-la-tunisie-lance-une-campagne-d-envergure\/217963\/\" \/>\n<meta property=\"og:locale\" content=\"fr_FR\" \/>\n<meta property=\"og:type\" content=\"article\" \/>\n<meta property=\"og:title\" content=\"Infractions et abus des taxis : La Tunisie lance une campagne d\u2019envergure\" \/>\n<meta property=\"og:description\" content=\"Cette initiative s&#039;inscrit dans la volont\u00e9 du minist\u00e8re de mieux organiser et moderniser le secteur du transport non conventionnel de personnes, tout en respect...\" \/>\n<meta property=\"og:url\" content=\"https:\/\/www.webdo.tn\/fr\/actualite\/national\/infractions-et-abus-des-taxis-la-tunisie-lance-une-campagne-d-envergure\/217963\/\" \/>\n<meta property=\"og:site_name\" content=\"webdo\" \/>\n<meta property=\"article:publisher\" content=\"https:\/\/www.facebook.com\/webdotn\" \/>\n<meta property=\"article:published_time\" content=\"2024-11-28T19:46:00+00:00\" \/>\n<meta property=\"article:modified_time\" content=\"2025-05-20T22:21:22+00:00\" \/>\n<meta property=\"og:image\" content=\"https:\/\/www.webdo.tn\/fr\/wp-content\/uploads\/2025\/05\/2584f36bb1cf83d782c3ff17c737a65d-2.webp\" \/>\n\t<meta property=\"og:image:width\" content=\"750\" \/>\n\t<meta property=\"og:image:height\" content=\"400\" \/>\n\t<meta property=\"og:image:type\" content=\"image\/webp\" \/>\n<meta name=\"author\" content=\"KJ\" \/>\n<meta name=\"twitter:card\" content=\"summary_large_image\" \/>\n<meta name=\"twitter:creator\" content=\"@webdo_tn\" \/>\n<meta name=\"twitter:site\" content=\"@webdo_tn\" \/>\n<meta name=\"twitter:label1\" content=\"\u00c9crit par\" \/>\n\t<meta name=\"twitter:data1\" content=\"KJ\" \/>\n\t<meta name=\"twitter:label2\" content=\"Dur\u00e9e de lecture estim\u00e9e\" \/>\n\t<meta name=\"twitter:data2\" content=\"1 minute\" \/>\n<script type=\"application\/ld+json\" class=\"yoast-schema-graph\">{\"@context\":\"https:\\\/\\\/schema.org\",\"@graph\":[{\"@type\":\"NewsArticle\",\"@id\":\"https:\\\/\\\/www.webdo.tn\\\/fr\\\/actualite\\\/national\\\/infractions-et-abus-des-taxis-la-tunisie-lance-une-campagne-d-envergure\\\/217963\\\/#article\",\"isPartOf\":{\"@id\":\"https:\\\/\\\/www.webdo.tn\\\/fr\\\/actualite\\\/national\\\/infractions-et-abus-des-taxis-la-tunisie-lance-une-campagne-d-envergure\\\/217963\\\/\"},\"author\":{\"name\":\"KJ\",\"@id\":\"https:\\\/\\\/www.webdo.tn\\\/fr\\\/#\\\/schema\\\/person\\\/82ca085b22037d285e1a3c4b65ba5f71\"},\"headline\":\"Infractions et abus des taxis : La Tunisie lance une campagne d\u2019envergure\",\"datePublished\":\"2024-11-28T19:46:00+00:00\",\"dateModified\":\"2025-05-20T22:21:22+00:00\",\"mainEntityOfPage\":{\"@id\":\"https:\\\/\\\/www.webdo.tn\\\/fr\\\/actualite\\\/national\\\/infractions-et-abus-des-taxis-la-tunisie-lance-une-campagne-d-envergure\\\/217963\\\/\"},\"wordCount\":317,\"commentCount\":0,\"publisher\":{\"@id\":\"https:\\\/\\\/www.webdo.tn\\\/fr\\\/#organization\"},\"image\":{\"@id\":\"https:\\\/\\\/www.webdo.tn\\\/fr\\\/actualite\\\/national\\\/infractions-et-abus-des-taxis-la-tunisie-lance-une-campagne-d-envergure\\\/217963\\\/#primaryimage\"},\"thumbnailUrl\":\"https:\\\/\\\/www.webdo.tn\\\/fr\\\/wp-content\\\/uploads\\\/2025\\\/05\\\/2584f36bb1cf83d782c3ff17c737a65d-2.webp\",\"keywords\":[\"Bolt\",\"Taxi\",\"Transport\",\"Tunisie\"],\"articleSection\":[\"National\"],\"inLanguage\":\"fr-FR\"},{\"@type\":\"WebPage\",\"@id\":\"https:\\\/\\\/www.webdo.tn\\\/fr\\\/actualite\\\/national\\\/infractions-et-abus-des-taxis-la-tunisie-lance-une-campagne-d-envergure\\\/217963\\\/\",\"url\":\"https:\\\/\\\/www.webdo.tn\\\/fr\\\/actualite\\\/national\\\/infractions-et-abus-des-taxis-la-tunisie-lance-une-campagne-d-envergure\\\/217963\\\/\",\"name\":\"Infractions et abus des taxis : La Tunisie lance une campagne d\u2019envergure\",\"isPartOf\":{\"@id\":\"https:\\\/\\\/www.webdo.tn\\\/fr\\\/#website\"},\"primaryImageOfPage\":{\"@id\":\"https:\\\/\\\/www.webdo.tn\\\/fr\\\/actualite\\\/national\\\/infractions-et-abus-des-taxis-la-tunisie-lance-une-campagne-d-envergure\\\/217963\\\/#primaryimage\"},\"image\":{\"@id\":\"https:\\\/\\\/www.webdo.tn\\\/fr\\\/actualite\\\/national\\\/infractions-et-abus-des-taxis-la-tunisie-lance-une-campagne-d-envergure\\\/217963\\\/#primaryimage\"},\"thumbnailUrl\":\"https:\\\/\\\/www.webdo.tn\\\/fr\\\/wp-content\\\/uploads\\\/2025\\\/05\\\/2584f36bb1cf83d782c3ff17c737a65d-2.webp\",\"datePublished\":\"2024-11-28T19:46:00+00:00\",\"dateModified\":\"2025-05-20T22:21:22+00:00\",\"description\":\"Cette initiative s'inscrit dans la volont\u00e9 du minist\u00e8re de mieux organiser et moderniser le secteur du transport non conventionnel de personnes, tout en respect...\",\"breadcrumb\":{\"@id\":\"https:\\\/\\\/www.webdo.tn\\\/fr\\\/actualite\\\/national\\\/infractions-et-abus-des-taxis-la-tunisie-lance-une-campagne-d-envergure\\\/217963\\\/#breadcrumb\"},\"inLanguage\":\"fr-FR\",\"potentialAction\":[{\"@type\":\"ReadAction\",\"target\":[\"https:\\\/\\\/www.webdo.tn\\\/fr\\\/actualite\\\/national\\\/infractions-et-abus-des-taxis-la-tunisie-lance-une-campagne-d-envergure\\\/217963\\\/\"]}]},{\"@type\":\"ImageObject\",\"inLanguage\":\"fr-FR\",\"@id\":\"https:\\\/\\\/www.webdo.tn\\\/fr\\\/actualite\\\/national\\\/infractions-et-abus-des-taxis-la-tunisie-lance-une-campagne-d-envergure\\\/217963\\\/#primaryimage\",\"url\":\"https:\\\/\\\/www.webdo.tn\\\/fr\\\/wp-content\\\/uploads\\\/2025\\\/05\\\/2584f36bb1cf83d782c3ff17c737a65d-2.webp\",\"contentUrl\":\"https:\\\/\\\/www.webdo.tn\\\/fr\\\/wp-content\\\/uploads\\\/2025\\\/05\\\/2584f36bb1cf83d782c3ff17c737a65d-2.webp\",\"width\":750,\"height\":400},{\"@type\":\"BreadcrumbList\",\"@id\":\"https:\\\/\\\/www.webdo.tn\\\/fr\\\/actualite\\\/national\\\/infractions-et-abus-des-taxis-la-tunisie-lance-une-campagne-d-envergure\\\/217963\\\/#breadcrumb\",\"itemListElement\":[{\"@type\":\"ListItem\",\"position\":1,\"name\":\"Accueil\",\"item\":\"https:\\\/\\\/www.webdo.tn\\\/fr\\\/\"},{\"@type\":\"ListItem\",\"position\":2,\"name\":\"Infractions et abus des taxis : La Tunisie lance une campagne d\u2019envergure\"}]},{\"@type\":\"WebSite\",\"@id\":\"https:\\\/\\\/www.webdo.tn\\\/fr\\\/#website\",\"url\":\"https:\\\/\\\/www.webdo.tn\\\/fr\\\/\",\"name\":\"webdo\",\"description\":\"Tunisie - News en Tunisie et \u00e0 l&#039;international sur Webdo.tn\",\"publisher\":{\"@id\":\"https:\\\/\\\/www.webdo.tn\\\/fr\\\/#organization\"},\"potentialAction\":[{\"@type\":\"SearchAction\",\"target\":{\"@type\":\"EntryPoint\",\"urlTemplate\":\"https:\\\/\\\/www.webdo.tn\\\/fr\\\/?s={search_term_string}\"},\"query-input\":{\"@type\":\"PropertyValueSpecification\",\"valueRequired\":true,\"valueName\":\"search_term_string\"}}],\"inLanguage\":\"fr-FR\"},{\"@type\":\"Organization\",\"@id\":\"https:\\\/\\\/www.webdo.tn\\\/fr\\\/#organization\",\"name\":\"Webdo\",\"alternateName\":\"Webdo.tn\",\"url\":\"https:\\\/\\\/www.webdo.tn\\\/fr\\\/\",\"logo\":{\"@type\":\"ImageObject\",\"inLanguage\":\"fr-FR\",\"@id\":\"https:\\\/\\\/www.webdo.tn\\\/fr\\\/#\\\/schema\\\/logo\\\/image\\\/\",\"url\":\"https:\\\/\\\/www.webdo.tn\\\/fr\\\/wp-content\\\/uploads\\\/2025\\\/06\\\/Webdo-Tunisie_168377.jpg\",\"contentUrl\":\"https:\\\/\\\/www.webdo.tn\\\/fr\\\/wp-content\\\/uploads\\\/2025\\\/06\\\/Webdo-Tunisie_168377.jpg\",\"width\":301,\"height\":301,\"caption\":\"Webdo\"},\"image\":{\"@id\":\"https:\\\/\\\/www.webdo.tn\\\/fr\\\/#\\\/schema\\\/logo\\\/image\\\/\"},\"sameAs\":[\"https:\\\/\\\/www.facebook.com\\\/webdotn\",\"https:\\\/\\\/x.com\\\/webdo_tn\"],\"description\":\"Webdo est un m\u00e9dia num\u00e9rique tunisien fond\u00e9 en 2010, sp\u00e9cialis\u00e9 dans l\u2019actualit\u00e9 nationale et internationale, l\u2019\u00e9conomie, la soci\u00e9t\u00e9 et les analyses politiques. Le site s\u2019adresse \u00e0 un large public francophone et couvre l\u2019information tunisienne en temps r\u00e9el.\",\"email\":\"redac@webdo.tn\",\"legalName\":\"YNJ SARL\",\"foundingDate\":\"2010-09-06\",\"numberOfEmployees\":{\"@type\":\"QuantitativeValue\",\"minValue\":\"11\",\"maxValue\":\"50\"}},{\"@type\":\"Person\",\"@id\":\"https:\\\/\\\/www.webdo.tn\\\/fr\\\/#\\\/schema\\\/person\\\/82ca085b22037d285e1a3c4b65ba5f71\",\"name\":\"KJ\",\"image\":{\"@type\":\"ImageObject\",\"inLanguage\":\"fr-FR\",\"@id\":\"https:\\\/\\\/secure.gravatar.com\\\/avatar\\\/1a1320de1c1971c893f00068f760b4113d69504aa21273da17ee95650c5944fd?s=96&d=mm&r=g\",\"url\":\"https:\\\/\\\/secure.gravatar.com\\\/avatar\\\/1a1320de1c1971c893f00068f760b4113d69504aa21273da17ee95650c5944fd?s=96&d=mm&r=g\",\"contentUrl\":\"https:\\\/\\\/secure.gravatar.com\\\/avatar\\\/1a1320de1c1971c893f00068f760b4113d69504aa21273da17ee95650c5944fd?s=96&d=mm&r=g\",\"caption\":\"KJ\"},\"url\":\"https:\\\/\\\/www.webdo.tn\\\/fr\\\/actualite\\\/author\\\/kj\\\/\"}]}<\/script>\n<!-- \/ Yoast SEO Premium plugin. -->","yoast_head_json":{"title":"Infractions et abus des taxis : La Tunisie lance une campagne d\u2019envergure","description":"Cette initiative s'inscrit dans la volont\u00e9 du minist\u00e8re de mieux organiser et moderniser le secteur du transport non conventionnel de personnes, tout en respect...","canonical":"https:\/\/www.webdo.tn\/fr\/actualite\/national\/infractions-et-abus-des-taxis-la-tunisie-lance-une-campagne-d-envergure\/217963\/","og_locale":"fr_FR","og_type":"article","og_title":"Infractions et abus des taxis : La Tunisie lance une campagne d\u2019envergure","og_description":"Cette initiative s'inscrit dans la volont\u00e9 du minist\u00e8re de mieux organiser et moderniser le secteur du transport non conventionnel de personnes, tout en respect...","og_url":"https:\/\/www.webdo.tn\/fr\/actualite\/national\/infractions-et-abus-des-taxis-la-tunisie-lance-une-campagne-d-envergure\/217963\/","og_site_name":"webdo","article_publisher":"https:\/\/www.facebook.com\/webdotn","article_published_time":"2024-11-28T19:46:00+00:00","article_modified_time":"2025-05-20T22:21:22+00:00","og_image":[{"width":750,"height":400,"url":"https:\/\/www.webdo.tn\/fr\/wp-content\/uploads\/2025\/05\/2584f36bb1cf83d782c3ff17c737a65d-2.webp","type":"image\/webp"}],"author":"KJ","twitter_card":"summary_large_image","twitter_creator":"@webdo_tn","twitter_site":"@webdo_tn","twitter_misc":{"\u00c9crit par":"KJ","Dur\u00e9e de lecture estim\u00e9e":"1 minute"},"schema":{"@context":"https:\/\/schema.org","@graph":[{"@type":"NewsArticle","@id":"https:\/\/www.webdo.tn\/fr\/actualite\/national\/infractions-et-abus-des-taxis-la-tunisie-lance-une-campagne-d-envergure\/217963\/#article","isPartOf":{"@id":"https:\/\/www.webdo.tn\/fr\/actualite\/national\/infractions-et-abus-des-taxis-la-tunisie-lance-une-campagne-d-envergure\/217963\/"},"author":{"name":"KJ","@id":"https:\/\/www.webdo.tn\/fr\/#\/schema\/person\/82ca085b22037d285e1a3c4b65ba5f71"},"headline":"Infractions et abus des taxis : La Tunisie lance une campagne d\u2019envergure","datePublished":"2024-11-28T19:46:00+00:00","dateModified":"2025-05-20T22:21:22+00:00","mainEntityOfPage":{"@id":"https:\/\/www.webdo.tn\/fr\/actualite\/national\/infractions-et-abus-des-taxis-la-tunisie-lance-une-campagne-d-envergure\/217963\/"},"wordCount":317,"commentCount":0,"publisher":{"@id":"https:\/\/www.webdo.tn\/fr\/#organization"},"image":{"@id":"https:\/\/www.webdo.tn\/fr\/actualite\/national\/infractions-et-abus-des-taxis-la-tunisie-lance-une-campagne-d-envergure\/217963\/#primaryimage"},"thumbnailUrl":"https:\/\/www.webdo.tn\/fr\/wp-content\/uploads\/2025\/05\/2584f36bb1cf83d782c3ff17c737a65d-2.webp","keywords":["Bolt","Taxi","Transport","Tunisie"],"articleSection":["National"],"inLanguage":"fr-FR"},{"@type":"WebPage","@id":"https:\/\/www.webdo.tn\/fr\/actualite\/national\/infractions-et-abus-des-taxis-la-tunisie-lance-une-campagne-d-envergure\/217963\/","url":"https:\/\/www.webdo.tn\/fr\/actualite\/national\/infractions-et-abus-des-taxis-la-tunisie-lance-une-campagne-d-envergure\/217963\/","name":"Infractions et abus des taxis : La Tunisie lance une campagne d\u2019envergure","isPartOf":{"@id":"https:\/\/www.webdo.tn\/fr\/#website"},"primaryImageOfPage":{"@id":"https:\/\/www.webdo.tn\/fr\/actualite\/national\/infractions-et-abus-des-taxis-la-tunisie-lance-une-campagne-d-envergure\/217963\/#primaryimage"},"image":{"@id":"https:\/\/www.webdo.tn\/fr\/actualite\/national\/infractions-et-abus-des-taxis-la-tunisie-lance-une-campagne-d-envergure\/217963\/#primaryimage"},"thumbnailUrl":"https:\/\/www.webdo.tn\/fr\/wp-content\/uploads\/2025\/05\/2584f36bb1cf83d782c3ff17c737a65d-2.webp","datePublished":"2024-11-28T19:46:00+00:00","dateModified":"2025-05-20T22:21:22+00:00","description":"Cette initiative s'inscrit dans la volont\u00e9 du minist\u00e8re de mieux organiser et moderniser le secteur du transport non conventionnel de personnes, tout en respect...","breadcrumb":{"@id":"https:\/\/www.webdo.tn\/fr\/actualite\/national\/infractions-et-abus-des-taxis-la-tunisie-lance-une-campagne-d-envergure\/217963\/#breadcrumb"},"inLanguage":"fr-FR","potentialAction":[{"@type":"ReadAction","target":["https:\/\/www.webdo.tn\/fr\/actualite\/national\/infractions-et-abus-des-taxis-la-tunisie-lance-une-campagne-d-envergure\/217963\/"]}]},{"@type":"ImageObject","inLanguage":"fr-FR","@id":"https:\/\/www.webdo.tn\/fr\/actualite\/national\/infractions-et-abus-des-taxis-la-tunisie-lance-une-campagne-d-envergure\/217963\/#primaryimage","url":"https:\/\/www.webdo.tn\/fr\/wp-content\/uploads\/2025\/05\/2584f36bb1cf83d782c3ff17c737a65d-2.webp","contentUrl":"https:\/\/www.webdo.tn\/fr\/wp-content\/uploads\/2025\/05\/2584f36bb1cf83d782c3ff17c737a65d-2.webp","width":750,"height":400},{"@type":"BreadcrumbList","@id":"https:\/\/www.webdo.tn\/fr\/actualite\/national\/infractions-et-abus-des-taxis-la-tunisie-lance-une-campagne-d-envergure\/217963\/#breadcrumb","itemListElement":[{"@type":"ListItem","position":1,"name":"Accueil","item":"https:\/\/www.webdo.tn\/fr\/"},{"@type":"ListItem","position":2,"name":"Infractions et abus des taxis : La Tunisie lance une campagne d\u2019envergure"}]},{"@type":"WebSite","@id":"https:\/\/www.webdo.tn\/fr\/#website","url":"https:\/\/www.webdo.tn\/fr\/","name":"webdo","description":"Tunisie - News en Tunisie et \u00e0 l&#039;international sur Webdo.tn","publisher":{"@id":"https:\/\/www.webdo.tn\/fr\/#organization"},"potentialAction":[{"@type":"SearchAction","target":{"@type":"EntryPoint","urlTemplate":"https:\/\/www.webdo.tn\/fr\/?s={search_term_string}"},"query-input":{"@type":"PropertyValueSpecification","valueRequired":true,"valueName":"search_term_string"}}],"inLanguage":"fr-FR"},{"@type":"Organization","@id":"https:\/\/www.webdo.tn\/fr\/#organization","name":"Webdo","alternateName":"Webdo.tn","url":"https:\/\/www.webdo.tn\/fr\/","logo":{"@type":"ImageObject","inLanguage":"fr-FR","@id":"https:\/\/www.webdo.tn\/fr\/#\/schema\/logo\/image\/","url":"https:\/\/www.webdo.tn\/fr\/wp-content\/uploads\/2025\/06\/Webdo-Tunisie_168377.jpg","contentUrl":"https:\/\/www.webdo.tn\/fr\/wp-content\/uploads\/2025\/06\/Webdo-Tunisie_168377.jpg","width":301,"height":301,"caption":"Webdo"},"image":{"@id":"https:\/\/www.webdo.tn\/fr\/#\/schema\/logo\/image\/"},"sameAs":["https:\/\/www.facebook.com\/webdotn","https:\/\/x.com\/webdo_tn"],"description":"Webdo est un m\u00e9dia num\u00e9rique tunisien fond\u00e9 en 2010, sp\u00e9cialis\u00e9 dans l\u2019actualit\u00e9 nationale et internationale, l\u2019\u00e9conomie, la soci\u00e9t\u00e9 et les analyses politiques. Le site s\u2019adresse \u00e0 un large public francophone et couvre l\u2019information tunisienne en temps r\u00e9el.","email":"redac@webdo.tn","legalName":"YNJ SARL","foundingDate":"2010-09-06","numberOfEmployees":{"@type":"QuantitativeValue","minValue":"11","maxValue":"50"}},{"@type":"Person","@id":"https:\/\/www.webdo.tn\/fr\/#\/schema\/person\/82ca085b22037d285e1a3c4b65ba5f71","name":"KJ","image":{"@type":"ImageObject","inLanguage":"fr-FR","@id":"https:\/\/secure.gravatar.com\/avatar\/1a1320de1c1971c893f00068f760b4113d69504aa21273da17ee95650c5944fd?s=96&d=mm&r=g","url":"https:\/\/secure.gravatar.com\/avatar\/1a1320de1c1971c893f00068f760b4113d69504aa21273da17ee95650c5944fd?s=96&d=mm&r=g","contentUrl":"https:\/\/secure.gravatar.com\/avatar\/1a1320de1c1971c893f00068f760b4113d69504aa21273da17ee95650c5944fd?s=96&d=mm&r=g","caption":"KJ"},"url":"https:\/\/www.webdo.tn\/fr\/actualite\/author\/kj\/"}]}},"_links":{"self":[{"href":"https:\/\/www.webdo.tn\/fr\/wp-json\/wp\/v2\/posts\/217963","targetHints":{"allow":["GET"]}}],"collection":[{"href":"https:\/\/www.webdo.tn\/fr\/wp-json\/wp\/v2\/posts"}],"about":[{"href":"https:\/\/www.webdo.tn\/fr\/wp-json\/wp\/v2\/types\/post"}],"author":[{"embeddable":true,"href":"https:\/\/www.webdo.tn\/fr\/wp-json\/wp\/v2\/users\/3163"}],"replies":[{"embeddable":true,"href":"https:\/\/www.webdo.tn\/fr\/wp-json\/wp\/v2\/comments?post=217963"}],"version-history":[{"count":0,"href":"https:\/\/www.webdo.tn\/fr\/wp-json\/wp\/v2\/posts\/217963\/revisions"}],"wp:featuredmedia":[{"embeddable":true,"href":"https:\/\/www.webdo.tn\/fr\/wp-json\/wp\/v2\/media\/243744"}],"wp:attachment":[{"href":"https:\/\/www.webdo.tn\/fr\/wp-json\/wp\/v2\/media?parent=217963"}],"wp:term":[{"taxonomy":"category","embeddable":true,"href":"https:\/\/www.webdo.tn\/fr\/wp-json\/wp\/v2\/categories?post=217963"},{"taxonomy":"post_tag","embeddable":true,"href":"https:\/\/www.webdo.tn\/fr\/wp-json\/wp\/v2\/tags?post=217963"}],"curies":[{"name":"wp","href":"https:\/\/api.w.org\/{rel}","templated":true}]}}