{"id":217958,"date":"2024-11-28T18:17:00","date_gmt":"2024-11-28T18:17:00","guid":{"rendered":"https:\/\/www.webdo.tn\/fr\/blog\/vive-emotion-a-chebba-un-instituteur-victime-de-harcelement-s-immole-par-le-feu\/217958\/"},"modified":"2025-05-20T22:21:57","modified_gmt":"2025-05-20T22:21:57","slug":"vive-emotion-a-chebba-un-instituteur-victime-de-harcelement-s-immole-par-le-feu","status":"publish","type":"post","link":"https:\/\/www.webdo.tn\/fr\/actualite\/divers\/vive-emotion-a-chebba-un-instituteur-victime-de-harcelement-s-immole-par-le-feu\/217958\/","title":{"rendered":"Vive \u00e9motion \u00e0 Chebba : Un instituteur victime de harc\u00e8lement s&rsquo;immole par le feu"},"content":{"rendered":"<p>Le professeur d&rsquo;\u00e9ducation islamique qui s&rsquo;\u00e9tait immol\u00e9 par le feu est d\u00e9c\u00e9d\u00e9 ce jeudi 28 novembre 2024, succombant \u00e0 ses graves br\u00fblures.<\/p>\n<p>\t\t\t\t\t\t\t\t\tHier, l&rsquo;enseignant avait mis le feu \u00e0 son corps dans sa maison \u00e0 Chebba, dans le gouvernorat de Mahdia. Il avait \u00e9t\u00e9 transf\u00e9r\u00e9 \u00e0 l&rsquo;h\u00f4pital des grands br\u00fbl\u00e9s et des blessures graves \u00e0 Ben Arous, o\u00f9 il a rendu son dernier souffle.<\/p>\n<p>Toutes les institutions \u00e9ducatives de la d\u00e9l\u00e9gation de Chebba ont observ\u00e9 aujourd&rsquo;hui une gr\u00e8ve g\u00e9n\u00e9rale en solidarit\u00e9 avec l&rsquo;enseignant, victime, selon Omar Nasr, secr\u00e9taire g\u00e9n\u00e9ral du syndicat de l&rsquo;enseignement secondaire \u00e0 Mahdia, d&rsquo;une campagne de harc\u00e8lement et d&rsquo;intimidation men\u00e9e par des \u00e9l\u00e8ves et des individus \u00e9trangers \u00e0 l\u2019\u00e9tablissement, sans que l\u2019administration n\u2019intervienne.\u00a0<\/p>\n<p>Il a \u00e9galement indiqu\u00e9 qu\u2019un mouvement de protestation est pr\u00e9vu demain, avec une intensification des actions si les autorit\u00e9s de tutelle ne r\u00e9agissent pas.<\/p>\n","protected":false},"excerpt":{"rendered":"<p>Hier, l&rsquo;enseignant avait mis le feu \u00e0 son corps dans sa maison \u00e0 Chebba, dans le gouvernorat de Mahdia. Il avait \u00e9t\u00e9 transf\u00e9r\u00e9 \u00e0 l&rsquo;h\u00f4pital des grands br\u00fbl\u00e9s et&#8230;<\/p>\n","protected":false},"author":3163,"featured_media":291429,"comment_status":"open","ping_status":"closed","sticky":false,"template":"","format":"standard","meta":{"footnotes":""},"categories":[2839],"tags":[8163,2830,3404,9609],"class_list":["post-217958","post","type-post","status-publish","format-standard","has-post-thumbnail","hentry","category-divers","tag-chebba","tag-deces","tag-feu","tag-instituteur"],"yoast_head":"<!-- This site is optimized with the Yoast SEO Premium plugin v27.5 (Yoast SEO v27.5) - https:\/\/yoast.com\/product\/yoast-seo-premium-wordpress\/ -->\n<title>Vive \u00e9motion \u00e0 Chebba : Un instituteur victime de harc\u00e8lement s&#039;immole par le feu<\/title>\n<meta name=\"description\" content=\"Hier, l&#039;enseignant avait mis le feu \u00e0 son corps dans sa maison \u00e0 Chebba, dans le gouvernorat de Mahdia. Il avait \u00e9t\u00e9 transf\u00e9r\u00e9 \u00e0 l&#039;h\u00f4pital des grands br\u00fbl\u00e9s et...\" \/>\n<link rel=\"canonical\" href=\"https:\/\/www.webdo.tn\/fr\/actualite\/divers\/vive-emotion-a-chebba-un-instituteur-victime-de-harcelement-s-immole-par-le-feu\/217958\/\" \/>\n<meta property=\"og:locale\" content=\"fr_FR\" \/>\n<meta property=\"og:type\" content=\"article\" \/>\n<meta property=\"og:title\" content=\"Vive \u00e9motion \u00e0 Chebba : Un instituteur victime de harc\u00e8lement s&#039;immole par le feu\" \/>\n<meta property=\"og:description\" content=\"Hier, l&#039;enseignant avait mis le feu \u00e0 son corps dans sa maison \u00e0 Chebba, dans le gouvernorat de Mahdia. Il avait \u00e9t\u00e9 transf\u00e9r\u00e9 \u00e0 l&#039;h\u00f4pital des grands br\u00fbl\u00e9s et...\" \/>\n<meta property=\"og:url\" content=\"https:\/\/www.webdo.tn\/fr\/actualite\/divers\/vive-emotion-a-chebba-un-instituteur-victime-de-harcelement-s-immole-par-le-feu\/217958\/\" \/>\n<meta property=\"og:site_name\" content=\"webdo\" \/>\n<meta property=\"article:publisher\" content=\"https:\/\/www.facebook.com\/webdotn\" \/>\n<meta property=\"article:published_time\" content=\"2024-11-28T18:17:00+00:00\" \/>\n<meta property=\"article:modified_time\" content=\"2025-05-20T22:21:57+00:00\" \/>\n<meta property=\"og:image\" content=\"https:\/\/www.webdo.tn\/fr\/wp-content\/uploads\/2024\/11\/5823695f63fb47a3720719ce3bfd4005.webp\" \/>\n\t<meta property=\"og:image:width\" content=\"750\" \/>\n\t<meta property=\"og:image:height\" content=\"400\" \/>\n\t<meta property=\"og:image:type\" content=\"image\/webp\" \/>\n<meta name=\"author\" content=\"KJ\" \/>\n<meta name=\"twitter:card\" content=\"summary_large_image\" \/>\n<meta name=\"twitter:creator\" content=\"@webdo_tn\" \/>\n<meta name=\"twitter:site\" content=\"@webdo_tn\" \/>\n<meta name=\"twitter:label1\" content=\"\u00c9crit par\" \/>\n\t<meta name=\"twitter:data1\" content=\"KJ\" \/>\n\t<meta name=\"twitter:label2\" content=\"Dur\u00e9e de lecture estim\u00e9e\" \/>\n\t<meta name=\"twitter:data2\" content=\"1 minute\" \/>\n<script type=\"application\/ld+json\" class=\"yoast-schema-graph\">{\"@context\":\"https:\\\/\\\/schema.org\",\"@graph\":[{\"@type\":\"NewsArticle\",\"@id\":\"https:\\\/\\\/www.webdo.tn\\\/fr\\\/actualite\\\/divers\\\/vive-emotion-a-chebba-un-instituteur-victime-de-harcelement-s-immole-par-le-feu\\\/217958\\\/#article\",\"isPartOf\":{\"@id\":\"https:\\\/\\\/www.webdo.tn\\\/fr\\\/actualite\\\/divers\\\/vive-emotion-a-chebba-un-instituteur-victime-de-harcelement-s-immole-par-le-feu\\\/217958\\\/\"},\"author\":{\"name\":\"KJ\",\"@id\":\"https:\\\/\\\/www.webdo.tn\\\/fr\\\/#\\\/schema\\\/person\\\/82ca085b22037d285e1a3c4b65ba5f71\"},\"headline\":\"Vive \u00e9motion \u00e0 Chebba : Un instituteur victime de harc\u00e8lement s&rsquo;immole par le feu\",\"datePublished\":\"2024-11-28T18:17:00+00:00\",\"dateModified\":\"2025-05-20T22:21:57+00:00\",\"mainEntityOfPage\":{\"@id\":\"https:\\\/\\\/www.webdo.tn\\\/fr\\\/actualite\\\/divers\\\/vive-emotion-a-chebba-un-instituteur-victime-de-harcelement-s-immole-par-le-feu\\\/217958\\\/\"},\"wordCount\":179,\"commentCount\":0,\"publisher\":{\"@id\":\"https:\\\/\\\/www.webdo.tn\\\/fr\\\/#organization\"},\"image\":{\"@id\":\"https:\\\/\\\/www.webdo.tn\\\/fr\\\/actualite\\\/divers\\\/vive-emotion-a-chebba-un-instituteur-victime-de-harcelement-s-immole-par-le-feu\\\/217958\\\/#primaryimage\"},\"thumbnailUrl\":\"https:\\\/\\\/www.webdo.tn\\\/fr\\\/wp-content\\\/uploads\\\/2024\\\/11\\\/5823695f63fb47a3720719ce3bfd4005.webp\",\"keywords\":[\"chebba\",\"D\u00e9c\u00e8s\",\"feu\",\"Instituteur\"],\"articleSection\":[\"Divers\"],\"inLanguage\":\"fr-FR\"},{\"@type\":\"WebPage\",\"@id\":\"https:\\\/\\\/www.webdo.tn\\\/fr\\\/actualite\\\/divers\\\/vive-emotion-a-chebba-un-instituteur-victime-de-harcelement-s-immole-par-le-feu\\\/217958\\\/\",\"url\":\"https:\\\/\\\/www.webdo.tn\\\/fr\\\/actualite\\\/divers\\\/vive-emotion-a-chebba-un-instituteur-victime-de-harcelement-s-immole-par-le-feu\\\/217958\\\/\",\"name\":\"Vive \u00e9motion \u00e0 Chebba : Un instituteur victime de harc\u00e8lement s'immole par le feu\",\"isPartOf\":{\"@id\":\"https:\\\/\\\/www.webdo.tn\\\/fr\\\/#website\"},\"primaryImageOfPage\":{\"@id\":\"https:\\\/\\\/www.webdo.tn\\\/fr\\\/actualite\\\/divers\\\/vive-emotion-a-chebba-un-instituteur-victime-de-harcelement-s-immole-par-le-feu\\\/217958\\\/#primaryimage\"},\"image\":{\"@id\":\"https:\\\/\\\/www.webdo.tn\\\/fr\\\/actualite\\\/divers\\\/vive-emotion-a-chebba-un-instituteur-victime-de-harcelement-s-immole-par-le-feu\\\/217958\\\/#primaryimage\"},\"thumbnailUrl\":\"https:\\\/\\\/www.webdo.tn\\\/fr\\\/wp-content\\\/uploads\\\/2024\\\/11\\\/5823695f63fb47a3720719ce3bfd4005.webp\",\"datePublished\":\"2024-11-28T18:17:00+00:00\",\"dateModified\":\"2025-05-20T22:21:57+00:00\",\"description\":\"Hier, l'enseignant avait mis le feu \u00e0 son corps dans sa maison \u00e0 Chebba, dans le gouvernorat de Mahdia. Il avait \u00e9t\u00e9 transf\u00e9r\u00e9 \u00e0 l'h\u00f4pital des grands br\u00fbl\u00e9s et...\",\"breadcrumb\":{\"@id\":\"https:\\\/\\\/www.webdo.tn\\\/fr\\\/actualite\\\/divers\\\/vive-emotion-a-chebba-un-instituteur-victime-de-harcelement-s-immole-par-le-feu\\\/217958\\\/#breadcrumb\"},\"inLanguage\":\"fr-FR\",\"potentialAction\":[{\"@type\":\"ReadAction\",\"target\":[\"https:\\\/\\\/www.webdo.tn\\\/fr\\\/actualite\\\/divers\\\/vive-emotion-a-chebba-un-instituteur-victime-de-harcelement-s-immole-par-le-feu\\\/217958\\\/\"]}]},{\"@type\":\"ImageObject\",\"inLanguage\":\"fr-FR\",\"@id\":\"https:\\\/\\\/www.webdo.tn\\\/fr\\\/actualite\\\/divers\\\/vive-emotion-a-chebba-un-instituteur-victime-de-harcelement-s-immole-par-le-feu\\\/217958\\\/#primaryimage\",\"url\":\"https:\\\/\\\/www.webdo.tn\\\/fr\\\/wp-content\\\/uploads\\\/2024\\\/11\\\/5823695f63fb47a3720719ce3bfd4005.webp\",\"contentUrl\":\"https:\\\/\\\/www.webdo.tn\\\/fr\\\/wp-content\\\/uploads\\\/2024\\\/11\\\/5823695f63fb47a3720719ce3bfd4005.webp\",\"width\":750,\"height\":400,\"caption\":\"Vive \u00e9motion \u00e0 Chebba : Un instituteur victime de harc\u00e8lement s'immole par le feu\"},{\"@type\":\"BreadcrumbList\",\"@id\":\"https:\\\/\\\/www.webdo.tn\\\/fr\\\/actualite\\\/divers\\\/vive-emotion-a-chebba-un-instituteur-victime-de-harcelement-s-immole-par-le-feu\\\/217958\\\/#breadcrumb\",\"itemListElement\":[{\"@type\":\"ListItem\",\"position\":1,\"name\":\"Accueil\",\"item\":\"https:\\\/\\\/www.webdo.tn\\\/fr\\\/\"},{\"@type\":\"ListItem\",\"position\":2,\"name\":\"Vive \u00e9motion \u00e0 Chebba : Un instituteur victime de harc\u00e8lement s&rsquo;immole par le feu\"}]},{\"@type\":\"WebSite\",\"@id\":\"https:\\\/\\\/www.webdo.tn\\\/fr\\\/#website\",\"url\":\"https:\\\/\\\/www.webdo.tn\\\/fr\\\/\",\"name\":\"webdo\",\"description\":\"Tunisie - News en Tunisie et \u00e0 l&#039;international sur Webdo.tn\",\"publisher\":{\"@id\":\"https:\\\/\\\/www.webdo.tn\\\/fr\\\/#organization\"},\"potentialAction\":[{\"@type\":\"SearchAction\",\"target\":{\"@type\":\"EntryPoint\",\"urlTemplate\":\"https:\\\/\\\/www.webdo.tn\\\/fr\\\/?s={search_term_string}\"},\"query-input\":{\"@type\":\"PropertyValueSpecification\",\"valueRequired\":true,\"valueName\":\"search_term_string\"}}],\"inLanguage\":\"fr-FR\"},{\"@type\":\"Organization\",\"@id\":\"https:\\\/\\\/www.webdo.tn\\\/fr\\\/#organization\",\"name\":\"Webdo\",\"alternateName\":\"Webdo.tn\",\"url\":\"https:\\\/\\\/www.webdo.tn\\\/fr\\\/\",\"logo\":{\"@type\":\"ImageObject\",\"inLanguage\":\"fr-FR\",\"@id\":\"https:\\\/\\\/www.webdo.tn\\\/fr\\\/#\\\/schema\\\/logo\\\/image\\\/\",\"url\":\"https:\\\/\\\/www.webdo.tn\\\/fr\\\/wp-content\\\/uploads\\\/2025\\\/06\\\/Webdo-Tunisie_168377.jpg\",\"contentUrl\":\"https:\\\/\\\/www.webdo.tn\\\/fr\\\/wp-content\\\/uploads\\\/2025\\\/06\\\/Webdo-Tunisie_168377.jpg\",\"width\":301,\"height\":301,\"caption\":\"Webdo\"},\"image\":{\"@id\":\"https:\\\/\\\/www.webdo.tn\\\/fr\\\/#\\\/schema\\\/logo\\\/image\\\/\"},\"sameAs\":[\"https:\\\/\\\/www.facebook.com\\\/webdotn\",\"https:\\\/\\\/x.com\\\/webdo_tn\"],\"description\":\"Webdo est un m\u00e9dia num\u00e9rique tunisien fond\u00e9 en 2010, sp\u00e9cialis\u00e9 dans l\u2019actualit\u00e9 nationale et internationale, l\u2019\u00e9conomie, la soci\u00e9t\u00e9 et les analyses politiques. Le site s\u2019adresse \u00e0 un large public francophone et couvre l\u2019information tunisienne en temps r\u00e9el.\",\"email\":\"redac@webdo.tn\",\"legalName\":\"YNJ SARL\",\"foundingDate\":\"2010-09-06\",\"numberOfEmployees\":{\"@type\":\"QuantitativeValue\",\"minValue\":\"11\",\"maxValue\":\"50\"}},{\"@type\":\"Person\",\"@id\":\"https:\\\/\\\/www.webdo.tn\\\/fr\\\/#\\\/schema\\\/person\\\/82ca085b22037d285e1a3c4b65ba5f71\",\"name\":\"KJ\",\"image\":{\"@type\":\"ImageObject\",\"inLanguage\":\"fr-FR\",\"@id\":\"https:\\\/\\\/secure.gravatar.com\\\/avatar\\\/1a1320de1c1971c893f00068f760b4113d69504aa21273da17ee95650c5944fd?s=96&d=mm&r=g\",\"url\":\"https:\\\/\\\/secure.gravatar.com\\\/avatar\\\/1a1320de1c1971c893f00068f760b4113d69504aa21273da17ee95650c5944fd?s=96&d=mm&r=g\",\"contentUrl\":\"https:\\\/\\\/secure.gravatar.com\\\/avatar\\\/1a1320de1c1971c893f00068f760b4113d69504aa21273da17ee95650c5944fd?s=96&d=mm&r=g\",\"caption\":\"KJ\"},\"url\":\"https:\\\/\\\/www.webdo.tn\\\/fr\\\/actualite\\\/author\\\/kj\\\/\"}]}<\/script>\n<!-- \/ Yoast SEO Premium plugin. -->","yoast_head_json":{"title":"Vive \u00e9motion \u00e0 Chebba : Un instituteur victime de harc\u00e8lement s'immole par le feu","description":"Hier, l'enseignant avait mis le feu \u00e0 son corps dans sa maison \u00e0 Chebba, dans le gouvernorat de Mahdia. Il avait \u00e9t\u00e9 transf\u00e9r\u00e9 \u00e0 l'h\u00f4pital des grands br\u00fbl\u00e9s et...","canonical":"https:\/\/www.webdo.tn\/fr\/actualite\/divers\/vive-emotion-a-chebba-un-instituteur-victime-de-harcelement-s-immole-par-le-feu\/217958\/","og_locale":"fr_FR","og_type":"article","og_title":"Vive \u00e9motion \u00e0 Chebba : Un instituteur victime de harc\u00e8lement s'immole par le feu","og_description":"Hier, l'enseignant avait mis le feu \u00e0 son corps dans sa maison \u00e0 Chebba, dans le gouvernorat de Mahdia. Il avait \u00e9t\u00e9 transf\u00e9r\u00e9 \u00e0 l'h\u00f4pital des grands br\u00fbl\u00e9s et...","og_url":"https:\/\/www.webdo.tn\/fr\/actualite\/divers\/vive-emotion-a-chebba-un-instituteur-victime-de-harcelement-s-immole-par-le-feu\/217958\/","og_site_name":"webdo","article_publisher":"https:\/\/www.facebook.com\/webdotn","article_published_time":"2024-11-28T18:17:00+00:00","article_modified_time":"2025-05-20T22:21:57+00:00","og_image":[{"width":750,"height":400,"url":"https:\/\/www.webdo.tn\/fr\/wp-content\/uploads\/2024\/11\/5823695f63fb47a3720719ce3bfd4005.webp","type":"image\/webp"}],"author":"KJ","twitter_card":"summary_large_image","twitter_creator":"@webdo_tn","twitter_site":"@webdo_tn","twitter_misc":{"\u00c9crit par":"KJ","Dur\u00e9e de lecture estim\u00e9e":"1 minute"},"schema":{"@context":"https:\/\/schema.org","@graph":[{"@type":"NewsArticle","@id":"https:\/\/www.webdo.tn\/fr\/actualite\/divers\/vive-emotion-a-chebba-un-instituteur-victime-de-harcelement-s-immole-par-le-feu\/217958\/#article","isPartOf":{"@id":"https:\/\/www.webdo.tn\/fr\/actualite\/divers\/vive-emotion-a-chebba-un-instituteur-victime-de-harcelement-s-immole-par-le-feu\/217958\/"},"author":{"name":"KJ","@id":"https:\/\/www.webdo.tn\/fr\/#\/schema\/person\/82ca085b22037d285e1a3c4b65ba5f71"},"headline":"Vive \u00e9motion \u00e0 Chebba : Un instituteur victime de harc\u00e8lement s&rsquo;immole par le feu","datePublished":"2024-11-28T18:17:00+00:00","dateModified":"2025-05-20T22:21:57+00:00","mainEntityOfPage":{"@id":"https:\/\/www.webdo.tn\/fr\/actualite\/divers\/vive-emotion-a-chebba-un-instituteur-victime-de-harcelement-s-immole-par-le-feu\/217958\/"},"wordCount":179,"commentCount":0,"publisher":{"@id":"https:\/\/www.webdo.tn\/fr\/#organization"},"image":{"@id":"https:\/\/www.webdo.tn\/fr\/actualite\/divers\/vive-emotion-a-chebba-un-instituteur-victime-de-harcelement-s-immole-par-le-feu\/217958\/#primaryimage"},"thumbnailUrl":"https:\/\/www.webdo.tn\/fr\/wp-content\/uploads\/2024\/11\/5823695f63fb47a3720719ce3bfd4005.webp","keywords":["chebba","D\u00e9c\u00e8s","feu","Instituteur"],"articleSection":["Divers"],"inLanguage":"fr-FR"},{"@type":"WebPage","@id":"https:\/\/www.webdo.tn\/fr\/actualite\/divers\/vive-emotion-a-chebba-un-instituteur-victime-de-harcelement-s-immole-par-le-feu\/217958\/","url":"https:\/\/www.webdo.tn\/fr\/actualite\/divers\/vive-emotion-a-chebba-un-instituteur-victime-de-harcelement-s-immole-par-le-feu\/217958\/","name":"Vive \u00e9motion \u00e0 Chebba : Un instituteur victime de harc\u00e8lement s'immole par le feu","isPartOf":{"@id":"https:\/\/www.webdo.tn\/fr\/#website"},"primaryImageOfPage":{"@id":"https:\/\/www.webdo.tn\/fr\/actualite\/divers\/vive-emotion-a-chebba-un-instituteur-victime-de-harcelement-s-immole-par-le-feu\/217958\/#primaryimage"},"image":{"@id":"https:\/\/www.webdo.tn\/fr\/actualite\/divers\/vive-emotion-a-chebba-un-instituteur-victime-de-harcelement-s-immole-par-le-feu\/217958\/#primaryimage"},"thumbnailUrl":"https:\/\/www.webdo.tn\/fr\/wp-content\/uploads\/2024\/11\/5823695f63fb47a3720719ce3bfd4005.webp","datePublished":"2024-11-28T18:17:00+00:00","dateModified":"2025-05-20T22:21:57+00:00","description":"Hier, l'enseignant avait mis le feu \u00e0 son corps dans sa maison \u00e0 Chebba, dans le gouvernorat de Mahdia. Il avait \u00e9t\u00e9 transf\u00e9r\u00e9 \u00e0 l'h\u00f4pital des grands br\u00fbl\u00e9s et...","breadcrumb":{"@id":"https:\/\/www.webdo.tn\/fr\/actualite\/divers\/vive-emotion-a-chebba-un-instituteur-victime-de-harcelement-s-immole-par-le-feu\/217958\/#breadcrumb"},"inLanguage":"fr-FR","potentialAction":[{"@type":"ReadAction","target":["https:\/\/www.webdo.tn\/fr\/actualite\/divers\/vive-emotion-a-chebba-un-instituteur-victime-de-harcelement-s-immole-par-le-feu\/217958\/"]}]},{"@type":"ImageObject","inLanguage":"fr-FR","@id":"https:\/\/www.webdo.tn\/fr\/actualite\/divers\/vive-emotion-a-chebba-un-instituteur-victime-de-harcelement-s-immole-par-le-feu\/217958\/#primaryimage","url":"https:\/\/www.webdo.tn\/fr\/wp-content\/uploads\/2024\/11\/5823695f63fb47a3720719ce3bfd4005.webp","contentUrl":"https:\/\/www.webdo.tn\/fr\/wp-content\/uploads\/2024\/11\/5823695f63fb47a3720719ce3bfd4005.webp","width":750,"height":400,"caption":"Vive \u00e9motion \u00e0 Chebba : Un instituteur victime de harc\u00e8lement s'immole par le feu"},{"@type":"BreadcrumbList","@id":"https:\/\/www.webdo.tn\/fr\/actualite\/divers\/vive-emotion-a-chebba-un-instituteur-victime-de-harcelement-s-immole-par-le-feu\/217958\/#breadcrumb","itemListElement":[{"@type":"ListItem","position":1,"name":"Accueil","item":"https:\/\/www.webdo.tn\/fr\/"},{"@type":"ListItem","position":2,"name":"Vive \u00e9motion \u00e0 Chebba : Un instituteur victime de harc\u00e8lement s&rsquo;immole par le feu"}]},{"@type":"WebSite","@id":"https:\/\/www.webdo.tn\/fr\/#website","url":"https:\/\/www.webdo.tn\/fr\/","name":"webdo","description":"Tunisie - News en Tunisie et \u00e0 l&#039;international sur Webdo.tn","publisher":{"@id":"https:\/\/www.webdo.tn\/fr\/#organization"},"potentialAction":[{"@type":"SearchAction","target":{"@type":"EntryPoint","urlTemplate":"https:\/\/www.webdo.tn\/fr\/?s={search_term_string}"},"query-input":{"@type":"PropertyValueSpecification","valueRequired":true,"valueName":"search_term_string"}}],"inLanguage":"fr-FR"},{"@type":"Organization","@id":"https:\/\/www.webdo.tn\/fr\/#organization","name":"Webdo","alternateName":"Webdo.tn","url":"https:\/\/www.webdo.tn\/fr\/","logo":{"@type":"ImageObject","inLanguage":"fr-FR","@id":"https:\/\/www.webdo.tn\/fr\/#\/schema\/logo\/image\/","url":"https:\/\/www.webdo.tn\/fr\/wp-content\/uploads\/2025\/06\/Webdo-Tunisie_168377.jpg","contentUrl":"https:\/\/www.webdo.tn\/fr\/wp-content\/uploads\/2025\/06\/Webdo-Tunisie_168377.jpg","width":301,"height":301,"caption":"Webdo"},"image":{"@id":"https:\/\/www.webdo.tn\/fr\/#\/schema\/logo\/image\/"},"sameAs":["https:\/\/www.facebook.com\/webdotn","https:\/\/x.com\/webdo_tn"],"description":"Webdo est un m\u00e9dia num\u00e9rique tunisien fond\u00e9 en 2010, sp\u00e9cialis\u00e9 dans l\u2019actualit\u00e9 nationale et internationale, l\u2019\u00e9conomie, la soci\u00e9t\u00e9 et les analyses politiques. Le site s\u2019adresse \u00e0 un large public francophone et couvre l\u2019information tunisienne en temps r\u00e9el.","email":"redac@webdo.tn","legalName":"YNJ SARL","foundingDate":"2010-09-06","numberOfEmployees":{"@type":"QuantitativeValue","minValue":"11","maxValue":"50"}},{"@type":"Person","@id":"https:\/\/www.webdo.tn\/fr\/#\/schema\/person\/82ca085b22037d285e1a3c4b65ba5f71","name":"KJ","image":{"@type":"ImageObject","inLanguage":"fr-FR","@id":"https:\/\/secure.gravatar.com\/avatar\/1a1320de1c1971c893f00068f760b4113d69504aa21273da17ee95650c5944fd?s=96&d=mm&r=g","url":"https:\/\/secure.gravatar.com\/avatar\/1a1320de1c1971c893f00068f760b4113d69504aa21273da17ee95650c5944fd?s=96&d=mm&r=g","contentUrl":"https:\/\/secure.gravatar.com\/avatar\/1a1320de1c1971c893f00068f760b4113d69504aa21273da17ee95650c5944fd?s=96&d=mm&r=g","caption":"KJ"},"url":"https:\/\/www.webdo.tn\/fr\/actualite\/author\/kj\/"}]}},"_links":{"self":[{"href":"https:\/\/www.webdo.tn\/fr\/wp-json\/wp\/v2\/posts\/217958","targetHints":{"allow":["GET"]}}],"collection":[{"href":"https:\/\/www.webdo.tn\/fr\/wp-json\/wp\/v2\/posts"}],"about":[{"href":"https:\/\/www.webdo.tn\/fr\/wp-json\/wp\/v2\/types\/post"}],"author":[{"embeddable":true,"href":"https:\/\/www.webdo.tn\/fr\/wp-json\/wp\/v2\/users\/3163"}],"replies":[{"embeddable":true,"href":"https:\/\/www.webdo.tn\/fr\/wp-json\/wp\/v2\/comments?post=217958"}],"version-history":[{"count":0,"href":"https:\/\/www.webdo.tn\/fr\/wp-json\/wp\/v2\/posts\/217958\/revisions"}],"wp:featuredmedia":[{"embeddable":true,"href":"https:\/\/www.webdo.tn\/fr\/wp-json\/wp\/v2\/media\/291429"}],"wp:attachment":[{"href":"https:\/\/www.webdo.tn\/fr\/wp-json\/wp\/v2\/media?parent=217958"}],"wp:term":[{"taxonomy":"category","embeddable":true,"href":"https:\/\/www.webdo.tn\/fr\/wp-json\/wp\/v2\/categories?post=217958"},{"taxonomy":"post_tag","embeddable":true,"href":"https:\/\/www.webdo.tn\/fr\/wp-json\/wp\/v2\/tags?post=217958"}],"curies":[{"name":"wp","href":"https:\/\/api.w.org\/{rel}","templated":true}]}}