{"id":217956,"date":"2024-11-28T17:59:00","date_gmt":"2024-11-28T17:59:00","guid":{"rendered":"https:\/\/www.webdo.tn\/fr\/blog\/la-tunisie-salue-l-accord-de-cessez-le-feu-au-liban\/217956\/"},"modified":"2025-05-20T22:21:58","modified_gmt":"2025-05-20T22:21:58","slug":"la-tunisie-salue-l-accord-de-cessez-le-feu-au-liban","status":"publish","type":"post","link":"https:\/\/www.webdo.tn\/fr\/actualite\/international\/la-tunisie-salue-l-accord-de-cessez-le-feu-au-liban\/217956\/","title":{"rendered":"La Tunisie salue l\u2019accord de cessez-le-feu au Liban"},"content":{"rendered":"<p>La Tunisie a salu\u00e9, ce jeudi, l&rsquo;accord de cessez-le-feu au Liban, visant \u00e0 \u00e9pargner le sang des innocents, selon un communiqu\u00e9 publi\u00e9 par le minist\u00e8re des Affaires \u00e9trang\u00e8res, de la Migration et des Tunisiens \u00e0 l&rsquo;\u00e9tranger.<\/p>\n<p>Elle a exprim\u00e9 l&rsquo;espoir que cet accord, entr\u00e9 en vigueur \u00e0 l&rsquo;aube du 27 novembre 2024, ouvre la voie \u00e0 un arr\u00eat permanent et global de la guerre, permettant le retour s\u00e9curis\u00e9 des habitants du Sud du Liban \u00e0 leurs foyers et le retrait total de l&rsquo;arm\u00e9e d&rsquo;occupation des territoires libanais.<\/p>\n<p>Une telle \u00e9volution renforcerait la s\u00e9curit\u00e9 du Liban, pr\u00e9serverait sa souverainet\u00e9 et cr\u00e9erait un climat favorable \u00e0 l\u2019ach\u00e8vement de la construction de ses institutions restantes ainsi qu\u2019au lancement des efforts de reconstruction.<\/p>\n<p>La Tunisie a \u00e9galement soulign\u00e9, dans le m\u00eame communiqu\u00e9, l&rsquo;importance que cet accord contribue \u00e0 mettre fin \u00e0 l\u2019effusion de sang caus\u00e9e par la guerre d&rsquo;extermination syst\u00e9matique men\u00e9e contre le peuple palestinien dans les territoires occup\u00e9s.<\/p>\n<p>Elle a appel\u00e9 la communaut\u00e9 internationale \u00e0 assumer ses responsabilit\u00e9s politiques, juridiques et \u00e9thiques, et \u00e0 rompre avec son ind\u00e9cision injustifi\u00e9e, en mettant un terme aux exactions et aux crimes horribles et barbares perp\u00e9tr\u00e9s par l&rsquo;entit\u00e9 occupante.<\/p>\n<p>Dans ce contexte, la Tunisie a insist\u00e9 sur la n\u00e9cessit\u00e9 d\u2019obliger cette entit\u00e9 \u00e0 se conformer aux r\u00e9solutions des Nations Unies et \u00e0 acc\u00e9l\u00e9rer la mise en place de toutes les garanties n\u00e9cessaires pour prot\u00e9ger le peuple palestinien. Elle a \u00e9galement plaid\u00e9 pour la r\u00e9ouverture imm\u00e9diate de tous les points de passage, en particulier celui de Rafah, afin de permettre l\u2019entr\u00e9e des aides humanitaires et de secours sans aucune restriction.<\/p>\n<p>La Tunisie a r\u00e9affirm\u00e9 son soutien ind\u00e9fectible et inconditionnel au droit du peuple palestinien \u00e0 recouvrer ses droits l\u00e9gitimes et inali\u00e9nables, qui ne s\u2019\u00e9teindront pas avec le temps. En premier lieu figure son droit \u00e0 l\u2019autod\u00e9termination et \u00e0 l\u2019\u00e9tablissement d\u2019un \u00c9tat ind\u00e9pendant et souverain sur l\u2019ensemble des terres palestiniennes, avec J\u00e9rusalem comme capitale.<\/p>\n","protected":false},"excerpt":{"rendered":"<p>Elle a exprim\u00e9 l&rsquo;espoir que cet accord, entr\u00e9 en vigueur \u00e0 l&rsquo;aube du 27 novembre 2024, ouvre la voie \u00e0 un arr\u00eat permanent et global de la guerre, permettant le&#8230;<\/p>\n","protected":false},"author":3163,"featured_media":291431,"comment_status":"open","ping_status":"closed","sticky":false,"template":"","format":"standard","meta":{"footnotes":""},"categories":[2598],"tags":[4344,2600,3920,2608],"class_list":["post-217956","post","type-post","status-publish","format-standard","has-post-thumbnail","hentry","category-international","tag-cessez-le-feu","tag-guerre","tag-liban","tag-tunisie"],"yoast_head":"<!-- This site is optimized with the Yoast SEO Premium plugin v27.4 (Yoast SEO v27.5) - https:\/\/yoast.com\/product\/yoast-seo-premium-wordpress\/ -->\n<title>La Tunisie salue l\u2019accord de cessez-le-feu au Liban<\/title>\n<meta name=\"description\" content=\"Elle a exprim\u00e9 l&#039;espoir que cet accord, entr\u00e9 en vigueur \u00e0 l&#039;aube du 27 novembre 2024, ouvre la voie \u00e0 un arr\u00eat permanent et global de la guerre, permettant le...\" \/>\n<link rel=\"canonical\" href=\"https:\/\/www.webdo.tn\/fr\/actualite\/international\/la-tunisie-salue-l-accord-de-cessez-le-feu-au-liban\/217956\/\" \/>\n<meta property=\"og:locale\" content=\"fr_FR\" \/>\n<meta property=\"og:type\" content=\"article\" \/>\n<meta property=\"og:title\" content=\"La Tunisie salue l\u2019accord de cessez-le-feu au Liban\" \/>\n<meta property=\"og:description\" content=\"Elle a exprim\u00e9 l&#039;espoir que cet accord, entr\u00e9 en vigueur \u00e0 l&#039;aube du 27 novembre 2024, ouvre la voie \u00e0 un arr\u00eat permanent et global de la guerre, permettant le...\" \/>\n<meta property=\"og:url\" content=\"https:\/\/www.webdo.tn\/fr\/actualite\/international\/la-tunisie-salue-l-accord-de-cessez-le-feu-au-liban\/217956\/\" \/>\n<meta property=\"og:site_name\" content=\"webdo\" \/>\n<meta property=\"article:publisher\" content=\"https:\/\/www.facebook.com\/webdotn\" \/>\n<meta property=\"article:published_time\" content=\"2024-11-28T17:59:00+00:00\" \/>\n<meta property=\"article:modified_time\" content=\"2025-05-20T22:21:58+00:00\" \/>\n<meta property=\"og:image\" content=\"https:\/\/www.webdo.tn\/fr\/wp-content\/uploads\/2024\/11\/55574170f3a6a84816b61e52ab57b461.webp\" \/>\n\t<meta property=\"og:image:width\" content=\"750\" \/>\n\t<meta property=\"og:image:height\" content=\"400\" \/>\n\t<meta property=\"og:image:type\" content=\"image\/webp\" \/>\n<meta name=\"author\" content=\"KJ\" \/>\n<meta name=\"twitter:card\" content=\"summary_large_image\" \/>\n<meta name=\"twitter:creator\" content=\"@webdo_tn\" \/>\n<meta name=\"twitter:site\" content=\"@webdo_tn\" \/>\n<meta name=\"twitter:label1\" content=\"\u00c9crit par\" \/>\n\t<meta name=\"twitter:data1\" content=\"KJ\" \/>\n\t<meta name=\"twitter:label2\" content=\"Dur\u00e9e de lecture estim\u00e9e\" \/>\n\t<meta name=\"twitter:data2\" content=\"2 minutes\" \/>\n<script type=\"application\/ld+json\" class=\"yoast-schema-graph\">{\"@context\":\"https:\\\/\\\/schema.org\",\"@graph\":[{\"@type\":\"NewsArticle\",\"@id\":\"https:\\\/\\\/www.webdo.tn\\\/fr\\\/actualite\\\/international\\\/la-tunisie-salue-l-accord-de-cessez-le-feu-au-liban\\\/217956\\\/#article\",\"isPartOf\":{\"@id\":\"https:\\\/\\\/www.webdo.tn\\\/fr\\\/actualite\\\/international\\\/la-tunisie-salue-l-accord-de-cessez-le-feu-au-liban\\\/217956\\\/\"},\"author\":{\"name\":\"KJ\",\"@id\":\"https:\\\/\\\/www.webdo.tn\\\/fr\\\/#\\\/schema\\\/person\\\/82ca085b22037d285e1a3c4b65ba5f71\"},\"headline\":\"La Tunisie salue l\u2019accord de cessez-le-feu au Liban\",\"datePublished\":\"2024-11-28T17:59:00+00:00\",\"dateModified\":\"2025-05-20T22:21:58+00:00\",\"mainEntityOfPage\":{\"@id\":\"https:\\\/\\\/www.webdo.tn\\\/fr\\\/actualite\\\/international\\\/la-tunisie-salue-l-accord-de-cessez-le-feu-au-liban\\\/217956\\\/\"},\"wordCount\":361,\"commentCount\":0,\"publisher\":{\"@id\":\"https:\\\/\\\/www.webdo.tn\\\/fr\\\/#organization\"},\"image\":{\"@id\":\"https:\\\/\\\/www.webdo.tn\\\/fr\\\/actualite\\\/international\\\/la-tunisie-salue-l-accord-de-cessez-le-feu-au-liban\\\/217956\\\/#primaryimage\"},\"thumbnailUrl\":\"https:\\\/\\\/www.webdo.tn\\\/fr\\\/wp-content\\\/uploads\\\/2024\\\/11\\\/55574170f3a6a84816b61e52ab57b461.webp\",\"keywords\":[\"Cessez-le-feu\",\"guerre\",\"liban\",\"Tunisie\"],\"articleSection\":[\"International\"],\"inLanguage\":\"fr-FR\"},{\"@type\":\"WebPage\",\"@id\":\"https:\\\/\\\/www.webdo.tn\\\/fr\\\/actualite\\\/international\\\/la-tunisie-salue-l-accord-de-cessez-le-feu-au-liban\\\/217956\\\/\",\"url\":\"https:\\\/\\\/www.webdo.tn\\\/fr\\\/actualite\\\/international\\\/la-tunisie-salue-l-accord-de-cessez-le-feu-au-liban\\\/217956\\\/\",\"name\":\"La Tunisie salue l\u2019accord de cessez-le-feu au Liban\",\"isPartOf\":{\"@id\":\"https:\\\/\\\/www.webdo.tn\\\/fr\\\/#website\"},\"primaryImageOfPage\":{\"@id\":\"https:\\\/\\\/www.webdo.tn\\\/fr\\\/actualite\\\/international\\\/la-tunisie-salue-l-accord-de-cessez-le-feu-au-liban\\\/217956\\\/#primaryimage\"},\"image\":{\"@id\":\"https:\\\/\\\/www.webdo.tn\\\/fr\\\/actualite\\\/international\\\/la-tunisie-salue-l-accord-de-cessez-le-feu-au-liban\\\/217956\\\/#primaryimage\"},\"thumbnailUrl\":\"https:\\\/\\\/www.webdo.tn\\\/fr\\\/wp-content\\\/uploads\\\/2024\\\/11\\\/55574170f3a6a84816b61e52ab57b461.webp\",\"datePublished\":\"2024-11-28T17:59:00+00:00\",\"dateModified\":\"2025-05-20T22:21:58+00:00\",\"description\":\"Elle a exprim\u00e9 l'espoir que cet accord, entr\u00e9 en vigueur \u00e0 l'aube du 27 novembre 2024, ouvre la voie \u00e0 un arr\u00eat permanent et global de la guerre, permettant le...\",\"breadcrumb\":{\"@id\":\"https:\\\/\\\/www.webdo.tn\\\/fr\\\/actualite\\\/international\\\/la-tunisie-salue-l-accord-de-cessez-le-feu-au-liban\\\/217956\\\/#breadcrumb\"},\"inLanguage\":\"fr-FR\",\"potentialAction\":[{\"@type\":\"ReadAction\",\"target\":[\"https:\\\/\\\/www.webdo.tn\\\/fr\\\/actualite\\\/international\\\/la-tunisie-salue-l-accord-de-cessez-le-feu-au-liban\\\/217956\\\/\"]}]},{\"@type\":\"ImageObject\",\"inLanguage\":\"fr-FR\",\"@id\":\"https:\\\/\\\/www.webdo.tn\\\/fr\\\/actualite\\\/international\\\/la-tunisie-salue-l-accord-de-cessez-le-feu-au-liban\\\/217956\\\/#primaryimage\",\"url\":\"https:\\\/\\\/www.webdo.tn\\\/fr\\\/wp-content\\\/uploads\\\/2024\\\/11\\\/55574170f3a6a84816b61e52ab57b461.webp\",\"contentUrl\":\"https:\\\/\\\/www.webdo.tn\\\/fr\\\/wp-content\\\/uploads\\\/2024\\\/11\\\/55574170f3a6a84816b61e52ab57b461.webp\",\"width\":750,\"height\":400,\"caption\":\"La Tunisie salue l\u2019accord de cessez-le-feu au Liban\"},{\"@type\":\"BreadcrumbList\",\"@id\":\"https:\\\/\\\/www.webdo.tn\\\/fr\\\/actualite\\\/international\\\/la-tunisie-salue-l-accord-de-cessez-le-feu-au-liban\\\/217956\\\/#breadcrumb\",\"itemListElement\":[{\"@type\":\"ListItem\",\"position\":1,\"name\":\"Accueil\",\"item\":\"https:\\\/\\\/www.webdo.tn\\\/fr\\\/\"},{\"@type\":\"ListItem\",\"position\":2,\"name\":\"La Tunisie salue l\u2019accord de cessez-le-feu au Liban\"}]},{\"@type\":\"WebSite\",\"@id\":\"https:\\\/\\\/www.webdo.tn\\\/fr\\\/#website\",\"url\":\"https:\\\/\\\/www.webdo.tn\\\/fr\\\/\",\"name\":\"webdo\",\"description\":\"Tunisie - News en Tunisie et \u00e0 l&#039;international sur Webdo.tn\",\"publisher\":{\"@id\":\"https:\\\/\\\/www.webdo.tn\\\/fr\\\/#organization\"},\"potentialAction\":[{\"@type\":\"SearchAction\",\"target\":{\"@type\":\"EntryPoint\",\"urlTemplate\":\"https:\\\/\\\/www.webdo.tn\\\/fr\\\/?s={search_term_string}\"},\"query-input\":{\"@type\":\"PropertyValueSpecification\",\"valueRequired\":true,\"valueName\":\"search_term_string\"}}],\"inLanguage\":\"fr-FR\"},{\"@type\":\"Organization\",\"@id\":\"https:\\\/\\\/www.webdo.tn\\\/fr\\\/#organization\",\"name\":\"Webdo\",\"alternateName\":\"Webdo.tn\",\"url\":\"https:\\\/\\\/www.webdo.tn\\\/fr\\\/\",\"logo\":{\"@type\":\"ImageObject\",\"inLanguage\":\"fr-FR\",\"@id\":\"https:\\\/\\\/www.webdo.tn\\\/fr\\\/#\\\/schema\\\/logo\\\/image\\\/\",\"url\":\"https:\\\/\\\/www.webdo.tn\\\/fr\\\/wp-content\\\/uploads\\\/2025\\\/06\\\/Webdo-Tunisie_168377.jpg\",\"contentUrl\":\"https:\\\/\\\/www.webdo.tn\\\/fr\\\/wp-content\\\/uploads\\\/2025\\\/06\\\/Webdo-Tunisie_168377.jpg\",\"width\":301,\"height\":301,\"caption\":\"Webdo\"},\"image\":{\"@id\":\"https:\\\/\\\/www.webdo.tn\\\/fr\\\/#\\\/schema\\\/logo\\\/image\\\/\"},\"sameAs\":[\"https:\\\/\\\/www.facebook.com\\\/webdotn\",\"https:\\\/\\\/x.com\\\/webdo_tn\"],\"description\":\"Webdo est un m\u00e9dia num\u00e9rique tunisien fond\u00e9 en 2010, sp\u00e9cialis\u00e9 dans l\u2019actualit\u00e9 nationale et internationale, l\u2019\u00e9conomie, la soci\u00e9t\u00e9 et les analyses politiques. Le site s\u2019adresse \u00e0 un large public francophone et couvre l\u2019information tunisienne en temps r\u00e9el.\",\"email\":\"redac@webdo.tn\",\"legalName\":\"YNJ SARL\",\"foundingDate\":\"2010-09-06\",\"numberOfEmployees\":{\"@type\":\"QuantitativeValue\",\"minValue\":\"11\",\"maxValue\":\"50\"}},{\"@type\":\"Person\",\"@id\":\"https:\\\/\\\/www.webdo.tn\\\/fr\\\/#\\\/schema\\\/person\\\/82ca085b22037d285e1a3c4b65ba5f71\",\"name\":\"KJ\",\"image\":{\"@type\":\"ImageObject\",\"inLanguage\":\"fr-FR\",\"@id\":\"https:\\\/\\\/secure.gravatar.com\\\/avatar\\\/1a1320de1c1971c893f00068f760b4113d69504aa21273da17ee95650c5944fd?s=96&d=mm&r=g\",\"url\":\"https:\\\/\\\/secure.gravatar.com\\\/avatar\\\/1a1320de1c1971c893f00068f760b4113d69504aa21273da17ee95650c5944fd?s=96&d=mm&r=g\",\"contentUrl\":\"https:\\\/\\\/secure.gravatar.com\\\/avatar\\\/1a1320de1c1971c893f00068f760b4113d69504aa21273da17ee95650c5944fd?s=96&d=mm&r=g\",\"caption\":\"KJ\"},\"url\":\"https:\\\/\\\/www.webdo.tn\\\/fr\\\/actualite\\\/author\\\/kj\\\/\"}]}<\/script>\n<!-- \/ Yoast SEO Premium plugin. -->","yoast_head_json":{"title":"La Tunisie salue l\u2019accord de cessez-le-feu au Liban","description":"Elle a exprim\u00e9 l'espoir que cet accord, entr\u00e9 en vigueur \u00e0 l'aube du 27 novembre 2024, ouvre la voie \u00e0 un arr\u00eat permanent et global de la guerre, permettant le...","canonical":"https:\/\/www.webdo.tn\/fr\/actualite\/international\/la-tunisie-salue-l-accord-de-cessez-le-feu-au-liban\/217956\/","og_locale":"fr_FR","og_type":"article","og_title":"La Tunisie salue l\u2019accord de cessez-le-feu au Liban","og_description":"Elle a exprim\u00e9 l'espoir que cet accord, entr\u00e9 en vigueur \u00e0 l'aube du 27 novembre 2024, ouvre la voie \u00e0 un arr\u00eat permanent et global de la guerre, permettant le...","og_url":"https:\/\/www.webdo.tn\/fr\/actualite\/international\/la-tunisie-salue-l-accord-de-cessez-le-feu-au-liban\/217956\/","og_site_name":"webdo","article_publisher":"https:\/\/www.facebook.com\/webdotn","article_published_time":"2024-11-28T17:59:00+00:00","article_modified_time":"2025-05-20T22:21:58+00:00","og_image":[{"width":750,"height":400,"url":"https:\/\/www.webdo.tn\/fr\/wp-content\/uploads\/2024\/11\/55574170f3a6a84816b61e52ab57b461.webp","type":"image\/webp"}],"author":"KJ","twitter_card":"summary_large_image","twitter_creator":"@webdo_tn","twitter_site":"@webdo_tn","twitter_misc":{"\u00c9crit par":"KJ","Dur\u00e9e de lecture estim\u00e9e":"2 minutes"},"schema":{"@context":"https:\/\/schema.org","@graph":[{"@type":"NewsArticle","@id":"https:\/\/www.webdo.tn\/fr\/actualite\/international\/la-tunisie-salue-l-accord-de-cessez-le-feu-au-liban\/217956\/#article","isPartOf":{"@id":"https:\/\/www.webdo.tn\/fr\/actualite\/international\/la-tunisie-salue-l-accord-de-cessez-le-feu-au-liban\/217956\/"},"author":{"name":"KJ","@id":"https:\/\/www.webdo.tn\/fr\/#\/schema\/person\/82ca085b22037d285e1a3c4b65ba5f71"},"headline":"La Tunisie salue l\u2019accord de cessez-le-feu au Liban","datePublished":"2024-11-28T17:59:00+00:00","dateModified":"2025-05-20T22:21:58+00:00","mainEntityOfPage":{"@id":"https:\/\/www.webdo.tn\/fr\/actualite\/international\/la-tunisie-salue-l-accord-de-cessez-le-feu-au-liban\/217956\/"},"wordCount":361,"commentCount":0,"publisher":{"@id":"https:\/\/www.webdo.tn\/fr\/#organization"},"image":{"@id":"https:\/\/www.webdo.tn\/fr\/actualite\/international\/la-tunisie-salue-l-accord-de-cessez-le-feu-au-liban\/217956\/#primaryimage"},"thumbnailUrl":"https:\/\/www.webdo.tn\/fr\/wp-content\/uploads\/2024\/11\/55574170f3a6a84816b61e52ab57b461.webp","keywords":["Cessez-le-feu","guerre","liban","Tunisie"],"articleSection":["International"],"inLanguage":"fr-FR"},{"@type":"WebPage","@id":"https:\/\/www.webdo.tn\/fr\/actualite\/international\/la-tunisie-salue-l-accord-de-cessez-le-feu-au-liban\/217956\/","url":"https:\/\/www.webdo.tn\/fr\/actualite\/international\/la-tunisie-salue-l-accord-de-cessez-le-feu-au-liban\/217956\/","name":"La Tunisie salue l\u2019accord de cessez-le-feu au Liban","isPartOf":{"@id":"https:\/\/www.webdo.tn\/fr\/#website"},"primaryImageOfPage":{"@id":"https:\/\/www.webdo.tn\/fr\/actualite\/international\/la-tunisie-salue-l-accord-de-cessez-le-feu-au-liban\/217956\/#primaryimage"},"image":{"@id":"https:\/\/www.webdo.tn\/fr\/actualite\/international\/la-tunisie-salue-l-accord-de-cessez-le-feu-au-liban\/217956\/#primaryimage"},"thumbnailUrl":"https:\/\/www.webdo.tn\/fr\/wp-content\/uploads\/2024\/11\/55574170f3a6a84816b61e52ab57b461.webp","datePublished":"2024-11-28T17:59:00+00:00","dateModified":"2025-05-20T22:21:58+00:00","description":"Elle a exprim\u00e9 l'espoir que cet accord, entr\u00e9 en vigueur \u00e0 l'aube du 27 novembre 2024, ouvre la voie \u00e0 un arr\u00eat permanent et global de la guerre, permettant le...","breadcrumb":{"@id":"https:\/\/www.webdo.tn\/fr\/actualite\/international\/la-tunisie-salue-l-accord-de-cessez-le-feu-au-liban\/217956\/#breadcrumb"},"inLanguage":"fr-FR","potentialAction":[{"@type":"ReadAction","target":["https:\/\/www.webdo.tn\/fr\/actualite\/international\/la-tunisie-salue-l-accord-de-cessez-le-feu-au-liban\/217956\/"]}]},{"@type":"ImageObject","inLanguage":"fr-FR","@id":"https:\/\/www.webdo.tn\/fr\/actualite\/international\/la-tunisie-salue-l-accord-de-cessez-le-feu-au-liban\/217956\/#primaryimage","url":"https:\/\/www.webdo.tn\/fr\/wp-content\/uploads\/2024\/11\/55574170f3a6a84816b61e52ab57b461.webp","contentUrl":"https:\/\/www.webdo.tn\/fr\/wp-content\/uploads\/2024\/11\/55574170f3a6a84816b61e52ab57b461.webp","width":750,"height":400,"caption":"La Tunisie salue l\u2019accord de cessez-le-feu au Liban"},{"@type":"BreadcrumbList","@id":"https:\/\/www.webdo.tn\/fr\/actualite\/international\/la-tunisie-salue-l-accord-de-cessez-le-feu-au-liban\/217956\/#breadcrumb","itemListElement":[{"@type":"ListItem","position":1,"name":"Accueil","item":"https:\/\/www.webdo.tn\/fr\/"},{"@type":"ListItem","position":2,"name":"La Tunisie salue l\u2019accord de cessez-le-feu au Liban"}]},{"@type":"WebSite","@id":"https:\/\/www.webdo.tn\/fr\/#website","url":"https:\/\/www.webdo.tn\/fr\/","name":"webdo","description":"Tunisie - News en Tunisie et \u00e0 l&#039;international sur Webdo.tn","publisher":{"@id":"https:\/\/www.webdo.tn\/fr\/#organization"},"potentialAction":[{"@type":"SearchAction","target":{"@type":"EntryPoint","urlTemplate":"https:\/\/www.webdo.tn\/fr\/?s={search_term_string}"},"query-input":{"@type":"PropertyValueSpecification","valueRequired":true,"valueName":"search_term_string"}}],"inLanguage":"fr-FR"},{"@type":"Organization","@id":"https:\/\/www.webdo.tn\/fr\/#organization","name":"Webdo","alternateName":"Webdo.tn","url":"https:\/\/www.webdo.tn\/fr\/","logo":{"@type":"ImageObject","inLanguage":"fr-FR","@id":"https:\/\/www.webdo.tn\/fr\/#\/schema\/logo\/image\/","url":"https:\/\/www.webdo.tn\/fr\/wp-content\/uploads\/2025\/06\/Webdo-Tunisie_168377.jpg","contentUrl":"https:\/\/www.webdo.tn\/fr\/wp-content\/uploads\/2025\/06\/Webdo-Tunisie_168377.jpg","width":301,"height":301,"caption":"Webdo"},"image":{"@id":"https:\/\/www.webdo.tn\/fr\/#\/schema\/logo\/image\/"},"sameAs":["https:\/\/www.facebook.com\/webdotn","https:\/\/x.com\/webdo_tn"],"description":"Webdo est un m\u00e9dia num\u00e9rique tunisien fond\u00e9 en 2010, sp\u00e9cialis\u00e9 dans l\u2019actualit\u00e9 nationale et internationale, l\u2019\u00e9conomie, la soci\u00e9t\u00e9 et les analyses politiques. Le site s\u2019adresse \u00e0 un large public francophone et couvre l\u2019information tunisienne en temps r\u00e9el.","email":"redac@webdo.tn","legalName":"YNJ SARL","foundingDate":"2010-09-06","numberOfEmployees":{"@type":"QuantitativeValue","minValue":"11","maxValue":"50"}},{"@type":"Person","@id":"https:\/\/www.webdo.tn\/fr\/#\/schema\/person\/82ca085b22037d285e1a3c4b65ba5f71","name":"KJ","image":{"@type":"ImageObject","inLanguage":"fr-FR","@id":"https:\/\/secure.gravatar.com\/avatar\/1a1320de1c1971c893f00068f760b4113d69504aa21273da17ee95650c5944fd?s=96&d=mm&r=g","url":"https:\/\/secure.gravatar.com\/avatar\/1a1320de1c1971c893f00068f760b4113d69504aa21273da17ee95650c5944fd?s=96&d=mm&r=g","contentUrl":"https:\/\/secure.gravatar.com\/avatar\/1a1320de1c1971c893f00068f760b4113d69504aa21273da17ee95650c5944fd?s=96&d=mm&r=g","caption":"KJ"},"url":"https:\/\/www.webdo.tn\/fr\/actualite\/author\/kj\/"}]}},"_links":{"self":[{"href":"https:\/\/www.webdo.tn\/fr\/wp-json\/wp\/v2\/posts\/217956","targetHints":{"allow":["GET"]}}],"collection":[{"href":"https:\/\/www.webdo.tn\/fr\/wp-json\/wp\/v2\/posts"}],"about":[{"href":"https:\/\/www.webdo.tn\/fr\/wp-json\/wp\/v2\/types\/post"}],"author":[{"embeddable":true,"href":"https:\/\/www.webdo.tn\/fr\/wp-json\/wp\/v2\/users\/3163"}],"replies":[{"embeddable":true,"href":"https:\/\/www.webdo.tn\/fr\/wp-json\/wp\/v2\/comments?post=217956"}],"version-history":[{"count":0,"href":"https:\/\/www.webdo.tn\/fr\/wp-json\/wp\/v2\/posts\/217956\/revisions"}],"wp:featuredmedia":[{"embeddable":true,"href":"https:\/\/www.webdo.tn\/fr\/wp-json\/wp\/v2\/media\/291431"}],"wp:attachment":[{"href":"https:\/\/www.webdo.tn\/fr\/wp-json\/wp\/v2\/media?parent=217956"}],"wp:term":[{"taxonomy":"category","embeddable":true,"href":"https:\/\/www.webdo.tn\/fr\/wp-json\/wp\/v2\/categories?post=217956"},{"taxonomy":"post_tag","embeddable":true,"href":"https:\/\/www.webdo.tn\/fr\/wp-json\/wp\/v2\/tags?post=217956"}],"curies":[{"name":"wp","href":"https:\/\/api.w.org\/{rel}","templated":true}]}}