{"id":217949,"date":"2024-11-28T14:43:00","date_gmt":"2024-11-28T14:43:00","guid":{"rendered":"https:\/\/www.webdo.tn\/fr\/blog\/ligue-1-le-derby-est-ca-avance-au-21-22-decembre\/217949\/"},"modified":"2025-05-20T22:15:17","modified_gmt":"2025-05-20T22:15:17","slug":"ligue-1-le-derby-est-ca-avance-au-21-22-decembre","status":"publish","type":"post","link":"https:\/\/www.webdo.tn\/fr\/actualite\/sport\/ligue-1-le-derby-est-ca-avance-au-21-22-decembre\/217949\/","title":{"rendered":"Ligue 1 : Le derby EST-CA avanc\u00e9 au 21\/22 d\u00e9cembre"},"content":{"rendered":"<p>Fix\u00e9 dans un premier temps au 25 ou 26 d\u00e9cembre 2024, le derby de la capitale de la 12\u00e8me journ\u00e9e entre l&rsquo;Esp\u00e9rance ST et le Club Africain se d\u00e9roulera finalement samedi 21 ou dimanche 22 d\u00e9cembre 2024.<\/p>\n<p>\t\t\t\t\t\t\t\t\tLe calendrier \u00e9tabli par la F\u00e9d\u00e9ration Tunisienne de Football avait fix\u00e9 le derby entre l\u2019EST et le CA au mercredi 25 ou jeudi 26 d\u00e9cembre 2024. Une programmation contest\u00e9e par l\u2019ES Tunis, qui re\u00e7oit lors de ce match.<\/p>\n<p>Suite \u00e0 la r\u00e9union qui a regroup\u00e9, aujourd\u2019hui, le Comit\u00e9 de normalisation charg\u00e9 de la gestion des affaires de la FTF et les repr\u00e9sentants des clubs de Ligue 1 dans le but de proc\u00e9der \u00e0 des changements partiels du calendrier du championnat, il a \u00e9t\u00e9 d\u00e9cid\u00e9 d\u2019avancer le derby au week-end du 21\/22 d\u00e9cembre.<\/p>\n","protected":false},"excerpt":{"rendered":"<p>Fix\u00e9 dans un premier temps au 25 ou 26 d\u00e9cembre 2024, le derby de la capitale de la 12\u00e8me journ\u00e9e entre l&rsquo;Esp\u00e9rance ST et le Club Africain se d\u00e9roulera finaleme&#8230;<\/p>\n","protected":false},"author":3162,"featured_media":291427,"comment_status":"open","ping_status":"closed","sticky":false,"template":"","format":"standard","meta":{"footnotes":""},"categories":[2593],"tags":[3101,3077,3102,2777,2608],"class_list":["post-217949","post","type-post","status-publish","format-standard","has-post-thumbnail","hentry","category-sport","tag-club-africain","tag-derby","tag-esperance-st","tag-ligue-1","tag-tunisie"],"yoast_head":"<!-- This site is optimized with the Yoast SEO Premium plugin v27.5 (Yoast SEO v27.5) - https:\/\/yoast.com\/product\/yoast-seo-premium-wordpress\/ -->\n<title>Ligue 1 : Le derby EST-CA avanc\u00e9 au 21\/22 d\u00e9cembre<\/title>\n<meta name=\"description\" content=\"Fix\u00e9 dans un premier temps au 25 ou 26 d\u00e9cembre 2024, le derby de la capitale de la 12\u00e8me journ\u00e9e entre l&#039;Esp\u00e9rance ST et le Club Africain se d\u00e9roulera finaleme...\" \/>\n<link rel=\"canonical\" href=\"https:\/\/www.webdo.tn\/fr\/actualite\/sport\/ligue-1-le-derby-est-ca-avance-au-21-22-decembre\/217949\/\" \/>\n<meta property=\"og:locale\" content=\"fr_FR\" \/>\n<meta property=\"og:type\" content=\"article\" \/>\n<meta property=\"og:title\" content=\"Ligue 1 : Le derby EST-CA avanc\u00e9 au 21\/22 d\u00e9cembre\" \/>\n<meta property=\"og:description\" content=\"Fix\u00e9 dans un premier temps au 25 ou 26 d\u00e9cembre 2024, le derby de la capitale de la 12\u00e8me journ\u00e9e entre l&#039;Esp\u00e9rance ST et le Club Africain se d\u00e9roulera finaleme...\" \/>\n<meta property=\"og:url\" content=\"https:\/\/www.webdo.tn\/fr\/actualite\/sport\/ligue-1-le-derby-est-ca-avance-au-21-22-decembre\/217949\/\" \/>\n<meta property=\"og:site_name\" content=\"webdo\" \/>\n<meta property=\"article:publisher\" content=\"https:\/\/www.facebook.com\/webdotn\" \/>\n<meta property=\"article:published_time\" content=\"2024-11-28T14:43:00+00:00\" \/>\n<meta property=\"article:modified_time\" content=\"2025-05-20T22:15:17+00:00\" \/>\n<meta property=\"og:image\" content=\"https:\/\/www.webdo.tn\/fr\/wp-content\/uploads\/2024\/11\/08f3de425d8cff30e0d520e2565a5dea.webp\" \/>\n\t<meta property=\"og:image:width\" content=\"703\" \/>\n\t<meta property=\"og:image:height\" content=\"375\" \/>\n\t<meta property=\"og:image:type\" content=\"image\/webp\" \/>\n<meta name=\"author\" content=\"MC\" \/>\n<meta name=\"twitter:card\" content=\"summary_large_image\" \/>\n<meta name=\"twitter:creator\" content=\"@webdo_tn\" \/>\n<meta name=\"twitter:site\" content=\"@webdo_tn\" \/>\n<meta name=\"twitter:label1\" content=\"\u00c9crit par\" \/>\n\t<meta name=\"twitter:data1\" content=\"MC\" \/>\n\t<meta name=\"twitter:label2\" content=\"Dur\u00e9e de lecture estim\u00e9e\" \/>\n\t<meta name=\"twitter:data2\" content=\"1 minute\" \/>\n<script type=\"application\/ld+json\" class=\"yoast-schema-graph\">{\"@context\":\"https:\\\/\\\/schema.org\",\"@graph\":[{\"@type\":\"NewsArticle\",\"@id\":\"https:\\\/\\\/www.webdo.tn\\\/fr\\\/actualite\\\/sport\\\/ligue-1-le-derby-est-ca-avance-au-21-22-decembre\\\/217949\\\/#article\",\"isPartOf\":{\"@id\":\"https:\\\/\\\/www.webdo.tn\\\/fr\\\/actualite\\\/sport\\\/ligue-1-le-derby-est-ca-avance-au-21-22-decembre\\\/217949\\\/\"},\"author\":{\"name\":\"MC\",\"@id\":\"https:\\\/\\\/www.webdo.tn\\\/fr\\\/#\\\/schema\\\/person\\\/2c4929cbf5a809e3bd38617c6ce150f6\"},\"headline\":\"Ligue 1 : Le derby EST-CA avanc\u00e9 au 21\\\/22 d\u00e9cembre\",\"datePublished\":\"2024-11-28T14:43:00+00:00\",\"dateModified\":\"2025-05-20T22:15:17+00:00\",\"mainEntityOfPage\":{\"@id\":\"https:\\\/\\\/www.webdo.tn\\\/fr\\\/actualite\\\/sport\\\/ligue-1-le-derby-est-ca-avance-au-21-22-decembre\\\/217949\\\/\"},\"wordCount\":144,\"commentCount\":0,\"publisher\":{\"@id\":\"https:\\\/\\\/www.webdo.tn\\\/fr\\\/#organization\"},\"image\":{\"@id\":\"https:\\\/\\\/www.webdo.tn\\\/fr\\\/actualite\\\/sport\\\/ligue-1-le-derby-est-ca-avance-au-21-22-decembre\\\/217949\\\/#primaryimage\"},\"thumbnailUrl\":\"https:\\\/\\\/www.webdo.tn\\\/fr\\\/wp-content\\\/uploads\\\/2024\\\/11\\\/08f3de425d8cff30e0d520e2565a5dea.webp\",\"keywords\":[\"Club Africain\",\"Derby\",\"esp\u00e9rance st\",\"Ligue 1\",\"Tunisie\"],\"articleSection\":[\"Sport\"],\"inLanguage\":\"fr-FR\"},{\"@type\":\"WebPage\",\"@id\":\"https:\\\/\\\/www.webdo.tn\\\/fr\\\/actualite\\\/sport\\\/ligue-1-le-derby-est-ca-avance-au-21-22-decembre\\\/217949\\\/\",\"url\":\"https:\\\/\\\/www.webdo.tn\\\/fr\\\/actualite\\\/sport\\\/ligue-1-le-derby-est-ca-avance-au-21-22-decembre\\\/217949\\\/\",\"name\":\"Ligue 1 : Le derby EST-CA avanc\u00e9 au 21\\\/22 d\u00e9cembre\",\"isPartOf\":{\"@id\":\"https:\\\/\\\/www.webdo.tn\\\/fr\\\/#website\"},\"primaryImageOfPage\":{\"@id\":\"https:\\\/\\\/www.webdo.tn\\\/fr\\\/actualite\\\/sport\\\/ligue-1-le-derby-est-ca-avance-au-21-22-decembre\\\/217949\\\/#primaryimage\"},\"image\":{\"@id\":\"https:\\\/\\\/www.webdo.tn\\\/fr\\\/actualite\\\/sport\\\/ligue-1-le-derby-est-ca-avance-au-21-22-decembre\\\/217949\\\/#primaryimage\"},\"thumbnailUrl\":\"https:\\\/\\\/www.webdo.tn\\\/fr\\\/wp-content\\\/uploads\\\/2024\\\/11\\\/08f3de425d8cff30e0d520e2565a5dea.webp\",\"datePublished\":\"2024-11-28T14:43:00+00:00\",\"dateModified\":\"2025-05-20T22:15:17+00:00\",\"description\":\"Fix\u00e9 dans un premier temps au 25 ou 26 d\u00e9cembre 2024, le derby de la capitale de la 12\u00e8me journ\u00e9e entre l'Esp\u00e9rance ST et le Club Africain se d\u00e9roulera finaleme...\",\"breadcrumb\":{\"@id\":\"https:\\\/\\\/www.webdo.tn\\\/fr\\\/actualite\\\/sport\\\/ligue-1-le-derby-est-ca-avance-au-21-22-decembre\\\/217949\\\/#breadcrumb\"},\"inLanguage\":\"fr-FR\",\"potentialAction\":[{\"@type\":\"ReadAction\",\"target\":[\"https:\\\/\\\/www.webdo.tn\\\/fr\\\/actualite\\\/sport\\\/ligue-1-le-derby-est-ca-avance-au-21-22-decembre\\\/217949\\\/\"]}]},{\"@type\":\"ImageObject\",\"inLanguage\":\"fr-FR\",\"@id\":\"https:\\\/\\\/www.webdo.tn\\\/fr\\\/actualite\\\/sport\\\/ligue-1-le-derby-est-ca-avance-au-21-22-decembre\\\/217949\\\/#primaryimage\",\"url\":\"https:\\\/\\\/www.webdo.tn\\\/fr\\\/wp-content\\\/uploads\\\/2024\\\/11\\\/08f3de425d8cff30e0d520e2565a5dea.webp\",\"contentUrl\":\"https:\\\/\\\/www.webdo.tn\\\/fr\\\/wp-content\\\/uploads\\\/2024\\\/11\\\/08f3de425d8cff30e0d520e2565a5dea.webp\",\"width\":703,\"height\":375,\"caption\":\"Ligue 1 : Le derby EST-CA avanc\u00e9 au 21\\\/22 d\u00e9cembre\"},{\"@type\":\"BreadcrumbList\",\"@id\":\"https:\\\/\\\/www.webdo.tn\\\/fr\\\/actualite\\\/sport\\\/ligue-1-le-derby-est-ca-avance-au-21-22-decembre\\\/217949\\\/#breadcrumb\",\"itemListElement\":[{\"@type\":\"ListItem\",\"position\":1,\"name\":\"Accueil\",\"item\":\"https:\\\/\\\/www.webdo.tn\\\/fr\\\/\"},{\"@type\":\"ListItem\",\"position\":2,\"name\":\"Ligue 1 : Le derby EST-CA avanc\u00e9 au 21\\\/22 d\u00e9cembre\"}]},{\"@type\":\"WebSite\",\"@id\":\"https:\\\/\\\/www.webdo.tn\\\/fr\\\/#website\",\"url\":\"https:\\\/\\\/www.webdo.tn\\\/fr\\\/\",\"name\":\"webdo\",\"description\":\"Tunisie - News en Tunisie et \u00e0 l&#039;international sur Webdo.tn\",\"publisher\":{\"@id\":\"https:\\\/\\\/www.webdo.tn\\\/fr\\\/#organization\"},\"potentialAction\":[{\"@type\":\"SearchAction\",\"target\":{\"@type\":\"EntryPoint\",\"urlTemplate\":\"https:\\\/\\\/www.webdo.tn\\\/fr\\\/?s={search_term_string}\"},\"query-input\":{\"@type\":\"PropertyValueSpecification\",\"valueRequired\":true,\"valueName\":\"search_term_string\"}}],\"inLanguage\":\"fr-FR\"},{\"@type\":\"Organization\",\"@id\":\"https:\\\/\\\/www.webdo.tn\\\/fr\\\/#organization\",\"name\":\"Webdo\",\"alternateName\":\"Webdo.tn\",\"url\":\"https:\\\/\\\/www.webdo.tn\\\/fr\\\/\",\"logo\":{\"@type\":\"ImageObject\",\"inLanguage\":\"fr-FR\",\"@id\":\"https:\\\/\\\/www.webdo.tn\\\/fr\\\/#\\\/schema\\\/logo\\\/image\\\/\",\"url\":\"https:\\\/\\\/www.webdo.tn\\\/fr\\\/wp-content\\\/uploads\\\/2025\\\/06\\\/Webdo-Tunisie_168377.jpg\",\"contentUrl\":\"https:\\\/\\\/www.webdo.tn\\\/fr\\\/wp-content\\\/uploads\\\/2025\\\/06\\\/Webdo-Tunisie_168377.jpg\",\"width\":301,\"height\":301,\"caption\":\"Webdo\"},\"image\":{\"@id\":\"https:\\\/\\\/www.webdo.tn\\\/fr\\\/#\\\/schema\\\/logo\\\/image\\\/\"},\"sameAs\":[\"https:\\\/\\\/www.facebook.com\\\/webdotn\",\"https:\\\/\\\/x.com\\\/webdo_tn\"],\"description\":\"Webdo est un m\u00e9dia num\u00e9rique tunisien fond\u00e9 en 2010, sp\u00e9cialis\u00e9 dans l\u2019actualit\u00e9 nationale et internationale, l\u2019\u00e9conomie, la soci\u00e9t\u00e9 et les analyses politiques. Le site s\u2019adresse \u00e0 un large public francophone et couvre l\u2019information tunisienne en temps r\u00e9el.\",\"email\":\"redac@webdo.tn\",\"legalName\":\"YNJ SARL\",\"foundingDate\":\"2010-09-06\",\"numberOfEmployees\":{\"@type\":\"QuantitativeValue\",\"minValue\":\"11\",\"maxValue\":\"50\"}},{\"@type\":\"Person\",\"@id\":\"https:\\\/\\\/www.webdo.tn\\\/fr\\\/#\\\/schema\\\/person\\\/2c4929cbf5a809e3bd38617c6ce150f6\",\"name\":\"MC\",\"image\":{\"@type\":\"ImageObject\",\"inLanguage\":\"fr-FR\",\"@id\":\"https:\\\/\\\/secure.gravatar.com\\\/avatar\\\/a545bbb6f84efdd5553dbbc2895e3ca8f1d12c5215e00a041c9670b54aa9b18a?s=96&d=mm&r=g\",\"url\":\"https:\\\/\\\/secure.gravatar.com\\\/avatar\\\/a545bbb6f84efdd5553dbbc2895e3ca8f1d12c5215e00a041c9670b54aa9b18a?s=96&d=mm&r=g\",\"contentUrl\":\"https:\\\/\\\/secure.gravatar.com\\\/avatar\\\/a545bbb6f84efdd5553dbbc2895e3ca8f1d12c5215e00a041c9670b54aa9b18a?s=96&d=mm&r=g\",\"caption\":\"MC\"},\"url\":\"https:\\\/\\\/www.webdo.tn\\\/fr\\\/actualite\\\/author\\\/mc\\\/\"}]}<\/script>\n<!-- \/ Yoast SEO Premium plugin. -->","yoast_head_json":{"title":"Ligue 1 : Le derby EST-CA avanc\u00e9 au 21\/22 d\u00e9cembre","description":"Fix\u00e9 dans un premier temps au 25 ou 26 d\u00e9cembre 2024, le derby de la capitale de la 12\u00e8me journ\u00e9e entre l'Esp\u00e9rance ST et le Club Africain se d\u00e9roulera finaleme...","canonical":"https:\/\/www.webdo.tn\/fr\/actualite\/sport\/ligue-1-le-derby-est-ca-avance-au-21-22-decembre\/217949\/","og_locale":"fr_FR","og_type":"article","og_title":"Ligue 1 : Le derby EST-CA avanc\u00e9 au 21\/22 d\u00e9cembre","og_description":"Fix\u00e9 dans un premier temps au 25 ou 26 d\u00e9cembre 2024, le derby de la capitale de la 12\u00e8me journ\u00e9e entre l'Esp\u00e9rance ST et le Club Africain se d\u00e9roulera finaleme...","og_url":"https:\/\/www.webdo.tn\/fr\/actualite\/sport\/ligue-1-le-derby-est-ca-avance-au-21-22-decembre\/217949\/","og_site_name":"webdo","article_publisher":"https:\/\/www.facebook.com\/webdotn","article_published_time":"2024-11-28T14:43:00+00:00","article_modified_time":"2025-05-20T22:15:17+00:00","og_image":[{"width":703,"height":375,"url":"https:\/\/www.webdo.tn\/fr\/wp-content\/uploads\/2024\/11\/08f3de425d8cff30e0d520e2565a5dea.webp","type":"image\/webp"}],"author":"MC","twitter_card":"summary_large_image","twitter_creator":"@webdo_tn","twitter_site":"@webdo_tn","twitter_misc":{"\u00c9crit par":"MC","Dur\u00e9e de lecture estim\u00e9e":"1 minute"},"schema":{"@context":"https:\/\/schema.org","@graph":[{"@type":"NewsArticle","@id":"https:\/\/www.webdo.tn\/fr\/actualite\/sport\/ligue-1-le-derby-est-ca-avance-au-21-22-decembre\/217949\/#article","isPartOf":{"@id":"https:\/\/www.webdo.tn\/fr\/actualite\/sport\/ligue-1-le-derby-est-ca-avance-au-21-22-decembre\/217949\/"},"author":{"name":"MC","@id":"https:\/\/www.webdo.tn\/fr\/#\/schema\/person\/2c4929cbf5a809e3bd38617c6ce150f6"},"headline":"Ligue 1 : Le derby EST-CA avanc\u00e9 au 21\/22 d\u00e9cembre","datePublished":"2024-11-28T14:43:00+00:00","dateModified":"2025-05-20T22:15:17+00:00","mainEntityOfPage":{"@id":"https:\/\/www.webdo.tn\/fr\/actualite\/sport\/ligue-1-le-derby-est-ca-avance-au-21-22-decembre\/217949\/"},"wordCount":144,"commentCount":0,"publisher":{"@id":"https:\/\/www.webdo.tn\/fr\/#organization"},"image":{"@id":"https:\/\/www.webdo.tn\/fr\/actualite\/sport\/ligue-1-le-derby-est-ca-avance-au-21-22-decembre\/217949\/#primaryimage"},"thumbnailUrl":"https:\/\/www.webdo.tn\/fr\/wp-content\/uploads\/2024\/11\/08f3de425d8cff30e0d520e2565a5dea.webp","keywords":["Club Africain","Derby","esp\u00e9rance st","Ligue 1","Tunisie"],"articleSection":["Sport"],"inLanguage":"fr-FR"},{"@type":"WebPage","@id":"https:\/\/www.webdo.tn\/fr\/actualite\/sport\/ligue-1-le-derby-est-ca-avance-au-21-22-decembre\/217949\/","url":"https:\/\/www.webdo.tn\/fr\/actualite\/sport\/ligue-1-le-derby-est-ca-avance-au-21-22-decembre\/217949\/","name":"Ligue 1 : Le derby EST-CA avanc\u00e9 au 21\/22 d\u00e9cembre","isPartOf":{"@id":"https:\/\/www.webdo.tn\/fr\/#website"},"primaryImageOfPage":{"@id":"https:\/\/www.webdo.tn\/fr\/actualite\/sport\/ligue-1-le-derby-est-ca-avance-au-21-22-decembre\/217949\/#primaryimage"},"image":{"@id":"https:\/\/www.webdo.tn\/fr\/actualite\/sport\/ligue-1-le-derby-est-ca-avance-au-21-22-decembre\/217949\/#primaryimage"},"thumbnailUrl":"https:\/\/www.webdo.tn\/fr\/wp-content\/uploads\/2024\/11\/08f3de425d8cff30e0d520e2565a5dea.webp","datePublished":"2024-11-28T14:43:00+00:00","dateModified":"2025-05-20T22:15:17+00:00","description":"Fix\u00e9 dans un premier temps au 25 ou 26 d\u00e9cembre 2024, le derby de la capitale de la 12\u00e8me journ\u00e9e entre l'Esp\u00e9rance ST et le Club Africain se d\u00e9roulera finaleme...","breadcrumb":{"@id":"https:\/\/www.webdo.tn\/fr\/actualite\/sport\/ligue-1-le-derby-est-ca-avance-au-21-22-decembre\/217949\/#breadcrumb"},"inLanguage":"fr-FR","potentialAction":[{"@type":"ReadAction","target":["https:\/\/www.webdo.tn\/fr\/actualite\/sport\/ligue-1-le-derby-est-ca-avance-au-21-22-decembre\/217949\/"]}]},{"@type":"ImageObject","inLanguage":"fr-FR","@id":"https:\/\/www.webdo.tn\/fr\/actualite\/sport\/ligue-1-le-derby-est-ca-avance-au-21-22-decembre\/217949\/#primaryimage","url":"https:\/\/www.webdo.tn\/fr\/wp-content\/uploads\/2024\/11\/08f3de425d8cff30e0d520e2565a5dea.webp","contentUrl":"https:\/\/www.webdo.tn\/fr\/wp-content\/uploads\/2024\/11\/08f3de425d8cff30e0d520e2565a5dea.webp","width":703,"height":375,"caption":"Ligue 1 : Le derby EST-CA avanc\u00e9 au 21\/22 d\u00e9cembre"},{"@type":"BreadcrumbList","@id":"https:\/\/www.webdo.tn\/fr\/actualite\/sport\/ligue-1-le-derby-est-ca-avance-au-21-22-decembre\/217949\/#breadcrumb","itemListElement":[{"@type":"ListItem","position":1,"name":"Accueil","item":"https:\/\/www.webdo.tn\/fr\/"},{"@type":"ListItem","position":2,"name":"Ligue 1 : Le derby EST-CA avanc\u00e9 au 21\/22 d\u00e9cembre"}]},{"@type":"WebSite","@id":"https:\/\/www.webdo.tn\/fr\/#website","url":"https:\/\/www.webdo.tn\/fr\/","name":"webdo","description":"Tunisie - News en Tunisie et \u00e0 l&#039;international sur Webdo.tn","publisher":{"@id":"https:\/\/www.webdo.tn\/fr\/#organization"},"potentialAction":[{"@type":"SearchAction","target":{"@type":"EntryPoint","urlTemplate":"https:\/\/www.webdo.tn\/fr\/?s={search_term_string}"},"query-input":{"@type":"PropertyValueSpecification","valueRequired":true,"valueName":"search_term_string"}}],"inLanguage":"fr-FR"},{"@type":"Organization","@id":"https:\/\/www.webdo.tn\/fr\/#organization","name":"Webdo","alternateName":"Webdo.tn","url":"https:\/\/www.webdo.tn\/fr\/","logo":{"@type":"ImageObject","inLanguage":"fr-FR","@id":"https:\/\/www.webdo.tn\/fr\/#\/schema\/logo\/image\/","url":"https:\/\/www.webdo.tn\/fr\/wp-content\/uploads\/2025\/06\/Webdo-Tunisie_168377.jpg","contentUrl":"https:\/\/www.webdo.tn\/fr\/wp-content\/uploads\/2025\/06\/Webdo-Tunisie_168377.jpg","width":301,"height":301,"caption":"Webdo"},"image":{"@id":"https:\/\/www.webdo.tn\/fr\/#\/schema\/logo\/image\/"},"sameAs":["https:\/\/www.facebook.com\/webdotn","https:\/\/x.com\/webdo_tn"],"description":"Webdo est un m\u00e9dia num\u00e9rique tunisien fond\u00e9 en 2010, sp\u00e9cialis\u00e9 dans l\u2019actualit\u00e9 nationale et internationale, l\u2019\u00e9conomie, la soci\u00e9t\u00e9 et les analyses politiques. Le site s\u2019adresse \u00e0 un large public francophone et couvre l\u2019information tunisienne en temps r\u00e9el.","email":"redac@webdo.tn","legalName":"YNJ SARL","foundingDate":"2010-09-06","numberOfEmployees":{"@type":"QuantitativeValue","minValue":"11","maxValue":"50"}},{"@type":"Person","@id":"https:\/\/www.webdo.tn\/fr\/#\/schema\/person\/2c4929cbf5a809e3bd38617c6ce150f6","name":"MC","image":{"@type":"ImageObject","inLanguage":"fr-FR","@id":"https:\/\/secure.gravatar.com\/avatar\/a545bbb6f84efdd5553dbbc2895e3ca8f1d12c5215e00a041c9670b54aa9b18a?s=96&d=mm&r=g","url":"https:\/\/secure.gravatar.com\/avatar\/a545bbb6f84efdd5553dbbc2895e3ca8f1d12c5215e00a041c9670b54aa9b18a?s=96&d=mm&r=g","contentUrl":"https:\/\/secure.gravatar.com\/avatar\/a545bbb6f84efdd5553dbbc2895e3ca8f1d12c5215e00a041c9670b54aa9b18a?s=96&d=mm&r=g","caption":"MC"},"url":"https:\/\/www.webdo.tn\/fr\/actualite\/author\/mc\/"}]}},"_links":{"self":[{"href":"https:\/\/www.webdo.tn\/fr\/wp-json\/wp\/v2\/posts\/217949","targetHints":{"allow":["GET"]}}],"collection":[{"href":"https:\/\/www.webdo.tn\/fr\/wp-json\/wp\/v2\/posts"}],"about":[{"href":"https:\/\/www.webdo.tn\/fr\/wp-json\/wp\/v2\/types\/post"}],"author":[{"embeddable":true,"href":"https:\/\/www.webdo.tn\/fr\/wp-json\/wp\/v2\/users\/3162"}],"replies":[{"embeddable":true,"href":"https:\/\/www.webdo.tn\/fr\/wp-json\/wp\/v2\/comments?post=217949"}],"version-history":[{"count":0,"href":"https:\/\/www.webdo.tn\/fr\/wp-json\/wp\/v2\/posts\/217949\/revisions"}],"wp:featuredmedia":[{"embeddable":true,"href":"https:\/\/www.webdo.tn\/fr\/wp-json\/wp\/v2\/media\/291427"}],"wp:attachment":[{"href":"https:\/\/www.webdo.tn\/fr\/wp-json\/wp\/v2\/media?parent=217949"}],"wp:term":[{"taxonomy":"category","embeddable":true,"href":"https:\/\/www.webdo.tn\/fr\/wp-json\/wp\/v2\/categories?post=217949"},{"taxonomy":"post_tag","embeddable":true,"href":"https:\/\/www.webdo.tn\/fr\/wp-json\/wp\/v2\/tags?post=217949"}],"curies":[{"name":"wp","href":"https:\/\/api.w.org\/{rel}","templated":true}]}}