{"id":217947,"date":"2024-11-28T11:59:00","date_gmt":"2024-11-28T11:59:00","guid":{"rendered":"https:\/\/www.webdo.tn\/fr\/blog\/tunisie-confiscation-des-biens-la-liste-arretee-et-etat-des-lieux\/217947\/"},"modified":"2025-05-20T22:34:24","modified_gmt":"2025-05-20T22:34:24","slug":"tunisie-confiscation-des-biens-la-liste-arretee-et-etat-des-lieux","status":"publish","type":"post","link":"https:\/\/www.webdo.tn\/fr\/actualite\/national\/tunisie-confiscation-des-biens-la-liste-arretee-et-etat-des-lieux\/217947\/","title":{"rendered":"Tunisie : La liste des biens confisqu\u00e9s arr\u00eat\u00e9e et \u00e9tat des lieux"},"content":{"rendered":"<p>Le ministre des Domaines de l&rsquo;Etat et des Affaires Fonci\u00e8res, Wajdi Hedhili, a pr\u00e9sid\u00e9 mercredi 27 novembre 2024 une r\u00e9union cruciale avec la Commission de Confiscation.<\/p>\n<p>\t\t\t\t\t\t\t\t\tCette r\u00e9union fait suite au Conseil minist\u00e9riel restreint du 23 novembre 2024, qui a examin\u00e9 la gestion des fonds et biens devant \u00eatre confisqu\u00e9s ou r\u00e9cup\u00e9r\u00e9s par l&rsquo;\u00c9tat.<\/p>\n<p>Un rapport d\u00e9taill\u00e9 a \u00e9t\u00e9 pr\u00e9sent\u00e9, dressant l&rsquo;inventaire complet des biens confisqu\u00e9s depuis la cr\u00e9ation de la Commission en mars 2011. L&rsquo;\u00e9tat des lieux couvre l&rsquo;ensemble du patrimoine : biens immobiliers, biens mobiliers, participations entrepreneuriales, liquidit\u00e9s financi\u00e8res, portefeuilles et fonds de commerce.<\/p>\n<p>Les discussions ont \u00e9galement port\u00e9 sur l&rsquo;avancement des travaux de la Commission et la n\u00e9cessaire coordination entre les diff\u00e9rentes structures impliqu\u00e9es dans le processus de confiscation.<\/p>\n<p>La r\u00e9union marque une \u00e9tape importante dans la tra\u00e7abilit\u00e9 et la gestion des biens confisqu\u00e9s au profit de l&rsquo;\u00c9tat.<\/p>\n","protected":false},"excerpt":{"rendered":"<p>Le ministre des Domaines de l&rsquo;Etat et des Affaires Fonci\u00e8res, Wajdi Hedhili, a pr\u00e9sid\u00e9 mercredi 27 novembre 2024 une r\u00e9union cruciale avec la Commission de Conf&#8230;<\/p>\n","protected":false},"author":3169,"featured_media":291424,"comment_status":"open","ping_status":"closed","sticky":false,"template":"","format":"standard","meta":{"footnotes":""},"categories":[44],"tags":[10694,4465,2608],"class_list":["post-217947","post","type-post","status-publish","format-standard","has-post-thumbnail","hentry","category-national","tag-bien-confisques","tag-ben-ali","tag-tunisie"],"yoast_head":"<!-- This site is optimized with the Yoast SEO Premium plugin v27.5 (Yoast SEO v27.5) - https:\/\/yoast.com\/product\/yoast-seo-premium-wordpress\/ -->\n<title>Tunisie : La liste des biens confisqu\u00e9s arr\u00eat\u00e9e et \u00e9tat des lieux<\/title>\n<meta name=\"description\" content=\"Le ministre des Domaines de l&#039;Etat et des Affaires Fonci\u00e8res, Wajdi Hedhili, a pr\u00e9sid\u00e9 mercredi 27 novembre 2024 une r\u00e9union cruciale avec la Commission de Conf...\" \/>\n<link rel=\"canonical\" href=\"https:\/\/www.webdo.tn\/fr\/actualite\/national\/tunisie-confiscation-des-biens-la-liste-arretee-et-etat-des-lieux\/217947\/\" \/>\n<meta property=\"og:locale\" content=\"fr_FR\" \/>\n<meta property=\"og:type\" content=\"article\" \/>\n<meta property=\"og:title\" content=\"Tunisie : La liste des biens confisqu\u00e9s arr\u00eat\u00e9e et \u00e9tat des lieux\" \/>\n<meta property=\"og:description\" content=\"Le ministre des Domaines de l&#039;Etat et des Affaires Fonci\u00e8res, Wajdi Hedhili, a pr\u00e9sid\u00e9 mercredi 27 novembre 2024 une r\u00e9union cruciale avec la Commission de Conf...\" \/>\n<meta property=\"og:url\" content=\"https:\/\/www.webdo.tn\/fr\/actualite\/national\/tunisie-confiscation-des-biens-la-liste-arretee-et-etat-des-lieux\/217947\/\" \/>\n<meta property=\"og:site_name\" content=\"webdo\" \/>\n<meta property=\"article:publisher\" content=\"https:\/\/www.facebook.com\/webdotn\" \/>\n<meta property=\"article:published_time\" content=\"2024-11-28T11:59:00+00:00\" \/>\n<meta property=\"article:modified_time\" content=\"2025-05-20T22:34:24+00:00\" \/>\n<meta property=\"og:image\" content=\"https:\/\/www.webdo.tn\/fr\/wp-content\/uploads\/2024\/11\/e1efaa3f3db44c62ddf874644e1c889d.webp\" \/>\n\t<meta property=\"og:image:width\" content=\"750\" \/>\n\t<meta property=\"og:image:height\" content=\"400\" \/>\n\t<meta property=\"og:image:type\" content=\"image\/webp\" \/>\n<meta name=\"author\" content=\"Webdo\" \/>\n<meta name=\"twitter:card\" content=\"summary_large_image\" \/>\n<meta name=\"twitter:creator\" content=\"@webdo_tn\" \/>\n<meta name=\"twitter:site\" content=\"@webdo_tn\" \/>\n<meta name=\"twitter:label1\" content=\"\u00c9crit par\" \/>\n\t<meta name=\"twitter:data1\" content=\"Webdo\" \/>\n\t<meta name=\"twitter:label2\" content=\"Dur\u00e9e de lecture estim\u00e9e\" \/>\n\t<meta name=\"twitter:data2\" content=\"1 minute\" \/>\n<script type=\"application\/ld+json\" class=\"yoast-schema-graph\">{\"@context\":\"https:\\\/\\\/schema.org\",\"@graph\":[{\"@type\":\"NewsArticle\",\"@id\":\"https:\\\/\\\/www.webdo.tn\\\/fr\\\/actualite\\\/national\\\/tunisie-confiscation-des-biens-la-liste-arretee-et-etat-des-lieux\\\/217947\\\/#article\",\"isPartOf\":{\"@id\":\"https:\\\/\\\/www.webdo.tn\\\/fr\\\/actualite\\\/national\\\/tunisie-confiscation-des-biens-la-liste-arretee-et-etat-des-lieux\\\/217947\\\/\"},\"author\":{\"name\":\"Webdo\",\"@id\":\"https:\\\/\\\/www.webdo.tn\\\/fr\\\/#\\\/schema\\\/person\\\/1f4e491e0907b413d61089e8eb573acc\"},\"headline\":\"Tunisie : La liste des biens confisqu\u00e9s arr\u00eat\u00e9e et \u00e9tat des lieux\",\"datePublished\":\"2024-11-28T11:59:00+00:00\",\"dateModified\":\"2025-05-20T22:34:24+00:00\",\"mainEntityOfPage\":{\"@id\":\"https:\\\/\\\/www.webdo.tn\\\/fr\\\/actualite\\\/national\\\/tunisie-confiscation-des-biens-la-liste-arretee-et-etat-des-lieux\\\/217947\\\/\"},\"wordCount\":177,\"commentCount\":0,\"publisher\":{\"@id\":\"https:\\\/\\\/www.webdo.tn\\\/fr\\\/#organization\"},\"image\":{\"@id\":\"https:\\\/\\\/www.webdo.tn\\\/fr\\\/actualite\\\/national\\\/tunisie-confiscation-des-biens-la-liste-arretee-et-etat-des-lieux\\\/217947\\\/#primaryimage\"},\"thumbnailUrl\":\"https:\\\/\\\/www.webdo.tn\\\/fr\\\/wp-content\\\/uploads\\\/2024\\\/11\\\/e1efaa3f3db44c62ddf874644e1c889d.webp\",\"keywords\":[\"'bien confisqu\u00e9s']\",\"ben ali\",\"Tunisie\"],\"articleSection\":[\"National\"],\"inLanguage\":\"fr-FR\"},{\"@type\":\"WebPage\",\"@id\":\"https:\\\/\\\/www.webdo.tn\\\/fr\\\/actualite\\\/national\\\/tunisie-confiscation-des-biens-la-liste-arretee-et-etat-des-lieux\\\/217947\\\/\",\"url\":\"https:\\\/\\\/www.webdo.tn\\\/fr\\\/actualite\\\/national\\\/tunisie-confiscation-des-biens-la-liste-arretee-et-etat-des-lieux\\\/217947\\\/\",\"name\":\"Tunisie : La liste des biens confisqu\u00e9s arr\u00eat\u00e9e et \u00e9tat des lieux\",\"isPartOf\":{\"@id\":\"https:\\\/\\\/www.webdo.tn\\\/fr\\\/#website\"},\"primaryImageOfPage\":{\"@id\":\"https:\\\/\\\/www.webdo.tn\\\/fr\\\/actualite\\\/national\\\/tunisie-confiscation-des-biens-la-liste-arretee-et-etat-des-lieux\\\/217947\\\/#primaryimage\"},\"image\":{\"@id\":\"https:\\\/\\\/www.webdo.tn\\\/fr\\\/actualite\\\/national\\\/tunisie-confiscation-des-biens-la-liste-arretee-et-etat-des-lieux\\\/217947\\\/#primaryimage\"},\"thumbnailUrl\":\"https:\\\/\\\/www.webdo.tn\\\/fr\\\/wp-content\\\/uploads\\\/2024\\\/11\\\/e1efaa3f3db44c62ddf874644e1c889d.webp\",\"datePublished\":\"2024-11-28T11:59:00+00:00\",\"dateModified\":\"2025-05-20T22:34:24+00:00\",\"description\":\"Le ministre des Domaines de l'Etat et des Affaires Fonci\u00e8res, Wajdi Hedhili, a pr\u00e9sid\u00e9 mercredi 27 novembre 2024 une r\u00e9union cruciale avec la Commission de Conf...\",\"breadcrumb\":{\"@id\":\"https:\\\/\\\/www.webdo.tn\\\/fr\\\/actualite\\\/national\\\/tunisie-confiscation-des-biens-la-liste-arretee-et-etat-des-lieux\\\/217947\\\/#breadcrumb\"},\"inLanguage\":\"fr-FR\",\"potentialAction\":[{\"@type\":\"ReadAction\",\"target\":[\"https:\\\/\\\/www.webdo.tn\\\/fr\\\/actualite\\\/national\\\/tunisie-confiscation-des-biens-la-liste-arretee-et-etat-des-lieux\\\/217947\\\/\"]}]},{\"@type\":\"ImageObject\",\"inLanguage\":\"fr-FR\",\"@id\":\"https:\\\/\\\/www.webdo.tn\\\/fr\\\/actualite\\\/national\\\/tunisie-confiscation-des-biens-la-liste-arretee-et-etat-des-lieux\\\/217947\\\/#primaryimage\",\"url\":\"https:\\\/\\\/www.webdo.tn\\\/fr\\\/wp-content\\\/uploads\\\/2024\\\/11\\\/e1efaa3f3db44c62ddf874644e1c889d.webp\",\"contentUrl\":\"https:\\\/\\\/www.webdo.tn\\\/fr\\\/wp-content\\\/uploads\\\/2024\\\/11\\\/e1efaa3f3db44c62ddf874644e1c889d.webp\",\"width\":750,\"height\":400,\"caption\":\"Tunisie : La liste des biens confisqu\u00e9s arr\u00eat\u00e9e et \u00e9tat des lieux\"},{\"@type\":\"BreadcrumbList\",\"@id\":\"https:\\\/\\\/www.webdo.tn\\\/fr\\\/actualite\\\/national\\\/tunisie-confiscation-des-biens-la-liste-arretee-et-etat-des-lieux\\\/217947\\\/#breadcrumb\",\"itemListElement\":[{\"@type\":\"ListItem\",\"position\":1,\"name\":\"Accueil\",\"item\":\"https:\\\/\\\/www.webdo.tn\\\/fr\\\/\"},{\"@type\":\"ListItem\",\"position\":2,\"name\":\"Tunisie : La liste des biens confisqu\u00e9s arr\u00eat\u00e9e et \u00e9tat des lieux\"}]},{\"@type\":\"WebSite\",\"@id\":\"https:\\\/\\\/www.webdo.tn\\\/fr\\\/#website\",\"url\":\"https:\\\/\\\/www.webdo.tn\\\/fr\\\/\",\"name\":\"webdo\",\"description\":\"Tunisie - News en Tunisie et \u00e0 l&#039;international sur Webdo.tn\",\"publisher\":{\"@id\":\"https:\\\/\\\/www.webdo.tn\\\/fr\\\/#organization\"},\"potentialAction\":[{\"@type\":\"SearchAction\",\"target\":{\"@type\":\"EntryPoint\",\"urlTemplate\":\"https:\\\/\\\/www.webdo.tn\\\/fr\\\/?s={search_term_string}\"},\"query-input\":{\"@type\":\"PropertyValueSpecification\",\"valueRequired\":true,\"valueName\":\"search_term_string\"}}],\"inLanguage\":\"fr-FR\"},{\"@type\":\"Organization\",\"@id\":\"https:\\\/\\\/www.webdo.tn\\\/fr\\\/#organization\",\"name\":\"Webdo\",\"alternateName\":\"Webdo.tn\",\"url\":\"https:\\\/\\\/www.webdo.tn\\\/fr\\\/\",\"logo\":{\"@type\":\"ImageObject\",\"inLanguage\":\"fr-FR\",\"@id\":\"https:\\\/\\\/www.webdo.tn\\\/fr\\\/#\\\/schema\\\/logo\\\/image\\\/\",\"url\":\"https:\\\/\\\/www.webdo.tn\\\/fr\\\/wp-content\\\/uploads\\\/2025\\\/06\\\/Webdo-Tunisie_168377.jpg\",\"contentUrl\":\"https:\\\/\\\/www.webdo.tn\\\/fr\\\/wp-content\\\/uploads\\\/2025\\\/06\\\/Webdo-Tunisie_168377.jpg\",\"width\":301,\"height\":301,\"caption\":\"Webdo\"},\"image\":{\"@id\":\"https:\\\/\\\/www.webdo.tn\\\/fr\\\/#\\\/schema\\\/logo\\\/image\\\/\"},\"sameAs\":[\"https:\\\/\\\/www.facebook.com\\\/webdotn\",\"https:\\\/\\\/x.com\\\/webdo_tn\"],\"description\":\"Webdo est un m\u00e9dia num\u00e9rique tunisien fond\u00e9 en 2010, sp\u00e9cialis\u00e9 dans l\u2019actualit\u00e9 nationale et internationale, l\u2019\u00e9conomie, la soci\u00e9t\u00e9 et les analyses politiques. Le site s\u2019adresse \u00e0 un large public francophone et couvre l\u2019information tunisienne en temps r\u00e9el.\",\"email\":\"redac@webdo.tn\",\"legalName\":\"YNJ SARL\",\"foundingDate\":\"2010-09-06\",\"numberOfEmployees\":{\"@type\":\"QuantitativeValue\",\"minValue\":\"11\",\"maxValue\":\"50\"}},{\"@type\":\"Person\",\"@id\":\"https:\\\/\\\/www.webdo.tn\\\/fr\\\/#\\\/schema\\\/person\\\/1f4e491e0907b413d61089e8eb573acc\",\"name\":\"Webdo\",\"image\":{\"@type\":\"ImageObject\",\"inLanguage\":\"fr-FR\",\"@id\":\"https:\\\/\\\/secure.gravatar.com\\\/avatar\\\/de97aeec1bb80978a9dbb127e47dfc88aaacb2f3c29aac907d8d3222e3495d49?s=96&d=mm&r=g\",\"url\":\"https:\\\/\\\/secure.gravatar.com\\\/avatar\\\/de97aeec1bb80978a9dbb127e47dfc88aaacb2f3c29aac907d8d3222e3495d49?s=96&d=mm&r=g\",\"contentUrl\":\"https:\\\/\\\/secure.gravatar.com\\\/avatar\\\/de97aeec1bb80978a9dbb127e47dfc88aaacb2f3c29aac907d8d3222e3495d49?s=96&d=mm&r=g\",\"caption\":\"Webdo\"},\"url\":\"https:\\\/\\\/www.webdo.tn\\\/fr\\\/actualite\\\/author\\\/webdo\\\/\"}]}<\/script>\n<!-- \/ Yoast SEO Premium plugin. -->","yoast_head_json":{"title":"Tunisie : La liste des biens confisqu\u00e9s arr\u00eat\u00e9e et \u00e9tat des lieux","description":"Le ministre des Domaines de l'Etat et des Affaires Fonci\u00e8res, Wajdi Hedhili, a pr\u00e9sid\u00e9 mercredi 27 novembre 2024 une r\u00e9union cruciale avec la Commission de Conf...","canonical":"https:\/\/www.webdo.tn\/fr\/actualite\/national\/tunisie-confiscation-des-biens-la-liste-arretee-et-etat-des-lieux\/217947\/","og_locale":"fr_FR","og_type":"article","og_title":"Tunisie : La liste des biens confisqu\u00e9s arr\u00eat\u00e9e et \u00e9tat des lieux","og_description":"Le ministre des Domaines de l'Etat et des Affaires Fonci\u00e8res, Wajdi Hedhili, a pr\u00e9sid\u00e9 mercredi 27 novembre 2024 une r\u00e9union cruciale avec la Commission de Conf...","og_url":"https:\/\/www.webdo.tn\/fr\/actualite\/national\/tunisie-confiscation-des-biens-la-liste-arretee-et-etat-des-lieux\/217947\/","og_site_name":"webdo","article_publisher":"https:\/\/www.facebook.com\/webdotn","article_published_time":"2024-11-28T11:59:00+00:00","article_modified_time":"2025-05-20T22:34:24+00:00","og_image":[{"width":750,"height":400,"url":"https:\/\/www.webdo.tn\/fr\/wp-content\/uploads\/2024\/11\/e1efaa3f3db44c62ddf874644e1c889d.webp","type":"image\/webp"}],"author":"Webdo","twitter_card":"summary_large_image","twitter_creator":"@webdo_tn","twitter_site":"@webdo_tn","twitter_misc":{"\u00c9crit par":"Webdo","Dur\u00e9e de lecture estim\u00e9e":"1 minute"},"schema":{"@context":"https:\/\/schema.org","@graph":[{"@type":"NewsArticle","@id":"https:\/\/www.webdo.tn\/fr\/actualite\/national\/tunisie-confiscation-des-biens-la-liste-arretee-et-etat-des-lieux\/217947\/#article","isPartOf":{"@id":"https:\/\/www.webdo.tn\/fr\/actualite\/national\/tunisie-confiscation-des-biens-la-liste-arretee-et-etat-des-lieux\/217947\/"},"author":{"name":"Webdo","@id":"https:\/\/www.webdo.tn\/fr\/#\/schema\/person\/1f4e491e0907b413d61089e8eb573acc"},"headline":"Tunisie : La liste des biens confisqu\u00e9s arr\u00eat\u00e9e et \u00e9tat des lieux","datePublished":"2024-11-28T11:59:00+00:00","dateModified":"2025-05-20T22:34:24+00:00","mainEntityOfPage":{"@id":"https:\/\/www.webdo.tn\/fr\/actualite\/national\/tunisie-confiscation-des-biens-la-liste-arretee-et-etat-des-lieux\/217947\/"},"wordCount":177,"commentCount":0,"publisher":{"@id":"https:\/\/www.webdo.tn\/fr\/#organization"},"image":{"@id":"https:\/\/www.webdo.tn\/fr\/actualite\/national\/tunisie-confiscation-des-biens-la-liste-arretee-et-etat-des-lieux\/217947\/#primaryimage"},"thumbnailUrl":"https:\/\/www.webdo.tn\/fr\/wp-content\/uploads\/2024\/11\/e1efaa3f3db44c62ddf874644e1c889d.webp","keywords":["'bien confisqu\u00e9s']","ben ali","Tunisie"],"articleSection":["National"],"inLanguage":"fr-FR"},{"@type":"WebPage","@id":"https:\/\/www.webdo.tn\/fr\/actualite\/national\/tunisie-confiscation-des-biens-la-liste-arretee-et-etat-des-lieux\/217947\/","url":"https:\/\/www.webdo.tn\/fr\/actualite\/national\/tunisie-confiscation-des-biens-la-liste-arretee-et-etat-des-lieux\/217947\/","name":"Tunisie : La liste des biens confisqu\u00e9s arr\u00eat\u00e9e et \u00e9tat des lieux","isPartOf":{"@id":"https:\/\/www.webdo.tn\/fr\/#website"},"primaryImageOfPage":{"@id":"https:\/\/www.webdo.tn\/fr\/actualite\/national\/tunisie-confiscation-des-biens-la-liste-arretee-et-etat-des-lieux\/217947\/#primaryimage"},"image":{"@id":"https:\/\/www.webdo.tn\/fr\/actualite\/national\/tunisie-confiscation-des-biens-la-liste-arretee-et-etat-des-lieux\/217947\/#primaryimage"},"thumbnailUrl":"https:\/\/www.webdo.tn\/fr\/wp-content\/uploads\/2024\/11\/e1efaa3f3db44c62ddf874644e1c889d.webp","datePublished":"2024-11-28T11:59:00+00:00","dateModified":"2025-05-20T22:34:24+00:00","description":"Le ministre des Domaines de l'Etat et des Affaires Fonci\u00e8res, Wajdi Hedhili, a pr\u00e9sid\u00e9 mercredi 27 novembre 2024 une r\u00e9union cruciale avec la Commission de Conf...","breadcrumb":{"@id":"https:\/\/www.webdo.tn\/fr\/actualite\/national\/tunisie-confiscation-des-biens-la-liste-arretee-et-etat-des-lieux\/217947\/#breadcrumb"},"inLanguage":"fr-FR","potentialAction":[{"@type":"ReadAction","target":["https:\/\/www.webdo.tn\/fr\/actualite\/national\/tunisie-confiscation-des-biens-la-liste-arretee-et-etat-des-lieux\/217947\/"]}]},{"@type":"ImageObject","inLanguage":"fr-FR","@id":"https:\/\/www.webdo.tn\/fr\/actualite\/national\/tunisie-confiscation-des-biens-la-liste-arretee-et-etat-des-lieux\/217947\/#primaryimage","url":"https:\/\/www.webdo.tn\/fr\/wp-content\/uploads\/2024\/11\/e1efaa3f3db44c62ddf874644e1c889d.webp","contentUrl":"https:\/\/www.webdo.tn\/fr\/wp-content\/uploads\/2024\/11\/e1efaa3f3db44c62ddf874644e1c889d.webp","width":750,"height":400,"caption":"Tunisie : La liste des biens confisqu\u00e9s arr\u00eat\u00e9e et \u00e9tat des lieux"},{"@type":"BreadcrumbList","@id":"https:\/\/www.webdo.tn\/fr\/actualite\/national\/tunisie-confiscation-des-biens-la-liste-arretee-et-etat-des-lieux\/217947\/#breadcrumb","itemListElement":[{"@type":"ListItem","position":1,"name":"Accueil","item":"https:\/\/www.webdo.tn\/fr\/"},{"@type":"ListItem","position":2,"name":"Tunisie : La liste des biens confisqu\u00e9s arr\u00eat\u00e9e et \u00e9tat des lieux"}]},{"@type":"WebSite","@id":"https:\/\/www.webdo.tn\/fr\/#website","url":"https:\/\/www.webdo.tn\/fr\/","name":"webdo","description":"Tunisie - News en Tunisie et \u00e0 l&#039;international sur Webdo.tn","publisher":{"@id":"https:\/\/www.webdo.tn\/fr\/#organization"},"potentialAction":[{"@type":"SearchAction","target":{"@type":"EntryPoint","urlTemplate":"https:\/\/www.webdo.tn\/fr\/?s={search_term_string}"},"query-input":{"@type":"PropertyValueSpecification","valueRequired":true,"valueName":"search_term_string"}}],"inLanguage":"fr-FR"},{"@type":"Organization","@id":"https:\/\/www.webdo.tn\/fr\/#organization","name":"Webdo","alternateName":"Webdo.tn","url":"https:\/\/www.webdo.tn\/fr\/","logo":{"@type":"ImageObject","inLanguage":"fr-FR","@id":"https:\/\/www.webdo.tn\/fr\/#\/schema\/logo\/image\/","url":"https:\/\/www.webdo.tn\/fr\/wp-content\/uploads\/2025\/06\/Webdo-Tunisie_168377.jpg","contentUrl":"https:\/\/www.webdo.tn\/fr\/wp-content\/uploads\/2025\/06\/Webdo-Tunisie_168377.jpg","width":301,"height":301,"caption":"Webdo"},"image":{"@id":"https:\/\/www.webdo.tn\/fr\/#\/schema\/logo\/image\/"},"sameAs":["https:\/\/www.facebook.com\/webdotn","https:\/\/x.com\/webdo_tn"],"description":"Webdo est un m\u00e9dia num\u00e9rique tunisien fond\u00e9 en 2010, sp\u00e9cialis\u00e9 dans l\u2019actualit\u00e9 nationale et internationale, l\u2019\u00e9conomie, la soci\u00e9t\u00e9 et les analyses politiques. Le site s\u2019adresse \u00e0 un large public francophone et couvre l\u2019information tunisienne en temps r\u00e9el.","email":"redac@webdo.tn","legalName":"YNJ SARL","foundingDate":"2010-09-06","numberOfEmployees":{"@type":"QuantitativeValue","minValue":"11","maxValue":"50"}},{"@type":"Person","@id":"https:\/\/www.webdo.tn\/fr\/#\/schema\/person\/1f4e491e0907b413d61089e8eb573acc","name":"Webdo","image":{"@type":"ImageObject","inLanguage":"fr-FR","@id":"https:\/\/secure.gravatar.com\/avatar\/de97aeec1bb80978a9dbb127e47dfc88aaacb2f3c29aac907d8d3222e3495d49?s=96&d=mm&r=g","url":"https:\/\/secure.gravatar.com\/avatar\/de97aeec1bb80978a9dbb127e47dfc88aaacb2f3c29aac907d8d3222e3495d49?s=96&d=mm&r=g","contentUrl":"https:\/\/secure.gravatar.com\/avatar\/de97aeec1bb80978a9dbb127e47dfc88aaacb2f3c29aac907d8d3222e3495d49?s=96&d=mm&r=g","caption":"Webdo"},"url":"https:\/\/www.webdo.tn\/fr\/actualite\/author\/webdo\/"}]}},"_links":{"self":[{"href":"https:\/\/www.webdo.tn\/fr\/wp-json\/wp\/v2\/posts\/217947","targetHints":{"allow":["GET"]}}],"collection":[{"href":"https:\/\/www.webdo.tn\/fr\/wp-json\/wp\/v2\/posts"}],"about":[{"href":"https:\/\/www.webdo.tn\/fr\/wp-json\/wp\/v2\/types\/post"}],"author":[{"embeddable":true,"href":"https:\/\/www.webdo.tn\/fr\/wp-json\/wp\/v2\/users\/3169"}],"replies":[{"embeddable":true,"href":"https:\/\/www.webdo.tn\/fr\/wp-json\/wp\/v2\/comments?post=217947"}],"version-history":[{"count":0,"href":"https:\/\/www.webdo.tn\/fr\/wp-json\/wp\/v2\/posts\/217947\/revisions"}],"wp:featuredmedia":[{"embeddable":true,"href":"https:\/\/www.webdo.tn\/fr\/wp-json\/wp\/v2\/media\/291424"}],"wp:attachment":[{"href":"https:\/\/www.webdo.tn\/fr\/wp-json\/wp\/v2\/media?parent=217947"}],"wp:term":[{"taxonomy":"category","embeddable":true,"href":"https:\/\/www.webdo.tn\/fr\/wp-json\/wp\/v2\/categories?post=217947"},{"taxonomy":"post_tag","embeddable":true,"href":"https:\/\/www.webdo.tn\/fr\/wp-json\/wp\/v2\/tags?post=217947"}],"curies":[{"name":"wp","href":"https:\/\/api.w.org\/{rel}","templated":true}]}}