{"id":217934,"date":"2024-11-28T09:08:00","date_gmt":"2024-11-28T09:08:00","guid":{"rendered":"https:\/\/www.webdo.tn\/fr\/blog\/2024\/11\/28\/saied-au-chevet-des-hopitaux-de-sfax-14-arrestations-pour-les-retards-des-travaux\/"},"modified":"2025-05-17T20:18:50","modified_gmt":"2025-05-17T20:18:50","slug":"saied-au-chevet-des-hopitaux-de-sfax-14-arrestations-pour-les-retards-des-travaux","status":"publish","type":"post","link":"https:\/\/www.webdo.tn\/fr\/actualite\/national\/saied-au-chevet-des-hopitaux-de-sfax-14-arrestations-pour-les-retards-des-travaux\/217934\/","title":{"rendered":"Saied au chevet des h\u00f4pitaux de Sfax : 14 arrestations pour les retards des travaux"},"content":{"rendered":"<p>Face \u00e0 la d\u00e9gradation des infrastructures hospitali\u00e8res \u00e0 Sfax, le pr\u00e9sident Kais Saied a inaugur\u00e9 mercredi un h\u00f4pital de campagne \u00e0 Bir Ali Ben Khalifa, alors que l&rsquo;enqu\u00eate sur le retard des travaux de l&rsquo;h\u00f4pital permanent conna\u00eet une avanc\u00e9e majeure. Quatorze personnes, dont d&rsquo;anciens responsables r\u00e9gionaux, ont \u00e9t\u00e9 arr\u00eat\u00e9es suite \u00e0 une plainte du minist\u00e8re de la Sant\u00e9.<\/p>\n<p>\t\t\t\t\t\t\t\t\tCette structure temporaire, mise en place dans \u00ab\u00a0un d\u00e9lai record\u00a0\u00bb, vise \u00e0 assurer la continuit\u00e9 des soins. \u00ab\u00a0Nous sommes dans une course contre la montre\u00a0\u00bb, a d\u00e9clar\u00e9 le pr\u00e9sident, soulignant l&rsquo;urgence de la situation sanitaire. L&rsquo;\u00e9tablissement, dot\u00e9 d&rsquo;\u00e9quipements modernes, peut accueillir jusqu&rsquo;\u00e0 14 patients.<\/p>\n<p>Un plateau technique aux normes actuelles<\/p>\n<p>L&rsquo;h\u00f4pital de campagne dispose d&rsquo;une unit\u00e9 de tri, d&rsquo;une salle d&rsquo;op\u00e9ration, d&rsquo;un service de radiologie et d&rsquo;une unit\u00e9 de chirurgie endoscopique. Cette configuration permet d&rsquo;assurer une prise en charge m\u00e9dicale compl\u00e8te en attendant la r\u00e9novation de l&rsquo;\u00e9tablissement permanent.<\/p>\n<p>La crise s&rsquo;\u00e9tend \u00e0 l&rsquo;h\u00f4pital H\u00e9di Chaker<\/p>\n<p>La visite pr\u00e9sidentielle s&rsquo;est poursuivie \u00e0 l&rsquo;h\u00f4pital militaire de Sfax, o\u00f9 une aile accueille d\u00e9sormais les patients de l&rsquo;h\u00f4pital H\u00e9di Chaker, partiellement d\u00e9labr\u00e9. Face \u00e0 cette situation, les autorit\u00e9s promettent un \u00ab\u00a0nouveau cadre juridique\u00a0\u00bb pour retenir le personnel m\u00e9dical.<\/p>\n<p>Enqu\u00eate judiciaire en cours<\/p>\n<p>L&rsquo;enqu\u00eate sur le retard des travaux s&rsquo;acc\u00e9l\u00e8re avec l&rsquo;arrestation de quatorze personnes, incluant des responsables d&rsquo;entreprises et d&rsquo;anciens directeurs r\u00e9gionaux. Six autres personnes ont \u00e9t\u00e9 auditionn\u00e9es en \u00e9tat de libert\u00e9, alors que les investigations se poursuivent pour identifier les responsables des violations ayant entrav\u00e9 l&rsquo;ach\u00e8vement du projet.<\/p>\n<p>Pour les habitants, qui r\u00e9clamaient depuis longtemps un acc\u00e8s aux soins de proximit\u00e9, ces mesures d&rsquo;urgence apportent un soulagement temporaire, tandis que la justice s&rsquo;attelle \u00e0 faire la lumi\u00e8re sur les dysfonctionnements du projet initial.<\/p>\n","protected":false},"excerpt":{"rendered":"<p>Kais Saied inaugure un h\u00f4pital de campagne \u00e0 Sfax pour r\u00e9pondre \u00e0 la crise sanitaire locale. Cette structure temporaire, dot\u00e9e d\u2019\u00e9quipements modernes, pallie la&#8230;<\/p>\n","protected":false},"author":3203,"featured_media":243770,"comment_status":"open","ping_status":"open","sticky":false,"template":"","format":"standard","meta":{"footnotes":""},"categories":[44],"tags":[4903,4904,2614,2981,2675],"class_list":["post-217934","post","type-post","status-publish","format-standard","has-post-thumbnail","hentry","category-national","tag-hopital-de-campagne","tag-hopital-hedi-chaker","tag-kais-saied","tag-sante-en-tunisie","tag-sfax"],"yoast_head":"<!-- This site is optimized with the Yoast SEO Premium plugin v27.5 (Yoast SEO v27.5) - https:\/\/yoast.com\/product\/yoast-seo-premium-wordpress\/ -->\n<title>Saied au chevet des h\u00f4pitaux de Sfax : 14 arrestations pour les retards des travaux<\/title>\n<meta name=\"description\" content=\"Kais Saied inaugure un h\u00f4pital de campagne \u00e0 Sfax pour r\u00e9pondre \u00e0 la crise sanitaire locale. Cette structure temporaire, dot\u00e9e d\u2019\u00e9quipements modernes, pallie la...\" \/>\n<link rel=\"canonical\" href=\"https:\/\/www.webdo.tn\/fr\/actualite\/national\/saied-au-chevet-des-hopitaux-de-sfax-14-arrestations-pour-les-retards-des-travaux\/217934\/\" \/>\n<meta property=\"og:locale\" content=\"fr_FR\" \/>\n<meta property=\"og:type\" content=\"article\" \/>\n<meta property=\"og:title\" content=\"Saied au chevet des h\u00f4pitaux de Sfax : 14 arrestations pour les retards des travaux\" \/>\n<meta property=\"og:description\" content=\"Kais Saied inaugure un h\u00f4pital de campagne \u00e0 Sfax pour r\u00e9pondre \u00e0 la crise sanitaire locale. Cette structure temporaire, dot\u00e9e d\u2019\u00e9quipements modernes, pallie la...\" \/>\n<meta property=\"og:url\" content=\"https:\/\/www.webdo.tn\/fr\/actualite\/national\/saied-au-chevet-des-hopitaux-de-sfax-14-arrestations-pour-les-retards-des-travaux\/217934\/\" \/>\n<meta property=\"og:site_name\" content=\"webdo\" \/>\n<meta property=\"article:publisher\" content=\"https:\/\/www.facebook.com\/webdotn\" \/>\n<meta property=\"article:published_time\" content=\"2024-11-28T09:08:00+00:00\" \/>\n<meta property=\"article:modified_time\" content=\"2025-05-17T20:18:50+00:00\" \/>\n<meta property=\"og:image\" content=\"https:\/\/www.webdo.tn\/fr\/wp-content\/uploads\/2025\/05\/3790bb34b8202d040082de9c67f64db8-2.webp\" \/>\n\t<meta property=\"og:image:width\" content=\"750\" \/>\n\t<meta property=\"og:image:height\" content=\"400\" \/>\n\t<meta property=\"og:image:type\" content=\"image\/webp\" \/>\n<meta name=\"author\" content=\"Ramzi Haddad\" \/>\n<meta name=\"twitter:card\" content=\"summary_large_image\" \/>\n<meta name=\"twitter:creator\" content=\"@webdo_tn\" \/>\n<meta name=\"twitter:site\" content=\"@webdo_tn\" \/>\n<meta name=\"twitter:label1\" content=\"\u00c9crit par\" \/>\n\t<meta name=\"twitter:data1\" content=\"Ramzi Haddad\" \/>\n\t<meta name=\"twitter:label2\" content=\"Dur\u00e9e de lecture estim\u00e9e\" \/>\n\t<meta name=\"twitter:data2\" content=\"2 minutes\" \/>\n<script type=\"application\/ld+json\" class=\"yoast-schema-graph\">{\"@context\":\"https:\\\/\\\/schema.org\",\"@graph\":[{\"@type\":\"NewsArticle\",\"@id\":\"https:\\\/\\\/www.webdo.tn\\\/fr\\\/actualite\\\/national\\\/saied-au-chevet-des-hopitaux-de-sfax-14-arrestations-pour-les-retards-des-travaux\\\/217934\\\/#article\",\"isPartOf\":{\"@id\":\"https:\\\/\\\/www.webdo.tn\\\/fr\\\/actualite\\\/national\\\/saied-au-chevet-des-hopitaux-de-sfax-14-arrestations-pour-les-retards-des-travaux\\\/217934\\\/\"},\"author\":{\"name\":\"Ramzi Haddad\",\"@id\":\"https:\\\/\\\/www.webdo.tn\\\/fr\\\/#\\\/schema\\\/person\\\/5663044c25eb36d8f88ba5b653f12f8c\"},\"headline\":\"Saied au chevet des h\u00f4pitaux de Sfax : 14 arrestations pour les retards des travaux\",\"datePublished\":\"2024-11-28T09:08:00+00:00\",\"dateModified\":\"2025-05-17T20:18:50+00:00\",\"mainEntityOfPage\":{\"@id\":\"https:\\\/\\\/www.webdo.tn\\\/fr\\\/actualite\\\/national\\\/saied-au-chevet-des-hopitaux-de-sfax-14-arrestations-pour-les-retards-des-travaux\\\/217934\\\/\"},\"wordCount\":349,\"commentCount\":0,\"publisher\":{\"@id\":\"https:\\\/\\\/www.webdo.tn\\\/fr\\\/#organization\"},\"image\":{\"@id\":\"https:\\\/\\\/www.webdo.tn\\\/fr\\\/actualite\\\/national\\\/saied-au-chevet-des-hopitaux-de-sfax-14-arrestations-pour-les-retards-des-travaux\\\/217934\\\/#primaryimage\"},\"thumbnailUrl\":\"https:\\\/\\\/www.webdo.tn\\\/fr\\\/wp-content\\\/uploads\\\/2025\\\/05\\\/3790bb34b8202d040082de9c67f64db8-2.webp\",\"keywords\":[\"H\u00f4pital de campagne\",\"H\u00f4pital H\u00e9di Chaker\",\"Kais Saied\",\"Sant\u00e9 en Tunisie\",\"Sfax\"],\"articleSection\":[\"National\"],\"inLanguage\":\"fr-FR\"},{\"@type\":\"WebPage\",\"@id\":\"https:\\\/\\\/www.webdo.tn\\\/fr\\\/actualite\\\/national\\\/saied-au-chevet-des-hopitaux-de-sfax-14-arrestations-pour-les-retards-des-travaux\\\/217934\\\/\",\"url\":\"https:\\\/\\\/www.webdo.tn\\\/fr\\\/actualite\\\/national\\\/saied-au-chevet-des-hopitaux-de-sfax-14-arrestations-pour-les-retards-des-travaux\\\/217934\\\/\",\"name\":\"Saied au chevet des h\u00f4pitaux de Sfax : 14 arrestations pour les retards des travaux\",\"isPartOf\":{\"@id\":\"https:\\\/\\\/www.webdo.tn\\\/fr\\\/#website\"},\"primaryImageOfPage\":{\"@id\":\"https:\\\/\\\/www.webdo.tn\\\/fr\\\/actualite\\\/national\\\/saied-au-chevet-des-hopitaux-de-sfax-14-arrestations-pour-les-retards-des-travaux\\\/217934\\\/#primaryimage\"},\"image\":{\"@id\":\"https:\\\/\\\/www.webdo.tn\\\/fr\\\/actualite\\\/national\\\/saied-au-chevet-des-hopitaux-de-sfax-14-arrestations-pour-les-retards-des-travaux\\\/217934\\\/#primaryimage\"},\"thumbnailUrl\":\"https:\\\/\\\/www.webdo.tn\\\/fr\\\/wp-content\\\/uploads\\\/2025\\\/05\\\/3790bb34b8202d040082de9c67f64db8-2.webp\",\"datePublished\":\"2024-11-28T09:08:00+00:00\",\"dateModified\":\"2025-05-17T20:18:50+00:00\",\"description\":\"Kais Saied inaugure un h\u00f4pital de campagne \u00e0 Sfax pour r\u00e9pondre \u00e0 la crise sanitaire locale. Cette structure temporaire, dot\u00e9e d\u2019\u00e9quipements modernes, pallie la...\",\"breadcrumb\":{\"@id\":\"https:\\\/\\\/www.webdo.tn\\\/fr\\\/actualite\\\/national\\\/saied-au-chevet-des-hopitaux-de-sfax-14-arrestations-pour-les-retards-des-travaux\\\/217934\\\/#breadcrumb\"},\"inLanguage\":\"fr-FR\",\"potentialAction\":[{\"@type\":\"ReadAction\",\"target\":[\"https:\\\/\\\/www.webdo.tn\\\/fr\\\/actualite\\\/national\\\/saied-au-chevet-des-hopitaux-de-sfax-14-arrestations-pour-les-retards-des-travaux\\\/217934\\\/\"]}]},{\"@type\":\"ImageObject\",\"inLanguage\":\"fr-FR\",\"@id\":\"https:\\\/\\\/www.webdo.tn\\\/fr\\\/actualite\\\/national\\\/saied-au-chevet-des-hopitaux-de-sfax-14-arrestations-pour-les-retards-des-travaux\\\/217934\\\/#primaryimage\",\"url\":\"https:\\\/\\\/www.webdo.tn\\\/fr\\\/wp-content\\\/uploads\\\/2025\\\/05\\\/3790bb34b8202d040082de9c67f64db8-2.webp\",\"contentUrl\":\"https:\\\/\\\/www.webdo.tn\\\/fr\\\/wp-content\\\/uploads\\\/2025\\\/05\\\/3790bb34b8202d040082de9c67f64db8-2.webp\",\"width\":750,\"height\":400},{\"@type\":\"BreadcrumbList\",\"@id\":\"https:\\\/\\\/www.webdo.tn\\\/fr\\\/actualite\\\/national\\\/saied-au-chevet-des-hopitaux-de-sfax-14-arrestations-pour-les-retards-des-travaux\\\/217934\\\/#breadcrumb\",\"itemListElement\":[{\"@type\":\"ListItem\",\"position\":1,\"name\":\"Accueil\",\"item\":\"https:\\\/\\\/www.webdo.tn\\\/fr\\\/\"},{\"@type\":\"ListItem\",\"position\":2,\"name\":\"Saied au chevet des h\u00f4pitaux de Sfax : 14 arrestations pour les retards des travaux\"}]},{\"@type\":\"WebSite\",\"@id\":\"https:\\\/\\\/www.webdo.tn\\\/fr\\\/#website\",\"url\":\"https:\\\/\\\/www.webdo.tn\\\/fr\\\/\",\"name\":\"webdo\",\"description\":\"Tunisie - News en Tunisie et \u00e0 l&#039;international sur Webdo.tn\",\"publisher\":{\"@id\":\"https:\\\/\\\/www.webdo.tn\\\/fr\\\/#organization\"},\"potentialAction\":[{\"@type\":\"SearchAction\",\"target\":{\"@type\":\"EntryPoint\",\"urlTemplate\":\"https:\\\/\\\/www.webdo.tn\\\/fr\\\/?s={search_term_string}\"},\"query-input\":{\"@type\":\"PropertyValueSpecification\",\"valueRequired\":true,\"valueName\":\"search_term_string\"}}],\"inLanguage\":\"fr-FR\"},{\"@type\":\"Organization\",\"@id\":\"https:\\\/\\\/www.webdo.tn\\\/fr\\\/#organization\",\"name\":\"Webdo\",\"alternateName\":\"Webdo.tn\",\"url\":\"https:\\\/\\\/www.webdo.tn\\\/fr\\\/\",\"logo\":{\"@type\":\"ImageObject\",\"inLanguage\":\"fr-FR\",\"@id\":\"https:\\\/\\\/www.webdo.tn\\\/fr\\\/#\\\/schema\\\/logo\\\/image\\\/\",\"url\":\"https:\\\/\\\/www.webdo.tn\\\/fr\\\/wp-content\\\/uploads\\\/2025\\\/06\\\/Webdo-Tunisie_168377.jpg\",\"contentUrl\":\"https:\\\/\\\/www.webdo.tn\\\/fr\\\/wp-content\\\/uploads\\\/2025\\\/06\\\/Webdo-Tunisie_168377.jpg\",\"width\":301,\"height\":301,\"caption\":\"Webdo\"},\"image\":{\"@id\":\"https:\\\/\\\/www.webdo.tn\\\/fr\\\/#\\\/schema\\\/logo\\\/image\\\/\"},\"sameAs\":[\"https:\\\/\\\/www.facebook.com\\\/webdotn\",\"https:\\\/\\\/x.com\\\/webdo_tn\"],\"description\":\"Webdo est un m\u00e9dia num\u00e9rique tunisien fond\u00e9 en 2010, sp\u00e9cialis\u00e9 dans l\u2019actualit\u00e9 nationale et internationale, l\u2019\u00e9conomie, la soci\u00e9t\u00e9 et les analyses politiques. Le site s\u2019adresse \u00e0 un large public francophone et couvre l\u2019information tunisienne en temps r\u00e9el.\",\"email\":\"redac@webdo.tn\",\"legalName\":\"YNJ SARL\",\"foundingDate\":\"2010-09-06\",\"numberOfEmployees\":{\"@type\":\"QuantitativeValue\",\"minValue\":\"11\",\"maxValue\":\"50\"}},{\"@type\":\"Person\",\"@id\":\"https:\\\/\\\/www.webdo.tn\\\/fr\\\/#\\\/schema\\\/person\\\/5663044c25eb36d8f88ba5b653f12f8c\",\"name\":\"Ramzi Haddad\",\"image\":{\"@type\":\"ImageObject\",\"inLanguage\":\"fr-FR\",\"@id\":\"https:\\\/\\\/www.webdo.tn\\\/fr\\\/wp-content\\\/uploads\\\/2026\\\/04\\\/ramzi-haddad_avatar-96x96.jpg\",\"url\":\"https:\\\/\\\/www.webdo.tn\\\/fr\\\/wp-content\\\/uploads\\\/2026\\\/04\\\/ramzi-haddad_avatar-96x96.jpg\",\"contentUrl\":\"https:\\\/\\\/www.webdo.tn\\\/fr\\\/wp-content\\\/uploads\\\/2026\\\/04\\\/ramzi-haddad_avatar-96x96.jpg\",\"caption\":\"Ramzi Haddad\"},\"description\":\"Signature \u00e9ditoriale de Walid Ben Youssef Ramzi Haddad est le pseudonyme \u00e9ditorial de Walid Ben Youssef, fondateur et g\u00e9rant de Webdo.tn. Cette signature est d\u00e9di\u00e9e \u00e0 la couverture de l'actualit\u00e9 nationale et internationale, ainsi qu'aux analyses des dynamiques num\u00e9riques. Ce profil b\u00e9n\u00e9ficie de l'expertise de Walid Ben Youssef, pionnier du web en Tunisie depuis 2000 et dipl\u00f4m\u00e9 en Math\u00e9matiques pures de l'Universit\u00e9 d'Oregon. \u00c0 travers cette signature, la r\u00e9daction de Webdo garantit une information structur\u00e9e et v\u00e9rifi\u00e9e, fid\u00e8le aux standards journalistiques du m\u00e9dia.\",\"url\":\"https:\\\/\\\/www.webdo.tn\\\/fr\\\/actualite\\\/author\\\/ramzi-haddad\\\/\"}]}<\/script>\n<!-- \/ Yoast SEO Premium plugin. -->","yoast_head_json":{"title":"Saied au chevet des h\u00f4pitaux de Sfax : 14 arrestations pour les retards des travaux","description":"Kais Saied inaugure un h\u00f4pital de campagne \u00e0 Sfax pour r\u00e9pondre \u00e0 la crise sanitaire locale. Cette structure temporaire, dot\u00e9e d\u2019\u00e9quipements modernes, pallie la...","canonical":"https:\/\/www.webdo.tn\/fr\/actualite\/national\/saied-au-chevet-des-hopitaux-de-sfax-14-arrestations-pour-les-retards-des-travaux\/217934\/","og_locale":"fr_FR","og_type":"article","og_title":"Saied au chevet des h\u00f4pitaux de Sfax : 14 arrestations pour les retards des travaux","og_description":"Kais Saied inaugure un h\u00f4pital de campagne \u00e0 Sfax pour r\u00e9pondre \u00e0 la crise sanitaire locale. Cette structure temporaire, dot\u00e9e d\u2019\u00e9quipements modernes, pallie la...","og_url":"https:\/\/www.webdo.tn\/fr\/actualite\/national\/saied-au-chevet-des-hopitaux-de-sfax-14-arrestations-pour-les-retards-des-travaux\/217934\/","og_site_name":"webdo","article_publisher":"https:\/\/www.facebook.com\/webdotn","article_published_time":"2024-11-28T09:08:00+00:00","article_modified_time":"2025-05-17T20:18:50+00:00","og_image":[{"width":750,"height":400,"url":"https:\/\/www.webdo.tn\/fr\/wp-content\/uploads\/2025\/05\/3790bb34b8202d040082de9c67f64db8-2.webp","type":"image\/webp"}],"author":"Ramzi Haddad","twitter_card":"summary_large_image","twitter_creator":"@webdo_tn","twitter_site":"@webdo_tn","twitter_misc":{"\u00c9crit par":"Ramzi Haddad","Dur\u00e9e de lecture estim\u00e9e":"2 minutes"},"schema":{"@context":"https:\/\/schema.org","@graph":[{"@type":"NewsArticle","@id":"https:\/\/www.webdo.tn\/fr\/actualite\/national\/saied-au-chevet-des-hopitaux-de-sfax-14-arrestations-pour-les-retards-des-travaux\/217934\/#article","isPartOf":{"@id":"https:\/\/www.webdo.tn\/fr\/actualite\/national\/saied-au-chevet-des-hopitaux-de-sfax-14-arrestations-pour-les-retards-des-travaux\/217934\/"},"author":{"name":"Ramzi Haddad","@id":"https:\/\/www.webdo.tn\/fr\/#\/schema\/person\/5663044c25eb36d8f88ba5b653f12f8c"},"headline":"Saied au chevet des h\u00f4pitaux de Sfax : 14 arrestations pour les retards des travaux","datePublished":"2024-11-28T09:08:00+00:00","dateModified":"2025-05-17T20:18:50+00:00","mainEntityOfPage":{"@id":"https:\/\/www.webdo.tn\/fr\/actualite\/national\/saied-au-chevet-des-hopitaux-de-sfax-14-arrestations-pour-les-retards-des-travaux\/217934\/"},"wordCount":349,"commentCount":0,"publisher":{"@id":"https:\/\/www.webdo.tn\/fr\/#organization"},"image":{"@id":"https:\/\/www.webdo.tn\/fr\/actualite\/national\/saied-au-chevet-des-hopitaux-de-sfax-14-arrestations-pour-les-retards-des-travaux\/217934\/#primaryimage"},"thumbnailUrl":"https:\/\/www.webdo.tn\/fr\/wp-content\/uploads\/2025\/05\/3790bb34b8202d040082de9c67f64db8-2.webp","keywords":["H\u00f4pital de campagne","H\u00f4pital H\u00e9di Chaker","Kais Saied","Sant\u00e9 en Tunisie","Sfax"],"articleSection":["National"],"inLanguage":"fr-FR"},{"@type":"WebPage","@id":"https:\/\/www.webdo.tn\/fr\/actualite\/national\/saied-au-chevet-des-hopitaux-de-sfax-14-arrestations-pour-les-retards-des-travaux\/217934\/","url":"https:\/\/www.webdo.tn\/fr\/actualite\/national\/saied-au-chevet-des-hopitaux-de-sfax-14-arrestations-pour-les-retards-des-travaux\/217934\/","name":"Saied au chevet des h\u00f4pitaux de Sfax : 14 arrestations pour les retards des travaux","isPartOf":{"@id":"https:\/\/www.webdo.tn\/fr\/#website"},"primaryImageOfPage":{"@id":"https:\/\/www.webdo.tn\/fr\/actualite\/national\/saied-au-chevet-des-hopitaux-de-sfax-14-arrestations-pour-les-retards-des-travaux\/217934\/#primaryimage"},"image":{"@id":"https:\/\/www.webdo.tn\/fr\/actualite\/national\/saied-au-chevet-des-hopitaux-de-sfax-14-arrestations-pour-les-retards-des-travaux\/217934\/#primaryimage"},"thumbnailUrl":"https:\/\/www.webdo.tn\/fr\/wp-content\/uploads\/2025\/05\/3790bb34b8202d040082de9c67f64db8-2.webp","datePublished":"2024-11-28T09:08:00+00:00","dateModified":"2025-05-17T20:18:50+00:00","description":"Kais Saied inaugure un h\u00f4pital de campagne \u00e0 Sfax pour r\u00e9pondre \u00e0 la crise sanitaire locale. Cette structure temporaire, dot\u00e9e d\u2019\u00e9quipements modernes, pallie la...","breadcrumb":{"@id":"https:\/\/www.webdo.tn\/fr\/actualite\/national\/saied-au-chevet-des-hopitaux-de-sfax-14-arrestations-pour-les-retards-des-travaux\/217934\/#breadcrumb"},"inLanguage":"fr-FR","potentialAction":[{"@type":"ReadAction","target":["https:\/\/www.webdo.tn\/fr\/actualite\/national\/saied-au-chevet-des-hopitaux-de-sfax-14-arrestations-pour-les-retards-des-travaux\/217934\/"]}]},{"@type":"ImageObject","inLanguage":"fr-FR","@id":"https:\/\/www.webdo.tn\/fr\/actualite\/national\/saied-au-chevet-des-hopitaux-de-sfax-14-arrestations-pour-les-retards-des-travaux\/217934\/#primaryimage","url":"https:\/\/www.webdo.tn\/fr\/wp-content\/uploads\/2025\/05\/3790bb34b8202d040082de9c67f64db8-2.webp","contentUrl":"https:\/\/www.webdo.tn\/fr\/wp-content\/uploads\/2025\/05\/3790bb34b8202d040082de9c67f64db8-2.webp","width":750,"height":400},{"@type":"BreadcrumbList","@id":"https:\/\/www.webdo.tn\/fr\/actualite\/national\/saied-au-chevet-des-hopitaux-de-sfax-14-arrestations-pour-les-retards-des-travaux\/217934\/#breadcrumb","itemListElement":[{"@type":"ListItem","position":1,"name":"Accueil","item":"https:\/\/www.webdo.tn\/fr\/"},{"@type":"ListItem","position":2,"name":"Saied au chevet des h\u00f4pitaux de Sfax : 14 arrestations pour les retards des travaux"}]},{"@type":"WebSite","@id":"https:\/\/www.webdo.tn\/fr\/#website","url":"https:\/\/www.webdo.tn\/fr\/","name":"webdo","description":"Tunisie - News en Tunisie et \u00e0 l&#039;international sur Webdo.tn","publisher":{"@id":"https:\/\/www.webdo.tn\/fr\/#organization"},"potentialAction":[{"@type":"SearchAction","target":{"@type":"EntryPoint","urlTemplate":"https:\/\/www.webdo.tn\/fr\/?s={search_term_string}"},"query-input":{"@type":"PropertyValueSpecification","valueRequired":true,"valueName":"search_term_string"}}],"inLanguage":"fr-FR"},{"@type":"Organization","@id":"https:\/\/www.webdo.tn\/fr\/#organization","name":"Webdo","alternateName":"Webdo.tn","url":"https:\/\/www.webdo.tn\/fr\/","logo":{"@type":"ImageObject","inLanguage":"fr-FR","@id":"https:\/\/www.webdo.tn\/fr\/#\/schema\/logo\/image\/","url":"https:\/\/www.webdo.tn\/fr\/wp-content\/uploads\/2025\/06\/Webdo-Tunisie_168377.jpg","contentUrl":"https:\/\/www.webdo.tn\/fr\/wp-content\/uploads\/2025\/06\/Webdo-Tunisie_168377.jpg","width":301,"height":301,"caption":"Webdo"},"image":{"@id":"https:\/\/www.webdo.tn\/fr\/#\/schema\/logo\/image\/"},"sameAs":["https:\/\/www.facebook.com\/webdotn","https:\/\/x.com\/webdo_tn"],"description":"Webdo est un m\u00e9dia num\u00e9rique tunisien fond\u00e9 en 2010, sp\u00e9cialis\u00e9 dans l\u2019actualit\u00e9 nationale et internationale, l\u2019\u00e9conomie, la soci\u00e9t\u00e9 et les analyses politiques. Le site s\u2019adresse \u00e0 un large public francophone et couvre l\u2019information tunisienne en temps r\u00e9el.","email":"redac@webdo.tn","legalName":"YNJ SARL","foundingDate":"2010-09-06","numberOfEmployees":{"@type":"QuantitativeValue","minValue":"11","maxValue":"50"}},{"@type":"Person","@id":"https:\/\/www.webdo.tn\/fr\/#\/schema\/person\/5663044c25eb36d8f88ba5b653f12f8c","name":"Ramzi Haddad","image":{"@type":"ImageObject","inLanguage":"fr-FR","@id":"https:\/\/www.webdo.tn\/fr\/wp-content\/uploads\/2026\/04\/ramzi-haddad_avatar-96x96.jpg","url":"https:\/\/www.webdo.tn\/fr\/wp-content\/uploads\/2026\/04\/ramzi-haddad_avatar-96x96.jpg","contentUrl":"https:\/\/www.webdo.tn\/fr\/wp-content\/uploads\/2026\/04\/ramzi-haddad_avatar-96x96.jpg","caption":"Ramzi Haddad"},"description":"Signature \u00e9ditoriale de Walid Ben Youssef Ramzi Haddad est le pseudonyme \u00e9ditorial de Walid Ben Youssef, fondateur et g\u00e9rant de Webdo.tn. Cette signature est d\u00e9di\u00e9e \u00e0 la couverture de l'actualit\u00e9 nationale et internationale, ainsi qu'aux analyses des dynamiques num\u00e9riques. Ce profil b\u00e9n\u00e9ficie de l'expertise de Walid Ben Youssef, pionnier du web en Tunisie depuis 2000 et dipl\u00f4m\u00e9 en Math\u00e9matiques pures de l'Universit\u00e9 d'Oregon. \u00c0 travers cette signature, la r\u00e9daction de Webdo garantit une information structur\u00e9e et v\u00e9rifi\u00e9e, fid\u00e8le aux standards journalistiques du m\u00e9dia.","url":"https:\/\/www.webdo.tn\/fr\/actualite\/author\/ramzi-haddad\/"}]}},"_links":{"self":[{"href":"https:\/\/www.webdo.tn\/fr\/wp-json\/wp\/v2\/posts\/217934","targetHints":{"allow":["GET"]}}],"collection":[{"href":"https:\/\/www.webdo.tn\/fr\/wp-json\/wp\/v2\/posts"}],"about":[{"href":"https:\/\/www.webdo.tn\/fr\/wp-json\/wp\/v2\/types\/post"}],"author":[{"embeddable":true,"href":"https:\/\/www.webdo.tn\/fr\/wp-json\/wp\/v2\/users\/3203"}],"replies":[{"embeddable":true,"href":"https:\/\/www.webdo.tn\/fr\/wp-json\/wp\/v2\/comments?post=217934"}],"version-history":[{"count":0,"href":"https:\/\/www.webdo.tn\/fr\/wp-json\/wp\/v2\/posts\/217934\/revisions"}],"wp:featuredmedia":[{"embeddable":true,"href":"https:\/\/www.webdo.tn\/fr\/wp-json\/wp\/v2\/media\/243770"}],"wp:attachment":[{"href":"https:\/\/www.webdo.tn\/fr\/wp-json\/wp\/v2\/media?parent=217934"}],"wp:term":[{"taxonomy":"category","embeddable":true,"href":"https:\/\/www.webdo.tn\/fr\/wp-json\/wp\/v2\/categories?post=217934"},{"taxonomy":"post_tag","embeddable":true,"href":"https:\/\/www.webdo.tn\/fr\/wp-json\/wp\/v2\/tags?post=217934"}],"curies":[{"name":"wp","href":"https:\/\/api.w.org\/{rel}","templated":true}]}}