{"id":217932,"date":"2024-11-28T08:41:00","date_gmt":"2024-11-28T08:41:00","guid":{"rendered":"https:\/\/www.webdo.tn\/fr\/blog\/2024\/11\/28\/caf-entame-reussie-pour-les-algeriens-et-les-egyptiens\/"},"modified":"2025-05-20T21:46:11","modified_gmt":"2025-05-20T21:46:11","slug":"caf-entame-reussie-pour-les-algeriens-et-les-egyptiens","status":"publish","type":"post","link":"https:\/\/www.webdo.tn\/fr\/actualite\/sport\/caf-entame-reussie-pour-les-algeriens-et-les-egyptiens\/217932\/","title":{"rendered":"CAF : Entame r\u00e9ussie pour les Alg\u00e9riens et les Egyptiens"},"content":{"rendered":"<p>Le CS Sfaxien a rat\u00e9 son entr\u00e9e en mati\u00e8re en Coupe de la Conf\u00e9d\u00e9ration. Le repr\u00e9sentant tunisien, a \u00e9t\u00e9 battu par les Alg\u00e9riens du CS Constantinois au Stade Hamadi Agrebi de Rad\u00e8s dans le cadre de la 1\u00e8re journ\u00e9e en phase de poules. Les clubs alg\u00e9riens et \u00e9gyptiens ont d\u2019ailleurs annonc\u00e9 la couleur lors de cette 1\u00e8re journ\u00e9e.<\/p>\n<p>\t\t\t\t\t\t\t\t\tRESULTATS 1ERE JOURNEE<\/p>\n<p>Groupe A<\/p>\n<p>\tSimba SC (TAN) &#8211; Bravos do Maquis (ANG) 1-0<br \/>\n\tCS Sfaxien &#8211; CS Constantine (ALG) 0-1<\/p>\n<p>Groupe B<\/p>\n<p>\tStade Malien (MAL) &#8211; Stellenbosch FC (AFS) 2-0<br \/>\n\tRS Berkane (MAR) &#8211; CD Lunda Sul (ANG) 2-0<\/p>\n<p>Groupe C<\/p>\n<p>\tASEC Mimosas (CI) &#8211; ASC Jaraaf (SEN) 2-0<br \/>\n\tUSM Alger (ALG) &#8211; Orapa United (BOT) 6-0<\/p>\n<p>Groupe D<\/p>\n<p>\tAl Masry (EGY) &#8211; Enyimba (NGA) 2-0<br \/>\n\tZamalek (EGY) &#8211; Black Bulls (MOZ) 2-0<\/p>\n","protected":false},"excerpt":{"rendered":"<p>Le CS Sfaxien a rat\u00e9 son entr\u00e9e en mati\u00e8re en Coupe de la Conf\u00e9d\u00e9ration. Le repr\u00e9sentant tunisien, a \u00e9t\u00e9 battu par les Alg\u00e9riens du CS Constantinois au Stade Ha&#8230;<\/p>\n","protected":false},"author":3162,"featured_media":243766,"comment_status":"open","ping_status":"open","sticky":false,"template":"","format":"standard","meta":{"footnotes":""},"categories":[2593],"tags":[2907,4742,4606,2622,2608],"class_list":["post-217932","post","type-post","status-publish","format-standard","has-post-thumbnail","hentry","category-sport","tag-algerie","tag-coupe-de-la-confederation","tag-cs-sfaxien","tag-football","tag-tunisie"],"yoast_head":"<!-- This site is optimized with the Yoast SEO Premium plugin v27.4 (Yoast SEO v27.5) - https:\/\/yoast.com\/product\/yoast-seo-premium-wordpress\/ -->\n<title>CAF : Entame r\u00e9ussie pour les Alg\u00e9riens et les Egyptiens<\/title>\n<meta name=\"description\" content=\"Le CS Sfaxien a rat\u00e9 son entr\u00e9e en mati\u00e8re en Coupe de la Conf\u00e9d\u00e9ration. Le repr\u00e9sentant tunisien, a \u00e9t\u00e9 battu par les Alg\u00e9riens du CS Constantinois au Stade Ha...\" \/>\n<link rel=\"canonical\" href=\"https:\/\/www.webdo.tn\/fr\/actualite\/sport\/caf-entame-reussie-pour-les-algeriens-et-les-egyptiens\/217932\/\" \/>\n<meta property=\"og:locale\" content=\"fr_FR\" \/>\n<meta property=\"og:type\" content=\"article\" \/>\n<meta property=\"og:title\" content=\"CAF : Entame r\u00e9ussie pour les Alg\u00e9riens et les Egyptiens\" \/>\n<meta property=\"og:description\" content=\"Le CS Sfaxien a rat\u00e9 son entr\u00e9e en mati\u00e8re en Coupe de la Conf\u00e9d\u00e9ration. Le repr\u00e9sentant tunisien, a \u00e9t\u00e9 battu par les Alg\u00e9riens du CS Constantinois au Stade Ha...\" \/>\n<meta property=\"og:url\" content=\"https:\/\/www.webdo.tn\/fr\/actualite\/sport\/caf-entame-reussie-pour-les-algeriens-et-les-egyptiens\/217932\/\" \/>\n<meta property=\"og:site_name\" content=\"webdo\" \/>\n<meta property=\"article:publisher\" content=\"https:\/\/www.facebook.com\/webdotn\" \/>\n<meta property=\"article:published_time\" content=\"2024-11-28T08:41:00+00:00\" \/>\n<meta property=\"article:modified_time\" content=\"2025-05-20T21:46:11+00:00\" \/>\n<meta property=\"og:image\" content=\"https:\/\/www.webdo.tn\/fr\/wp-content\/uploads\/2025\/05\/15914fb969970c9e2b0e1f18ccf0ee99-2.webp\" \/>\n\t<meta property=\"og:image:width\" content=\"750\" \/>\n\t<meta property=\"og:image:height\" content=\"400\" \/>\n\t<meta property=\"og:image:type\" content=\"image\/webp\" \/>\n<meta name=\"author\" content=\"MC\" \/>\n<meta name=\"twitter:card\" content=\"summary_large_image\" \/>\n<meta name=\"twitter:creator\" content=\"@webdo_tn\" \/>\n<meta name=\"twitter:site\" content=\"@webdo_tn\" \/>\n<meta name=\"twitter:label1\" content=\"\u00c9crit par\" \/>\n\t<meta name=\"twitter:data1\" content=\"MC\" \/>\n\t<meta name=\"twitter:label2\" content=\"Dur\u00e9e de lecture estim\u00e9e\" \/>\n\t<meta name=\"twitter:data2\" content=\"1 minute\" \/>\n<script type=\"application\/ld+json\" class=\"yoast-schema-graph\">{\"@context\":\"https:\\\/\\\/schema.org\",\"@graph\":[{\"@type\":\"NewsArticle\",\"@id\":\"https:\\\/\\\/www.webdo.tn\\\/fr\\\/actualite\\\/sport\\\/caf-entame-reussie-pour-les-algeriens-et-les-egyptiens\\\/217932\\\/#article\",\"isPartOf\":{\"@id\":\"https:\\\/\\\/www.webdo.tn\\\/fr\\\/actualite\\\/sport\\\/caf-entame-reussie-pour-les-algeriens-et-les-egyptiens\\\/217932\\\/\"},\"author\":{\"name\":\"MC\",\"@id\":\"https:\\\/\\\/www.webdo.tn\\\/fr\\\/#\\\/schema\\\/person\\\/2c4929cbf5a809e3bd38617c6ce150f6\"},\"headline\":\"CAF : Entame r\u00e9ussie pour les Alg\u00e9riens et les Egyptiens\",\"datePublished\":\"2024-11-28T08:41:00+00:00\",\"dateModified\":\"2025-05-20T21:46:11+00:00\",\"mainEntityOfPage\":{\"@id\":\"https:\\\/\\\/www.webdo.tn\\\/fr\\\/actualite\\\/sport\\\/caf-entame-reussie-pour-les-algeriens-et-les-egyptiens\\\/217932\\\/\"},\"wordCount\":154,\"commentCount\":0,\"publisher\":{\"@id\":\"https:\\\/\\\/www.webdo.tn\\\/fr\\\/#organization\"},\"image\":{\"@id\":\"https:\\\/\\\/www.webdo.tn\\\/fr\\\/actualite\\\/sport\\\/caf-entame-reussie-pour-les-algeriens-et-les-egyptiens\\\/217932\\\/#primaryimage\"},\"thumbnailUrl\":\"https:\\\/\\\/www.webdo.tn\\\/fr\\\/wp-content\\\/uploads\\\/2025\\\/05\\\/15914fb969970c9e2b0e1f18ccf0ee99-2.webp\",\"keywords\":[\"Alg\u00e9rie\",\"coupe de la conf\u00e9d\u00e9ration\",\"cs sfaxien\",\"football\",\"Tunisie\"],\"articleSection\":[\"Sport\"],\"inLanguage\":\"fr-FR\"},{\"@type\":\"WebPage\",\"@id\":\"https:\\\/\\\/www.webdo.tn\\\/fr\\\/actualite\\\/sport\\\/caf-entame-reussie-pour-les-algeriens-et-les-egyptiens\\\/217932\\\/\",\"url\":\"https:\\\/\\\/www.webdo.tn\\\/fr\\\/actualite\\\/sport\\\/caf-entame-reussie-pour-les-algeriens-et-les-egyptiens\\\/217932\\\/\",\"name\":\"CAF : Entame r\u00e9ussie pour les Alg\u00e9riens et les Egyptiens\",\"isPartOf\":{\"@id\":\"https:\\\/\\\/www.webdo.tn\\\/fr\\\/#website\"},\"primaryImageOfPage\":{\"@id\":\"https:\\\/\\\/www.webdo.tn\\\/fr\\\/actualite\\\/sport\\\/caf-entame-reussie-pour-les-algeriens-et-les-egyptiens\\\/217932\\\/#primaryimage\"},\"image\":{\"@id\":\"https:\\\/\\\/www.webdo.tn\\\/fr\\\/actualite\\\/sport\\\/caf-entame-reussie-pour-les-algeriens-et-les-egyptiens\\\/217932\\\/#primaryimage\"},\"thumbnailUrl\":\"https:\\\/\\\/www.webdo.tn\\\/fr\\\/wp-content\\\/uploads\\\/2025\\\/05\\\/15914fb969970c9e2b0e1f18ccf0ee99-2.webp\",\"datePublished\":\"2024-11-28T08:41:00+00:00\",\"dateModified\":\"2025-05-20T21:46:11+00:00\",\"description\":\"Le CS Sfaxien a rat\u00e9 son entr\u00e9e en mati\u00e8re en Coupe de la Conf\u00e9d\u00e9ration. Le repr\u00e9sentant tunisien, a \u00e9t\u00e9 battu par les Alg\u00e9riens du CS Constantinois au Stade Ha...\",\"breadcrumb\":{\"@id\":\"https:\\\/\\\/www.webdo.tn\\\/fr\\\/actualite\\\/sport\\\/caf-entame-reussie-pour-les-algeriens-et-les-egyptiens\\\/217932\\\/#breadcrumb\"},\"inLanguage\":\"fr-FR\",\"potentialAction\":[{\"@type\":\"ReadAction\",\"target\":[\"https:\\\/\\\/www.webdo.tn\\\/fr\\\/actualite\\\/sport\\\/caf-entame-reussie-pour-les-algeriens-et-les-egyptiens\\\/217932\\\/\"]}]},{\"@type\":\"ImageObject\",\"inLanguage\":\"fr-FR\",\"@id\":\"https:\\\/\\\/www.webdo.tn\\\/fr\\\/actualite\\\/sport\\\/caf-entame-reussie-pour-les-algeriens-et-les-egyptiens\\\/217932\\\/#primaryimage\",\"url\":\"https:\\\/\\\/www.webdo.tn\\\/fr\\\/wp-content\\\/uploads\\\/2025\\\/05\\\/15914fb969970c9e2b0e1f18ccf0ee99-2.webp\",\"contentUrl\":\"https:\\\/\\\/www.webdo.tn\\\/fr\\\/wp-content\\\/uploads\\\/2025\\\/05\\\/15914fb969970c9e2b0e1f18ccf0ee99-2.webp\",\"width\":750,\"height\":400},{\"@type\":\"BreadcrumbList\",\"@id\":\"https:\\\/\\\/www.webdo.tn\\\/fr\\\/actualite\\\/sport\\\/caf-entame-reussie-pour-les-algeriens-et-les-egyptiens\\\/217932\\\/#breadcrumb\",\"itemListElement\":[{\"@type\":\"ListItem\",\"position\":1,\"name\":\"Accueil\",\"item\":\"https:\\\/\\\/www.webdo.tn\\\/fr\\\/\"},{\"@type\":\"ListItem\",\"position\":2,\"name\":\"CAF : Entame r\u00e9ussie pour les Alg\u00e9riens et les Egyptiens\"}]},{\"@type\":\"WebSite\",\"@id\":\"https:\\\/\\\/www.webdo.tn\\\/fr\\\/#website\",\"url\":\"https:\\\/\\\/www.webdo.tn\\\/fr\\\/\",\"name\":\"webdo\",\"description\":\"Tunisie - News en Tunisie et \u00e0 l&#039;international sur Webdo.tn\",\"publisher\":{\"@id\":\"https:\\\/\\\/www.webdo.tn\\\/fr\\\/#organization\"},\"potentialAction\":[{\"@type\":\"SearchAction\",\"target\":{\"@type\":\"EntryPoint\",\"urlTemplate\":\"https:\\\/\\\/www.webdo.tn\\\/fr\\\/?s={search_term_string}\"},\"query-input\":{\"@type\":\"PropertyValueSpecification\",\"valueRequired\":true,\"valueName\":\"search_term_string\"}}],\"inLanguage\":\"fr-FR\"},{\"@type\":\"Organization\",\"@id\":\"https:\\\/\\\/www.webdo.tn\\\/fr\\\/#organization\",\"name\":\"Webdo\",\"alternateName\":\"Webdo.tn\",\"url\":\"https:\\\/\\\/www.webdo.tn\\\/fr\\\/\",\"logo\":{\"@type\":\"ImageObject\",\"inLanguage\":\"fr-FR\",\"@id\":\"https:\\\/\\\/www.webdo.tn\\\/fr\\\/#\\\/schema\\\/logo\\\/image\\\/\",\"url\":\"https:\\\/\\\/www.webdo.tn\\\/fr\\\/wp-content\\\/uploads\\\/2025\\\/06\\\/Webdo-Tunisie_168377.jpg\",\"contentUrl\":\"https:\\\/\\\/www.webdo.tn\\\/fr\\\/wp-content\\\/uploads\\\/2025\\\/06\\\/Webdo-Tunisie_168377.jpg\",\"width\":301,\"height\":301,\"caption\":\"Webdo\"},\"image\":{\"@id\":\"https:\\\/\\\/www.webdo.tn\\\/fr\\\/#\\\/schema\\\/logo\\\/image\\\/\"},\"sameAs\":[\"https:\\\/\\\/www.facebook.com\\\/webdotn\",\"https:\\\/\\\/x.com\\\/webdo_tn\"],\"description\":\"Webdo est un m\u00e9dia num\u00e9rique tunisien fond\u00e9 en 2010, sp\u00e9cialis\u00e9 dans l\u2019actualit\u00e9 nationale et internationale, l\u2019\u00e9conomie, la soci\u00e9t\u00e9 et les analyses politiques. Le site s\u2019adresse \u00e0 un large public francophone et couvre l\u2019information tunisienne en temps r\u00e9el.\",\"email\":\"redac@webdo.tn\",\"legalName\":\"YNJ SARL\",\"foundingDate\":\"2010-09-06\",\"numberOfEmployees\":{\"@type\":\"QuantitativeValue\",\"minValue\":\"11\",\"maxValue\":\"50\"}},{\"@type\":\"Person\",\"@id\":\"https:\\\/\\\/www.webdo.tn\\\/fr\\\/#\\\/schema\\\/person\\\/2c4929cbf5a809e3bd38617c6ce150f6\",\"name\":\"MC\",\"image\":{\"@type\":\"ImageObject\",\"inLanguage\":\"fr-FR\",\"@id\":\"https:\\\/\\\/secure.gravatar.com\\\/avatar\\\/a545bbb6f84efdd5553dbbc2895e3ca8f1d12c5215e00a041c9670b54aa9b18a?s=96&d=mm&r=g\",\"url\":\"https:\\\/\\\/secure.gravatar.com\\\/avatar\\\/a545bbb6f84efdd5553dbbc2895e3ca8f1d12c5215e00a041c9670b54aa9b18a?s=96&d=mm&r=g\",\"contentUrl\":\"https:\\\/\\\/secure.gravatar.com\\\/avatar\\\/a545bbb6f84efdd5553dbbc2895e3ca8f1d12c5215e00a041c9670b54aa9b18a?s=96&d=mm&r=g\",\"caption\":\"MC\"},\"url\":\"https:\\\/\\\/www.webdo.tn\\\/fr\\\/actualite\\\/author\\\/mc\\\/\"}]}<\/script>\n<!-- \/ Yoast SEO Premium plugin. -->","yoast_head_json":{"title":"CAF : Entame r\u00e9ussie pour les Alg\u00e9riens et les Egyptiens","description":"Le CS Sfaxien a rat\u00e9 son entr\u00e9e en mati\u00e8re en Coupe de la Conf\u00e9d\u00e9ration. Le repr\u00e9sentant tunisien, a \u00e9t\u00e9 battu par les Alg\u00e9riens du CS Constantinois au Stade Ha...","canonical":"https:\/\/www.webdo.tn\/fr\/actualite\/sport\/caf-entame-reussie-pour-les-algeriens-et-les-egyptiens\/217932\/","og_locale":"fr_FR","og_type":"article","og_title":"CAF : Entame r\u00e9ussie pour les Alg\u00e9riens et les Egyptiens","og_description":"Le CS Sfaxien a rat\u00e9 son entr\u00e9e en mati\u00e8re en Coupe de la Conf\u00e9d\u00e9ration. Le repr\u00e9sentant tunisien, a \u00e9t\u00e9 battu par les Alg\u00e9riens du CS Constantinois au Stade Ha...","og_url":"https:\/\/www.webdo.tn\/fr\/actualite\/sport\/caf-entame-reussie-pour-les-algeriens-et-les-egyptiens\/217932\/","og_site_name":"webdo","article_publisher":"https:\/\/www.facebook.com\/webdotn","article_published_time":"2024-11-28T08:41:00+00:00","article_modified_time":"2025-05-20T21:46:11+00:00","og_image":[{"width":750,"height":400,"url":"https:\/\/www.webdo.tn\/fr\/wp-content\/uploads\/2025\/05\/15914fb969970c9e2b0e1f18ccf0ee99-2.webp","type":"image\/webp"}],"author":"MC","twitter_card":"summary_large_image","twitter_creator":"@webdo_tn","twitter_site":"@webdo_tn","twitter_misc":{"\u00c9crit par":"MC","Dur\u00e9e de lecture estim\u00e9e":"1 minute"},"schema":{"@context":"https:\/\/schema.org","@graph":[{"@type":"NewsArticle","@id":"https:\/\/www.webdo.tn\/fr\/actualite\/sport\/caf-entame-reussie-pour-les-algeriens-et-les-egyptiens\/217932\/#article","isPartOf":{"@id":"https:\/\/www.webdo.tn\/fr\/actualite\/sport\/caf-entame-reussie-pour-les-algeriens-et-les-egyptiens\/217932\/"},"author":{"name":"MC","@id":"https:\/\/www.webdo.tn\/fr\/#\/schema\/person\/2c4929cbf5a809e3bd38617c6ce150f6"},"headline":"CAF : Entame r\u00e9ussie pour les Alg\u00e9riens et les Egyptiens","datePublished":"2024-11-28T08:41:00+00:00","dateModified":"2025-05-20T21:46:11+00:00","mainEntityOfPage":{"@id":"https:\/\/www.webdo.tn\/fr\/actualite\/sport\/caf-entame-reussie-pour-les-algeriens-et-les-egyptiens\/217932\/"},"wordCount":154,"commentCount":0,"publisher":{"@id":"https:\/\/www.webdo.tn\/fr\/#organization"},"image":{"@id":"https:\/\/www.webdo.tn\/fr\/actualite\/sport\/caf-entame-reussie-pour-les-algeriens-et-les-egyptiens\/217932\/#primaryimage"},"thumbnailUrl":"https:\/\/www.webdo.tn\/fr\/wp-content\/uploads\/2025\/05\/15914fb969970c9e2b0e1f18ccf0ee99-2.webp","keywords":["Alg\u00e9rie","coupe de la conf\u00e9d\u00e9ration","cs sfaxien","football","Tunisie"],"articleSection":["Sport"],"inLanguage":"fr-FR"},{"@type":"WebPage","@id":"https:\/\/www.webdo.tn\/fr\/actualite\/sport\/caf-entame-reussie-pour-les-algeriens-et-les-egyptiens\/217932\/","url":"https:\/\/www.webdo.tn\/fr\/actualite\/sport\/caf-entame-reussie-pour-les-algeriens-et-les-egyptiens\/217932\/","name":"CAF : Entame r\u00e9ussie pour les Alg\u00e9riens et les Egyptiens","isPartOf":{"@id":"https:\/\/www.webdo.tn\/fr\/#website"},"primaryImageOfPage":{"@id":"https:\/\/www.webdo.tn\/fr\/actualite\/sport\/caf-entame-reussie-pour-les-algeriens-et-les-egyptiens\/217932\/#primaryimage"},"image":{"@id":"https:\/\/www.webdo.tn\/fr\/actualite\/sport\/caf-entame-reussie-pour-les-algeriens-et-les-egyptiens\/217932\/#primaryimage"},"thumbnailUrl":"https:\/\/www.webdo.tn\/fr\/wp-content\/uploads\/2025\/05\/15914fb969970c9e2b0e1f18ccf0ee99-2.webp","datePublished":"2024-11-28T08:41:00+00:00","dateModified":"2025-05-20T21:46:11+00:00","description":"Le CS Sfaxien a rat\u00e9 son entr\u00e9e en mati\u00e8re en Coupe de la Conf\u00e9d\u00e9ration. Le repr\u00e9sentant tunisien, a \u00e9t\u00e9 battu par les Alg\u00e9riens du CS Constantinois au Stade Ha...","breadcrumb":{"@id":"https:\/\/www.webdo.tn\/fr\/actualite\/sport\/caf-entame-reussie-pour-les-algeriens-et-les-egyptiens\/217932\/#breadcrumb"},"inLanguage":"fr-FR","potentialAction":[{"@type":"ReadAction","target":["https:\/\/www.webdo.tn\/fr\/actualite\/sport\/caf-entame-reussie-pour-les-algeriens-et-les-egyptiens\/217932\/"]}]},{"@type":"ImageObject","inLanguage":"fr-FR","@id":"https:\/\/www.webdo.tn\/fr\/actualite\/sport\/caf-entame-reussie-pour-les-algeriens-et-les-egyptiens\/217932\/#primaryimage","url":"https:\/\/www.webdo.tn\/fr\/wp-content\/uploads\/2025\/05\/15914fb969970c9e2b0e1f18ccf0ee99-2.webp","contentUrl":"https:\/\/www.webdo.tn\/fr\/wp-content\/uploads\/2025\/05\/15914fb969970c9e2b0e1f18ccf0ee99-2.webp","width":750,"height":400},{"@type":"BreadcrumbList","@id":"https:\/\/www.webdo.tn\/fr\/actualite\/sport\/caf-entame-reussie-pour-les-algeriens-et-les-egyptiens\/217932\/#breadcrumb","itemListElement":[{"@type":"ListItem","position":1,"name":"Accueil","item":"https:\/\/www.webdo.tn\/fr\/"},{"@type":"ListItem","position":2,"name":"CAF : Entame r\u00e9ussie pour les Alg\u00e9riens et les Egyptiens"}]},{"@type":"WebSite","@id":"https:\/\/www.webdo.tn\/fr\/#website","url":"https:\/\/www.webdo.tn\/fr\/","name":"webdo","description":"Tunisie - News en Tunisie et \u00e0 l&#039;international sur Webdo.tn","publisher":{"@id":"https:\/\/www.webdo.tn\/fr\/#organization"},"potentialAction":[{"@type":"SearchAction","target":{"@type":"EntryPoint","urlTemplate":"https:\/\/www.webdo.tn\/fr\/?s={search_term_string}"},"query-input":{"@type":"PropertyValueSpecification","valueRequired":true,"valueName":"search_term_string"}}],"inLanguage":"fr-FR"},{"@type":"Organization","@id":"https:\/\/www.webdo.tn\/fr\/#organization","name":"Webdo","alternateName":"Webdo.tn","url":"https:\/\/www.webdo.tn\/fr\/","logo":{"@type":"ImageObject","inLanguage":"fr-FR","@id":"https:\/\/www.webdo.tn\/fr\/#\/schema\/logo\/image\/","url":"https:\/\/www.webdo.tn\/fr\/wp-content\/uploads\/2025\/06\/Webdo-Tunisie_168377.jpg","contentUrl":"https:\/\/www.webdo.tn\/fr\/wp-content\/uploads\/2025\/06\/Webdo-Tunisie_168377.jpg","width":301,"height":301,"caption":"Webdo"},"image":{"@id":"https:\/\/www.webdo.tn\/fr\/#\/schema\/logo\/image\/"},"sameAs":["https:\/\/www.facebook.com\/webdotn","https:\/\/x.com\/webdo_tn"],"description":"Webdo est un m\u00e9dia num\u00e9rique tunisien fond\u00e9 en 2010, sp\u00e9cialis\u00e9 dans l\u2019actualit\u00e9 nationale et internationale, l\u2019\u00e9conomie, la soci\u00e9t\u00e9 et les analyses politiques. Le site s\u2019adresse \u00e0 un large public francophone et couvre l\u2019information tunisienne en temps r\u00e9el.","email":"redac@webdo.tn","legalName":"YNJ SARL","foundingDate":"2010-09-06","numberOfEmployees":{"@type":"QuantitativeValue","minValue":"11","maxValue":"50"}},{"@type":"Person","@id":"https:\/\/www.webdo.tn\/fr\/#\/schema\/person\/2c4929cbf5a809e3bd38617c6ce150f6","name":"MC","image":{"@type":"ImageObject","inLanguage":"fr-FR","@id":"https:\/\/secure.gravatar.com\/avatar\/a545bbb6f84efdd5553dbbc2895e3ca8f1d12c5215e00a041c9670b54aa9b18a?s=96&d=mm&r=g","url":"https:\/\/secure.gravatar.com\/avatar\/a545bbb6f84efdd5553dbbc2895e3ca8f1d12c5215e00a041c9670b54aa9b18a?s=96&d=mm&r=g","contentUrl":"https:\/\/secure.gravatar.com\/avatar\/a545bbb6f84efdd5553dbbc2895e3ca8f1d12c5215e00a041c9670b54aa9b18a?s=96&d=mm&r=g","caption":"MC"},"url":"https:\/\/www.webdo.tn\/fr\/actualite\/author\/mc\/"}]}},"_links":{"self":[{"href":"https:\/\/www.webdo.tn\/fr\/wp-json\/wp\/v2\/posts\/217932","targetHints":{"allow":["GET"]}}],"collection":[{"href":"https:\/\/www.webdo.tn\/fr\/wp-json\/wp\/v2\/posts"}],"about":[{"href":"https:\/\/www.webdo.tn\/fr\/wp-json\/wp\/v2\/types\/post"}],"author":[{"embeddable":true,"href":"https:\/\/www.webdo.tn\/fr\/wp-json\/wp\/v2\/users\/3162"}],"replies":[{"embeddable":true,"href":"https:\/\/www.webdo.tn\/fr\/wp-json\/wp\/v2\/comments?post=217932"}],"version-history":[{"count":0,"href":"https:\/\/www.webdo.tn\/fr\/wp-json\/wp\/v2\/posts\/217932\/revisions"}],"wp:featuredmedia":[{"embeddable":true,"href":"https:\/\/www.webdo.tn\/fr\/wp-json\/wp\/v2\/media\/243766"}],"wp:attachment":[{"href":"https:\/\/www.webdo.tn\/fr\/wp-json\/wp\/v2\/media?parent=217932"}],"wp:term":[{"taxonomy":"category","embeddable":true,"href":"https:\/\/www.webdo.tn\/fr\/wp-json\/wp\/v2\/categories?post=217932"},{"taxonomy":"post_tag","embeddable":true,"href":"https:\/\/www.webdo.tn\/fr\/wp-json\/wp\/v2\/tags?post=217932"}],"curies":[{"name":"wp","href":"https:\/\/api.w.org\/{rel}","templated":true}]}}