{"id":217929,"date":"2024-11-27T21:24:00","date_gmt":"2024-11-27T21:24:00","guid":{"rendered":"https:\/\/www.webdo.tn\/fr\/blog\/2024\/11\/27\/la-france-defend-l-immunite-de-netanyahu-face-au-mandat-d-arret-de-la-cpi\/"},"modified":"2025-05-21T09:01:43","modified_gmt":"2025-05-21T09:01:43","slug":"la-france-defend-l-immunite-de-netanyahu-face-au-mandat-d-arret-de-la-cpi","status":"publish","type":"post","link":"https:\/\/www.webdo.tn\/fr\/actualite\/international\/la-france-defend-l-immunite-de-netanyahu-face-au-mandat-d-arret-de-la-cpi\/217929\/","title":{"rendered":"Mandat d&rsquo;arr\u00eat de la CPI : Pourquoi la France d\u00e9fend \u00ab\u00a0l\u2019immunit\u00e9\u00a0\u00bb de Netanyahu?"},"content":{"rendered":"<p>La France se trouve au c\u0153ur d\u2019une controverse diplomatique apr\u00e8s sa position sur les mandats d\u2019arr\u00eat \u00e9mis par la Cour p\u00e9nale internationale (CPI) contre Benjamin Netanyahu et Yoav Gallant.<\/p>\n<p>Alors qu&rsquo;Isra\u00ebl commet un g\u00e9nocide \u00e0 Gaza, la France a justifi\u00e9 son refus de soutenir l&rsquo;ex\u00e9cution de ces mandats en invoquant l\u2019immunit\u00e9 des responsables isra\u00e9liens, en raison du fait qu&rsquo;Isra\u00ebl n&rsquo;est pas signataire du Statut de Rome, le trait\u00e9 fondateur de la CPI. Cette prise de position a soulev\u00e9 des critiques, notamment de la part d\u2019organisations internationales telles que Human Rights Watch et Amnesty International, qui estiment que Paris interpr\u00e8te mal les r\u00e8gles internationales en mati\u00e8re de justice.<\/p>\n<p>Cette d\u00e9marche s\u2019inscrit dans un contexte diplomatique d\u00e9licat, alors que la France, tout en maintenant ses relations avec Isra\u00ebl, est \u00e9galement impliqu\u00e9e dans les n\u00e9gociations pour un cessez-le-feu au Moyen-Orient. Ce double jeu met en \u00e9vidence la complexit\u00e9 des relations internationales, o\u00f9 la France cherche \u00e0 \u00e9quilibrer ses engagements en mati\u00e8re de droit international et ses int\u00e9r\u00eats g\u00e9opolitiques.<\/p>\n<p>Dans un contexte similaire, le secr\u00e9taire britannique aux Affaires \u00e9trang\u00e8res, David Lammy, a r\u00e9cemment affirm\u00e9 qu&rsquo;il poursuivrait ses discussions avec Benjamin Netanyahu malgr\u00e9 le mandat d&rsquo;arr\u00eat \u00e9mis par la CPI. Lammy a pr\u00e9cis\u00e9 qu&rsquo;il respecterait l&rsquo;ordre d&rsquo;arrestation si Netanyahu se rendait en Grande-Bretagne, soulignant qu&rsquo;il n&rsquo;aurait d&rsquo;autre choix que de se conformer \u00e0 la d\u00e9cision de la Cour. Toutefois, il a insist\u00e9 sur le fait qu&rsquo;il continuerait \u00e0 dialoguer avec le Premier ministre isra\u00e9lien et d&rsquo;autres responsables isra\u00e9liens, notamment pour discuter de la recherche d\u2019un cessez-le-feu \u00e0 Gaza et de l&rsquo;acheminement de l\u2019aide humanitaire.<\/p>\n<p>Le gouvernement isra\u00e9lien, de son c\u00f4t\u00e9, a fermement contest\u00e9 les mandats d&rsquo;arr\u00eat de la CPI. Il a annonc\u00e9 son intention de faire appel et a demand\u00e9 la suspension de l&rsquo;ex\u00e9cution de ces mandats, arguant que la Cour ne dispose pas de juridiction sur ses responsables, Isra\u00ebl n\u2019ayant pas ratifi\u00e9 le Statut de Rome. Cette position a \u00e9galement \u00e9t\u00e9 soutenue par des personnalit\u00e9s am\u00e9ricaines, dont le s\u00e9nateur Lindsey Graham, qui a encourag\u00e9 des actions l\u00e9gislatives aux \u00c9tats-Unis contre la CPI.<\/p>\n<p>Au niveau europ\u00e9en, d&rsquo;autres pays, comme l\u2019Italie, ont exprim\u00e9 des r\u00e9serves quant \u00e0 la l\u00e9galit\u00e9 des mandats d\u2019arr\u00eat, soulevant la question de l\u2019immunit\u00e9 des dirigeants isra\u00e9liens. Le ministre italien des Affaires \u00e9trang\u00e8res, Antonio Tajani, a soulign\u00e9 que l&rsquo;arrestation de Netanyahu semblait improbable tant qu&rsquo;il resterait en fonction. La situation semble donc marquer un tournant dans la diplomatie internationale, entre soutien \u00e0 la justice internationale et pr\u00e9servation des relations strat\u00e9giques.<\/p>\n","protected":false},"excerpt":{"rendered":"<p>La France justifie son refus d&rsquo;ex\u00e9cuter les mandats d&rsquo;arr\u00eat de la CPI contre Netanyahu et Gallant, invoquant l&rsquo;immunit\u00e9 d&rsquo;Isra\u00ebl. Cette position suscite des cri&#8230;<\/p>\n","protected":false},"author":3166,"featured_media":243762,"comment_status":"open","ping_status":"open","sticky":false,"template":"","format":"standard","meta":{"footnotes":""},"categories":[2598],"tags":[4900,4899,2998,2689,3965,4901],"class_list":["post-217929","post","type-post","status-publish","format-standard","has-post-thumbnail","hentry","category-international","tag-benjaminnetanyahu","tag-cpi","tag-france","tag-gaza","tag-immunite","tag-mandatdarret"],"yoast_head":"<!-- This site is optimized with the Yoast SEO Premium plugin v27.5 (Yoast SEO v27.5) - https:\/\/yoast.com\/product\/yoast-seo-premium-wordpress\/ -->\n<title>Mandat d&#039;arr\u00eat de la CPI : Pourquoi la France d\u00e9fend l\u2019immunit\u00e9 de Netanyahu?<\/title>\n<meta name=\"description\" content=\"La France justifie son refus d&#039;ex\u00e9cuter les mandats d&#039;arr\u00eat de la CPI contre Netanyahu et Gallant, invoquant l&#039;immunit\u00e9 d&#039;Isra\u00ebl. Cette position suscite des cri...\" \/>\n<link rel=\"canonical\" href=\"https:\/\/www.webdo.tn\/fr\/actualite\/international\/la-france-defend-l-immunite-de-netanyahu-face-au-mandat-d-arret-de-la-cpi\/217929\/\" \/>\n<meta property=\"og:locale\" content=\"fr_FR\" \/>\n<meta property=\"og:type\" content=\"article\" \/>\n<meta property=\"og:title\" content=\"Mandat d&#039;arr\u00eat de la CPI : Pourquoi la France d\u00e9fend &quot;l\u2019immunit\u00e9&quot; de Netanyahu?\" \/>\n<meta property=\"og:description\" content=\"La France justifie son refus d&#039;ex\u00e9cuter les mandats d&#039;arr\u00eat de la CPI contre Netanyahu et Gallant, invoquant l&#039;immunit\u00e9 d&#039;Isra\u00ebl. Cette position suscite des cri...\" \/>\n<meta property=\"og:url\" content=\"https:\/\/www.webdo.tn\/fr\/actualite\/international\/la-france-defend-l-immunite-de-netanyahu-face-au-mandat-d-arret-de-la-cpi\/217929\/\" \/>\n<meta property=\"og:site_name\" content=\"webdo\" \/>\n<meta property=\"article:publisher\" content=\"https:\/\/www.facebook.com\/webdotn\" \/>\n<meta property=\"article:published_time\" content=\"2024-11-27T21:24:00+00:00\" \/>\n<meta property=\"article:modified_time\" content=\"2025-05-21T09:01:43+00:00\" \/>\n<meta property=\"og:image\" content=\"https:\/\/www.webdo.tn\/fr\/wp-content\/uploads\/2025\/05\/158e4aa6d0d03f204999e117271877cc-2.webp\" \/>\n\t<meta property=\"og:image:width\" content=\"750\" \/>\n\t<meta property=\"og:image:height\" content=\"400\" \/>\n\t<meta property=\"og:image:type\" content=\"image\/webp\" \/>\n<meta name=\"author\" content=\"AZ\" \/>\n<meta name=\"twitter:card\" content=\"summary_large_image\" \/>\n<meta name=\"twitter:creator\" content=\"@webdo_tn\" \/>\n<meta name=\"twitter:site\" content=\"@webdo_tn\" \/>\n<meta name=\"twitter:label1\" content=\"\u00c9crit par\" \/>\n\t<meta name=\"twitter:data1\" content=\"AZ\" \/>\n\t<meta name=\"twitter:label2\" content=\"Dur\u00e9e de lecture estim\u00e9e\" \/>\n\t<meta name=\"twitter:data2\" content=\"2 minutes\" \/>\n<script type=\"application\/ld+json\" class=\"yoast-schema-graph\">{\"@context\":\"https:\\\/\\\/schema.org\",\"@graph\":[{\"@type\":\"NewsArticle\",\"@id\":\"https:\\\/\\\/www.webdo.tn\\\/fr\\\/actualite\\\/international\\\/la-france-defend-l-immunite-de-netanyahu-face-au-mandat-d-arret-de-la-cpi\\\/217929\\\/#article\",\"isPartOf\":{\"@id\":\"https:\\\/\\\/www.webdo.tn\\\/fr\\\/actualite\\\/international\\\/la-france-defend-l-immunite-de-netanyahu-face-au-mandat-d-arret-de-la-cpi\\\/217929\\\/\"},\"author\":{\"name\":\"AZ\",\"@id\":\"https:\\\/\\\/www.webdo.tn\\\/fr\\\/#\\\/schema\\\/person\\\/b8a41c04d93287d375510db360906b34\"},\"headline\":\"Mandat d&rsquo;arr\u00eat de la CPI : Pourquoi la France d\u00e9fend \u00ab\u00a0l\u2019immunit\u00e9\u00a0\u00bb de Netanyahu?\",\"datePublished\":\"2024-11-27T21:24:00+00:00\",\"dateModified\":\"2025-05-21T09:01:43+00:00\",\"mainEntityOfPage\":{\"@id\":\"https:\\\/\\\/www.webdo.tn\\\/fr\\\/actualite\\\/international\\\/la-france-defend-l-immunite-de-netanyahu-face-au-mandat-d-arret-de-la-cpi\\\/217929\\\/\"},\"wordCount\":493,\"commentCount\":0,\"publisher\":{\"@id\":\"https:\\\/\\\/www.webdo.tn\\\/fr\\\/#organization\"},\"image\":{\"@id\":\"https:\\\/\\\/www.webdo.tn\\\/fr\\\/actualite\\\/international\\\/la-france-defend-l-immunite-de-netanyahu-face-au-mandat-d-arret-de-la-cpi\\\/217929\\\/#primaryimage\"},\"thumbnailUrl\":\"https:\\\/\\\/www.webdo.tn\\\/fr\\\/wp-content\\\/uploads\\\/2025\\\/05\\\/158e4aa6d0d03f204999e117271877cc-2.webp\",\"keywords\":[\"BenjaminNetanyahu\",\"CPI\",\"france\",\"Gaza\",\"immunit\u00e9\",\"MandatDArr\u00eat\"],\"articleSection\":[\"International\"],\"inLanguage\":\"fr-FR\"},{\"@type\":\"WebPage\",\"@id\":\"https:\\\/\\\/www.webdo.tn\\\/fr\\\/actualite\\\/international\\\/la-france-defend-l-immunite-de-netanyahu-face-au-mandat-d-arret-de-la-cpi\\\/217929\\\/\",\"url\":\"https:\\\/\\\/www.webdo.tn\\\/fr\\\/actualite\\\/international\\\/la-france-defend-l-immunite-de-netanyahu-face-au-mandat-d-arret-de-la-cpi\\\/217929\\\/\",\"name\":\"Mandat d'arr\u00eat de la CPI : Pourquoi la France d\u00e9fend l\u2019immunit\u00e9 de Netanyahu?\",\"isPartOf\":{\"@id\":\"https:\\\/\\\/www.webdo.tn\\\/fr\\\/#website\"},\"primaryImageOfPage\":{\"@id\":\"https:\\\/\\\/www.webdo.tn\\\/fr\\\/actualite\\\/international\\\/la-france-defend-l-immunite-de-netanyahu-face-au-mandat-d-arret-de-la-cpi\\\/217929\\\/#primaryimage\"},\"image\":{\"@id\":\"https:\\\/\\\/www.webdo.tn\\\/fr\\\/actualite\\\/international\\\/la-france-defend-l-immunite-de-netanyahu-face-au-mandat-d-arret-de-la-cpi\\\/217929\\\/#primaryimage\"},\"thumbnailUrl\":\"https:\\\/\\\/www.webdo.tn\\\/fr\\\/wp-content\\\/uploads\\\/2025\\\/05\\\/158e4aa6d0d03f204999e117271877cc-2.webp\",\"datePublished\":\"2024-11-27T21:24:00+00:00\",\"dateModified\":\"2025-05-21T09:01:43+00:00\",\"description\":\"La France justifie son refus d'ex\u00e9cuter les mandats d'arr\u00eat de la CPI contre Netanyahu et Gallant, invoquant l'immunit\u00e9 d'Isra\u00ebl. Cette position suscite des cri...\",\"breadcrumb\":{\"@id\":\"https:\\\/\\\/www.webdo.tn\\\/fr\\\/actualite\\\/international\\\/la-france-defend-l-immunite-de-netanyahu-face-au-mandat-d-arret-de-la-cpi\\\/217929\\\/#breadcrumb\"},\"inLanguage\":\"fr-FR\",\"potentialAction\":[{\"@type\":\"ReadAction\",\"target\":[\"https:\\\/\\\/www.webdo.tn\\\/fr\\\/actualite\\\/international\\\/la-france-defend-l-immunite-de-netanyahu-face-au-mandat-d-arret-de-la-cpi\\\/217929\\\/\"]}]},{\"@type\":\"ImageObject\",\"inLanguage\":\"fr-FR\",\"@id\":\"https:\\\/\\\/www.webdo.tn\\\/fr\\\/actualite\\\/international\\\/la-france-defend-l-immunite-de-netanyahu-face-au-mandat-d-arret-de-la-cpi\\\/217929\\\/#primaryimage\",\"url\":\"https:\\\/\\\/www.webdo.tn\\\/fr\\\/wp-content\\\/uploads\\\/2025\\\/05\\\/158e4aa6d0d03f204999e117271877cc-2.webp\",\"contentUrl\":\"https:\\\/\\\/www.webdo.tn\\\/fr\\\/wp-content\\\/uploads\\\/2025\\\/05\\\/158e4aa6d0d03f204999e117271877cc-2.webp\",\"width\":750,\"height\":400},{\"@type\":\"BreadcrumbList\",\"@id\":\"https:\\\/\\\/www.webdo.tn\\\/fr\\\/actualite\\\/international\\\/la-france-defend-l-immunite-de-netanyahu-face-au-mandat-d-arret-de-la-cpi\\\/217929\\\/#breadcrumb\",\"itemListElement\":[{\"@type\":\"ListItem\",\"position\":1,\"name\":\"Accueil\",\"item\":\"https:\\\/\\\/www.webdo.tn\\\/fr\\\/\"},{\"@type\":\"ListItem\",\"position\":2,\"name\":\"Mandat d&rsquo;arr\u00eat de la CPI : Pourquoi la France d\u00e9fend \u00ab\u00a0l\u2019immunit\u00e9\u00a0\u00bb de Netanyahu?\"}]},{\"@type\":\"WebSite\",\"@id\":\"https:\\\/\\\/www.webdo.tn\\\/fr\\\/#website\",\"url\":\"https:\\\/\\\/www.webdo.tn\\\/fr\\\/\",\"name\":\"webdo\",\"description\":\"Tunisie - News en Tunisie et \u00e0 l&#039;international sur Webdo.tn\",\"publisher\":{\"@id\":\"https:\\\/\\\/www.webdo.tn\\\/fr\\\/#organization\"},\"potentialAction\":[{\"@type\":\"SearchAction\",\"target\":{\"@type\":\"EntryPoint\",\"urlTemplate\":\"https:\\\/\\\/www.webdo.tn\\\/fr\\\/?s={search_term_string}\"},\"query-input\":{\"@type\":\"PropertyValueSpecification\",\"valueRequired\":true,\"valueName\":\"search_term_string\"}}],\"inLanguage\":\"fr-FR\"},{\"@type\":\"Organization\",\"@id\":\"https:\\\/\\\/www.webdo.tn\\\/fr\\\/#organization\",\"name\":\"Webdo\",\"alternateName\":\"Webdo.tn\",\"url\":\"https:\\\/\\\/www.webdo.tn\\\/fr\\\/\",\"logo\":{\"@type\":\"ImageObject\",\"inLanguage\":\"fr-FR\",\"@id\":\"https:\\\/\\\/www.webdo.tn\\\/fr\\\/#\\\/schema\\\/logo\\\/image\\\/\",\"url\":\"https:\\\/\\\/www.webdo.tn\\\/fr\\\/wp-content\\\/uploads\\\/2025\\\/06\\\/Webdo-Tunisie_168377.jpg\",\"contentUrl\":\"https:\\\/\\\/www.webdo.tn\\\/fr\\\/wp-content\\\/uploads\\\/2025\\\/06\\\/Webdo-Tunisie_168377.jpg\",\"width\":301,\"height\":301,\"caption\":\"Webdo\"},\"image\":{\"@id\":\"https:\\\/\\\/www.webdo.tn\\\/fr\\\/#\\\/schema\\\/logo\\\/image\\\/\"},\"sameAs\":[\"https:\\\/\\\/www.facebook.com\\\/webdotn\",\"https:\\\/\\\/x.com\\\/webdo_tn\"],\"description\":\"Webdo est un m\u00e9dia num\u00e9rique tunisien fond\u00e9 en 2010, sp\u00e9cialis\u00e9 dans l\u2019actualit\u00e9 nationale et internationale, l\u2019\u00e9conomie, la soci\u00e9t\u00e9 et les analyses politiques. Le site s\u2019adresse \u00e0 un large public francophone et couvre l\u2019information tunisienne en temps r\u00e9el.\",\"email\":\"redac@webdo.tn\",\"legalName\":\"YNJ SARL\",\"foundingDate\":\"2010-09-06\",\"numberOfEmployees\":{\"@type\":\"QuantitativeValue\",\"minValue\":\"11\",\"maxValue\":\"50\"}},{\"@type\":\"Person\",\"@id\":\"https:\\\/\\\/www.webdo.tn\\\/fr\\\/#\\\/schema\\\/person\\\/b8a41c04d93287d375510db360906b34\",\"name\":\"AZ\",\"image\":{\"@type\":\"ImageObject\",\"inLanguage\":\"fr-FR\",\"@id\":\"https:\\\/\\\/secure.gravatar.com\\\/avatar\\\/492b80bada79439de4201dce15cd41eece6c277cfdf1b53382073c79105c1f89?s=96&d=mm&r=g\",\"url\":\"https:\\\/\\\/secure.gravatar.com\\\/avatar\\\/492b80bada79439de4201dce15cd41eece6c277cfdf1b53382073c79105c1f89?s=96&d=mm&r=g\",\"contentUrl\":\"https:\\\/\\\/secure.gravatar.com\\\/avatar\\\/492b80bada79439de4201dce15cd41eece6c277cfdf1b53382073c79105c1f89?s=96&d=mm&r=g\",\"caption\":\"AZ\"},\"url\":\"https:\\\/\\\/www.webdo.tn\\\/fr\\\/actualite\\\/author\\\/az\\\/\"}]}<\/script>\n<!-- \/ Yoast SEO Premium plugin. -->","yoast_head_json":{"title":"Mandat d'arr\u00eat de la CPI : Pourquoi la France d\u00e9fend l\u2019immunit\u00e9 de Netanyahu?","description":"La France justifie son refus d'ex\u00e9cuter les mandats d'arr\u00eat de la CPI contre Netanyahu et Gallant, invoquant l'immunit\u00e9 d'Isra\u00ebl. Cette position suscite des cri...","canonical":"https:\/\/www.webdo.tn\/fr\/actualite\/international\/la-france-defend-l-immunite-de-netanyahu-face-au-mandat-d-arret-de-la-cpi\/217929\/","og_locale":"fr_FR","og_type":"article","og_title":"Mandat d'arr\u00eat de la CPI : Pourquoi la France d\u00e9fend \"l\u2019immunit\u00e9\" de Netanyahu?","og_description":"La France justifie son refus d'ex\u00e9cuter les mandats d'arr\u00eat de la CPI contre Netanyahu et Gallant, invoquant l'immunit\u00e9 d'Isra\u00ebl. Cette position suscite des cri...","og_url":"https:\/\/www.webdo.tn\/fr\/actualite\/international\/la-france-defend-l-immunite-de-netanyahu-face-au-mandat-d-arret-de-la-cpi\/217929\/","og_site_name":"webdo","article_publisher":"https:\/\/www.facebook.com\/webdotn","article_published_time":"2024-11-27T21:24:00+00:00","article_modified_time":"2025-05-21T09:01:43+00:00","og_image":[{"width":750,"height":400,"url":"https:\/\/www.webdo.tn\/fr\/wp-content\/uploads\/2025\/05\/158e4aa6d0d03f204999e117271877cc-2.webp","type":"image\/webp"}],"author":"AZ","twitter_card":"summary_large_image","twitter_creator":"@webdo_tn","twitter_site":"@webdo_tn","twitter_misc":{"\u00c9crit par":"AZ","Dur\u00e9e de lecture estim\u00e9e":"2 minutes"},"schema":{"@context":"https:\/\/schema.org","@graph":[{"@type":"NewsArticle","@id":"https:\/\/www.webdo.tn\/fr\/actualite\/international\/la-france-defend-l-immunite-de-netanyahu-face-au-mandat-d-arret-de-la-cpi\/217929\/#article","isPartOf":{"@id":"https:\/\/www.webdo.tn\/fr\/actualite\/international\/la-france-defend-l-immunite-de-netanyahu-face-au-mandat-d-arret-de-la-cpi\/217929\/"},"author":{"name":"AZ","@id":"https:\/\/www.webdo.tn\/fr\/#\/schema\/person\/b8a41c04d93287d375510db360906b34"},"headline":"Mandat d&rsquo;arr\u00eat de la CPI : Pourquoi la France d\u00e9fend \u00ab\u00a0l\u2019immunit\u00e9\u00a0\u00bb de Netanyahu?","datePublished":"2024-11-27T21:24:00+00:00","dateModified":"2025-05-21T09:01:43+00:00","mainEntityOfPage":{"@id":"https:\/\/www.webdo.tn\/fr\/actualite\/international\/la-france-defend-l-immunite-de-netanyahu-face-au-mandat-d-arret-de-la-cpi\/217929\/"},"wordCount":493,"commentCount":0,"publisher":{"@id":"https:\/\/www.webdo.tn\/fr\/#organization"},"image":{"@id":"https:\/\/www.webdo.tn\/fr\/actualite\/international\/la-france-defend-l-immunite-de-netanyahu-face-au-mandat-d-arret-de-la-cpi\/217929\/#primaryimage"},"thumbnailUrl":"https:\/\/www.webdo.tn\/fr\/wp-content\/uploads\/2025\/05\/158e4aa6d0d03f204999e117271877cc-2.webp","keywords":["BenjaminNetanyahu","CPI","france","Gaza","immunit\u00e9","MandatDArr\u00eat"],"articleSection":["International"],"inLanguage":"fr-FR"},{"@type":"WebPage","@id":"https:\/\/www.webdo.tn\/fr\/actualite\/international\/la-france-defend-l-immunite-de-netanyahu-face-au-mandat-d-arret-de-la-cpi\/217929\/","url":"https:\/\/www.webdo.tn\/fr\/actualite\/international\/la-france-defend-l-immunite-de-netanyahu-face-au-mandat-d-arret-de-la-cpi\/217929\/","name":"Mandat d'arr\u00eat de la CPI : Pourquoi la France d\u00e9fend l\u2019immunit\u00e9 de Netanyahu?","isPartOf":{"@id":"https:\/\/www.webdo.tn\/fr\/#website"},"primaryImageOfPage":{"@id":"https:\/\/www.webdo.tn\/fr\/actualite\/international\/la-france-defend-l-immunite-de-netanyahu-face-au-mandat-d-arret-de-la-cpi\/217929\/#primaryimage"},"image":{"@id":"https:\/\/www.webdo.tn\/fr\/actualite\/international\/la-france-defend-l-immunite-de-netanyahu-face-au-mandat-d-arret-de-la-cpi\/217929\/#primaryimage"},"thumbnailUrl":"https:\/\/www.webdo.tn\/fr\/wp-content\/uploads\/2025\/05\/158e4aa6d0d03f204999e117271877cc-2.webp","datePublished":"2024-11-27T21:24:00+00:00","dateModified":"2025-05-21T09:01:43+00:00","description":"La France justifie son refus d'ex\u00e9cuter les mandats d'arr\u00eat de la CPI contre Netanyahu et Gallant, invoquant l'immunit\u00e9 d'Isra\u00ebl. Cette position suscite des cri...","breadcrumb":{"@id":"https:\/\/www.webdo.tn\/fr\/actualite\/international\/la-france-defend-l-immunite-de-netanyahu-face-au-mandat-d-arret-de-la-cpi\/217929\/#breadcrumb"},"inLanguage":"fr-FR","potentialAction":[{"@type":"ReadAction","target":["https:\/\/www.webdo.tn\/fr\/actualite\/international\/la-france-defend-l-immunite-de-netanyahu-face-au-mandat-d-arret-de-la-cpi\/217929\/"]}]},{"@type":"ImageObject","inLanguage":"fr-FR","@id":"https:\/\/www.webdo.tn\/fr\/actualite\/international\/la-france-defend-l-immunite-de-netanyahu-face-au-mandat-d-arret-de-la-cpi\/217929\/#primaryimage","url":"https:\/\/www.webdo.tn\/fr\/wp-content\/uploads\/2025\/05\/158e4aa6d0d03f204999e117271877cc-2.webp","contentUrl":"https:\/\/www.webdo.tn\/fr\/wp-content\/uploads\/2025\/05\/158e4aa6d0d03f204999e117271877cc-2.webp","width":750,"height":400},{"@type":"BreadcrumbList","@id":"https:\/\/www.webdo.tn\/fr\/actualite\/international\/la-france-defend-l-immunite-de-netanyahu-face-au-mandat-d-arret-de-la-cpi\/217929\/#breadcrumb","itemListElement":[{"@type":"ListItem","position":1,"name":"Accueil","item":"https:\/\/www.webdo.tn\/fr\/"},{"@type":"ListItem","position":2,"name":"Mandat d&rsquo;arr\u00eat de la CPI : Pourquoi la France d\u00e9fend \u00ab\u00a0l\u2019immunit\u00e9\u00a0\u00bb de Netanyahu?"}]},{"@type":"WebSite","@id":"https:\/\/www.webdo.tn\/fr\/#website","url":"https:\/\/www.webdo.tn\/fr\/","name":"webdo","description":"Tunisie - News en Tunisie et \u00e0 l&#039;international sur Webdo.tn","publisher":{"@id":"https:\/\/www.webdo.tn\/fr\/#organization"},"potentialAction":[{"@type":"SearchAction","target":{"@type":"EntryPoint","urlTemplate":"https:\/\/www.webdo.tn\/fr\/?s={search_term_string}"},"query-input":{"@type":"PropertyValueSpecification","valueRequired":true,"valueName":"search_term_string"}}],"inLanguage":"fr-FR"},{"@type":"Organization","@id":"https:\/\/www.webdo.tn\/fr\/#organization","name":"Webdo","alternateName":"Webdo.tn","url":"https:\/\/www.webdo.tn\/fr\/","logo":{"@type":"ImageObject","inLanguage":"fr-FR","@id":"https:\/\/www.webdo.tn\/fr\/#\/schema\/logo\/image\/","url":"https:\/\/www.webdo.tn\/fr\/wp-content\/uploads\/2025\/06\/Webdo-Tunisie_168377.jpg","contentUrl":"https:\/\/www.webdo.tn\/fr\/wp-content\/uploads\/2025\/06\/Webdo-Tunisie_168377.jpg","width":301,"height":301,"caption":"Webdo"},"image":{"@id":"https:\/\/www.webdo.tn\/fr\/#\/schema\/logo\/image\/"},"sameAs":["https:\/\/www.facebook.com\/webdotn","https:\/\/x.com\/webdo_tn"],"description":"Webdo est un m\u00e9dia num\u00e9rique tunisien fond\u00e9 en 2010, sp\u00e9cialis\u00e9 dans l\u2019actualit\u00e9 nationale et internationale, l\u2019\u00e9conomie, la soci\u00e9t\u00e9 et les analyses politiques. Le site s\u2019adresse \u00e0 un large public francophone et couvre l\u2019information tunisienne en temps r\u00e9el.","email":"redac@webdo.tn","legalName":"YNJ SARL","foundingDate":"2010-09-06","numberOfEmployees":{"@type":"QuantitativeValue","minValue":"11","maxValue":"50"}},{"@type":"Person","@id":"https:\/\/www.webdo.tn\/fr\/#\/schema\/person\/b8a41c04d93287d375510db360906b34","name":"AZ","image":{"@type":"ImageObject","inLanguage":"fr-FR","@id":"https:\/\/secure.gravatar.com\/avatar\/492b80bada79439de4201dce15cd41eece6c277cfdf1b53382073c79105c1f89?s=96&d=mm&r=g","url":"https:\/\/secure.gravatar.com\/avatar\/492b80bada79439de4201dce15cd41eece6c277cfdf1b53382073c79105c1f89?s=96&d=mm&r=g","contentUrl":"https:\/\/secure.gravatar.com\/avatar\/492b80bada79439de4201dce15cd41eece6c277cfdf1b53382073c79105c1f89?s=96&d=mm&r=g","caption":"AZ"},"url":"https:\/\/www.webdo.tn\/fr\/actualite\/author\/az\/"}]}},"_links":{"self":[{"href":"https:\/\/www.webdo.tn\/fr\/wp-json\/wp\/v2\/posts\/217929","targetHints":{"allow":["GET"]}}],"collection":[{"href":"https:\/\/www.webdo.tn\/fr\/wp-json\/wp\/v2\/posts"}],"about":[{"href":"https:\/\/www.webdo.tn\/fr\/wp-json\/wp\/v2\/types\/post"}],"author":[{"embeddable":true,"href":"https:\/\/www.webdo.tn\/fr\/wp-json\/wp\/v2\/users\/3166"}],"replies":[{"embeddable":true,"href":"https:\/\/www.webdo.tn\/fr\/wp-json\/wp\/v2\/comments?post=217929"}],"version-history":[{"count":0,"href":"https:\/\/www.webdo.tn\/fr\/wp-json\/wp\/v2\/posts\/217929\/revisions"}],"wp:featuredmedia":[{"embeddable":true,"href":"https:\/\/www.webdo.tn\/fr\/wp-json\/wp\/v2\/media\/243762"}],"wp:attachment":[{"href":"https:\/\/www.webdo.tn\/fr\/wp-json\/wp\/v2\/media?parent=217929"}],"wp:term":[{"taxonomy":"category","embeddable":true,"href":"https:\/\/www.webdo.tn\/fr\/wp-json\/wp\/v2\/categories?post=217929"},{"taxonomy":"post_tag","embeddable":true,"href":"https:\/\/www.webdo.tn\/fr\/wp-json\/wp\/v2\/tags?post=217929"}],"curies":[{"name":"wp","href":"https:\/\/api.w.org\/{rel}","templated":true}]}}