{"id":217917,"date":"2024-11-27T15:49:00","date_gmt":"2024-11-27T15:49:00","guid":{"rendered":"https:\/\/www.webdo.tn\/fr\/blog\/2024\/11\/27\/la-tunisie-lance-un-appel-d-offres-pour-200-000-tonnes-de-ble\/"},"modified":"2025-05-20T21:46:18","modified_gmt":"2025-05-20T21:46:18","slug":"la-tunisie-lance-un-appel-d-offres-pour-200-000-tonnes-de-ble","status":"publish","type":"post","link":"https:\/\/www.webdo.tn\/fr\/actualite\/national\/la-tunisie-lance-un-appel-d-offres-pour-200-000-tonnes-de-ble\/217917\/","title":{"rendered":"La Tunisie lance un appel d\u2019offres pour 200.000 tonnes de bl\u00e9"},"content":{"rendered":"<p>L\u2019Office tunisien des c\u00e9r\u00e9ales a lanc\u00e9 un appel d\u2019offres international pour l\u2019achat de 100.000 tonnes de bl\u00e9 tendre et 100.000 tonnes de bl\u00e9 dur, selon des n\u00e9gociants europ\u00e9ens. Cet appel vise \u00e0 renforcer les stocks nationaux de c\u00e9r\u00e9ales.<\/p>\n<p>\t\t\t\t\t\t\t\t\tL\u2019op\u00e9ration porte sur quatre lots de 25.000 tonnes chacun. Les livraisons sont pr\u00e9vues entre le 15 d\u00e9cembre 2024 et le 25 janvier 2025, en fonction de l\u2019origine des produits, qui reste facultative.<\/p>\n<p>Lors des appels d\u2019offres ant\u00e9rieurs, le 1er novembre 2024, l\u2019Office avait acquis environ 75.000 tonnes de bl\u00e9 dur et le 22 octobre 2024, ce sont 125.000 tonnes de bl\u00e9 tendre qui avaient \u00e9t\u00e9 achet\u00e9es.<\/p>\n<p>Contrairement aux appels d\u2019offres pr\u00e9c\u00e9dents, celui-ci ne fait pas mention d\u2019un paiement garanti par des organismes \u00e9trangers. Par le pass\u00e9, les achats avaient \u00e9t\u00e9 financ\u00e9s par des institutions comme la Banque mondiale ou d\u2019autres agences fournissant une aide \u00e9conomique \u00e0 la Tunisie.<\/p>\n","protected":false},"excerpt":{"rendered":"<p>L\u2019Office tunisien des c\u00e9r\u00e9ales a lanc\u00e9 un appel d\u2019offres international pour l\u2019achat de 100.000 tonnes de bl\u00e9 tendre et 100.000 tonnes de bl\u00e9 dur, selon des n\u00e9go&#8230;<\/p>\n","protected":false},"author":3162,"featured_media":243808,"comment_status":"open","ping_status":"open","sticky":false,"template":"","format":"standard","meta":{"footnotes":""},"categories":[44],"tags":[4932,3628,3627,2608],"class_list":["post-217917","post","type-post","status-publish","format-standard","has-post-thumbnail","hentry","category-national","tag-achat","tag-appel-doffres","tag-ble","tag-tunisie"],"yoast_head":"<!-- This site is optimized with the Yoast SEO Premium plugin v27.5 (Yoast SEO v27.5) - https:\/\/yoast.com\/product\/yoast-seo-premium-wordpress\/ -->\n<title>La Tunisie lance un appel d\u2019offres pour 200.000 tonnes de bl\u00e9<\/title>\n<meta name=\"description\" content=\"L\u2019Office tunisien des c\u00e9r\u00e9ales a lanc\u00e9 un appel d\u2019offres international pour l\u2019achat de 100.000 tonnes de bl\u00e9 tendre et 100.000 tonnes de bl\u00e9 dur, selon des n\u00e9go...\" \/>\n<link rel=\"canonical\" href=\"https:\/\/www.webdo.tn\/fr\/actualite\/national\/la-tunisie-lance-un-appel-d-offres-pour-200-000-tonnes-de-ble\/217917\/\" \/>\n<meta property=\"og:locale\" content=\"fr_FR\" \/>\n<meta property=\"og:type\" content=\"article\" \/>\n<meta property=\"og:title\" content=\"La Tunisie lance un appel d\u2019offres pour 200.000 tonnes de bl\u00e9\" \/>\n<meta property=\"og:description\" content=\"L\u2019Office tunisien des c\u00e9r\u00e9ales a lanc\u00e9 un appel d\u2019offres international pour l\u2019achat de 100.000 tonnes de bl\u00e9 tendre et 100.000 tonnes de bl\u00e9 dur, selon des n\u00e9go...\" \/>\n<meta property=\"og:url\" content=\"https:\/\/www.webdo.tn\/fr\/actualite\/national\/la-tunisie-lance-un-appel-d-offres-pour-200-000-tonnes-de-ble\/217917\/\" \/>\n<meta property=\"og:site_name\" content=\"webdo\" \/>\n<meta property=\"article:publisher\" content=\"https:\/\/www.facebook.com\/webdotn\" \/>\n<meta property=\"article:published_time\" content=\"2024-11-27T15:49:00+00:00\" \/>\n<meta property=\"article:modified_time\" content=\"2025-05-20T21:46:18+00:00\" \/>\n<meta property=\"og:image\" content=\"https:\/\/www.webdo.tn\/fr\/wp-content\/uploads\/2025\/05\/6f9b78d55a821b5a6322979af6d5a4bc-2.webp\" \/>\n\t<meta property=\"og:image:width\" content=\"750\" \/>\n\t<meta property=\"og:image:height\" content=\"400\" \/>\n\t<meta property=\"og:image:type\" content=\"image\/webp\" \/>\n<meta name=\"author\" content=\"MC\" \/>\n<meta name=\"twitter:card\" content=\"summary_large_image\" \/>\n<meta name=\"twitter:creator\" content=\"@webdo_tn\" \/>\n<meta name=\"twitter:site\" content=\"@webdo_tn\" \/>\n<meta name=\"twitter:label1\" content=\"\u00c9crit par\" \/>\n\t<meta name=\"twitter:data1\" content=\"MC\" \/>\n\t<meta name=\"twitter:label2\" content=\"Dur\u00e9e de lecture estim\u00e9e\" \/>\n\t<meta name=\"twitter:data2\" content=\"1 minute\" \/>\n<script type=\"application\/ld+json\" class=\"yoast-schema-graph\">{\"@context\":\"https:\\\/\\\/schema.org\",\"@graph\":[{\"@type\":\"NewsArticle\",\"@id\":\"https:\\\/\\\/www.webdo.tn\\\/fr\\\/actualite\\\/national\\\/la-tunisie-lance-un-appel-d-offres-pour-200-000-tonnes-de-ble\\\/217917\\\/#article\",\"isPartOf\":{\"@id\":\"https:\\\/\\\/www.webdo.tn\\\/fr\\\/actualite\\\/national\\\/la-tunisie-lance-un-appel-d-offres-pour-200-000-tonnes-de-ble\\\/217917\\\/\"},\"author\":{\"name\":\"MC\",\"@id\":\"https:\\\/\\\/www.webdo.tn\\\/fr\\\/#\\\/schema\\\/person\\\/2c4929cbf5a809e3bd38617c6ce150f6\"},\"headline\":\"La Tunisie lance un appel d\u2019offres pour 200.000 tonnes de bl\u00e9\",\"datePublished\":\"2024-11-27T15:49:00+00:00\",\"dateModified\":\"2025-05-20T21:46:18+00:00\",\"mainEntityOfPage\":{\"@id\":\"https:\\\/\\\/www.webdo.tn\\\/fr\\\/actualite\\\/national\\\/la-tunisie-lance-un-appel-d-offres-pour-200-000-tonnes-de-ble\\\/217917\\\/\"},\"wordCount\":167,\"commentCount\":0,\"publisher\":{\"@id\":\"https:\\\/\\\/www.webdo.tn\\\/fr\\\/#organization\"},\"image\":{\"@id\":\"https:\\\/\\\/www.webdo.tn\\\/fr\\\/actualite\\\/national\\\/la-tunisie-lance-un-appel-d-offres-pour-200-000-tonnes-de-ble\\\/217917\\\/#primaryimage\"},\"thumbnailUrl\":\"https:\\\/\\\/www.webdo.tn\\\/fr\\\/wp-content\\\/uploads\\\/2025\\\/05\\\/6f9b78d55a821b5a6322979af6d5a4bc-2.webp\",\"keywords\":[\"achat\",\"appel d'offres\",\"bl\u00e9\",\"Tunisie\"],\"articleSection\":[\"National\"],\"inLanguage\":\"fr-FR\"},{\"@type\":\"WebPage\",\"@id\":\"https:\\\/\\\/www.webdo.tn\\\/fr\\\/actualite\\\/national\\\/la-tunisie-lance-un-appel-d-offres-pour-200-000-tonnes-de-ble\\\/217917\\\/\",\"url\":\"https:\\\/\\\/www.webdo.tn\\\/fr\\\/actualite\\\/national\\\/la-tunisie-lance-un-appel-d-offres-pour-200-000-tonnes-de-ble\\\/217917\\\/\",\"name\":\"La Tunisie lance un appel d\u2019offres pour 200.000 tonnes de bl\u00e9\",\"isPartOf\":{\"@id\":\"https:\\\/\\\/www.webdo.tn\\\/fr\\\/#website\"},\"primaryImageOfPage\":{\"@id\":\"https:\\\/\\\/www.webdo.tn\\\/fr\\\/actualite\\\/national\\\/la-tunisie-lance-un-appel-d-offres-pour-200-000-tonnes-de-ble\\\/217917\\\/#primaryimage\"},\"image\":{\"@id\":\"https:\\\/\\\/www.webdo.tn\\\/fr\\\/actualite\\\/national\\\/la-tunisie-lance-un-appel-d-offres-pour-200-000-tonnes-de-ble\\\/217917\\\/#primaryimage\"},\"thumbnailUrl\":\"https:\\\/\\\/www.webdo.tn\\\/fr\\\/wp-content\\\/uploads\\\/2025\\\/05\\\/6f9b78d55a821b5a6322979af6d5a4bc-2.webp\",\"datePublished\":\"2024-11-27T15:49:00+00:00\",\"dateModified\":\"2025-05-20T21:46:18+00:00\",\"description\":\"L\u2019Office tunisien des c\u00e9r\u00e9ales a lanc\u00e9 un appel d\u2019offres international pour l\u2019achat de 100.000 tonnes de bl\u00e9 tendre et 100.000 tonnes de bl\u00e9 dur, selon des n\u00e9go...\",\"breadcrumb\":{\"@id\":\"https:\\\/\\\/www.webdo.tn\\\/fr\\\/actualite\\\/national\\\/la-tunisie-lance-un-appel-d-offres-pour-200-000-tonnes-de-ble\\\/217917\\\/#breadcrumb\"},\"inLanguage\":\"fr-FR\",\"potentialAction\":[{\"@type\":\"ReadAction\",\"target\":[\"https:\\\/\\\/www.webdo.tn\\\/fr\\\/actualite\\\/national\\\/la-tunisie-lance-un-appel-d-offres-pour-200-000-tonnes-de-ble\\\/217917\\\/\"]}]},{\"@type\":\"ImageObject\",\"inLanguage\":\"fr-FR\",\"@id\":\"https:\\\/\\\/www.webdo.tn\\\/fr\\\/actualite\\\/national\\\/la-tunisie-lance-un-appel-d-offres-pour-200-000-tonnes-de-ble\\\/217917\\\/#primaryimage\",\"url\":\"https:\\\/\\\/www.webdo.tn\\\/fr\\\/wp-content\\\/uploads\\\/2025\\\/05\\\/6f9b78d55a821b5a6322979af6d5a4bc-2.webp\",\"contentUrl\":\"https:\\\/\\\/www.webdo.tn\\\/fr\\\/wp-content\\\/uploads\\\/2025\\\/05\\\/6f9b78d55a821b5a6322979af6d5a4bc-2.webp\",\"width\":750,\"height\":400},{\"@type\":\"BreadcrumbList\",\"@id\":\"https:\\\/\\\/www.webdo.tn\\\/fr\\\/actualite\\\/national\\\/la-tunisie-lance-un-appel-d-offres-pour-200-000-tonnes-de-ble\\\/217917\\\/#breadcrumb\",\"itemListElement\":[{\"@type\":\"ListItem\",\"position\":1,\"name\":\"Accueil\",\"item\":\"https:\\\/\\\/www.webdo.tn\\\/fr\\\/\"},{\"@type\":\"ListItem\",\"position\":2,\"name\":\"La Tunisie lance un appel d\u2019offres pour 200.000 tonnes de bl\u00e9\"}]},{\"@type\":\"WebSite\",\"@id\":\"https:\\\/\\\/www.webdo.tn\\\/fr\\\/#website\",\"url\":\"https:\\\/\\\/www.webdo.tn\\\/fr\\\/\",\"name\":\"webdo\",\"description\":\"Tunisie - News en Tunisie et \u00e0 l&#039;international sur Webdo.tn\",\"publisher\":{\"@id\":\"https:\\\/\\\/www.webdo.tn\\\/fr\\\/#organization\"},\"potentialAction\":[{\"@type\":\"SearchAction\",\"target\":{\"@type\":\"EntryPoint\",\"urlTemplate\":\"https:\\\/\\\/www.webdo.tn\\\/fr\\\/?s={search_term_string}\"},\"query-input\":{\"@type\":\"PropertyValueSpecification\",\"valueRequired\":true,\"valueName\":\"search_term_string\"}}],\"inLanguage\":\"fr-FR\"},{\"@type\":\"Organization\",\"@id\":\"https:\\\/\\\/www.webdo.tn\\\/fr\\\/#organization\",\"name\":\"Webdo\",\"alternateName\":\"Webdo.tn\",\"url\":\"https:\\\/\\\/www.webdo.tn\\\/fr\\\/\",\"logo\":{\"@type\":\"ImageObject\",\"inLanguage\":\"fr-FR\",\"@id\":\"https:\\\/\\\/www.webdo.tn\\\/fr\\\/#\\\/schema\\\/logo\\\/image\\\/\",\"url\":\"https:\\\/\\\/www.webdo.tn\\\/fr\\\/wp-content\\\/uploads\\\/2025\\\/06\\\/Webdo-Tunisie_168377.jpg\",\"contentUrl\":\"https:\\\/\\\/www.webdo.tn\\\/fr\\\/wp-content\\\/uploads\\\/2025\\\/06\\\/Webdo-Tunisie_168377.jpg\",\"width\":301,\"height\":301,\"caption\":\"Webdo\"},\"image\":{\"@id\":\"https:\\\/\\\/www.webdo.tn\\\/fr\\\/#\\\/schema\\\/logo\\\/image\\\/\"},\"sameAs\":[\"https:\\\/\\\/www.facebook.com\\\/webdotn\",\"https:\\\/\\\/x.com\\\/webdo_tn\"],\"description\":\"Webdo est un m\u00e9dia num\u00e9rique tunisien fond\u00e9 en 2010, sp\u00e9cialis\u00e9 dans l\u2019actualit\u00e9 nationale et internationale, l\u2019\u00e9conomie, la soci\u00e9t\u00e9 et les analyses politiques. Le site s\u2019adresse \u00e0 un large public francophone et couvre l\u2019information tunisienne en temps r\u00e9el.\",\"email\":\"redac@webdo.tn\",\"legalName\":\"YNJ SARL\",\"foundingDate\":\"2010-09-06\",\"numberOfEmployees\":{\"@type\":\"QuantitativeValue\",\"minValue\":\"11\",\"maxValue\":\"50\"}},{\"@type\":\"Person\",\"@id\":\"https:\\\/\\\/www.webdo.tn\\\/fr\\\/#\\\/schema\\\/person\\\/2c4929cbf5a809e3bd38617c6ce150f6\",\"name\":\"MC\",\"image\":{\"@type\":\"ImageObject\",\"inLanguage\":\"fr-FR\",\"@id\":\"https:\\\/\\\/secure.gravatar.com\\\/avatar\\\/a545bbb6f84efdd5553dbbc2895e3ca8f1d12c5215e00a041c9670b54aa9b18a?s=96&d=mm&r=g\",\"url\":\"https:\\\/\\\/secure.gravatar.com\\\/avatar\\\/a545bbb6f84efdd5553dbbc2895e3ca8f1d12c5215e00a041c9670b54aa9b18a?s=96&d=mm&r=g\",\"contentUrl\":\"https:\\\/\\\/secure.gravatar.com\\\/avatar\\\/a545bbb6f84efdd5553dbbc2895e3ca8f1d12c5215e00a041c9670b54aa9b18a?s=96&d=mm&r=g\",\"caption\":\"MC\"},\"url\":\"https:\\\/\\\/www.webdo.tn\\\/fr\\\/actualite\\\/author\\\/mc\\\/\"}]}<\/script>\n<!-- \/ Yoast SEO Premium plugin. -->","yoast_head_json":{"title":"La Tunisie lance un appel d\u2019offres pour 200.000 tonnes de bl\u00e9","description":"L\u2019Office tunisien des c\u00e9r\u00e9ales a lanc\u00e9 un appel d\u2019offres international pour l\u2019achat de 100.000 tonnes de bl\u00e9 tendre et 100.000 tonnes de bl\u00e9 dur, selon des n\u00e9go...","canonical":"https:\/\/www.webdo.tn\/fr\/actualite\/national\/la-tunisie-lance-un-appel-d-offres-pour-200-000-tonnes-de-ble\/217917\/","og_locale":"fr_FR","og_type":"article","og_title":"La Tunisie lance un appel d\u2019offres pour 200.000 tonnes de bl\u00e9","og_description":"L\u2019Office tunisien des c\u00e9r\u00e9ales a lanc\u00e9 un appel d\u2019offres international pour l\u2019achat de 100.000 tonnes de bl\u00e9 tendre et 100.000 tonnes de bl\u00e9 dur, selon des n\u00e9go...","og_url":"https:\/\/www.webdo.tn\/fr\/actualite\/national\/la-tunisie-lance-un-appel-d-offres-pour-200-000-tonnes-de-ble\/217917\/","og_site_name":"webdo","article_publisher":"https:\/\/www.facebook.com\/webdotn","article_published_time":"2024-11-27T15:49:00+00:00","article_modified_time":"2025-05-20T21:46:18+00:00","og_image":[{"width":750,"height":400,"url":"https:\/\/www.webdo.tn\/fr\/wp-content\/uploads\/2025\/05\/6f9b78d55a821b5a6322979af6d5a4bc-2.webp","type":"image\/webp"}],"author":"MC","twitter_card":"summary_large_image","twitter_creator":"@webdo_tn","twitter_site":"@webdo_tn","twitter_misc":{"\u00c9crit par":"MC","Dur\u00e9e de lecture estim\u00e9e":"1 minute"},"schema":{"@context":"https:\/\/schema.org","@graph":[{"@type":"NewsArticle","@id":"https:\/\/www.webdo.tn\/fr\/actualite\/national\/la-tunisie-lance-un-appel-d-offres-pour-200-000-tonnes-de-ble\/217917\/#article","isPartOf":{"@id":"https:\/\/www.webdo.tn\/fr\/actualite\/national\/la-tunisie-lance-un-appel-d-offres-pour-200-000-tonnes-de-ble\/217917\/"},"author":{"name":"MC","@id":"https:\/\/www.webdo.tn\/fr\/#\/schema\/person\/2c4929cbf5a809e3bd38617c6ce150f6"},"headline":"La Tunisie lance un appel d\u2019offres pour 200.000 tonnes de bl\u00e9","datePublished":"2024-11-27T15:49:00+00:00","dateModified":"2025-05-20T21:46:18+00:00","mainEntityOfPage":{"@id":"https:\/\/www.webdo.tn\/fr\/actualite\/national\/la-tunisie-lance-un-appel-d-offres-pour-200-000-tonnes-de-ble\/217917\/"},"wordCount":167,"commentCount":0,"publisher":{"@id":"https:\/\/www.webdo.tn\/fr\/#organization"},"image":{"@id":"https:\/\/www.webdo.tn\/fr\/actualite\/national\/la-tunisie-lance-un-appel-d-offres-pour-200-000-tonnes-de-ble\/217917\/#primaryimage"},"thumbnailUrl":"https:\/\/www.webdo.tn\/fr\/wp-content\/uploads\/2025\/05\/6f9b78d55a821b5a6322979af6d5a4bc-2.webp","keywords":["achat","appel d'offres","bl\u00e9","Tunisie"],"articleSection":["National"],"inLanguage":"fr-FR"},{"@type":"WebPage","@id":"https:\/\/www.webdo.tn\/fr\/actualite\/national\/la-tunisie-lance-un-appel-d-offres-pour-200-000-tonnes-de-ble\/217917\/","url":"https:\/\/www.webdo.tn\/fr\/actualite\/national\/la-tunisie-lance-un-appel-d-offres-pour-200-000-tonnes-de-ble\/217917\/","name":"La Tunisie lance un appel d\u2019offres pour 200.000 tonnes de bl\u00e9","isPartOf":{"@id":"https:\/\/www.webdo.tn\/fr\/#website"},"primaryImageOfPage":{"@id":"https:\/\/www.webdo.tn\/fr\/actualite\/national\/la-tunisie-lance-un-appel-d-offres-pour-200-000-tonnes-de-ble\/217917\/#primaryimage"},"image":{"@id":"https:\/\/www.webdo.tn\/fr\/actualite\/national\/la-tunisie-lance-un-appel-d-offres-pour-200-000-tonnes-de-ble\/217917\/#primaryimage"},"thumbnailUrl":"https:\/\/www.webdo.tn\/fr\/wp-content\/uploads\/2025\/05\/6f9b78d55a821b5a6322979af6d5a4bc-2.webp","datePublished":"2024-11-27T15:49:00+00:00","dateModified":"2025-05-20T21:46:18+00:00","description":"L\u2019Office tunisien des c\u00e9r\u00e9ales a lanc\u00e9 un appel d\u2019offres international pour l\u2019achat de 100.000 tonnes de bl\u00e9 tendre et 100.000 tonnes de bl\u00e9 dur, selon des n\u00e9go...","breadcrumb":{"@id":"https:\/\/www.webdo.tn\/fr\/actualite\/national\/la-tunisie-lance-un-appel-d-offres-pour-200-000-tonnes-de-ble\/217917\/#breadcrumb"},"inLanguage":"fr-FR","potentialAction":[{"@type":"ReadAction","target":["https:\/\/www.webdo.tn\/fr\/actualite\/national\/la-tunisie-lance-un-appel-d-offres-pour-200-000-tonnes-de-ble\/217917\/"]}]},{"@type":"ImageObject","inLanguage":"fr-FR","@id":"https:\/\/www.webdo.tn\/fr\/actualite\/national\/la-tunisie-lance-un-appel-d-offres-pour-200-000-tonnes-de-ble\/217917\/#primaryimage","url":"https:\/\/www.webdo.tn\/fr\/wp-content\/uploads\/2025\/05\/6f9b78d55a821b5a6322979af6d5a4bc-2.webp","contentUrl":"https:\/\/www.webdo.tn\/fr\/wp-content\/uploads\/2025\/05\/6f9b78d55a821b5a6322979af6d5a4bc-2.webp","width":750,"height":400},{"@type":"BreadcrumbList","@id":"https:\/\/www.webdo.tn\/fr\/actualite\/national\/la-tunisie-lance-un-appel-d-offres-pour-200-000-tonnes-de-ble\/217917\/#breadcrumb","itemListElement":[{"@type":"ListItem","position":1,"name":"Accueil","item":"https:\/\/www.webdo.tn\/fr\/"},{"@type":"ListItem","position":2,"name":"La Tunisie lance un appel d\u2019offres pour 200.000 tonnes de bl\u00e9"}]},{"@type":"WebSite","@id":"https:\/\/www.webdo.tn\/fr\/#website","url":"https:\/\/www.webdo.tn\/fr\/","name":"webdo","description":"Tunisie - News en Tunisie et \u00e0 l&#039;international sur Webdo.tn","publisher":{"@id":"https:\/\/www.webdo.tn\/fr\/#organization"},"potentialAction":[{"@type":"SearchAction","target":{"@type":"EntryPoint","urlTemplate":"https:\/\/www.webdo.tn\/fr\/?s={search_term_string}"},"query-input":{"@type":"PropertyValueSpecification","valueRequired":true,"valueName":"search_term_string"}}],"inLanguage":"fr-FR"},{"@type":"Organization","@id":"https:\/\/www.webdo.tn\/fr\/#organization","name":"Webdo","alternateName":"Webdo.tn","url":"https:\/\/www.webdo.tn\/fr\/","logo":{"@type":"ImageObject","inLanguage":"fr-FR","@id":"https:\/\/www.webdo.tn\/fr\/#\/schema\/logo\/image\/","url":"https:\/\/www.webdo.tn\/fr\/wp-content\/uploads\/2025\/06\/Webdo-Tunisie_168377.jpg","contentUrl":"https:\/\/www.webdo.tn\/fr\/wp-content\/uploads\/2025\/06\/Webdo-Tunisie_168377.jpg","width":301,"height":301,"caption":"Webdo"},"image":{"@id":"https:\/\/www.webdo.tn\/fr\/#\/schema\/logo\/image\/"},"sameAs":["https:\/\/www.facebook.com\/webdotn","https:\/\/x.com\/webdo_tn"],"description":"Webdo est un m\u00e9dia num\u00e9rique tunisien fond\u00e9 en 2010, sp\u00e9cialis\u00e9 dans l\u2019actualit\u00e9 nationale et internationale, l\u2019\u00e9conomie, la soci\u00e9t\u00e9 et les analyses politiques. Le site s\u2019adresse \u00e0 un large public francophone et couvre l\u2019information tunisienne en temps r\u00e9el.","email":"redac@webdo.tn","legalName":"YNJ SARL","foundingDate":"2010-09-06","numberOfEmployees":{"@type":"QuantitativeValue","minValue":"11","maxValue":"50"}},{"@type":"Person","@id":"https:\/\/www.webdo.tn\/fr\/#\/schema\/person\/2c4929cbf5a809e3bd38617c6ce150f6","name":"MC","image":{"@type":"ImageObject","inLanguage":"fr-FR","@id":"https:\/\/secure.gravatar.com\/avatar\/a545bbb6f84efdd5553dbbc2895e3ca8f1d12c5215e00a041c9670b54aa9b18a?s=96&d=mm&r=g","url":"https:\/\/secure.gravatar.com\/avatar\/a545bbb6f84efdd5553dbbc2895e3ca8f1d12c5215e00a041c9670b54aa9b18a?s=96&d=mm&r=g","contentUrl":"https:\/\/secure.gravatar.com\/avatar\/a545bbb6f84efdd5553dbbc2895e3ca8f1d12c5215e00a041c9670b54aa9b18a?s=96&d=mm&r=g","caption":"MC"},"url":"https:\/\/www.webdo.tn\/fr\/actualite\/author\/mc\/"}]}},"_links":{"self":[{"href":"https:\/\/www.webdo.tn\/fr\/wp-json\/wp\/v2\/posts\/217917","targetHints":{"allow":["GET"]}}],"collection":[{"href":"https:\/\/www.webdo.tn\/fr\/wp-json\/wp\/v2\/posts"}],"about":[{"href":"https:\/\/www.webdo.tn\/fr\/wp-json\/wp\/v2\/types\/post"}],"author":[{"embeddable":true,"href":"https:\/\/www.webdo.tn\/fr\/wp-json\/wp\/v2\/users\/3162"}],"replies":[{"embeddable":true,"href":"https:\/\/www.webdo.tn\/fr\/wp-json\/wp\/v2\/comments?post=217917"}],"version-history":[{"count":0,"href":"https:\/\/www.webdo.tn\/fr\/wp-json\/wp\/v2\/posts\/217917\/revisions"}],"wp:featuredmedia":[{"embeddable":true,"href":"https:\/\/www.webdo.tn\/fr\/wp-json\/wp\/v2\/media\/243808"}],"wp:attachment":[{"href":"https:\/\/www.webdo.tn\/fr\/wp-json\/wp\/v2\/media?parent=217917"}],"wp:term":[{"taxonomy":"category","embeddable":true,"href":"https:\/\/www.webdo.tn\/fr\/wp-json\/wp\/v2\/categories?post=217917"},{"taxonomy":"post_tag","embeddable":true,"href":"https:\/\/www.webdo.tn\/fr\/wp-json\/wp\/v2\/tags?post=217917"}],"curies":[{"name":"wp","href":"https:\/\/api.w.org\/{rel}","templated":true}]}}