{"id":217892,"date":"2024-11-27T07:35:00","date_gmt":"2024-11-27T07:35:00","guid":{"rendered":"https:\/\/www.webdo.tn\/fr\/blog\/tunisie-nuit-de-violence-a-msaken-suite-au-deces-d-un-jeune\/217892\/"},"modified":"2025-05-20T22:21:55","modified_gmt":"2025-05-20T22:21:55","slug":"tunisie-nuit-de-violence-a-msaken-suite-au-deces-d-un-jeune","status":"publish","type":"post","link":"https:\/\/www.webdo.tn\/fr\/actualite\/regions\/tunisie-nuit-de-violence-a-msaken-suite-au-deces-d-un-jeune\/217892\/","title":{"rendered":"Tunisie : Nuit de violence \u00e0 Msaken suite au d\u00e9c\u00e8s d\u2019un jeune"},"content":{"rendered":"<p>La ville de Msaken a \u00e9t\u00e9 le th\u00e9\u00e2tre, hier mardi 26 novembre 2024, d\u2019affrontements entre les forces de l\u2019ordre et un groupe de jeunes \u00e0 la suite du d\u00e9c\u00e8s d\u2019un trentenaire.\u00a0<\/p>\n<p>\t\t\t\t\t\t\t\t\tSes proches attribuent l\u2019accident au d\u00e9rapage de sa moto, survenu apr\u00e8s une poursuite polici\u00e8re. Le d\u00e9funt, n\u00e9 en 1991, \u00e9tait p\u00e8re de deux enfants.<\/p>\n<p>Selon Mosa\u00efque FM, un groupe de jeunes protestataires a incendi\u00e9 un v\u00e9hicule de police devant l\u2019h\u00f4pital r\u00e9gional de Msaken, qui a \u00e9t\u00e9 enti\u00e8rement d\u00e9truit par les flammes.<\/p>\n<p>De son c\u00f4t\u00e9, une source s\u00e9curitaire responsable a d\u00e9menti, la version avanc\u00e9e par les proches de la victime, en se basant sur les images des cam\u00e9ras de surveillance install\u00e9es sur les lieux de l\u2019accident, selon ses dires.<\/p>\n<p>Le d\u00e9funt \u00e9tait accompagn\u00e9 sur la moto d\u2019un ami \u00e2g\u00e9 d\u2019environ 22 ans, gri\u00e8vement bless\u00e9 dans l\u2019accident. Ce dernier a \u00e9t\u00e9 transport\u00e9 \u00e0 l\u2019h\u00f4pital, o\u00f9 il devrait subir une intervention chirurgicale.<\/p>\n","protected":false},"excerpt":{"rendered":"<p>Ses proches attribuent l\u2019accident au d\u00e9rapage de sa moto, survenu apr\u00e8s une poursuite polici\u00e8re. Le d\u00e9funt, n\u00e9 en 1991, \u00e9tait p\u00e8re de deux enfants.<\/p>\n","protected":false},"author":3163,"featured_media":291412,"comment_status":"open","ping_status":"closed","sticky":false,"template":"","format":"standard","meta":{"footnotes":""},"categories":[2595],"tags":[5193,2608,2827],"class_list":["post-217892","post","type-post","status-publish","format-standard","has-post-thumbnail","hentry","category-regions","tag-msaken","tag-tunisie","tag-violence"],"yoast_head":"<!-- This site is optimized with the Yoast SEO Premium plugin v27.4 (Yoast SEO v27.5) - https:\/\/yoast.com\/product\/yoast-seo-premium-wordpress\/ -->\n<title>Tunisie : Nuit de violence \u00e0 Msaken suite au d\u00e9c\u00e8s d\u2019un jeune<\/title>\n<meta name=\"description\" content=\"Ses proches attribuent l\u2019accident au d\u00e9rapage de sa moto, survenu apr\u00e8s une poursuite polici\u00e8re. Le d\u00e9funt, n\u00e9 en 1991, \u00e9tait p\u00e8re de deux enfants.\" \/>\n<link rel=\"canonical\" href=\"https:\/\/www.webdo.tn\/fr\/actualite\/regions\/tunisie-nuit-de-violence-a-msaken-suite-au-deces-d-un-jeune\/217892\/\" \/>\n<meta property=\"og:locale\" content=\"fr_FR\" \/>\n<meta property=\"og:type\" content=\"article\" \/>\n<meta property=\"og:title\" content=\"Tunisie : Nuit de violence \u00e0 Msaken suite au d\u00e9c\u00e8s d\u2019un jeune\" \/>\n<meta property=\"og:description\" content=\"Ses proches attribuent l\u2019accident au d\u00e9rapage de sa moto, survenu apr\u00e8s une poursuite polici\u00e8re. Le d\u00e9funt, n\u00e9 en 1991, \u00e9tait p\u00e8re de deux enfants.\" \/>\n<meta property=\"og:url\" content=\"https:\/\/www.webdo.tn\/fr\/actualite\/regions\/tunisie-nuit-de-violence-a-msaken-suite-au-deces-d-un-jeune\/217892\/\" \/>\n<meta property=\"og:site_name\" content=\"webdo\" \/>\n<meta property=\"article:publisher\" content=\"https:\/\/www.facebook.com\/webdotn\" \/>\n<meta property=\"article:published_time\" content=\"2024-11-27T07:35:00+00:00\" \/>\n<meta property=\"article:modified_time\" content=\"2025-05-20T22:21:55+00:00\" \/>\n<meta property=\"og:image\" content=\"https:\/\/www.webdo.tn\/fr\/wp-content\/uploads\/2024\/11\/8b4aacd0b588e471d6e777e5f14e967a.webp\" \/>\n\t<meta property=\"og:image:width\" content=\"750\" \/>\n\t<meta property=\"og:image:height\" content=\"400\" \/>\n\t<meta property=\"og:image:type\" content=\"image\/webp\" \/>\n<meta name=\"author\" content=\"KJ\" \/>\n<meta name=\"twitter:card\" content=\"summary_large_image\" \/>\n<meta name=\"twitter:creator\" content=\"@webdo_tn\" \/>\n<meta name=\"twitter:site\" content=\"@webdo_tn\" \/>\n<meta name=\"twitter:label1\" content=\"\u00c9crit par\" \/>\n\t<meta name=\"twitter:data1\" content=\"KJ\" \/>\n\t<meta name=\"twitter:label2\" content=\"Dur\u00e9e de lecture estim\u00e9e\" \/>\n\t<meta name=\"twitter:data2\" content=\"1 minute\" \/>\n<script type=\"application\/ld+json\" class=\"yoast-schema-graph\">{\"@context\":\"https:\\\/\\\/schema.org\",\"@graph\":[{\"@type\":\"NewsArticle\",\"@id\":\"https:\\\/\\\/www.webdo.tn\\\/fr\\\/actualite\\\/regions\\\/tunisie-nuit-de-violence-a-msaken-suite-au-deces-d-un-jeune\\\/217892\\\/#article\",\"isPartOf\":{\"@id\":\"https:\\\/\\\/www.webdo.tn\\\/fr\\\/actualite\\\/regions\\\/tunisie-nuit-de-violence-a-msaken-suite-au-deces-d-un-jeune\\\/217892\\\/\"},\"author\":{\"name\":\"KJ\",\"@id\":\"https:\\\/\\\/www.webdo.tn\\\/fr\\\/#\\\/schema\\\/person\\\/82ca085b22037d285e1a3c4b65ba5f71\"},\"headline\":\"Tunisie : Nuit de violence \u00e0 Msaken suite au d\u00e9c\u00e8s d\u2019un jeune\",\"datePublished\":\"2024-11-27T07:35:00+00:00\",\"dateModified\":\"2025-05-20T22:21:55+00:00\",\"mainEntityOfPage\":{\"@id\":\"https:\\\/\\\/www.webdo.tn\\\/fr\\\/actualite\\\/regions\\\/tunisie-nuit-de-violence-a-msaken-suite-au-deces-d-un-jeune\\\/217892\\\/\"},\"wordCount\":190,\"commentCount\":0,\"publisher\":{\"@id\":\"https:\\\/\\\/www.webdo.tn\\\/fr\\\/#organization\"},\"image\":{\"@id\":\"https:\\\/\\\/www.webdo.tn\\\/fr\\\/actualite\\\/regions\\\/tunisie-nuit-de-violence-a-msaken-suite-au-deces-d-un-jeune\\\/217892\\\/#primaryimage\"},\"thumbnailUrl\":\"https:\\\/\\\/www.webdo.tn\\\/fr\\\/wp-content\\\/uploads\\\/2024\\\/11\\\/8b4aacd0b588e471d6e777e5f14e967a.webp\",\"keywords\":[\"msaken\",\"Tunisie\",\"violence\"],\"articleSection\":[\"regions\"],\"inLanguage\":\"fr-FR\"},{\"@type\":\"WebPage\",\"@id\":\"https:\\\/\\\/www.webdo.tn\\\/fr\\\/actualite\\\/regions\\\/tunisie-nuit-de-violence-a-msaken-suite-au-deces-d-un-jeune\\\/217892\\\/\",\"url\":\"https:\\\/\\\/www.webdo.tn\\\/fr\\\/actualite\\\/regions\\\/tunisie-nuit-de-violence-a-msaken-suite-au-deces-d-un-jeune\\\/217892\\\/\",\"name\":\"Tunisie : Nuit de violence \u00e0 Msaken suite au d\u00e9c\u00e8s d\u2019un jeune\",\"isPartOf\":{\"@id\":\"https:\\\/\\\/www.webdo.tn\\\/fr\\\/#website\"},\"primaryImageOfPage\":{\"@id\":\"https:\\\/\\\/www.webdo.tn\\\/fr\\\/actualite\\\/regions\\\/tunisie-nuit-de-violence-a-msaken-suite-au-deces-d-un-jeune\\\/217892\\\/#primaryimage\"},\"image\":{\"@id\":\"https:\\\/\\\/www.webdo.tn\\\/fr\\\/actualite\\\/regions\\\/tunisie-nuit-de-violence-a-msaken-suite-au-deces-d-un-jeune\\\/217892\\\/#primaryimage\"},\"thumbnailUrl\":\"https:\\\/\\\/www.webdo.tn\\\/fr\\\/wp-content\\\/uploads\\\/2024\\\/11\\\/8b4aacd0b588e471d6e777e5f14e967a.webp\",\"datePublished\":\"2024-11-27T07:35:00+00:00\",\"dateModified\":\"2025-05-20T22:21:55+00:00\",\"description\":\"Ses proches attribuent l\u2019accident au d\u00e9rapage de sa moto, survenu apr\u00e8s une poursuite polici\u00e8re. Le d\u00e9funt, n\u00e9 en 1991, \u00e9tait p\u00e8re de deux enfants.\",\"breadcrumb\":{\"@id\":\"https:\\\/\\\/www.webdo.tn\\\/fr\\\/actualite\\\/regions\\\/tunisie-nuit-de-violence-a-msaken-suite-au-deces-d-un-jeune\\\/217892\\\/#breadcrumb\"},\"inLanguage\":\"fr-FR\",\"potentialAction\":[{\"@type\":\"ReadAction\",\"target\":[\"https:\\\/\\\/www.webdo.tn\\\/fr\\\/actualite\\\/regions\\\/tunisie-nuit-de-violence-a-msaken-suite-au-deces-d-un-jeune\\\/217892\\\/\"]}]},{\"@type\":\"ImageObject\",\"inLanguage\":\"fr-FR\",\"@id\":\"https:\\\/\\\/www.webdo.tn\\\/fr\\\/actualite\\\/regions\\\/tunisie-nuit-de-violence-a-msaken-suite-au-deces-d-un-jeune\\\/217892\\\/#primaryimage\",\"url\":\"https:\\\/\\\/www.webdo.tn\\\/fr\\\/wp-content\\\/uploads\\\/2024\\\/11\\\/8b4aacd0b588e471d6e777e5f14e967a.webp\",\"contentUrl\":\"https:\\\/\\\/www.webdo.tn\\\/fr\\\/wp-content\\\/uploads\\\/2024\\\/11\\\/8b4aacd0b588e471d6e777e5f14e967a.webp\",\"width\":750,\"height\":400,\"caption\":\"Tunisie : Nuit de violence \u00e0 Msaken suite au d\u00e9c\u00e8s d\u2019un jeune\"},{\"@type\":\"BreadcrumbList\",\"@id\":\"https:\\\/\\\/www.webdo.tn\\\/fr\\\/actualite\\\/regions\\\/tunisie-nuit-de-violence-a-msaken-suite-au-deces-d-un-jeune\\\/217892\\\/#breadcrumb\",\"itemListElement\":[{\"@type\":\"ListItem\",\"position\":1,\"name\":\"Accueil\",\"item\":\"https:\\\/\\\/www.webdo.tn\\\/fr\\\/\"},{\"@type\":\"ListItem\",\"position\":2,\"name\":\"Tunisie : Nuit de violence \u00e0 Msaken suite au d\u00e9c\u00e8s d\u2019un jeune\"}]},{\"@type\":\"WebSite\",\"@id\":\"https:\\\/\\\/www.webdo.tn\\\/fr\\\/#website\",\"url\":\"https:\\\/\\\/www.webdo.tn\\\/fr\\\/\",\"name\":\"webdo\",\"description\":\"Tunisie - News en Tunisie et \u00e0 l&#039;international sur Webdo.tn\",\"publisher\":{\"@id\":\"https:\\\/\\\/www.webdo.tn\\\/fr\\\/#organization\"},\"potentialAction\":[{\"@type\":\"SearchAction\",\"target\":{\"@type\":\"EntryPoint\",\"urlTemplate\":\"https:\\\/\\\/www.webdo.tn\\\/fr\\\/?s={search_term_string}\"},\"query-input\":{\"@type\":\"PropertyValueSpecification\",\"valueRequired\":true,\"valueName\":\"search_term_string\"}}],\"inLanguage\":\"fr-FR\"},{\"@type\":\"Organization\",\"@id\":\"https:\\\/\\\/www.webdo.tn\\\/fr\\\/#organization\",\"name\":\"Webdo\",\"alternateName\":\"Webdo.tn\",\"url\":\"https:\\\/\\\/www.webdo.tn\\\/fr\\\/\",\"logo\":{\"@type\":\"ImageObject\",\"inLanguage\":\"fr-FR\",\"@id\":\"https:\\\/\\\/www.webdo.tn\\\/fr\\\/#\\\/schema\\\/logo\\\/image\\\/\",\"url\":\"https:\\\/\\\/www.webdo.tn\\\/fr\\\/wp-content\\\/uploads\\\/2025\\\/06\\\/Webdo-Tunisie_168377.jpg\",\"contentUrl\":\"https:\\\/\\\/www.webdo.tn\\\/fr\\\/wp-content\\\/uploads\\\/2025\\\/06\\\/Webdo-Tunisie_168377.jpg\",\"width\":301,\"height\":301,\"caption\":\"Webdo\"},\"image\":{\"@id\":\"https:\\\/\\\/www.webdo.tn\\\/fr\\\/#\\\/schema\\\/logo\\\/image\\\/\"},\"sameAs\":[\"https:\\\/\\\/www.facebook.com\\\/webdotn\",\"https:\\\/\\\/x.com\\\/webdo_tn\"],\"description\":\"Webdo est un m\u00e9dia num\u00e9rique tunisien fond\u00e9 en 2010, sp\u00e9cialis\u00e9 dans l\u2019actualit\u00e9 nationale et internationale, l\u2019\u00e9conomie, la soci\u00e9t\u00e9 et les analyses politiques. Le site s\u2019adresse \u00e0 un large public francophone et couvre l\u2019information tunisienne en temps r\u00e9el.\",\"email\":\"redac@webdo.tn\",\"legalName\":\"YNJ SARL\",\"foundingDate\":\"2010-09-06\",\"numberOfEmployees\":{\"@type\":\"QuantitativeValue\",\"minValue\":\"11\",\"maxValue\":\"50\"}},{\"@type\":\"Person\",\"@id\":\"https:\\\/\\\/www.webdo.tn\\\/fr\\\/#\\\/schema\\\/person\\\/82ca085b22037d285e1a3c4b65ba5f71\",\"name\":\"KJ\",\"image\":{\"@type\":\"ImageObject\",\"inLanguage\":\"fr-FR\",\"@id\":\"https:\\\/\\\/secure.gravatar.com\\\/avatar\\\/1a1320de1c1971c893f00068f760b4113d69504aa21273da17ee95650c5944fd?s=96&d=mm&r=g\",\"url\":\"https:\\\/\\\/secure.gravatar.com\\\/avatar\\\/1a1320de1c1971c893f00068f760b4113d69504aa21273da17ee95650c5944fd?s=96&d=mm&r=g\",\"contentUrl\":\"https:\\\/\\\/secure.gravatar.com\\\/avatar\\\/1a1320de1c1971c893f00068f760b4113d69504aa21273da17ee95650c5944fd?s=96&d=mm&r=g\",\"caption\":\"KJ\"},\"url\":\"https:\\\/\\\/www.webdo.tn\\\/fr\\\/actualite\\\/author\\\/kj\\\/\"}]}<\/script>\n<!-- \/ Yoast SEO Premium plugin. -->","yoast_head_json":{"title":"Tunisie : Nuit de violence \u00e0 Msaken suite au d\u00e9c\u00e8s d\u2019un jeune","description":"Ses proches attribuent l\u2019accident au d\u00e9rapage de sa moto, survenu apr\u00e8s une poursuite polici\u00e8re. Le d\u00e9funt, n\u00e9 en 1991, \u00e9tait p\u00e8re de deux enfants.","canonical":"https:\/\/www.webdo.tn\/fr\/actualite\/regions\/tunisie-nuit-de-violence-a-msaken-suite-au-deces-d-un-jeune\/217892\/","og_locale":"fr_FR","og_type":"article","og_title":"Tunisie : Nuit de violence \u00e0 Msaken suite au d\u00e9c\u00e8s d\u2019un jeune","og_description":"Ses proches attribuent l\u2019accident au d\u00e9rapage de sa moto, survenu apr\u00e8s une poursuite polici\u00e8re. Le d\u00e9funt, n\u00e9 en 1991, \u00e9tait p\u00e8re de deux enfants.","og_url":"https:\/\/www.webdo.tn\/fr\/actualite\/regions\/tunisie-nuit-de-violence-a-msaken-suite-au-deces-d-un-jeune\/217892\/","og_site_name":"webdo","article_publisher":"https:\/\/www.facebook.com\/webdotn","article_published_time":"2024-11-27T07:35:00+00:00","article_modified_time":"2025-05-20T22:21:55+00:00","og_image":[{"width":750,"height":400,"url":"https:\/\/www.webdo.tn\/fr\/wp-content\/uploads\/2024\/11\/8b4aacd0b588e471d6e777e5f14e967a.webp","type":"image\/webp"}],"author":"KJ","twitter_card":"summary_large_image","twitter_creator":"@webdo_tn","twitter_site":"@webdo_tn","twitter_misc":{"\u00c9crit par":"KJ","Dur\u00e9e de lecture estim\u00e9e":"1 minute"},"schema":{"@context":"https:\/\/schema.org","@graph":[{"@type":"NewsArticle","@id":"https:\/\/www.webdo.tn\/fr\/actualite\/regions\/tunisie-nuit-de-violence-a-msaken-suite-au-deces-d-un-jeune\/217892\/#article","isPartOf":{"@id":"https:\/\/www.webdo.tn\/fr\/actualite\/regions\/tunisie-nuit-de-violence-a-msaken-suite-au-deces-d-un-jeune\/217892\/"},"author":{"name":"KJ","@id":"https:\/\/www.webdo.tn\/fr\/#\/schema\/person\/82ca085b22037d285e1a3c4b65ba5f71"},"headline":"Tunisie : Nuit de violence \u00e0 Msaken suite au d\u00e9c\u00e8s d\u2019un jeune","datePublished":"2024-11-27T07:35:00+00:00","dateModified":"2025-05-20T22:21:55+00:00","mainEntityOfPage":{"@id":"https:\/\/www.webdo.tn\/fr\/actualite\/regions\/tunisie-nuit-de-violence-a-msaken-suite-au-deces-d-un-jeune\/217892\/"},"wordCount":190,"commentCount":0,"publisher":{"@id":"https:\/\/www.webdo.tn\/fr\/#organization"},"image":{"@id":"https:\/\/www.webdo.tn\/fr\/actualite\/regions\/tunisie-nuit-de-violence-a-msaken-suite-au-deces-d-un-jeune\/217892\/#primaryimage"},"thumbnailUrl":"https:\/\/www.webdo.tn\/fr\/wp-content\/uploads\/2024\/11\/8b4aacd0b588e471d6e777e5f14e967a.webp","keywords":["msaken","Tunisie","violence"],"articleSection":["regions"],"inLanguage":"fr-FR"},{"@type":"WebPage","@id":"https:\/\/www.webdo.tn\/fr\/actualite\/regions\/tunisie-nuit-de-violence-a-msaken-suite-au-deces-d-un-jeune\/217892\/","url":"https:\/\/www.webdo.tn\/fr\/actualite\/regions\/tunisie-nuit-de-violence-a-msaken-suite-au-deces-d-un-jeune\/217892\/","name":"Tunisie : Nuit de violence \u00e0 Msaken suite au d\u00e9c\u00e8s d\u2019un jeune","isPartOf":{"@id":"https:\/\/www.webdo.tn\/fr\/#website"},"primaryImageOfPage":{"@id":"https:\/\/www.webdo.tn\/fr\/actualite\/regions\/tunisie-nuit-de-violence-a-msaken-suite-au-deces-d-un-jeune\/217892\/#primaryimage"},"image":{"@id":"https:\/\/www.webdo.tn\/fr\/actualite\/regions\/tunisie-nuit-de-violence-a-msaken-suite-au-deces-d-un-jeune\/217892\/#primaryimage"},"thumbnailUrl":"https:\/\/www.webdo.tn\/fr\/wp-content\/uploads\/2024\/11\/8b4aacd0b588e471d6e777e5f14e967a.webp","datePublished":"2024-11-27T07:35:00+00:00","dateModified":"2025-05-20T22:21:55+00:00","description":"Ses proches attribuent l\u2019accident au d\u00e9rapage de sa moto, survenu apr\u00e8s une poursuite polici\u00e8re. Le d\u00e9funt, n\u00e9 en 1991, \u00e9tait p\u00e8re de deux enfants.","breadcrumb":{"@id":"https:\/\/www.webdo.tn\/fr\/actualite\/regions\/tunisie-nuit-de-violence-a-msaken-suite-au-deces-d-un-jeune\/217892\/#breadcrumb"},"inLanguage":"fr-FR","potentialAction":[{"@type":"ReadAction","target":["https:\/\/www.webdo.tn\/fr\/actualite\/regions\/tunisie-nuit-de-violence-a-msaken-suite-au-deces-d-un-jeune\/217892\/"]}]},{"@type":"ImageObject","inLanguage":"fr-FR","@id":"https:\/\/www.webdo.tn\/fr\/actualite\/regions\/tunisie-nuit-de-violence-a-msaken-suite-au-deces-d-un-jeune\/217892\/#primaryimage","url":"https:\/\/www.webdo.tn\/fr\/wp-content\/uploads\/2024\/11\/8b4aacd0b588e471d6e777e5f14e967a.webp","contentUrl":"https:\/\/www.webdo.tn\/fr\/wp-content\/uploads\/2024\/11\/8b4aacd0b588e471d6e777e5f14e967a.webp","width":750,"height":400,"caption":"Tunisie : Nuit de violence \u00e0 Msaken suite au d\u00e9c\u00e8s d\u2019un jeune"},{"@type":"BreadcrumbList","@id":"https:\/\/www.webdo.tn\/fr\/actualite\/regions\/tunisie-nuit-de-violence-a-msaken-suite-au-deces-d-un-jeune\/217892\/#breadcrumb","itemListElement":[{"@type":"ListItem","position":1,"name":"Accueil","item":"https:\/\/www.webdo.tn\/fr\/"},{"@type":"ListItem","position":2,"name":"Tunisie : Nuit de violence \u00e0 Msaken suite au d\u00e9c\u00e8s d\u2019un jeune"}]},{"@type":"WebSite","@id":"https:\/\/www.webdo.tn\/fr\/#website","url":"https:\/\/www.webdo.tn\/fr\/","name":"webdo","description":"Tunisie - News en Tunisie et \u00e0 l&#039;international sur Webdo.tn","publisher":{"@id":"https:\/\/www.webdo.tn\/fr\/#organization"},"potentialAction":[{"@type":"SearchAction","target":{"@type":"EntryPoint","urlTemplate":"https:\/\/www.webdo.tn\/fr\/?s={search_term_string}"},"query-input":{"@type":"PropertyValueSpecification","valueRequired":true,"valueName":"search_term_string"}}],"inLanguage":"fr-FR"},{"@type":"Organization","@id":"https:\/\/www.webdo.tn\/fr\/#organization","name":"Webdo","alternateName":"Webdo.tn","url":"https:\/\/www.webdo.tn\/fr\/","logo":{"@type":"ImageObject","inLanguage":"fr-FR","@id":"https:\/\/www.webdo.tn\/fr\/#\/schema\/logo\/image\/","url":"https:\/\/www.webdo.tn\/fr\/wp-content\/uploads\/2025\/06\/Webdo-Tunisie_168377.jpg","contentUrl":"https:\/\/www.webdo.tn\/fr\/wp-content\/uploads\/2025\/06\/Webdo-Tunisie_168377.jpg","width":301,"height":301,"caption":"Webdo"},"image":{"@id":"https:\/\/www.webdo.tn\/fr\/#\/schema\/logo\/image\/"},"sameAs":["https:\/\/www.facebook.com\/webdotn","https:\/\/x.com\/webdo_tn"],"description":"Webdo est un m\u00e9dia num\u00e9rique tunisien fond\u00e9 en 2010, sp\u00e9cialis\u00e9 dans l\u2019actualit\u00e9 nationale et internationale, l\u2019\u00e9conomie, la soci\u00e9t\u00e9 et les analyses politiques. Le site s\u2019adresse \u00e0 un large public francophone et couvre l\u2019information tunisienne en temps r\u00e9el.","email":"redac@webdo.tn","legalName":"YNJ SARL","foundingDate":"2010-09-06","numberOfEmployees":{"@type":"QuantitativeValue","minValue":"11","maxValue":"50"}},{"@type":"Person","@id":"https:\/\/www.webdo.tn\/fr\/#\/schema\/person\/82ca085b22037d285e1a3c4b65ba5f71","name":"KJ","image":{"@type":"ImageObject","inLanguage":"fr-FR","@id":"https:\/\/secure.gravatar.com\/avatar\/1a1320de1c1971c893f00068f760b4113d69504aa21273da17ee95650c5944fd?s=96&d=mm&r=g","url":"https:\/\/secure.gravatar.com\/avatar\/1a1320de1c1971c893f00068f760b4113d69504aa21273da17ee95650c5944fd?s=96&d=mm&r=g","contentUrl":"https:\/\/secure.gravatar.com\/avatar\/1a1320de1c1971c893f00068f760b4113d69504aa21273da17ee95650c5944fd?s=96&d=mm&r=g","caption":"KJ"},"url":"https:\/\/www.webdo.tn\/fr\/actualite\/author\/kj\/"}]}},"_links":{"self":[{"href":"https:\/\/www.webdo.tn\/fr\/wp-json\/wp\/v2\/posts\/217892","targetHints":{"allow":["GET"]}}],"collection":[{"href":"https:\/\/www.webdo.tn\/fr\/wp-json\/wp\/v2\/posts"}],"about":[{"href":"https:\/\/www.webdo.tn\/fr\/wp-json\/wp\/v2\/types\/post"}],"author":[{"embeddable":true,"href":"https:\/\/www.webdo.tn\/fr\/wp-json\/wp\/v2\/users\/3163"}],"replies":[{"embeddable":true,"href":"https:\/\/www.webdo.tn\/fr\/wp-json\/wp\/v2\/comments?post=217892"}],"version-history":[{"count":0,"href":"https:\/\/www.webdo.tn\/fr\/wp-json\/wp\/v2\/posts\/217892\/revisions"}],"wp:featuredmedia":[{"embeddable":true,"href":"https:\/\/www.webdo.tn\/fr\/wp-json\/wp\/v2\/media\/291412"}],"wp:attachment":[{"href":"https:\/\/www.webdo.tn\/fr\/wp-json\/wp\/v2\/media?parent=217892"}],"wp:term":[{"taxonomy":"category","embeddable":true,"href":"https:\/\/www.webdo.tn\/fr\/wp-json\/wp\/v2\/categories?post=217892"},{"taxonomy":"post_tag","embeddable":true,"href":"https:\/\/www.webdo.tn\/fr\/wp-json\/wp\/v2\/tags?post=217892"}],"curies":[{"name":"wp","href":"https:\/\/api.w.org\/{rel}","templated":true}]}}