{"id":217887,"date":"2024-11-26T21:10:00","date_gmt":"2024-11-26T21:10:00","guid":{"rendered":"https:\/\/www.webdo.tn\/fr\/blog\/israel-annonce-un-cessez-le-feu-avec-le-liban\/217887\/"},"modified":"2025-05-21T09:07:46","modified_gmt":"2025-05-21T09:07:46","slug":"israel-annonce-un-cessez-le-feu-avec-le-liban","status":"publish","type":"post","link":"https:\/\/www.webdo.tn\/fr\/actualite\/international\/israel-annonce-un-cessez-le-feu-avec-le-liban\/217887\/","title":{"rendered":"Isra\u00ebl annonce un cessez-le-feu avec le Liban"},"content":{"rendered":"<p>Isra\u00ebl a annonc\u00e9 un cessez-le-feu avec le Liban, apr\u00e8s deux mois de combats intenses avec le Hezbollah, prolong\u00e9s par plus d&rsquo;un an de tensions frontali\u00e8res.<\/p>\n<p>\t\t\t\t\t\t\t\t\tLe Premier ministre isra\u00e9lien, Benjamin Netanyahu, a indiqu\u00e9 que l&rsquo;accord serait soumis \u00e0 l&rsquo;approbation du cabinet de s\u00e9curit\u00e9 dans la soir\u00e9e du 26 novembre. Selon lui, la dur\u00e9e de la tr\u00eave d\u00e9pendra de l&rsquo;\u00e9volution de la situation au Liban, tout en soulignant qu\u2019Isra\u00ebl conserverait une \u00ab\u00a0libert\u00e9 d\u2019action militaire\u00a0\u00bb en cas de violations de l&rsquo;accord par le Hezbollah.<\/p>\n<p>L&rsquo;accord pr\u00e9voit le retrait des troupes isra\u00e9liennes et du Hezbollah du sud du Liban, o\u00f9 l&rsquo;arm\u00e9e libanaise prendra le contr\u00f4le, sous la supervision d\u2019un comit\u00e9 international pour garantir le respect de la tr\u00eave. Le Premier ministre libanais, Najib Mikati, a appel\u00e9 la communaut\u00e9 internationale \u00e0 intervenir rapidement pour assurer la mise en \u0153uvre imm\u00e9diate de l&rsquo;accord.<\/p>\n<p>Les frappes isra\u00e9liennes ont r\u00e9cemment intensifi\u00e9 la violence \u00e0 Beyrouth, tuant plusieurs personnes, et l&rsquo;arm\u00e9e isra\u00e9lienne a signal\u00e9 des tirs de projectiles depuis le Liban vers Isra\u00ebl ainsi que des op\u00e9rations au sud du Liban et dans la r\u00e9gion du fleuve Litani. Ce cessez-le-feu intervient apr\u00e8s plus de 3 750 morts au Liban, selon les autorit\u00e9s, et plus d&rsquo;un million de personnes d\u00e9plac\u00e9es par les combats.<\/p>\n<p>Soumis \u00e0 d\u2019intenses pressions internationales, Isra\u00ebl a accept\u00e9 un arr\u00eat des combats, mais a pos\u00e9 ses conditions. Le Premier ministre isra\u00e9lien, Benjamin Netanyahu, semble vouloir utiliser cette pause pour consolider son contr\u00f4le sur la bande de Gaza et poursuivre son g\u00e9nocide dans la r\u00e9gion. L&rsquo;Iran reste \u00e9galement un objectif strat\u00e9gique pour Isra\u00ebl, dans un contexte de tensions g\u00e9opolitiques persistantes.<\/p>\n<p>Le Hezbollah, pour sa part, a fait savoir que la tr\u00eave d\u00e9pendait de la position isra\u00e9lienne. Le groupe libanais a \u00e9galement r\u00e9affirm\u00e9 qu\u2019il ne se soumettrait pas aux conditions isra\u00e9liennes et qu\u2019il continuerait de combattre sur le terrain. Na\u00efm Qassem a pr\u00e9cis\u00e9 que son organisation ne permettrait pas \u00e0 Isra\u00ebl d&rsquo;imposer ses conditions et que, en cas de frappes isra\u00e9liennes, des ripostes seraient men\u00e9es, avec une cible potentielle \u00e0 Tel-Aviv.<\/p>\n<p>Les discussions internationales, men\u00e9es par les \u00c9tats-Unis, la France et l&rsquo;Allemagne, visent \u00e0 appliquer la r\u00e9solution 1701 de l&rsquo;ONU, qui appelle \u00e0 la fin des hostilit\u00e9s et au d\u00e9ploiement de l&rsquo;arm\u00e9e libanaise dans le sud. Cependant, la situation demeure fragile, et l&rsquo;application de l&rsquo;accord d\u00e9pendra du respect des engagements par toutes les parties.<\/p>\n","protected":false},"excerpt":{"rendered":"<p>Isra\u00ebl annonce un cessez-le-feu avec le Liban apr\u00e8s des mois de combats. L&rsquo;accord vise \u00e0 mettre fin aux hostilit\u00e9s tout en posant des conditions militaires.<\/p>\n","protected":false},"author":3166,"featured_media":291411,"comment_status":"open","ping_status":"closed","sticky":false,"template":"","format":"standard","meta":{"footnotes":""},"categories":[2598],"tags":[4344,5302,2636,3920,5156],"class_list":["post-217887","post","type-post","status-publish","format-standard","has-post-thumbnail","hentry","category-international","tag-cessez-le-feu","tag-hezbollah","tag-israel","tag-liban","tag-moyen-orient"],"yoast_head":"<!-- This site is optimized with the Yoast SEO Premium plugin v27.4 (Yoast SEO v27.5) - https:\/\/yoast.com\/product\/yoast-seo-premium-wordpress\/ -->\n<title>Isra\u00ebl annonce un cessez-le-feu avec le Liban<\/title>\n<meta name=\"description\" content=\"Isra\u00ebl annonce un cessez-le-feu avec le Liban apr\u00e8s des mois de combats. L&#039;accord vise \u00e0 mettre fin aux hostilit\u00e9s tout en posant des conditions militaires.\" \/>\n<link rel=\"canonical\" href=\"https:\/\/www.webdo.tn\/fr\/actualite\/international\/israel-annonce-un-cessez-le-feu-avec-le-liban\/217887\/\" \/>\n<meta property=\"og:locale\" content=\"fr_FR\" \/>\n<meta property=\"og:type\" content=\"article\" \/>\n<meta property=\"og:title\" content=\"Isra\u00ebl annonce un cessez-le-feu avec le Liban\" \/>\n<meta property=\"og:description\" content=\"Isra\u00ebl annonce un cessez-le-feu avec le Liban apr\u00e8s des mois de combats. L&#039;accord vise \u00e0 mettre fin aux hostilit\u00e9s tout en posant des conditions militaires.\" \/>\n<meta property=\"og:url\" content=\"https:\/\/www.webdo.tn\/fr\/actualite\/international\/israel-annonce-un-cessez-le-feu-avec-le-liban\/217887\/\" \/>\n<meta property=\"og:site_name\" content=\"webdo\" \/>\n<meta property=\"article:publisher\" content=\"https:\/\/www.facebook.com\/webdotn\" \/>\n<meta property=\"article:published_time\" content=\"2024-11-26T21:10:00+00:00\" \/>\n<meta property=\"article:modified_time\" content=\"2025-05-21T09:07:46+00:00\" \/>\n<meta property=\"og:image\" content=\"https:\/\/www.webdo.tn\/fr\/wp-content\/uploads\/2024\/11\/5589c606730a9fcee29c073932191994.webp\" \/>\n\t<meta property=\"og:image:width\" content=\"750\" \/>\n\t<meta property=\"og:image:height\" content=\"400\" \/>\n\t<meta property=\"og:image:type\" content=\"image\/webp\" \/>\n<meta name=\"author\" content=\"AZ\" \/>\n<meta name=\"twitter:card\" content=\"summary_large_image\" \/>\n<meta name=\"twitter:creator\" content=\"@webdo_tn\" \/>\n<meta name=\"twitter:site\" content=\"@webdo_tn\" \/>\n<meta name=\"twitter:label1\" content=\"\u00c9crit par\" \/>\n\t<meta name=\"twitter:data1\" content=\"AZ\" \/>\n\t<meta name=\"twitter:label2\" content=\"Dur\u00e9e de lecture estim\u00e9e\" \/>\n\t<meta name=\"twitter:data2\" content=\"2 minutes\" \/>\n<script type=\"application\/ld+json\" class=\"yoast-schema-graph\">{\"@context\":\"https:\\\/\\\/schema.org\",\"@graph\":[{\"@type\":\"NewsArticle\",\"@id\":\"https:\\\/\\\/www.webdo.tn\\\/fr\\\/actualite\\\/international\\\/israel-annonce-un-cessez-le-feu-avec-le-liban\\\/217887\\\/#article\",\"isPartOf\":{\"@id\":\"https:\\\/\\\/www.webdo.tn\\\/fr\\\/actualite\\\/international\\\/israel-annonce-un-cessez-le-feu-avec-le-liban\\\/217887\\\/\"},\"author\":{\"name\":\"AZ\",\"@id\":\"https:\\\/\\\/www.webdo.tn\\\/fr\\\/#\\\/schema\\\/person\\\/b8a41c04d93287d375510db360906b34\"},\"headline\":\"Isra\u00ebl annonce un cessez-le-feu avec le Liban\",\"datePublished\":\"2024-11-26T21:10:00+00:00\",\"dateModified\":\"2025-05-21T09:07:46+00:00\",\"mainEntityOfPage\":{\"@id\":\"https:\\\/\\\/www.webdo.tn\\\/fr\\\/actualite\\\/international\\\/israel-annonce-un-cessez-le-feu-avec-le-liban\\\/217887\\\/\"},\"wordCount\":458,\"commentCount\":0,\"publisher\":{\"@id\":\"https:\\\/\\\/www.webdo.tn\\\/fr\\\/#organization\"},\"image\":{\"@id\":\"https:\\\/\\\/www.webdo.tn\\\/fr\\\/actualite\\\/international\\\/israel-annonce-un-cessez-le-feu-avec-le-liban\\\/217887\\\/#primaryimage\"},\"thumbnailUrl\":\"https:\\\/\\\/www.webdo.tn\\\/fr\\\/wp-content\\\/uploads\\\/2024\\\/11\\\/5589c606730a9fcee29c073932191994.webp\",\"keywords\":[\"Cessez-le-feu\",\"Hezbollah\",\"isra\u00ebl\",\"liban\",\"moyen-orient\"],\"articleSection\":[\"International\"],\"inLanguage\":\"fr-FR\"},{\"@type\":\"WebPage\",\"@id\":\"https:\\\/\\\/www.webdo.tn\\\/fr\\\/actualite\\\/international\\\/israel-annonce-un-cessez-le-feu-avec-le-liban\\\/217887\\\/\",\"url\":\"https:\\\/\\\/www.webdo.tn\\\/fr\\\/actualite\\\/international\\\/israel-annonce-un-cessez-le-feu-avec-le-liban\\\/217887\\\/\",\"name\":\"Isra\u00ebl annonce un cessez-le-feu avec le Liban\",\"isPartOf\":{\"@id\":\"https:\\\/\\\/www.webdo.tn\\\/fr\\\/#website\"},\"primaryImageOfPage\":{\"@id\":\"https:\\\/\\\/www.webdo.tn\\\/fr\\\/actualite\\\/international\\\/israel-annonce-un-cessez-le-feu-avec-le-liban\\\/217887\\\/#primaryimage\"},\"image\":{\"@id\":\"https:\\\/\\\/www.webdo.tn\\\/fr\\\/actualite\\\/international\\\/israel-annonce-un-cessez-le-feu-avec-le-liban\\\/217887\\\/#primaryimage\"},\"thumbnailUrl\":\"https:\\\/\\\/www.webdo.tn\\\/fr\\\/wp-content\\\/uploads\\\/2024\\\/11\\\/5589c606730a9fcee29c073932191994.webp\",\"datePublished\":\"2024-11-26T21:10:00+00:00\",\"dateModified\":\"2025-05-21T09:07:46+00:00\",\"description\":\"Isra\u00ebl annonce un cessez-le-feu avec le Liban apr\u00e8s des mois de combats. L'accord vise \u00e0 mettre fin aux hostilit\u00e9s tout en posant des conditions militaires.\",\"breadcrumb\":{\"@id\":\"https:\\\/\\\/www.webdo.tn\\\/fr\\\/actualite\\\/international\\\/israel-annonce-un-cessez-le-feu-avec-le-liban\\\/217887\\\/#breadcrumb\"},\"inLanguage\":\"fr-FR\",\"potentialAction\":[{\"@type\":\"ReadAction\",\"target\":[\"https:\\\/\\\/www.webdo.tn\\\/fr\\\/actualite\\\/international\\\/israel-annonce-un-cessez-le-feu-avec-le-liban\\\/217887\\\/\"]}]},{\"@type\":\"ImageObject\",\"inLanguage\":\"fr-FR\",\"@id\":\"https:\\\/\\\/www.webdo.tn\\\/fr\\\/actualite\\\/international\\\/israel-annonce-un-cessez-le-feu-avec-le-liban\\\/217887\\\/#primaryimage\",\"url\":\"https:\\\/\\\/www.webdo.tn\\\/fr\\\/wp-content\\\/uploads\\\/2024\\\/11\\\/5589c606730a9fcee29c073932191994.webp\",\"contentUrl\":\"https:\\\/\\\/www.webdo.tn\\\/fr\\\/wp-content\\\/uploads\\\/2024\\\/11\\\/5589c606730a9fcee29c073932191994.webp\",\"width\":750,\"height\":400,\"caption\":\"Isra\u00ebl annonce un cessez-le-feu avec le Liban\"},{\"@type\":\"BreadcrumbList\",\"@id\":\"https:\\\/\\\/www.webdo.tn\\\/fr\\\/actualite\\\/international\\\/israel-annonce-un-cessez-le-feu-avec-le-liban\\\/217887\\\/#breadcrumb\",\"itemListElement\":[{\"@type\":\"ListItem\",\"position\":1,\"name\":\"Accueil\",\"item\":\"https:\\\/\\\/www.webdo.tn\\\/fr\\\/\"},{\"@type\":\"ListItem\",\"position\":2,\"name\":\"Isra\u00ebl annonce un cessez-le-feu avec le Liban\"}]},{\"@type\":\"WebSite\",\"@id\":\"https:\\\/\\\/www.webdo.tn\\\/fr\\\/#website\",\"url\":\"https:\\\/\\\/www.webdo.tn\\\/fr\\\/\",\"name\":\"webdo\",\"description\":\"Tunisie - News en Tunisie et \u00e0 l&#039;international sur Webdo.tn\",\"publisher\":{\"@id\":\"https:\\\/\\\/www.webdo.tn\\\/fr\\\/#organization\"},\"potentialAction\":[{\"@type\":\"SearchAction\",\"target\":{\"@type\":\"EntryPoint\",\"urlTemplate\":\"https:\\\/\\\/www.webdo.tn\\\/fr\\\/?s={search_term_string}\"},\"query-input\":{\"@type\":\"PropertyValueSpecification\",\"valueRequired\":true,\"valueName\":\"search_term_string\"}}],\"inLanguage\":\"fr-FR\"},{\"@type\":\"Organization\",\"@id\":\"https:\\\/\\\/www.webdo.tn\\\/fr\\\/#organization\",\"name\":\"Webdo\",\"alternateName\":\"Webdo.tn\",\"url\":\"https:\\\/\\\/www.webdo.tn\\\/fr\\\/\",\"logo\":{\"@type\":\"ImageObject\",\"inLanguage\":\"fr-FR\",\"@id\":\"https:\\\/\\\/www.webdo.tn\\\/fr\\\/#\\\/schema\\\/logo\\\/image\\\/\",\"url\":\"https:\\\/\\\/www.webdo.tn\\\/fr\\\/wp-content\\\/uploads\\\/2025\\\/06\\\/Webdo-Tunisie_168377.jpg\",\"contentUrl\":\"https:\\\/\\\/www.webdo.tn\\\/fr\\\/wp-content\\\/uploads\\\/2025\\\/06\\\/Webdo-Tunisie_168377.jpg\",\"width\":301,\"height\":301,\"caption\":\"Webdo\"},\"image\":{\"@id\":\"https:\\\/\\\/www.webdo.tn\\\/fr\\\/#\\\/schema\\\/logo\\\/image\\\/\"},\"sameAs\":[\"https:\\\/\\\/www.facebook.com\\\/webdotn\",\"https:\\\/\\\/x.com\\\/webdo_tn\"],\"description\":\"Webdo est un m\u00e9dia num\u00e9rique tunisien fond\u00e9 en 2010, sp\u00e9cialis\u00e9 dans l\u2019actualit\u00e9 nationale et internationale, l\u2019\u00e9conomie, la soci\u00e9t\u00e9 et les analyses politiques. Le site s\u2019adresse \u00e0 un large public francophone et couvre l\u2019information tunisienne en temps r\u00e9el.\",\"email\":\"redac@webdo.tn\",\"legalName\":\"YNJ SARL\",\"foundingDate\":\"2010-09-06\",\"numberOfEmployees\":{\"@type\":\"QuantitativeValue\",\"minValue\":\"11\",\"maxValue\":\"50\"}},{\"@type\":\"Person\",\"@id\":\"https:\\\/\\\/www.webdo.tn\\\/fr\\\/#\\\/schema\\\/person\\\/b8a41c04d93287d375510db360906b34\",\"name\":\"AZ\",\"image\":{\"@type\":\"ImageObject\",\"inLanguage\":\"fr-FR\",\"@id\":\"https:\\\/\\\/secure.gravatar.com\\\/avatar\\\/492b80bada79439de4201dce15cd41eece6c277cfdf1b53382073c79105c1f89?s=96&d=mm&r=g\",\"url\":\"https:\\\/\\\/secure.gravatar.com\\\/avatar\\\/492b80bada79439de4201dce15cd41eece6c277cfdf1b53382073c79105c1f89?s=96&d=mm&r=g\",\"contentUrl\":\"https:\\\/\\\/secure.gravatar.com\\\/avatar\\\/492b80bada79439de4201dce15cd41eece6c277cfdf1b53382073c79105c1f89?s=96&d=mm&r=g\",\"caption\":\"AZ\"},\"url\":\"https:\\\/\\\/www.webdo.tn\\\/fr\\\/actualite\\\/author\\\/az\\\/\"}]}<\/script>\n<!-- \/ Yoast SEO Premium plugin. -->","yoast_head_json":{"title":"Isra\u00ebl annonce un cessez-le-feu avec le Liban","description":"Isra\u00ebl annonce un cessez-le-feu avec le Liban apr\u00e8s des mois de combats. L'accord vise \u00e0 mettre fin aux hostilit\u00e9s tout en posant des conditions militaires.","canonical":"https:\/\/www.webdo.tn\/fr\/actualite\/international\/israel-annonce-un-cessez-le-feu-avec-le-liban\/217887\/","og_locale":"fr_FR","og_type":"article","og_title":"Isra\u00ebl annonce un cessez-le-feu avec le Liban","og_description":"Isra\u00ebl annonce un cessez-le-feu avec le Liban apr\u00e8s des mois de combats. L'accord vise \u00e0 mettre fin aux hostilit\u00e9s tout en posant des conditions militaires.","og_url":"https:\/\/www.webdo.tn\/fr\/actualite\/international\/israel-annonce-un-cessez-le-feu-avec-le-liban\/217887\/","og_site_name":"webdo","article_publisher":"https:\/\/www.facebook.com\/webdotn","article_published_time":"2024-11-26T21:10:00+00:00","article_modified_time":"2025-05-21T09:07:46+00:00","og_image":[{"width":750,"height":400,"url":"https:\/\/www.webdo.tn\/fr\/wp-content\/uploads\/2024\/11\/5589c606730a9fcee29c073932191994.webp","type":"image\/webp"}],"author":"AZ","twitter_card":"summary_large_image","twitter_creator":"@webdo_tn","twitter_site":"@webdo_tn","twitter_misc":{"\u00c9crit par":"AZ","Dur\u00e9e de lecture estim\u00e9e":"2 minutes"},"schema":{"@context":"https:\/\/schema.org","@graph":[{"@type":"NewsArticle","@id":"https:\/\/www.webdo.tn\/fr\/actualite\/international\/israel-annonce-un-cessez-le-feu-avec-le-liban\/217887\/#article","isPartOf":{"@id":"https:\/\/www.webdo.tn\/fr\/actualite\/international\/israel-annonce-un-cessez-le-feu-avec-le-liban\/217887\/"},"author":{"name":"AZ","@id":"https:\/\/www.webdo.tn\/fr\/#\/schema\/person\/b8a41c04d93287d375510db360906b34"},"headline":"Isra\u00ebl annonce un cessez-le-feu avec le Liban","datePublished":"2024-11-26T21:10:00+00:00","dateModified":"2025-05-21T09:07:46+00:00","mainEntityOfPage":{"@id":"https:\/\/www.webdo.tn\/fr\/actualite\/international\/israel-annonce-un-cessez-le-feu-avec-le-liban\/217887\/"},"wordCount":458,"commentCount":0,"publisher":{"@id":"https:\/\/www.webdo.tn\/fr\/#organization"},"image":{"@id":"https:\/\/www.webdo.tn\/fr\/actualite\/international\/israel-annonce-un-cessez-le-feu-avec-le-liban\/217887\/#primaryimage"},"thumbnailUrl":"https:\/\/www.webdo.tn\/fr\/wp-content\/uploads\/2024\/11\/5589c606730a9fcee29c073932191994.webp","keywords":["Cessez-le-feu","Hezbollah","isra\u00ebl","liban","moyen-orient"],"articleSection":["International"],"inLanguage":"fr-FR"},{"@type":"WebPage","@id":"https:\/\/www.webdo.tn\/fr\/actualite\/international\/israel-annonce-un-cessez-le-feu-avec-le-liban\/217887\/","url":"https:\/\/www.webdo.tn\/fr\/actualite\/international\/israel-annonce-un-cessez-le-feu-avec-le-liban\/217887\/","name":"Isra\u00ebl annonce un cessez-le-feu avec le Liban","isPartOf":{"@id":"https:\/\/www.webdo.tn\/fr\/#website"},"primaryImageOfPage":{"@id":"https:\/\/www.webdo.tn\/fr\/actualite\/international\/israel-annonce-un-cessez-le-feu-avec-le-liban\/217887\/#primaryimage"},"image":{"@id":"https:\/\/www.webdo.tn\/fr\/actualite\/international\/israel-annonce-un-cessez-le-feu-avec-le-liban\/217887\/#primaryimage"},"thumbnailUrl":"https:\/\/www.webdo.tn\/fr\/wp-content\/uploads\/2024\/11\/5589c606730a9fcee29c073932191994.webp","datePublished":"2024-11-26T21:10:00+00:00","dateModified":"2025-05-21T09:07:46+00:00","description":"Isra\u00ebl annonce un cessez-le-feu avec le Liban apr\u00e8s des mois de combats. L'accord vise \u00e0 mettre fin aux hostilit\u00e9s tout en posant des conditions militaires.","breadcrumb":{"@id":"https:\/\/www.webdo.tn\/fr\/actualite\/international\/israel-annonce-un-cessez-le-feu-avec-le-liban\/217887\/#breadcrumb"},"inLanguage":"fr-FR","potentialAction":[{"@type":"ReadAction","target":["https:\/\/www.webdo.tn\/fr\/actualite\/international\/israel-annonce-un-cessez-le-feu-avec-le-liban\/217887\/"]}]},{"@type":"ImageObject","inLanguage":"fr-FR","@id":"https:\/\/www.webdo.tn\/fr\/actualite\/international\/israel-annonce-un-cessez-le-feu-avec-le-liban\/217887\/#primaryimage","url":"https:\/\/www.webdo.tn\/fr\/wp-content\/uploads\/2024\/11\/5589c606730a9fcee29c073932191994.webp","contentUrl":"https:\/\/www.webdo.tn\/fr\/wp-content\/uploads\/2024\/11\/5589c606730a9fcee29c073932191994.webp","width":750,"height":400,"caption":"Isra\u00ebl annonce un cessez-le-feu avec le Liban"},{"@type":"BreadcrumbList","@id":"https:\/\/www.webdo.tn\/fr\/actualite\/international\/israel-annonce-un-cessez-le-feu-avec-le-liban\/217887\/#breadcrumb","itemListElement":[{"@type":"ListItem","position":1,"name":"Accueil","item":"https:\/\/www.webdo.tn\/fr\/"},{"@type":"ListItem","position":2,"name":"Isra\u00ebl annonce un cessez-le-feu avec le Liban"}]},{"@type":"WebSite","@id":"https:\/\/www.webdo.tn\/fr\/#website","url":"https:\/\/www.webdo.tn\/fr\/","name":"webdo","description":"Tunisie - News en Tunisie et \u00e0 l&#039;international sur Webdo.tn","publisher":{"@id":"https:\/\/www.webdo.tn\/fr\/#organization"},"potentialAction":[{"@type":"SearchAction","target":{"@type":"EntryPoint","urlTemplate":"https:\/\/www.webdo.tn\/fr\/?s={search_term_string}"},"query-input":{"@type":"PropertyValueSpecification","valueRequired":true,"valueName":"search_term_string"}}],"inLanguage":"fr-FR"},{"@type":"Organization","@id":"https:\/\/www.webdo.tn\/fr\/#organization","name":"Webdo","alternateName":"Webdo.tn","url":"https:\/\/www.webdo.tn\/fr\/","logo":{"@type":"ImageObject","inLanguage":"fr-FR","@id":"https:\/\/www.webdo.tn\/fr\/#\/schema\/logo\/image\/","url":"https:\/\/www.webdo.tn\/fr\/wp-content\/uploads\/2025\/06\/Webdo-Tunisie_168377.jpg","contentUrl":"https:\/\/www.webdo.tn\/fr\/wp-content\/uploads\/2025\/06\/Webdo-Tunisie_168377.jpg","width":301,"height":301,"caption":"Webdo"},"image":{"@id":"https:\/\/www.webdo.tn\/fr\/#\/schema\/logo\/image\/"},"sameAs":["https:\/\/www.facebook.com\/webdotn","https:\/\/x.com\/webdo_tn"],"description":"Webdo est un m\u00e9dia num\u00e9rique tunisien fond\u00e9 en 2010, sp\u00e9cialis\u00e9 dans l\u2019actualit\u00e9 nationale et internationale, l\u2019\u00e9conomie, la soci\u00e9t\u00e9 et les analyses politiques. Le site s\u2019adresse \u00e0 un large public francophone et couvre l\u2019information tunisienne en temps r\u00e9el.","email":"redac@webdo.tn","legalName":"YNJ SARL","foundingDate":"2010-09-06","numberOfEmployees":{"@type":"QuantitativeValue","minValue":"11","maxValue":"50"}},{"@type":"Person","@id":"https:\/\/www.webdo.tn\/fr\/#\/schema\/person\/b8a41c04d93287d375510db360906b34","name":"AZ","image":{"@type":"ImageObject","inLanguage":"fr-FR","@id":"https:\/\/secure.gravatar.com\/avatar\/492b80bada79439de4201dce15cd41eece6c277cfdf1b53382073c79105c1f89?s=96&d=mm&r=g","url":"https:\/\/secure.gravatar.com\/avatar\/492b80bada79439de4201dce15cd41eece6c277cfdf1b53382073c79105c1f89?s=96&d=mm&r=g","contentUrl":"https:\/\/secure.gravatar.com\/avatar\/492b80bada79439de4201dce15cd41eece6c277cfdf1b53382073c79105c1f89?s=96&d=mm&r=g","caption":"AZ"},"url":"https:\/\/www.webdo.tn\/fr\/actualite\/author\/az\/"}]}},"_links":{"self":[{"href":"https:\/\/www.webdo.tn\/fr\/wp-json\/wp\/v2\/posts\/217887","targetHints":{"allow":["GET"]}}],"collection":[{"href":"https:\/\/www.webdo.tn\/fr\/wp-json\/wp\/v2\/posts"}],"about":[{"href":"https:\/\/www.webdo.tn\/fr\/wp-json\/wp\/v2\/types\/post"}],"author":[{"embeddable":true,"href":"https:\/\/www.webdo.tn\/fr\/wp-json\/wp\/v2\/users\/3166"}],"replies":[{"embeddable":true,"href":"https:\/\/www.webdo.tn\/fr\/wp-json\/wp\/v2\/comments?post=217887"}],"version-history":[{"count":0,"href":"https:\/\/www.webdo.tn\/fr\/wp-json\/wp\/v2\/posts\/217887\/revisions"}],"wp:featuredmedia":[{"embeddable":true,"href":"https:\/\/www.webdo.tn\/fr\/wp-json\/wp\/v2\/media\/291411"}],"wp:attachment":[{"href":"https:\/\/www.webdo.tn\/fr\/wp-json\/wp\/v2\/media?parent=217887"}],"wp:term":[{"taxonomy":"category","embeddable":true,"href":"https:\/\/www.webdo.tn\/fr\/wp-json\/wp\/v2\/categories?post=217887"},{"taxonomy":"post_tag","embeddable":true,"href":"https:\/\/www.webdo.tn\/fr\/wp-json\/wp\/v2\/tags?post=217887"}],"curies":[{"name":"wp","href":"https:\/\/api.w.org\/{rel}","templated":true}]}}