{"id":217883,"date":"2024-11-26T20:03:00","date_gmt":"2024-11-26T20:03:00","guid":{"rendered":"https:\/\/www.webdo.tn\/fr\/blog\/2024\/11\/26\/tunisie-un-cmr-consacree-a-la-valorisation-du-patrimoine-culturel-de-djerba\/"},"modified":"2025-05-21T09:01:46","modified_gmt":"2025-05-21T09:01:46","slug":"tunisie-un-cmr-consacree-a-la-valorisation-du-patrimoine-culturel-de-djerba","status":"publish","type":"post","link":"https:\/\/www.webdo.tn\/fr\/actualite\/culture\/tunisie-un-cmr-consacree-a-la-valorisation-du-patrimoine-culturel-de-djerba\/217883\/","title":{"rendered":"Tunisie : Un CMR consacr\u00e9 \u00e0 la valorisation du patrimoine culturel de Djerba"},"content":{"rendered":"<p>Le mardi 26 novembre 2024, le Chef du gouvernement, Kamel Maddouri, a pr\u00e9sid\u00e9 un conseil minist\u00e9riel restreint consacr\u00e9 au suivi des recommandations de la Commission du patrimoine mondial pour le bien culturel de Djerba, inscrit sur la liste de l&rsquo;UNESCO le 18 septembre 2023.<\/p>\n<p>\t\t\t\t\t\t\t\t\tLors de l&rsquo;ouverture de la s\u00e9ance, le Chef du gouvernement a soulign\u00e9 l&rsquo;importance de la mise en \u0153uvre de la vision du pr\u00e9sident de la R\u00e9publique en mati\u00e8re de conservation du patrimoine culturel mat\u00e9riel et immat\u00e9riel. Selon lui, ce patrimoine constitue une richesse nationale souveraine devant \u00eatre prot\u00e9g\u00e9e et pr\u00e9serv\u00e9e pour les g\u00e9n\u00e9rations actuelles et futures. Il a \u00e9galement \u00e9voqu\u00e9 la n\u00e9cessit\u00e9 de renforcer le cadre juridique de protection et de durabilit\u00e9 de ce patrimoine, en mobilisant tous les efforts et ressources n\u00e9cessaires pour respecter les engagements envers la Commission du patrimoine mondial.<\/p>\n<p>Maddouri a insist\u00e9 sur la n\u00e9cessit\u00e9 pour toutes les parties prenantes de remplir leurs responsabilit\u00e9s de mani\u00e8re optimale, en suivant un calendrier pr\u00e9cis, afin de garantir la valorisation et la pr\u00e9servation de ce patrimoine culturel humain d&rsquo;importance mondiale, essentiel \u00e0 la sp\u00e9cificit\u00e9 culturelle locale et \u00e0 la richesse de l&rsquo;identit\u00e9 nationale.<\/p>\n<p>La ministre des Affaires culturelles a pr\u00e9sent\u00e9 un \u00e9tat des lieux du bien culturel, exposant les principales composantes du patrimoine, l&rsquo;avancement des travaux r\u00e9alis\u00e9s, les r\u00e9alisations importantes, ainsi que les recommandations \u00e0 venir.<\/p>\n<p>\u00c0 l&rsquo;issue des travaux, le conseil a adopt\u00e9 les mesures suivantes :<\/p>\n<p>\t\u00c9tablir un calendrier d\u00e9taill\u00e9 des interventions futures, conforme aux \u00e9ch\u00e9ances fix\u00e9es par les engagements de la Tunisie aupr\u00e8s de l&rsquo;UNESCO.<br \/>\n\tAssurer la protection juridique de tous les \u00e9l\u00e9ments du bien culturel et am\u00e9liorer son syst\u00e8me de gouvernance, tout en recherchant des sources de financement durables pour sa pr\u00e9servation \u00e0 long terme.<br \/>\n\tFournir au Centre du patrimoine mondial les rapports et documents techniques attestant de l&rsquo;avancement des projets.<br \/>\n\tEncourager la coordination entre les minist\u00e8res concern\u00e9s pour acc\u00e9l\u00e9rer la mise en \u0153uvre des recommandations de la Commission du patrimoine mondial et suivre leur ex\u00e9cution selon un calendrier d\u00e9fini.<br \/>\n\tTrouver la meilleure formule pour superviser la direction et la gouvernance des exigences du projet \u00ab\u00a0Djerba : t\u00e9moin d&rsquo;un mod\u00e8le d&rsquo;urbanisation insulaire\u00a0\u00bb, en tenant compte des r\u00f4les et responsabilit\u00e9s de toutes les parties prenantes au sein du minist\u00e8re de la Culture.<\/p>\n","protected":false},"excerpt":{"rendered":"<p>Le gouvernement tunisien se r\u00e9unit pour suivre la mise en \u0153uvre des recommandations de l&rsquo;UNESCO concernant le patrimoine culturel de Djerba, inscrit au patrimoi&#8230;<\/p>\n","protected":false},"author":3166,"featured_media":243832,"comment_status":"open","ping_status":"open","sticky":false,"template":"","format":"standard","meta":{"footnotes":""},"categories":[2594],"tags":[3696,4947,2608,4946],"class_list":["post-217883","post","type-post","status-publish","format-standard","has-post-thumbnail","hentry","category-culture","tag-djerba","tag-patrimoinemondial","tag-tunisie","tag-unesco"],"yoast_head":"<!-- This site is optimized with the Yoast SEO Premium plugin v27.5 (Yoast SEO v27.5) - https:\/\/yoast.com\/product\/yoast-seo-premium-wordpress\/ -->\n<title>Tunisie : Un CMR consacr\u00e9 \u00e0 la valorisation du patrimoine culturel de Djerba<\/title>\n<meta name=\"description\" content=\"Le gouvernement tunisien se r\u00e9unit pour suivre la mise en \u0153uvre des recommandations de l&#039;UNESCO concernant le patrimoine culturel de Djerba, inscrit au patrimoi...\" \/>\n<link rel=\"canonical\" href=\"https:\/\/www.webdo.tn\/fr\/actualite\/culture\/tunisie-un-cmr-consacree-a-la-valorisation-du-patrimoine-culturel-de-djerba\/217883\/\" \/>\n<meta property=\"og:locale\" content=\"fr_FR\" \/>\n<meta property=\"og:type\" content=\"article\" \/>\n<meta property=\"og:title\" content=\"Tunisie : Un CMR consacr\u00e9 \u00e0 la valorisation du patrimoine culturel de Djerba\" \/>\n<meta property=\"og:description\" content=\"Le gouvernement tunisien se r\u00e9unit pour suivre la mise en \u0153uvre des recommandations de l&#039;UNESCO concernant le patrimoine culturel de Djerba, inscrit au patrimoi...\" \/>\n<meta property=\"og:url\" content=\"https:\/\/www.webdo.tn\/fr\/actualite\/culture\/tunisie-un-cmr-consacree-a-la-valorisation-du-patrimoine-culturel-de-djerba\/217883\/\" \/>\n<meta property=\"og:site_name\" content=\"webdo\" \/>\n<meta property=\"article:publisher\" content=\"https:\/\/www.facebook.com\/webdotn\" \/>\n<meta property=\"article:published_time\" content=\"2024-11-26T20:03:00+00:00\" \/>\n<meta property=\"article:modified_time\" content=\"2025-05-21T09:01:46+00:00\" \/>\n<meta property=\"og:image\" content=\"https:\/\/www.webdo.tn\/fr\/wp-content\/uploads\/2025\/05\/02dadb8c7b682dcb0e58d397853ae7ac-2.webp\" \/>\n\t<meta property=\"og:image:width\" content=\"750\" \/>\n\t<meta property=\"og:image:height\" content=\"400\" \/>\n\t<meta property=\"og:image:type\" content=\"image\/webp\" \/>\n<meta name=\"author\" content=\"AZ\" \/>\n<meta name=\"twitter:card\" content=\"summary_large_image\" \/>\n<meta name=\"twitter:creator\" content=\"@webdo_tn\" \/>\n<meta name=\"twitter:site\" content=\"@webdo_tn\" \/>\n<meta name=\"twitter:label1\" content=\"\u00c9crit par\" \/>\n\t<meta name=\"twitter:data1\" content=\"AZ\" \/>\n\t<meta name=\"twitter:label2\" content=\"Dur\u00e9e de lecture estim\u00e9e\" \/>\n\t<meta name=\"twitter:data2\" content=\"2 minutes\" \/>\n<script type=\"application\/ld+json\" class=\"yoast-schema-graph\">{\"@context\":\"https:\\\/\\\/schema.org\",\"@graph\":[{\"@type\":\"NewsArticle\",\"@id\":\"https:\\\/\\\/www.webdo.tn\\\/fr\\\/actualite\\\/culture\\\/tunisie-un-cmr-consacree-a-la-valorisation-du-patrimoine-culturel-de-djerba\\\/217883\\\/#article\",\"isPartOf\":{\"@id\":\"https:\\\/\\\/www.webdo.tn\\\/fr\\\/actualite\\\/culture\\\/tunisie-un-cmr-consacree-a-la-valorisation-du-patrimoine-culturel-de-djerba\\\/217883\\\/\"},\"author\":{\"name\":\"AZ\",\"@id\":\"https:\\\/\\\/www.webdo.tn\\\/fr\\\/#\\\/schema\\\/person\\\/b8a41c04d93287d375510db360906b34\"},\"headline\":\"Tunisie : Un CMR consacr\u00e9 \u00e0 la valorisation du patrimoine culturel de Djerba\",\"datePublished\":\"2024-11-26T20:03:00+00:00\",\"dateModified\":\"2025-05-21T09:01:46+00:00\",\"mainEntityOfPage\":{\"@id\":\"https:\\\/\\\/www.webdo.tn\\\/fr\\\/actualite\\\/culture\\\/tunisie-un-cmr-consacree-a-la-valorisation-du-patrimoine-culturel-de-djerba\\\/217883\\\/\"},\"wordCount\":426,\"commentCount\":0,\"publisher\":{\"@id\":\"https:\\\/\\\/www.webdo.tn\\\/fr\\\/#organization\"},\"image\":{\"@id\":\"https:\\\/\\\/www.webdo.tn\\\/fr\\\/actualite\\\/culture\\\/tunisie-un-cmr-consacree-a-la-valorisation-du-patrimoine-culturel-de-djerba\\\/217883\\\/#primaryimage\"},\"thumbnailUrl\":\"https:\\\/\\\/www.webdo.tn\\\/fr\\\/wp-content\\\/uploads\\\/2025\\\/05\\\/02dadb8c7b682dcb0e58d397853ae7ac-2.webp\",\"keywords\":[\"djerba\",\"PatrimoineMondial\",\"Tunisie\",\"unesco\"],\"articleSection\":[\"Culture\"],\"inLanguage\":\"fr-FR\"},{\"@type\":\"WebPage\",\"@id\":\"https:\\\/\\\/www.webdo.tn\\\/fr\\\/actualite\\\/culture\\\/tunisie-un-cmr-consacree-a-la-valorisation-du-patrimoine-culturel-de-djerba\\\/217883\\\/\",\"url\":\"https:\\\/\\\/www.webdo.tn\\\/fr\\\/actualite\\\/culture\\\/tunisie-un-cmr-consacree-a-la-valorisation-du-patrimoine-culturel-de-djerba\\\/217883\\\/\",\"name\":\"Tunisie : Un CMR consacr\u00e9 \u00e0 la valorisation du patrimoine culturel de Djerba\",\"isPartOf\":{\"@id\":\"https:\\\/\\\/www.webdo.tn\\\/fr\\\/#website\"},\"primaryImageOfPage\":{\"@id\":\"https:\\\/\\\/www.webdo.tn\\\/fr\\\/actualite\\\/culture\\\/tunisie-un-cmr-consacree-a-la-valorisation-du-patrimoine-culturel-de-djerba\\\/217883\\\/#primaryimage\"},\"image\":{\"@id\":\"https:\\\/\\\/www.webdo.tn\\\/fr\\\/actualite\\\/culture\\\/tunisie-un-cmr-consacree-a-la-valorisation-du-patrimoine-culturel-de-djerba\\\/217883\\\/#primaryimage\"},\"thumbnailUrl\":\"https:\\\/\\\/www.webdo.tn\\\/fr\\\/wp-content\\\/uploads\\\/2025\\\/05\\\/02dadb8c7b682dcb0e58d397853ae7ac-2.webp\",\"datePublished\":\"2024-11-26T20:03:00+00:00\",\"dateModified\":\"2025-05-21T09:01:46+00:00\",\"description\":\"Le gouvernement tunisien se r\u00e9unit pour suivre la mise en \u0153uvre des recommandations de l'UNESCO concernant le patrimoine culturel de Djerba, inscrit au patrimoi...\",\"breadcrumb\":{\"@id\":\"https:\\\/\\\/www.webdo.tn\\\/fr\\\/actualite\\\/culture\\\/tunisie-un-cmr-consacree-a-la-valorisation-du-patrimoine-culturel-de-djerba\\\/217883\\\/#breadcrumb\"},\"inLanguage\":\"fr-FR\",\"potentialAction\":[{\"@type\":\"ReadAction\",\"target\":[\"https:\\\/\\\/www.webdo.tn\\\/fr\\\/actualite\\\/culture\\\/tunisie-un-cmr-consacree-a-la-valorisation-du-patrimoine-culturel-de-djerba\\\/217883\\\/\"]}]},{\"@type\":\"ImageObject\",\"inLanguage\":\"fr-FR\",\"@id\":\"https:\\\/\\\/www.webdo.tn\\\/fr\\\/actualite\\\/culture\\\/tunisie-un-cmr-consacree-a-la-valorisation-du-patrimoine-culturel-de-djerba\\\/217883\\\/#primaryimage\",\"url\":\"https:\\\/\\\/www.webdo.tn\\\/fr\\\/wp-content\\\/uploads\\\/2025\\\/05\\\/02dadb8c7b682dcb0e58d397853ae7ac-2.webp\",\"contentUrl\":\"https:\\\/\\\/www.webdo.tn\\\/fr\\\/wp-content\\\/uploads\\\/2025\\\/05\\\/02dadb8c7b682dcb0e58d397853ae7ac-2.webp\",\"width\":750,\"height\":400},{\"@type\":\"BreadcrumbList\",\"@id\":\"https:\\\/\\\/www.webdo.tn\\\/fr\\\/actualite\\\/culture\\\/tunisie-un-cmr-consacree-a-la-valorisation-du-patrimoine-culturel-de-djerba\\\/217883\\\/#breadcrumb\",\"itemListElement\":[{\"@type\":\"ListItem\",\"position\":1,\"name\":\"Accueil\",\"item\":\"https:\\\/\\\/www.webdo.tn\\\/fr\\\/\"},{\"@type\":\"ListItem\",\"position\":2,\"name\":\"Tunisie : Un CMR consacr\u00e9 \u00e0 la valorisation du patrimoine culturel de Djerba\"}]},{\"@type\":\"WebSite\",\"@id\":\"https:\\\/\\\/www.webdo.tn\\\/fr\\\/#website\",\"url\":\"https:\\\/\\\/www.webdo.tn\\\/fr\\\/\",\"name\":\"webdo\",\"description\":\"Tunisie - News en Tunisie et \u00e0 l&#039;international sur Webdo.tn\",\"publisher\":{\"@id\":\"https:\\\/\\\/www.webdo.tn\\\/fr\\\/#organization\"},\"potentialAction\":[{\"@type\":\"SearchAction\",\"target\":{\"@type\":\"EntryPoint\",\"urlTemplate\":\"https:\\\/\\\/www.webdo.tn\\\/fr\\\/?s={search_term_string}\"},\"query-input\":{\"@type\":\"PropertyValueSpecification\",\"valueRequired\":true,\"valueName\":\"search_term_string\"}}],\"inLanguage\":\"fr-FR\"},{\"@type\":\"Organization\",\"@id\":\"https:\\\/\\\/www.webdo.tn\\\/fr\\\/#organization\",\"name\":\"Webdo\",\"alternateName\":\"Webdo.tn\",\"url\":\"https:\\\/\\\/www.webdo.tn\\\/fr\\\/\",\"logo\":{\"@type\":\"ImageObject\",\"inLanguage\":\"fr-FR\",\"@id\":\"https:\\\/\\\/www.webdo.tn\\\/fr\\\/#\\\/schema\\\/logo\\\/image\\\/\",\"url\":\"https:\\\/\\\/www.webdo.tn\\\/fr\\\/wp-content\\\/uploads\\\/2025\\\/06\\\/Webdo-Tunisie_168377.jpg\",\"contentUrl\":\"https:\\\/\\\/www.webdo.tn\\\/fr\\\/wp-content\\\/uploads\\\/2025\\\/06\\\/Webdo-Tunisie_168377.jpg\",\"width\":301,\"height\":301,\"caption\":\"Webdo\"},\"image\":{\"@id\":\"https:\\\/\\\/www.webdo.tn\\\/fr\\\/#\\\/schema\\\/logo\\\/image\\\/\"},\"sameAs\":[\"https:\\\/\\\/www.facebook.com\\\/webdotn\",\"https:\\\/\\\/x.com\\\/webdo_tn\"],\"description\":\"Webdo est un m\u00e9dia num\u00e9rique tunisien fond\u00e9 en 2010, sp\u00e9cialis\u00e9 dans l\u2019actualit\u00e9 nationale et internationale, l\u2019\u00e9conomie, la soci\u00e9t\u00e9 et les analyses politiques. Le site s\u2019adresse \u00e0 un large public francophone et couvre l\u2019information tunisienne en temps r\u00e9el.\",\"email\":\"redac@webdo.tn\",\"legalName\":\"YNJ SARL\",\"foundingDate\":\"2010-09-06\",\"numberOfEmployees\":{\"@type\":\"QuantitativeValue\",\"minValue\":\"11\",\"maxValue\":\"50\"}},{\"@type\":\"Person\",\"@id\":\"https:\\\/\\\/www.webdo.tn\\\/fr\\\/#\\\/schema\\\/person\\\/b8a41c04d93287d375510db360906b34\",\"name\":\"AZ\",\"image\":{\"@type\":\"ImageObject\",\"inLanguage\":\"fr-FR\",\"@id\":\"https:\\\/\\\/secure.gravatar.com\\\/avatar\\\/492b80bada79439de4201dce15cd41eece6c277cfdf1b53382073c79105c1f89?s=96&d=mm&r=g\",\"url\":\"https:\\\/\\\/secure.gravatar.com\\\/avatar\\\/492b80bada79439de4201dce15cd41eece6c277cfdf1b53382073c79105c1f89?s=96&d=mm&r=g\",\"contentUrl\":\"https:\\\/\\\/secure.gravatar.com\\\/avatar\\\/492b80bada79439de4201dce15cd41eece6c277cfdf1b53382073c79105c1f89?s=96&d=mm&r=g\",\"caption\":\"AZ\"},\"url\":\"https:\\\/\\\/www.webdo.tn\\\/fr\\\/actualite\\\/author\\\/az\\\/\"}]}<\/script>\n<!-- \/ Yoast SEO Premium plugin. -->","yoast_head_json":{"title":"Tunisie : Un CMR consacr\u00e9 \u00e0 la valorisation du patrimoine culturel de Djerba","description":"Le gouvernement tunisien se r\u00e9unit pour suivre la mise en \u0153uvre des recommandations de l'UNESCO concernant le patrimoine culturel de Djerba, inscrit au patrimoi...","canonical":"https:\/\/www.webdo.tn\/fr\/actualite\/culture\/tunisie-un-cmr-consacree-a-la-valorisation-du-patrimoine-culturel-de-djerba\/217883\/","og_locale":"fr_FR","og_type":"article","og_title":"Tunisie : Un CMR consacr\u00e9 \u00e0 la valorisation du patrimoine culturel de Djerba","og_description":"Le gouvernement tunisien se r\u00e9unit pour suivre la mise en \u0153uvre des recommandations de l'UNESCO concernant le patrimoine culturel de Djerba, inscrit au patrimoi...","og_url":"https:\/\/www.webdo.tn\/fr\/actualite\/culture\/tunisie-un-cmr-consacree-a-la-valorisation-du-patrimoine-culturel-de-djerba\/217883\/","og_site_name":"webdo","article_publisher":"https:\/\/www.facebook.com\/webdotn","article_published_time":"2024-11-26T20:03:00+00:00","article_modified_time":"2025-05-21T09:01:46+00:00","og_image":[{"width":750,"height":400,"url":"https:\/\/www.webdo.tn\/fr\/wp-content\/uploads\/2025\/05\/02dadb8c7b682dcb0e58d397853ae7ac-2.webp","type":"image\/webp"}],"author":"AZ","twitter_card":"summary_large_image","twitter_creator":"@webdo_tn","twitter_site":"@webdo_tn","twitter_misc":{"\u00c9crit par":"AZ","Dur\u00e9e de lecture estim\u00e9e":"2 minutes"},"schema":{"@context":"https:\/\/schema.org","@graph":[{"@type":"NewsArticle","@id":"https:\/\/www.webdo.tn\/fr\/actualite\/culture\/tunisie-un-cmr-consacree-a-la-valorisation-du-patrimoine-culturel-de-djerba\/217883\/#article","isPartOf":{"@id":"https:\/\/www.webdo.tn\/fr\/actualite\/culture\/tunisie-un-cmr-consacree-a-la-valorisation-du-patrimoine-culturel-de-djerba\/217883\/"},"author":{"name":"AZ","@id":"https:\/\/www.webdo.tn\/fr\/#\/schema\/person\/b8a41c04d93287d375510db360906b34"},"headline":"Tunisie : Un CMR consacr\u00e9 \u00e0 la valorisation du patrimoine culturel de Djerba","datePublished":"2024-11-26T20:03:00+00:00","dateModified":"2025-05-21T09:01:46+00:00","mainEntityOfPage":{"@id":"https:\/\/www.webdo.tn\/fr\/actualite\/culture\/tunisie-un-cmr-consacree-a-la-valorisation-du-patrimoine-culturel-de-djerba\/217883\/"},"wordCount":426,"commentCount":0,"publisher":{"@id":"https:\/\/www.webdo.tn\/fr\/#organization"},"image":{"@id":"https:\/\/www.webdo.tn\/fr\/actualite\/culture\/tunisie-un-cmr-consacree-a-la-valorisation-du-patrimoine-culturel-de-djerba\/217883\/#primaryimage"},"thumbnailUrl":"https:\/\/www.webdo.tn\/fr\/wp-content\/uploads\/2025\/05\/02dadb8c7b682dcb0e58d397853ae7ac-2.webp","keywords":["djerba","PatrimoineMondial","Tunisie","unesco"],"articleSection":["Culture"],"inLanguage":"fr-FR"},{"@type":"WebPage","@id":"https:\/\/www.webdo.tn\/fr\/actualite\/culture\/tunisie-un-cmr-consacree-a-la-valorisation-du-patrimoine-culturel-de-djerba\/217883\/","url":"https:\/\/www.webdo.tn\/fr\/actualite\/culture\/tunisie-un-cmr-consacree-a-la-valorisation-du-patrimoine-culturel-de-djerba\/217883\/","name":"Tunisie : Un CMR consacr\u00e9 \u00e0 la valorisation du patrimoine culturel de Djerba","isPartOf":{"@id":"https:\/\/www.webdo.tn\/fr\/#website"},"primaryImageOfPage":{"@id":"https:\/\/www.webdo.tn\/fr\/actualite\/culture\/tunisie-un-cmr-consacree-a-la-valorisation-du-patrimoine-culturel-de-djerba\/217883\/#primaryimage"},"image":{"@id":"https:\/\/www.webdo.tn\/fr\/actualite\/culture\/tunisie-un-cmr-consacree-a-la-valorisation-du-patrimoine-culturel-de-djerba\/217883\/#primaryimage"},"thumbnailUrl":"https:\/\/www.webdo.tn\/fr\/wp-content\/uploads\/2025\/05\/02dadb8c7b682dcb0e58d397853ae7ac-2.webp","datePublished":"2024-11-26T20:03:00+00:00","dateModified":"2025-05-21T09:01:46+00:00","description":"Le gouvernement tunisien se r\u00e9unit pour suivre la mise en \u0153uvre des recommandations de l'UNESCO concernant le patrimoine culturel de Djerba, inscrit au patrimoi...","breadcrumb":{"@id":"https:\/\/www.webdo.tn\/fr\/actualite\/culture\/tunisie-un-cmr-consacree-a-la-valorisation-du-patrimoine-culturel-de-djerba\/217883\/#breadcrumb"},"inLanguage":"fr-FR","potentialAction":[{"@type":"ReadAction","target":["https:\/\/www.webdo.tn\/fr\/actualite\/culture\/tunisie-un-cmr-consacree-a-la-valorisation-du-patrimoine-culturel-de-djerba\/217883\/"]}]},{"@type":"ImageObject","inLanguage":"fr-FR","@id":"https:\/\/www.webdo.tn\/fr\/actualite\/culture\/tunisie-un-cmr-consacree-a-la-valorisation-du-patrimoine-culturel-de-djerba\/217883\/#primaryimage","url":"https:\/\/www.webdo.tn\/fr\/wp-content\/uploads\/2025\/05\/02dadb8c7b682dcb0e58d397853ae7ac-2.webp","contentUrl":"https:\/\/www.webdo.tn\/fr\/wp-content\/uploads\/2025\/05\/02dadb8c7b682dcb0e58d397853ae7ac-2.webp","width":750,"height":400},{"@type":"BreadcrumbList","@id":"https:\/\/www.webdo.tn\/fr\/actualite\/culture\/tunisie-un-cmr-consacree-a-la-valorisation-du-patrimoine-culturel-de-djerba\/217883\/#breadcrumb","itemListElement":[{"@type":"ListItem","position":1,"name":"Accueil","item":"https:\/\/www.webdo.tn\/fr\/"},{"@type":"ListItem","position":2,"name":"Tunisie : Un CMR consacr\u00e9 \u00e0 la valorisation du patrimoine culturel de Djerba"}]},{"@type":"WebSite","@id":"https:\/\/www.webdo.tn\/fr\/#website","url":"https:\/\/www.webdo.tn\/fr\/","name":"webdo","description":"Tunisie - News en Tunisie et \u00e0 l&#039;international sur Webdo.tn","publisher":{"@id":"https:\/\/www.webdo.tn\/fr\/#organization"},"potentialAction":[{"@type":"SearchAction","target":{"@type":"EntryPoint","urlTemplate":"https:\/\/www.webdo.tn\/fr\/?s={search_term_string}"},"query-input":{"@type":"PropertyValueSpecification","valueRequired":true,"valueName":"search_term_string"}}],"inLanguage":"fr-FR"},{"@type":"Organization","@id":"https:\/\/www.webdo.tn\/fr\/#organization","name":"Webdo","alternateName":"Webdo.tn","url":"https:\/\/www.webdo.tn\/fr\/","logo":{"@type":"ImageObject","inLanguage":"fr-FR","@id":"https:\/\/www.webdo.tn\/fr\/#\/schema\/logo\/image\/","url":"https:\/\/www.webdo.tn\/fr\/wp-content\/uploads\/2025\/06\/Webdo-Tunisie_168377.jpg","contentUrl":"https:\/\/www.webdo.tn\/fr\/wp-content\/uploads\/2025\/06\/Webdo-Tunisie_168377.jpg","width":301,"height":301,"caption":"Webdo"},"image":{"@id":"https:\/\/www.webdo.tn\/fr\/#\/schema\/logo\/image\/"},"sameAs":["https:\/\/www.facebook.com\/webdotn","https:\/\/x.com\/webdo_tn"],"description":"Webdo est un m\u00e9dia num\u00e9rique tunisien fond\u00e9 en 2010, sp\u00e9cialis\u00e9 dans l\u2019actualit\u00e9 nationale et internationale, l\u2019\u00e9conomie, la soci\u00e9t\u00e9 et les analyses politiques. Le site s\u2019adresse \u00e0 un large public francophone et couvre l\u2019information tunisienne en temps r\u00e9el.","email":"redac@webdo.tn","legalName":"YNJ SARL","foundingDate":"2010-09-06","numberOfEmployees":{"@type":"QuantitativeValue","minValue":"11","maxValue":"50"}},{"@type":"Person","@id":"https:\/\/www.webdo.tn\/fr\/#\/schema\/person\/b8a41c04d93287d375510db360906b34","name":"AZ","image":{"@type":"ImageObject","inLanguage":"fr-FR","@id":"https:\/\/secure.gravatar.com\/avatar\/492b80bada79439de4201dce15cd41eece6c277cfdf1b53382073c79105c1f89?s=96&d=mm&r=g","url":"https:\/\/secure.gravatar.com\/avatar\/492b80bada79439de4201dce15cd41eece6c277cfdf1b53382073c79105c1f89?s=96&d=mm&r=g","contentUrl":"https:\/\/secure.gravatar.com\/avatar\/492b80bada79439de4201dce15cd41eece6c277cfdf1b53382073c79105c1f89?s=96&d=mm&r=g","caption":"AZ"},"url":"https:\/\/www.webdo.tn\/fr\/actualite\/author\/az\/"}]}},"_links":{"self":[{"href":"https:\/\/www.webdo.tn\/fr\/wp-json\/wp\/v2\/posts\/217883","targetHints":{"allow":["GET"]}}],"collection":[{"href":"https:\/\/www.webdo.tn\/fr\/wp-json\/wp\/v2\/posts"}],"about":[{"href":"https:\/\/www.webdo.tn\/fr\/wp-json\/wp\/v2\/types\/post"}],"author":[{"embeddable":true,"href":"https:\/\/www.webdo.tn\/fr\/wp-json\/wp\/v2\/users\/3166"}],"replies":[{"embeddable":true,"href":"https:\/\/www.webdo.tn\/fr\/wp-json\/wp\/v2\/comments?post=217883"}],"version-history":[{"count":0,"href":"https:\/\/www.webdo.tn\/fr\/wp-json\/wp\/v2\/posts\/217883\/revisions"}],"wp:featuredmedia":[{"embeddable":true,"href":"https:\/\/www.webdo.tn\/fr\/wp-json\/wp\/v2\/media\/243832"}],"wp:attachment":[{"href":"https:\/\/www.webdo.tn\/fr\/wp-json\/wp\/v2\/media?parent=217883"}],"wp:term":[{"taxonomy":"category","embeddable":true,"href":"https:\/\/www.webdo.tn\/fr\/wp-json\/wp\/v2\/categories?post=217883"},{"taxonomy":"post_tag","embeddable":true,"href":"https:\/\/www.webdo.tn\/fr\/wp-json\/wp\/v2\/tags?post=217883"}],"curies":[{"name":"wp","href":"https:\/\/api.w.org\/{rel}","templated":true}]}}