{"id":217877,"date":"2024-11-26T16:06:00","date_gmt":"2024-11-26T16:06:00","guid":{"rendered":"https:\/\/www.webdo.tn\/fr\/blog\/2024\/11\/26\/tunisie-trois-etrangers-arretes-a-ghardimaou\/"},"modified":"2025-05-20T21:46:20","modified_gmt":"2025-05-20T21:46:20","slug":"tunisie-trois-etrangers-arretes-a-ghardimaou","status":"publish","type":"post","link":"https:\/\/www.webdo.tn\/fr\/actualite\/divers\/tunisie-trois-etrangers-arretes-a-ghardimaou\/217877\/","title":{"rendered":"Tunisie : Trois \u00e9trangers arr\u00eat\u00e9s \u00e0 Ghardimaou"},"content":{"rendered":"<p>Trois ressortissants \u00e9trangers sp\u00e9cialis\u00e9s dans la contrebande de voitures ont \u00e9t\u00e9 arr\u00eat\u00e9s \u00e0 Ghardimaou.<\/p>\n<p>\t\t\t\t\t\t\t\t\tLes unit\u00e9s de la Garde nationale dans la r\u00e9gion de Ghardimaou, gouvernorat de Jendouba, ont d\u00e9mantel\u00e9 un r\u00e9seau actif dans la contrebande de voitures. Trois ressortissants \u00e9trangers ont \u00e9t\u00e9 arr\u00eat\u00e9s, et un v\u00e9hicule de luxe immatricul\u00e9 \u00e0 l\u2019\u00e9tranger a \u00e9t\u00e9 saisi, selon un communiqu\u00e9 publi\u00e9 aujourd\u2019hui par la direction g\u00e9n\u00e9rale de la Garde nationale.<\/p>\n<p>Une enqu\u00eate a \u00e9t\u00e9 ouverte et les mesures l\u00e9gales n\u00e9cessaires \u00e0 l\u2019encontre des trois suspects arr\u00eat\u00e9s ont \u00e9t\u00e9 prises.<\/p>\n<p>Dans le m\u00eame contexte, la Garde nationale a appel\u00e9 \u00e0 renforcer la coop\u00e9ration citoyenne en signalant tout acte suspect via le num\u00e9ro d\u00e9di\u00e9 : 71860135.<\/p>\n","protected":false},"excerpt":{"rendered":"<p>Trois ressortissants \u00e9trangers sp\u00e9cialis\u00e9s dans la contrebande de voitures ont \u00e9t\u00e9 arr\u00eat\u00e9s \u00e0 Ghardimaou.<\/p>\n","protected":false},"author":3162,"featured_media":243822,"comment_status":"open","ping_status":"open","sticky":false,"template":"","format":"standard","meta":{"footnotes":""},"categories":[2839],"tags":[2770,2771,2768,2608,3386],"class_list":["post-217877","post","type-post","status-publish","format-standard","has-post-thumbnail","hentry","category-divers","tag-contrebande","tag-ghardimaou","tag-jendouba","tag-tunisie","tag-voitures"],"yoast_head":"<!-- This site is optimized with the Yoast SEO Premium plugin v27.5 (Yoast SEO v27.5) - https:\/\/yoast.com\/product\/yoast-seo-premium-wordpress\/ -->\n<title>Tunisie : Trois \u00e9trangers arr\u00eat\u00e9s \u00e0 Ghardimaou<\/title>\n<meta name=\"description\" content=\"Trois ressortissants \u00e9trangers sp\u00e9cialis\u00e9s dans la contrebande de voitures ont \u00e9t\u00e9 arr\u00eat\u00e9s \u00e0 Ghardimaou.\" \/>\n<link rel=\"canonical\" href=\"https:\/\/www.webdo.tn\/fr\/actualite\/divers\/tunisie-trois-etrangers-arretes-a-ghardimaou\/217877\/\" \/>\n<meta property=\"og:locale\" content=\"fr_FR\" \/>\n<meta property=\"og:type\" content=\"article\" \/>\n<meta property=\"og:title\" content=\"Tunisie : Trois \u00e9trangers arr\u00eat\u00e9s \u00e0 Ghardimaou\" \/>\n<meta property=\"og:description\" content=\"Trois ressortissants \u00e9trangers sp\u00e9cialis\u00e9s dans la contrebande de voitures ont \u00e9t\u00e9 arr\u00eat\u00e9s \u00e0 Ghardimaou.\" \/>\n<meta property=\"og:url\" content=\"https:\/\/www.webdo.tn\/fr\/actualite\/divers\/tunisie-trois-etrangers-arretes-a-ghardimaou\/217877\/\" \/>\n<meta property=\"og:site_name\" content=\"webdo\" \/>\n<meta property=\"article:publisher\" content=\"https:\/\/www.facebook.com\/webdotn\" \/>\n<meta property=\"article:published_time\" content=\"2024-11-26T16:06:00+00:00\" \/>\n<meta property=\"article:modified_time\" content=\"2025-05-20T21:46:20+00:00\" \/>\n<meta property=\"og:image\" content=\"https:\/\/www.webdo.tn\/fr\/wp-content\/uploads\/2025\/05\/545779e5c1c83fe91087e012df6ca0e7-2.webp\" \/>\n\t<meta property=\"og:image:width\" content=\"750\" \/>\n\t<meta property=\"og:image:height\" content=\"400\" \/>\n\t<meta property=\"og:image:type\" content=\"image\/webp\" \/>\n<meta name=\"author\" content=\"MC\" \/>\n<meta name=\"twitter:card\" content=\"summary_large_image\" \/>\n<meta name=\"twitter:creator\" content=\"@webdo_tn\" \/>\n<meta name=\"twitter:site\" content=\"@webdo_tn\" \/>\n<meta name=\"twitter:label1\" content=\"\u00c9crit par\" \/>\n\t<meta name=\"twitter:data1\" content=\"MC\" \/>\n\t<meta name=\"twitter:label2\" content=\"Dur\u00e9e de lecture estim\u00e9e\" \/>\n\t<meta name=\"twitter:data2\" content=\"1 minute\" \/>\n<script type=\"application\/ld+json\" class=\"yoast-schema-graph\">{\"@context\":\"https:\\\/\\\/schema.org\",\"@graph\":[{\"@type\":\"NewsArticle\",\"@id\":\"https:\\\/\\\/www.webdo.tn\\\/fr\\\/actualite\\\/divers\\\/tunisie-trois-etrangers-arretes-a-ghardimaou\\\/217877\\\/#article\",\"isPartOf\":{\"@id\":\"https:\\\/\\\/www.webdo.tn\\\/fr\\\/actualite\\\/divers\\\/tunisie-trois-etrangers-arretes-a-ghardimaou\\\/217877\\\/\"},\"author\":{\"name\":\"MC\",\"@id\":\"https:\\\/\\\/www.webdo.tn\\\/fr\\\/#\\\/schema\\\/person\\\/2c4929cbf5a809e3bd38617c6ce150f6\"},\"headline\":\"Tunisie : Trois \u00e9trangers arr\u00eat\u00e9s \u00e0 Ghardimaou\",\"datePublished\":\"2024-11-26T16:06:00+00:00\",\"dateModified\":\"2025-05-20T21:46:20+00:00\",\"mainEntityOfPage\":{\"@id\":\"https:\\\/\\\/www.webdo.tn\\\/fr\\\/actualite\\\/divers\\\/tunisie-trois-etrangers-arretes-a-ghardimaou\\\/217877\\\/\"},\"wordCount\":138,\"commentCount\":0,\"publisher\":{\"@id\":\"https:\\\/\\\/www.webdo.tn\\\/fr\\\/#organization\"},\"image\":{\"@id\":\"https:\\\/\\\/www.webdo.tn\\\/fr\\\/actualite\\\/divers\\\/tunisie-trois-etrangers-arretes-a-ghardimaou\\\/217877\\\/#primaryimage\"},\"thumbnailUrl\":\"https:\\\/\\\/www.webdo.tn\\\/fr\\\/wp-content\\\/uploads\\\/2025\\\/05\\\/545779e5c1c83fe91087e012df6ca0e7-2.webp\",\"keywords\":[\"contrebande\",\"ghardimaou\",\"jendouba\",\"Tunisie\",\"voitures\"],\"articleSection\":[\"Divers\"],\"inLanguage\":\"fr-FR\"},{\"@type\":\"WebPage\",\"@id\":\"https:\\\/\\\/www.webdo.tn\\\/fr\\\/actualite\\\/divers\\\/tunisie-trois-etrangers-arretes-a-ghardimaou\\\/217877\\\/\",\"url\":\"https:\\\/\\\/www.webdo.tn\\\/fr\\\/actualite\\\/divers\\\/tunisie-trois-etrangers-arretes-a-ghardimaou\\\/217877\\\/\",\"name\":\"Tunisie : Trois \u00e9trangers arr\u00eat\u00e9s \u00e0 Ghardimaou\",\"isPartOf\":{\"@id\":\"https:\\\/\\\/www.webdo.tn\\\/fr\\\/#website\"},\"primaryImageOfPage\":{\"@id\":\"https:\\\/\\\/www.webdo.tn\\\/fr\\\/actualite\\\/divers\\\/tunisie-trois-etrangers-arretes-a-ghardimaou\\\/217877\\\/#primaryimage\"},\"image\":{\"@id\":\"https:\\\/\\\/www.webdo.tn\\\/fr\\\/actualite\\\/divers\\\/tunisie-trois-etrangers-arretes-a-ghardimaou\\\/217877\\\/#primaryimage\"},\"thumbnailUrl\":\"https:\\\/\\\/www.webdo.tn\\\/fr\\\/wp-content\\\/uploads\\\/2025\\\/05\\\/545779e5c1c83fe91087e012df6ca0e7-2.webp\",\"datePublished\":\"2024-11-26T16:06:00+00:00\",\"dateModified\":\"2025-05-20T21:46:20+00:00\",\"description\":\"Trois ressortissants \u00e9trangers sp\u00e9cialis\u00e9s dans la contrebande de voitures ont \u00e9t\u00e9 arr\u00eat\u00e9s \u00e0 Ghardimaou.\",\"breadcrumb\":{\"@id\":\"https:\\\/\\\/www.webdo.tn\\\/fr\\\/actualite\\\/divers\\\/tunisie-trois-etrangers-arretes-a-ghardimaou\\\/217877\\\/#breadcrumb\"},\"inLanguage\":\"fr-FR\",\"potentialAction\":[{\"@type\":\"ReadAction\",\"target\":[\"https:\\\/\\\/www.webdo.tn\\\/fr\\\/actualite\\\/divers\\\/tunisie-trois-etrangers-arretes-a-ghardimaou\\\/217877\\\/\"]}]},{\"@type\":\"ImageObject\",\"inLanguage\":\"fr-FR\",\"@id\":\"https:\\\/\\\/www.webdo.tn\\\/fr\\\/actualite\\\/divers\\\/tunisie-trois-etrangers-arretes-a-ghardimaou\\\/217877\\\/#primaryimage\",\"url\":\"https:\\\/\\\/www.webdo.tn\\\/fr\\\/wp-content\\\/uploads\\\/2025\\\/05\\\/545779e5c1c83fe91087e012df6ca0e7-2.webp\",\"contentUrl\":\"https:\\\/\\\/www.webdo.tn\\\/fr\\\/wp-content\\\/uploads\\\/2025\\\/05\\\/545779e5c1c83fe91087e012df6ca0e7-2.webp\",\"width\":750,\"height\":400},{\"@type\":\"BreadcrumbList\",\"@id\":\"https:\\\/\\\/www.webdo.tn\\\/fr\\\/actualite\\\/divers\\\/tunisie-trois-etrangers-arretes-a-ghardimaou\\\/217877\\\/#breadcrumb\",\"itemListElement\":[{\"@type\":\"ListItem\",\"position\":1,\"name\":\"Accueil\",\"item\":\"https:\\\/\\\/www.webdo.tn\\\/fr\\\/\"},{\"@type\":\"ListItem\",\"position\":2,\"name\":\"Tunisie : Trois \u00e9trangers arr\u00eat\u00e9s \u00e0 Ghardimaou\"}]},{\"@type\":\"WebSite\",\"@id\":\"https:\\\/\\\/www.webdo.tn\\\/fr\\\/#website\",\"url\":\"https:\\\/\\\/www.webdo.tn\\\/fr\\\/\",\"name\":\"webdo\",\"description\":\"Tunisie - News en Tunisie et \u00e0 l&#039;international sur Webdo.tn\",\"publisher\":{\"@id\":\"https:\\\/\\\/www.webdo.tn\\\/fr\\\/#organization\"},\"potentialAction\":[{\"@type\":\"SearchAction\",\"target\":{\"@type\":\"EntryPoint\",\"urlTemplate\":\"https:\\\/\\\/www.webdo.tn\\\/fr\\\/?s={search_term_string}\"},\"query-input\":{\"@type\":\"PropertyValueSpecification\",\"valueRequired\":true,\"valueName\":\"search_term_string\"}}],\"inLanguage\":\"fr-FR\"},{\"@type\":\"Organization\",\"@id\":\"https:\\\/\\\/www.webdo.tn\\\/fr\\\/#organization\",\"name\":\"Webdo\",\"alternateName\":\"Webdo.tn\",\"url\":\"https:\\\/\\\/www.webdo.tn\\\/fr\\\/\",\"logo\":{\"@type\":\"ImageObject\",\"inLanguage\":\"fr-FR\",\"@id\":\"https:\\\/\\\/www.webdo.tn\\\/fr\\\/#\\\/schema\\\/logo\\\/image\\\/\",\"url\":\"https:\\\/\\\/www.webdo.tn\\\/fr\\\/wp-content\\\/uploads\\\/2025\\\/06\\\/Webdo-Tunisie_168377.jpg\",\"contentUrl\":\"https:\\\/\\\/www.webdo.tn\\\/fr\\\/wp-content\\\/uploads\\\/2025\\\/06\\\/Webdo-Tunisie_168377.jpg\",\"width\":301,\"height\":301,\"caption\":\"Webdo\"},\"image\":{\"@id\":\"https:\\\/\\\/www.webdo.tn\\\/fr\\\/#\\\/schema\\\/logo\\\/image\\\/\"},\"sameAs\":[\"https:\\\/\\\/www.facebook.com\\\/webdotn\",\"https:\\\/\\\/x.com\\\/webdo_tn\"],\"description\":\"Webdo est un m\u00e9dia num\u00e9rique tunisien fond\u00e9 en 2010, sp\u00e9cialis\u00e9 dans l\u2019actualit\u00e9 nationale et internationale, l\u2019\u00e9conomie, la soci\u00e9t\u00e9 et les analyses politiques. Le site s\u2019adresse \u00e0 un large public francophone et couvre l\u2019information tunisienne en temps r\u00e9el.\",\"email\":\"redac@webdo.tn\",\"legalName\":\"YNJ SARL\",\"foundingDate\":\"2010-09-06\",\"numberOfEmployees\":{\"@type\":\"QuantitativeValue\",\"minValue\":\"11\",\"maxValue\":\"50\"}},{\"@type\":\"Person\",\"@id\":\"https:\\\/\\\/www.webdo.tn\\\/fr\\\/#\\\/schema\\\/person\\\/2c4929cbf5a809e3bd38617c6ce150f6\",\"name\":\"MC\",\"image\":{\"@type\":\"ImageObject\",\"inLanguage\":\"fr-FR\",\"@id\":\"https:\\\/\\\/secure.gravatar.com\\\/avatar\\\/a545bbb6f84efdd5553dbbc2895e3ca8f1d12c5215e00a041c9670b54aa9b18a?s=96&d=mm&r=g\",\"url\":\"https:\\\/\\\/secure.gravatar.com\\\/avatar\\\/a545bbb6f84efdd5553dbbc2895e3ca8f1d12c5215e00a041c9670b54aa9b18a?s=96&d=mm&r=g\",\"contentUrl\":\"https:\\\/\\\/secure.gravatar.com\\\/avatar\\\/a545bbb6f84efdd5553dbbc2895e3ca8f1d12c5215e00a041c9670b54aa9b18a?s=96&d=mm&r=g\",\"caption\":\"MC\"},\"url\":\"https:\\\/\\\/www.webdo.tn\\\/fr\\\/actualite\\\/author\\\/mc\\\/\"}]}<\/script>\n<!-- \/ Yoast SEO Premium plugin. -->","yoast_head_json":{"title":"Tunisie : Trois \u00e9trangers arr\u00eat\u00e9s \u00e0 Ghardimaou","description":"Trois ressortissants \u00e9trangers sp\u00e9cialis\u00e9s dans la contrebande de voitures ont \u00e9t\u00e9 arr\u00eat\u00e9s \u00e0 Ghardimaou.","canonical":"https:\/\/www.webdo.tn\/fr\/actualite\/divers\/tunisie-trois-etrangers-arretes-a-ghardimaou\/217877\/","og_locale":"fr_FR","og_type":"article","og_title":"Tunisie : Trois \u00e9trangers arr\u00eat\u00e9s \u00e0 Ghardimaou","og_description":"Trois ressortissants \u00e9trangers sp\u00e9cialis\u00e9s dans la contrebande de voitures ont \u00e9t\u00e9 arr\u00eat\u00e9s \u00e0 Ghardimaou.","og_url":"https:\/\/www.webdo.tn\/fr\/actualite\/divers\/tunisie-trois-etrangers-arretes-a-ghardimaou\/217877\/","og_site_name":"webdo","article_publisher":"https:\/\/www.facebook.com\/webdotn","article_published_time":"2024-11-26T16:06:00+00:00","article_modified_time":"2025-05-20T21:46:20+00:00","og_image":[{"width":750,"height":400,"url":"https:\/\/www.webdo.tn\/fr\/wp-content\/uploads\/2025\/05\/545779e5c1c83fe91087e012df6ca0e7-2.webp","type":"image\/webp"}],"author":"MC","twitter_card":"summary_large_image","twitter_creator":"@webdo_tn","twitter_site":"@webdo_tn","twitter_misc":{"\u00c9crit par":"MC","Dur\u00e9e de lecture estim\u00e9e":"1 minute"},"schema":{"@context":"https:\/\/schema.org","@graph":[{"@type":"NewsArticle","@id":"https:\/\/www.webdo.tn\/fr\/actualite\/divers\/tunisie-trois-etrangers-arretes-a-ghardimaou\/217877\/#article","isPartOf":{"@id":"https:\/\/www.webdo.tn\/fr\/actualite\/divers\/tunisie-trois-etrangers-arretes-a-ghardimaou\/217877\/"},"author":{"name":"MC","@id":"https:\/\/www.webdo.tn\/fr\/#\/schema\/person\/2c4929cbf5a809e3bd38617c6ce150f6"},"headline":"Tunisie : Trois \u00e9trangers arr\u00eat\u00e9s \u00e0 Ghardimaou","datePublished":"2024-11-26T16:06:00+00:00","dateModified":"2025-05-20T21:46:20+00:00","mainEntityOfPage":{"@id":"https:\/\/www.webdo.tn\/fr\/actualite\/divers\/tunisie-trois-etrangers-arretes-a-ghardimaou\/217877\/"},"wordCount":138,"commentCount":0,"publisher":{"@id":"https:\/\/www.webdo.tn\/fr\/#organization"},"image":{"@id":"https:\/\/www.webdo.tn\/fr\/actualite\/divers\/tunisie-trois-etrangers-arretes-a-ghardimaou\/217877\/#primaryimage"},"thumbnailUrl":"https:\/\/www.webdo.tn\/fr\/wp-content\/uploads\/2025\/05\/545779e5c1c83fe91087e012df6ca0e7-2.webp","keywords":["contrebande","ghardimaou","jendouba","Tunisie","voitures"],"articleSection":["Divers"],"inLanguage":"fr-FR"},{"@type":"WebPage","@id":"https:\/\/www.webdo.tn\/fr\/actualite\/divers\/tunisie-trois-etrangers-arretes-a-ghardimaou\/217877\/","url":"https:\/\/www.webdo.tn\/fr\/actualite\/divers\/tunisie-trois-etrangers-arretes-a-ghardimaou\/217877\/","name":"Tunisie : Trois \u00e9trangers arr\u00eat\u00e9s \u00e0 Ghardimaou","isPartOf":{"@id":"https:\/\/www.webdo.tn\/fr\/#website"},"primaryImageOfPage":{"@id":"https:\/\/www.webdo.tn\/fr\/actualite\/divers\/tunisie-trois-etrangers-arretes-a-ghardimaou\/217877\/#primaryimage"},"image":{"@id":"https:\/\/www.webdo.tn\/fr\/actualite\/divers\/tunisie-trois-etrangers-arretes-a-ghardimaou\/217877\/#primaryimage"},"thumbnailUrl":"https:\/\/www.webdo.tn\/fr\/wp-content\/uploads\/2025\/05\/545779e5c1c83fe91087e012df6ca0e7-2.webp","datePublished":"2024-11-26T16:06:00+00:00","dateModified":"2025-05-20T21:46:20+00:00","description":"Trois ressortissants \u00e9trangers sp\u00e9cialis\u00e9s dans la contrebande de voitures ont \u00e9t\u00e9 arr\u00eat\u00e9s \u00e0 Ghardimaou.","breadcrumb":{"@id":"https:\/\/www.webdo.tn\/fr\/actualite\/divers\/tunisie-trois-etrangers-arretes-a-ghardimaou\/217877\/#breadcrumb"},"inLanguage":"fr-FR","potentialAction":[{"@type":"ReadAction","target":["https:\/\/www.webdo.tn\/fr\/actualite\/divers\/tunisie-trois-etrangers-arretes-a-ghardimaou\/217877\/"]}]},{"@type":"ImageObject","inLanguage":"fr-FR","@id":"https:\/\/www.webdo.tn\/fr\/actualite\/divers\/tunisie-trois-etrangers-arretes-a-ghardimaou\/217877\/#primaryimage","url":"https:\/\/www.webdo.tn\/fr\/wp-content\/uploads\/2025\/05\/545779e5c1c83fe91087e012df6ca0e7-2.webp","contentUrl":"https:\/\/www.webdo.tn\/fr\/wp-content\/uploads\/2025\/05\/545779e5c1c83fe91087e012df6ca0e7-2.webp","width":750,"height":400},{"@type":"BreadcrumbList","@id":"https:\/\/www.webdo.tn\/fr\/actualite\/divers\/tunisie-trois-etrangers-arretes-a-ghardimaou\/217877\/#breadcrumb","itemListElement":[{"@type":"ListItem","position":1,"name":"Accueil","item":"https:\/\/www.webdo.tn\/fr\/"},{"@type":"ListItem","position":2,"name":"Tunisie : Trois \u00e9trangers arr\u00eat\u00e9s \u00e0 Ghardimaou"}]},{"@type":"WebSite","@id":"https:\/\/www.webdo.tn\/fr\/#website","url":"https:\/\/www.webdo.tn\/fr\/","name":"webdo","description":"Tunisie - News en Tunisie et \u00e0 l&#039;international sur Webdo.tn","publisher":{"@id":"https:\/\/www.webdo.tn\/fr\/#organization"},"potentialAction":[{"@type":"SearchAction","target":{"@type":"EntryPoint","urlTemplate":"https:\/\/www.webdo.tn\/fr\/?s={search_term_string}"},"query-input":{"@type":"PropertyValueSpecification","valueRequired":true,"valueName":"search_term_string"}}],"inLanguage":"fr-FR"},{"@type":"Organization","@id":"https:\/\/www.webdo.tn\/fr\/#organization","name":"Webdo","alternateName":"Webdo.tn","url":"https:\/\/www.webdo.tn\/fr\/","logo":{"@type":"ImageObject","inLanguage":"fr-FR","@id":"https:\/\/www.webdo.tn\/fr\/#\/schema\/logo\/image\/","url":"https:\/\/www.webdo.tn\/fr\/wp-content\/uploads\/2025\/06\/Webdo-Tunisie_168377.jpg","contentUrl":"https:\/\/www.webdo.tn\/fr\/wp-content\/uploads\/2025\/06\/Webdo-Tunisie_168377.jpg","width":301,"height":301,"caption":"Webdo"},"image":{"@id":"https:\/\/www.webdo.tn\/fr\/#\/schema\/logo\/image\/"},"sameAs":["https:\/\/www.facebook.com\/webdotn","https:\/\/x.com\/webdo_tn"],"description":"Webdo est un m\u00e9dia num\u00e9rique tunisien fond\u00e9 en 2010, sp\u00e9cialis\u00e9 dans l\u2019actualit\u00e9 nationale et internationale, l\u2019\u00e9conomie, la soci\u00e9t\u00e9 et les analyses politiques. Le site s\u2019adresse \u00e0 un large public francophone et couvre l\u2019information tunisienne en temps r\u00e9el.","email":"redac@webdo.tn","legalName":"YNJ SARL","foundingDate":"2010-09-06","numberOfEmployees":{"@type":"QuantitativeValue","minValue":"11","maxValue":"50"}},{"@type":"Person","@id":"https:\/\/www.webdo.tn\/fr\/#\/schema\/person\/2c4929cbf5a809e3bd38617c6ce150f6","name":"MC","image":{"@type":"ImageObject","inLanguage":"fr-FR","@id":"https:\/\/secure.gravatar.com\/avatar\/a545bbb6f84efdd5553dbbc2895e3ca8f1d12c5215e00a041c9670b54aa9b18a?s=96&d=mm&r=g","url":"https:\/\/secure.gravatar.com\/avatar\/a545bbb6f84efdd5553dbbc2895e3ca8f1d12c5215e00a041c9670b54aa9b18a?s=96&d=mm&r=g","contentUrl":"https:\/\/secure.gravatar.com\/avatar\/a545bbb6f84efdd5553dbbc2895e3ca8f1d12c5215e00a041c9670b54aa9b18a?s=96&d=mm&r=g","caption":"MC"},"url":"https:\/\/www.webdo.tn\/fr\/actualite\/author\/mc\/"}]}},"_links":{"self":[{"href":"https:\/\/www.webdo.tn\/fr\/wp-json\/wp\/v2\/posts\/217877","targetHints":{"allow":["GET"]}}],"collection":[{"href":"https:\/\/www.webdo.tn\/fr\/wp-json\/wp\/v2\/posts"}],"about":[{"href":"https:\/\/www.webdo.tn\/fr\/wp-json\/wp\/v2\/types\/post"}],"author":[{"embeddable":true,"href":"https:\/\/www.webdo.tn\/fr\/wp-json\/wp\/v2\/users\/3162"}],"replies":[{"embeddable":true,"href":"https:\/\/www.webdo.tn\/fr\/wp-json\/wp\/v2\/comments?post=217877"}],"version-history":[{"count":0,"href":"https:\/\/www.webdo.tn\/fr\/wp-json\/wp\/v2\/posts\/217877\/revisions"}],"wp:featuredmedia":[{"embeddable":true,"href":"https:\/\/www.webdo.tn\/fr\/wp-json\/wp\/v2\/media\/243822"}],"wp:attachment":[{"href":"https:\/\/www.webdo.tn\/fr\/wp-json\/wp\/v2\/media?parent=217877"}],"wp:term":[{"taxonomy":"category","embeddable":true,"href":"https:\/\/www.webdo.tn\/fr\/wp-json\/wp\/v2\/categories?post=217877"},{"taxonomy":"post_tag","embeddable":true,"href":"https:\/\/www.webdo.tn\/fr\/wp-json\/wp\/v2\/tags?post=217877"}],"curies":[{"name":"wp","href":"https:\/\/api.w.org\/{rel}","templated":true}]}}