{"id":217862,"date":"2024-11-26T09:29:00","date_gmt":"2024-11-26T09:29:00","guid":{"rendered":"https:\/\/www.webdo.tn\/fr\/blog\/tunisie-une-delegation-de-la-berd-a-la-kasbah\/217862\/"},"modified":"2025-05-20T22:15:16","modified_gmt":"2025-05-20T22:15:16","slug":"tunisie-une-delegation-de-la-berd-a-la-kasbah","status":"publish","type":"post","link":"https:\/\/www.webdo.tn\/fr\/actualite\/national\/tunisie-une-delegation-de-la-berd-a-la-kasbah\/217862\/","title":{"rendered":"Tunisie : Une d\u00e9l\u00e9gation de la BERD \u00e0 la Kasbah"},"content":{"rendered":"<p>Une d\u00e9l\u00e9gation de la Banque europ\u00e9enne pour la reconstruction et le d\u00e9veloppement (BERD), conduite par son vice-pr\u00e9sident, Matteo Patrone, s\u2019est rendue hier soir au palais du gouvernement \u00e0 la Kasbah o\u00f9 une rencontre s\u2019est tenue avec le Chef du gouvernement, Kamel Maddouri.<\/p>\n<p>\t\t\t\t\t\t\t\t\tCette visite en Tunisie entre dans le cadre du soutien de la BERD aux efforts de l\u2019\u00c9tat tunisien dans le d\u00e9veloppement des secteurs de l\u2019\u00e9nergie et de la digitalisation, selon un communiqu\u00e9 de la Pr\u00e9sidence du gouvernement.<\/p>\n<p>A cette occasion, le Chef du gouvernement a pr\u00e9sent\u00e9 les bases de l&rsquo;approche pr\u00e9sidentielle en mati\u00e8re de r\u00e9formes n\u00e9cessaires pour renforcer l&rsquo;\u00c9tat social et revitaliser le service public, notamment dans les secteurs des transports, de la sant\u00e9 et de l&rsquo;\u00e9ducation.<\/p>\n<p>Il a soulign\u00e9 l&rsquo;importance d&rsquo;adopter des lois et des mesures visant \u00e0 stimuler les investissements, particuli\u00e8rement dans des domaines comme les \u00e9nergies renouvelables, les mines, l&rsquo;eau, la sant\u00e9, les infrastructures et les technologies modernes.<\/p>\n<p>Economie verte, innovation technologique et s\u00e9curit\u00e9 \u00e9nerg\u00e9tique<\/p>\n<p>Il a exprim\u00e9 sa satisfaction quant au niveau de coop\u00e9ration actuel avec la BERD, esp\u00e9rant qu&rsquo;elle se d\u00e9veloppe davantage et englobe de nouvelles opportunit\u00e9s prometteuses, comme l&rsquo;\u00e9conomie verte, l&rsquo;innovation technologique et la s\u00e9curit\u00e9 \u00e9nerg\u00e9tique. Il a \u00e9galement mis l&rsquo;accent sur une inclusion \u00e9conomique renforc\u00e9e des jeunes et des femmes, \u00e0 travers l&rsquo;encouragement \u00e0 l&rsquo;initiative priv\u00e9e et l&rsquo;extension de la protection sociale.<\/p>\n<p>De son c\u00f4t\u00e9, le vice-pr\u00e9sident de la BERD a salu\u00e9 le climat de confiance qui caract\u00e9rise la relation entre la banque et la Tunisie. Il a r\u00e9affirm\u00e9 l&rsquo;engagement de la BERD \u00e0 soutenir les projets nationaux, \u00e0 accompagner les petites et moyennes entreprises dans leurs investissements et \u00e0 financer des initiatives dans les secteurs strat\u00e9giques tels que le phosphate, la transition \u00e9nerg\u00e9tique, l&rsquo;eau, les transports ferroviaires et routiers, ainsi que les infrastructures.<\/p>\n<p>Projets d&rsquo;\u00e9nergies renouvelables<\/p>\n<p>La Tunisie et la Banque europ\u00e9enne pour la reconstruction et le d\u00e9veloppement (BERD) collaborent sur divers projets, principalement ax\u00e9s sur le d\u00e9veloppement durable, les \u00e9nergies renouvelables et le soutien au secteur priv\u00e9.<\/p>\n<p>La BERD finance la construction de deux centrales solaires photovolta\u00efques d&rsquo;une capacit\u00e9 totale de 120 MW dans les r\u00e9gions de Tozeur et Sidi Bouzid, avec un pr\u00eat de 25 millions d&rsquo;euros. Ces projets visent \u00e0 renforcer la transition \u00e9nerg\u00e9tique de la Tunisie et \u00e0 r\u00e9duire les \u00e9missions de CO2 de 108 000 tonnes par an.<\/p>\n<p>Un autre projet concerne une centrale solaire de 10 MW \u00e0 Feriana, financ\u00e9e \u00e0 hauteur de 3,9 millions d&rsquo;euros. Ce projet soutient l&rsquo;objectif de la Tunisie d&rsquo;atteindre 30% d&rsquo;\u00e9nergies renouvelables d&rsquo;ici 2030.<\/p>\n<p>Soutien au secteur priv\u00e9<\/p>\n<p>En 2023, la BERD a investi 213 millions d&rsquo;euros en Tunisie, dont 80% pour des initiatives du secteur priv\u00e9. Ces investissements incluent des projets inclusifs et visent \u00e0 am\u00e9liorer l&rsquo;\u00e9cosyst\u00e8me d&rsquo;investissement du pays. Une plateforme nationale d&rsquo;investissement a \u00e9galement \u00e9t\u00e9 lanc\u00e9e en partenariat avec la Tunisian Investment Authority.<\/p>\n<p>La BERD contribue au d\u00e9veloppement \u00e9conomique global en finan\u00e7ant divers projets d&rsquo;infrastructure et en soutenant des r\u00e9formes pour un environnement \u00e9conomique plus attractif et durable.<\/p>\n","protected":false},"excerpt":{"rendered":"<p>Une d\u00e9l\u00e9gation de la Banque europ\u00e9enne pour la reconstruction et le d\u00e9veloppement s\u2019est rendue au palais du gouvernement \u00e0 la Kasbah o\u00f9 une rencontre s\u2019est tenu&#8230;<\/p>\n","protected":false},"author":3162,"featured_media":291407,"comment_status":"open","ping_status":"closed","sticky":false,"template":"","format":"standard","meta":{"footnotes":""},"categories":[44],"tags":[10680,3856,4073,2608],"class_list":["post-217862","post","type-post","status-publish","format-standard","has-post-thumbnail","hentry","category-national","tag-banque-europeenne-pour-la-reconstruction-et-le-developpement","tag-berd","tag-kamel-maddouri","tag-tunisie"],"yoast_head":"<!-- This site is optimized with the Yoast SEO Premium plugin v27.4 (Yoast SEO v27.5) - https:\/\/yoast.com\/product\/yoast-seo-premium-wordpress\/ -->\n<title>Tunisie : Une d\u00e9l\u00e9gation de la BERD \u00e0 la Kasbah<\/title>\n<meta name=\"description\" content=\"Une d\u00e9l\u00e9gation de la Banque europ\u00e9enne pour la reconstruction et le d\u00e9veloppement s\u2019est rendue au palais du gouvernement \u00e0 la Kasbah o\u00f9 une rencontre s\u2019est tenu...\" \/>\n<link rel=\"canonical\" href=\"https:\/\/www.webdo.tn\/fr\/actualite\/national\/tunisie-une-delegation-de-la-berd-a-la-kasbah\/217862\/\" \/>\n<meta property=\"og:locale\" content=\"fr_FR\" \/>\n<meta property=\"og:type\" content=\"article\" \/>\n<meta property=\"og:title\" content=\"Tunisie : Une d\u00e9l\u00e9gation de la BERD \u00e0 la Kasbah\" \/>\n<meta property=\"og:description\" content=\"Une d\u00e9l\u00e9gation de la Banque europ\u00e9enne pour la reconstruction et le d\u00e9veloppement s\u2019est rendue au palais du gouvernement \u00e0 la Kasbah o\u00f9 une rencontre s\u2019est tenu...\" \/>\n<meta property=\"og:url\" content=\"https:\/\/www.webdo.tn\/fr\/actualite\/national\/tunisie-une-delegation-de-la-berd-a-la-kasbah\/217862\/\" \/>\n<meta property=\"og:site_name\" content=\"webdo\" \/>\n<meta property=\"article:publisher\" content=\"https:\/\/www.facebook.com\/webdotn\" \/>\n<meta property=\"article:published_time\" content=\"2024-11-26T09:29:00+00:00\" \/>\n<meta property=\"article:modified_time\" content=\"2025-05-20T22:15:16+00:00\" \/>\n<meta property=\"og:image\" content=\"https:\/\/www.webdo.tn\/fr\/wp-content\/uploads\/2024\/11\/0ddc38b0075efa3aac096b648e06dfab.webp\" \/>\n\t<meta property=\"og:image:width\" content=\"750\" \/>\n\t<meta property=\"og:image:height\" content=\"400\" \/>\n\t<meta property=\"og:image:type\" content=\"image\/webp\" \/>\n<meta name=\"author\" content=\"MC\" \/>\n<meta name=\"twitter:card\" content=\"summary_large_image\" \/>\n<meta name=\"twitter:creator\" content=\"@webdo_tn\" \/>\n<meta name=\"twitter:site\" content=\"@webdo_tn\" \/>\n<meta name=\"twitter:label1\" content=\"\u00c9crit par\" \/>\n\t<meta name=\"twitter:data1\" content=\"MC\" \/>\n\t<meta name=\"twitter:label2\" content=\"Dur\u00e9e de lecture estim\u00e9e\" \/>\n\t<meta name=\"twitter:data2\" content=\"3 minutes\" \/>\n<script type=\"application\/ld+json\" class=\"yoast-schema-graph\">{\"@context\":\"https:\\\/\\\/schema.org\",\"@graph\":[{\"@type\":\"NewsArticle\",\"@id\":\"https:\\\/\\\/www.webdo.tn\\\/fr\\\/actualite\\\/national\\\/tunisie-une-delegation-de-la-berd-a-la-kasbah\\\/217862\\\/#article\",\"isPartOf\":{\"@id\":\"https:\\\/\\\/www.webdo.tn\\\/fr\\\/actualite\\\/national\\\/tunisie-une-delegation-de-la-berd-a-la-kasbah\\\/217862\\\/\"},\"author\":{\"name\":\"MC\",\"@id\":\"https:\\\/\\\/www.webdo.tn\\\/fr\\\/#\\\/schema\\\/person\\\/2c4929cbf5a809e3bd38617c6ce150f6\"},\"headline\":\"Tunisie : Une d\u00e9l\u00e9gation de la BERD \u00e0 la Kasbah\",\"datePublished\":\"2024-11-26T09:29:00+00:00\",\"dateModified\":\"2025-05-20T22:15:16+00:00\",\"mainEntityOfPage\":{\"@id\":\"https:\\\/\\\/www.webdo.tn\\\/fr\\\/actualite\\\/national\\\/tunisie-une-delegation-de-la-berd-a-la-kasbah\\\/217862\\\/\"},\"wordCount\":556,\"commentCount\":0,\"publisher\":{\"@id\":\"https:\\\/\\\/www.webdo.tn\\\/fr\\\/#organization\"},\"image\":{\"@id\":\"https:\\\/\\\/www.webdo.tn\\\/fr\\\/actualite\\\/national\\\/tunisie-une-delegation-de-la-berd-a-la-kasbah\\\/217862\\\/#primaryimage\"},\"thumbnailUrl\":\"https:\\\/\\\/www.webdo.tn\\\/fr\\\/wp-content\\\/uploads\\\/2024\\\/11\\\/0ddc38b0075efa3aac096b648e06dfab.webp\",\"keywords\":[\"'Banque europ\u00e9enne pour la reconstruction et le d\u00e9veloppement']\",\"BERD\",\"Kamel Maddouri\",\"Tunisie\"],\"articleSection\":[\"National\"],\"inLanguage\":\"fr-FR\"},{\"@type\":\"WebPage\",\"@id\":\"https:\\\/\\\/www.webdo.tn\\\/fr\\\/actualite\\\/national\\\/tunisie-une-delegation-de-la-berd-a-la-kasbah\\\/217862\\\/\",\"url\":\"https:\\\/\\\/www.webdo.tn\\\/fr\\\/actualite\\\/national\\\/tunisie-une-delegation-de-la-berd-a-la-kasbah\\\/217862\\\/\",\"name\":\"Tunisie : Une d\u00e9l\u00e9gation de la BERD \u00e0 la Kasbah\",\"isPartOf\":{\"@id\":\"https:\\\/\\\/www.webdo.tn\\\/fr\\\/#website\"},\"primaryImageOfPage\":{\"@id\":\"https:\\\/\\\/www.webdo.tn\\\/fr\\\/actualite\\\/national\\\/tunisie-une-delegation-de-la-berd-a-la-kasbah\\\/217862\\\/#primaryimage\"},\"image\":{\"@id\":\"https:\\\/\\\/www.webdo.tn\\\/fr\\\/actualite\\\/national\\\/tunisie-une-delegation-de-la-berd-a-la-kasbah\\\/217862\\\/#primaryimage\"},\"thumbnailUrl\":\"https:\\\/\\\/www.webdo.tn\\\/fr\\\/wp-content\\\/uploads\\\/2024\\\/11\\\/0ddc38b0075efa3aac096b648e06dfab.webp\",\"datePublished\":\"2024-11-26T09:29:00+00:00\",\"dateModified\":\"2025-05-20T22:15:16+00:00\",\"description\":\"Une d\u00e9l\u00e9gation de la Banque europ\u00e9enne pour la reconstruction et le d\u00e9veloppement s\u2019est rendue au palais du gouvernement \u00e0 la Kasbah o\u00f9 une rencontre s\u2019est tenu...\",\"breadcrumb\":{\"@id\":\"https:\\\/\\\/www.webdo.tn\\\/fr\\\/actualite\\\/national\\\/tunisie-une-delegation-de-la-berd-a-la-kasbah\\\/217862\\\/#breadcrumb\"},\"inLanguage\":\"fr-FR\",\"potentialAction\":[{\"@type\":\"ReadAction\",\"target\":[\"https:\\\/\\\/www.webdo.tn\\\/fr\\\/actualite\\\/national\\\/tunisie-une-delegation-de-la-berd-a-la-kasbah\\\/217862\\\/\"]}]},{\"@type\":\"ImageObject\",\"inLanguage\":\"fr-FR\",\"@id\":\"https:\\\/\\\/www.webdo.tn\\\/fr\\\/actualite\\\/national\\\/tunisie-une-delegation-de-la-berd-a-la-kasbah\\\/217862\\\/#primaryimage\",\"url\":\"https:\\\/\\\/www.webdo.tn\\\/fr\\\/wp-content\\\/uploads\\\/2024\\\/11\\\/0ddc38b0075efa3aac096b648e06dfab.webp\",\"contentUrl\":\"https:\\\/\\\/www.webdo.tn\\\/fr\\\/wp-content\\\/uploads\\\/2024\\\/11\\\/0ddc38b0075efa3aac096b648e06dfab.webp\",\"width\":750,\"height\":400,\"caption\":\"Tunisie : Une d\u00e9l\u00e9gation de la BERD \u00e0 la Kasbah\"},{\"@type\":\"BreadcrumbList\",\"@id\":\"https:\\\/\\\/www.webdo.tn\\\/fr\\\/actualite\\\/national\\\/tunisie-une-delegation-de-la-berd-a-la-kasbah\\\/217862\\\/#breadcrumb\",\"itemListElement\":[{\"@type\":\"ListItem\",\"position\":1,\"name\":\"Accueil\",\"item\":\"https:\\\/\\\/www.webdo.tn\\\/fr\\\/\"},{\"@type\":\"ListItem\",\"position\":2,\"name\":\"Tunisie : Une d\u00e9l\u00e9gation de la BERD \u00e0 la Kasbah\"}]},{\"@type\":\"WebSite\",\"@id\":\"https:\\\/\\\/www.webdo.tn\\\/fr\\\/#website\",\"url\":\"https:\\\/\\\/www.webdo.tn\\\/fr\\\/\",\"name\":\"webdo\",\"description\":\"Tunisie - News en Tunisie et \u00e0 l&#039;international sur Webdo.tn\",\"publisher\":{\"@id\":\"https:\\\/\\\/www.webdo.tn\\\/fr\\\/#organization\"},\"potentialAction\":[{\"@type\":\"SearchAction\",\"target\":{\"@type\":\"EntryPoint\",\"urlTemplate\":\"https:\\\/\\\/www.webdo.tn\\\/fr\\\/?s={search_term_string}\"},\"query-input\":{\"@type\":\"PropertyValueSpecification\",\"valueRequired\":true,\"valueName\":\"search_term_string\"}}],\"inLanguage\":\"fr-FR\"},{\"@type\":\"Organization\",\"@id\":\"https:\\\/\\\/www.webdo.tn\\\/fr\\\/#organization\",\"name\":\"Webdo\",\"alternateName\":\"Webdo.tn\",\"url\":\"https:\\\/\\\/www.webdo.tn\\\/fr\\\/\",\"logo\":{\"@type\":\"ImageObject\",\"inLanguage\":\"fr-FR\",\"@id\":\"https:\\\/\\\/www.webdo.tn\\\/fr\\\/#\\\/schema\\\/logo\\\/image\\\/\",\"url\":\"https:\\\/\\\/www.webdo.tn\\\/fr\\\/wp-content\\\/uploads\\\/2025\\\/06\\\/Webdo-Tunisie_168377.jpg\",\"contentUrl\":\"https:\\\/\\\/www.webdo.tn\\\/fr\\\/wp-content\\\/uploads\\\/2025\\\/06\\\/Webdo-Tunisie_168377.jpg\",\"width\":301,\"height\":301,\"caption\":\"Webdo\"},\"image\":{\"@id\":\"https:\\\/\\\/www.webdo.tn\\\/fr\\\/#\\\/schema\\\/logo\\\/image\\\/\"},\"sameAs\":[\"https:\\\/\\\/www.facebook.com\\\/webdotn\",\"https:\\\/\\\/x.com\\\/webdo_tn\"],\"description\":\"Webdo est un m\u00e9dia num\u00e9rique tunisien fond\u00e9 en 2010, sp\u00e9cialis\u00e9 dans l\u2019actualit\u00e9 nationale et internationale, l\u2019\u00e9conomie, la soci\u00e9t\u00e9 et les analyses politiques. Le site s\u2019adresse \u00e0 un large public francophone et couvre l\u2019information tunisienne en temps r\u00e9el.\",\"email\":\"redac@webdo.tn\",\"legalName\":\"YNJ SARL\",\"foundingDate\":\"2010-09-06\",\"numberOfEmployees\":{\"@type\":\"QuantitativeValue\",\"minValue\":\"11\",\"maxValue\":\"50\"}},{\"@type\":\"Person\",\"@id\":\"https:\\\/\\\/www.webdo.tn\\\/fr\\\/#\\\/schema\\\/person\\\/2c4929cbf5a809e3bd38617c6ce150f6\",\"name\":\"MC\",\"image\":{\"@type\":\"ImageObject\",\"inLanguage\":\"fr-FR\",\"@id\":\"https:\\\/\\\/secure.gravatar.com\\\/avatar\\\/a545bbb6f84efdd5553dbbc2895e3ca8f1d12c5215e00a041c9670b54aa9b18a?s=96&d=mm&r=g\",\"url\":\"https:\\\/\\\/secure.gravatar.com\\\/avatar\\\/a545bbb6f84efdd5553dbbc2895e3ca8f1d12c5215e00a041c9670b54aa9b18a?s=96&d=mm&r=g\",\"contentUrl\":\"https:\\\/\\\/secure.gravatar.com\\\/avatar\\\/a545bbb6f84efdd5553dbbc2895e3ca8f1d12c5215e00a041c9670b54aa9b18a?s=96&d=mm&r=g\",\"caption\":\"MC\"},\"url\":\"https:\\\/\\\/www.webdo.tn\\\/fr\\\/actualite\\\/author\\\/mc\\\/\"}]}<\/script>\n<!-- \/ Yoast SEO Premium plugin. -->","yoast_head_json":{"title":"Tunisie : Une d\u00e9l\u00e9gation de la BERD \u00e0 la Kasbah","description":"Une d\u00e9l\u00e9gation de la Banque europ\u00e9enne pour la reconstruction et le d\u00e9veloppement s\u2019est rendue au palais du gouvernement \u00e0 la Kasbah o\u00f9 une rencontre s\u2019est tenu...","canonical":"https:\/\/www.webdo.tn\/fr\/actualite\/national\/tunisie-une-delegation-de-la-berd-a-la-kasbah\/217862\/","og_locale":"fr_FR","og_type":"article","og_title":"Tunisie : Une d\u00e9l\u00e9gation de la BERD \u00e0 la Kasbah","og_description":"Une d\u00e9l\u00e9gation de la Banque europ\u00e9enne pour la reconstruction et le d\u00e9veloppement s\u2019est rendue au palais du gouvernement \u00e0 la Kasbah o\u00f9 une rencontre s\u2019est tenu...","og_url":"https:\/\/www.webdo.tn\/fr\/actualite\/national\/tunisie-une-delegation-de-la-berd-a-la-kasbah\/217862\/","og_site_name":"webdo","article_publisher":"https:\/\/www.facebook.com\/webdotn","article_published_time":"2024-11-26T09:29:00+00:00","article_modified_time":"2025-05-20T22:15:16+00:00","og_image":[{"width":750,"height":400,"url":"https:\/\/www.webdo.tn\/fr\/wp-content\/uploads\/2024\/11\/0ddc38b0075efa3aac096b648e06dfab.webp","type":"image\/webp"}],"author":"MC","twitter_card":"summary_large_image","twitter_creator":"@webdo_tn","twitter_site":"@webdo_tn","twitter_misc":{"\u00c9crit par":"MC","Dur\u00e9e de lecture estim\u00e9e":"3 minutes"},"schema":{"@context":"https:\/\/schema.org","@graph":[{"@type":"NewsArticle","@id":"https:\/\/www.webdo.tn\/fr\/actualite\/national\/tunisie-une-delegation-de-la-berd-a-la-kasbah\/217862\/#article","isPartOf":{"@id":"https:\/\/www.webdo.tn\/fr\/actualite\/national\/tunisie-une-delegation-de-la-berd-a-la-kasbah\/217862\/"},"author":{"name":"MC","@id":"https:\/\/www.webdo.tn\/fr\/#\/schema\/person\/2c4929cbf5a809e3bd38617c6ce150f6"},"headline":"Tunisie : Une d\u00e9l\u00e9gation de la BERD \u00e0 la Kasbah","datePublished":"2024-11-26T09:29:00+00:00","dateModified":"2025-05-20T22:15:16+00:00","mainEntityOfPage":{"@id":"https:\/\/www.webdo.tn\/fr\/actualite\/national\/tunisie-une-delegation-de-la-berd-a-la-kasbah\/217862\/"},"wordCount":556,"commentCount":0,"publisher":{"@id":"https:\/\/www.webdo.tn\/fr\/#organization"},"image":{"@id":"https:\/\/www.webdo.tn\/fr\/actualite\/national\/tunisie-une-delegation-de-la-berd-a-la-kasbah\/217862\/#primaryimage"},"thumbnailUrl":"https:\/\/www.webdo.tn\/fr\/wp-content\/uploads\/2024\/11\/0ddc38b0075efa3aac096b648e06dfab.webp","keywords":["'Banque europ\u00e9enne pour la reconstruction et le d\u00e9veloppement']","BERD","Kamel Maddouri","Tunisie"],"articleSection":["National"],"inLanguage":"fr-FR"},{"@type":"WebPage","@id":"https:\/\/www.webdo.tn\/fr\/actualite\/national\/tunisie-une-delegation-de-la-berd-a-la-kasbah\/217862\/","url":"https:\/\/www.webdo.tn\/fr\/actualite\/national\/tunisie-une-delegation-de-la-berd-a-la-kasbah\/217862\/","name":"Tunisie : Une d\u00e9l\u00e9gation de la BERD \u00e0 la Kasbah","isPartOf":{"@id":"https:\/\/www.webdo.tn\/fr\/#website"},"primaryImageOfPage":{"@id":"https:\/\/www.webdo.tn\/fr\/actualite\/national\/tunisie-une-delegation-de-la-berd-a-la-kasbah\/217862\/#primaryimage"},"image":{"@id":"https:\/\/www.webdo.tn\/fr\/actualite\/national\/tunisie-une-delegation-de-la-berd-a-la-kasbah\/217862\/#primaryimage"},"thumbnailUrl":"https:\/\/www.webdo.tn\/fr\/wp-content\/uploads\/2024\/11\/0ddc38b0075efa3aac096b648e06dfab.webp","datePublished":"2024-11-26T09:29:00+00:00","dateModified":"2025-05-20T22:15:16+00:00","description":"Une d\u00e9l\u00e9gation de la Banque europ\u00e9enne pour la reconstruction et le d\u00e9veloppement s\u2019est rendue au palais du gouvernement \u00e0 la Kasbah o\u00f9 une rencontre s\u2019est tenu...","breadcrumb":{"@id":"https:\/\/www.webdo.tn\/fr\/actualite\/national\/tunisie-une-delegation-de-la-berd-a-la-kasbah\/217862\/#breadcrumb"},"inLanguage":"fr-FR","potentialAction":[{"@type":"ReadAction","target":["https:\/\/www.webdo.tn\/fr\/actualite\/national\/tunisie-une-delegation-de-la-berd-a-la-kasbah\/217862\/"]}]},{"@type":"ImageObject","inLanguage":"fr-FR","@id":"https:\/\/www.webdo.tn\/fr\/actualite\/national\/tunisie-une-delegation-de-la-berd-a-la-kasbah\/217862\/#primaryimage","url":"https:\/\/www.webdo.tn\/fr\/wp-content\/uploads\/2024\/11\/0ddc38b0075efa3aac096b648e06dfab.webp","contentUrl":"https:\/\/www.webdo.tn\/fr\/wp-content\/uploads\/2024\/11\/0ddc38b0075efa3aac096b648e06dfab.webp","width":750,"height":400,"caption":"Tunisie : Une d\u00e9l\u00e9gation de la BERD \u00e0 la Kasbah"},{"@type":"BreadcrumbList","@id":"https:\/\/www.webdo.tn\/fr\/actualite\/national\/tunisie-une-delegation-de-la-berd-a-la-kasbah\/217862\/#breadcrumb","itemListElement":[{"@type":"ListItem","position":1,"name":"Accueil","item":"https:\/\/www.webdo.tn\/fr\/"},{"@type":"ListItem","position":2,"name":"Tunisie : Une d\u00e9l\u00e9gation de la BERD \u00e0 la Kasbah"}]},{"@type":"WebSite","@id":"https:\/\/www.webdo.tn\/fr\/#website","url":"https:\/\/www.webdo.tn\/fr\/","name":"webdo","description":"Tunisie - News en Tunisie et \u00e0 l&#039;international sur Webdo.tn","publisher":{"@id":"https:\/\/www.webdo.tn\/fr\/#organization"},"potentialAction":[{"@type":"SearchAction","target":{"@type":"EntryPoint","urlTemplate":"https:\/\/www.webdo.tn\/fr\/?s={search_term_string}"},"query-input":{"@type":"PropertyValueSpecification","valueRequired":true,"valueName":"search_term_string"}}],"inLanguage":"fr-FR"},{"@type":"Organization","@id":"https:\/\/www.webdo.tn\/fr\/#organization","name":"Webdo","alternateName":"Webdo.tn","url":"https:\/\/www.webdo.tn\/fr\/","logo":{"@type":"ImageObject","inLanguage":"fr-FR","@id":"https:\/\/www.webdo.tn\/fr\/#\/schema\/logo\/image\/","url":"https:\/\/www.webdo.tn\/fr\/wp-content\/uploads\/2025\/06\/Webdo-Tunisie_168377.jpg","contentUrl":"https:\/\/www.webdo.tn\/fr\/wp-content\/uploads\/2025\/06\/Webdo-Tunisie_168377.jpg","width":301,"height":301,"caption":"Webdo"},"image":{"@id":"https:\/\/www.webdo.tn\/fr\/#\/schema\/logo\/image\/"},"sameAs":["https:\/\/www.facebook.com\/webdotn","https:\/\/x.com\/webdo_tn"],"description":"Webdo est un m\u00e9dia num\u00e9rique tunisien fond\u00e9 en 2010, sp\u00e9cialis\u00e9 dans l\u2019actualit\u00e9 nationale et internationale, l\u2019\u00e9conomie, la soci\u00e9t\u00e9 et les analyses politiques. Le site s\u2019adresse \u00e0 un large public francophone et couvre l\u2019information tunisienne en temps r\u00e9el.","email":"redac@webdo.tn","legalName":"YNJ SARL","foundingDate":"2010-09-06","numberOfEmployees":{"@type":"QuantitativeValue","minValue":"11","maxValue":"50"}},{"@type":"Person","@id":"https:\/\/www.webdo.tn\/fr\/#\/schema\/person\/2c4929cbf5a809e3bd38617c6ce150f6","name":"MC","image":{"@type":"ImageObject","inLanguage":"fr-FR","@id":"https:\/\/secure.gravatar.com\/avatar\/a545bbb6f84efdd5553dbbc2895e3ca8f1d12c5215e00a041c9670b54aa9b18a?s=96&d=mm&r=g","url":"https:\/\/secure.gravatar.com\/avatar\/a545bbb6f84efdd5553dbbc2895e3ca8f1d12c5215e00a041c9670b54aa9b18a?s=96&d=mm&r=g","contentUrl":"https:\/\/secure.gravatar.com\/avatar\/a545bbb6f84efdd5553dbbc2895e3ca8f1d12c5215e00a041c9670b54aa9b18a?s=96&d=mm&r=g","caption":"MC"},"url":"https:\/\/www.webdo.tn\/fr\/actualite\/author\/mc\/"}]}},"_links":{"self":[{"href":"https:\/\/www.webdo.tn\/fr\/wp-json\/wp\/v2\/posts\/217862","targetHints":{"allow":["GET"]}}],"collection":[{"href":"https:\/\/www.webdo.tn\/fr\/wp-json\/wp\/v2\/posts"}],"about":[{"href":"https:\/\/www.webdo.tn\/fr\/wp-json\/wp\/v2\/types\/post"}],"author":[{"embeddable":true,"href":"https:\/\/www.webdo.tn\/fr\/wp-json\/wp\/v2\/users\/3162"}],"replies":[{"embeddable":true,"href":"https:\/\/www.webdo.tn\/fr\/wp-json\/wp\/v2\/comments?post=217862"}],"version-history":[{"count":0,"href":"https:\/\/www.webdo.tn\/fr\/wp-json\/wp\/v2\/posts\/217862\/revisions"}],"wp:featuredmedia":[{"embeddable":true,"href":"https:\/\/www.webdo.tn\/fr\/wp-json\/wp\/v2\/media\/291407"}],"wp:attachment":[{"href":"https:\/\/www.webdo.tn\/fr\/wp-json\/wp\/v2\/media?parent=217862"}],"wp:term":[{"taxonomy":"category","embeddable":true,"href":"https:\/\/www.webdo.tn\/fr\/wp-json\/wp\/v2\/categories?post=217862"},{"taxonomy":"post_tag","embeddable":true,"href":"https:\/\/www.webdo.tn\/fr\/wp-json\/wp\/v2\/tags?post=217862"}],"curies":[{"name":"wp","href":"https:\/\/api.w.org\/{rel}","templated":true}]}}