{"id":217859,"date":"2024-11-26T07:25:00","date_gmt":"2024-11-26T07:25:00","guid":{"rendered":"https:\/\/www.webdo.tn\/fr\/blog\/tunisie-mesures-urgentes-au-profit-de-la-societe-de-transport-du-sahel\/217859\/"},"modified":"2025-05-20T22:21:54","modified_gmt":"2025-05-20T22:21:54","slug":"tunisie-mesures-urgentes-au-profit-de-la-societe-de-transport-du-sahel","status":"publish","type":"post","link":"https:\/\/www.webdo.tn\/fr\/actualite\/national\/tunisie-mesures-urgentes-au-profit-de-la-societe-de-transport-du-sahel\/217859\/","title":{"rendered":"Tunisie : Mesures urgentes au profit de la Soci\u00e9t\u00e9 de Transport du Sahel"},"content":{"rendered":"<p>La situation de la Soci\u00e9t\u00e9 de Transport du Sahel a \u00e9t\u00e9 au centre d&rsquo;une r\u00e9union de travail pr\u00e9sid\u00e9e ce lundi 25 novembre 2024 par le ministre des Transports, Rachid Amri.<\/p>\n<p>\t\t\t\t\t\t\t\t\tCette r\u00e9union a \u00e9t\u00e9 consacr\u00e9e \u00e0 la recherche de solutions urgentes pour am\u00e9liorer la disponibilit\u00e9 de la flotte et r\u00e9pondre aux besoins de transport dans la r\u00e9gion, qui englobe les gouvernorats de Mahdia, Sousse et Monastir.<\/p>\n<p>Il a donn\u00e9 des instructions pour accorder une priorit\u00e9 absolue au transport scolaire et pour restaurer le taux de disponibilit\u00e9 enregistr\u00e9 au cours de l&rsquo;ann\u00e9e scolaire 2023-2024, soit 68 %, d&rsquo;ici la mi-d\u00e9cembre 2024, en lieu et place des 55 % actuels.<\/p>\n<p>Le ministre a \u00e9galement ordonn\u00e9 l&rsquo;acc\u00e9l\u00e9ration de la r\u00e9paration et de la maintenance de 20 bus articul\u00e9s d\u00e9fectueux dans un d\u00e9lai maximal d&rsquo;un mois \u00e0 compter de ce jour, ainsi que le renforcement des \u00e9quipes de maintenance, notamment dans certaines sp\u00e9cialit\u00e9s manquantes, en collaboration avec plusieurs autres entreprises r\u00e9gionales.<\/p>\n<p>Il a \u00e9galement demand\u00e9 l&rsquo;acc\u00e9l\u00e9ration du lancement d&rsquo;un appel d&rsquo;offres pour l&rsquo;acquisition d&rsquo;un lot de 50 nouveaux bus parmi les 103 pr\u00e9vus.<\/p>\n<p>Enfin, le ministre a insist\u00e9 sur la n\u00e9cessit\u00e9 de d\u00e9velopper le syst\u00e8me d&rsquo;information pour garantir une intervention rapide en cas de besoin et d&rsquo;assurer une coordination totale avec la direction g\u00e9n\u00e9rale des Transports terrestres et les directions r\u00e9gionales des Transports des gouvernorats de Mahdia, Sousse et Monastir. Il a \u00e9galement soulign\u00e9 l&rsquo;importance de transmettre p\u00e9riodiquement toutes les donn\u00e9es techniques relatives \u00e0 la flotte, aux lignes et aux mouvements des passagers, tout en renfor\u00e7ant le suivi sur le terrain et les activit\u00e9s de contr\u00f4le.<\/p>\n<p>Selon un communiqu\u00e9 du minist\u00e8re des Transports, Rachid Amri a soulign\u00e9 que l&rsquo;\u00e9tat actuel de cette entreprise est le r\u00e9sultat d&rsquo;accumulations successives, d&rsquo;un manque de gouvernance et de l&rsquo;absence de modernisation des m\u00e9thodes de travail et de gestion, ce qui a eu un impact n\u00e9gatif sur son rendement, en particulier dans le domaine du transport scolaire.<\/p>\n<p>Le ministre a insist\u00e9 sur le fait que toute perturbation du service public, quelle qu&rsquo;en soit l&rsquo;origine, ferait l&rsquo;objet de mesures r\u00e9pressives strictes. Il a affirm\u00e9 que l&rsquo;\u00c9tat ne tol\u00e9rera en aucun cas les atteintes \u00e0 l&rsquo;int\u00e9r\u00eat des citoyens ou aux acquis des entreprises publiques.<\/p>\n","protected":false},"excerpt":{"rendered":"<p>Cette r\u00e9union a \u00e9t\u00e9 consacr\u00e9e \u00e0 la recherche de solutions urgentes pour am\u00e9liorer la disponibilit\u00e9 de la flotte et r\u00e9pondre aux besoins de transport dans la r\u00e9g&#8230;<\/p>\n","protected":false},"author":3163,"featured_media":291404,"comment_status":"open","ping_status":"closed","sticky":false,"template":"","format":"standard","meta":{"footnotes":""},"categories":[44],"tags":[10679,3110,2818,2608],"class_list":["post-217859","post","type-post","status-publish","format-standard","has-post-thumbnail","hentry","category-national","tag-sahel","tag-mesures","tag-transport","tag-tunisie"],"yoast_head":"<!-- This site is optimized with the Yoast SEO Premium plugin v27.4 (Yoast SEO v27.5) - https:\/\/yoast.com\/product\/yoast-seo-premium-wordpress\/ -->\n<title>Tunisie : Mesures urgentes au profit de la Soci\u00e9t\u00e9 de Transport du Sahel<\/title>\n<meta name=\"description\" content=\"Cette r\u00e9union a \u00e9t\u00e9 consacr\u00e9e \u00e0 la recherche de solutions urgentes pour am\u00e9liorer la disponibilit\u00e9 de la flotte et r\u00e9pondre aux besoins de transport dans la r\u00e9g...\" \/>\n<link rel=\"canonical\" href=\"https:\/\/www.webdo.tn\/fr\/actualite\/national\/tunisie-mesures-urgentes-au-profit-de-la-societe-de-transport-du-sahel\/217859\/\" \/>\n<meta property=\"og:locale\" content=\"fr_FR\" \/>\n<meta property=\"og:type\" content=\"article\" \/>\n<meta property=\"og:title\" content=\"Tunisie : Mesures urgentes au profit de la Soci\u00e9t\u00e9 de Transport du Sahel\" \/>\n<meta property=\"og:description\" content=\"Cette r\u00e9union a \u00e9t\u00e9 consacr\u00e9e \u00e0 la recherche de solutions urgentes pour am\u00e9liorer la disponibilit\u00e9 de la flotte et r\u00e9pondre aux besoins de transport dans la r\u00e9g...\" \/>\n<meta property=\"og:url\" content=\"https:\/\/www.webdo.tn\/fr\/actualite\/national\/tunisie-mesures-urgentes-au-profit-de-la-societe-de-transport-du-sahel\/217859\/\" \/>\n<meta property=\"og:site_name\" content=\"webdo\" \/>\n<meta property=\"article:publisher\" content=\"https:\/\/www.facebook.com\/webdotn\" \/>\n<meta property=\"article:published_time\" content=\"2024-11-26T07:25:00+00:00\" \/>\n<meta property=\"article:modified_time\" content=\"2025-05-20T22:21:54+00:00\" \/>\n<meta property=\"og:image\" content=\"https:\/\/www.webdo.tn\/fr\/wp-content\/uploads\/2024\/11\/7b35130f32962ca7ffa9a3aa209b0d5d.webp\" \/>\n\t<meta property=\"og:image:width\" content=\"750\" \/>\n\t<meta property=\"og:image:height\" content=\"400\" \/>\n\t<meta property=\"og:image:type\" content=\"image\/webp\" \/>\n<meta name=\"author\" content=\"KJ\" \/>\n<meta name=\"twitter:card\" content=\"summary_large_image\" \/>\n<meta name=\"twitter:creator\" content=\"@webdo_tn\" \/>\n<meta name=\"twitter:site\" content=\"@webdo_tn\" \/>\n<meta name=\"twitter:label1\" content=\"\u00c9crit par\" \/>\n\t<meta name=\"twitter:data1\" content=\"KJ\" \/>\n\t<meta name=\"twitter:label2\" content=\"Dur\u00e9e de lecture estim\u00e9e\" \/>\n\t<meta name=\"twitter:data2\" content=\"2 minutes\" \/>\n<script type=\"application\/ld+json\" class=\"yoast-schema-graph\">{\"@context\":\"https:\\\/\\\/schema.org\",\"@graph\":[{\"@type\":\"NewsArticle\",\"@id\":\"https:\\\/\\\/www.webdo.tn\\\/fr\\\/actualite\\\/national\\\/tunisie-mesures-urgentes-au-profit-de-la-societe-de-transport-du-sahel\\\/217859\\\/#article\",\"isPartOf\":{\"@id\":\"https:\\\/\\\/www.webdo.tn\\\/fr\\\/actualite\\\/national\\\/tunisie-mesures-urgentes-au-profit-de-la-societe-de-transport-du-sahel\\\/217859\\\/\"},\"author\":{\"name\":\"KJ\",\"@id\":\"https:\\\/\\\/www.webdo.tn\\\/fr\\\/#\\\/schema\\\/person\\\/82ca085b22037d285e1a3c4b65ba5f71\"},\"headline\":\"Tunisie : Mesures urgentes au profit de la Soci\u00e9t\u00e9 de Transport du Sahel\",\"datePublished\":\"2024-11-26T07:25:00+00:00\",\"dateModified\":\"2025-05-20T22:21:54+00:00\",\"mainEntityOfPage\":{\"@id\":\"https:\\\/\\\/www.webdo.tn\\\/fr\\\/actualite\\\/national\\\/tunisie-mesures-urgentes-au-profit-de-la-societe-de-transport-du-sahel\\\/217859\\\/\"},\"wordCount\":426,\"commentCount\":0,\"publisher\":{\"@id\":\"https:\\\/\\\/www.webdo.tn\\\/fr\\\/#organization\"},\"image\":{\"@id\":\"https:\\\/\\\/www.webdo.tn\\\/fr\\\/actualite\\\/national\\\/tunisie-mesures-urgentes-au-profit-de-la-societe-de-transport-du-sahel\\\/217859\\\/#primaryimage\"},\"thumbnailUrl\":\"https:\\\/\\\/www.webdo.tn\\\/fr\\\/wp-content\\\/uploads\\\/2024\\\/11\\\/7b35130f32962ca7ffa9a3aa209b0d5d.webp\",\"keywords\":[\"'Sahel']\",\"Mesures\",\"Transport\",\"Tunisie\"],\"articleSection\":[\"National\"],\"inLanguage\":\"fr-FR\"},{\"@type\":\"WebPage\",\"@id\":\"https:\\\/\\\/www.webdo.tn\\\/fr\\\/actualite\\\/national\\\/tunisie-mesures-urgentes-au-profit-de-la-societe-de-transport-du-sahel\\\/217859\\\/\",\"url\":\"https:\\\/\\\/www.webdo.tn\\\/fr\\\/actualite\\\/national\\\/tunisie-mesures-urgentes-au-profit-de-la-societe-de-transport-du-sahel\\\/217859\\\/\",\"name\":\"Tunisie : Mesures urgentes au profit de la Soci\u00e9t\u00e9 de Transport du Sahel\",\"isPartOf\":{\"@id\":\"https:\\\/\\\/www.webdo.tn\\\/fr\\\/#website\"},\"primaryImageOfPage\":{\"@id\":\"https:\\\/\\\/www.webdo.tn\\\/fr\\\/actualite\\\/national\\\/tunisie-mesures-urgentes-au-profit-de-la-societe-de-transport-du-sahel\\\/217859\\\/#primaryimage\"},\"image\":{\"@id\":\"https:\\\/\\\/www.webdo.tn\\\/fr\\\/actualite\\\/national\\\/tunisie-mesures-urgentes-au-profit-de-la-societe-de-transport-du-sahel\\\/217859\\\/#primaryimage\"},\"thumbnailUrl\":\"https:\\\/\\\/www.webdo.tn\\\/fr\\\/wp-content\\\/uploads\\\/2024\\\/11\\\/7b35130f32962ca7ffa9a3aa209b0d5d.webp\",\"datePublished\":\"2024-11-26T07:25:00+00:00\",\"dateModified\":\"2025-05-20T22:21:54+00:00\",\"description\":\"Cette r\u00e9union a \u00e9t\u00e9 consacr\u00e9e \u00e0 la recherche de solutions urgentes pour am\u00e9liorer la disponibilit\u00e9 de la flotte et r\u00e9pondre aux besoins de transport dans la r\u00e9g...\",\"breadcrumb\":{\"@id\":\"https:\\\/\\\/www.webdo.tn\\\/fr\\\/actualite\\\/national\\\/tunisie-mesures-urgentes-au-profit-de-la-societe-de-transport-du-sahel\\\/217859\\\/#breadcrumb\"},\"inLanguage\":\"fr-FR\",\"potentialAction\":[{\"@type\":\"ReadAction\",\"target\":[\"https:\\\/\\\/www.webdo.tn\\\/fr\\\/actualite\\\/national\\\/tunisie-mesures-urgentes-au-profit-de-la-societe-de-transport-du-sahel\\\/217859\\\/\"]}]},{\"@type\":\"ImageObject\",\"inLanguage\":\"fr-FR\",\"@id\":\"https:\\\/\\\/www.webdo.tn\\\/fr\\\/actualite\\\/national\\\/tunisie-mesures-urgentes-au-profit-de-la-societe-de-transport-du-sahel\\\/217859\\\/#primaryimage\",\"url\":\"https:\\\/\\\/www.webdo.tn\\\/fr\\\/wp-content\\\/uploads\\\/2024\\\/11\\\/7b35130f32962ca7ffa9a3aa209b0d5d.webp\",\"contentUrl\":\"https:\\\/\\\/www.webdo.tn\\\/fr\\\/wp-content\\\/uploads\\\/2024\\\/11\\\/7b35130f32962ca7ffa9a3aa209b0d5d.webp\",\"width\":750,\"height\":400,\"caption\":\"Tunisie : Mesures urgentes au profit de la Soci\u00e9t\u00e9 de Transport du Sahel\"},{\"@type\":\"BreadcrumbList\",\"@id\":\"https:\\\/\\\/www.webdo.tn\\\/fr\\\/actualite\\\/national\\\/tunisie-mesures-urgentes-au-profit-de-la-societe-de-transport-du-sahel\\\/217859\\\/#breadcrumb\",\"itemListElement\":[{\"@type\":\"ListItem\",\"position\":1,\"name\":\"Accueil\",\"item\":\"https:\\\/\\\/www.webdo.tn\\\/fr\\\/\"},{\"@type\":\"ListItem\",\"position\":2,\"name\":\"Tunisie : Mesures urgentes au profit de la Soci\u00e9t\u00e9 de Transport du Sahel\"}]},{\"@type\":\"WebSite\",\"@id\":\"https:\\\/\\\/www.webdo.tn\\\/fr\\\/#website\",\"url\":\"https:\\\/\\\/www.webdo.tn\\\/fr\\\/\",\"name\":\"webdo\",\"description\":\"Tunisie - News en Tunisie et \u00e0 l&#039;international sur Webdo.tn\",\"publisher\":{\"@id\":\"https:\\\/\\\/www.webdo.tn\\\/fr\\\/#organization\"},\"potentialAction\":[{\"@type\":\"SearchAction\",\"target\":{\"@type\":\"EntryPoint\",\"urlTemplate\":\"https:\\\/\\\/www.webdo.tn\\\/fr\\\/?s={search_term_string}\"},\"query-input\":{\"@type\":\"PropertyValueSpecification\",\"valueRequired\":true,\"valueName\":\"search_term_string\"}}],\"inLanguage\":\"fr-FR\"},{\"@type\":\"Organization\",\"@id\":\"https:\\\/\\\/www.webdo.tn\\\/fr\\\/#organization\",\"name\":\"Webdo\",\"alternateName\":\"Webdo.tn\",\"url\":\"https:\\\/\\\/www.webdo.tn\\\/fr\\\/\",\"logo\":{\"@type\":\"ImageObject\",\"inLanguage\":\"fr-FR\",\"@id\":\"https:\\\/\\\/www.webdo.tn\\\/fr\\\/#\\\/schema\\\/logo\\\/image\\\/\",\"url\":\"https:\\\/\\\/www.webdo.tn\\\/fr\\\/wp-content\\\/uploads\\\/2025\\\/06\\\/Webdo-Tunisie_168377.jpg\",\"contentUrl\":\"https:\\\/\\\/www.webdo.tn\\\/fr\\\/wp-content\\\/uploads\\\/2025\\\/06\\\/Webdo-Tunisie_168377.jpg\",\"width\":301,\"height\":301,\"caption\":\"Webdo\"},\"image\":{\"@id\":\"https:\\\/\\\/www.webdo.tn\\\/fr\\\/#\\\/schema\\\/logo\\\/image\\\/\"},\"sameAs\":[\"https:\\\/\\\/www.facebook.com\\\/webdotn\",\"https:\\\/\\\/x.com\\\/webdo_tn\"],\"description\":\"Webdo est un m\u00e9dia num\u00e9rique tunisien fond\u00e9 en 2010, sp\u00e9cialis\u00e9 dans l\u2019actualit\u00e9 nationale et internationale, l\u2019\u00e9conomie, la soci\u00e9t\u00e9 et les analyses politiques. Le site s\u2019adresse \u00e0 un large public francophone et couvre l\u2019information tunisienne en temps r\u00e9el.\",\"email\":\"redac@webdo.tn\",\"legalName\":\"YNJ SARL\",\"foundingDate\":\"2010-09-06\",\"numberOfEmployees\":{\"@type\":\"QuantitativeValue\",\"minValue\":\"11\",\"maxValue\":\"50\"}},{\"@type\":\"Person\",\"@id\":\"https:\\\/\\\/www.webdo.tn\\\/fr\\\/#\\\/schema\\\/person\\\/82ca085b22037d285e1a3c4b65ba5f71\",\"name\":\"KJ\",\"image\":{\"@type\":\"ImageObject\",\"inLanguage\":\"fr-FR\",\"@id\":\"https:\\\/\\\/secure.gravatar.com\\\/avatar\\\/1a1320de1c1971c893f00068f760b4113d69504aa21273da17ee95650c5944fd?s=96&d=mm&r=g\",\"url\":\"https:\\\/\\\/secure.gravatar.com\\\/avatar\\\/1a1320de1c1971c893f00068f760b4113d69504aa21273da17ee95650c5944fd?s=96&d=mm&r=g\",\"contentUrl\":\"https:\\\/\\\/secure.gravatar.com\\\/avatar\\\/1a1320de1c1971c893f00068f760b4113d69504aa21273da17ee95650c5944fd?s=96&d=mm&r=g\",\"caption\":\"KJ\"},\"url\":\"https:\\\/\\\/www.webdo.tn\\\/fr\\\/actualite\\\/author\\\/kj\\\/\"}]}<\/script>\n<!-- \/ Yoast SEO Premium plugin. -->","yoast_head_json":{"title":"Tunisie : Mesures urgentes au profit de la Soci\u00e9t\u00e9 de Transport du Sahel","description":"Cette r\u00e9union a \u00e9t\u00e9 consacr\u00e9e \u00e0 la recherche de solutions urgentes pour am\u00e9liorer la disponibilit\u00e9 de la flotte et r\u00e9pondre aux besoins de transport dans la r\u00e9g...","canonical":"https:\/\/www.webdo.tn\/fr\/actualite\/national\/tunisie-mesures-urgentes-au-profit-de-la-societe-de-transport-du-sahel\/217859\/","og_locale":"fr_FR","og_type":"article","og_title":"Tunisie : Mesures urgentes au profit de la Soci\u00e9t\u00e9 de Transport du Sahel","og_description":"Cette r\u00e9union a \u00e9t\u00e9 consacr\u00e9e \u00e0 la recherche de solutions urgentes pour am\u00e9liorer la disponibilit\u00e9 de la flotte et r\u00e9pondre aux besoins de transport dans la r\u00e9g...","og_url":"https:\/\/www.webdo.tn\/fr\/actualite\/national\/tunisie-mesures-urgentes-au-profit-de-la-societe-de-transport-du-sahel\/217859\/","og_site_name":"webdo","article_publisher":"https:\/\/www.facebook.com\/webdotn","article_published_time":"2024-11-26T07:25:00+00:00","article_modified_time":"2025-05-20T22:21:54+00:00","og_image":[{"width":750,"height":400,"url":"https:\/\/www.webdo.tn\/fr\/wp-content\/uploads\/2024\/11\/7b35130f32962ca7ffa9a3aa209b0d5d.webp","type":"image\/webp"}],"author":"KJ","twitter_card":"summary_large_image","twitter_creator":"@webdo_tn","twitter_site":"@webdo_tn","twitter_misc":{"\u00c9crit par":"KJ","Dur\u00e9e de lecture estim\u00e9e":"2 minutes"},"schema":{"@context":"https:\/\/schema.org","@graph":[{"@type":"NewsArticle","@id":"https:\/\/www.webdo.tn\/fr\/actualite\/national\/tunisie-mesures-urgentes-au-profit-de-la-societe-de-transport-du-sahel\/217859\/#article","isPartOf":{"@id":"https:\/\/www.webdo.tn\/fr\/actualite\/national\/tunisie-mesures-urgentes-au-profit-de-la-societe-de-transport-du-sahel\/217859\/"},"author":{"name":"KJ","@id":"https:\/\/www.webdo.tn\/fr\/#\/schema\/person\/82ca085b22037d285e1a3c4b65ba5f71"},"headline":"Tunisie : Mesures urgentes au profit de la Soci\u00e9t\u00e9 de Transport du Sahel","datePublished":"2024-11-26T07:25:00+00:00","dateModified":"2025-05-20T22:21:54+00:00","mainEntityOfPage":{"@id":"https:\/\/www.webdo.tn\/fr\/actualite\/national\/tunisie-mesures-urgentes-au-profit-de-la-societe-de-transport-du-sahel\/217859\/"},"wordCount":426,"commentCount":0,"publisher":{"@id":"https:\/\/www.webdo.tn\/fr\/#organization"},"image":{"@id":"https:\/\/www.webdo.tn\/fr\/actualite\/national\/tunisie-mesures-urgentes-au-profit-de-la-societe-de-transport-du-sahel\/217859\/#primaryimage"},"thumbnailUrl":"https:\/\/www.webdo.tn\/fr\/wp-content\/uploads\/2024\/11\/7b35130f32962ca7ffa9a3aa209b0d5d.webp","keywords":["'Sahel']","Mesures","Transport","Tunisie"],"articleSection":["National"],"inLanguage":"fr-FR"},{"@type":"WebPage","@id":"https:\/\/www.webdo.tn\/fr\/actualite\/national\/tunisie-mesures-urgentes-au-profit-de-la-societe-de-transport-du-sahel\/217859\/","url":"https:\/\/www.webdo.tn\/fr\/actualite\/national\/tunisie-mesures-urgentes-au-profit-de-la-societe-de-transport-du-sahel\/217859\/","name":"Tunisie : Mesures urgentes au profit de la Soci\u00e9t\u00e9 de Transport du Sahel","isPartOf":{"@id":"https:\/\/www.webdo.tn\/fr\/#website"},"primaryImageOfPage":{"@id":"https:\/\/www.webdo.tn\/fr\/actualite\/national\/tunisie-mesures-urgentes-au-profit-de-la-societe-de-transport-du-sahel\/217859\/#primaryimage"},"image":{"@id":"https:\/\/www.webdo.tn\/fr\/actualite\/national\/tunisie-mesures-urgentes-au-profit-de-la-societe-de-transport-du-sahel\/217859\/#primaryimage"},"thumbnailUrl":"https:\/\/www.webdo.tn\/fr\/wp-content\/uploads\/2024\/11\/7b35130f32962ca7ffa9a3aa209b0d5d.webp","datePublished":"2024-11-26T07:25:00+00:00","dateModified":"2025-05-20T22:21:54+00:00","description":"Cette r\u00e9union a \u00e9t\u00e9 consacr\u00e9e \u00e0 la recherche de solutions urgentes pour am\u00e9liorer la disponibilit\u00e9 de la flotte et r\u00e9pondre aux besoins de transport dans la r\u00e9g...","breadcrumb":{"@id":"https:\/\/www.webdo.tn\/fr\/actualite\/national\/tunisie-mesures-urgentes-au-profit-de-la-societe-de-transport-du-sahel\/217859\/#breadcrumb"},"inLanguage":"fr-FR","potentialAction":[{"@type":"ReadAction","target":["https:\/\/www.webdo.tn\/fr\/actualite\/national\/tunisie-mesures-urgentes-au-profit-de-la-societe-de-transport-du-sahel\/217859\/"]}]},{"@type":"ImageObject","inLanguage":"fr-FR","@id":"https:\/\/www.webdo.tn\/fr\/actualite\/national\/tunisie-mesures-urgentes-au-profit-de-la-societe-de-transport-du-sahel\/217859\/#primaryimage","url":"https:\/\/www.webdo.tn\/fr\/wp-content\/uploads\/2024\/11\/7b35130f32962ca7ffa9a3aa209b0d5d.webp","contentUrl":"https:\/\/www.webdo.tn\/fr\/wp-content\/uploads\/2024\/11\/7b35130f32962ca7ffa9a3aa209b0d5d.webp","width":750,"height":400,"caption":"Tunisie : Mesures urgentes au profit de la Soci\u00e9t\u00e9 de Transport du Sahel"},{"@type":"BreadcrumbList","@id":"https:\/\/www.webdo.tn\/fr\/actualite\/national\/tunisie-mesures-urgentes-au-profit-de-la-societe-de-transport-du-sahel\/217859\/#breadcrumb","itemListElement":[{"@type":"ListItem","position":1,"name":"Accueil","item":"https:\/\/www.webdo.tn\/fr\/"},{"@type":"ListItem","position":2,"name":"Tunisie : Mesures urgentes au profit de la Soci\u00e9t\u00e9 de Transport du Sahel"}]},{"@type":"WebSite","@id":"https:\/\/www.webdo.tn\/fr\/#website","url":"https:\/\/www.webdo.tn\/fr\/","name":"webdo","description":"Tunisie - News en Tunisie et \u00e0 l&#039;international sur Webdo.tn","publisher":{"@id":"https:\/\/www.webdo.tn\/fr\/#organization"},"potentialAction":[{"@type":"SearchAction","target":{"@type":"EntryPoint","urlTemplate":"https:\/\/www.webdo.tn\/fr\/?s={search_term_string}"},"query-input":{"@type":"PropertyValueSpecification","valueRequired":true,"valueName":"search_term_string"}}],"inLanguage":"fr-FR"},{"@type":"Organization","@id":"https:\/\/www.webdo.tn\/fr\/#organization","name":"Webdo","alternateName":"Webdo.tn","url":"https:\/\/www.webdo.tn\/fr\/","logo":{"@type":"ImageObject","inLanguage":"fr-FR","@id":"https:\/\/www.webdo.tn\/fr\/#\/schema\/logo\/image\/","url":"https:\/\/www.webdo.tn\/fr\/wp-content\/uploads\/2025\/06\/Webdo-Tunisie_168377.jpg","contentUrl":"https:\/\/www.webdo.tn\/fr\/wp-content\/uploads\/2025\/06\/Webdo-Tunisie_168377.jpg","width":301,"height":301,"caption":"Webdo"},"image":{"@id":"https:\/\/www.webdo.tn\/fr\/#\/schema\/logo\/image\/"},"sameAs":["https:\/\/www.facebook.com\/webdotn","https:\/\/x.com\/webdo_tn"],"description":"Webdo est un m\u00e9dia num\u00e9rique tunisien fond\u00e9 en 2010, sp\u00e9cialis\u00e9 dans l\u2019actualit\u00e9 nationale et internationale, l\u2019\u00e9conomie, la soci\u00e9t\u00e9 et les analyses politiques. Le site s\u2019adresse \u00e0 un large public francophone et couvre l\u2019information tunisienne en temps r\u00e9el.","email":"redac@webdo.tn","legalName":"YNJ SARL","foundingDate":"2010-09-06","numberOfEmployees":{"@type":"QuantitativeValue","minValue":"11","maxValue":"50"}},{"@type":"Person","@id":"https:\/\/www.webdo.tn\/fr\/#\/schema\/person\/82ca085b22037d285e1a3c4b65ba5f71","name":"KJ","image":{"@type":"ImageObject","inLanguage":"fr-FR","@id":"https:\/\/secure.gravatar.com\/avatar\/1a1320de1c1971c893f00068f760b4113d69504aa21273da17ee95650c5944fd?s=96&d=mm&r=g","url":"https:\/\/secure.gravatar.com\/avatar\/1a1320de1c1971c893f00068f760b4113d69504aa21273da17ee95650c5944fd?s=96&d=mm&r=g","contentUrl":"https:\/\/secure.gravatar.com\/avatar\/1a1320de1c1971c893f00068f760b4113d69504aa21273da17ee95650c5944fd?s=96&d=mm&r=g","caption":"KJ"},"url":"https:\/\/www.webdo.tn\/fr\/actualite\/author\/kj\/"}]}},"_links":{"self":[{"href":"https:\/\/www.webdo.tn\/fr\/wp-json\/wp\/v2\/posts\/217859","targetHints":{"allow":["GET"]}}],"collection":[{"href":"https:\/\/www.webdo.tn\/fr\/wp-json\/wp\/v2\/posts"}],"about":[{"href":"https:\/\/www.webdo.tn\/fr\/wp-json\/wp\/v2\/types\/post"}],"author":[{"embeddable":true,"href":"https:\/\/www.webdo.tn\/fr\/wp-json\/wp\/v2\/users\/3163"}],"replies":[{"embeddable":true,"href":"https:\/\/www.webdo.tn\/fr\/wp-json\/wp\/v2\/comments?post=217859"}],"version-history":[{"count":0,"href":"https:\/\/www.webdo.tn\/fr\/wp-json\/wp\/v2\/posts\/217859\/revisions"}],"wp:featuredmedia":[{"embeddable":true,"href":"https:\/\/www.webdo.tn\/fr\/wp-json\/wp\/v2\/media\/291404"}],"wp:attachment":[{"href":"https:\/\/www.webdo.tn\/fr\/wp-json\/wp\/v2\/media?parent=217859"}],"wp:term":[{"taxonomy":"category","embeddable":true,"href":"https:\/\/www.webdo.tn\/fr\/wp-json\/wp\/v2\/categories?post=217859"},{"taxonomy":"post_tag","embeddable":true,"href":"https:\/\/www.webdo.tn\/fr\/wp-json\/wp\/v2\/tags?post=217859"}],"curies":[{"name":"wp","href":"https:\/\/api.w.org\/{rel}","templated":true}]}}