{"id":217850,"date":"2024-11-25T19:56:00","date_gmt":"2024-11-25T19:56:00","guid":{"rendered":"https:\/\/www.webdo.tn\/fr\/blog\/2024\/11\/25\/tunisie-mesures-renforcees-contre-le-charancon-rouge-et-la-cochenille\/"},"modified":"2025-05-21T09:01:49","modified_gmt":"2025-05-21T09:01:49","slug":"tunisie-mesures-renforcees-contre-le-charancon-rouge-et-la-cochenille","status":"publish","type":"post","link":"https:\/\/www.webdo.tn\/fr\/actualite\/national\/tunisie-mesures-renforcees-contre-le-charancon-rouge-et-la-cochenille\/217850\/","title":{"rendered":"Tunisie : Mesures renforc\u00e9es contre le charan\u00e7on rouge et la cochenille"},"content":{"rendered":"<p>Une r\u00e9union de travail, pr\u00e9sid\u00e9e par Hamadi Habaieb, secr\u00e9taire d\u2019\u00c9tat aupr\u00e8s du ministre de l\u2019Agriculture, a \u00e9t\u00e9 organis\u00e9e pour \u00e9valuer la lutte contre le charan\u00e7on rouge des palmiers et la cochenille du figuier de Barbarie.<\/p>\n<p>\t\t\t\t\t\t\t\t\tLa r\u00e9union a r\u00e9uni des responsables des minist\u00e8res concern\u00e9s (Agriculture, Int\u00e9rieur, \u00c9quipement, Tourisme, Environnement), ainsi que des experts et des directeurs g\u00e9n\u00e9raux d\u2019organismes agricoles et phytosanitaires.<\/p>\n<p>Cette session a permis de d\u00e9finir des mesures concr\u00e8tes visant \u00e0 renforcer la protection des fili\u00e8res des dattes et des figues de Barbarie.<\/p>\n<p>Lutte contre le charan\u00e7on rouge des palmiers :<\/p>\n<p>\tRenforcement des capacit\u00e9s locales, avec la mise en place d\u2019\u00e9quipes fixes de lutte dans les d\u00e9l\u00e9gations r\u00e9gionales de d\u00e9veloppement agricole.<br \/>\n\tCoordination \u00e9troite avec les municipalit\u00e9s et les autorit\u00e9s locales pour garantir l\u2019application des protocoles d\u2019intervention.<br \/>\n\tCr\u00e9ation d\u2019une cellule nationale de crise et activation des comit\u00e9s r\u00e9gionaux de gestion des catastrophes.<br \/>\n\tCollaboration avec les minist\u00e8res de l\u2019Int\u00e9rieur, de l\u2019\u00c9quipement, du Tourisme et de l\u2019Environnement pour un soutien renforc\u00e9.<br \/>\n\tSensibilisation des forces de l\u2019ordre pour limiter la circulation des palmiers contamin\u00e9s et acc\u00e9l\u00e9ration de la mise \u00e0 jour des textes l\u00e9gislatifs pour renforcer les mesures de lutte.<\/p>\n<p>\u00a0<\/p>\n<p>Lutte contre la cochenille sur le figuier de Barbarie :<\/p>\n<p>\t\u00c9laboration d\u2019un plan global de restructuration du secteur, avec une identification des priorit\u00e9s.<br \/>\n\tR\u00e9alisation d\u2019une \u00e9tude sur l\u2019impact \u00e9conomique de la pr\u00e9sence de la cochenille, notamment sur la production de fruits et d\u2019aliments pour b\u00e9tail.<br \/>\n\tMise en place d\u2019un programme de protection pour les zones encore exemptes de cochenilles.<br \/>\n\tIntensification des formations pour sensibiliser les producteurs \u00e0 l\u2019utilisation de techniques agricoles adapt\u00e9es, comme l\u2019\u00e9lagage des plantations et la valorisation du figuier de Barbarie.<\/p>\n<p>\u00a0<\/p>\n<p>Hamadi Habaieb a soulign\u00e9 la n\u00e9cessit\u00e9 de mettre en place un plan de financement clair pour assurer une r\u00e9ponse efficace face \u00e0 ces ravageurs, en particulier ceux d\u2019origine exotique et transfrontali\u00e8re. L\u2019objectif est d\u2019agir rapidement et de mani\u00e8re coordonn\u00e9e pour prot\u00e9ger les cultures tunisiennes.<\/p>\n","protected":false},"excerpt":{"rendered":"<p>Renforcement des mesures de lutte contre le charan\u00e7on rouge des palmiers et la cochenille du figuier de Barbarie en Tunisie. Des actions concr\u00e8tes pour prot\u00e9ger&#8230;<\/p>\n","protected":false},"author":3166,"featured_media":243850,"comment_status":"open","ping_status":"open","sticky":false,"template":"","format":"standard","meta":{"footnotes":""},"categories":[44],"tags":[3271,4960,4961,2608],"class_list":["post-217850","post","type-post","status-publish","format-standard","has-post-thumbnail","hentry","category-national","tag-agriculture","tag-charancon-rouge","tag-cochenille","tag-tunisie"],"yoast_head":"<!-- This site is optimized with the Yoast SEO Premium plugin v27.4 (Yoast SEO v27.5) - https:\/\/yoast.com\/product\/yoast-seo-premium-wordpress\/ -->\n<title>Tunisie : Mesures renforc\u00e9es contre le charan\u00e7on rouge et la cochenille<\/title>\n<meta name=\"description\" content=\"Renforcement des mesures de lutte contre le charan\u00e7on rouge des palmiers et la cochenille du figuier de Barbarie en Tunisie. Des actions concr\u00e8tes pour prot\u00e9ger...\" \/>\n<link rel=\"canonical\" href=\"https:\/\/www.webdo.tn\/fr\/actualite\/national\/tunisie-mesures-renforcees-contre-le-charancon-rouge-et-la-cochenille\/217850\/\" \/>\n<meta property=\"og:locale\" content=\"fr_FR\" \/>\n<meta property=\"og:type\" content=\"article\" \/>\n<meta property=\"og:title\" content=\"Tunisie : Mesures renforc\u00e9es contre le charan\u00e7on rouge et la cochenille\" \/>\n<meta property=\"og:description\" content=\"Renforcement des mesures de lutte contre le charan\u00e7on rouge des palmiers et la cochenille du figuier de Barbarie en Tunisie. Des actions concr\u00e8tes pour prot\u00e9ger...\" \/>\n<meta property=\"og:url\" content=\"https:\/\/www.webdo.tn\/fr\/actualite\/national\/tunisie-mesures-renforcees-contre-le-charancon-rouge-et-la-cochenille\/217850\/\" \/>\n<meta property=\"og:site_name\" content=\"webdo\" \/>\n<meta property=\"article:publisher\" content=\"https:\/\/www.facebook.com\/webdotn\" \/>\n<meta property=\"article:published_time\" content=\"2024-11-25T19:56:00+00:00\" \/>\n<meta property=\"article:modified_time\" content=\"2025-05-21T09:01:49+00:00\" \/>\n<meta property=\"og:image\" content=\"https:\/\/www.webdo.tn\/fr\/wp-content\/uploads\/2025\/05\/8c175d420946c79bf9297770ad7c5390-2.webp\" \/>\n\t<meta property=\"og:image:width\" content=\"750\" \/>\n\t<meta property=\"og:image:height\" content=\"400\" \/>\n\t<meta property=\"og:image:type\" content=\"image\/webp\" \/>\n<meta name=\"author\" content=\"AZ\" \/>\n<meta name=\"twitter:card\" content=\"summary_large_image\" \/>\n<meta name=\"twitter:creator\" content=\"@webdo_tn\" \/>\n<meta name=\"twitter:site\" content=\"@webdo_tn\" \/>\n<meta name=\"twitter:label1\" content=\"\u00c9crit par\" \/>\n\t<meta name=\"twitter:data1\" content=\"AZ\" \/>\n\t<meta name=\"twitter:label2\" content=\"Dur\u00e9e de lecture estim\u00e9e\" \/>\n\t<meta name=\"twitter:data2\" content=\"2 minutes\" \/>\n<script type=\"application\/ld+json\" class=\"yoast-schema-graph\">{\"@context\":\"https:\\\/\\\/schema.org\",\"@graph\":[{\"@type\":\"NewsArticle\",\"@id\":\"https:\\\/\\\/www.webdo.tn\\\/fr\\\/actualite\\\/national\\\/tunisie-mesures-renforcees-contre-le-charancon-rouge-et-la-cochenille\\\/217850\\\/#article\",\"isPartOf\":{\"@id\":\"https:\\\/\\\/www.webdo.tn\\\/fr\\\/actualite\\\/national\\\/tunisie-mesures-renforcees-contre-le-charancon-rouge-et-la-cochenille\\\/217850\\\/\"},\"author\":{\"name\":\"AZ\",\"@id\":\"https:\\\/\\\/www.webdo.tn\\\/fr\\\/#\\\/schema\\\/person\\\/b8a41c04d93287d375510db360906b34\"},\"headline\":\"Tunisie : Mesures renforc\u00e9es contre le charan\u00e7on rouge et la cochenille\",\"datePublished\":\"2024-11-25T19:56:00+00:00\",\"dateModified\":\"2025-05-21T09:01:49+00:00\",\"mainEntityOfPage\":{\"@id\":\"https:\\\/\\\/www.webdo.tn\\\/fr\\\/actualite\\\/national\\\/tunisie-mesures-renforcees-contre-le-charancon-rouge-et-la-cochenille\\\/217850\\\/\"},\"wordCount\":386,\"commentCount\":0,\"publisher\":{\"@id\":\"https:\\\/\\\/www.webdo.tn\\\/fr\\\/#organization\"},\"image\":{\"@id\":\"https:\\\/\\\/www.webdo.tn\\\/fr\\\/actualite\\\/national\\\/tunisie-mesures-renforcees-contre-le-charancon-rouge-et-la-cochenille\\\/217850\\\/#primaryimage\"},\"thumbnailUrl\":\"https:\\\/\\\/www.webdo.tn\\\/fr\\\/wp-content\\\/uploads\\\/2025\\\/05\\\/8c175d420946c79bf9297770ad7c5390-2.webp\",\"keywords\":[\"agriculture\",\"charan\u00e7on rouge\",\"cochenille\",\"Tunisie\"],\"articleSection\":[\"National\"],\"inLanguage\":\"fr-FR\"},{\"@type\":\"WebPage\",\"@id\":\"https:\\\/\\\/www.webdo.tn\\\/fr\\\/actualite\\\/national\\\/tunisie-mesures-renforcees-contre-le-charancon-rouge-et-la-cochenille\\\/217850\\\/\",\"url\":\"https:\\\/\\\/www.webdo.tn\\\/fr\\\/actualite\\\/national\\\/tunisie-mesures-renforcees-contre-le-charancon-rouge-et-la-cochenille\\\/217850\\\/\",\"name\":\"Tunisie : Mesures renforc\u00e9es contre le charan\u00e7on rouge et la cochenille\",\"isPartOf\":{\"@id\":\"https:\\\/\\\/www.webdo.tn\\\/fr\\\/#website\"},\"primaryImageOfPage\":{\"@id\":\"https:\\\/\\\/www.webdo.tn\\\/fr\\\/actualite\\\/national\\\/tunisie-mesures-renforcees-contre-le-charancon-rouge-et-la-cochenille\\\/217850\\\/#primaryimage\"},\"image\":{\"@id\":\"https:\\\/\\\/www.webdo.tn\\\/fr\\\/actualite\\\/national\\\/tunisie-mesures-renforcees-contre-le-charancon-rouge-et-la-cochenille\\\/217850\\\/#primaryimage\"},\"thumbnailUrl\":\"https:\\\/\\\/www.webdo.tn\\\/fr\\\/wp-content\\\/uploads\\\/2025\\\/05\\\/8c175d420946c79bf9297770ad7c5390-2.webp\",\"datePublished\":\"2024-11-25T19:56:00+00:00\",\"dateModified\":\"2025-05-21T09:01:49+00:00\",\"description\":\"Renforcement des mesures de lutte contre le charan\u00e7on rouge des palmiers et la cochenille du figuier de Barbarie en Tunisie. Des actions concr\u00e8tes pour prot\u00e9ger...\",\"breadcrumb\":{\"@id\":\"https:\\\/\\\/www.webdo.tn\\\/fr\\\/actualite\\\/national\\\/tunisie-mesures-renforcees-contre-le-charancon-rouge-et-la-cochenille\\\/217850\\\/#breadcrumb\"},\"inLanguage\":\"fr-FR\",\"potentialAction\":[{\"@type\":\"ReadAction\",\"target\":[\"https:\\\/\\\/www.webdo.tn\\\/fr\\\/actualite\\\/national\\\/tunisie-mesures-renforcees-contre-le-charancon-rouge-et-la-cochenille\\\/217850\\\/\"]}]},{\"@type\":\"ImageObject\",\"inLanguage\":\"fr-FR\",\"@id\":\"https:\\\/\\\/www.webdo.tn\\\/fr\\\/actualite\\\/national\\\/tunisie-mesures-renforcees-contre-le-charancon-rouge-et-la-cochenille\\\/217850\\\/#primaryimage\",\"url\":\"https:\\\/\\\/www.webdo.tn\\\/fr\\\/wp-content\\\/uploads\\\/2025\\\/05\\\/8c175d420946c79bf9297770ad7c5390-2.webp\",\"contentUrl\":\"https:\\\/\\\/www.webdo.tn\\\/fr\\\/wp-content\\\/uploads\\\/2025\\\/05\\\/8c175d420946c79bf9297770ad7c5390-2.webp\",\"width\":750,\"height\":400},{\"@type\":\"BreadcrumbList\",\"@id\":\"https:\\\/\\\/www.webdo.tn\\\/fr\\\/actualite\\\/national\\\/tunisie-mesures-renforcees-contre-le-charancon-rouge-et-la-cochenille\\\/217850\\\/#breadcrumb\",\"itemListElement\":[{\"@type\":\"ListItem\",\"position\":1,\"name\":\"Accueil\",\"item\":\"https:\\\/\\\/www.webdo.tn\\\/fr\\\/\"},{\"@type\":\"ListItem\",\"position\":2,\"name\":\"Tunisie : Mesures renforc\u00e9es contre le charan\u00e7on rouge et la cochenille\"}]},{\"@type\":\"WebSite\",\"@id\":\"https:\\\/\\\/www.webdo.tn\\\/fr\\\/#website\",\"url\":\"https:\\\/\\\/www.webdo.tn\\\/fr\\\/\",\"name\":\"webdo\",\"description\":\"Tunisie - News en Tunisie et \u00e0 l&#039;international sur Webdo.tn\",\"publisher\":{\"@id\":\"https:\\\/\\\/www.webdo.tn\\\/fr\\\/#organization\"},\"potentialAction\":[{\"@type\":\"SearchAction\",\"target\":{\"@type\":\"EntryPoint\",\"urlTemplate\":\"https:\\\/\\\/www.webdo.tn\\\/fr\\\/?s={search_term_string}\"},\"query-input\":{\"@type\":\"PropertyValueSpecification\",\"valueRequired\":true,\"valueName\":\"search_term_string\"}}],\"inLanguage\":\"fr-FR\"},{\"@type\":\"Organization\",\"@id\":\"https:\\\/\\\/www.webdo.tn\\\/fr\\\/#organization\",\"name\":\"Webdo\",\"alternateName\":\"Webdo.tn\",\"url\":\"https:\\\/\\\/www.webdo.tn\\\/fr\\\/\",\"logo\":{\"@type\":\"ImageObject\",\"inLanguage\":\"fr-FR\",\"@id\":\"https:\\\/\\\/www.webdo.tn\\\/fr\\\/#\\\/schema\\\/logo\\\/image\\\/\",\"url\":\"https:\\\/\\\/www.webdo.tn\\\/fr\\\/wp-content\\\/uploads\\\/2025\\\/06\\\/Webdo-Tunisie_168377.jpg\",\"contentUrl\":\"https:\\\/\\\/www.webdo.tn\\\/fr\\\/wp-content\\\/uploads\\\/2025\\\/06\\\/Webdo-Tunisie_168377.jpg\",\"width\":301,\"height\":301,\"caption\":\"Webdo\"},\"image\":{\"@id\":\"https:\\\/\\\/www.webdo.tn\\\/fr\\\/#\\\/schema\\\/logo\\\/image\\\/\"},\"sameAs\":[\"https:\\\/\\\/www.facebook.com\\\/webdotn\",\"https:\\\/\\\/x.com\\\/webdo_tn\"],\"description\":\"Webdo est un m\u00e9dia num\u00e9rique tunisien fond\u00e9 en 2010, sp\u00e9cialis\u00e9 dans l\u2019actualit\u00e9 nationale et internationale, l\u2019\u00e9conomie, la soci\u00e9t\u00e9 et les analyses politiques. Le site s\u2019adresse \u00e0 un large public francophone et couvre l\u2019information tunisienne en temps r\u00e9el.\",\"email\":\"redac@webdo.tn\",\"legalName\":\"YNJ SARL\",\"foundingDate\":\"2010-09-06\",\"numberOfEmployees\":{\"@type\":\"QuantitativeValue\",\"minValue\":\"11\",\"maxValue\":\"50\"}},{\"@type\":\"Person\",\"@id\":\"https:\\\/\\\/www.webdo.tn\\\/fr\\\/#\\\/schema\\\/person\\\/b8a41c04d93287d375510db360906b34\",\"name\":\"AZ\",\"image\":{\"@type\":\"ImageObject\",\"inLanguage\":\"fr-FR\",\"@id\":\"https:\\\/\\\/secure.gravatar.com\\\/avatar\\\/492b80bada79439de4201dce15cd41eece6c277cfdf1b53382073c79105c1f89?s=96&d=mm&r=g\",\"url\":\"https:\\\/\\\/secure.gravatar.com\\\/avatar\\\/492b80bada79439de4201dce15cd41eece6c277cfdf1b53382073c79105c1f89?s=96&d=mm&r=g\",\"contentUrl\":\"https:\\\/\\\/secure.gravatar.com\\\/avatar\\\/492b80bada79439de4201dce15cd41eece6c277cfdf1b53382073c79105c1f89?s=96&d=mm&r=g\",\"caption\":\"AZ\"},\"url\":\"https:\\\/\\\/www.webdo.tn\\\/fr\\\/actualite\\\/author\\\/az\\\/\"}]}<\/script>\n<!-- \/ Yoast SEO Premium plugin. -->","yoast_head_json":{"title":"Tunisie : Mesures renforc\u00e9es contre le charan\u00e7on rouge et la cochenille","description":"Renforcement des mesures de lutte contre le charan\u00e7on rouge des palmiers et la cochenille du figuier de Barbarie en Tunisie. Des actions concr\u00e8tes pour prot\u00e9ger...","canonical":"https:\/\/www.webdo.tn\/fr\/actualite\/national\/tunisie-mesures-renforcees-contre-le-charancon-rouge-et-la-cochenille\/217850\/","og_locale":"fr_FR","og_type":"article","og_title":"Tunisie : Mesures renforc\u00e9es contre le charan\u00e7on rouge et la cochenille","og_description":"Renforcement des mesures de lutte contre le charan\u00e7on rouge des palmiers et la cochenille du figuier de Barbarie en Tunisie. Des actions concr\u00e8tes pour prot\u00e9ger...","og_url":"https:\/\/www.webdo.tn\/fr\/actualite\/national\/tunisie-mesures-renforcees-contre-le-charancon-rouge-et-la-cochenille\/217850\/","og_site_name":"webdo","article_publisher":"https:\/\/www.facebook.com\/webdotn","article_published_time":"2024-11-25T19:56:00+00:00","article_modified_time":"2025-05-21T09:01:49+00:00","og_image":[{"width":750,"height":400,"url":"https:\/\/www.webdo.tn\/fr\/wp-content\/uploads\/2025\/05\/8c175d420946c79bf9297770ad7c5390-2.webp","type":"image\/webp"}],"author":"AZ","twitter_card":"summary_large_image","twitter_creator":"@webdo_tn","twitter_site":"@webdo_tn","twitter_misc":{"\u00c9crit par":"AZ","Dur\u00e9e de lecture estim\u00e9e":"2 minutes"},"schema":{"@context":"https:\/\/schema.org","@graph":[{"@type":"NewsArticle","@id":"https:\/\/www.webdo.tn\/fr\/actualite\/national\/tunisie-mesures-renforcees-contre-le-charancon-rouge-et-la-cochenille\/217850\/#article","isPartOf":{"@id":"https:\/\/www.webdo.tn\/fr\/actualite\/national\/tunisie-mesures-renforcees-contre-le-charancon-rouge-et-la-cochenille\/217850\/"},"author":{"name":"AZ","@id":"https:\/\/www.webdo.tn\/fr\/#\/schema\/person\/b8a41c04d93287d375510db360906b34"},"headline":"Tunisie : Mesures renforc\u00e9es contre le charan\u00e7on rouge et la cochenille","datePublished":"2024-11-25T19:56:00+00:00","dateModified":"2025-05-21T09:01:49+00:00","mainEntityOfPage":{"@id":"https:\/\/www.webdo.tn\/fr\/actualite\/national\/tunisie-mesures-renforcees-contre-le-charancon-rouge-et-la-cochenille\/217850\/"},"wordCount":386,"commentCount":0,"publisher":{"@id":"https:\/\/www.webdo.tn\/fr\/#organization"},"image":{"@id":"https:\/\/www.webdo.tn\/fr\/actualite\/national\/tunisie-mesures-renforcees-contre-le-charancon-rouge-et-la-cochenille\/217850\/#primaryimage"},"thumbnailUrl":"https:\/\/www.webdo.tn\/fr\/wp-content\/uploads\/2025\/05\/8c175d420946c79bf9297770ad7c5390-2.webp","keywords":["agriculture","charan\u00e7on rouge","cochenille","Tunisie"],"articleSection":["National"],"inLanguage":"fr-FR"},{"@type":"WebPage","@id":"https:\/\/www.webdo.tn\/fr\/actualite\/national\/tunisie-mesures-renforcees-contre-le-charancon-rouge-et-la-cochenille\/217850\/","url":"https:\/\/www.webdo.tn\/fr\/actualite\/national\/tunisie-mesures-renforcees-contre-le-charancon-rouge-et-la-cochenille\/217850\/","name":"Tunisie : Mesures renforc\u00e9es contre le charan\u00e7on rouge et la cochenille","isPartOf":{"@id":"https:\/\/www.webdo.tn\/fr\/#website"},"primaryImageOfPage":{"@id":"https:\/\/www.webdo.tn\/fr\/actualite\/national\/tunisie-mesures-renforcees-contre-le-charancon-rouge-et-la-cochenille\/217850\/#primaryimage"},"image":{"@id":"https:\/\/www.webdo.tn\/fr\/actualite\/national\/tunisie-mesures-renforcees-contre-le-charancon-rouge-et-la-cochenille\/217850\/#primaryimage"},"thumbnailUrl":"https:\/\/www.webdo.tn\/fr\/wp-content\/uploads\/2025\/05\/8c175d420946c79bf9297770ad7c5390-2.webp","datePublished":"2024-11-25T19:56:00+00:00","dateModified":"2025-05-21T09:01:49+00:00","description":"Renforcement des mesures de lutte contre le charan\u00e7on rouge des palmiers et la cochenille du figuier de Barbarie en Tunisie. Des actions concr\u00e8tes pour prot\u00e9ger...","breadcrumb":{"@id":"https:\/\/www.webdo.tn\/fr\/actualite\/national\/tunisie-mesures-renforcees-contre-le-charancon-rouge-et-la-cochenille\/217850\/#breadcrumb"},"inLanguage":"fr-FR","potentialAction":[{"@type":"ReadAction","target":["https:\/\/www.webdo.tn\/fr\/actualite\/national\/tunisie-mesures-renforcees-contre-le-charancon-rouge-et-la-cochenille\/217850\/"]}]},{"@type":"ImageObject","inLanguage":"fr-FR","@id":"https:\/\/www.webdo.tn\/fr\/actualite\/national\/tunisie-mesures-renforcees-contre-le-charancon-rouge-et-la-cochenille\/217850\/#primaryimage","url":"https:\/\/www.webdo.tn\/fr\/wp-content\/uploads\/2025\/05\/8c175d420946c79bf9297770ad7c5390-2.webp","contentUrl":"https:\/\/www.webdo.tn\/fr\/wp-content\/uploads\/2025\/05\/8c175d420946c79bf9297770ad7c5390-2.webp","width":750,"height":400},{"@type":"BreadcrumbList","@id":"https:\/\/www.webdo.tn\/fr\/actualite\/national\/tunisie-mesures-renforcees-contre-le-charancon-rouge-et-la-cochenille\/217850\/#breadcrumb","itemListElement":[{"@type":"ListItem","position":1,"name":"Accueil","item":"https:\/\/www.webdo.tn\/fr\/"},{"@type":"ListItem","position":2,"name":"Tunisie : Mesures renforc\u00e9es contre le charan\u00e7on rouge et la cochenille"}]},{"@type":"WebSite","@id":"https:\/\/www.webdo.tn\/fr\/#website","url":"https:\/\/www.webdo.tn\/fr\/","name":"webdo","description":"Tunisie - News en Tunisie et \u00e0 l&#039;international sur Webdo.tn","publisher":{"@id":"https:\/\/www.webdo.tn\/fr\/#organization"},"potentialAction":[{"@type":"SearchAction","target":{"@type":"EntryPoint","urlTemplate":"https:\/\/www.webdo.tn\/fr\/?s={search_term_string}"},"query-input":{"@type":"PropertyValueSpecification","valueRequired":true,"valueName":"search_term_string"}}],"inLanguage":"fr-FR"},{"@type":"Organization","@id":"https:\/\/www.webdo.tn\/fr\/#organization","name":"Webdo","alternateName":"Webdo.tn","url":"https:\/\/www.webdo.tn\/fr\/","logo":{"@type":"ImageObject","inLanguage":"fr-FR","@id":"https:\/\/www.webdo.tn\/fr\/#\/schema\/logo\/image\/","url":"https:\/\/www.webdo.tn\/fr\/wp-content\/uploads\/2025\/06\/Webdo-Tunisie_168377.jpg","contentUrl":"https:\/\/www.webdo.tn\/fr\/wp-content\/uploads\/2025\/06\/Webdo-Tunisie_168377.jpg","width":301,"height":301,"caption":"Webdo"},"image":{"@id":"https:\/\/www.webdo.tn\/fr\/#\/schema\/logo\/image\/"},"sameAs":["https:\/\/www.facebook.com\/webdotn","https:\/\/x.com\/webdo_tn"],"description":"Webdo est un m\u00e9dia num\u00e9rique tunisien fond\u00e9 en 2010, sp\u00e9cialis\u00e9 dans l\u2019actualit\u00e9 nationale et internationale, l\u2019\u00e9conomie, la soci\u00e9t\u00e9 et les analyses politiques. Le site s\u2019adresse \u00e0 un large public francophone et couvre l\u2019information tunisienne en temps r\u00e9el.","email":"redac@webdo.tn","legalName":"YNJ SARL","foundingDate":"2010-09-06","numberOfEmployees":{"@type":"QuantitativeValue","minValue":"11","maxValue":"50"}},{"@type":"Person","@id":"https:\/\/www.webdo.tn\/fr\/#\/schema\/person\/b8a41c04d93287d375510db360906b34","name":"AZ","image":{"@type":"ImageObject","inLanguage":"fr-FR","@id":"https:\/\/secure.gravatar.com\/avatar\/492b80bada79439de4201dce15cd41eece6c277cfdf1b53382073c79105c1f89?s=96&d=mm&r=g","url":"https:\/\/secure.gravatar.com\/avatar\/492b80bada79439de4201dce15cd41eece6c277cfdf1b53382073c79105c1f89?s=96&d=mm&r=g","contentUrl":"https:\/\/secure.gravatar.com\/avatar\/492b80bada79439de4201dce15cd41eece6c277cfdf1b53382073c79105c1f89?s=96&d=mm&r=g","caption":"AZ"},"url":"https:\/\/www.webdo.tn\/fr\/actualite\/author\/az\/"}]}},"_links":{"self":[{"href":"https:\/\/www.webdo.tn\/fr\/wp-json\/wp\/v2\/posts\/217850","targetHints":{"allow":["GET"]}}],"collection":[{"href":"https:\/\/www.webdo.tn\/fr\/wp-json\/wp\/v2\/posts"}],"about":[{"href":"https:\/\/www.webdo.tn\/fr\/wp-json\/wp\/v2\/types\/post"}],"author":[{"embeddable":true,"href":"https:\/\/www.webdo.tn\/fr\/wp-json\/wp\/v2\/users\/3166"}],"replies":[{"embeddable":true,"href":"https:\/\/www.webdo.tn\/fr\/wp-json\/wp\/v2\/comments?post=217850"}],"version-history":[{"count":0,"href":"https:\/\/www.webdo.tn\/fr\/wp-json\/wp\/v2\/posts\/217850\/revisions"}],"wp:featuredmedia":[{"embeddable":true,"href":"https:\/\/www.webdo.tn\/fr\/wp-json\/wp\/v2\/media\/243850"}],"wp:attachment":[{"href":"https:\/\/www.webdo.tn\/fr\/wp-json\/wp\/v2\/media?parent=217850"}],"wp:term":[{"taxonomy":"category","embeddable":true,"href":"https:\/\/www.webdo.tn\/fr\/wp-json\/wp\/v2\/categories?post=217850"},{"taxonomy":"post_tag","embeddable":true,"href":"https:\/\/www.webdo.tn\/fr\/wp-json\/wp\/v2\/tags?post=217850"}],"curies":[{"name":"wp","href":"https:\/\/api.w.org\/{rel}","templated":true}]}}