{"id":217846,"date":"2024-11-25T16:38:00","date_gmt":"2024-11-25T16:38:00","guid":{"rendered":"https:\/\/www.webdo.tn\/fr\/blog\/2024\/11\/25\/tunisie-la-greve-des-transporteurs-de-carburant-reportee-a-decembre\/"},"modified":"2025-05-20T21:46:24","modified_gmt":"2025-05-20T21:46:24","slug":"tunisie-la-greve-des-transporteurs-de-carburant-reportee-a-decembre","status":"publish","type":"post","link":"https:\/\/www.webdo.tn\/fr\/actualite\/national\/tunisie-la-greve-des-transporteurs-de-carburant-reportee-a-decembre\/217846\/","title":{"rendered":"Tunisie : La gr\u00e8ve des transporteurs de carburant report\u00e9e \u00e0 d\u00e9cembre"},"content":{"rendered":"<p>Pr\u00e9vue vendredi et samedi 30 novembre, la gr\u00e8ve des transporteurs de carburant a \u00e9t\u00e9 report\u00e9e aux 19 et 20 d\u00e9cembre 2024.<\/p>\n<p>\t\t\t\t\t\t\t\t\tCette d\u00e9cision a \u00e9t\u00e9 prise \u00e0 l&rsquo;issue d&rsquo;une r\u00e9union de conciliation tenue aujourd\u2019hui au minist\u00e8re des Affaires sociales entre la F\u00e9d\u00e9ration g\u00e9n\u00e9rale du p\u00e9trole et des produits chimiques et la Soci\u00e9t\u00e9 tunisienne de transport routier international suite au pr\u00e9avis de gr\u00e8ve pr\u00e9vue les 29 et 30 novembre.<\/p>\n<p>Une deuxi\u00e8me r\u00e9union pour discuter de la gr\u00e8ve report\u00e9e aura lieu le 12 d\u00e9cembre prochain entre les deux parties sachant que les revendications sont relatives \u00e0 l\u2019application, avec effet r\u00e9troactif, des accords sur l\u2019augmentation des salaires et le versement des cotisations sociales dues aupr\u00e8s de la CNSS.<\/p>\n","protected":false},"excerpt":{"rendered":"<p>Pr\u00e9vue vendredi et samedi 30 novembre, la gr\u00e8ve des transporteurs de carburant a \u00e9t\u00e9 report\u00e9e aux 19 et 20 d\u00e9cembre 2024.<\/p>\n","protected":false},"author":3162,"featured_media":243846,"comment_status":"open","ping_status":"open","sticky":false,"template":"","format":"standard","meta":{"footnotes":""},"categories":[44],"tags":[4956,2647,4958,2680,4957,2608],"class_list":["post-217846","post","type-post","status-publish","format-standard","has-post-thumbnail","hentry","category-national","tag-carburant","tag-greve","tag-preavis","tag-report","tag-transporteurs","tag-tunisie"],"yoast_head":"<!-- This site is optimized with the Yoast SEO Premium plugin v27.4 (Yoast SEO v27.4) - https:\/\/yoast.com\/product\/yoast-seo-premium-wordpress\/ -->\n<title>Tunisie : La gr\u00e8ve des transporteurs de carburant report\u00e9e \u00e0 d\u00e9cembre<\/title>\n<meta name=\"description\" content=\"Pr\u00e9vue vendredi et samedi 30 novembre, la gr\u00e8ve des transporteurs de carburant a \u00e9t\u00e9 report\u00e9e aux 19 et 20 d\u00e9cembre 2024.\" \/>\n<link rel=\"canonical\" href=\"https:\/\/www.webdo.tn\/fr\/actualite\/national\/tunisie-la-greve-des-transporteurs-de-carburant-reportee-a-decembre\/217846\/\" \/>\n<meta property=\"og:locale\" content=\"fr_FR\" \/>\n<meta property=\"og:type\" content=\"article\" \/>\n<meta property=\"og:title\" content=\"Tunisie : La gr\u00e8ve des transporteurs de carburant report\u00e9e \u00e0 d\u00e9cembre\" \/>\n<meta property=\"og:description\" content=\"Pr\u00e9vue vendredi et samedi 30 novembre, la gr\u00e8ve des transporteurs de carburant a \u00e9t\u00e9 report\u00e9e aux 19 et 20 d\u00e9cembre 2024.\" \/>\n<meta property=\"og:url\" content=\"https:\/\/www.webdo.tn\/fr\/actualite\/national\/tunisie-la-greve-des-transporteurs-de-carburant-reportee-a-decembre\/217846\/\" \/>\n<meta property=\"og:site_name\" content=\"webdo\" \/>\n<meta property=\"article:publisher\" content=\"https:\/\/www.facebook.com\/webdotn\" \/>\n<meta property=\"article:published_time\" content=\"2024-11-25T16:38:00+00:00\" \/>\n<meta property=\"article:modified_time\" content=\"2025-05-20T21:46:24+00:00\" \/>\n<meta property=\"og:image\" content=\"https:\/\/www.webdo.tn\/fr\/wp-content\/uploads\/2025\/05\/6adae40fd0cfe9dfe237e928b053673c-2.webp\" \/>\n\t<meta property=\"og:image:width\" content=\"706\" \/>\n\t<meta property=\"og:image:height\" content=\"377\" \/>\n\t<meta property=\"og:image:type\" content=\"image\/webp\" \/>\n<meta name=\"author\" content=\"MC\" \/>\n<meta name=\"twitter:card\" content=\"summary_large_image\" \/>\n<meta name=\"twitter:creator\" content=\"@webdo_tn\" \/>\n<meta name=\"twitter:site\" content=\"@webdo_tn\" \/>\n<meta name=\"twitter:label1\" content=\"\u00c9crit par\" \/>\n\t<meta name=\"twitter:data1\" content=\"MC\" \/>\n\t<meta name=\"twitter:label2\" content=\"Dur\u00e9e de lecture estim\u00e9e\" \/>\n\t<meta name=\"twitter:data2\" content=\"1 minute\" \/>\n<script type=\"application\/ld+json\" class=\"yoast-schema-graph\">{\"@context\":\"https:\\\/\\\/schema.org\",\"@graph\":[{\"@type\":\"NewsArticle\",\"@id\":\"https:\\\/\\\/www.webdo.tn\\\/fr\\\/actualite\\\/national\\\/tunisie-la-greve-des-transporteurs-de-carburant-reportee-a-decembre\\\/217846\\\/#article\",\"isPartOf\":{\"@id\":\"https:\\\/\\\/www.webdo.tn\\\/fr\\\/actualite\\\/national\\\/tunisie-la-greve-des-transporteurs-de-carburant-reportee-a-decembre\\\/217846\\\/\"},\"author\":{\"name\":\"MC\",\"@id\":\"https:\\\/\\\/www.webdo.tn\\\/fr\\\/#\\\/schema\\\/person\\\/2c4929cbf5a809e3bd38617c6ce150f6\"},\"headline\":\"Tunisie : La gr\u00e8ve des transporteurs de carburant report\u00e9e \u00e0 d\u00e9cembre\",\"datePublished\":\"2024-11-25T16:38:00+00:00\",\"dateModified\":\"2025-05-20T21:46:24+00:00\",\"mainEntityOfPage\":{\"@id\":\"https:\\\/\\\/www.webdo.tn\\\/fr\\\/actualite\\\/national\\\/tunisie-la-greve-des-transporteurs-de-carburant-reportee-a-decembre\\\/217846\\\/\"},\"wordCount\":146,\"commentCount\":0,\"publisher\":{\"@id\":\"https:\\\/\\\/www.webdo.tn\\\/fr\\\/#organization\"},\"image\":{\"@id\":\"https:\\\/\\\/www.webdo.tn\\\/fr\\\/actualite\\\/national\\\/tunisie-la-greve-des-transporteurs-de-carburant-reportee-a-decembre\\\/217846\\\/#primaryimage\"},\"thumbnailUrl\":\"https:\\\/\\\/www.webdo.tn\\\/fr\\\/wp-content\\\/uploads\\\/2025\\\/05\\\/6adae40fd0cfe9dfe237e928b053673c-2.webp\",\"keywords\":[\"carburant\",\"Gr\u00e8ve\",\"pr\u00e9avis\",\"report\",\"transporteurs\",\"Tunisie\"],\"articleSection\":[\"National\"],\"inLanguage\":\"fr-FR\"},{\"@type\":\"WebPage\",\"@id\":\"https:\\\/\\\/www.webdo.tn\\\/fr\\\/actualite\\\/national\\\/tunisie-la-greve-des-transporteurs-de-carburant-reportee-a-decembre\\\/217846\\\/\",\"url\":\"https:\\\/\\\/www.webdo.tn\\\/fr\\\/actualite\\\/national\\\/tunisie-la-greve-des-transporteurs-de-carburant-reportee-a-decembre\\\/217846\\\/\",\"name\":\"Tunisie : La gr\u00e8ve des transporteurs de carburant report\u00e9e \u00e0 d\u00e9cembre\",\"isPartOf\":{\"@id\":\"https:\\\/\\\/www.webdo.tn\\\/fr\\\/#website\"},\"primaryImageOfPage\":{\"@id\":\"https:\\\/\\\/www.webdo.tn\\\/fr\\\/actualite\\\/national\\\/tunisie-la-greve-des-transporteurs-de-carburant-reportee-a-decembre\\\/217846\\\/#primaryimage\"},\"image\":{\"@id\":\"https:\\\/\\\/www.webdo.tn\\\/fr\\\/actualite\\\/national\\\/tunisie-la-greve-des-transporteurs-de-carburant-reportee-a-decembre\\\/217846\\\/#primaryimage\"},\"thumbnailUrl\":\"https:\\\/\\\/www.webdo.tn\\\/fr\\\/wp-content\\\/uploads\\\/2025\\\/05\\\/6adae40fd0cfe9dfe237e928b053673c-2.webp\",\"datePublished\":\"2024-11-25T16:38:00+00:00\",\"dateModified\":\"2025-05-20T21:46:24+00:00\",\"description\":\"Pr\u00e9vue vendredi et samedi 30 novembre, la gr\u00e8ve des transporteurs de carburant a \u00e9t\u00e9 report\u00e9e aux 19 et 20 d\u00e9cembre 2024.\",\"breadcrumb\":{\"@id\":\"https:\\\/\\\/www.webdo.tn\\\/fr\\\/actualite\\\/national\\\/tunisie-la-greve-des-transporteurs-de-carburant-reportee-a-decembre\\\/217846\\\/#breadcrumb\"},\"inLanguage\":\"fr-FR\",\"potentialAction\":[{\"@type\":\"ReadAction\",\"target\":[\"https:\\\/\\\/www.webdo.tn\\\/fr\\\/actualite\\\/national\\\/tunisie-la-greve-des-transporteurs-de-carburant-reportee-a-decembre\\\/217846\\\/\"]}]},{\"@type\":\"ImageObject\",\"inLanguage\":\"fr-FR\",\"@id\":\"https:\\\/\\\/www.webdo.tn\\\/fr\\\/actualite\\\/national\\\/tunisie-la-greve-des-transporteurs-de-carburant-reportee-a-decembre\\\/217846\\\/#primaryimage\",\"url\":\"https:\\\/\\\/www.webdo.tn\\\/fr\\\/wp-content\\\/uploads\\\/2025\\\/05\\\/6adae40fd0cfe9dfe237e928b053673c-2.webp\",\"contentUrl\":\"https:\\\/\\\/www.webdo.tn\\\/fr\\\/wp-content\\\/uploads\\\/2025\\\/05\\\/6adae40fd0cfe9dfe237e928b053673c-2.webp\",\"width\":706,\"height\":377},{\"@type\":\"BreadcrumbList\",\"@id\":\"https:\\\/\\\/www.webdo.tn\\\/fr\\\/actualite\\\/national\\\/tunisie-la-greve-des-transporteurs-de-carburant-reportee-a-decembre\\\/217846\\\/#breadcrumb\",\"itemListElement\":[{\"@type\":\"ListItem\",\"position\":1,\"name\":\"Accueil\",\"item\":\"https:\\\/\\\/www.webdo.tn\\\/fr\\\/\"},{\"@type\":\"ListItem\",\"position\":2,\"name\":\"Tunisie : La gr\u00e8ve des transporteurs de carburant report\u00e9e \u00e0 d\u00e9cembre\"}]},{\"@type\":\"WebSite\",\"@id\":\"https:\\\/\\\/www.webdo.tn\\\/fr\\\/#website\",\"url\":\"https:\\\/\\\/www.webdo.tn\\\/fr\\\/\",\"name\":\"webdo\",\"description\":\"Tunisie - News en Tunisie et \u00e0 l&#039;international sur Webdo.tn\",\"publisher\":{\"@id\":\"https:\\\/\\\/www.webdo.tn\\\/fr\\\/#organization\"},\"potentialAction\":[{\"@type\":\"SearchAction\",\"target\":{\"@type\":\"EntryPoint\",\"urlTemplate\":\"https:\\\/\\\/www.webdo.tn\\\/fr\\\/?s={search_term_string}\"},\"query-input\":{\"@type\":\"PropertyValueSpecification\",\"valueRequired\":true,\"valueName\":\"search_term_string\"}}],\"inLanguage\":\"fr-FR\"},{\"@type\":\"Organization\",\"@id\":\"https:\\\/\\\/www.webdo.tn\\\/fr\\\/#organization\",\"name\":\"Webdo\",\"alternateName\":\"Webdo.tn\",\"url\":\"https:\\\/\\\/www.webdo.tn\\\/fr\\\/\",\"logo\":{\"@type\":\"ImageObject\",\"inLanguage\":\"fr-FR\",\"@id\":\"https:\\\/\\\/www.webdo.tn\\\/fr\\\/#\\\/schema\\\/logo\\\/image\\\/\",\"url\":\"https:\\\/\\\/www.webdo.tn\\\/fr\\\/wp-content\\\/uploads\\\/2025\\\/06\\\/Webdo-Tunisie_168377.jpg\",\"contentUrl\":\"https:\\\/\\\/www.webdo.tn\\\/fr\\\/wp-content\\\/uploads\\\/2025\\\/06\\\/Webdo-Tunisie_168377.jpg\",\"width\":301,\"height\":301,\"caption\":\"Webdo\"},\"image\":{\"@id\":\"https:\\\/\\\/www.webdo.tn\\\/fr\\\/#\\\/schema\\\/logo\\\/image\\\/\"},\"sameAs\":[\"https:\\\/\\\/www.facebook.com\\\/webdotn\",\"https:\\\/\\\/x.com\\\/webdo_tn\"],\"description\":\"Webdo est un m\u00e9dia num\u00e9rique tunisien fond\u00e9 en 2010, sp\u00e9cialis\u00e9 dans l\u2019actualit\u00e9 nationale et internationale, l\u2019\u00e9conomie, la soci\u00e9t\u00e9 et les analyses politiques. Le site s\u2019adresse \u00e0 un large public francophone et couvre l\u2019information tunisienne en temps r\u00e9el.\",\"email\":\"redac@webdo.tn\",\"legalName\":\"YNJ SARL\",\"foundingDate\":\"2010-09-06\",\"numberOfEmployees\":{\"@type\":\"QuantitativeValue\",\"minValue\":\"11\",\"maxValue\":\"50\"}},{\"@type\":\"Person\",\"@id\":\"https:\\\/\\\/www.webdo.tn\\\/fr\\\/#\\\/schema\\\/person\\\/2c4929cbf5a809e3bd38617c6ce150f6\",\"name\":\"MC\",\"image\":{\"@type\":\"ImageObject\",\"inLanguage\":\"fr-FR\",\"@id\":\"https:\\\/\\\/secure.gravatar.com\\\/avatar\\\/a545bbb6f84efdd5553dbbc2895e3ca8f1d12c5215e00a041c9670b54aa9b18a?s=96&d=mm&r=g\",\"url\":\"https:\\\/\\\/secure.gravatar.com\\\/avatar\\\/a545bbb6f84efdd5553dbbc2895e3ca8f1d12c5215e00a041c9670b54aa9b18a?s=96&d=mm&r=g\",\"contentUrl\":\"https:\\\/\\\/secure.gravatar.com\\\/avatar\\\/a545bbb6f84efdd5553dbbc2895e3ca8f1d12c5215e00a041c9670b54aa9b18a?s=96&d=mm&r=g\",\"caption\":\"MC\"},\"url\":\"https:\\\/\\\/www.webdo.tn\\\/fr\\\/actualite\\\/author\\\/mc\\\/\"}]}<\/script>\n<!-- \/ Yoast SEO Premium plugin. -->","yoast_head_json":{"title":"Tunisie : La gr\u00e8ve des transporteurs de carburant report\u00e9e \u00e0 d\u00e9cembre","description":"Pr\u00e9vue vendredi et samedi 30 novembre, la gr\u00e8ve des transporteurs de carburant a \u00e9t\u00e9 report\u00e9e aux 19 et 20 d\u00e9cembre 2024.","canonical":"https:\/\/www.webdo.tn\/fr\/actualite\/national\/tunisie-la-greve-des-transporteurs-de-carburant-reportee-a-decembre\/217846\/","og_locale":"fr_FR","og_type":"article","og_title":"Tunisie : La gr\u00e8ve des transporteurs de carburant report\u00e9e \u00e0 d\u00e9cembre","og_description":"Pr\u00e9vue vendredi et samedi 30 novembre, la gr\u00e8ve des transporteurs de carburant a \u00e9t\u00e9 report\u00e9e aux 19 et 20 d\u00e9cembre 2024.","og_url":"https:\/\/www.webdo.tn\/fr\/actualite\/national\/tunisie-la-greve-des-transporteurs-de-carburant-reportee-a-decembre\/217846\/","og_site_name":"webdo","article_publisher":"https:\/\/www.facebook.com\/webdotn","article_published_time":"2024-11-25T16:38:00+00:00","article_modified_time":"2025-05-20T21:46:24+00:00","og_image":[{"width":706,"height":377,"url":"https:\/\/www.webdo.tn\/fr\/wp-content\/uploads\/2025\/05\/6adae40fd0cfe9dfe237e928b053673c-2.webp","type":"image\/webp"}],"author":"MC","twitter_card":"summary_large_image","twitter_creator":"@webdo_tn","twitter_site":"@webdo_tn","twitter_misc":{"\u00c9crit par":"MC","Dur\u00e9e de lecture estim\u00e9e":"1 minute"},"schema":{"@context":"https:\/\/schema.org","@graph":[{"@type":"NewsArticle","@id":"https:\/\/www.webdo.tn\/fr\/actualite\/national\/tunisie-la-greve-des-transporteurs-de-carburant-reportee-a-decembre\/217846\/#article","isPartOf":{"@id":"https:\/\/www.webdo.tn\/fr\/actualite\/national\/tunisie-la-greve-des-transporteurs-de-carburant-reportee-a-decembre\/217846\/"},"author":{"name":"MC","@id":"https:\/\/www.webdo.tn\/fr\/#\/schema\/person\/2c4929cbf5a809e3bd38617c6ce150f6"},"headline":"Tunisie : La gr\u00e8ve des transporteurs de carburant report\u00e9e \u00e0 d\u00e9cembre","datePublished":"2024-11-25T16:38:00+00:00","dateModified":"2025-05-20T21:46:24+00:00","mainEntityOfPage":{"@id":"https:\/\/www.webdo.tn\/fr\/actualite\/national\/tunisie-la-greve-des-transporteurs-de-carburant-reportee-a-decembre\/217846\/"},"wordCount":146,"commentCount":0,"publisher":{"@id":"https:\/\/www.webdo.tn\/fr\/#organization"},"image":{"@id":"https:\/\/www.webdo.tn\/fr\/actualite\/national\/tunisie-la-greve-des-transporteurs-de-carburant-reportee-a-decembre\/217846\/#primaryimage"},"thumbnailUrl":"https:\/\/www.webdo.tn\/fr\/wp-content\/uploads\/2025\/05\/6adae40fd0cfe9dfe237e928b053673c-2.webp","keywords":["carburant","Gr\u00e8ve","pr\u00e9avis","report","transporteurs","Tunisie"],"articleSection":["National"],"inLanguage":"fr-FR"},{"@type":"WebPage","@id":"https:\/\/www.webdo.tn\/fr\/actualite\/national\/tunisie-la-greve-des-transporteurs-de-carburant-reportee-a-decembre\/217846\/","url":"https:\/\/www.webdo.tn\/fr\/actualite\/national\/tunisie-la-greve-des-transporteurs-de-carburant-reportee-a-decembre\/217846\/","name":"Tunisie : La gr\u00e8ve des transporteurs de carburant report\u00e9e \u00e0 d\u00e9cembre","isPartOf":{"@id":"https:\/\/www.webdo.tn\/fr\/#website"},"primaryImageOfPage":{"@id":"https:\/\/www.webdo.tn\/fr\/actualite\/national\/tunisie-la-greve-des-transporteurs-de-carburant-reportee-a-decembre\/217846\/#primaryimage"},"image":{"@id":"https:\/\/www.webdo.tn\/fr\/actualite\/national\/tunisie-la-greve-des-transporteurs-de-carburant-reportee-a-decembre\/217846\/#primaryimage"},"thumbnailUrl":"https:\/\/www.webdo.tn\/fr\/wp-content\/uploads\/2025\/05\/6adae40fd0cfe9dfe237e928b053673c-2.webp","datePublished":"2024-11-25T16:38:00+00:00","dateModified":"2025-05-20T21:46:24+00:00","description":"Pr\u00e9vue vendredi et samedi 30 novembre, la gr\u00e8ve des transporteurs de carburant a \u00e9t\u00e9 report\u00e9e aux 19 et 20 d\u00e9cembre 2024.","breadcrumb":{"@id":"https:\/\/www.webdo.tn\/fr\/actualite\/national\/tunisie-la-greve-des-transporteurs-de-carburant-reportee-a-decembre\/217846\/#breadcrumb"},"inLanguage":"fr-FR","potentialAction":[{"@type":"ReadAction","target":["https:\/\/www.webdo.tn\/fr\/actualite\/national\/tunisie-la-greve-des-transporteurs-de-carburant-reportee-a-decembre\/217846\/"]}]},{"@type":"ImageObject","inLanguage":"fr-FR","@id":"https:\/\/www.webdo.tn\/fr\/actualite\/national\/tunisie-la-greve-des-transporteurs-de-carburant-reportee-a-decembre\/217846\/#primaryimage","url":"https:\/\/www.webdo.tn\/fr\/wp-content\/uploads\/2025\/05\/6adae40fd0cfe9dfe237e928b053673c-2.webp","contentUrl":"https:\/\/www.webdo.tn\/fr\/wp-content\/uploads\/2025\/05\/6adae40fd0cfe9dfe237e928b053673c-2.webp","width":706,"height":377},{"@type":"BreadcrumbList","@id":"https:\/\/www.webdo.tn\/fr\/actualite\/national\/tunisie-la-greve-des-transporteurs-de-carburant-reportee-a-decembre\/217846\/#breadcrumb","itemListElement":[{"@type":"ListItem","position":1,"name":"Accueil","item":"https:\/\/www.webdo.tn\/fr\/"},{"@type":"ListItem","position":2,"name":"Tunisie : La gr\u00e8ve des transporteurs de carburant report\u00e9e \u00e0 d\u00e9cembre"}]},{"@type":"WebSite","@id":"https:\/\/www.webdo.tn\/fr\/#website","url":"https:\/\/www.webdo.tn\/fr\/","name":"webdo","description":"Tunisie - News en Tunisie et \u00e0 l&#039;international sur Webdo.tn","publisher":{"@id":"https:\/\/www.webdo.tn\/fr\/#organization"},"potentialAction":[{"@type":"SearchAction","target":{"@type":"EntryPoint","urlTemplate":"https:\/\/www.webdo.tn\/fr\/?s={search_term_string}"},"query-input":{"@type":"PropertyValueSpecification","valueRequired":true,"valueName":"search_term_string"}}],"inLanguage":"fr-FR"},{"@type":"Organization","@id":"https:\/\/www.webdo.tn\/fr\/#organization","name":"Webdo","alternateName":"Webdo.tn","url":"https:\/\/www.webdo.tn\/fr\/","logo":{"@type":"ImageObject","inLanguage":"fr-FR","@id":"https:\/\/www.webdo.tn\/fr\/#\/schema\/logo\/image\/","url":"https:\/\/www.webdo.tn\/fr\/wp-content\/uploads\/2025\/06\/Webdo-Tunisie_168377.jpg","contentUrl":"https:\/\/www.webdo.tn\/fr\/wp-content\/uploads\/2025\/06\/Webdo-Tunisie_168377.jpg","width":301,"height":301,"caption":"Webdo"},"image":{"@id":"https:\/\/www.webdo.tn\/fr\/#\/schema\/logo\/image\/"},"sameAs":["https:\/\/www.facebook.com\/webdotn","https:\/\/x.com\/webdo_tn"],"description":"Webdo est un m\u00e9dia num\u00e9rique tunisien fond\u00e9 en 2010, sp\u00e9cialis\u00e9 dans l\u2019actualit\u00e9 nationale et internationale, l\u2019\u00e9conomie, la soci\u00e9t\u00e9 et les analyses politiques. Le site s\u2019adresse \u00e0 un large public francophone et couvre l\u2019information tunisienne en temps r\u00e9el.","email":"redac@webdo.tn","legalName":"YNJ SARL","foundingDate":"2010-09-06","numberOfEmployees":{"@type":"QuantitativeValue","minValue":"11","maxValue":"50"}},{"@type":"Person","@id":"https:\/\/www.webdo.tn\/fr\/#\/schema\/person\/2c4929cbf5a809e3bd38617c6ce150f6","name":"MC","image":{"@type":"ImageObject","inLanguage":"fr-FR","@id":"https:\/\/secure.gravatar.com\/avatar\/a545bbb6f84efdd5553dbbc2895e3ca8f1d12c5215e00a041c9670b54aa9b18a?s=96&d=mm&r=g","url":"https:\/\/secure.gravatar.com\/avatar\/a545bbb6f84efdd5553dbbc2895e3ca8f1d12c5215e00a041c9670b54aa9b18a?s=96&d=mm&r=g","contentUrl":"https:\/\/secure.gravatar.com\/avatar\/a545bbb6f84efdd5553dbbc2895e3ca8f1d12c5215e00a041c9670b54aa9b18a?s=96&d=mm&r=g","caption":"MC"},"url":"https:\/\/www.webdo.tn\/fr\/actualite\/author\/mc\/"}]}},"_links":{"self":[{"href":"https:\/\/www.webdo.tn\/fr\/wp-json\/wp\/v2\/posts\/217846","targetHints":{"allow":["GET"]}}],"collection":[{"href":"https:\/\/www.webdo.tn\/fr\/wp-json\/wp\/v2\/posts"}],"about":[{"href":"https:\/\/www.webdo.tn\/fr\/wp-json\/wp\/v2\/types\/post"}],"author":[{"embeddable":true,"href":"https:\/\/www.webdo.tn\/fr\/wp-json\/wp\/v2\/users\/3162"}],"replies":[{"embeddable":true,"href":"https:\/\/www.webdo.tn\/fr\/wp-json\/wp\/v2\/comments?post=217846"}],"version-history":[{"count":0,"href":"https:\/\/www.webdo.tn\/fr\/wp-json\/wp\/v2\/posts\/217846\/revisions"}],"wp:featuredmedia":[{"embeddable":true,"href":"https:\/\/www.webdo.tn\/fr\/wp-json\/wp\/v2\/media\/243846"}],"wp:attachment":[{"href":"https:\/\/www.webdo.tn\/fr\/wp-json\/wp\/v2\/media?parent=217846"}],"wp:term":[{"taxonomy":"category","embeddable":true,"href":"https:\/\/www.webdo.tn\/fr\/wp-json\/wp\/v2\/categories?post=217846"},{"taxonomy":"post_tag","embeddable":true,"href":"https:\/\/www.webdo.tn\/fr\/wp-json\/wp\/v2\/tags?post=217846"}],"curies":[{"name":"wp","href":"https:\/\/api.w.org\/{rel}","templated":true}]}}