{"id":217843,"date":"2024-11-25T15:12:00","date_gmt":"2024-11-25T15:12:00","guid":{"rendered":"https:\/\/www.webdo.tn\/fr\/blog\/2024\/11\/25\/fuite-des-cerveaux-cette-gangrene-qui-mine-la-tunisie\/"},"modified":"2025-05-20T21:46:22","modified_gmt":"2025-05-20T21:46:22","slug":"fuite-des-cerveaux-cette-gangrene-qui-mine-la-tunisie","status":"publish","type":"post","link":"https:\/\/www.webdo.tn\/fr\/actualite\/national\/fuite-des-cerveaux-cette-gangrene-qui-mine-la-tunisie\/217843\/","title":{"rendered":"Fuite des cerveaux : Cette gangr\u00e8ne qui mine la Tunisie"},"content":{"rendered":"<p>Confront\u00e9e \u00e0 une h\u00e9morragie de talents qualifi\u00e9s depuis plusieurs d\u00e9cennies et afin de faire face \u00e0 la fuite et \u00e0 l\u2019exode massif de ses cerveaux et ses comp\u00e9tences, la Tunisie pr\u00e9pare une initiative l\u00e9gislative.<\/p>\n<p>\t\t\t\t\t\t\t\t\tLa Tunisie fait face \u00e0 une h\u00e9morragie de talents qualifi\u00e9s depuis plusieurs d\u00e9cennies, une tendance qui s\u2019est aggrav\u00e9e apr\u00e8s 2011 avec l\u2019instabilit\u00e9 politique et \u00e9conomique. Selon des \u00e9tudes r\u00e9centes, pr\u00e8s de 95.000 Tunisiens, principalement des dipl\u00f4m\u00e9s, ont quitt\u00e9 le pays entre 2011 et 2021.<\/p>\n<p>Cette migration touche particuli\u00e8rement les secteurs strat\u00e9giques comme la sant\u00e9, les technologies de l\u2019information et les sciences, mena\u00e7ant le d\u00e9veloppement \u00e9conomique et social.<\/p>\n<p>4000 m\u00e9decins en moins en 10 ans<\/p>\n<p>Le d\u00e9part massif des m\u00e9decins, estim\u00e9 \u00e0 plus de 4000 en dix ans, illustre l\u2019ampleur du probl\u00e8me, avec des cons\u00e9quences directes sur la qualit\u00e9 des soins, surtout dans les r\u00e9gions int\u00e9rieures.<\/p>\n<p>Par ailleurs, pr\u00e8s de 60% des dipl\u00f4m\u00e9s envisagent une expatriation, attir\u00e9s par des pays comme la France, le Canada et l\u2019Allemagne, qui proposent des opportunit\u00e9s de carri\u00e8re attractives et un cadre de travail stable.<\/p>\n<p>Initiative l\u00e9gislative<\/p>\n<p>C\u2019est dans ce contexte que le pr\u00e9sident de la Commission de l&rsquo;\u00c9ducation, de la Formation Professionnelle, de la Jeunesse et des Sports \u00e0 l&rsquo;Assembl\u00e9e des Repr\u00e9sentants du Peuple, Fakhreddine Fadhloun, a annonc\u00e9 hier qu&rsquo;une initiative l\u00e9gislative visant \u00e0 lutter contre la fuite des comp\u00e9tences tunisiennes est pr\u00eate et sera soumise au Parlement.<\/p>\n<p>Deux choix s\u2019offrent \u00e0 ladite commission, soit d\u2019int\u00e9grer un point dans le projet de loi de finances pour 2025 concernant la fuite des comp\u00e9tences, soit de travailler sur une initiative ind\u00e9pendante apr\u00e8s avoir consult\u00e9 les parties concern\u00e9es, telles que les ordres des m\u00e9decins et des ing\u00e9nieurs, ainsi que les minist\u00e8res de l\u2019Enseignement sup\u00e9rieur et des Finances.<\/p>\n<p>Cette initiative vise \u00e0 trouver une solution l\u00e9gale et accept\u00e9e au niveau international afin de parvenir \u00e0 un accord avec les parties b\u00e9n\u00e9ficiaires des comp\u00e9tences tunisiennes, tout en pr\u00e9servant les droits du pays, sans nuire aux int\u00e9r\u00eats des comp\u00e9tences elles-m\u00eames.<\/p>\n<p>Valoriser les talents locaux<\/p>\n<p>Les causes de cette fuite sont multiples : salaires peu comp\u00e9titifs, d\u00e9gradation des conditions de travail, et manque de perspectives professionnelles. En parall\u00e8le, les pays d\u2019accueil mettent en place des politiques favorables pour attirer cette main-d\u2019\u0153uvre qualifi\u00e9e.<\/p>\n<p>Pour inverser cette tendance, la Tunisie doit agir. L\u2019am\u00e9lioration des conditions de travail, des r\u00e9formes dans les secteurs cl\u00e9s, et des incitations fiscales pour encourager l\u2019entrepreneuriat sont essentielles.<\/p>\n<p>En valorisant ses talents locaux et en renfor\u00e7ant ses liens avec la diaspora, le pays pourrait transformer cette crise en opportunit\u00e9, stimulant ainsi son d\u00e9veloppement technologique et \u00e9conomique.<\/p>\n<p>Fakhreddine Fadhloun souligne \u00e9galement un point important. Ces comp\u00e9tences tunisiennes, notamment des m\u00e9decins, des ing\u00e9nieurs et des enseignants universitaires, ont re\u00e7u une formation qui a \u00e9t\u00e9 financ\u00e9e par l&rsquo;\u00c9tat, \u00e0 travers les contributions de la collectivit\u00e9 nationale et des contribuables en particulier.<\/p>\n","protected":false},"excerpt":{"rendered":"<p>Confront\u00e9e \u00e0 une h\u00e9morragie de talents qualifi\u00e9s depuis plusieurs d\u00e9cennies et afin de faire face \u00e0 la fuite et \u00e0 l\u2019exode massif de ses cerveaux et ses comp\u00e9ten&#8230;<\/p>\n","protected":false},"author":3162,"featured_media":243840,"comment_status":"open","ping_status":"open","sticky":false,"template":"","format":"standard","meta":{"footnotes":""},"categories":[44],"tags":[2789,4871,3125,2701,2608],"class_list":["post-217843","post","type-post","status-publish","format-standard","has-post-thumbnail","hentry","category-national","tag-competences","tag-fuite-des-cerveaux","tag-ingenieurs","tag-medecins","tag-tunisie"],"yoast_head":"<!-- This site is optimized with the Yoast SEO Premium plugin v27.5 (Yoast SEO v27.5) - https:\/\/yoast.com\/product\/yoast-seo-premium-wordpress\/ -->\n<title>Fuite des cerveaux : Cette gangr\u00e8ne qui mine la Tunisie<\/title>\n<meta name=\"description\" content=\"Confront\u00e9e \u00e0 une h\u00e9morragie de talents qualifi\u00e9s depuis plusieurs d\u00e9cennies et afin de faire face \u00e0 la fuite et \u00e0 l\u2019exode massif de ses cerveaux et ses comp\u00e9ten...\" \/>\n<link rel=\"canonical\" href=\"https:\/\/www.webdo.tn\/fr\/actualite\/national\/fuite-des-cerveaux-cette-gangrene-qui-mine-la-tunisie\/217843\/\" \/>\n<meta property=\"og:locale\" content=\"fr_FR\" \/>\n<meta property=\"og:type\" content=\"article\" \/>\n<meta property=\"og:title\" content=\"Fuite des cerveaux : Cette gangr\u00e8ne qui mine la Tunisie\" \/>\n<meta property=\"og:description\" content=\"Confront\u00e9e \u00e0 une h\u00e9morragie de talents qualifi\u00e9s depuis plusieurs d\u00e9cennies et afin de faire face \u00e0 la fuite et \u00e0 l\u2019exode massif de ses cerveaux et ses comp\u00e9ten...\" \/>\n<meta property=\"og:url\" content=\"https:\/\/www.webdo.tn\/fr\/actualite\/national\/fuite-des-cerveaux-cette-gangrene-qui-mine-la-tunisie\/217843\/\" \/>\n<meta property=\"og:site_name\" content=\"webdo\" \/>\n<meta property=\"article:publisher\" content=\"https:\/\/www.facebook.com\/webdotn\" \/>\n<meta property=\"article:published_time\" content=\"2024-11-25T15:12:00+00:00\" \/>\n<meta property=\"article:modified_time\" content=\"2025-05-20T21:46:22+00:00\" \/>\n<meta property=\"og:image\" content=\"https:\/\/www.webdo.tn\/fr\/wp-content\/uploads\/2025\/05\/e7e1ab8a6b556df3bb64450ecf845729-2.webp\" \/>\n\t<meta property=\"og:image:width\" content=\"750\" \/>\n\t<meta property=\"og:image:height\" content=\"400\" \/>\n\t<meta property=\"og:image:type\" content=\"image\/webp\" \/>\n<meta name=\"author\" content=\"MC\" \/>\n<meta name=\"twitter:card\" content=\"summary_large_image\" \/>\n<meta name=\"twitter:creator\" content=\"@webdo_tn\" \/>\n<meta name=\"twitter:site\" content=\"@webdo_tn\" \/>\n<meta name=\"twitter:label1\" content=\"\u00c9crit par\" \/>\n\t<meta name=\"twitter:data1\" content=\"MC\" \/>\n\t<meta name=\"twitter:label2\" content=\"Dur\u00e9e de lecture estim\u00e9e\" \/>\n\t<meta name=\"twitter:data2\" content=\"3 minutes\" \/>\n<script type=\"application\/ld+json\" class=\"yoast-schema-graph\">{\"@context\":\"https:\\\/\\\/schema.org\",\"@graph\":[{\"@type\":\"NewsArticle\",\"@id\":\"https:\\\/\\\/www.webdo.tn\\\/fr\\\/actualite\\\/national\\\/fuite-des-cerveaux-cette-gangrene-qui-mine-la-tunisie\\\/217843\\\/#article\",\"isPartOf\":{\"@id\":\"https:\\\/\\\/www.webdo.tn\\\/fr\\\/actualite\\\/national\\\/fuite-des-cerveaux-cette-gangrene-qui-mine-la-tunisie\\\/217843\\\/\"},\"author\":{\"name\":\"MC\",\"@id\":\"https:\\\/\\\/www.webdo.tn\\\/fr\\\/#\\\/schema\\\/person\\\/2c4929cbf5a809e3bd38617c6ce150f6\"},\"headline\":\"Fuite des cerveaux : Cette gangr\u00e8ne qui mine la Tunisie\",\"datePublished\":\"2024-11-25T15:12:00+00:00\",\"dateModified\":\"2025-05-20T21:46:22+00:00\",\"mainEntityOfPage\":{\"@id\":\"https:\\\/\\\/www.webdo.tn\\\/fr\\\/actualite\\\/national\\\/fuite-des-cerveaux-cette-gangrene-qui-mine-la-tunisie\\\/217843\\\/\"},\"wordCount\":542,\"commentCount\":0,\"publisher\":{\"@id\":\"https:\\\/\\\/www.webdo.tn\\\/fr\\\/#organization\"},\"image\":{\"@id\":\"https:\\\/\\\/www.webdo.tn\\\/fr\\\/actualite\\\/national\\\/fuite-des-cerveaux-cette-gangrene-qui-mine-la-tunisie\\\/217843\\\/#primaryimage\"},\"thumbnailUrl\":\"https:\\\/\\\/www.webdo.tn\\\/fr\\\/wp-content\\\/uploads\\\/2025\\\/05\\\/e7e1ab8a6b556df3bb64450ecf845729-2.webp\",\"keywords\":[\"comp\u00e9tences\",\"fuite des cerveaux\",\"ing\u00e9nieurs\",\"m\u00e9decins\",\"Tunisie\"],\"articleSection\":[\"National\"],\"inLanguage\":\"fr-FR\"},{\"@type\":\"WebPage\",\"@id\":\"https:\\\/\\\/www.webdo.tn\\\/fr\\\/actualite\\\/national\\\/fuite-des-cerveaux-cette-gangrene-qui-mine-la-tunisie\\\/217843\\\/\",\"url\":\"https:\\\/\\\/www.webdo.tn\\\/fr\\\/actualite\\\/national\\\/fuite-des-cerveaux-cette-gangrene-qui-mine-la-tunisie\\\/217843\\\/\",\"name\":\"Fuite des cerveaux : Cette gangr\u00e8ne qui mine la Tunisie\",\"isPartOf\":{\"@id\":\"https:\\\/\\\/www.webdo.tn\\\/fr\\\/#website\"},\"primaryImageOfPage\":{\"@id\":\"https:\\\/\\\/www.webdo.tn\\\/fr\\\/actualite\\\/national\\\/fuite-des-cerveaux-cette-gangrene-qui-mine-la-tunisie\\\/217843\\\/#primaryimage\"},\"image\":{\"@id\":\"https:\\\/\\\/www.webdo.tn\\\/fr\\\/actualite\\\/national\\\/fuite-des-cerveaux-cette-gangrene-qui-mine-la-tunisie\\\/217843\\\/#primaryimage\"},\"thumbnailUrl\":\"https:\\\/\\\/www.webdo.tn\\\/fr\\\/wp-content\\\/uploads\\\/2025\\\/05\\\/e7e1ab8a6b556df3bb64450ecf845729-2.webp\",\"datePublished\":\"2024-11-25T15:12:00+00:00\",\"dateModified\":\"2025-05-20T21:46:22+00:00\",\"description\":\"Confront\u00e9e \u00e0 une h\u00e9morragie de talents qualifi\u00e9s depuis plusieurs d\u00e9cennies et afin de faire face \u00e0 la fuite et \u00e0 l\u2019exode massif de ses cerveaux et ses comp\u00e9ten...\",\"breadcrumb\":{\"@id\":\"https:\\\/\\\/www.webdo.tn\\\/fr\\\/actualite\\\/national\\\/fuite-des-cerveaux-cette-gangrene-qui-mine-la-tunisie\\\/217843\\\/#breadcrumb\"},\"inLanguage\":\"fr-FR\",\"potentialAction\":[{\"@type\":\"ReadAction\",\"target\":[\"https:\\\/\\\/www.webdo.tn\\\/fr\\\/actualite\\\/national\\\/fuite-des-cerveaux-cette-gangrene-qui-mine-la-tunisie\\\/217843\\\/\"]}]},{\"@type\":\"ImageObject\",\"inLanguage\":\"fr-FR\",\"@id\":\"https:\\\/\\\/www.webdo.tn\\\/fr\\\/actualite\\\/national\\\/fuite-des-cerveaux-cette-gangrene-qui-mine-la-tunisie\\\/217843\\\/#primaryimage\",\"url\":\"https:\\\/\\\/www.webdo.tn\\\/fr\\\/wp-content\\\/uploads\\\/2025\\\/05\\\/e7e1ab8a6b556df3bb64450ecf845729-2.webp\",\"contentUrl\":\"https:\\\/\\\/www.webdo.tn\\\/fr\\\/wp-content\\\/uploads\\\/2025\\\/05\\\/e7e1ab8a6b556df3bb64450ecf845729-2.webp\",\"width\":750,\"height\":400},{\"@type\":\"BreadcrumbList\",\"@id\":\"https:\\\/\\\/www.webdo.tn\\\/fr\\\/actualite\\\/national\\\/fuite-des-cerveaux-cette-gangrene-qui-mine-la-tunisie\\\/217843\\\/#breadcrumb\",\"itemListElement\":[{\"@type\":\"ListItem\",\"position\":1,\"name\":\"Accueil\",\"item\":\"https:\\\/\\\/www.webdo.tn\\\/fr\\\/\"},{\"@type\":\"ListItem\",\"position\":2,\"name\":\"Fuite des cerveaux : Cette gangr\u00e8ne qui mine la Tunisie\"}]},{\"@type\":\"WebSite\",\"@id\":\"https:\\\/\\\/www.webdo.tn\\\/fr\\\/#website\",\"url\":\"https:\\\/\\\/www.webdo.tn\\\/fr\\\/\",\"name\":\"webdo\",\"description\":\"Tunisie - News en Tunisie et \u00e0 l&#039;international sur Webdo.tn\",\"publisher\":{\"@id\":\"https:\\\/\\\/www.webdo.tn\\\/fr\\\/#organization\"},\"potentialAction\":[{\"@type\":\"SearchAction\",\"target\":{\"@type\":\"EntryPoint\",\"urlTemplate\":\"https:\\\/\\\/www.webdo.tn\\\/fr\\\/?s={search_term_string}\"},\"query-input\":{\"@type\":\"PropertyValueSpecification\",\"valueRequired\":true,\"valueName\":\"search_term_string\"}}],\"inLanguage\":\"fr-FR\"},{\"@type\":\"Organization\",\"@id\":\"https:\\\/\\\/www.webdo.tn\\\/fr\\\/#organization\",\"name\":\"Webdo\",\"alternateName\":\"Webdo.tn\",\"url\":\"https:\\\/\\\/www.webdo.tn\\\/fr\\\/\",\"logo\":{\"@type\":\"ImageObject\",\"inLanguage\":\"fr-FR\",\"@id\":\"https:\\\/\\\/www.webdo.tn\\\/fr\\\/#\\\/schema\\\/logo\\\/image\\\/\",\"url\":\"https:\\\/\\\/www.webdo.tn\\\/fr\\\/wp-content\\\/uploads\\\/2025\\\/06\\\/Webdo-Tunisie_168377.jpg\",\"contentUrl\":\"https:\\\/\\\/www.webdo.tn\\\/fr\\\/wp-content\\\/uploads\\\/2025\\\/06\\\/Webdo-Tunisie_168377.jpg\",\"width\":301,\"height\":301,\"caption\":\"Webdo\"},\"image\":{\"@id\":\"https:\\\/\\\/www.webdo.tn\\\/fr\\\/#\\\/schema\\\/logo\\\/image\\\/\"},\"sameAs\":[\"https:\\\/\\\/www.facebook.com\\\/webdotn\",\"https:\\\/\\\/x.com\\\/webdo_tn\"],\"description\":\"Webdo est un m\u00e9dia num\u00e9rique tunisien fond\u00e9 en 2010, sp\u00e9cialis\u00e9 dans l\u2019actualit\u00e9 nationale et internationale, l\u2019\u00e9conomie, la soci\u00e9t\u00e9 et les analyses politiques. Le site s\u2019adresse \u00e0 un large public francophone et couvre l\u2019information tunisienne en temps r\u00e9el.\",\"email\":\"redac@webdo.tn\",\"legalName\":\"YNJ SARL\",\"foundingDate\":\"2010-09-06\",\"numberOfEmployees\":{\"@type\":\"QuantitativeValue\",\"minValue\":\"11\",\"maxValue\":\"50\"}},{\"@type\":\"Person\",\"@id\":\"https:\\\/\\\/www.webdo.tn\\\/fr\\\/#\\\/schema\\\/person\\\/2c4929cbf5a809e3bd38617c6ce150f6\",\"name\":\"MC\",\"image\":{\"@type\":\"ImageObject\",\"inLanguage\":\"fr-FR\",\"@id\":\"https:\\\/\\\/secure.gravatar.com\\\/avatar\\\/a545bbb6f84efdd5553dbbc2895e3ca8f1d12c5215e00a041c9670b54aa9b18a?s=96&d=mm&r=g\",\"url\":\"https:\\\/\\\/secure.gravatar.com\\\/avatar\\\/a545bbb6f84efdd5553dbbc2895e3ca8f1d12c5215e00a041c9670b54aa9b18a?s=96&d=mm&r=g\",\"contentUrl\":\"https:\\\/\\\/secure.gravatar.com\\\/avatar\\\/a545bbb6f84efdd5553dbbc2895e3ca8f1d12c5215e00a041c9670b54aa9b18a?s=96&d=mm&r=g\",\"caption\":\"MC\"},\"url\":\"https:\\\/\\\/www.webdo.tn\\\/fr\\\/actualite\\\/author\\\/mc\\\/\"}]}<\/script>\n<!-- \/ Yoast SEO Premium plugin. -->","yoast_head_json":{"title":"Fuite des cerveaux : Cette gangr\u00e8ne qui mine la Tunisie","description":"Confront\u00e9e \u00e0 une h\u00e9morragie de talents qualifi\u00e9s depuis plusieurs d\u00e9cennies et afin de faire face \u00e0 la fuite et \u00e0 l\u2019exode massif de ses cerveaux et ses comp\u00e9ten...","canonical":"https:\/\/www.webdo.tn\/fr\/actualite\/national\/fuite-des-cerveaux-cette-gangrene-qui-mine-la-tunisie\/217843\/","og_locale":"fr_FR","og_type":"article","og_title":"Fuite des cerveaux : Cette gangr\u00e8ne qui mine la Tunisie","og_description":"Confront\u00e9e \u00e0 une h\u00e9morragie de talents qualifi\u00e9s depuis plusieurs d\u00e9cennies et afin de faire face \u00e0 la fuite et \u00e0 l\u2019exode massif de ses cerveaux et ses comp\u00e9ten...","og_url":"https:\/\/www.webdo.tn\/fr\/actualite\/national\/fuite-des-cerveaux-cette-gangrene-qui-mine-la-tunisie\/217843\/","og_site_name":"webdo","article_publisher":"https:\/\/www.facebook.com\/webdotn","article_published_time":"2024-11-25T15:12:00+00:00","article_modified_time":"2025-05-20T21:46:22+00:00","og_image":[{"width":750,"height":400,"url":"https:\/\/www.webdo.tn\/fr\/wp-content\/uploads\/2025\/05\/e7e1ab8a6b556df3bb64450ecf845729-2.webp","type":"image\/webp"}],"author":"MC","twitter_card":"summary_large_image","twitter_creator":"@webdo_tn","twitter_site":"@webdo_tn","twitter_misc":{"\u00c9crit par":"MC","Dur\u00e9e de lecture estim\u00e9e":"3 minutes"},"schema":{"@context":"https:\/\/schema.org","@graph":[{"@type":"NewsArticle","@id":"https:\/\/www.webdo.tn\/fr\/actualite\/national\/fuite-des-cerveaux-cette-gangrene-qui-mine-la-tunisie\/217843\/#article","isPartOf":{"@id":"https:\/\/www.webdo.tn\/fr\/actualite\/national\/fuite-des-cerveaux-cette-gangrene-qui-mine-la-tunisie\/217843\/"},"author":{"name":"MC","@id":"https:\/\/www.webdo.tn\/fr\/#\/schema\/person\/2c4929cbf5a809e3bd38617c6ce150f6"},"headline":"Fuite des cerveaux : Cette gangr\u00e8ne qui mine la Tunisie","datePublished":"2024-11-25T15:12:00+00:00","dateModified":"2025-05-20T21:46:22+00:00","mainEntityOfPage":{"@id":"https:\/\/www.webdo.tn\/fr\/actualite\/national\/fuite-des-cerveaux-cette-gangrene-qui-mine-la-tunisie\/217843\/"},"wordCount":542,"commentCount":0,"publisher":{"@id":"https:\/\/www.webdo.tn\/fr\/#organization"},"image":{"@id":"https:\/\/www.webdo.tn\/fr\/actualite\/national\/fuite-des-cerveaux-cette-gangrene-qui-mine-la-tunisie\/217843\/#primaryimage"},"thumbnailUrl":"https:\/\/www.webdo.tn\/fr\/wp-content\/uploads\/2025\/05\/e7e1ab8a6b556df3bb64450ecf845729-2.webp","keywords":["comp\u00e9tences","fuite des cerveaux","ing\u00e9nieurs","m\u00e9decins","Tunisie"],"articleSection":["National"],"inLanguage":"fr-FR"},{"@type":"WebPage","@id":"https:\/\/www.webdo.tn\/fr\/actualite\/national\/fuite-des-cerveaux-cette-gangrene-qui-mine-la-tunisie\/217843\/","url":"https:\/\/www.webdo.tn\/fr\/actualite\/national\/fuite-des-cerveaux-cette-gangrene-qui-mine-la-tunisie\/217843\/","name":"Fuite des cerveaux : Cette gangr\u00e8ne qui mine la Tunisie","isPartOf":{"@id":"https:\/\/www.webdo.tn\/fr\/#website"},"primaryImageOfPage":{"@id":"https:\/\/www.webdo.tn\/fr\/actualite\/national\/fuite-des-cerveaux-cette-gangrene-qui-mine-la-tunisie\/217843\/#primaryimage"},"image":{"@id":"https:\/\/www.webdo.tn\/fr\/actualite\/national\/fuite-des-cerveaux-cette-gangrene-qui-mine-la-tunisie\/217843\/#primaryimage"},"thumbnailUrl":"https:\/\/www.webdo.tn\/fr\/wp-content\/uploads\/2025\/05\/e7e1ab8a6b556df3bb64450ecf845729-2.webp","datePublished":"2024-11-25T15:12:00+00:00","dateModified":"2025-05-20T21:46:22+00:00","description":"Confront\u00e9e \u00e0 une h\u00e9morragie de talents qualifi\u00e9s depuis plusieurs d\u00e9cennies et afin de faire face \u00e0 la fuite et \u00e0 l\u2019exode massif de ses cerveaux et ses comp\u00e9ten...","breadcrumb":{"@id":"https:\/\/www.webdo.tn\/fr\/actualite\/national\/fuite-des-cerveaux-cette-gangrene-qui-mine-la-tunisie\/217843\/#breadcrumb"},"inLanguage":"fr-FR","potentialAction":[{"@type":"ReadAction","target":["https:\/\/www.webdo.tn\/fr\/actualite\/national\/fuite-des-cerveaux-cette-gangrene-qui-mine-la-tunisie\/217843\/"]}]},{"@type":"ImageObject","inLanguage":"fr-FR","@id":"https:\/\/www.webdo.tn\/fr\/actualite\/national\/fuite-des-cerveaux-cette-gangrene-qui-mine-la-tunisie\/217843\/#primaryimage","url":"https:\/\/www.webdo.tn\/fr\/wp-content\/uploads\/2025\/05\/e7e1ab8a6b556df3bb64450ecf845729-2.webp","contentUrl":"https:\/\/www.webdo.tn\/fr\/wp-content\/uploads\/2025\/05\/e7e1ab8a6b556df3bb64450ecf845729-2.webp","width":750,"height":400},{"@type":"BreadcrumbList","@id":"https:\/\/www.webdo.tn\/fr\/actualite\/national\/fuite-des-cerveaux-cette-gangrene-qui-mine-la-tunisie\/217843\/#breadcrumb","itemListElement":[{"@type":"ListItem","position":1,"name":"Accueil","item":"https:\/\/www.webdo.tn\/fr\/"},{"@type":"ListItem","position":2,"name":"Fuite des cerveaux : Cette gangr\u00e8ne qui mine la Tunisie"}]},{"@type":"WebSite","@id":"https:\/\/www.webdo.tn\/fr\/#website","url":"https:\/\/www.webdo.tn\/fr\/","name":"webdo","description":"Tunisie - News en Tunisie et \u00e0 l&#039;international sur Webdo.tn","publisher":{"@id":"https:\/\/www.webdo.tn\/fr\/#organization"},"potentialAction":[{"@type":"SearchAction","target":{"@type":"EntryPoint","urlTemplate":"https:\/\/www.webdo.tn\/fr\/?s={search_term_string}"},"query-input":{"@type":"PropertyValueSpecification","valueRequired":true,"valueName":"search_term_string"}}],"inLanguage":"fr-FR"},{"@type":"Organization","@id":"https:\/\/www.webdo.tn\/fr\/#organization","name":"Webdo","alternateName":"Webdo.tn","url":"https:\/\/www.webdo.tn\/fr\/","logo":{"@type":"ImageObject","inLanguage":"fr-FR","@id":"https:\/\/www.webdo.tn\/fr\/#\/schema\/logo\/image\/","url":"https:\/\/www.webdo.tn\/fr\/wp-content\/uploads\/2025\/06\/Webdo-Tunisie_168377.jpg","contentUrl":"https:\/\/www.webdo.tn\/fr\/wp-content\/uploads\/2025\/06\/Webdo-Tunisie_168377.jpg","width":301,"height":301,"caption":"Webdo"},"image":{"@id":"https:\/\/www.webdo.tn\/fr\/#\/schema\/logo\/image\/"},"sameAs":["https:\/\/www.facebook.com\/webdotn","https:\/\/x.com\/webdo_tn"],"description":"Webdo est un m\u00e9dia num\u00e9rique tunisien fond\u00e9 en 2010, sp\u00e9cialis\u00e9 dans l\u2019actualit\u00e9 nationale et internationale, l\u2019\u00e9conomie, la soci\u00e9t\u00e9 et les analyses politiques. Le site s\u2019adresse \u00e0 un large public francophone et couvre l\u2019information tunisienne en temps r\u00e9el.","email":"redac@webdo.tn","legalName":"YNJ SARL","foundingDate":"2010-09-06","numberOfEmployees":{"@type":"QuantitativeValue","minValue":"11","maxValue":"50"}},{"@type":"Person","@id":"https:\/\/www.webdo.tn\/fr\/#\/schema\/person\/2c4929cbf5a809e3bd38617c6ce150f6","name":"MC","image":{"@type":"ImageObject","inLanguage":"fr-FR","@id":"https:\/\/secure.gravatar.com\/avatar\/a545bbb6f84efdd5553dbbc2895e3ca8f1d12c5215e00a041c9670b54aa9b18a?s=96&d=mm&r=g","url":"https:\/\/secure.gravatar.com\/avatar\/a545bbb6f84efdd5553dbbc2895e3ca8f1d12c5215e00a041c9670b54aa9b18a?s=96&d=mm&r=g","contentUrl":"https:\/\/secure.gravatar.com\/avatar\/a545bbb6f84efdd5553dbbc2895e3ca8f1d12c5215e00a041c9670b54aa9b18a?s=96&d=mm&r=g","caption":"MC"},"url":"https:\/\/www.webdo.tn\/fr\/actualite\/author\/mc\/"}]}},"_links":{"self":[{"href":"https:\/\/www.webdo.tn\/fr\/wp-json\/wp\/v2\/posts\/217843","targetHints":{"allow":["GET"]}}],"collection":[{"href":"https:\/\/www.webdo.tn\/fr\/wp-json\/wp\/v2\/posts"}],"about":[{"href":"https:\/\/www.webdo.tn\/fr\/wp-json\/wp\/v2\/types\/post"}],"author":[{"embeddable":true,"href":"https:\/\/www.webdo.tn\/fr\/wp-json\/wp\/v2\/users\/3162"}],"replies":[{"embeddable":true,"href":"https:\/\/www.webdo.tn\/fr\/wp-json\/wp\/v2\/comments?post=217843"}],"version-history":[{"count":0,"href":"https:\/\/www.webdo.tn\/fr\/wp-json\/wp\/v2\/posts\/217843\/revisions"}],"wp:featuredmedia":[{"embeddable":true,"href":"https:\/\/www.webdo.tn\/fr\/wp-json\/wp\/v2\/media\/243840"}],"wp:attachment":[{"href":"https:\/\/www.webdo.tn\/fr\/wp-json\/wp\/v2\/media?parent=217843"}],"wp:term":[{"taxonomy":"category","embeddable":true,"href":"https:\/\/www.webdo.tn\/fr\/wp-json\/wp\/v2\/categories?post=217843"},{"taxonomy":"post_tag","embeddable":true,"href":"https:\/\/www.webdo.tn\/fr\/wp-json\/wp\/v2\/tags?post=217843"}],"curies":[{"name":"wp","href":"https:\/\/api.w.org\/{rel}","templated":true}]}}