{"id":217834,"date":"2024-11-25T10:27:00","date_gmt":"2024-11-25T10:27:00","guid":{"rendered":"https:\/\/www.webdo.tn\/fr\/blog\/tunisie-reseaux-de-recrutement-refus-de-liberation-des-accuses\/217834\/"},"modified":"2025-05-20T22:15:15","modified_gmt":"2025-05-20T22:15:15","slug":"tunisie-reseaux-de-recrutement-refus-de-liberation-des-accuses","status":"publish","type":"post","link":"https:\/\/www.webdo.tn\/fr\/actualite\/national\/tunisie-reseaux-de-recrutement-refus-de-liberation-des-accuses\/217834\/","title":{"rendered":"Tunisie &#8211; R\u00e9seaux de recrutement : Refus de lib\u00e9ration des accus\u00e9s"},"content":{"rendered":"<p>Les demandes de lib\u00e9ration des d\u00e9tenus dans l\u2019affaire des r\u00e9seaux d\u2019envoi de jeunes dans les zones de tension ont \u00e9t\u00e9 rejet\u00e9es par la chambre criminelle sp\u00e9cialis\u00e9e dans les affaires de terrorisme au tribunal de premi\u00e8re instance de Tunis. L\u2019examen de l\u2019affaire relative aux r\u00e9seaux de \u00ab\u00a0recrutement\u00a0\u00bb a \u00e9galement \u00e9t\u00e9 report\u00e9.<\/p>\n<p>\t\t\t\t\t\t\t\t\tLa chambre criminelle sp\u00e9cialis\u00e9e dans les affaires de terrorisme au tribunal de premi\u00e8re instance de Tunis a report\u00e9 l\u2019examen de l\u2019affaire relative aux r\u00e9seaux de \u00ab\u00a0recrutement\u00a0\u00bb et refus\u00e9 la lib\u00e9ration des accus\u00e9s, actuellement d\u00e9tenus.<\/p>\n<p>Parmi les accus\u00e9s d\u00e9tenus dans le cadre de cette affaire figurent notamment Ali Laarayedh, Abdelkrim Laabidi, Fethi Baldi et le porte-parole du groupe interdit Ansar Al-Chariaa, Seifeddine Erraies.<\/p>\n<p>A l\u2019issue d\u2019une audience au cours de laquelle les avocats de certains accus\u00e9s ont demand\u00e9 un report et pr\u00e9sent\u00e9 des requ\u00eates pr\u00e9paratoires, ainsi que des demandes de lib\u00e9ration pour leurs clients, la chambre a d\u00e9cid\u00e9 de rejeter les demandes de lib\u00e9ration des accus\u00e9s d\u00e9tenus, de fixer une date ult\u00e9rieure pour poursuivre l\u2019examen du dossier, et d\u2019accepter certaines demandes \u00ab\u00a0pr\u00e9paratoires\u00a0\u00bb.<\/p>\n","protected":false},"excerpt":{"rendered":"<p>La chambre criminelle sp\u00e9cialis\u00e9e dans les affaires de terrorisme au tribunal de premi\u00e8re instance de Tunis a report\u00e9 l\u2019examen de l\u2019affaire relative aux r\u00e9seaux&#8230;<\/p>\n","protected":false},"author":3162,"featured_media":291398,"comment_status":"open","ping_status":"closed","sticky":false,"template":"","format":"standard","meta":{"footnotes":""},"categories":[44],"tags":[10674,3057,2846,2608,2844],"class_list":["post-217834","post","type-post","status-publish","format-standard","has-post-thumbnail","hentry","category-national","tag-reseaux-de-recrutement","tag-ennahdha","tag-envoi-de-jeunes","tag-tunisie","tag-zones-de-conflit"],"yoast_head":"<!-- This site is optimized with the Yoast SEO Premium plugin v27.4 (Yoast SEO v27.5) - https:\/\/yoast.com\/product\/yoast-seo-premium-wordpress\/ -->\n<title>Tunisie - R\u00e9seaux de recrutement : Refus de lib\u00e9ration des accus\u00e9s<\/title>\n<meta name=\"description\" content=\"La chambre criminelle sp\u00e9cialis\u00e9e dans les affaires de terrorisme au tribunal de premi\u00e8re instance de Tunis a report\u00e9 l\u2019examen de l\u2019affaire relative aux r\u00e9seaux...\" \/>\n<link rel=\"canonical\" href=\"https:\/\/www.webdo.tn\/fr\/actualite\/national\/tunisie-reseaux-de-recrutement-refus-de-liberation-des-accuses\/217834\/\" \/>\n<meta property=\"og:locale\" content=\"fr_FR\" \/>\n<meta property=\"og:type\" content=\"article\" \/>\n<meta property=\"og:title\" content=\"Tunisie - R\u00e9seaux de recrutement : Refus de lib\u00e9ration des accus\u00e9s\" \/>\n<meta property=\"og:description\" content=\"La chambre criminelle sp\u00e9cialis\u00e9e dans les affaires de terrorisme au tribunal de premi\u00e8re instance de Tunis a report\u00e9 l\u2019examen de l\u2019affaire relative aux r\u00e9seaux...\" \/>\n<meta property=\"og:url\" content=\"https:\/\/www.webdo.tn\/fr\/actualite\/national\/tunisie-reseaux-de-recrutement-refus-de-liberation-des-accuses\/217834\/\" \/>\n<meta property=\"og:site_name\" content=\"webdo\" \/>\n<meta property=\"article:publisher\" content=\"https:\/\/www.facebook.com\/webdotn\" \/>\n<meta property=\"article:published_time\" content=\"2024-11-25T10:27:00+00:00\" \/>\n<meta property=\"article:modified_time\" content=\"2025-05-20T22:15:15+00:00\" \/>\n<meta property=\"og:image\" content=\"https:\/\/www.webdo.tn\/fr\/wp-content\/uploads\/2024\/11\/ea7dde5bbeb8fd533609e60e99cb1607.webp\" \/>\n\t<meta property=\"og:image:width\" content=\"650\" \/>\n\t<meta property=\"og:image:height\" content=\"347\" \/>\n\t<meta property=\"og:image:type\" content=\"image\/webp\" \/>\n<meta name=\"author\" content=\"MC\" \/>\n<meta name=\"twitter:card\" content=\"summary_large_image\" \/>\n<meta name=\"twitter:creator\" content=\"@webdo_tn\" \/>\n<meta name=\"twitter:site\" content=\"@webdo_tn\" \/>\n<meta name=\"twitter:label1\" content=\"\u00c9crit par\" \/>\n\t<meta name=\"twitter:data1\" content=\"MC\" \/>\n\t<meta name=\"twitter:label2\" content=\"Dur\u00e9e de lecture estim\u00e9e\" \/>\n\t<meta name=\"twitter:data2\" content=\"1 minute\" \/>\n<script type=\"application\/ld+json\" class=\"yoast-schema-graph\">{\"@context\":\"https:\\\/\\\/schema.org\",\"@graph\":[{\"@type\":\"NewsArticle\",\"@id\":\"https:\\\/\\\/www.webdo.tn\\\/fr\\\/actualite\\\/national\\\/tunisie-reseaux-de-recrutement-refus-de-liberation-des-accuses\\\/217834\\\/#article\",\"isPartOf\":{\"@id\":\"https:\\\/\\\/www.webdo.tn\\\/fr\\\/actualite\\\/national\\\/tunisie-reseaux-de-recrutement-refus-de-liberation-des-accuses\\\/217834\\\/\"},\"author\":{\"name\":\"MC\",\"@id\":\"https:\\\/\\\/www.webdo.tn\\\/fr\\\/#\\\/schema\\\/person\\\/2c4929cbf5a809e3bd38617c6ce150f6\"},\"headline\":\"Tunisie &#8211; R\u00e9seaux de recrutement : Refus de lib\u00e9ration des accus\u00e9s\",\"datePublished\":\"2024-11-25T10:27:00+00:00\",\"dateModified\":\"2025-05-20T22:15:15+00:00\",\"mainEntityOfPage\":{\"@id\":\"https:\\\/\\\/www.webdo.tn\\\/fr\\\/actualite\\\/national\\\/tunisie-reseaux-de-recrutement-refus-de-liberation-des-accuses\\\/217834\\\/\"},\"wordCount\":222,\"commentCount\":0,\"publisher\":{\"@id\":\"https:\\\/\\\/www.webdo.tn\\\/fr\\\/#organization\"},\"image\":{\"@id\":\"https:\\\/\\\/www.webdo.tn\\\/fr\\\/actualite\\\/national\\\/tunisie-reseaux-de-recrutement-refus-de-liberation-des-accuses\\\/217834\\\/#primaryimage\"},\"thumbnailUrl\":\"https:\\\/\\\/www.webdo.tn\\\/fr\\\/wp-content\\\/uploads\\\/2024\\\/11\\\/ea7dde5bbeb8fd533609e60e99cb1607.webp\",\"keywords\":[\"'r\u00e9seaux de recrutement']\",\"Ennahdha\",\"envoi de jeunes\",\"Tunisie\",\"zones de conflit\"],\"articleSection\":[\"National\"],\"inLanguage\":\"fr-FR\"},{\"@type\":\"WebPage\",\"@id\":\"https:\\\/\\\/www.webdo.tn\\\/fr\\\/actualite\\\/national\\\/tunisie-reseaux-de-recrutement-refus-de-liberation-des-accuses\\\/217834\\\/\",\"url\":\"https:\\\/\\\/www.webdo.tn\\\/fr\\\/actualite\\\/national\\\/tunisie-reseaux-de-recrutement-refus-de-liberation-des-accuses\\\/217834\\\/\",\"name\":\"Tunisie - R\u00e9seaux de recrutement : Refus de lib\u00e9ration des accus\u00e9s\",\"isPartOf\":{\"@id\":\"https:\\\/\\\/www.webdo.tn\\\/fr\\\/#website\"},\"primaryImageOfPage\":{\"@id\":\"https:\\\/\\\/www.webdo.tn\\\/fr\\\/actualite\\\/national\\\/tunisie-reseaux-de-recrutement-refus-de-liberation-des-accuses\\\/217834\\\/#primaryimage\"},\"image\":{\"@id\":\"https:\\\/\\\/www.webdo.tn\\\/fr\\\/actualite\\\/national\\\/tunisie-reseaux-de-recrutement-refus-de-liberation-des-accuses\\\/217834\\\/#primaryimage\"},\"thumbnailUrl\":\"https:\\\/\\\/www.webdo.tn\\\/fr\\\/wp-content\\\/uploads\\\/2024\\\/11\\\/ea7dde5bbeb8fd533609e60e99cb1607.webp\",\"datePublished\":\"2024-11-25T10:27:00+00:00\",\"dateModified\":\"2025-05-20T22:15:15+00:00\",\"description\":\"La chambre criminelle sp\u00e9cialis\u00e9e dans les affaires de terrorisme au tribunal de premi\u00e8re instance de Tunis a report\u00e9 l\u2019examen de l\u2019affaire relative aux r\u00e9seaux...\",\"breadcrumb\":{\"@id\":\"https:\\\/\\\/www.webdo.tn\\\/fr\\\/actualite\\\/national\\\/tunisie-reseaux-de-recrutement-refus-de-liberation-des-accuses\\\/217834\\\/#breadcrumb\"},\"inLanguage\":\"fr-FR\",\"potentialAction\":[{\"@type\":\"ReadAction\",\"target\":[\"https:\\\/\\\/www.webdo.tn\\\/fr\\\/actualite\\\/national\\\/tunisie-reseaux-de-recrutement-refus-de-liberation-des-accuses\\\/217834\\\/\"]}]},{\"@type\":\"ImageObject\",\"inLanguage\":\"fr-FR\",\"@id\":\"https:\\\/\\\/www.webdo.tn\\\/fr\\\/actualite\\\/national\\\/tunisie-reseaux-de-recrutement-refus-de-liberation-des-accuses\\\/217834\\\/#primaryimage\",\"url\":\"https:\\\/\\\/www.webdo.tn\\\/fr\\\/wp-content\\\/uploads\\\/2024\\\/11\\\/ea7dde5bbeb8fd533609e60e99cb1607.webp\",\"contentUrl\":\"https:\\\/\\\/www.webdo.tn\\\/fr\\\/wp-content\\\/uploads\\\/2024\\\/11\\\/ea7dde5bbeb8fd533609e60e99cb1607.webp\",\"width\":650,\"height\":347,\"caption\":\"Tunisie - R\u00e9seaux de recrutement : Refus de lib\u00e9ration des accus\u00e9s\"},{\"@type\":\"BreadcrumbList\",\"@id\":\"https:\\\/\\\/www.webdo.tn\\\/fr\\\/actualite\\\/national\\\/tunisie-reseaux-de-recrutement-refus-de-liberation-des-accuses\\\/217834\\\/#breadcrumb\",\"itemListElement\":[{\"@type\":\"ListItem\",\"position\":1,\"name\":\"Accueil\",\"item\":\"https:\\\/\\\/www.webdo.tn\\\/fr\\\/\"},{\"@type\":\"ListItem\",\"position\":2,\"name\":\"Tunisie &#8211; R\u00e9seaux de recrutement : Refus de lib\u00e9ration des accus\u00e9s\"}]},{\"@type\":\"WebSite\",\"@id\":\"https:\\\/\\\/www.webdo.tn\\\/fr\\\/#website\",\"url\":\"https:\\\/\\\/www.webdo.tn\\\/fr\\\/\",\"name\":\"webdo\",\"description\":\"Tunisie - News en Tunisie et \u00e0 l&#039;international sur Webdo.tn\",\"publisher\":{\"@id\":\"https:\\\/\\\/www.webdo.tn\\\/fr\\\/#organization\"},\"potentialAction\":[{\"@type\":\"SearchAction\",\"target\":{\"@type\":\"EntryPoint\",\"urlTemplate\":\"https:\\\/\\\/www.webdo.tn\\\/fr\\\/?s={search_term_string}\"},\"query-input\":{\"@type\":\"PropertyValueSpecification\",\"valueRequired\":true,\"valueName\":\"search_term_string\"}}],\"inLanguage\":\"fr-FR\"},{\"@type\":\"Organization\",\"@id\":\"https:\\\/\\\/www.webdo.tn\\\/fr\\\/#organization\",\"name\":\"Webdo\",\"alternateName\":\"Webdo.tn\",\"url\":\"https:\\\/\\\/www.webdo.tn\\\/fr\\\/\",\"logo\":{\"@type\":\"ImageObject\",\"inLanguage\":\"fr-FR\",\"@id\":\"https:\\\/\\\/www.webdo.tn\\\/fr\\\/#\\\/schema\\\/logo\\\/image\\\/\",\"url\":\"https:\\\/\\\/www.webdo.tn\\\/fr\\\/wp-content\\\/uploads\\\/2025\\\/06\\\/Webdo-Tunisie_168377.jpg\",\"contentUrl\":\"https:\\\/\\\/www.webdo.tn\\\/fr\\\/wp-content\\\/uploads\\\/2025\\\/06\\\/Webdo-Tunisie_168377.jpg\",\"width\":301,\"height\":301,\"caption\":\"Webdo\"},\"image\":{\"@id\":\"https:\\\/\\\/www.webdo.tn\\\/fr\\\/#\\\/schema\\\/logo\\\/image\\\/\"},\"sameAs\":[\"https:\\\/\\\/www.facebook.com\\\/webdotn\",\"https:\\\/\\\/x.com\\\/webdo_tn\"],\"description\":\"Webdo est un m\u00e9dia num\u00e9rique tunisien fond\u00e9 en 2010, sp\u00e9cialis\u00e9 dans l\u2019actualit\u00e9 nationale et internationale, l\u2019\u00e9conomie, la soci\u00e9t\u00e9 et les analyses politiques. Le site s\u2019adresse \u00e0 un large public francophone et couvre l\u2019information tunisienne en temps r\u00e9el.\",\"email\":\"redac@webdo.tn\",\"legalName\":\"YNJ SARL\",\"foundingDate\":\"2010-09-06\",\"numberOfEmployees\":{\"@type\":\"QuantitativeValue\",\"minValue\":\"11\",\"maxValue\":\"50\"}},{\"@type\":\"Person\",\"@id\":\"https:\\\/\\\/www.webdo.tn\\\/fr\\\/#\\\/schema\\\/person\\\/2c4929cbf5a809e3bd38617c6ce150f6\",\"name\":\"MC\",\"image\":{\"@type\":\"ImageObject\",\"inLanguage\":\"fr-FR\",\"@id\":\"https:\\\/\\\/secure.gravatar.com\\\/avatar\\\/a545bbb6f84efdd5553dbbc2895e3ca8f1d12c5215e00a041c9670b54aa9b18a?s=96&d=mm&r=g\",\"url\":\"https:\\\/\\\/secure.gravatar.com\\\/avatar\\\/a545bbb6f84efdd5553dbbc2895e3ca8f1d12c5215e00a041c9670b54aa9b18a?s=96&d=mm&r=g\",\"contentUrl\":\"https:\\\/\\\/secure.gravatar.com\\\/avatar\\\/a545bbb6f84efdd5553dbbc2895e3ca8f1d12c5215e00a041c9670b54aa9b18a?s=96&d=mm&r=g\",\"caption\":\"MC\"},\"url\":\"https:\\\/\\\/www.webdo.tn\\\/fr\\\/actualite\\\/author\\\/mc\\\/\"}]}<\/script>\n<!-- \/ Yoast SEO Premium plugin. -->","yoast_head_json":{"title":"Tunisie - R\u00e9seaux de recrutement : Refus de lib\u00e9ration des accus\u00e9s","description":"La chambre criminelle sp\u00e9cialis\u00e9e dans les affaires de terrorisme au tribunal de premi\u00e8re instance de Tunis a report\u00e9 l\u2019examen de l\u2019affaire relative aux r\u00e9seaux...","canonical":"https:\/\/www.webdo.tn\/fr\/actualite\/national\/tunisie-reseaux-de-recrutement-refus-de-liberation-des-accuses\/217834\/","og_locale":"fr_FR","og_type":"article","og_title":"Tunisie - R\u00e9seaux de recrutement : Refus de lib\u00e9ration des accus\u00e9s","og_description":"La chambre criminelle sp\u00e9cialis\u00e9e dans les affaires de terrorisme au tribunal de premi\u00e8re instance de Tunis a report\u00e9 l\u2019examen de l\u2019affaire relative aux r\u00e9seaux...","og_url":"https:\/\/www.webdo.tn\/fr\/actualite\/national\/tunisie-reseaux-de-recrutement-refus-de-liberation-des-accuses\/217834\/","og_site_name":"webdo","article_publisher":"https:\/\/www.facebook.com\/webdotn","article_published_time":"2024-11-25T10:27:00+00:00","article_modified_time":"2025-05-20T22:15:15+00:00","og_image":[{"width":650,"height":347,"url":"https:\/\/www.webdo.tn\/fr\/wp-content\/uploads\/2024\/11\/ea7dde5bbeb8fd533609e60e99cb1607.webp","type":"image\/webp"}],"author":"MC","twitter_card":"summary_large_image","twitter_creator":"@webdo_tn","twitter_site":"@webdo_tn","twitter_misc":{"\u00c9crit par":"MC","Dur\u00e9e de lecture estim\u00e9e":"1 minute"},"schema":{"@context":"https:\/\/schema.org","@graph":[{"@type":"NewsArticle","@id":"https:\/\/www.webdo.tn\/fr\/actualite\/national\/tunisie-reseaux-de-recrutement-refus-de-liberation-des-accuses\/217834\/#article","isPartOf":{"@id":"https:\/\/www.webdo.tn\/fr\/actualite\/national\/tunisie-reseaux-de-recrutement-refus-de-liberation-des-accuses\/217834\/"},"author":{"name":"MC","@id":"https:\/\/www.webdo.tn\/fr\/#\/schema\/person\/2c4929cbf5a809e3bd38617c6ce150f6"},"headline":"Tunisie &#8211; R\u00e9seaux de recrutement : Refus de lib\u00e9ration des accus\u00e9s","datePublished":"2024-11-25T10:27:00+00:00","dateModified":"2025-05-20T22:15:15+00:00","mainEntityOfPage":{"@id":"https:\/\/www.webdo.tn\/fr\/actualite\/national\/tunisie-reseaux-de-recrutement-refus-de-liberation-des-accuses\/217834\/"},"wordCount":222,"commentCount":0,"publisher":{"@id":"https:\/\/www.webdo.tn\/fr\/#organization"},"image":{"@id":"https:\/\/www.webdo.tn\/fr\/actualite\/national\/tunisie-reseaux-de-recrutement-refus-de-liberation-des-accuses\/217834\/#primaryimage"},"thumbnailUrl":"https:\/\/www.webdo.tn\/fr\/wp-content\/uploads\/2024\/11\/ea7dde5bbeb8fd533609e60e99cb1607.webp","keywords":["'r\u00e9seaux de recrutement']","Ennahdha","envoi de jeunes","Tunisie","zones de conflit"],"articleSection":["National"],"inLanguage":"fr-FR"},{"@type":"WebPage","@id":"https:\/\/www.webdo.tn\/fr\/actualite\/national\/tunisie-reseaux-de-recrutement-refus-de-liberation-des-accuses\/217834\/","url":"https:\/\/www.webdo.tn\/fr\/actualite\/national\/tunisie-reseaux-de-recrutement-refus-de-liberation-des-accuses\/217834\/","name":"Tunisie - R\u00e9seaux de recrutement : Refus de lib\u00e9ration des accus\u00e9s","isPartOf":{"@id":"https:\/\/www.webdo.tn\/fr\/#website"},"primaryImageOfPage":{"@id":"https:\/\/www.webdo.tn\/fr\/actualite\/national\/tunisie-reseaux-de-recrutement-refus-de-liberation-des-accuses\/217834\/#primaryimage"},"image":{"@id":"https:\/\/www.webdo.tn\/fr\/actualite\/national\/tunisie-reseaux-de-recrutement-refus-de-liberation-des-accuses\/217834\/#primaryimage"},"thumbnailUrl":"https:\/\/www.webdo.tn\/fr\/wp-content\/uploads\/2024\/11\/ea7dde5bbeb8fd533609e60e99cb1607.webp","datePublished":"2024-11-25T10:27:00+00:00","dateModified":"2025-05-20T22:15:15+00:00","description":"La chambre criminelle sp\u00e9cialis\u00e9e dans les affaires de terrorisme au tribunal de premi\u00e8re instance de Tunis a report\u00e9 l\u2019examen de l\u2019affaire relative aux r\u00e9seaux...","breadcrumb":{"@id":"https:\/\/www.webdo.tn\/fr\/actualite\/national\/tunisie-reseaux-de-recrutement-refus-de-liberation-des-accuses\/217834\/#breadcrumb"},"inLanguage":"fr-FR","potentialAction":[{"@type":"ReadAction","target":["https:\/\/www.webdo.tn\/fr\/actualite\/national\/tunisie-reseaux-de-recrutement-refus-de-liberation-des-accuses\/217834\/"]}]},{"@type":"ImageObject","inLanguage":"fr-FR","@id":"https:\/\/www.webdo.tn\/fr\/actualite\/national\/tunisie-reseaux-de-recrutement-refus-de-liberation-des-accuses\/217834\/#primaryimage","url":"https:\/\/www.webdo.tn\/fr\/wp-content\/uploads\/2024\/11\/ea7dde5bbeb8fd533609e60e99cb1607.webp","contentUrl":"https:\/\/www.webdo.tn\/fr\/wp-content\/uploads\/2024\/11\/ea7dde5bbeb8fd533609e60e99cb1607.webp","width":650,"height":347,"caption":"Tunisie - R\u00e9seaux de recrutement : Refus de lib\u00e9ration des accus\u00e9s"},{"@type":"BreadcrumbList","@id":"https:\/\/www.webdo.tn\/fr\/actualite\/national\/tunisie-reseaux-de-recrutement-refus-de-liberation-des-accuses\/217834\/#breadcrumb","itemListElement":[{"@type":"ListItem","position":1,"name":"Accueil","item":"https:\/\/www.webdo.tn\/fr\/"},{"@type":"ListItem","position":2,"name":"Tunisie &#8211; R\u00e9seaux de recrutement : Refus de lib\u00e9ration des accus\u00e9s"}]},{"@type":"WebSite","@id":"https:\/\/www.webdo.tn\/fr\/#website","url":"https:\/\/www.webdo.tn\/fr\/","name":"webdo","description":"Tunisie - News en Tunisie et \u00e0 l&#039;international sur Webdo.tn","publisher":{"@id":"https:\/\/www.webdo.tn\/fr\/#organization"},"potentialAction":[{"@type":"SearchAction","target":{"@type":"EntryPoint","urlTemplate":"https:\/\/www.webdo.tn\/fr\/?s={search_term_string}"},"query-input":{"@type":"PropertyValueSpecification","valueRequired":true,"valueName":"search_term_string"}}],"inLanguage":"fr-FR"},{"@type":"Organization","@id":"https:\/\/www.webdo.tn\/fr\/#organization","name":"Webdo","alternateName":"Webdo.tn","url":"https:\/\/www.webdo.tn\/fr\/","logo":{"@type":"ImageObject","inLanguage":"fr-FR","@id":"https:\/\/www.webdo.tn\/fr\/#\/schema\/logo\/image\/","url":"https:\/\/www.webdo.tn\/fr\/wp-content\/uploads\/2025\/06\/Webdo-Tunisie_168377.jpg","contentUrl":"https:\/\/www.webdo.tn\/fr\/wp-content\/uploads\/2025\/06\/Webdo-Tunisie_168377.jpg","width":301,"height":301,"caption":"Webdo"},"image":{"@id":"https:\/\/www.webdo.tn\/fr\/#\/schema\/logo\/image\/"},"sameAs":["https:\/\/www.facebook.com\/webdotn","https:\/\/x.com\/webdo_tn"],"description":"Webdo est un m\u00e9dia num\u00e9rique tunisien fond\u00e9 en 2010, sp\u00e9cialis\u00e9 dans l\u2019actualit\u00e9 nationale et internationale, l\u2019\u00e9conomie, la soci\u00e9t\u00e9 et les analyses politiques. Le site s\u2019adresse \u00e0 un large public francophone et couvre l\u2019information tunisienne en temps r\u00e9el.","email":"redac@webdo.tn","legalName":"YNJ SARL","foundingDate":"2010-09-06","numberOfEmployees":{"@type":"QuantitativeValue","minValue":"11","maxValue":"50"}},{"@type":"Person","@id":"https:\/\/www.webdo.tn\/fr\/#\/schema\/person\/2c4929cbf5a809e3bd38617c6ce150f6","name":"MC","image":{"@type":"ImageObject","inLanguage":"fr-FR","@id":"https:\/\/secure.gravatar.com\/avatar\/a545bbb6f84efdd5553dbbc2895e3ca8f1d12c5215e00a041c9670b54aa9b18a?s=96&d=mm&r=g","url":"https:\/\/secure.gravatar.com\/avatar\/a545bbb6f84efdd5553dbbc2895e3ca8f1d12c5215e00a041c9670b54aa9b18a?s=96&d=mm&r=g","contentUrl":"https:\/\/secure.gravatar.com\/avatar\/a545bbb6f84efdd5553dbbc2895e3ca8f1d12c5215e00a041c9670b54aa9b18a?s=96&d=mm&r=g","caption":"MC"},"url":"https:\/\/www.webdo.tn\/fr\/actualite\/author\/mc\/"}]}},"_links":{"self":[{"href":"https:\/\/www.webdo.tn\/fr\/wp-json\/wp\/v2\/posts\/217834","targetHints":{"allow":["GET"]}}],"collection":[{"href":"https:\/\/www.webdo.tn\/fr\/wp-json\/wp\/v2\/posts"}],"about":[{"href":"https:\/\/www.webdo.tn\/fr\/wp-json\/wp\/v2\/types\/post"}],"author":[{"embeddable":true,"href":"https:\/\/www.webdo.tn\/fr\/wp-json\/wp\/v2\/users\/3162"}],"replies":[{"embeddable":true,"href":"https:\/\/www.webdo.tn\/fr\/wp-json\/wp\/v2\/comments?post=217834"}],"version-history":[{"count":0,"href":"https:\/\/www.webdo.tn\/fr\/wp-json\/wp\/v2\/posts\/217834\/revisions"}],"wp:featuredmedia":[{"embeddable":true,"href":"https:\/\/www.webdo.tn\/fr\/wp-json\/wp\/v2\/media\/291398"}],"wp:attachment":[{"href":"https:\/\/www.webdo.tn\/fr\/wp-json\/wp\/v2\/media?parent=217834"}],"wp:term":[{"taxonomy":"category","embeddable":true,"href":"https:\/\/www.webdo.tn\/fr\/wp-json\/wp\/v2\/categories?post=217834"},{"taxonomy":"post_tag","embeddable":true,"href":"https:\/\/www.webdo.tn\/fr\/wp-json\/wp\/v2\/tags?post=217834"}],"curies":[{"name":"wp","href":"https:\/\/api.w.org\/{rel}","templated":true}]}}