{"id":217830,"date":"2024-11-25T09:46:00","date_gmt":"2024-11-25T09:46:00","guid":{"rendered":"https:\/\/www.webdo.tn\/fr\/blog\/tunisie-manifestation-contre-maersk-accuse-de-soutenir-israel\/217830\/"},"modified":"2024-11-25T09:46:00","modified_gmt":"2024-11-25T09:46:00","slug":"tunisie-manifestation-contre-maersk-accuse-de-soutenir-israel","status":"publish","type":"post","link":"https:\/\/www.webdo.tn\/fr\/actualite\/national\/tunisie-manifestation-contre-maersk-accuse-de-soutenir-israel\/217830\/","title":{"rendered":"Tunisie : Manifestation contre Maersk, accus\u00e9 de soutenir Isra\u00ebl"},"content":{"rendered":"<p>Des dizaines de manifestants se sont rassembl\u00e9s, samedi 23\u00a0novembre, devant les locaux de Maersk, situ\u00e9s au Kram, pour d\u00e9noncer les activit\u00e9s de l\u2019entreprise maritime danoise. Les protestataires, men\u00e9s par le collectif \u00ab\u00a0Action Commune pour la Palestine\u00a0\u00bb, reprochent \u00e0 Maersk de transporter des armes \u00e0 destination d&rsquo;Isra\u00ebl. \u00a0<\/p>\n<p>\t\t\t\t\t\t\t\t\tScandant des slogans tels que \u00ab\u00a0Vive la Palestine\u00a0\u00bb et \u00ab\u00a0Non aux navires sionistes dans les eaux tunisiennes\u00a0\u00bb, les manifestants ont exig\u00e9 la fermeture des op\u00e9rations locales du g\u00e9ant maritime. Cette mobilisation intervient apr\u00e8s les r\u00e9v\u00e9lations de quatre organisations tunisiennes affirmant que les autorit\u00e9s tunisiennes auraient autoris\u00e9 un navire Maersk \u00e0 traverser les eaux territoriales du pays. \u00a0<\/p>\n<p>Selon un communiqu\u00e9 conjoint, ce navire, refus\u00e9 dans les ports espagnols, aurait fait escale au port Tanger Med au Maroc avant d&rsquo;approcher les eaux tunisiennes. Deux cargos en particulier, le Maersk Denver\u00a0et le Maersk Centar, sont accus\u00e9s de transporter des armes vers Isra\u00ebl. \u00a0<\/p>\n<p>Les organisations civiles tunisiennes ont interpell\u00e9 les autorit\u00e9s nationales, notamment la pr\u00e9sidence, le gouvernement et les minist\u00e8res de la D\u00e9fense et des Affaires \u00e9trang\u00e8res, en exigeant des explications.<\/p>\n<p>\u00ab\u00a0Nous rejetons cat\u00e9goriquement l&rsquo;utilisation de nos eaux territoriales pour soutenir le g\u00e9nocide du peuple palestinien\u00a0\u00bb, ont-elles d\u00e9clar\u00e9, appelant \u00e0 interdire l&rsquo;acc\u00e8s \u00e0 tout navire en route vers Isra\u00ebl, particuli\u00e8rement ceux transportant des armes ou du mat\u00e9riel militaire.<\/p>\n","protected":false},"excerpt":{"rendered":"<p>En Tunisie, des manifestants pro-palestiniens d\u00e9noncent les activit\u00e9s de Maersk, accus\u00e9 de transporter des armes vers Isra\u00ebl. Pol\u00e9mique autour de l&rsquo;utilisation&#8230;<\/p>\n","protected":false},"author":4779,"featured_media":291394,"comment_status":"open","ping_status":"closed","sticky":false,"template":"","format":"standard","meta":{"footnotes":""},"categories":[44],"tags":[9904,2688,2608],"class_list":["post-217830","post","type-post","status-publish","format-standard","has-post-thumbnail","hentry","category-national","tag-maersk","tag-palestine","tag-tunisie"],"yoast_head":"<!-- This site is optimized with the Yoast SEO Premium plugin v27.5 (Yoast SEO v27.5) - https:\/\/yoast.com\/product\/yoast-seo-premium-wordpress\/ -->\n<title>Tunisie : Manifestation contre Maersk, accus\u00e9 de soutenir Isra\u00ebl<\/title>\n<meta name=\"description\" content=\"En Tunisie, des manifestants pro-palestiniens d\u00e9noncent les activit\u00e9s de Maersk, accus\u00e9 de transporter des armes vers Isra\u00ebl. Pol\u00e9mique autour de l&#039;utilisation...\" \/>\n<link rel=\"canonical\" href=\"https:\/\/www.webdo.tn\/fr\/actualite\/national\/tunisie-manifestation-contre-maersk-accuse-de-soutenir-israel\/217830\/\" \/>\n<meta property=\"og:locale\" content=\"fr_FR\" \/>\n<meta property=\"og:type\" content=\"article\" \/>\n<meta property=\"og:title\" content=\"Tunisie : Manifestation contre Maersk, accus\u00e9 de soutenir Isra\u00ebl\" \/>\n<meta property=\"og:description\" content=\"En Tunisie, des manifestants pro-palestiniens d\u00e9noncent les activit\u00e9s de Maersk, accus\u00e9 de transporter des armes vers Isra\u00ebl. Pol\u00e9mique autour de l&#039;utilisation...\" \/>\n<meta property=\"og:url\" content=\"https:\/\/www.webdo.tn\/fr\/actualite\/national\/tunisie-manifestation-contre-maersk-accuse-de-soutenir-israel\/217830\/\" \/>\n<meta property=\"og:site_name\" content=\"webdo\" \/>\n<meta property=\"article:publisher\" content=\"https:\/\/www.facebook.com\/webdotn\" \/>\n<meta property=\"article:published_time\" content=\"2024-11-25T09:46:00+00:00\" \/>\n<meta property=\"og:image\" content=\"https:\/\/www.webdo.tn\/fr\/wp-content\/uploads\/2024\/11\/791a9ed47b06d2d709f1729a375043ad.webp\" \/>\n\t<meta property=\"og:image:width\" content=\"750\" \/>\n\t<meta property=\"og:image:height\" content=\"400\" \/>\n\t<meta property=\"og:image:type\" content=\"image\/webp\" \/>\n<meta name=\"author\" content=\"Firas Ben Abdeltif\" \/>\n<meta name=\"twitter:card\" content=\"summary_large_image\" \/>\n<meta name=\"twitter:creator\" content=\"@webdo_tn\" \/>\n<meta name=\"twitter:site\" content=\"@webdo_tn\" \/>\n<meta name=\"twitter:label1\" content=\"\u00c9crit par\" \/>\n\t<meta name=\"twitter:data1\" content=\"Firas Ben Abdeltif\" \/>\n\t<meta name=\"twitter:label2\" content=\"Dur\u00e9e de lecture estim\u00e9e\" \/>\n\t<meta name=\"twitter:data2\" content=\"1 minute\" \/>\n<script type=\"application\/ld+json\" class=\"yoast-schema-graph\">{\"@context\":\"https:\\\/\\\/schema.org\",\"@graph\":[{\"@type\":\"NewsArticle\",\"@id\":\"https:\\\/\\\/www.webdo.tn\\\/fr\\\/actualite\\\/national\\\/tunisie-manifestation-contre-maersk-accuse-de-soutenir-israel\\\/217830\\\/#article\",\"isPartOf\":{\"@id\":\"https:\\\/\\\/www.webdo.tn\\\/fr\\\/actualite\\\/national\\\/tunisie-manifestation-contre-maersk-accuse-de-soutenir-israel\\\/217830\\\/\"},\"author\":{\"name\":\"Firas Ben Abdeltif\",\"@id\":\"https:\\\/\\\/www.webdo.tn\\\/fr\\\/#\\\/schema\\\/person\\\/19664196c9bfdcda126f3c27709f7d11\"},\"headline\":\"Tunisie : Manifestation contre Maersk, accus\u00e9 de soutenir Isra\u00ebl\",\"datePublished\":\"2024-11-25T09:46:00+00:00\",\"mainEntityOfPage\":{\"@id\":\"https:\\\/\\\/www.webdo.tn\\\/fr\\\/actualite\\\/national\\\/tunisie-manifestation-contre-maersk-accuse-de-soutenir-israel\\\/217830\\\/\"},\"wordCount\":246,\"commentCount\":0,\"publisher\":{\"@id\":\"https:\\\/\\\/www.webdo.tn\\\/fr\\\/#organization\"},\"image\":{\"@id\":\"https:\\\/\\\/www.webdo.tn\\\/fr\\\/actualite\\\/national\\\/tunisie-manifestation-contre-maersk-accuse-de-soutenir-israel\\\/217830\\\/#primaryimage\"},\"thumbnailUrl\":\"https:\\\/\\\/www.webdo.tn\\\/fr\\\/wp-content\\\/uploads\\\/2024\\\/11\\\/791a9ed47b06d2d709f1729a375043ad.webp\",\"keywords\":[\"'Maersk'\",\"Palestine\",\"Tunisie\"],\"articleSection\":[\"National\"],\"inLanguage\":\"fr-FR\"},{\"@type\":\"WebPage\",\"@id\":\"https:\\\/\\\/www.webdo.tn\\\/fr\\\/actualite\\\/national\\\/tunisie-manifestation-contre-maersk-accuse-de-soutenir-israel\\\/217830\\\/\",\"url\":\"https:\\\/\\\/www.webdo.tn\\\/fr\\\/actualite\\\/national\\\/tunisie-manifestation-contre-maersk-accuse-de-soutenir-israel\\\/217830\\\/\",\"name\":\"Tunisie : Manifestation contre Maersk, accus\u00e9 de soutenir Isra\u00ebl\",\"isPartOf\":{\"@id\":\"https:\\\/\\\/www.webdo.tn\\\/fr\\\/#website\"},\"primaryImageOfPage\":{\"@id\":\"https:\\\/\\\/www.webdo.tn\\\/fr\\\/actualite\\\/national\\\/tunisie-manifestation-contre-maersk-accuse-de-soutenir-israel\\\/217830\\\/#primaryimage\"},\"image\":{\"@id\":\"https:\\\/\\\/www.webdo.tn\\\/fr\\\/actualite\\\/national\\\/tunisie-manifestation-contre-maersk-accuse-de-soutenir-israel\\\/217830\\\/#primaryimage\"},\"thumbnailUrl\":\"https:\\\/\\\/www.webdo.tn\\\/fr\\\/wp-content\\\/uploads\\\/2024\\\/11\\\/791a9ed47b06d2d709f1729a375043ad.webp\",\"datePublished\":\"2024-11-25T09:46:00+00:00\",\"description\":\"En Tunisie, des manifestants pro-palestiniens d\u00e9noncent les activit\u00e9s de Maersk, accus\u00e9 de transporter des armes vers Isra\u00ebl. Pol\u00e9mique autour de l'utilisation...\",\"breadcrumb\":{\"@id\":\"https:\\\/\\\/www.webdo.tn\\\/fr\\\/actualite\\\/national\\\/tunisie-manifestation-contre-maersk-accuse-de-soutenir-israel\\\/217830\\\/#breadcrumb\"},\"inLanguage\":\"fr-FR\",\"potentialAction\":[{\"@type\":\"ReadAction\",\"target\":[\"https:\\\/\\\/www.webdo.tn\\\/fr\\\/actualite\\\/national\\\/tunisie-manifestation-contre-maersk-accuse-de-soutenir-israel\\\/217830\\\/\"]}]},{\"@type\":\"ImageObject\",\"inLanguage\":\"fr-FR\",\"@id\":\"https:\\\/\\\/www.webdo.tn\\\/fr\\\/actualite\\\/national\\\/tunisie-manifestation-contre-maersk-accuse-de-soutenir-israel\\\/217830\\\/#primaryimage\",\"url\":\"https:\\\/\\\/www.webdo.tn\\\/fr\\\/wp-content\\\/uploads\\\/2024\\\/11\\\/791a9ed47b06d2d709f1729a375043ad.webp\",\"contentUrl\":\"https:\\\/\\\/www.webdo.tn\\\/fr\\\/wp-content\\\/uploads\\\/2024\\\/11\\\/791a9ed47b06d2d709f1729a375043ad.webp\",\"width\":750,\"height\":400,\"caption\":\"Tunisie : Manifestation contre Maersk, accus\u00e9 de soutenir Isra\u00ebl\"},{\"@type\":\"BreadcrumbList\",\"@id\":\"https:\\\/\\\/www.webdo.tn\\\/fr\\\/actualite\\\/national\\\/tunisie-manifestation-contre-maersk-accuse-de-soutenir-israel\\\/217830\\\/#breadcrumb\",\"itemListElement\":[{\"@type\":\"ListItem\",\"position\":1,\"name\":\"Accueil\",\"item\":\"https:\\\/\\\/www.webdo.tn\\\/fr\\\/\"},{\"@type\":\"ListItem\",\"position\":2,\"name\":\"Tunisie : Manifestation contre Maersk, accus\u00e9 de soutenir Isra\u00ebl\"}]},{\"@type\":\"WebSite\",\"@id\":\"https:\\\/\\\/www.webdo.tn\\\/fr\\\/#website\",\"url\":\"https:\\\/\\\/www.webdo.tn\\\/fr\\\/\",\"name\":\"webdo\",\"description\":\"Tunisie - News en Tunisie et \u00e0 l&#039;international sur Webdo.tn\",\"publisher\":{\"@id\":\"https:\\\/\\\/www.webdo.tn\\\/fr\\\/#organization\"},\"potentialAction\":[{\"@type\":\"SearchAction\",\"target\":{\"@type\":\"EntryPoint\",\"urlTemplate\":\"https:\\\/\\\/www.webdo.tn\\\/fr\\\/?s={search_term_string}\"},\"query-input\":{\"@type\":\"PropertyValueSpecification\",\"valueRequired\":true,\"valueName\":\"search_term_string\"}}],\"inLanguage\":\"fr-FR\"},{\"@type\":\"Organization\",\"@id\":\"https:\\\/\\\/www.webdo.tn\\\/fr\\\/#organization\",\"name\":\"Webdo\",\"alternateName\":\"Webdo.tn\",\"url\":\"https:\\\/\\\/www.webdo.tn\\\/fr\\\/\",\"logo\":{\"@type\":\"ImageObject\",\"inLanguage\":\"fr-FR\",\"@id\":\"https:\\\/\\\/www.webdo.tn\\\/fr\\\/#\\\/schema\\\/logo\\\/image\\\/\",\"url\":\"https:\\\/\\\/www.webdo.tn\\\/fr\\\/wp-content\\\/uploads\\\/2025\\\/06\\\/Webdo-Tunisie_168377.jpg\",\"contentUrl\":\"https:\\\/\\\/www.webdo.tn\\\/fr\\\/wp-content\\\/uploads\\\/2025\\\/06\\\/Webdo-Tunisie_168377.jpg\",\"width\":301,\"height\":301,\"caption\":\"Webdo\"},\"image\":{\"@id\":\"https:\\\/\\\/www.webdo.tn\\\/fr\\\/#\\\/schema\\\/logo\\\/image\\\/\"},\"sameAs\":[\"https:\\\/\\\/www.facebook.com\\\/webdotn\",\"https:\\\/\\\/x.com\\\/webdo_tn\"],\"description\":\"Webdo est un m\u00e9dia num\u00e9rique tunisien fond\u00e9 en 2010, sp\u00e9cialis\u00e9 dans l\u2019actualit\u00e9 nationale et internationale, l\u2019\u00e9conomie, la soci\u00e9t\u00e9 et les analyses politiques. Le site s\u2019adresse \u00e0 un large public francophone et couvre l\u2019information tunisienne en temps r\u00e9el.\",\"email\":\"redac@webdo.tn\",\"legalName\":\"YNJ SARL\",\"foundingDate\":\"2010-09-06\",\"numberOfEmployees\":{\"@type\":\"QuantitativeValue\",\"minValue\":\"11\",\"maxValue\":\"50\"}},{\"@type\":\"Person\",\"@id\":\"https:\\\/\\\/www.webdo.tn\\\/fr\\\/#\\\/schema\\\/person\\\/19664196c9bfdcda126f3c27709f7d11\",\"name\":\"Firas Ben Abdeltif\",\"image\":{\"@type\":\"ImageObject\",\"inLanguage\":\"fr-FR\",\"@id\":\"https:\\\/\\\/secure.gravatar.com\\\/avatar\\\/161a347d40df098a084778c52ed133dbd85f14df003867067c5948081241ec55?s=96&d=mm&r=g\",\"url\":\"https:\\\/\\\/secure.gravatar.com\\\/avatar\\\/161a347d40df098a084778c52ed133dbd85f14df003867067c5948081241ec55?s=96&d=mm&r=g\",\"contentUrl\":\"https:\\\/\\\/secure.gravatar.com\\\/avatar\\\/161a347d40df098a084778c52ed133dbd85f14df003867067c5948081241ec55?s=96&d=mm&r=g\",\"caption\":\"Firas Ben Abdeltif\"},\"url\":\"https:\\\/\\\/www.webdo.tn\\\/fr\\\/actualite\\\/author\\\/firas-ben-abdeltif\\\/\"}]}<\/script>\n<!-- \/ Yoast SEO Premium plugin. -->","yoast_head_json":{"title":"Tunisie : Manifestation contre Maersk, accus\u00e9 de soutenir Isra\u00ebl","description":"En Tunisie, des manifestants pro-palestiniens d\u00e9noncent les activit\u00e9s de Maersk, accus\u00e9 de transporter des armes vers Isra\u00ebl. Pol\u00e9mique autour de l'utilisation...","canonical":"https:\/\/www.webdo.tn\/fr\/actualite\/national\/tunisie-manifestation-contre-maersk-accuse-de-soutenir-israel\/217830\/","og_locale":"fr_FR","og_type":"article","og_title":"Tunisie : Manifestation contre Maersk, accus\u00e9 de soutenir Isra\u00ebl","og_description":"En Tunisie, des manifestants pro-palestiniens d\u00e9noncent les activit\u00e9s de Maersk, accus\u00e9 de transporter des armes vers Isra\u00ebl. Pol\u00e9mique autour de l'utilisation...","og_url":"https:\/\/www.webdo.tn\/fr\/actualite\/national\/tunisie-manifestation-contre-maersk-accuse-de-soutenir-israel\/217830\/","og_site_name":"webdo","article_publisher":"https:\/\/www.facebook.com\/webdotn","article_published_time":"2024-11-25T09:46:00+00:00","og_image":[{"width":750,"height":400,"url":"https:\/\/www.webdo.tn\/fr\/wp-content\/uploads\/2024\/11\/791a9ed47b06d2d709f1729a375043ad.webp","type":"image\/webp"}],"author":"Firas Ben Abdeltif","twitter_card":"summary_large_image","twitter_creator":"@webdo_tn","twitter_site":"@webdo_tn","twitter_misc":{"\u00c9crit par":"Firas Ben Abdeltif","Dur\u00e9e de lecture estim\u00e9e":"1 minute"},"schema":{"@context":"https:\/\/schema.org","@graph":[{"@type":"NewsArticle","@id":"https:\/\/www.webdo.tn\/fr\/actualite\/national\/tunisie-manifestation-contre-maersk-accuse-de-soutenir-israel\/217830\/#article","isPartOf":{"@id":"https:\/\/www.webdo.tn\/fr\/actualite\/national\/tunisie-manifestation-contre-maersk-accuse-de-soutenir-israel\/217830\/"},"author":{"name":"Firas Ben Abdeltif","@id":"https:\/\/www.webdo.tn\/fr\/#\/schema\/person\/19664196c9bfdcda126f3c27709f7d11"},"headline":"Tunisie : Manifestation contre Maersk, accus\u00e9 de soutenir Isra\u00ebl","datePublished":"2024-11-25T09:46:00+00:00","mainEntityOfPage":{"@id":"https:\/\/www.webdo.tn\/fr\/actualite\/national\/tunisie-manifestation-contre-maersk-accuse-de-soutenir-israel\/217830\/"},"wordCount":246,"commentCount":0,"publisher":{"@id":"https:\/\/www.webdo.tn\/fr\/#organization"},"image":{"@id":"https:\/\/www.webdo.tn\/fr\/actualite\/national\/tunisie-manifestation-contre-maersk-accuse-de-soutenir-israel\/217830\/#primaryimage"},"thumbnailUrl":"https:\/\/www.webdo.tn\/fr\/wp-content\/uploads\/2024\/11\/791a9ed47b06d2d709f1729a375043ad.webp","keywords":["'Maersk'","Palestine","Tunisie"],"articleSection":["National"],"inLanguage":"fr-FR"},{"@type":"WebPage","@id":"https:\/\/www.webdo.tn\/fr\/actualite\/national\/tunisie-manifestation-contre-maersk-accuse-de-soutenir-israel\/217830\/","url":"https:\/\/www.webdo.tn\/fr\/actualite\/national\/tunisie-manifestation-contre-maersk-accuse-de-soutenir-israel\/217830\/","name":"Tunisie : Manifestation contre Maersk, accus\u00e9 de soutenir Isra\u00ebl","isPartOf":{"@id":"https:\/\/www.webdo.tn\/fr\/#website"},"primaryImageOfPage":{"@id":"https:\/\/www.webdo.tn\/fr\/actualite\/national\/tunisie-manifestation-contre-maersk-accuse-de-soutenir-israel\/217830\/#primaryimage"},"image":{"@id":"https:\/\/www.webdo.tn\/fr\/actualite\/national\/tunisie-manifestation-contre-maersk-accuse-de-soutenir-israel\/217830\/#primaryimage"},"thumbnailUrl":"https:\/\/www.webdo.tn\/fr\/wp-content\/uploads\/2024\/11\/791a9ed47b06d2d709f1729a375043ad.webp","datePublished":"2024-11-25T09:46:00+00:00","description":"En Tunisie, des manifestants pro-palestiniens d\u00e9noncent les activit\u00e9s de Maersk, accus\u00e9 de transporter des armes vers Isra\u00ebl. Pol\u00e9mique autour de l'utilisation...","breadcrumb":{"@id":"https:\/\/www.webdo.tn\/fr\/actualite\/national\/tunisie-manifestation-contre-maersk-accuse-de-soutenir-israel\/217830\/#breadcrumb"},"inLanguage":"fr-FR","potentialAction":[{"@type":"ReadAction","target":["https:\/\/www.webdo.tn\/fr\/actualite\/national\/tunisie-manifestation-contre-maersk-accuse-de-soutenir-israel\/217830\/"]}]},{"@type":"ImageObject","inLanguage":"fr-FR","@id":"https:\/\/www.webdo.tn\/fr\/actualite\/national\/tunisie-manifestation-contre-maersk-accuse-de-soutenir-israel\/217830\/#primaryimage","url":"https:\/\/www.webdo.tn\/fr\/wp-content\/uploads\/2024\/11\/791a9ed47b06d2d709f1729a375043ad.webp","contentUrl":"https:\/\/www.webdo.tn\/fr\/wp-content\/uploads\/2024\/11\/791a9ed47b06d2d709f1729a375043ad.webp","width":750,"height":400,"caption":"Tunisie : Manifestation contre Maersk, accus\u00e9 de soutenir Isra\u00ebl"},{"@type":"BreadcrumbList","@id":"https:\/\/www.webdo.tn\/fr\/actualite\/national\/tunisie-manifestation-contre-maersk-accuse-de-soutenir-israel\/217830\/#breadcrumb","itemListElement":[{"@type":"ListItem","position":1,"name":"Accueil","item":"https:\/\/www.webdo.tn\/fr\/"},{"@type":"ListItem","position":2,"name":"Tunisie : Manifestation contre Maersk, accus\u00e9 de soutenir Isra\u00ebl"}]},{"@type":"WebSite","@id":"https:\/\/www.webdo.tn\/fr\/#website","url":"https:\/\/www.webdo.tn\/fr\/","name":"webdo","description":"Tunisie - News en Tunisie et \u00e0 l&#039;international sur Webdo.tn","publisher":{"@id":"https:\/\/www.webdo.tn\/fr\/#organization"},"potentialAction":[{"@type":"SearchAction","target":{"@type":"EntryPoint","urlTemplate":"https:\/\/www.webdo.tn\/fr\/?s={search_term_string}"},"query-input":{"@type":"PropertyValueSpecification","valueRequired":true,"valueName":"search_term_string"}}],"inLanguage":"fr-FR"},{"@type":"Organization","@id":"https:\/\/www.webdo.tn\/fr\/#organization","name":"Webdo","alternateName":"Webdo.tn","url":"https:\/\/www.webdo.tn\/fr\/","logo":{"@type":"ImageObject","inLanguage":"fr-FR","@id":"https:\/\/www.webdo.tn\/fr\/#\/schema\/logo\/image\/","url":"https:\/\/www.webdo.tn\/fr\/wp-content\/uploads\/2025\/06\/Webdo-Tunisie_168377.jpg","contentUrl":"https:\/\/www.webdo.tn\/fr\/wp-content\/uploads\/2025\/06\/Webdo-Tunisie_168377.jpg","width":301,"height":301,"caption":"Webdo"},"image":{"@id":"https:\/\/www.webdo.tn\/fr\/#\/schema\/logo\/image\/"},"sameAs":["https:\/\/www.facebook.com\/webdotn","https:\/\/x.com\/webdo_tn"],"description":"Webdo est un m\u00e9dia num\u00e9rique tunisien fond\u00e9 en 2010, sp\u00e9cialis\u00e9 dans l\u2019actualit\u00e9 nationale et internationale, l\u2019\u00e9conomie, la soci\u00e9t\u00e9 et les analyses politiques. Le site s\u2019adresse \u00e0 un large public francophone et couvre l\u2019information tunisienne en temps r\u00e9el.","email":"redac@webdo.tn","legalName":"YNJ SARL","foundingDate":"2010-09-06","numberOfEmployees":{"@type":"QuantitativeValue","minValue":"11","maxValue":"50"}},{"@type":"Person","@id":"https:\/\/www.webdo.tn\/fr\/#\/schema\/person\/19664196c9bfdcda126f3c27709f7d11","name":"Firas Ben Abdeltif","image":{"@type":"ImageObject","inLanguage":"fr-FR","@id":"https:\/\/secure.gravatar.com\/avatar\/161a347d40df098a084778c52ed133dbd85f14df003867067c5948081241ec55?s=96&d=mm&r=g","url":"https:\/\/secure.gravatar.com\/avatar\/161a347d40df098a084778c52ed133dbd85f14df003867067c5948081241ec55?s=96&d=mm&r=g","contentUrl":"https:\/\/secure.gravatar.com\/avatar\/161a347d40df098a084778c52ed133dbd85f14df003867067c5948081241ec55?s=96&d=mm&r=g","caption":"Firas Ben Abdeltif"},"url":"https:\/\/www.webdo.tn\/fr\/actualite\/author\/firas-ben-abdeltif\/"}]}},"_links":{"self":[{"href":"https:\/\/www.webdo.tn\/fr\/wp-json\/wp\/v2\/posts\/217830","targetHints":{"allow":["GET"]}}],"collection":[{"href":"https:\/\/www.webdo.tn\/fr\/wp-json\/wp\/v2\/posts"}],"about":[{"href":"https:\/\/www.webdo.tn\/fr\/wp-json\/wp\/v2\/types\/post"}],"author":[{"embeddable":true,"href":"https:\/\/www.webdo.tn\/fr\/wp-json\/wp\/v2\/users\/4779"}],"replies":[{"embeddable":true,"href":"https:\/\/www.webdo.tn\/fr\/wp-json\/wp\/v2\/comments?post=217830"}],"version-history":[{"count":0,"href":"https:\/\/www.webdo.tn\/fr\/wp-json\/wp\/v2\/posts\/217830\/revisions"}],"wp:featuredmedia":[{"embeddable":true,"href":"https:\/\/www.webdo.tn\/fr\/wp-json\/wp\/v2\/media\/291394"}],"wp:attachment":[{"href":"https:\/\/www.webdo.tn\/fr\/wp-json\/wp\/v2\/media?parent=217830"}],"wp:term":[{"taxonomy":"category","embeddable":true,"href":"https:\/\/www.webdo.tn\/fr\/wp-json\/wp\/v2\/categories?post=217830"},{"taxonomy":"post_tag","embeddable":true,"href":"https:\/\/www.webdo.tn\/fr\/wp-json\/wp\/v2\/tags?post=217830"}],"curies":[{"name":"wp","href":"https:\/\/api.w.org\/{rel}","templated":true}]}}