{"id":217827,"date":"2024-11-25T08:48:00","date_gmt":"2024-11-25T08:48:00","guid":{"rendered":"https:\/\/www.webdo.tn\/fr\/blog\/2024\/11\/25\/tunisie-projet-de-loi-de-finances-demarrage-des-debats-en-pleniere\/"},"modified":"2025-05-20T21:46:26","modified_gmt":"2025-05-20T21:46:26","slug":"tunisie-projet-de-loi-de-finances-demarrage-des-debats-en-pleniere","status":"publish","type":"post","link":"https:\/\/www.webdo.tn\/fr\/actualite\/national\/tunisie-projet-de-loi-de-finances-demarrage-des-debats-en-pleniere\/217827\/","title":{"rendered":"Tunisie &#8211; Projet de Loi de finances : D\u00e9marrage des d\u00e9bats en pl\u00e9ni\u00e8re"},"content":{"rendered":"<p>Apr\u00e8s les pl\u00e9ni\u00e8res consacr\u00e9es \u00e0 l&rsquo;approbation des budgets allou\u00e9s aux diff\u00e9rents minist\u00e8res et structures de l\u2019Etat, place aux d\u00e9bats sur les dispositions du projet de Loi de finances 2025.<\/p>\n<p>\t\t\t\t\t\t\t\t\tLes d\u00e9put\u00e9s de l&rsquo;Assembl\u00e9e des repr\u00e9sentants du peuple et du Conseil national des r\u00e9gions et des districts, entament, \u00e0 partir d\u2019aujourd\u2019hui, les discussions sur les dispositions du projet de Loi de finances 2025.<\/p>\n<p>Les rapports des commissions des finances et du budget des deux chambres l\u00e9gislatives, seront soumis au d\u00e9bat, en pl\u00e9ni\u00e8re sachant que\u00a0 la Loi de finances doit \u00eatre approuv\u00e9e dans sa totalit\u00e9 par le Parlement et le Conseil r\u00e9gional et territorial.<\/p>\n<p>L&rsquo;examen du budget de l&rsquo;Etat 2025 a d\u00e9marr\u00e9 le 10 novembre avec les pl\u00e9ni\u00e8res consacr\u00e9es \u00e0 l&rsquo;approbation des budgets allou\u00e9s aux diff\u00e9rents minist\u00e8res et structures.<\/p>\n<p>La deuxi\u00e8me partie de la pl\u00e9ni\u00e8re commune des membres de l\u2019ARP et du CNRD pour l\u2019examen des dispositions du PLF 2025 ob\u00e9ira \u00e0 un calendrier.<\/p>\n<p>Lundi 25 et mardi 26 novembre, les rapports des commissions des finances et du budget de l\u2019ARP et du CNRD sur le PLF 2025 seront pr\u00e9sent\u00e9s avant le d\u00e9bat g\u00e9n\u00e9ral sur le PLF 2025 et l&rsquo;adoption des dispositions du PLF.<\/p>\n<p>De mardi \u00e0 vendredi, se tiendront les s\u00e9ances et le vote des membres de l\u2019ARP, \u00e0 leur niveau, sur le PLF 2025, y compris les allocations allou\u00e9es au titre de l\u2019ensemble des \u00ab missions et missions sp\u00e9ciales \u00bb et les articles, et ce avant l&rsquo;adoption de la Loi de Finances 2025, dans sa totalit\u00e9, par les membres de l\u2019ARP.<\/p>\n<p>Lundi 2, mardi 3 et mercredi 4 d\u00e9cembre 2024, une s\u00e9ance pl\u00e9ni\u00e8re et le vote des membres du CNRD sur le PLF 2025, d\u00e9j\u00e0 adopt\u00e9 par l\u2019ARP, y compris les allocations allou\u00e9es au titre de l\u2019ensemble des \u00ab missions et missions sp\u00e9ciales \u00bb et les articles, avant l&rsquo;adoption de la Loi de Finances 2025, dans sa totalit\u00e9, par les membres du CNRD.<\/p>\n<p>D\u2019apr\u00e8s le document du Projet de Loi de Finances 2025, \u00e9labor\u00e9 par le minist\u00e8re des Finances, le PLF pour l\u2019exercice 2025 table sur un d\u00e9ficit budg\u00e9taire de l\u2019ordre de 9,8 milliards de dinars, \u00e9tant donn\u00e9 que les charges budg\u00e9taires s\u2019\u00e9l\u00e8veraient \u00e0 59,828 milliards de dinars, alors que les ressources budg\u00e9taires se limiteraient \u00e0 50,028 milliards de dinars.<\/p>\n<p>Ces ressources seront mobilis\u00e9es, essentiellement (\u00e0 hauteur de 90%), gr\u00e2ce aux recettes fiscales (45,249 milliards de dinars). Les recettes non fiscales (4,429 milliards de dinars) et les dons (0,35 milliard de dinars) ne repr\u00e9senteront respectivement que 8,8% et 0,7% de l\u2019ensemble des ressources budg\u00e9taires.<\/p>\n<p>Selon la m\u00eame source, l\u2019Etat pr\u00e9voit de recourir, au cours de l\u2019exercice 2025, \u00e0 des emprunts internes, dont la valeur est estim\u00e9e \u00e0 21,872 milliards de dinars, et \u00e0 des cr\u00e9dits ext\u00e9rieurs s\u2019\u00e9levant \u00e0 6,131 milliards de dinars.<\/p>\n","protected":false},"excerpt":{"rendered":"<p>Apr\u00e8s les pl\u00e9ni\u00e8res consacr\u00e9es \u00e0 l&rsquo;approbation des budgets allou\u00e9s aux diff\u00e9rents minist\u00e8res et structures de l\u2019Etat, place aux d\u00e9bats sur les dispositions du p&#8230;<\/p>\n","protected":false},"author":3162,"featured_media":243886,"comment_status":"open","ping_status":"open","sticky":false,"template":"","format":"standard","meta":{"footnotes":""},"categories":[44],"tags":[4980,4981,3210,2772,4860,2608],"class_list":["post-217827","post","type-post","status-publish","format-standard","has-post-thumbnail","hentry","category-national","tag-budget-de-letat","tag-debat","tag-deputes","tag-parlement","tag-projet-de-loi-de-finances","tag-tunisie"],"yoast_head":"<!-- This site is optimized with the Yoast SEO Premium plugin v27.4 (Yoast SEO v27.5) - https:\/\/yoast.com\/product\/yoast-seo-premium-wordpress\/ -->\n<title>Tunisie - Projet de Loi de finances : D\u00e9marrage des d\u00e9bats en pl\u00e9ni\u00e8re<\/title>\n<meta name=\"description\" content=\"Apr\u00e8s les pl\u00e9ni\u00e8res consacr\u00e9es \u00e0 l&#039;approbation des budgets allou\u00e9s aux diff\u00e9rents minist\u00e8res et structures de l\u2019Etat, place aux d\u00e9bats sur les dispositions du p...\" \/>\n<link rel=\"canonical\" href=\"https:\/\/www.webdo.tn\/fr\/actualite\/national\/tunisie-projet-de-loi-de-finances-demarrage-des-debats-en-pleniere\/217827\/\" \/>\n<meta property=\"og:locale\" content=\"fr_FR\" \/>\n<meta property=\"og:type\" content=\"article\" \/>\n<meta property=\"og:title\" content=\"Tunisie - Projet de Loi de finances : D\u00e9marrage des d\u00e9bats en pl\u00e9ni\u00e8re\" \/>\n<meta property=\"og:description\" content=\"Apr\u00e8s les pl\u00e9ni\u00e8res consacr\u00e9es \u00e0 l&#039;approbation des budgets allou\u00e9s aux diff\u00e9rents minist\u00e8res et structures de l\u2019Etat, place aux d\u00e9bats sur les dispositions du p...\" \/>\n<meta property=\"og:url\" content=\"https:\/\/www.webdo.tn\/fr\/actualite\/national\/tunisie-projet-de-loi-de-finances-demarrage-des-debats-en-pleniere\/217827\/\" \/>\n<meta property=\"og:site_name\" content=\"webdo\" \/>\n<meta property=\"article:publisher\" content=\"https:\/\/www.facebook.com\/webdotn\" \/>\n<meta property=\"article:published_time\" content=\"2024-11-25T08:48:00+00:00\" \/>\n<meta property=\"article:modified_time\" content=\"2025-05-20T21:46:26+00:00\" \/>\n<meta property=\"og:image\" content=\"https:\/\/www.webdo.tn\/fr\/wp-content\/uploads\/2025\/05\/ea4ee358c2a3cf69f6f145e7e697e4fd-2.webp\" \/>\n\t<meta property=\"og:image:width\" content=\"750\" \/>\n\t<meta property=\"og:image:height\" content=\"400\" \/>\n\t<meta property=\"og:image:type\" content=\"image\/webp\" \/>\n<meta name=\"author\" content=\"MC\" \/>\n<meta name=\"twitter:card\" content=\"summary_large_image\" \/>\n<meta name=\"twitter:creator\" content=\"@webdo_tn\" \/>\n<meta name=\"twitter:site\" content=\"@webdo_tn\" \/>\n<meta name=\"twitter:label1\" content=\"\u00c9crit par\" \/>\n\t<meta name=\"twitter:data1\" content=\"MC\" \/>\n\t<meta name=\"twitter:label2\" content=\"Dur\u00e9e de lecture estim\u00e9e\" \/>\n\t<meta name=\"twitter:data2\" content=\"2 minutes\" \/>\n<script type=\"application\/ld+json\" class=\"yoast-schema-graph\">{\"@context\":\"https:\\\/\\\/schema.org\",\"@graph\":[{\"@type\":\"NewsArticle\",\"@id\":\"https:\\\/\\\/www.webdo.tn\\\/fr\\\/actualite\\\/national\\\/tunisie-projet-de-loi-de-finances-demarrage-des-debats-en-pleniere\\\/217827\\\/#article\",\"isPartOf\":{\"@id\":\"https:\\\/\\\/www.webdo.tn\\\/fr\\\/actualite\\\/national\\\/tunisie-projet-de-loi-de-finances-demarrage-des-debats-en-pleniere\\\/217827\\\/\"},\"author\":{\"name\":\"MC\",\"@id\":\"https:\\\/\\\/www.webdo.tn\\\/fr\\\/#\\\/schema\\\/person\\\/2c4929cbf5a809e3bd38617c6ce150f6\"},\"headline\":\"Tunisie &#8211; Projet de Loi de finances : D\u00e9marrage des d\u00e9bats en pl\u00e9ni\u00e8re\",\"datePublished\":\"2024-11-25T08:48:00+00:00\",\"dateModified\":\"2025-05-20T21:46:26+00:00\",\"mainEntityOfPage\":{\"@id\":\"https:\\\/\\\/www.webdo.tn\\\/fr\\\/actualite\\\/national\\\/tunisie-projet-de-loi-de-finances-demarrage-des-debats-en-pleniere\\\/217827\\\/\"},\"wordCount\":508,\"commentCount\":0,\"publisher\":{\"@id\":\"https:\\\/\\\/www.webdo.tn\\\/fr\\\/#organization\"},\"image\":{\"@id\":\"https:\\\/\\\/www.webdo.tn\\\/fr\\\/actualite\\\/national\\\/tunisie-projet-de-loi-de-finances-demarrage-des-debats-en-pleniere\\\/217827\\\/#primaryimage\"},\"thumbnailUrl\":\"https:\\\/\\\/www.webdo.tn\\\/fr\\\/wp-content\\\/uploads\\\/2025\\\/05\\\/ea4ee358c2a3cf69f6f145e7e697e4fd-2.webp\",\"keywords\":[\"Budget de l'Etat\",\"d\u00e9bat\",\"d\u00e9put\u00e9s\",\"Parlement\",\"projet de loi de finances\",\"Tunisie\"],\"articleSection\":[\"National\"],\"inLanguage\":\"fr-FR\"},{\"@type\":\"WebPage\",\"@id\":\"https:\\\/\\\/www.webdo.tn\\\/fr\\\/actualite\\\/national\\\/tunisie-projet-de-loi-de-finances-demarrage-des-debats-en-pleniere\\\/217827\\\/\",\"url\":\"https:\\\/\\\/www.webdo.tn\\\/fr\\\/actualite\\\/national\\\/tunisie-projet-de-loi-de-finances-demarrage-des-debats-en-pleniere\\\/217827\\\/\",\"name\":\"Tunisie - Projet de Loi de finances : D\u00e9marrage des d\u00e9bats en pl\u00e9ni\u00e8re\",\"isPartOf\":{\"@id\":\"https:\\\/\\\/www.webdo.tn\\\/fr\\\/#website\"},\"primaryImageOfPage\":{\"@id\":\"https:\\\/\\\/www.webdo.tn\\\/fr\\\/actualite\\\/national\\\/tunisie-projet-de-loi-de-finances-demarrage-des-debats-en-pleniere\\\/217827\\\/#primaryimage\"},\"image\":{\"@id\":\"https:\\\/\\\/www.webdo.tn\\\/fr\\\/actualite\\\/national\\\/tunisie-projet-de-loi-de-finances-demarrage-des-debats-en-pleniere\\\/217827\\\/#primaryimage\"},\"thumbnailUrl\":\"https:\\\/\\\/www.webdo.tn\\\/fr\\\/wp-content\\\/uploads\\\/2025\\\/05\\\/ea4ee358c2a3cf69f6f145e7e697e4fd-2.webp\",\"datePublished\":\"2024-11-25T08:48:00+00:00\",\"dateModified\":\"2025-05-20T21:46:26+00:00\",\"description\":\"Apr\u00e8s les pl\u00e9ni\u00e8res consacr\u00e9es \u00e0 l'approbation des budgets allou\u00e9s aux diff\u00e9rents minist\u00e8res et structures de l\u2019Etat, place aux d\u00e9bats sur les dispositions du p...\",\"breadcrumb\":{\"@id\":\"https:\\\/\\\/www.webdo.tn\\\/fr\\\/actualite\\\/national\\\/tunisie-projet-de-loi-de-finances-demarrage-des-debats-en-pleniere\\\/217827\\\/#breadcrumb\"},\"inLanguage\":\"fr-FR\",\"potentialAction\":[{\"@type\":\"ReadAction\",\"target\":[\"https:\\\/\\\/www.webdo.tn\\\/fr\\\/actualite\\\/national\\\/tunisie-projet-de-loi-de-finances-demarrage-des-debats-en-pleniere\\\/217827\\\/\"]}]},{\"@type\":\"ImageObject\",\"inLanguage\":\"fr-FR\",\"@id\":\"https:\\\/\\\/www.webdo.tn\\\/fr\\\/actualite\\\/national\\\/tunisie-projet-de-loi-de-finances-demarrage-des-debats-en-pleniere\\\/217827\\\/#primaryimage\",\"url\":\"https:\\\/\\\/www.webdo.tn\\\/fr\\\/wp-content\\\/uploads\\\/2025\\\/05\\\/ea4ee358c2a3cf69f6f145e7e697e4fd-2.webp\",\"contentUrl\":\"https:\\\/\\\/www.webdo.tn\\\/fr\\\/wp-content\\\/uploads\\\/2025\\\/05\\\/ea4ee358c2a3cf69f6f145e7e697e4fd-2.webp\",\"width\":750,\"height\":400},{\"@type\":\"BreadcrumbList\",\"@id\":\"https:\\\/\\\/www.webdo.tn\\\/fr\\\/actualite\\\/national\\\/tunisie-projet-de-loi-de-finances-demarrage-des-debats-en-pleniere\\\/217827\\\/#breadcrumb\",\"itemListElement\":[{\"@type\":\"ListItem\",\"position\":1,\"name\":\"Accueil\",\"item\":\"https:\\\/\\\/www.webdo.tn\\\/fr\\\/\"},{\"@type\":\"ListItem\",\"position\":2,\"name\":\"Tunisie &#8211; Projet de Loi de finances : D\u00e9marrage des d\u00e9bats en pl\u00e9ni\u00e8re\"}]},{\"@type\":\"WebSite\",\"@id\":\"https:\\\/\\\/www.webdo.tn\\\/fr\\\/#website\",\"url\":\"https:\\\/\\\/www.webdo.tn\\\/fr\\\/\",\"name\":\"webdo\",\"description\":\"Tunisie - News en Tunisie et \u00e0 l&#039;international sur Webdo.tn\",\"publisher\":{\"@id\":\"https:\\\/\\\/www.webdo.tn\\\/fr\\\/#organization\"},\"potentialAction\":[{\"@type\":\"SearchAction\",\"target\":{\"@type\":\"EntryPoint\",\"urlTemplate\":\"https:\\\/\\\/www.webdo.tn\\\/fr\\\/?s={search_term_string}\"},\"query-input\":{\"@type\":\"PropertyValueSpecification\",\"valueRequired\":true,\"valueName\":\"search_term_string\"}}],\"inLanguage\":\"fr-FR\"},{\"@type\":\"Organization\",\"@id\":\"https:\\\/\\\/www.webdo.tn\\\/fr\\\/#organization\",\"name\":\"Webdo\",\"alternateName\":\"Webdo.tn\",\"url\":\"https:\\\/\\\/www.webdo.tn\\\/fr\\\/\",\"logo\":{\"@type\":\"ImageObject\",\"inLanguage\":\"fr-FR\",\"@id\":\"https:\\\/\\\/www.webdo.tn\\\/fr\\\/#\\\/schema\\\/logo\\\/image\\\/\",\"url\":\"https:\\\/\\\/www.webdo.tn\\\/fr\\\/wp-content\\\/uploads\\\/2025\\\/06\\\/Webdo-Tunisie_168377.jpg\",\"contentUrl\":\"https:\\\/\\\/www.webdo.tn\\\/fr\\\/wp-content\\\/uploads\\\/2025\\\/06\\\/Webdo-Tunisie_168377.jpg\",\"width\":301,\"height\":301,\"caption\":\"Webdo\"},\"image\":{\"@id\":\"https:\\\/\\\/www.webdo.tn\\\/fr\\\/#\\\/schema\\\/logo\\\/image\\\/\"},\"sameAs\":[\"https:\\\/\\\/www.facebook.com\\\/webdotn\",\"https:\\\/\\\/x.com\\\/webdo_tn\"],\"description\":\"Webdo est un m\u00e9dia num\u00e9rique tunisien fond\u00e9 en 2010, sp\u00e9cialis\u00e9 dans l\u2019actualit\u00e9 nationale et internationale, l\u2019\u00e9conomie, la soci\u00e9t\u00e9 et les analyses politiques. Le site s\u2019adresse \u00e0 un large public francophone et couvre l\u2019information tunisienne en temps r\u00e9el.\",\"email\":\"redac@webdo.tn\",\"legalName\":\"YNJ SARL\",\"foundingDate\":\"2010-09-06\",\"numberOfEmployees\":{\"@type\":\"QuantitativeValue\",\"minValue\":\"11\",\"maxValue\":\"50\"}},{\"@type\":\"Person\",\"@id\":\"https:\\\/\\\/www.webdo.tn\\\/fr\\\/#\\\/schema\\\/person\\\/2c4929cbf5a809e3bd38617c6ce150f6\",\"name\":\"MC\",\"image\":{\"@type\":\"ImageObject\",\"inLanguage\":\"fr-FR\",\"@id\":\"https:\\\/\\\/secure.gravatar.com\\\/avatar\\\/a545bbb6f84efdd5553dbbc2895e3ca8f1d12c5215e00a041c9670b54aa9b18a?s=96&d=mm&r=g\",\"url\":\"https:\\\/\\\/secure.gravatar.com\\\/avatar\\\/a545bbb6f84efdd5553dbbc2895e3ca8f1d12c5215e00a041c9670b54aa9b18a?s=96&d=mm&r=g\",\"contentUrl\":\"https:\\\/\\\/secure.gravatar.com\\\/avatar\\\/a545bbb6f84efdd5553dbbc2895e3ca8f1d12c5215e00a041c9670b54aa9b18a?s=96&d=mm&r=g\",\"caption\":\"MC\"},\"url\":\"https:\\\/\\\/www.webdo.tn\\\/fr\\\/actualite\\\/author\\\/mc\\\/\"}]}<\/script>\n<!-- \/ Yoast SEO Premium plugin. -->","yoast_head_json":{"title":"Tunisie - Projet de Loi de finances : D\u00e9marrage des d\u00e9bats en pl\u00e9ni\u00e8re","description":"Apr\u00e8s les pl\u00e9ni\u00e8res consacr\u00e9es \u00e0 l'approbation des budgets allou\u00e9s aux diff\u00e9rents minist\u00e8res et structures de l\u2019Etat, place aux d\u00e9bats sur les dispositions du p...","canonical":"https:\/\/www.webdo.tn\/fr\/actualite\/national\/tunisie-projet-de-loi-de-finances-demarrage-des-debats-en-pleniere\/217827\/","og_locale":"fr_FR","og_type":"article","og_title":"Tunisie - Projet de Loi de finances : D\u00e9marrage des d\u00e9bats en pl\u00e9ni\u00e8re","og_description":"Apr\u00e8s les pl\u00e9ni\u00e8res consacr\u00e9es \u00e0 l'approbation des budgets allou\u00e9s aux diff\u00e9rents minist\u00e8res et structures de l\u2019Etat, place aux d\u00e9bats sur les dispositions du p...","og_url":"https:\/\/www.webdo.tn\/fr\/actualite\/national\/tunisie-projet-de-loi-de-finances-demarrage-des-debats-en-pleniere\/217827\/","og_site_name":"webdo","article_publisher":"https:\/\/www.facebook.com\/webdotn","article_published_time":"2024-11-25T08:48:00+00:00","article_modified_time":"2025-05-20T21:46:26+00:00","og_image":[{"width":750,"height":400,"url":"https:\/\/www.webdo.tn\/fr\/wp-content\/uploads\/2025\/05\/ea4ee358c2a3cf69f6f145e7e697e4fd-2.webp","type":"image\/webp"}],"author":"MC","twitter_card":"summary_large_image","twitter_creator":"@webdo_tn","twitter_site":"@webdo_tn","twitter_misc":{"\u00c9crit par":"MC","Dur\u00e9e de lecture estim\u00e9e":"2 minutes"},"schema":{"@context":"https:\/\/schema.org","@graph":[{"@type":"NewsArticle","@id":"https:\/\/www.webdo.tn\/fr\/actualite\/national\/tunisie-projet-de-loi-de-finances-demarrage-des-debats-en-pleniere\/217827\/#article","isPartOf":{"@id":"https:\/\/www.webdo.tn\/fr\/actualite\/national\/tunisie-projet-de-loi-de-finances-demarrage-des-debats-en-pleniere\/217827\/"},"author":{"name":"MC","@id":"https:\/\/www.webdo.tn\/fr\/#\/schema\/person\/2c4929cbf5a809e3bd38617c6ce150f6"},"headline":"Tunisie &#8211; Projet de Loi de finances : D\u00e9marrage des d\u00e9bats en pl\u00e9ni\u00e8re","datePublished":"2024-11-25T08:48:00+00:00","dateModified":"2025-05-20T21:46:26+00:00","mainEntityOfPage":{"@id":"https:\/\/www.webdo.tn\/fr\/actualite\/national\/tunisie-projet-de-loi-de-finances-demarrage-des-debats-en-pleniere\/217827\/"},"wordCount":508,"commentCount":0,"publisher":{"@id":"https:\/\/www.webdo.tn\/fr\/#organization"},"image":{"@id":"https:\/\/www.webdo.tn\/fr\/actualite\/national\/tunisie-projet-de-loi-de-finances-demarrage-des-debats-en-pleniere\/217827\/#primaryimage"},"thumbnailUrl":"https:\/\/www.webdo.tn\/fr\/wp-content\/uploads\/2025\/05\/ea4ee358c2a3cf69f6f145e7e697e4fd-2.webp","keywords":["Budget de l'Etat","d\u00e9bat","d\u00e9put\u00e9s","Parlement","projet de loi de finances","Tunisie"],"articleSection":["National"],"inLanguage":"fr-FR"},{"@type":"WebPage","@id":"https:\/\/www.webdo.tn\/fr\/actualite\/national\/tunisie-projet-de-loi-de-finances-demarrage-des-debats-en-pleniere\/217827\/","url":"https:\/\/www.webdo.tn\/fr\/actualite\/national\/tunisie-projet-de-loi-de-finances-demarrage-des-debats-en-pleniere\/217827\/","name":"Tunisie - Projet de Loi de finances : D\u00e9marrage des d\u00e9bats en pl\u00e9ni\u00e8re","isPartOf":{"@id":"https:\/\/www.webdo.tn\/fr\/#website"},"primaryImageOfPage":{"@id":"https:\/\/www.webdo.tn\/fr\/actualite\/national\/tunisie-projet-de-loi-de-finances-demarrage-des-debats-en-pleniere\/217827\/#primaryimage"},"image":{"@id":"https:\/\/www.webdo.tn\/fr\/actualite\/national\/tunisie-projet-de-loi-de-finances-demarrage-des-debats-en-pleniere\/217827\/#primaryimage"},"thumbnailUrl":"https:\/\/www.webdo.tn\/fr\/wp-content\/uploads\/2025\/05\/ea4ee358c2a3cf69f6f145e7e697e4fd-2.webp","datePublished":"2024-11-25T08:48:00+00:00","dateModified":"2025-05-20T21:46:26+00:00","description":"Apr\u00e8s les pl\u00e9ni\u00e8res consacr\u00e9es \u00e0 l'approbation des budgets allou\u00e9s aux diff\u00e9rents minist\u00e8res et structures de l\u2019Etat, place aux d\u00e9bats sur les dispositions du p...","breadcrumb":{"@id":"https:\/\/www.webdo.tn\/fr\/actualite\/national\/tunisie-projet-de-loi-de-finances-demarrage-des-debats-en-pleniere\/217827\/#breadcrumb"},"inLanguage":"fr-FR","potentialAction":[{"@type":"ReadAction","target":["https:\/\/www.webdo.tn\/fr\/actualite\/national\/tunisie-projet-de-loi-de-finances-demarrage-des-debats-en-pleniere\/217827\/"]}]},{"@type":"ImageObject","inLanguage":"fr-FR","@id":"https:\/\/www.webdo.tn\/fr\/actualite\/national\/tunisie-projet-de-loi-de-finances-demarrage-des-debats-en-pleniere\/217827\/#primaryimage","url":"https:\/\/www.webdo.tn\/fr\/wp-content\/uploads\/2025\/05\/ea4ee358c2a3cf69f6f145e7e697e4fd-2.webp","contentUrl":"https:\/\/www.webdo.tn\/fr\/wp-content\/uploads\/2025\/05\/ea4ee358c2a3cf69f6f145e7e697e4fd-2.webp","width":750,"height":400},{"@type":"BreadcrumbList","@id":"https:\/\/www.webdo.tn\/fr\/actualite\/national\/tunisie-projet-de-loi-de-finances-demarrage-des-debats-en-pleniere\/217827\/#breadcrumb","itemListElement":[{"@type":"ListItem","position":1,"name":"Accueil","item":"https:\/\/www.webdo.tn\/fr\/"},{"@type":"ListItem","position":2,"name":"Tunisie &#8211; Projet de Loi de finances : D\u00e9marrage des d\u00e9bats en pl\u00e9ni\u00e8re"}]},{"@type":"WebSite","@id":"https:\/\/www.webdo.tn\/fr\/#website","url":"https:\/\/www.webdo.tn\/fr\/","name":"webdo","description":"Tunisie - News en Tunisie et \u00e0 l&#039;international sur Webdo.tn","publisher":{"@id":"https:\/\/www.webdo.tn\/fr\/#organization"},"potentialAction":[{"@type":"SearchAction","target":{"@type":"EntryPoint","urlTemplate":"https:\/\/www.webdo.tn\/fr\/?s={search_term_string}"},"query-input":{"@type":"PropertyValueSpecification","valueRequired":true,"valueName":"search_term_string"}}],"inLanguage":"fr-FR"},{"@type":"Organization","@id":"https:\/\/www.webdo.tn\/fr\/#organization","name":"Webdo","alternateName":"Webdo.tn","url":"https:\/\/www.webdo.tn\/fr\/","logo":{"@type":"ImageObject","inLanguage":"fr-FR","@id":"https:\/\/www.webdo.tn\/fr\/#\/schema\/logo\/image\/","url":"https:\/\/www.webdo.tn\/fr\/wp-content\/uploads\/2025\/06\/Webdo-Tunisie_168377.jpg","contentUrl":"https:\/\/www.webdo.tn\/fr\/wp-content\/uploads\/2025\/06\/Webdo-Tunisie_168377.jpg","width":301,"height":301,"caption":"Webdo"},"image":{"@id":"https:\/\/www.webdo.tn\/fr\/#\/schema\/logo\/image\/"},"sameAs":["https:\/\/www.facebook.com\/webdotn","https:\/\/x.com\/webdo_tn"],"description":"Webdo est un m\u00e9dia num\u00e9rique tunisien fond\u00e9 en 2010, sp\u00e9cialis\u00e9 dans l\u2019actualit\u00e9 nationale et internationale, l\u2019\u00e9conomie, la soci\u00e9t\u00e9 et les analyses politiques. Le site s\u2019adresse \u00e0 un large public francophone et couvre l\u2019information tunisienne en temps r\u00e9el.","email":"redac@webdo.tn","legalName":"YNJ SARL","foundingDate":"2010-09-06","numberOfEmployees":{"@type":"QuantitativeValue","minValue":"11","maxValue":"50"}},{"@type":"Person","@id":"https:\/\/www.webdo.tn\/fr\/#\/schema\/person\/2c4929cbf5a809e3bd38617c6ce150f6","name":"MC","image":{"@type":"ImageObject","inLanguage":"fr-FR","@id":"https:\/\/secure.gravatar.com\/avatar\/a545bbb6f84efdd5553dbbc2895e3ca8f1d12c5215e00a041c9670b54aa9b18a?s=96&d=mm&r=g","url":"https:\/\/secure.gravatar.com\/avatar\/a545bbb6f84efdd5553dbbc2895e3ca8f1d12c5215e00a041c9670b54aa9b18a?s=96&d=mm&r=g","contentUrl":"https:\/\/secure.gravatar.com\/avatar\/a545bbb6f84efdd5553dbbc2895e3ca8f1d12c5215e00a041c9670b54aa9b18a?s=96&d=mm&r=g","caption":"MC"},"url":"https:\/\/www.webdo.tn\/fr\/actualite\/author\/mc\/"}]}},"_links":{"self":[{"href":"https:\/\/www.webdo.tn\/fr\/wp-json\/wp\/v2\/posts\/217827","targetHints":{"allow":["GET"]}}],"collection":[{"href":"https:\/\/www.webdo.tn\/fr\/wp-json\/wp\/v2\/posts"}],"about":[{"href":"https:\/\/www.webdo.tn\/fr\/wp-json\/wp\/v2\/types\/post"}],"author":[{"embeddable":true,"href":"https:\/\/www.webdo.tn\/fr\/wp-json\/wp\/v2\/users\/3162"}],"replies":[{"embeddable":true,"href":"https:\/\/www.webdo.tn\/fr\/wp-json\/wp\/v2\/comments?post=217827"}],"version-history":[{"count":0,"href":"https:\/\/www.webdo.tn\/fr\/wp-json\/wp\/v2\/posts\/217827\/revisions"}],"wp:featuredmedia":[{"embeddable":true,"href":"https:\/\/www.webdo.tn\/fr\/wp-json\/wp\/v2\/media\/243886"}],"wp:attachment":[{"href":"https:\/\/www.webdo.tn\/fr\/wp-json\/wp\/v2\/media?parent=217827"}],"wp:term":[{"taxonomy":"category","embeddable":true,"href":"https:\/\/www.webdo.tn\/fr\/wp-json\/wp\/v2\/categories?post=217827"},{"taxonomy":"post_tag","embeddable":true,"href":"https:\/\/www.webdo.tn\/fr\/wp-json\/wp\/v2\/tags?post=217827"}],"curies":[{"name":"wp","href":"https:\/\/api.w.org\/{rel}","templated":true}]}}