{"id":217824,"date":"2024-11-24T16:57:00","date_gmt":"2024-11-24T16:57:00","guid":{"rendered":"https:\/\/www.webdo.tn\/fr\/blog\/2024\/11\/24\/tunisie-ligue-1-9eme-j-le-club-africain-prend-la-tete-du-classement\/"},"modified":"2025-05-20T22:21:29","modified_gmt":"2025-05-20T22:21:29","slug":"tunisie-ligue-1-9eme-j-le-club-africain-prend-la-tete-du-classement","status":"publish","type":"post","link":"https:\/\/www.webdo.tn\/fr\/actualite\/sport\/tunisie-ligue-1-9eme-j-le-club-africain-prend-la-tete-du-classement\/217824\/","title":{"rendered":"Tunisie &#8211; Ligue 1 (9\u00e8me J.) : Le Club Africain prend la t\u00eate du classement"},"content":{"rendered":"<p>L&rsquo;\u00c9toile Sportive du Sahel a remport\u00e9, ce dimanche 24 novembre 2024, une pr\u00e9cieuse victoire contre l&rsquo;Esp\u00e9rance Sportive de Zarzis dans le cadre du championnat de la Ligue Professionnelle 1, saison 2024-2025.<\/p>\n<p>\t\t\t\t\t\t\t\t\tL&rsquo;\u00c9toile s&rsquo;est impos\u00e9e face \u00e0 son h\u00f4te sur le score de 3-2, renversant ainsi un score initial de deux buts \u00e0 z\u00e9ro pour d\u00e9crocher une pr\u00e9cieuse victoire.\u00a0<\/p>\n<p>C&rsquo;est le deuxi\u00e8me succ\u00e8s cons\u00e9cutif pour l&rsquo;\u00e9quipe, qui avait d\u00e9j\u00e0 triomph\u00e9 \u00e0 l&rsquo;ext\u00e9rieur lors de la pr\u00e9c\u00e9dente journ\u00e9e en battant le Club Athl\u00e9tique Bizertin (2-1).<\/p>\n<p>Cette victoire propulse le Club Africain en\u00a0t\u00eate du classement avec 21 points apr\u00e8s neuf journ\u00e9es disput\u00e9es.\u00a0<\/p>\n<p>R\u00e9sultats<\/p>\n<p>\tUS Ben Guerdane &#8211; ES Tunis 1-1<br \/>\n\tAS Gab\u00e8s &#8211; CA Bizertin 2-1<br \/>\n\tClub Africain &#8211; AS Soliman 4-2<br \/>\n\tJS Omrane &#8211; ES M\u00e9tlaoui 0-0<br \/>\n\tCS Sfaxien &#8211; US Tataouine 2-0<br \/>\n\tO. B\u00e9ja &#8211; US Monastir 1-3<br \/>\n\tEGS Gafsa &#8211; Stade Tunisien 0-1<br \/>\n\tES Zarzis &#8211; ES Sahel 2-3<\/p>\n<p>Classement<\/p>\n","protected":false},"excerpt":{"rendered":"<p>L&rsquo;\u00c9toile s&rsquo;est impos\u00e9e face \u00e0 son h\u00f4te sur le score de 3-2, renversant ainsi un score initial de deux buts \u00e0 z\u00e9ro pour d\u00e9crocher une pr\u00e9cieuse victoire.<\/p>\n","protected":false},"author":3163,"featured_media":243880,"comment_status":"open","ping_status":"open","sticky":false,"template":"","format":"standard","meta":{"footnotes":""},"categories":[2593],"tags":[3101,2777,2608],"class_list":["post-217824","post","type-post","status-publish","format-standard","has-post-thumbnail","hentry","category-sport","tag-club-africain","tag-ligue-1","tag-tunisie"],"yoast_head":"<!-- This site is optimized with the Yoast SEO Premium plugin v27.4 (Yoast SEO v27.5) - https:\/\/yoast.com\/product\/yoast-seo-premium-wordpress\/ -->\n<title>Tunisie - Ligue 1 (9\u00e8me J.) : Le Club Africain prend la t\u00eate du classement<\/title>\n<meta name=\"description\" content=\"L&#039;\u00c9toile s&#039;est impos\u00e9e face \u00e0 son h\u00f4te sur le score de 3-2, renversant ainsi un score initial de deux buts \u00e0 z\u00e9ro pour d\u00e9crocher une pr\u00e9cieuse victoire.\" \/>\n<link rel=\"canonical\" href=\"https:\/\/www.webdo.tn\/fr\/actualite\/sport\/tunisie-ligue-1-9eme-j-le-club-africain-prend-la-tete-du-classement\/217824\/\" \/>\n<meta property=\"og:locale\" content=\"fr_FR\" \/>\n<meta property=\"og:type\" content=\"article\" \/>\n<meta property=\"og:title\" content=\"Tunisie - Ligue 1 (9\u00e8me J.) : Le Club Africain prend la t\u00eate du classement\" \/>\n<meta property=\"og:description\" content=\"L&#039;\u00c9toile s&#039;est impos\u00e9e face \u00e0 son h\u00f4te sur le score de 3-2, renversant ainsi un score initial de deux buts \u00e0 z\u00e9ro pour d\u00e9crocher une pr\u00e9cieuse victoire.\" \/>\n<meta property=\"og:url\" content=\"https:\/\/www.webdo.tn\/fr\/actualite\/sport\/tunisie-ligue-1-9eme-j-le-club-africain-prend-la-tete-du-classement\/217824\/\" \/>\n<meta property=\"og:site_name\" content=\"webdo\" \/>\n<meta property=\"article:publisher\" content=\"https:\/\/www.facebook.com\/webdotn\" \/>\n<meta property=\"article:published_time\" content=\"2024-11-24T16:57:00+00:00\" \/>\n<meta property=\"article:modified_time\" content=\"2025-05-20T22:21:29+00:00\" \/>\n<meta property=\"og:image\" content=\"https:\/\/www.webdo.tn\/fr\/wp-content\/uploads\/2025\/05\/832f4fae82c4e5f01223c7e8b8d9830a-2.webp\" \/>\n\t<meta property=\"og:image:width\" content=\"750\" \/>\n\t<meta property=\"og:image:height\" content=\"400\" \/>\n\t<meta property=\"og:image:type\" content=\"image\/webp\" \/>\n<meta name=\"author\" content=\"KJ\" \/>\n<meta name=\"twitter:card\" content=\"summary_large_image\" \/>\n<meta name=\"twitter:creator\" content=\"@webdo_tn\" \/>\n<meta name=\"twitter:site\" content=\"@webdo_tn\" \/>\n<meta name=\"twitter:label1\" content=\"\u00c9crit par\" \/>\n\t<meta name=\"twitter:data1\" content=\"KJ\" \/>\n\t<meta name=\"twitter:label2\" content=\"Dur\u00e9e de lecture estim\u00e9e\" \/>\n\t<meta name=\"twitter:data2\" content=\"1 minute\" \/>\n<script type=\"application\/ld+json\" class=\"yoast-schema-graph\">{\"@context\":\"https:\\\/\\\/schema.org\",\"@graph\":[{\"@type\":\"NewsArticle\",\"@id\":\"https:\\\/\\\/www.webdo.tn\\\/fr\\\/actualite\\\/sport\\\/tunisie-ligue-1-9eme-j-le-club-africain-prend-la-tete-du-classement\\\/217824\\\/#article\",\"isPartOf\":{\"@id\":\"https:\\\/\\\/www.webdo.tn\\\/fr\\\/actualite\\\/sport\\\/tunisie-ligue-1-9eme-j-le-club-africain-prend-la-tete-du-classement\\\/217824\\\/\"},\"author\":{\"name\":\"KJ\",\"@id\":\"https:\\\/\\\/www.webdo.tn\\\/fr\\\/#\\\/schema\\\/person\\\/82ca085b22037d285e1a3c4b65ba5f71\"},\"headline\":\"Tunisie &#8211; Ligue 1 (9\u00e8me J.) : Le Club Africain prend la t\u00eate du classement\",\"datePublished\":\"2024-11-24T16:57:00+00:00\",\"dateModified\":\"2025-05-20T22:21:29+00:00\",\"mainEntityOfPage\":{\"@id\":\"https:\\\/\\\/www.webdo.tn\\\/fr\\\/actualite\\\/sport\\\/tunisie-ligue-1-9eme-j-le-club-africain-prend-la-tete-du-classement\\\/217824\\\/\"},\"wordCount\":189,\"commentCount\":0,\"publisher\":{\"@id\":\"https:\\\/\\\/www.webdo.tn\\\/fr\\\/#organization\"},\"image\":{\"@id\":\"https:\\\/\\\/www.webdo.tn\\\/fr\\\/actualite\\\/sport\\\/tunisie-ligue-1-9eme-j-le-club-africain-prend-la-tete-du-classement\\\/217824\\\/#primaryimage\"},\"thumbnailUrl\":\"https:\\\/\\\/www.webdo.tn\\\/fr\\\/wp-content\\\/uploads\\\/2025\\\/05\\\/832f4fae82c4e5f01223c7e8b8d9830a-2.webp\",\"keywords\":[\"Club Africain\",\"Ligue 1\",\"Tunisie\"],\"articleSection\":[\"Sport\"],\"inLanguage\":\"fr-FR\"},{\"@type\":\"WebPage\",\"@id\":\"https:\\\/\\\/www.webdo.tn\\\/fr\\\/actualite\\\/sport\\\/tunisie-ligue-1-9eme-j-le-club-africain-prend-la-tete-du-classement\\\/217824\\\/\",\"url\":\"https:\\\/\\\/www.webdo.tn\\\/fr\\\/actualite\\\/sport\\\/tunisie-ligue-1-9eme-j-le-club-africain-prend-la-tete-du-classement\\\/217824\\\/\",\"name\":\"Tunisie - Ligue 1 (9\u00e8me J.) : Le Club Africain prend la t\u00eate du classement\",\"isPartOf\":{\"@id\":\"https:\\\/\\\/www.webdo.tn\\\/fr\\\/#website\"},\"primaryImageOfPage\":{\"@id\":\"https:\\\/\\\/www.webdo.tn\\\/fr\\\/actualite\\\/sport\\\/tunisie-ligue-1-9eme-j-le-club-africain-prend-la-tete-du-classement\\\/217824\\\/#primaryimage\"},\"image\":{\"@id\":\"https:\\\/\\\/www.webdo.tn\\\/fr\\\/actualite\\\/sport\\\/tunisie-ligue-1-9eme-j-le-club-africain-prend-la-tete-du-classement\\\/217824\\\/#primaryimage\"},\"thumbnailUrl\":\"https:\\\/\\\/www.webdo.tn\\\/fr\\\/wp-content\\\/uploads\\\/2025\\\/05\\\/832f4fae82c4e5f01223c7e8b8d9830a-2.webp\",\"datePublished\":\"2024-11-24T16:57:00+00:00\",\"dateModified\":\"2025-05-20T22:21:29+00:00\",\"description\":\"L'\u00c9toile s'est impos\u00e9e face \u00e0 son h\u00f4te sur le score de 3-2, renversant ainsi un score initial de deux buts \u00e0 z\u00e9ro pour d\u00e9crocher une pr\u00e9cieuse victoire.\",\"breadcrumb\":{\"@id\":\"https:\\\/\\\/www.webdo.tn\\\/fr\\\/actualite\\\/sport\\\/tunisie-ligue-1-9eme-j-le-club-africain-prend-la-tete-du-classement\\\/217824\\\/#breadcrumb\"},\"inLanguage\":\"fr-FR\",\"potentialAction\":[{\"@type\":\"ReadAction\",\"target\":[\"https:\\\/\\\/www.webdo.tn\\\/fr\\\/actualite\\\/sport\\\/tunisie-ligue-1-9eme-j-le-club-africain-prend-la-tete-du-classement\\\/217824\\\/\"]}]},{\"@type\":\"ImageObject\",\"inLanguage\":\"fr-FR\",\"@id\":\"https:\\\/\\\/www.webdo.tn\\\/fr\\\/actualite\\\/sport\\\/tunisie-ligue-1-9eme-j-le-club-africain-prend-la-tete-du-classement\\\/217824\\\/#primaryimage\",\"url\":\"https:\\\/\\\/www.webdo.tn\\\/fr\\\/wp-content\\\/uploads\\\/2025\\\/05\\\/832f4fae82c4e5f01223c7e8b8d9830a-2.webp\",\"contentUrl\":\"https:\\\/\\\/www.webdo.tn\\\/fr\\\/wp-content\\\/uploads\\\/2025\\\/05\\\/832f4fae82c4e5f01223c7e8b8d9830a-2.webp\",\"width\":750,\"height\":400},{\"@type\":\"BreadcrumbList\",\"@id\":\"https:\\\/\\\/www.webdo.tn\\\/fr\\\/actualite\\\/sport\\\/tunisie-ligue-1-9eme-j-le-club-africain-prend-la-tete-du-classement\\\/217824\\\/#breadcrumb\",\"itemListElement\":[{\"@type\":\"ListItem\",\"position\":1,\"name\":\"Accueil\",\"item\":\"https:\\\/\\\/www.webdo.tn\\\/fr\\\/\"},{\"@type\":\"ListItem\",\"position\":2,\"name\":\"Tunisie &#8211; Ligue 1 (9\u00e8me J.) : Le Club Africain prend la t\u00eate du classement\"}]},{\"@type\":\"WebSite\",\"@id\":\"https:\\\/\\\/www.webdo.tn\\\/fr\\\/#website\",\"url\":\"https:\\\/\\\/www.webdo.tn\\\/fr\\\/\",\"name\":\"webdo\",\"description\":\"Tunisie - News en Tunisie et \u00e0 l&#039;international sur Webdo.tn\",\"publisher\":{\"@id\":\"https:\\\/\\\/www.webdo.tn\\\/fr\\\/#organization\"},\"potentialAction\":[{\"@type\":\"SearchAction\",\"target\":{\"@type\":\"EntryPoint\",\"urlTemplate\":\"https:\\\/\\\/www.webdo.tn\\\/fr\\\/?s={search_term_string}\"},\"query-input\":{\"@type\":\"PropertyValueSpecification\",\"valueRequired\":true,\"valueName\":\"search_term_string\"}}],\"inLanguage\":\"fr-FR\"},{\"@type\":\"Organization\",\"@id\":\"https:\\\/\\\/www.webdo.tn\\\/fr\\\/#organization\",\"name\":\"Webdo\",\"alternateName\":\"Webdo.tn\",\"url\":\"https:\\\/\\\/www.webdo.tn\\\/fr\\\/\",\"logo\":{\"@type\":\"ImageObject\",\"inLanguage\":\"fr-FR\",\"@id\":\"https:\\\/\\\/www.webdo.tn\\\/fr\\\/#\\\/schema\\\/logo\\\/image\\\/\",\"url\":\"https:\\\/\\\/www.webdo.tn\\\/fr\\\/wp-content\\\/uploads\\\/2025\\\/06\\\/Webdo-Tunisie_168377.jpg\",\"contentUrl\":\"https:\\\/\\\/www.webdo.tn\\\/fr\\\/wp-content\\\/uploads\\\/2025\\\/06\\\/Webdo-Tunisie_168377.jpg\",\"width\":301,\"height\":301,\"caption\":\"Webdo\"},\"image\":{\"@id\":\"https:\\\/\\\/www.webdo.tn\\\/fr\\\/#\\\/schema\\\/logo\\\/image\\\/\"},\"sameAs\":[\"https:\\\/\\\/www.facebook.com\\\/webdotn\",\"https:\\\/\\\/x.com\\\/webdo_tn\"],\"description\":\"Webdo est un m\u00e9dia num\u00e9rique tunisien fond\u00e9 en 2010, sp\u00e9cialis\u00e9 dans l\u2019actualit\u00e9 nationale et internationale, l\u2019\u00e9conomie, la soci\u00e9t\u00e9 et les analyses politiques. Le site s\u2019adresse \u00e0 un large public francophone et couvre l\u2019information tunisienne en temps r\u00e9el.\",\"email\":\"redac@webdo.tn\",\"legalName\":\"YNJ SARL\",\"foundingDate\":\"2010-09-06\",\"numberOfEmployees\":{\"@type\":\"QuantitativeValue\",\"minValue\":\"11\",\"maxValue\":\"50\"}},{\"@type\":\"Person\",\"@id\":\"https:\\\/\\\/www.webdo.tn\\\/fr\\\/#\\\/schema\\\/person\\\/82ca085b22037d285e1a3c4b65ba5f71\",\"name\":\"KJ\",\"image\":{\"@type\":\"ImageObject\",\"inLanguage\":\"fr-FR\",\"@id\":\"https:\\\/\\\/secure.gravatar.com\\\/avatar\\\/1a1320de1c1971c893f00068f760b4113d69504aa21273da17ee95650c5944fd?s=96&d=mm&r=g\",\"url\":\"https:\\\/\\\/secure.gravatar.com\\\/avatar\\\/1a1320de1c1971c893f00068f760b4113d69504aa21273da17ee95650c5944fd?s=96&d=mm&r=g\",\"contentUrl\":\"https:\\\/\\\/secure.gravatar.com\\\/avatar\\\/1a1320de1c1971c893f00068f760b4113d69504aa21273da17ee95650c5944fd?s=96&d=mm&r=g\",\"caption\":\"KJ\"},\"url\":\"https:\\\/\\\/www.webdo.tn\\\/fr\\\/actualite\\\/author\\\/kj\\\/\"}]}<\/script>\n<!-- \/ Yoast SEO Premium plugin. -->","yoast_head_json":{"title":"Tunisie - Ligue 1 (9\u00e8me J.) : Le Club Africain prend la t\u00eate du classement","description":"L'\u00c9toile s'est impos\u00e9e face \u00e0 son h\u00f4te sur le score de 3-2, renversant ainsi un score initial de deux buts \u00e0 z\u00e9ro pour d\u00e9crocher une pr\u00e9cieuse victoire.","canonical":"https:\/\/www.webdo.tn\/fr\/actualite\/sport\/tunisie-ligue-1-9eme-j-le-club-africain-prend-la-tete-du-classement\/217824\/","og_locale":"fr_FR","og_type":"article","og_title":"Tunisie - Ligue 1 (9\u00e8me J.) : Le Club Africain prend la t\u00eate du classement","og_description":"L'\u00c9toile s'est impos\u00e9e face \u00e0 son h\u00f4te sur le score de 3-2, renversant ainsi un score initial de deux buts \u00e0 z\u00e9ro pour d\u00e9crocher une pr\u00e9cieuse victoire.","og_url":"https:\/\/www.webdo.tn\/fr\/actualite\/sport\/tunisie-ligue-1-9eme-j-le-club-africain-prend-la-tete-du-classement\/217824\/","og_site_name":"webdo","article_publisher":"https:\/\/www.facebook.com\/webdotn","article_published_time":"2024-11-24T16:57:00+00:00","article_modified_time":"2025-05-20T22:21:29+00:00","og_image":[{"width":750,"height":400,"url":"https:\/\/www.webdo.tn\/fr\/wp-content\/uploads\/2025\/05\/832f4fae82c4e5f01223c7e8b8d9830a-2.webp","type":"image\/webp"}],"author":"KJ","twitter_card":"summary_large_image","twitter_creator":"@webdo_tn","twitter_site":"@webdo_tn","twitter_misc":{"\u00c9crit par":"KJ","Dur\u00e9e de lecture estim\u00e9e":"1 minute"},"schema":{"@context":"https:\/\/schema.org","@graph":[{"@type":"NewsArticle","@id":"https:\/\/www.webdo.tn\/fr\/actualite\/sport\/tunisie-ligue-1-9eme-j-le-club-africain-prend-la-tete-du-classement\/217824\/#article","isPartOf":{"@id":"https:\/\/www.webdo.tn\/fr\/actualite\/sport\/tunisie-ligue-1-9eme-j-le-club-africain-prend-la-tete-du-classement\/217824\/"},"author":{"name":"KJ","@id":"https:\/\/www.webdo.tn\/fr\/#\/schema\/person\/82ca085b22037d285e1a3c4b65ba5f71"},"headline":"Tunisie &#8211; Ligue 1 (9\u00e8me J.) : Le Club Africain prend la t\u00eate du classement","datePublished":"2024-11-24T16:57:00+00:00","dateModified":"2025-05-20T22:21:29+00:00","mainEntityOfPage":{"@id":"https:\/\/www.webdo.tn\/fr\/actualite\/sport\/tunisie-ligue-1-9eme-j-le-club-africain-prend-la-tete-du-classement\/217824\/"},"wordCount":189,"commentCount":0,"publisher":{"@id":"https:\/\/www.webdo.tn\/fr\/#organization"},"image":{"@id":"https:\/\/www.webdo.tn\/fr\/actualite\/sport\/tunisie-ligue-1-9eme-j-le-club-africain-prend-la-tete-du-classement\/217824\/#primaryimage"},"thumbnailUrl":"https:\/\/www.webdo.tn\/fr\/wp-content\/uploads\/2025\/05\/832f4fae82c4e5f01223c7e8b8d9830a-2.webp","keywords":["Club Africain","Ligue 1","Tunisie"],"articleSection":["Sport"],"inLanguage":"fr-FR"},{"@type":"WebPage","@id":"https:\/\/www.webdo.tn\/fr\/actualite\/sport\/tunisie-ligue-1-9eme-j-le-club-africain-prend-la-tete-du-classement\/217824\/","url":"https:\/\/www.webdo.tn\/fr\/actualite\/sport\/tunisie-ligue-1-9eme-j-le-club-africain-prend-la-tete-du-classement\/217824\/","name":"Tunisie - Ligue 1 (9\u00e8me J.) : Le Club Africain prend la t\u00eate du classement","isPartOf":{"@id":"https:\/\/www.webdo.tn\/fr\/#website"},"primaryImageOfPage":{"@id":"https:\/\/www.webdo.tn\/fr\/actualite\/sport\/tunisie-ligue-1-9eme-j-le-club-africain-prend-la-tete-du-classement\/217824\/#primaryimage"},"image":{"@id":"https:\/\/www.webdo.tn\/fr\/actualite\/sport\/tunisie-ligue-1-9eme-j-le-club-africain-prend-la-tete-du-classement\/217824\/#primaryimage"},"thumbnailUrl":"https:\/\/www.webdo.tn\/fr\/wp-content\/uploads\/2025\/05\/832f4fae82c4e5f01223c7e8b8d9830a-2.webp","datePublished":"2024-11-24T16:57:00+00:00","dateModified":"2025-05-20T22:21:29+00:00","description":"L'\u00c9toile s'est impos\u00e9e face \u00e0 son h\u00f4te sur le score de 3-2, renversant ainsi un score initial de deux buts \u00e0 z\u00e9ro pour d\u00e9crocher une pr\u00e9cieuse victoire.","breadcrumb":{"@id":"https:\/\/www.webdo.tn\/fr\/actualite\/sport\/tunisie-ligue-1-9eme-j-le-club-africain-prend-la-tete-du-classement\/217824\/#breadcrumb"},"inLanguage":"fr-FR","potentialAction":[{"@type":"ReadAction","target":["https:\/\/www.webdo.tn\/fr\/actualite\/sport\/tunisie-ligue-1-9eme-j-le-club-africain-prend-la-tete-du-classement\/217824\/"]}]},{"@type":"ImageObject","inLanguage":"fr-FR","@id":"https:\/\/www.webdo.tn\/fr\/actualite\/sport\/tunisie-ligue-1-9eme-j-le-club-africain-prend-la-tete-du-classement\/217824\/#primaryimage","url":"https:\/\/www.webdo.tn\/fr\/wp-content\/uploads\/2025\/05\/832f4fae82c4e5f01223c7e8b8d9830a-2.webp","contentUrl":"https:\/\/www.webdo.tn\/fr\/wp-content\/uploads\/2025\/05\/832f4fae82c4e5f01223c7e8b8d9830a-2.webp","width":750,"height":400},{"@type":"BreadcrumbList","@id":"https:\/\/www.webdo.tn\/fr\/actualite\/sport\/tunisie-ligue-1-9eme-j-le-club-africain-prend-la-tete-du-classement\/217824\/#breadcrumb","itemListElement":[{"@type":"ListItem","position":1,"name":"Accueil","item":"https:\/\/www.webdo.tn\/fr\/"},{"@type":"ListItem","position":2,"name":"Tunisie &#8211; Ligue 1 (9\u00e8me J.) : Le Club Africain prend la t\u00eate du classement"}]},{"@type":"WebSite","@id":"https:\/\/www.webdo.tn\/fr\/#website","url":"https:\/\/www.webdo.tn\/fr\/","name":"webdo","description":"Tunisie - News en Tunisie et \u00e0 l&#039;international sur Webdo.tn","publisher":{"@id":"https:\/\/www.webdo.tn\/fr\/#organization"},"potentialAction":[{"@type":"SearchAction","target":{"@type":"EntryPoint","urlTemplate":"https:\/\/www.webdo.tn\/fr\/?s={search_term_string}"},"query-input":{"@type":"PropertyValueSpecification","valueRequired":true,"valueName":"search_term_string"}}],"inLanguage":"fr-FR"},{"@type":"Organization","@id":"https:\/\/www.webdo.tn\/fr\/#organization","name":"Webdo","alternateName":"Webdo.tn","url":"https:\/\/www.webdo.tn\/fr\/","logo":{"@type":"ImageObject","inLanguage":"fr-FR","@id":"https:\/\/www.webdo.tn\/fr\/#\/schema\/logo\/image\/","url":"https:\/\/www.webdo.tn\/fr\/wp-content\/uploads\/2025\/06\/Webdo-Tunisie_168377.jpg","contentUrl":"https:\/\/www.webdo.tn\/fr\/wp-content\/uploads\/2025\/06\/Webdo-Tunisie_168377.jpg","width":301,"height":301,"caption":"Webdo"},"image":{"@id":"https:\/\/www.webdo.tn\/fr\/#\/schema\/logo\/image\/"},"sameAs":["https:\/\/www.facebook.com\/webdotn","https:\/\/x.com\/webdo_tn"],"description":"Webdo est un m\u00e9dia num\u00e9rique tunisien fond\u00e9 en 2010, sp\u00e9cialis\u00e9 dans l\u2019actualit\u00e9 nationale et internationale, l\u2019\u00e9conomie, la soci\u00e9t\u00e9 et les analyses politiques. Le site s\u2019adresse \u00e0 un large public francophone et couvre l\u2019information tunisienne en temps r\u00e9el.","email":"redac@webdo.tn","legalName":"YNJ SARL","foundingDate":"2010-09-06","numberOfEmployees":{"@type":"QuantitativeValue","minValue":"11","maxValue":"50"}},{"@type":"Person","@id":"https:\/\/www.webdo.tn\/fr\/#\/schema\/person\/82ca085b22037d285e1a3c4b65ba5f71","name":"KJ","image":{"@type":"ImageObject","inLanguage":"fr-FR","@id":"https:\/\/secure.gravatar.com\/avatar\/1a1320de1c1971c893f00068f760b4113d69504aa21273da17ee95650c5944fd?s=96&d=mm&r=g","url":"https:\/\/secure.gravatar.com\/avatar\/1a1320de1c1971c893f00068f760b4113d69504aa21273da17ee95650c5944fd?s=96&d=mm&r=g","contentUrl":"https:\/\/secure.gravatar.com\/avatar\/1a1320de1c1971c893f00068f760b4113d69504aa21273da17ee95650c5944fd?s=96&d=mm&r=g","caption":"KJ"},"url":"https:\/\/www.webdo.tn\/fr\/actualite\/author\/kj\/"}]}},"_links":{"self":[{"href":"https:\/\/www.webdo.tn\/fr\/wp-json\/wp\/v2\/posts\/217824","targetHints":{"allow":["GET"]}}],"collection":[{"href":"https:\/\/www.webdo.tn\/fr\/wp-json\/wp\/v2\/posts"}],"about":[{"href":"https:\/\/www.webdo.tn\/fr\/wp-json\/wp\/v2\/types\/post"}],"author":[{"embeddable":true,"href":"https:\/\/www.webdo.tn\/fr\/wp-json\/wp\/v2\/users\/3163"}],"replies":[{"embeddable":true,"href":"https:\/\/www.webdo.tn\/fr\/wp-json\/wp\/v2\/comments?post=217824"}],"version-history":[{"count":0,"href":"https:\/\/www.webdo.tn\/fr\/wp-json\/wp\/v2\/posts\/217824\/revisions"}],"wp:featuredmedia":[{"embeddable":true,"href":"https:\/\/www.webdo.tn\/fr\/wp-json\/wp\/v2\/media\/243880"}],"wp:attachment":[{"href":"https:\/\/www.webdo.tn\/fr\/wp-json\/wp\/v2\/media?parent=217824"}],"wp:term":[{"taxonomy":"category","embeddable":true,"href":"https:\/\/www.webdo.tn\/fr\/wp-json\/wp\/v2\/categories?post=217824"},{"taxonomy":"post_tag","embeddable":true,"href":"https:\/\/www.webdo.tn\/fr\/wp-json\/wp\/v2\/tags?post=217824"}],"curies":[{"name":"wp","href":"https:\/\/api.w.org\/{rel}","templated":true}]}}