{"id":217823,"date":"2024-11-24T15:55:00","date_gmt":"2024-11-24T15:55:00","guid":{"rendered":"https:\/\/www.webdo.tn\/fr\/blog\/2024\/11\/24\/tunisie-des-deputes-s-activent-pour-freiner-la-fuite-des-competences\/"},"modified":"2025-05-20T22:21:29","modified_gmt":"2025-05-20T22:21:29","slug":"tunisie-des-deputes-s-activent-pour-freiner-la-fuite-des-competences","status":"publish","type":"post","link":"https:\/\/www.webdo.tn\/fr\/actualite\/national\/tunisie-des-deputes-s-activent-pour-freiner-la-fuite-des-competences\/217823\/","title":{"rendered":"Tunisie : Des d\u00e9put\u00e9s s\u2019activent pour freiner la fuite des comp\u00e9tences"},"content":{"rendered":"<p>Le pr\u00e9sident de la Commission de l&rsquo;\u00c9ducation, de la Formation Professionnelle, de la Jeunesse et des Sports \u00e0 l&rsquo;Assembl\u00e9e des Repr\u00e9sentants du Peuple, Fakhreddine Fadhloun, a affirm\u00e9 ce dimanche 24 novembre qu&rsquo;une initiative l\u00e9gislative visant \u00e0 lutter contre la fuite des comp\u00e9tences tunisiennes est pr\u00eate et sera soumise \u00e0 l&rsquo;Assembl\u00e9e des Repr\u00e9sentants du Peuple.<\/p>\n<p>S\u2019exprimant sur les ondes de Diwan FM, Fadhloun a ajout\u00e9 qu\u2019il est envisag\u00e9 soit d\u2019int\u00e9grer un point dans le projet de loi de finances pour 2025 concernant la fuite des comp\u00e9tences, soit de travailler sur une initiative ind\u00e9pendante apr\u00e8s avoir consult\u00e9 les parties concern\u00e9es, telles que les ordres des m\u00e9decins et des ing\u00e9nieurs, ainsi que les minist\u00e8res de l\u2019Enseignement sup\u00e9rieur et des Finances.<\/p>\n<p>Il a pr\u00e9cis\u00e9 que cette initiative vise \u00e0 trouver une solution l\u00e9gale et accept\u00e9e au niveau international afin de parvenir \u00e0 un accord avec les parties b\u00e9n\u00e9ficiaires des comp\u00e9tences tunisiennes, tout en pr\u00e9servant les droits du pays, sans nuire aux int\u00e9r\u00eats des comp\u00e9tences elles-m\u00eames.<\/p>\n<p>Fadhloun a \u00e9galement soulign\u00e9 une migration pr\u00e9occupante des cerveaux et des comp\u00e9tences tunisiennes, notamment des m\u00e9decins, des ing\u00e9nieurs et des enseignants universitaires, dont la formation a \u00e9t\u00e9 financ\u00e9e par l&rsquo;\u00c9tat, \u00e0 travers les contributions de la collectivit\u00e9 nationale et des contribuables en particulier.<\/p>\n","protected":false},"excerpt":{"rendered":"<p>S\u2019exprimant sur les ondes de Diwan FM, Fadhloun a ajout\u00e9 qu\u2019il est envisag\u00e9 soit d\u2019int\u00e9grer un point dans le projet de loi de finances pour 2025 concernant la f&#8230;<\/p>\n","protected":false},"author":3163,"featured_media":243882,"comment_status":"open","ping_status":"open","sticky":false,"template":"","format":"standard","meta":{"footnotes":""},"categories":[44],"tags":[2813,2789,3210,2608],"class_list":["post-217823","post","type-post","status-publish","format-standard","has-post-thumbnail","hentry","category-national","tag-arp","tag-competences","tag-deputes","tag-tunisie"],"yoast_head":"<!-- This site is optimized with the Yoast SEO Premium plugin v27.5 (Yoast SEO v27.5) - https:\/\/yoast.com\/product\/yoast-seo-premium-wordpress\/ -->\n<title>Tunisie : Des d\u00e9put\u00e9s s\u2019activent pour freiner la fuite des comp\u00e9tences<\/title>\n<meta name=\"description\" content=\"S\u2019exprimant sur les ondes de Diwan FM, Fadhloun a ajout\u00e9 qu\u2019il est envisag\u00e9 soit d\u2019int\u00e9grer un point dans le projet de loi de finances pour 2025 concernant la f...\" \/>\n<link rel=\"canonical\" href=\"https:\/\/www.webdo.tn\/fr\/actualite\/national\/tunisie-des-deputes-s-activent-pour-freiner-la-fuite-des-competences\/217823\/\" \/>\n<meta property=\"og:locale\" content=\"fr_FR\" \/>\n<meta property=\"og:type\" content=\"article\" \/>\n<meta property=\"og:title\" content=\"Tunisie : Des d\u00e9put\u00e9s s\u2019activent pour freiner la fuite des comp\u00e9tences\" \/>\n<meta property=\"og:description\" content=\"S\u2019exprimant sur les ondes de Diwan FM, Fadhloun a ajout\u00e9 qu\u2019il est envisag\u00e9 soit d\u2019int\u00e9grer un point dans le projet de loi de finances pour 2025 concernant la f...\" \/>\n<meta property=\"og:url\" content=\"https:\/\/www.webdo.tn\/fr\/actualite\/national\/tunisie-des-deputes-s-activent-pour-freiner-la-fuite-des-competences\/217823\/\" \/>\n<meta property=\"og:site_name\" content=\"webdo\" \/>\n<meta property=\"article:publisher\" content=\"https:\/\/www.facebook.com\/webdotn\" \/>\n<meta property=\"article:published_time\" content=\"2024-11-24T15:55:00+00:00\" \/>\n<meta property=\"article:modified_time\" content=\"2025-05-20T22:21:29+00:00\" \/>\n<meta property=\"og:image\" content=\"https:\/\/www.webdo.tn\/fr\/wp-content\/uploads\/2025\/05\/d4b5c8de8b7c48ad3a03b73b611826fa-2.webp\" \/>\n\t<meta property=\"og:image:width\" content=\"700\" \/>\n\t<meta property=\"og:image:height\" content=\"373\" \/>\n\t<meta property=\"og:image:type\" content=\"image\/webp\" \/>\n<meta name=\"author\" content=\"KJ\" \/>\n<meta name=\"twitter:card\" content=\"summary_large_image\" \/>\n<meta name=\"twitter:creator\" content=\"@webdo_tn\" \/>\n<meta name=\"twitter:site\" content=\"@webdo_tn\" \/>\n<meta name=\"twitter:label1\" content=\"\u00c9crit par\" \/>\n\t<meta name=\"twitter:data1\" content=\"KJ\" \/>\n\t<meta name=\"twitter:label2\" content=\"Dur\u00e9e de lecture estim\u00e9e\" \/>\n\t<meta name=\"twitter:data2\" content=\"1 minute\" \/>\n<script type=\"application\/ld+json\" class=\"yoast-schema-graph\">{\"@context\":\"https:\\\/\\\/schema.org\",\"@graph\":[{\"@type\":\"NewsArticle\",\"@id\":\"https:\\\/\\\/www.webdo.tn\\\/fr\\\/actualite\\\/national\\\/tunisie-des-deputes-s-activent-pour-freiner-la-fuite-des-competences\\\/217823\\\/#article\",\"isPartOf\":{\"@id\":\"https:\\\/\\\/www.webdo.tn\\\/fr\\\/actualite\\\/national\\\/tunisie-des-deputes-s-activent-pour-freiner-la-fuite-des-competences\\\/217823\\\/\"},\"author\":{\"name\":\"KJ\",\"@id\":\"https:\\\/\\\/www.webdo.tn\\\/fr\\\/#\\\/schema\\\/person\\\/82ca085b22037d285e1a3c4b65ba5f71\"},\"headline\":\"Tunisie : Des d\u00e9put\u00e9s s\u2019activent pour freiner la fuite des comp\u00e9tences\",\"datePublished\":\"2024-11-24T15:55:00+00:00\",\"dateModified\":\"2025-05-20T22:21:29+00:00\",\"mainEntityOfPage\":{\"@id\":\"https:\\\/\\\/www.webdo.tn\\\/fr\\\/actualite\\\/national\\\/tunisie-des-deputes-s-activent-pour-freiner-la-fuite-des-competences\\\/217823\\\/\"},\"wordCount\":252,\"commentCount\":0,\"publisher\":{\"@id\":\"https:\\\/\\\/www.webdo.tn\\\/fr\\\/#organization\"},\"image\":{\"@id\":\"https:\\\/\\\/www.webdo.tn\\\/fr\\\/actualite\\\/national\\\/tunisie-des-deputes-s-activent-pour-freiner-la-fuite-des-competences\\\/217823\\\/#primaryimage\"},\"thumbnailUrl\":\"https:\\\/\\\/www.webdo.tn\\\/fr\\\/wp-content\\\/uploads\\\/2025\\\/05\\\/d4b5c8de8b7c48ad3a03b73b611826fa-2.webp\",\"keywords\":[\"ARP\",\"comp\u00e9tences\",\"d\u00e9put\u00e9s\",\"Tunisie\"],\"articleSection\":[\"National\"],\"inLanguage\":\"fr-FR\"},{\"@type\":\"WebPage\",\"@id\":\"https:\\\/\\\/www.webdo.tn\\\/fr\\\/actualite\\\/national\\\/tunisie-des-deputes-s-activent-pour-freiner-la-fuite-des-competences\\\/217823\\\/\",\"url\":\"https:\\\/\\\/www.webdo.tn\\\/fr\\\/actualite\\\/national\\\/tunisie-des-deputes-s-activent-pour-freiner-la-fuite-des-competences\\\/217823\\\/\",\"name\":\"Tunisie : Des d\u00e9put\u00e9s s\u2019activent pour freiner la fuite des comp\u00e9tences\",\"isPartOf\":{\"@id\":\"https:\\\/\\\/www.webdo.tn\\\/fr\\\/#website\"},\"primaryImageOfPage\":{\"@id\":\"https:\\\/\\\/www.webdo.tn\\\/fr\\\/actualite\\\/national\\\/tunisie-des-deputes-s-activent-pour-freiner-la-fuite-des-competences\\\/217823\\\/#primaryimage\"},\"image\":{\"@id\":\"https:\\\/\\\/www.webdo.tn\\\/fr\\\/actualite\\\/national\\\/tunisie-des-deputes-s-activent-pour-freiner-la-fuite-des-competences\\\/217823\\\/#primaryimage\"},\"thumbnailUrl\":\"https:\\\/\\\/www.webdo.tn\\\/fr\\\/wp-content\\\/uploads\\\/2025\\\/05\\\/d4b5c8de8b7c48ad3a03b73b611826fa-2.webp\",\"datePublished\":\"2024-11-24T15:55:00+00:00\",\"dateModified\":\"2025-05-20T22:21:29+00:00\",\"description\":\"S\u2019exprimant sur les ondes de Diwan FM, Fadhloun a ajout\u00e9 qu\u2019il est envisag\u00e9 soit d\u2019int\u00e9grer un point dans le projet de loi de finances pour 2025 concernant la f...\",\"breadcrumb\":{\"@id\":\"https:\\\/\\\/www.webdo.tn\\\/fr\\\/actualite\\\/national\\\/tunisie-des-deputes-s-activent-pour-freiner-la-fuite-des-competences\\\/217823\\\/#breadcrumb\"},\"inLanguage\":\"fr-FR\",\"potentialAction\":[{\"@type\":\"ReadAction\",\"target\":[\"https:\\\/\\\/www.webdo.tn\\\/fr\\\/actualite\\\/national\\\/tunisie-des-deputes-s-activent-pour-freiner-la-fuite-des-competences\\\/217823\\\/\"]}]},{\"@type\":\"ImageObject\",\"inLanguage\":\"fr-FR\",\"@id\":\"https:\\\/\\\/www.webdo.tn\\\/fr\\\/actualite\\\/national\\\/tunisie-des-deputes-s-activent-pour-freiner-la-fuite-des-competences\\\/217823\\\/#primaryimage\",\"url\":\"https:\\\/\\\/www.webdo.tn\\\/fr\\\/wp-content\\\/uploads\\\/2025\\\/05\\\/d4b5c8de8b7c48ad3a03b73b611826fa-2.webp\",\"contentUrl\":\"https:\\\/\\\/www.webdo.tn\\\/fr\\\/wp-content\\\/uploads\\\/2025\\\/05\\\/d4b5c8de8b7c48ad3a03b73b611826fa-2.webp\",\"width\":700,\"height\":373},{\"@type\":\"BreadcrumbList\",\"@id\":\"https:\\\/\\\/www.webdo.tn\\\/fr\\\/actualite\\\/national\\\/tunisie-des-deputes-s-activent-pour-freiner-la-fuite-des-competences\\\/217823\\\/#breadcrumb\",\"itemListElement\":[{\"@type\":\"ListItem\",\"position\":1,\"name\":\"Accueil\",\"item\":\"https:\\\/\\\/www.webdo.tn\\\/fr\\\/\"},{\"@type\":\"ListItem\",\"position\":2,\"name\":\"Tunisie : Des d\u00e9put\u00e9s s\u2019activent pour freiner la fuite des comp\u00e9tences\"}]},{\"@type\":\"WebSite\",\"@id\":\"https:\\\/\\\/www.webdo.tn\\\/fr\\\/#website\",\"url\":\"https:\\\/\\\/www.webdo.tn\\\/fr\\\/\",\"name\":\"webdo\",\"description\":\"Tunisie - News en Tunisie et \u00e0 l&#039;international sur Webdo.tn\",\"publisher\":{\"@id\":\"https:\\\/\\\/www.webdo.tn\\\/fr\\\/#organization\"},\"potentialAction\":[{\"@type\":\"SearchAction\",\"target\":{\"@type\":\"EntryPoint\",\"urlTemplate\":\"https:\\\/\\\/www.webdo.tn\\\/fr\\\/?s={search_term_string}\"},\"query-input\":{\"@type\":\"PropertyValueSpecification\",\"valueRequired\":true,\"valueName\":\"search_term_string\"}}],\"inLanguage\":\"fr-FR\"},{\"@type\":\"Organization\",\"@id\":\"https:\\\/\\\/www.webdo.tn\\\/fr\\\/#organization\",\"name\":\"Webdo\",\"alternateName\":\"Webdo.tn\",\"url\":\"https:\\\/\\\/www.webdo.tn\\\/fr\\\/\",\"logo\":{\"@type\":\"ImageObject\",\"inLanguage\":\"fr-FR\",\"@id\":\"https:\\\/\\\/www.webdo.tn\\\/fr\\\/#\\\/schema\\\/logo\\\/image\\\/\",\"url\":\"https:\\\/\\\/www.webdo.tn\\\/fr\\\/wp-content\\\/uploads\\\/2025\\\/06\\\/Webdo-Tunisie_168377.jpg\",\"contentUrl\":\"https:\\\/\\\/www.webdo.tn\\\/fr\\\/wp-content\\\/uploads\\\/2025\\\/06\\\/Webdo-Tunisie_168377.jpg\",\"width\":301,\"height\":301,\"caption\":\"Webdo\"},\"image\":{\"@id\":\"https:\\\/\\\/www.webdo.tn\\\/fr\\\/#\\\/schema\\\/logo\\\/image\\\/\"},\"sameAs\":[\"https:\\\/\\\/www.facebook.com\\\/webdotn\",\"https:\\\/\\\/x.com\\\/webdo_tn\"],\"description\":\"Webdo est un m\u00e9dia num\u00e9rique tunisien fond\u00e9 en 2010, sp\u00e9cialis\u00e9 dans l\u2019actualit\u00e9 nationale et internationale, l\u2019\u00e9conomie, la soci\u00e9t\u00e9 et les analyses politiques. Le site s\u2019adresse \u00e0 un large public francophone et couvre l\u2019information tunisienne en temps r\u00e9el.\",\"email\":\"redac@webdo.tn\",\"legalName\":\"YNJ SARL\",\"foundingDate\":\"2010-09-06\",\"numberOfEmployees\":{\"@type\":\"QuantitativeValue\",\"minValue\":\"11\",\"maxValue\":\"50\"}},{\"@type\":\"Person\",\"@id\":\"https:\\\/\\\/www.webdo.tn\\\/fr\\\/#\\\/schema\\\/person\\\/82ca085b22037d285e1a3c4b65ba5f71\",\"name\":\"KJ\",\"image\":{\"@type\":\"ImageObject\",\"inLanguage\":\"fr-FR\",\"@id\":\"https:\\\/\\\/secure.gravatar.com\\\/avatar\\\/1a1320de1c1971c893f00068f760b4113d69504aa21273da17ee95650c5944fd?s=96&d=mm&r=g\",\"url\":\"https:\\\/\\\/secure.gravatar.com\\\/avatar\\\/1a1320de1c1971c893f00068f760b4113d69504aa21273da17ee95650c5944fd?s=96&d=mm&r=g\",\"contentUrl\":\"https:\\\/\\\/secure.gravatar.com\\\/avatar\\\/1a1320de1c1971c893f00068f760b4113d69504aa21273da17ee95650c5944fd?s=96&d=mm&r=g\",\"caption\":\"KJ\"},\"url\":\"https:\\\/\\\/www.webdo.tn\\\/fr\\\/actualite\\\/author\\\/kj\\\/\"}]}<\/script>\n<!-- \/ Yoast SEO Premium plugin. -->","yoast_head_json":{"title":"Tunisie : Des d\u00e9put\u00e9s s\u2019activent pour freiner la fuite des comp\u00e9tences","description":"S\u2019exprimant sur les ondes de Diwan FM, Fadhloun a ajout\u00e9 qu\u2019il est envisag\u00e9 soit d\u2019int\u00e9grer un point dans le projet de loi de finances pour 2025 concernant la f...","canonical":"https:\/\/www.webdo.tn\/fr\/actualite\/national\/tunisie-des-deputes-s-activent-pour-freiner-la-fuite-des-competences\/217823\/","og_locale":"fr_FR","og_type":"article","og_title":"Tunisie : Des d\u00e9put\u00e9s s\u2019activent pour freiner la fuite des comp\u00e9tences","og_description":"S\u2019exprimant sur les ondes de Diwan FM, Fadhloun a ajout\u00e9 qu\u2019il est envisag\u00e9 soit d\u2019int\u00e9grer un point dans le projet de loi de finances pour 2025 concernant la f...","og_url":"https:\/\/www.webdo.tn\/fr\/actualite\/national\/tunisie-des-deputes-s-activent-pour-freiner-la-fuite-des-competences\/217823\/","og_site_name":"webdo","article_publisher":"https:\/\/www.facebook.com\/webdotn","article_published_time":"2024-11-24T15:55:00+00:00","article_modified_time":"2025-05-20T22:21:29+00:00","og_image":[{"width":700,"height":373,"url":"https:\/\/www.webdo.tn\/fr\/wp-content\/uploads\/2025\/05\/d4b5c8de8b7c48ad3a03b73b611826fa-2.webp","type":"image\/webp"}],"author":"KJ","twitter_card":"summary_large_image","twitter_creator":"@webdo_tn","twitter_site":"@webdo_tn","twitter_misc":{"\u00c9crit par":"KJ","Dur\u00e9e de lecture estim\u00e9e":"1 minute"},"schema":{"@context":"https:\/\/schema.org","@graph":[{"@type":"NewsArticle","@id":"https:\/\/www.webdo.tn\/fr\/actualite\/national\/tunisie-des-deputes-s-activent-pour-freiner-la-fuite-des-competences\/217823\/#article","isPartOf":{"@id":"https:\/\/www.webdo.tn\/fr\/actualite\/national\/tunisie-des-deputes-s-activent-pour-freiner-la-fuite-des-competences\/217823\/"},"author":{"name":"KJ","@id":"https:\/\/www.webdo.tn\/fr\/#\/schema\/person\/82ca085b22037d285e1a3c4b65ba5f71"},"headline":"Tunisie : Des d\u00e9put\u00e9s s\u2019activent pour freiner la fuite des comp\u00e9tences","datePublished":"2024-11-24T15:55:00+00:00","dateModified":"2025-05-20T22:21:29+00:00","mainEntityOfPage":{"@id":"https:\/\/www.webdo.tn\/fr\/actualite\/national\/tunisie-des-deputes-s-activent-pour-freiner-la-fuite-des-competences\/217823\/"},"wordCount":252,"commentCount":0,"publisher":{"@id":"https:\/\/www.webdo.tn\/fr\/#organization"},"image":{"@id":"https:\/\/www.webdo.tn\/fr\/actualite\/national\/tunisie-des-deputes-s-activent-pour-freiner-la-fuite-des-competences\/217823\/#primaryimage"},"thumbnailUrl":"https:\/\/www.webdo.tn\/fr\/wp-content\/uploads\/2025\/05\/d4b5c8de8b7c48ad3a03b73b611826fa-2.webp","keywords":["ARP","comp\u00e9tences","d\u00e9put\u00e9s","Tunisie"],"articleSection":["National"],"inLanguage":"fr-FR"},{"@type":"WebPage","@id":"https:\/\/www.webdo.tn\/fr\/actualite\/national\/tunisie-des-deputes-s-activent-pour-freiner-la-fuite-des-competences\/217823\/","url":"https:\/\/www.webdo.tn\/fr\/actualite\/national\/tunisie-des-deputes-s-activent-pour-freiner-la-fuite-des-competences\/217823\/","name":"Tunisie : Des d\u00e9put\u00e9s s\u2019activent pour freiner la fuite des comp\u00e9tences","isPartOf":{"@id":"https:\/\/www.webdo.tn\/fr\/#website"},"primaryImageOfPage":{"@id":"https:\/\/www.webdo.tn\/fr\/actualite\/national\/tunisie-des-deputes-s-activent-pour-freiner-la-fuite-des-competences\/217823\/#primaryimage"},"image":{"@id":"https:\/\/www.webdo.tn\/fr\/actualite\/national\/tunisie-des-deputes-s-activent-pour-freiner-la-fuite-des-competences\/217823\/#primaryimage"},"thumbnailUrl":"https:\/\/www.webdo.tn\/fr\/wp-content\/uploads\/2025\/05\/d4b5c8de8b7c48ad3a03b73b611826fa-2.webp","datePublished":"2024-11-24T15:55:00+00:00","dateModified":"2025-05-20T22:21:29+00:00","description":"S\u2019exprimant sur les ondes de Diwan FM, Fadhloun a ajout\u00e9 qu\u2019il est envisag\u00e9 soit d\u2019int\u00e9grer un point dans le projet de loi de finances pour 2025 concernant la f...","breadcrumb":{"@id":"https:\/\/www.webdo.tn\/fr\/actualite\/national\/tunisie-des-deputes-s-activent-pour-freiner-la-fuite-des-competences\/217823\/#breadcrumb"},"inLanguage":"fr-FR","potentialAction":[{"@type":"ReadAction","target":["https:\/\/www.webdo.tn\/fr\/actualite\/national\/tunisie-des-deputes-s-activent-pour-freiner-la-fuite-des-competences\/217823\/"]}]},{"@type":"ImageObject","inLanguage":"fr-FR","@id":"https:\/\/www.webdo.tn\/fr\/actualite\/national\/tunisie-des-deputes-s-activent-pour-freiner-la-fuite-des-competences\/217823\/#primaryimage","url":"https:\/\/www.webdo.tn\/fr\/wp-content\/uploads\/2025\/05\/d4b5c8de8b7c48ad3a03b73b611826fa-2.webp","contentUrl":"https:\/\/www.webdo.tn\/fr\/wp-content\/uploads\/2025\/05\/d4b5c8de8b7c48ad3a03b73b611826fa-2.webp","width":700,"height":373},{"@type":"BreadcrumbList","@id":"https:\/\/www.webdo.tn\/fr\/actualite\/national\/tunisie-des-deputes-s-activent-pour-freiner-la-fuite-des-competences\/217823\/#breadcrumb","itemListElement":[{"@type":"ListItem","position":1,"name":"Accueil","item":"https:\/\/www.webdo.tn\/fr\/"},{"@type":"ListItem","position":2,"name":"Tunisie : Des d\u00e9put\u00e9s s\u2019activent pour freiner la fuite des comp\u00e9tences"}]},{"@type":"WebSite","@id":"https:\/\/www.webdo.tn\/fr\/#website","url":"https:\/\/www.webdo.tn\/fr\/","name":"webdo","description":"Tunisie - News en Tunisie et \u00e0 l&#039;international sur Webdo.tn","publisher":{"@id":"https:\/\/www.webdo.tn\/fr\/#organization"},"potentialAction":[{"@type":"SearchAction","target":{"@type":"EntryPoint","urlTemplate":"https:\/\/www.webdo.tn\/fr\/?s={search_term_string}"},"query-input":{"@type":"PropertyValueSpecification","valueRequired":true,"valueName":"search_term_string"}}],"inLanguage":"fr-FR"},{"@type":"Organization","@id":"https:\/\/www.webdo.tn\/fr\/#organization","name":"Webdo","alternateName":"Webdo.tn","url":"https:\/\/www.webdo.tn\/fr\/","logo":{"@type":"ImageObject","inLanguage":"fr-FR","@id":"https:\/\/www.webdo.tn\/fr\/#\/schema\/logo\/image\/","url":"https:\/\/www.webdo.tn\/fr\/wp-content\/uploads\/2025\/06\/Webdo-Tunisie_168377.jpg","contentUrl":"https:\/\/www.webdo.tn\/fr\/wp-content\/uploads\/2025\/06\/Webdo-Tunisie_168377.jpg","width":301,"height":301,"caption":"Webdo"},"image":{"@id":"https:\/\/www.webdo.tn\/fr\/#\/schema\/logo\/image\/"},"sameAs":["https:\/\/www.facebook.com\/webdotn","https:\/\/x.com\/webdo_tn"],"description":"Webdo est un m\u00e9dia num\u00e9rique tunisien fond\u00e9 en 2010, sp\u00e9cialis\u00e9 dans l\u2019actualit\u00e9 nationale et internationale, l\u2019\u00e9conomie, la soci\u00e9t\u00e9 et les analyses politiques. Le site s\u2019adresse \u00e0 un large public francophone et couvre l\u2019information tunisienne en temps r\u00e9el.","email":"redac@webdo.tn","legalName":"YNJ SARL","foundingDate":"2010-09-06","numberOfEmployees":{"@type":"QuantitativeValue","minValue":"11","maxValue":"50"}},{"@type":"Person","@id":"https:\/\/www.webdo.tn\/fr\/#\/schema\/person\/82ca085b22037d285e1a3c4b65ba5f71","name":"KJ","image":{"@type":"ImageObject","inLanguage":"fr-FR","@id":"https:\/\/secure.gravatar.com\/avatar\/1a1320de1c1971c893f00068f760b4113d69504aa21273da17ee95650c5944fd?s=96&d=mm&r=g","url":"https:\/\/secure.gravatar.com\/avatar\/1a1320de1c1971c893f00068f760b4113d69504aa21273da17ee95650c5944fd?s=96&d=mm&r=g","contentUrl":"https:\/\/secure.gravatar.com\/avatar\/1a1320de1c1971c893f00068f760b4113d69504aa21273da17ee95650c5944fd?s=96&d=mm&r=g","caption":"KJ"},"url":"https:\/\/www.webdo.tn\/fr\/actualite\/author\/kj\/"}]}},"_links":{"self":[{"href":"https:\/\/www.webdo.tn\/fr\/wp-json\/wp\/v2\/posts\/217823","targetHints":{"allow":["GET"]}}],"collection":[{"href":"https:\/\/www.webdo.tn\/fr\/wp-json\/wp\/v2\/posts"}],"about":[{"href":"https:\/\/www.webdo.tn\/fr\/wp-json\/wp\/v2\/types\/post"}],"author":[{"embeddable":true,"href":"https:\/\/www.webdo.tn\/fr\/wp-json\/wp\/v2\/users\/3163"}],"replies":[{"embeddable":true,"href":"https:\/\/www.webdo.tn\/fr\/wp-json\/wp\/v2\/comments?post=217823"}],"version-history":[{"count":0,"href":"https:\/\/www.webdo.tn\/fr\/wp-json\/wp\/v2\/posts\/217823\/revisions"}],"wp:featuredmedia":[{"embeddable":true,"href":"https:\/\/www.webdo.tn\/fr\/wp-json\/wp\/v2\/media\/243882"}],"wp:attachment":[{"href":"https:\/\/www.webdo.tn\/fr\/wp-json\/wp\/v2\/media?parent=217823"}],"wp:term":[{"taxonomy":"category","embeddable":true,"href":"https:\/\/www.webdo.tn\/fr\/wp-json\/wp\/v2\/categories?post=217823"},{"taxonomy":"post_tag","embeddable":true,"href":"https:\/\/www.webdo.tn\/fr\/wp-json\/wp\/v2\/tags?post=217823"}],"curies":[{"name":"wp","href":"https:\/\/api.w.org\/{rel}","templated":true}]}}