{"id":217809,"date":"2024-11-23T09:58:00","date_gmt":"2024-11-23T09:58:00","guid":{"rendered":"https:\/\/www.webdo.tn\/fr\/blog\/tunisie-liberation-provisoire-du-depute-hamdi-ben-salah\/217809\/"},"modified":"2025-05-20T22:15:13","modified_gmt":"2025-05-20T22:15:13","slug":"tunisie-liberation-provisoire-du-depute-hamdi-ben-salah","status":"publish","type":"post","link":"https:\/\/www.webdo.tn\/fr\/actualite\/national\/tunisie-liberation-provisoire-du-depute-hamdi-ben-salah\/217809\/","title":{"rendered":"Tunisie : Lib\u00e9ration provisoire du d\u00e9put\u00e9 Hamdi Ben Salah"},"content":{"rendered":"<p>Condamn\u00e9 \u00e0 une peine de six mois de prison pour agression, le d\u00e9put\u00e9 Hamdi Ben Salah a \u00e9t\u00e9 remis en libert\u00e9\u2026 provisoire.<\/p>\n<p>\t\t\t\t\t\t\t\t\tLa chambre correctionnelle de la Cour d&rsquo;appel de Sousse a r\u00e9pondu, hier, vendredi 22 novembre 2024, \u00e0 la demande de la d\u00e9fense du d\u00e9put\u00e9 en ordonnant la lib\u00e9ration provisoire Hamdi Ben Salah.<\/p>\n<p>Selon son avocat Sa\u00efl Medimegh, une audience a \u00e9t\u00e9 fix\u00e9e au 5 d\u00e9cembre 2024 pour poursuivre l&rsquo;examen de l&rsquo;affaire, rapporte Mosaique fm.<\/p>\n<p>Il convient de rappeler que la chambre correctionnelle du tribunal de premi\u00e8re instance de Sousse 1 avait condamn\u00e9, le mercredi 13 novembre 2024, le d\u00e9put\u00e9 de la r\u00e9gion de Sousse \u00e0 six mois de prison pour agression contre un agent public de la municipalit\u00e9 de Sousse.<\/p>\n<p>Les faits remontent au 21 octobre, lorsque le d\u00e9put\u00e9 en question a fait l\u2019objet d\u2019une plainte de la part d\u2019un employ\u00e9 de la municipalit\u00e9 de Sousse, selon lequel une altercation avec le d\u00e9put\u00e9 a d\u00e9g\u00e9n\u00e9r\u00e9 en insultes et en violence physique, notamment une gifle.<\/p>\n<p>Hamdi Ben Salah avait \u00e9t\u00e9 plac\u00e9 en d\u00e9tention le 22 octobre et le minist\u00e8re public aupr\u00e8s du tribunal de premi\u00e8re instance de Sousse 1 avait \u00e9mis un mandat de d\u00e9p\u00f4t contre lui le 25 octobre dernier pour agression physique et verbale contre un fonctionnaire municipal dans l\u2019exercice de ses fonctions.<\/p>\n","protected":false},"excerpt":{"rendered":"<p>Condamn\u00e9 \u00e0 une peine de six mois de prison pour agression, le d\u00e9put\u00e9 Hamdi Ben Salah a \u00e9t\u00e9 remis en libert\u00e9\u2026 provisoire.<\/p>\n","protected":false},"author":3162,"featured_media":291395,"comment_status":"open","ping_status":"closed","sticky":false,"template":"","format":"standard","meta":{"footnotes":""},"categories":[44],"tags":[10673,10672,3435,2835,3597,2619],"class_list":["post-217809","post","type-post","status-publish","format-standard","has-post-thumbnail","hentry","category-national","tag-hamdi-ben-salah","tag-liberte-provisoire","tag-agression","tag-condamnation","tag-depute","tag-justice"],"yoast_head":"<!-- This site is optimized with the Yoast SEO Premium plugin v27.4 (Yoast SEO v27.5) - https:\/\/yoast.com\/product\/yoast-seo-premium-wordpress\/ -->\n<title>Tunisie : Lib\u00e9ration provisoire du d\u00e9put\u00e9 Hamdi Ben Salah<\/title>\n<meta name=\"description\" content=\"Condamn\u00e9 \u00e0 une peine de six mois de prison pour agression, le d\u00e9put\u00e9 Hamdi Ben Salah a \u00e9t\u00e9 remis en libert\u00e9\u2026 provisoire.\" \/>\n<link rel=\"canonical\" href=\"https:\/\/www.webdo.tn\/fr\/actualite\/national\/tunisie-liberation-provisoire-du-depute-hamdi-ben-salah\/217809\/\" \/>\n<meta property=\"og:locale\" content=\"fr_FR\" \/>\n<meta property=\"og:type\" content=\"article\" \/>\n<meta property=\"og:title\" content=\"Tunisie : Lib\u00e9ration provisoire du d\u00e9put\u00e9 Hamdi Ben Salah\" \/>\n<meta property=\"og:description\" content=\"Condamn\u00e9 \u00e0 une peine de six mois de prison pour agression, le d\u00e9put\u00e9 Hamdi Ben Salah a \u00e9t\u00e9 remis en libert\u00e9\u2026 provisoire.\" \/>\n<meta property=\"og:url\" content=\"https:\/\/www.webdo.tn\/fr\/actualite\/national\/tunisie-liberation-provisoire-du-depute-hamdi-ben-salah\/217809\/\" \/>\n<meta property=\"og:site_name\" content=\"webdo\" \/>\n<meta property=\"article:publisher\" content=\"https:\/\/www.facebook.com\/webdotn\" \/>\n<meta property=\"article:published_time\" content=\"2024-11-23T09:58:00+00:00\" \/>\n<meta property=\"article:modified_time\" content=\"2025-05-20T22:15:13+00:00\" \/>\n<meta property=\"og:image\" content=\"https:\/\/www.webdo.tn\/fr\/wp-content\/uploads\/2024\/11\/cb9584946cedab0585f986d585a8f7da.webp\" \/>\n\t<meta property=\"og:image:width\" content=\"600\" \/>\n\t<meta property=\"og:image:height\" content=\"320\" \/>\n\t<meta property=\"og:image:type\" content=\"image\/webp\" \/>\n<meta name=\"author\" content=\"MC\" \/>\n<meta name=\"twitter:card\" content=\"summary_large_image\" \/>\n<meta name=\"twitter:creator\" content=\"@webdo_tn\" \/>\n<meta name=\"twitter:site\" content=\"@webdo_tn\" \/>\n<meta name=\"twitter:label1\" content=\"\u00c9crit par\" \/>\n\t<meta name=\"twitter:data1\" content=\"MC\" \/>\n\t<meta name=\"twitter:label2\" content=\"Dur\u00e9e de lecture estim\u00e9e\" \/>\n\t<meta name=\"twitter:data2\" content=\"1 minute\" \/>\n<script type=\"application\/ld+json\" class=\"yoast-schema-graph\">{\"@context\":\"https:\\\/\\\/schema.org\",\"@graph\":[{\"@type\":\"NewsArticle\",\"@id\":\"https:\\\/\\\/www.webdo.tn\\\/fr\\\/actualite\\\/national\\\/tunisie-liberation-provisoire-du-depute-hamdi-ben-salah\\\/217809\\\/#article\",\"isPartOf\":{\"@id\":\"https:\\\/\\\/www.webdo.tn\\\/fr\\\/actualite\\\/national\\\/tunisie-liberation-provisoire-du-depute-hamdi-ben-salah\\\/217809\\\/\"},\"author\":{\"name\":\"MC\",\"@id\":\"https:\\\/\\\/www.webdo.tn\\\/fr\\\/#\\\/schema\\\/person\\\/2c4929cbf5a809e3bd38617c6ce150f6\"},\"headline\":\"Tunisie : Lib\u00e9ration provisoire du d\u00e9put\u00e9 Hamdi Ben Salah\",\"datePublished\":\"2024-11-23T09:58:00+00:00\",\"dateModified\":\"2025-05-20T22:15:13+00:00\",\"mainEntityOfPage\":{\"@id\":\"https:\\\/\\\/www.webdo.tn\\\/fr\\\/actualite\\\/national\\\/tunisie-liberation-provisoire-du-depute-hamdi-ben-salah\\\/217809\\\/\"},\"wordCount\":241,\"commentCount\":0,\"publisher\":{\"@id\":\"https:\\\/\\\/www.webdo.tn\\\/fr\\\/#organization\"},\"image\":{\"@id\":\"https:\\\/\\\/www.webdo.tn\\\/fr\\\/actualite\\\/national\\\/tunisie-liberation-provisoire-du-depute-hamdi-ben-salah\\\/217809\\\/#primaryimage\"},\"thumbnailUrl\":\"https:\\\/\\\/www.webdo.tn\\\/fr\\\/wp-content\\\/uploads\\\/2024\\\/11\\\/cb9584946cedab0585f986d585a8f7da.webp\",\"keywords\":[\"'hamdi ben salah']\",\"'libert\u00e9 provisoire'\",\"agression\",\"condamnation\",\"d\u00e9put\u00e9\",\"justice\"],\"articleSection\":[\"National\"],\"inLanguage\":\"fr-FR\"},{\"@type\":\"WebPage\",\"@id\":\"https:\\\/\\\/www.webdo.tn\\\/fr\\\/actualite\\\/national\\\/tunisie-liberation-provisoire-du-depute-hamdi-ben-salah\\\/217809\\\/\",\"url\":\"https:\\\/\\\/www.webdo.tn\\\/fr\\\/actualite\\\/national\\\/tunisie-liberation-provisoire-du-depute-hamdi-ben-salah\\\/217809\\\/\",\"name\":\"Tunisie : Lib\u00e9ration provisoire du d\u00e9put\u00e9 Hamdi Ben Salah\",\"isPartOf\":{\"@id\":\"https:\\\/\\\/www.webdo.tn\\\/fr\\\/#website\"},\"primaryImageOfPage\":{\"@id\":\"https:\\\/\\\/www.webdo.tn\\\/fr\\\/actualite\\\/national\\\/tunisie-liberation-provisoire-du-depute-hamdi-ben-salah\\\/217809\\\/#primaryimage\"},\"image\":{\"@id\":\"https:\\\/\\\/www.webdo.tn\\\/fr\\\/actualite\\\/national\\\/tunisie-liberation-provisoire-du-depute-hamdi-ben-salah\\\/217809\\\/#primaryimage\"},\"thumbnailUrl\":\"https:\\\/\\\/www.webdo.tn\\\/fr\\\/wp-content\\\/uploads\\\/2024\\\/11\\\/cb9584946cedab0585f986d585a8f7da.webp\",\"datePublished\":\"2024-11-23T09:58:00+00:00\",\"dateModified\":\"2025-05-20T22:15:13+00:00\",\"description\":\"Condamn\u00e9 \u00e0 une peine de six mois de prison pour agression, le d\u00e9put\u00e9 Hamdi Ben Salah a \u00e9t\u00e9 remis en libert\u00e9\u2026 provisoire.\",\"breadcrumb\":{\"@id\":\"https:\\\/\\\/www.webdo.tn\\\/fr\\\/actualite\\\/national\\\/tunisie-liberation-provisoire-du-depute-hamdi-ben-salah\\\/217809\\\/#breadcrumb\"},\"inLanguage\":\"fr-FR\",\"potentialAction\":[{\"@type\":\"ReadAction\",\"target\":[\"https:\\\/\\\/www.webdo.tn\\\/fr\\\/actualite\\\/national\\\/tunisie-liberation-provisoire-du-depute-hamdi-ben-salah\\\/217809\\\/\"]}]},{\"@type\":\"ImageObject\",\"inLanguage\":\"fr-FR\",\"@id\":\"https:\\\/\\\/www.webdo.tn\\\/fr\\\/actualite\\\/national\\\/tunisie-liberation-provisoire-du-depute-hamdi-ben-salah\\\/217809\\\/#primaryimage\",\"url\":\"https:\\\/\\\/www.webdo.tn\\\/fr\\\/wp-content\\\/uploads\\\/2024\\\/11\\\/cb9584946cedab0585f986d585a8f7da.webp\",\"contentUrl\":\"https:\\\/\\\/www.webdo.tn\\\/fr\\\/wp-content\\\/uploads\\\/2024\\\/11\\\/cb9584946cedab0585f986d585a8f7da.webp\",\"width\":600,\"height\":320,\"caption\":\"Tunisie : Lib\u00e9ration provisoire du d\u00e9put\u00e9 Hamdi Ben Salah\"},{\"@type\":\"BreadcrumbList\",\"@id\":\"https:\\\/\\\/www.webdo.tn\\\/fr\\\/actualite\\\/national\\\/tunisie-liberation-provisoire-du-depute-hamdi-ben-salah\\\/217809\\\/#breadcrumb\",\"itemListElement\":[{\"@type\":\"ListItem\",\"position\":1,\"name\":\"Accueil\",\"item\":\"https:\\\/\\\/www.webdo.tn\\\/fr\\\/\"},{\"@type\":\"ListItem\",\"position\":2,\"name\":\"Tunisie : Lib\u00e9ration provisoire du d\u00e9put\u00e9 Hamdi Ben Salah\"}]},{\"@type\":\"WebSite\",\"@id\":\"https:\\\/\\\/www.webdo.tn\\\/fr\\\/#website\",\"url\":\"https:\\\/\\\/www.webdo.tn\\\/fr\\\/\",\"name\":\"webdo\",\"description\":\"Tunisie - News en Tunisie et \u00e0 l&#039;international sur Webdo.tn\",\"publisher\":{\"@id\":\"https:\\\/\\\/www.webdo.tn\\\/fr\\\/#organization\"},\"potentialAction\":[{\"@type\":\"SearchAction\",\"target\":{\"@type\":\"EntryPoint\",\"urlTemplate\":\"https:\\\/\\\/www.webdo.tn\\\/fr\\\/?s={search_term_string}\"},\"query-input\":{\"@type\":\"PropertyValueSpecification\",\"valueRequired\":true,\"valueName\":\"search_term_string\"}}],\"inLanguage\":\"fr-FR\"},{\"@type\":\"Organization\",\"@id\":\"https:\\\/\\\/www.webdo.tn\\\/fr\\\/#organization\",\"name\":\"Webdo\",\"alternateName\":\"Webdo.tn\",\"url\":\"https:\\\/\\\/www.webdo.tn\\\/fr\\\/\",\"logo\":{\"@type\":\"ImageObject\",\"inLanguage\":\"fr-FR\",\"@id\":\"https:\\\/\\\/www.webdo.tn\\\/fr\\\/#\\\/schema\\\/logo\\\/image\\\/\",\"url\":\"https:\\\/\\\/www.webdo.tn\\\/fr\\\/wp-content\\\/uploads\\\/2025\\\/06\\\/Webdo-Tunisie_168377.jpg\",\"contentUrl\":\"https:\\\/\\\/www.webdo.tn\\\/fr\\\/wp-content\\\/uploads\\\/2025\\\/06\\\/Webdo-Tunisie_168377.jpg\",\"width\":301,\"height\":301,\"caption\":\"Webdo\"},\"image\":{\"@id\":\"https:\\\/\\\/www.webdo.tn\\\/fr\\\/#\\\/schema\\\/logo\\\/image\\\/\"},\"sameAs\":[\"https:\\\/\\\/www.facebook.com\\\/webdotn\",\"https:\\\/\\\/x.com\\\/webdo_tn\"],\"description\":\"Webdo est un m\u00e9dia num\u00e9rique tunisien fond\u00e9 en 2010, sp\u00e9cialis\u00e9 dans l\u2019actualit\u00e9 nationale et internationale, l\u2019\u00e9conomie, la soci\u00e9t\u00e9 et les analyses politiques. Le site s\u2019adresse \u00e0 un large public francophone et couvre l\u2019information tunisienne en temps r\u00e9el.\",\"email\":\"redac@webdo.tn\",\"legalName\":\"YNJ SARL\",\"foundingDate\":\"2010-09-06\",\"numberOfEmployees\":{\"@type\":\"QuantitativeValue\",\"minValue\":\"11\",\"maxValue\":\"50\"}},{\"@type\":\"Person\",\"@id\":\"https:\\\/\\\/www.webdo.tn\\\/fr\\\/#\\\/schema\\\/person\\\/2c4929cbf5a809e3bd38617c6ce150f6\",\"name\":\"MC\",\"image\":{\"@type\":\"ImageObject\",\"inLanguage\":\"fr-FR\",\"@id\":\"https:\\\/\\\/secure.gravatar.com\\\/avatar\\\/a545bbb6f84efdd5553dbbc2895e3ca8f1d12c5215e00a041c9670b54aa9b18a?s=96&d=mm&r=g\",\"url\":\"https:\\\/\\\/secure.gravatar.com\\\/avatar\\\/a545bbb6f84efdd5553dbbc2895e3ca8f1d12c5215e00a041c9670b54aa9b18a?s=96&d=mm&r=g\",\"contentUrl\":\"https:\\\/\\\/secure.gravatar.com\\\/avatar\\\/a545bbb6f84efdd5553dbbc2895e3ca8f1d12c5215e00a041c9670b54aa9b18a?s=96&d=mm&r=g\",\"caption\":\"MC\"},\"url\":\"https:\\\/\\\/www.webdo.tn\\\/fr\\\/actualite\\\/author\\\/mc\\\/\"}]}<\/script>\n<!-- \/ Yoast SEO Premium plugin. -->","yoast_head_json":{"title":"Tunisie : Lib\u00e9ration provisoire du d\u00e9put\u00e9 Hamdi Ben Salah","description":"Condamn\u00e9 \u00e0 une peine de six mois de prison pour agression, le d\u00e9put\u00e9 Hamdi Ben Salah a \u00e9t\u00e9 remis en libert\u00e9\u2026 provisoire.","canonical":"https:\/\/www.webdo.tn\/fr\/actualite\/national\/tunisie-liberation-provisoire-du-depute-hamdi-ben-salah\/217809\/","og_locale":"fr_FR","og_type":"article","og_title":"Tunisie : Lib\u00e9ration provisoire du d\u00e9put\u00e9 Hamdi Ben Salah","og_description":"Condamn\u00e9 \u00e0 une peine de six mois de prison pour agression, le d\u00e9put\u00e9 Hamdi Ben Salah a \u00e9t\u00e9 remis en libert\u00e9\u2026 provisoire.","og_url":"https:\/\/www.webdo.tn\/fr\/actualite\/national\/tunisie-liberation-provisoire-du-depute-hamdi-ben-salah\/217809\/","og_site_name":"webdo","article_publisher":"https:\/\/www.facebook.com\/webdotn","article_published_time":"2024-11-23T09:58:00+00:00","article_modified_time":"2025-05-20T22:15:13+00:00","og_image":[{"width":600,"height":320,"url":"https:\/\/www.webdo.tn\/fr\/wp-content\/uploads\/2024\/11\/cb9584946cedab0585f986d585a8f7da.webp","type":"image\/webp"}],"author":"MC","twitter_card":"summary_large_image","twitter_creator":"@webdo_tn","twitter_site":"@webdo_tn","twitter_misc":{"\u00c9crit par":"MC","Dur\u00e9e de lecture estim\u00e9e":"1 minute"},"schema":{"@context":"https:\/\/schema.org","@graph":[{"@type":"NewsArticle","@id":"https:\/\/www.webdo.tn\/fr\/actualite\/national\/tunisie-liberation-provisoire-du-depute-hamdi-ben-salah\/217809\/#article","isPartOf":{"@id":"https:\/\/www.webdo.tn\/fr\/actualite\/national\/tunisie-liberation-provisoire-du-depute-hamdi-ben-salah\/217809\/"},"author":{"name":"MC","@id":"https:\/\/www.webdo.tn\/fr\/#\/schema\/person\/2c4929cbf5a809e3bd38617c6ce150f6"},"headline":"Tunisie : Lib\u00e9ration provisoire du d\u00e9put\u00e9 Hamdi Ben Salah","datePublished":"2024-11-23T09:58:00+00:00","dateModified":"2025-05-20T22:15:13+00:00","mainEntityOfPage":{"@id":"https:\/\/www.webdo.tn\/fr\/actualite\/national\/tunisie-liberation-provisoire-du-depute-hamdi-ben-salah\/217809\/"},"wordCount":241,"commentCount":0,"publisher":{"@id":"https:\/\/www.webdo.tn\/fr\/#organization"},"image":{"@id":"https:\/\/www.webdo.tn\/fr\/actualite\/national\/tunisie-liberation-provisoire-du-depute-hamdi-ben-salah\/217809\/#primaryimage"},"thumbnailUrl":"https:\/\/www.webdo.tn\/fr\/wp-content\/uploads\/2024\/11\/cb9584946cedab0585f986d585a8f7da.webp","keywords":["'hamdi ben salah']","'libert\u00e9 provisoire'","agression","condamnation","d\u00e9put\u00e9","justice"],"articleSection":["National"],"inLanguage":"fr-FR"},{"@type":"WebPage","@id":"https:\/\/www.webdo.tn\/fr\/actualite\/national\/tunisie-liberation-provisoire-du-depute-hamdi-ben-salah\/217809\/","url":"https:\/\/www.webdo.tn\/fr\/actualite\/national\/tunisie-liberation-provisoire-du-depute-hamdi-ben-salah\/217809\/","name":"Tunisie : Lib\u00e9ration provisoire du d\u00e9put\u00e9 Hamdi Ben Salah","isPartOf":{"@id":"https:\/\/www.webdo.tn\/fr\/#website"},"primaryImageOfPage":{"@id":"https:\/\/www.webdo.tn\/fr\/actualite\/national\/tunisie-liberation-provisoire-du-depute-hamdi-ben-salah\/217809\/#primaryimage"},"image":{"@id":"https:\/\/www.webdo.tn\/fr\/actualite\/national\/tunisie-liberation-provisoire-du-depute-hamdi-ben-salah\/217809\/#primaryimage"},"thumbnailUrl":"https:\/\/www.webdo.tn\/fr\/wp-content\/uploads\/2024\/11\/cb9584946cedab0585f986d585a8f7da.webp","datePublished":"2024-11-23T09:58:00+00:00","dateModified":"2025-05-20T22:15:13+00:00","description":"Condamn\u00e9 \u00e0 une peine de six mois de prison pour agression, le d\u00e9put\u00e9 Hamdi Ben Salah a \u00e9t\u00e9 remis en libert\u00e9\u2026 provisoire.","breadcrumb":{"@id":"https:\/\/www.webdo.tn\/fr\/actualite\/national\/tunisie-liberation-provisoire-du-depute-hamdi-ben-salah\/217809\/#breadcrumb"},"inLanguage":"fr-FR","potentialAction":[{"@type":"ReadAction","target":["https:\/\/www.webdo.tn\/fr\/actualite\/national\/tunisie-liberation-provisoire-du-depute-hamdi-ben-salah\/217809\/"]}]},{"@type":"ImageObject","inLanguage":"fr-FR","@id":"https:\/\/www.webdo.tn\/fr\/actualite\/national\/tunisie-liberation-provisoire-du-depute-hamdi-ben-salah\/217809\/#primaryimage","url":"https:\/\/www.webdo.tn\/fr\/wp-content\/uploads\/2024\/11\/cb9584946cedab0585f986d585a8f7da.webp","contentUrl":"https:\/\/www.webdo.tn\/fr\/wp-content\/uploads\/2024\/11\/cb9584946cedab0585f986d585a8f7da.webp","width":600,"height":320,"caption":"Tunisie : Lib\u00e9ration provisoire du d\u00e9put\u00e9 Hamdi Ben Salah"},{"@type":"BreadcrumbList","@id":"https:\/\/www.webdo.tn\/fr\/actualite\/national\/tunisie-liberation-provisoire-du-depute-hamdi-ben-salah\/217809\/#breadcrumb","itemListElement":[{"@type":"ListItem","position":1,"name":"Accueil","item":"https:\/\/www.webdo.tn\/fr\/"},{"@type":"ListItem","position":2,"name":"Tunisie : Lib\u00e9ration provisoire du d\u00e9put\u00e9 Hamdi Ben Salah"}]},{"@type":"WebSite","@id":"https:\/\/www.webdo.tn\/fr\/#website","url":"https:\/\/www.webdo.tn\/fr\/","name":"webdo","description":"Tunisie - News en Tunisie et \u00e0 l&#039;international sur Webdo.tn","publisher":{"@id":"https:\/\/www.webdo.tn\/fr\/#organization"},"potentialAction":[{"@type":"SearchAction","target":{"@type":"EntryPoint","urlTemplate":"https:\/\/www.webdo.tn\/fr\/?s={search_term_string}"},"query-input":{"@type":"PropertyValueSpecification","valueRequired":true,"valueName":"search_term_string"}}],"inLanguage":"fr-FR"},{"@type":"Organization","@id":"https:\/\/www.webdo.tn\/fr\/#organization","name":"Webdo","alternateName":"Webdo.tn","url":"https:\/\/www.webdo.tn\/fr\/","logo":{"@type":"ImageObject","inLanguage":"fr-FR","@id":"https:\/\/www.webdo.tn\/fr\/#\/schema\/logo\/image\/","url":"https:\/\/www.webdo.tn\/fr\/wp-content\/uploads\/2025\/06\/Webdo-Tunisie_168377.jpg","contentUrl":"https:\/\/www.webdo.tn\/fr\/wp-content\/uploads\/2025\/06\/Webdo-Tunisie_168377.jpg","width":301,"height":301,"caption":"Webdo"},"image":{"@id":"https:\/\/www.webdo.tn\/fr\/#\/schema\/logo\/image\/"},"sameAs":["https:\/\/www.facebook.com\/webdotn","https:\/\/x.com\/webdo_tn"],"description":"Webdo est un m\u00e9dia num\u00e9rique tunisien fond\u00e9 en 2010, sp\u00e9cialis\u00e9 dans l\u2019actualit\u00e9 nationale et internationale, l\u2019\u00e9conomie, la soci\u00e9t\u00e9 et les analyses politiques. Le site s\u2019adresse \u00e0 un large public francophone et couvre l\u2019information tunisienne en temps r\u00e9el.","email":"redac@webdo.tn","legalName":"YNJ SARL","foundingDate":"2010-09-06","numberOfEmployees":{"@type":"QuantitativeValue","minValue":"11","maxValue":"50"}},{"@type":"Person","@id":"https:\/\/www.webdo.tn\/fr\/#\/schema\/person\/2c4929cbf5a809e3bd38617c6ce150f6","name":"MC","image":{"@type":"ImageObject","inLanguage":"fr-FR","@id":"https:\/\/secure.gravatar.com\/avatar\/a545bbb6f84efdd5553dbbc2895e3ca8f1d12c5215e00a041c9670b54aa9b18a?s=96&d=mm&r=g","url":"https:\/\/secure.gravatar.com\/avatar\/a545bbb6f84efdd5553dbbc2895e3ca8f1d12c5215e00a041c9670b54aa9b18a?s=96&d=mm&r=g","contentUrl":"https:\/\/secure.gravatar.com\/avatar\/a545bbb6f84efdd5553dbbc2895e3ca8f1d12c5215e00a041c9670b54aa9b18a?s=96&d=mm&r=g","caption":"MC"},"url":"https:\/\/www.webdo.tn\/fr\/actualite\/author\/mc\/"}]}},"_links":{"self":[{"href":"https:\/\/www.webdo.tn\/fr\/wp-json\/wp\/v2\/posts\/217809","targetHints":{"allow":["GET"]}}],"collection":[{"href":"https:\/\/www.webdo.tn\/fr\/wp-json\/wp\/v2\/posts"}],"about":[{"href":"https:\/\/www.webdo.tn\/fr\/wp-json\/wp\/v2\/types\/post"}],"author":[{"embeddable":true,"href":"https:\/\/www.webdo.tn\/fr\/wp-json\/wp\/v2\/users\/3162"}],"replies":[{"embeddable":true,"href":"https:\/\/www.webdo.tn\/fr\/wp-json\/wp\/v2\/comments?post=217809"}],"version-history":[{"count":0,"href":"https:\/\/www.webdo.tn\/fr\/wp-json\/wp\/v2\/posts\/217809\/revisions"}],"wp:featuredmedia":[{"embeddable":true,"href":"https:\/\/www.webdo.tn\/fr\/wp-json\/wp\/v2\/media\/291395"}],"wp:attachment":[{"href":"https:\/\/www.webdo.tn\/fr\/wp-json\/wp\/v2\/media?parent=217809"}],"wp:term":[{"taxonomy":"category","embeddable":true,"href":"https:\/\/www.webdo.tn\/fr\/wp-json\/wp\/v2\/categories?post=217809"},{"taxonomy":"post_tag","embeddable":true,"href":"https:\/\/www.webdo.tn\/fr\/wp-json\/wp\/v2\/tags?post=217809"}],"curies":[{"name":"wp","href":"https:\/\/api.w.org\/{rel}","templated":true}]}}