{"id":217794,"date":"2024-11-22T19:11:00","date_gmt":"2024-11-22T19:11:00","guid":{"rendered":"https:\/\/www.webdo.tn\/fr\/blog\/2024\/11\/22\/affaire-mouakher-la-justice-maintient-la-detention-des-accuses\/"},"modified":"2025-05-17T20:19:24","modified_gmt":"2025-05-17T20:19:24","slug":"affaire-mouakher-la-justice-maintient-la-detention-des-accuses","status":"publish","type":"post","link":"https:\/\/www.webdo.tn\/fr\/actualite\/national\/affaire-mouakher-la-justice-maintient-la-detention-des-accuses\/217794\/","title":{"rendered":"Affaire Mouakher : la justice maintient la d\u00e9tention des accus\u00e9s"},"content":{"rendered":"<p>La chambre criminelle sp\u00e9cialis\u00e9e dans les affaires de corruption financi\u00e8re au tribunal de premi\u00e8re instance de Tunis a rejet\u00e9 la demande de lib\u00e9ration de Riadh Mouakher, ancien ministre de l\u2019Environnement, ainsi que d\u2019un cadre de la protection civile d\u00e9tach\u00e9 au minist\u00e8re de l\u2019Environnement. Leur proc\u00e8s a \u00e9t\u00e9 report\u00e9 \u00e0 d\u00e9cembre 2024. \u00a0<\/p>\n<p>\t\t\t\t\t\t\t\t\tLes deux hommes sont accus\u00e9s de corruption financi\u00e8re et administrative dans le cadre d\u2019un march\u00e9 public portant sur l\u2019achat de v\u00e9hicules administratifs. Plac\u00e9 en garde \u00e0 vue depuis f\u00e9vrier 2023, Riadh Mouakher est poursuivi pour avoir exploit\u00e9 sa fonction publique \u00e0 des fins personnelles, en infraction \u00e0 l\u2019article 96 du Code p\u00e9nal tunisien. \u00a0<\/p>\n<p>En mars 2023, le p\u00f4le judiciaire financier a \u00e9mis un mandat de d\u00e9p\u00f4t \u00e0 son encontre, apr\u00e8s des enqu\u00eates r\u00e9v\u00e9lant des soup\u00e7ons de d\u00e9tournement de fonds publics. La chambre d\u2019accusation sp\u00e9cialis\u00e9e de la Cour d\u2019appel a confirm\u00e9 leur renvoi en \u00e9tat d\u2019arrestation devant la chambre criminelle.<\/p>\n","protected":false},"excerpt":{"rendered":"<p>Affaire Riadh Mouakher en Tunisie : l&rsquo;ancien ministre de l&rsquo;Environnement reste en d\u00e9tention avec un cadre de la Protection civile. Accus\u00e9s de corruption li\u00e9e \u00e0&#8230;<\/p>\n","protected":false},"author":4779,"featured_media":243902,"comment_status":"open","ping_status":"open","sticky":false,"template":"","format":"standard","meta":{"footnotes":""},"categories":[44],"tags":[4090,4994,2608],"class_list":["post-217794","post","type-post","status-publish","format-standard","has-post-thumbnail","hentry","category-national","tag-corruption-financiere","tag-riadh-mouakher","tag-tunisie"],"yoast_head":"<!-- This site is optimized with the Yoast SEO Premium plugin v27.5 (Yoast SEO v27.5) - https:\/\/yoast.com\/product\/yoast-seo-premium-wordpress\/ -->\n<title>Affaire Mouakher : la justice maintient la d\u00e9tention des accus\u00e9s<\/title>\n<meta name=\"description\" content=\"Affaire Riadh Mouakher en Tunisie : l&#039;ancien ministre de l&#039;Environnement reste en d\u00e9tention avec un cadre de la Protection civile. Accus\u00e9s de corruption li\u00e9e \u00e0...\" \/>\n<link rel=\"canonical\" href=\"https:\/\/www.webdo.tn\/fr\/actualite\/national\/affaire-mouakher-la-justice-maintient-la-detention-des-accuses\/217794\/\" \/>\n<meta property=\"og:locale\" content=\"fr_FR\" \/>\n<meta property=\"og:type\" content=\"article\" \/>\n<meta property=\"og:title\" content=\"Affaire Mouakher : la justice maintient la d\u00e9tention des accus\u00e9s\" \/>\n<meta property=\"og:description\" content=\"Affaire Riadh Mouakher en Tunisie : l&#039;ancien ministre de l&#039;Environnement reste en d\u00e9tention avec un cadre de la Protection civile. Accus\u00e9s de corruption li\u00e9e \u00e0...\" \/>\n<meta property=\"og:url\" content=\"https:\/\/www.webdo.tn\/fr\/actualite\/national\/affaire-mouakher-la-justice-maintient-la-detention-des-accuses\/217794\/\" \/>\n<meta property=\"og:site_name\" content=\"webdo\" \/>\n<meta property=\"article:publisher\" content=\"https:\/\/www.facebook.com\/webdotn\" \/>\n<meta property=\"article:published_time\" content=\"2024-11-22T19:11:00+00:00\" \/>\n<meta property=\"article:modified_time\" content=\"2025-05-17T20:19:24+00:00\" \/>\n<meta property=\"og:image\" content=\"https:\/\/www.webdo.tn\/fr\/wp-content\/uploads\/2025\/05\/47d89e809ebcf73648702cd84ff42a37-2.webp\" \/>\n\t<meta property=\"og:image:width\" content=\"626\" \/>\n\t<meta property=\"og:image:height\" content=\"334\" \/>\n\t<meta property=\"og:image:type\" content=\"image\/webp\" \/>\n<meta name=\"author\" content=\"Firas Ben Abdeltif\" \/>\n<meta name=\"twitter:card\" content=\"summary_large_image\" \/>\n<meta name=\"twitter:creator\" content=\"@webdo_tn\" \/>\n<meta name=\"twitter:site\" content=\"@webdo_tn\" \/>\n<meta name=\"twitter:label1\" content=\"\u00c9crit par\" \/>\n\t<meta name=\"twitter:data1\" content=\"Firas Ben Abdeltif\" \/>\n\t<meta name=\"twitter:label2\" content=\"Dur\u00e9e de lecture estim\u00e9e\" \/>\n\t<meta name=\"twitter:data2\" content=\"1 minute\" \/>\n<script type=\"application\/ld+json\" class=\"yoast-schema-graph\">{\"@context\":\"https:\\\/\\\/schema.org\",\"@graph\":[{\"@type\":\"NewsArticle\",\"@id\":\"https:\\\/\\\/www.webdo.tn\\\/fr\\\/actualite\\\/national\\\/affaire-mouakher-la-justice-maintient-la-detention-des-accuses\\\/217794\\\/#article\",\"isPartOf\":{\"@id\":\"https:\\\/\\\/www.webdo.tn\\\/fr\\\/actualite\\\/national\\\/affaire-mouakher-la-justice-maintient-la-detention-des-accuses\\\/217794\\\/\"},\"author\":{\"name\":\"Firas Ben Abdeltif\",\"@id\":\"https:\\\/\\\/www.webdo.tn\\\/fr\\\/#\\\/schema\\\/person\\\/19664196c9bfdcda126f3c27709f7d11\"},\"headline\":\"Affaire Mouakher : la justice maintient la d\u00e9tention des accus\u00e9s\",\"datePublished\":\"2024-11-22T19:11:00+00:00\",\"dateModified\":\"2025-05-17T20:19:24+00:00\",\"mainEntityOfPage\":{\"@id\":\"https:\\\/\\\/www.webdo.tn\\\/fr\\\/actualite\\\/national\\\/affaire-mouakher-la-justice-maintient-la-detention-des-accuses\\\/217794\\\/\"},\"wordCount\":186,\"commentCount\":0,\"publisher\":{\"@id\":\"https:\\\/\\\/www.webdo.tn\\\/fr\\\/#organization\"},\"image\":{\"@id\":\"https:\\\/\\\/www.webdo.tn\\\/fr\\\/actualite\\\/national\\\/affaire-mouakher-la-justice-maintient-la-detention-des-accuses\\\/217794\\\/#primaryimage\"},\"thumbnailUrl\":\"https:\\\/\\\/www.webdo.tn\\\/fr\\\/wp-content\\\/uploads\\\/2025\\\/05\\\/47d89e809ebcf73648702cd84ff42a37-2.webp\",\"keywords\":[\"corruption financi\u00e8re\",\"Riadh Mouakher\",\"Tunisie\"],\"articleSection\":[\"National\"],\"inLanguage\":\"fr-FR\"},{\"@type\":\"WebPage\",\"@id\":\"https:\\\/\\\/www.webdo.tn\\\/fr\\\/actualite\\\/national\\\/affaire-mouakher-la-justice-maintient-la-detention-des-accuses\\\/217794\\\/\",\"url\":\"https:\\\/\\\/www.webdo.tn\\\/fr\\\/actualite\\\/national\\\/affaire-mouakher-la-justice-maintient-la-detention-des-accuses\\\/217794\\\/\",\"name\":\"Affaire Mouakher : la justice maintient la d\u00e9tention des accus\u00e9s\",\"isPartOf\":{\"@id\":\"https:\\\/\\\/www.webdo.tn\\\/fr\\\/#website\"},\"primaryImageOfPage\":{\"@id\":\"https:\\\/\\\/www.webdo.tn\\\/fr\\\/actualite\\\/national\\\/affaire-mouakher-la-justice-maintient-la-detention-des-accuses\\\/217794\\\/#primaryimage\"},\"image\":{\"@id\":\"https:\\\/\\\/www.webdo.tn\\\/fr\\\/actualite\\\/national\\\/affaire-mouakher-la-justice-maintient-la-detention-des-accuses\\\/217794\\\/#primaryimage\"},\"thumbnailUrl\":\"https:\\\/\\\/www.webdo.tn\\\/fr\\\/wp-content\\\/uploads\\\/2025\\\/05\\\/47d89e809ebcf73648702cd84ff42a37-2.webp\",\"datePublished\":\"2024-11-22T19:11:00+00:00\",\"dateModified\":\"2025-05-17T20:19:24+00:00\",\"description\":\"Affaire Riadh Mouakher en Tunisie : l'ancien ministre de l'Environnement reste en d\u00e9tention avec un cadre de la Protection civile. Accus\u00e9s de corruption li\u00e9e \u00e0...\",\"breadcrumb\":{\"@id\":\"https:\\\/\\\/www.webdo.tn\\\/fr\\\/actualite\\\/national\\\/affaire-mouakher-la-justice-maintient-la-detention-des-accuses\\\/217794\\\/#breadcrumb\"},\"inLanguage\":\"fr-FR\",\"potentialAction\":[{\"@type\":\"ReadAction\",\"target\":[\"https:\\\/\\\/www.webdo.tn\\\/fr\\\/actualite\\\/national\\\/affaire-mouakher-la-justice-maintient-la-detention-des-accuses\\\/217794\\\/\"]}]},{\"@type\":\"ImageObject\",\"inLanguage\":\"fr-FR\",\"@id\":\"https:\\\/\\\/www.webdo.tn\\\/fr\\\/actualite\\\/national\\\/affaire-mouakher-la-justice-maintient-la-detention-des-accuses\\\/217794\\\/#primaryimage\",\"url\":\"https:\\\/\\\/www.webdo.tn\\\/fr\\\/wp-content\\\/uploads\\\/2025\\\/05\\\/47d89e809ebcf73648702cd84ff42a37-2.webp\",\"contentUrl\":\"https:\\\/\\\/www.webdo.tn\\\/fr\\\/wp-content\\\/uploads\\\/2025\\\/05\\\/47d89e809ebcf73648702cd84ff42a37-2.webp\",\"width\":626,\"height\":334},{\"@type\":\"BreadcrumbList\",\"@id\":\"https:\\\/\\\/www.webdo.tn\\\/fr\\\/actualite\\\/national\\\/affaire-mouakher-la-justice-maintient-la-detention-des-accuses\\\/217794\\\/#breadcrumb\",\"itemListElement\":[{\"@type\":\"ListItem\",\"position\":1,\"name\":\"Accueil\",\"item\":\"https:\\\/\\\/www.webdo.tn\\\/fr\\\/\"},{\"@type\":\"ListItem\",\"position\":2,\"name\":\"Affaire Mouakher : la justice maintient la d\u00e9tention des accus\u00e9s\"}]},{\"@type\":\"WebSite\",\"@id\":\"https:\\\/\\\/www.webdo.tn\\\/fr\\\/#website\",\"url\":\"https:\\\/\\\/www.webdo.tn\\\/fr\\\/\",\"name\":\"webdo\",\"description\":\"Tunisie - News en Tunisie et \u00e0 l&#039;international sur Webdo.tn\",\"publisher\":{\"@id\":\"https:\\\/\\\/www.webdo.tn\\\/fr\\\/#organization\"},\"potentialAction\":[{\"@type\":\"SearchAction\",\"target\":{\"@type\":\"EntryPoint\",\"urlTemplate\":\"https:\\\/\\\/www.webdo.tn\\\/fr\\\/?s={search_term_string}\"},\"query-input\":{\"@type\":\"PropertyValueSpecification\",\"valueRequired\":true,\"valueName\":\"search_term_string\"}}],\"inLanguage\":\"fr-FR\"},{\"@type\":\"Organization\",\"@id\":\"https:\\\/\\\/www.webdo.tn\\\/fr\\\/#organization\",\"name\":\"Webdo\",\"alternateName\":\"Webdo.tn\",\"url\":\"https:\\\/\\\/www.webdo.tn\\\/fr\\\/\",\"logo\":{\"@type\":\"ImageObject\",\"inLanguage\":\"fr-FR\",\"@id\":\"https:\\\/\\\/www.webdo.tn\\\/fr\\\/#\\\/schema\\\/logo\\\/image\\\/\",\"url\":\"https:\\\/\\\/www.webdo.tn\\\/fr\\\/wp-content\\\/uploads\\\/2025\\\/06\\\/Webdo-Tunisie_168377.jpg\",\"contentUrl\":\"https:\\\/\\\/www.webdo.tn\\\/fr\\\/wp-content\\\/uploads\\\/2025\\\/06\\\/Webdo-Tunisie_168377.jpg\",\"width\":301,\"height\":301,\"caption\":\"Webdo\"},\"image\":{\"@id\":\"https:\\\/\\\/www.webdo.tn\\\/fr\\\/#\\\/schema\\\/logo\\\/image\\\/\"},\"sameAs\":[\"https:\\\/\\\/www.facebook.com\\\/webdotn\",\"https:\\\/\\\/x.com\\\/webdo_tn\"],\"description\":\"Webdo est un m\u00e9dia num\u00e9rique tunisien fond\u00e9 en 2010, sp\u00e9cialis\u00e9 dans l\u2019actualit\u00e9 nationale et internationale, l\u2019\u00e9conomie, la soci\u00e9t\u00e9 et les analyses politiques. Le site s\u2019adresse \u00e0 un large public francophone et couvre l\u2019information tunisienne en temps r\u00e9el.\",\"email\":\"redac@webdo.tn\",\"legalName\":\"YNJ SARL\",\"foundingDate\":\"2010-09-06\",\"numberOfEmployees\":{\"@type\":\"QuantitativeValue\",\"minValue\":\"11\",\"maxValue\":\"50\"}},{\"@type\":\"Person\",\"@id\":\"https:\\\/\\\/www.webdo.tn\\\/fr\\\/#\\\/schema\\\/person\\\/19664196c9bfdcda126f3c27709f7d11\",\"name\":\"Firas Ben Abdeltif\",\"image\":{\"@type\":\"ImageObject\",\"inLanguage\":\"fr-FR\",\"@id\":\"https:\\\/\\\/secure.gravatar.com\\\/avatar\\\/161a347d40df098a084778c52ed133dbd85f14df003867067c5948081241ec55?s=96&d=mm&r=g\",\"url\":\"https:\\\/\\\/secure.gravatar.com\\\/avatar\\\/161a347d40df098a084778c52ed133dbd85f14df003867067c5948081241ec55?s=96&d=mm&r=g\",\"contentUrl\":\"https:\\\/\\\/secure.gravatar.com\\\/avatar\\\/161a347d40df098a084778c52ed133dbd85f14df003867067c5948081241ec55?s=96&d=mm&r=g\",\"caption\":\"Firas Ben Abdeltif\"},\"url\":\"https:\\\/\\\/www.webdo.tn\\\/fr\\\/actualite\\\/author\\\/firas-ben-abdeltif\\\/\"}]}<\/script>\n<!-- \/ Yoast SEO Premium plugin. -->","yoast_head_json":{"title":"Affaire Mouakher : la justice maintient la d\u00e9tention des accus\u00e9s","description":"Affaire Riadh Mouakher en Tunisie : l'ancien ministre de l'Environnement reste en d\u00e9tention avec un cadre de la Protection civile. Accus\u00e9s de corruption li\u00e9e \u00e0...","canonical":"https:\/\/www.webdo.tn\/fr\/actualite\/national\/affaire-mouakher-la-justice-maintient-la-detention-des-accuses\/217794\/","og_locale":"fr_FR","og_type":"article","og_title":"Affaire Mouakher : la justice maintient la d\u00e9tention des accus\u00e9s","og_description":"Affaire Riadh Mouakher en Tunisie : l'ancien ministre de l'Environnement reste en d\u00e9tention avec un cadre de la Protection civile. Accus\u00e9s de corruption li\u00e9e \u00e0...","og_url":"https:\/\/www.webdo.tn\/fr\/actualite\/national\/affaire-mouakher-la-justice-maintient-la-detention-des-accuses\/217794\/","og_site_name":"webdo","article_publisher":"https:\/\/www.facebook.com\/webdotn","article_published_time":"2024-11-22T19:11:00+00:00","article_modified_time":"2025-05-17T20:19:24+00:00","og_image":[{"width":626,"height":334,"url":"https:\/\/www.webdo.tn\/fr\/wp-content\/uploads\/2025\/05\/47d89e809ebcf73648702cd84ff42a37-2.webp","type":"image\/webp"}],"author":"Firas Ben Abdeltif","twitter_card":"summary_large_image","twitter_creator":"@webdo_tn","twitter_site":"@webdo_tn","twitter_misc":{"\u00c9crit par":"Firas Ben Abdeltif","Dur\u00e9e de lecture estim\u00e9e":"1 minute"},"schema":{"@context":"https:\/\/schema.org","@graph":[{"@type":"NewsArticle","@id":"https:\/\/www.webdo.tn\/fr\/actualite\/national\/affaire-mouakher-la-justice-maintient-la-detention-des-accuses\/217794\/#article","isPartOf":{"@id":"https:\/\/www.webdo.tn\/fr\/actualite\/national\/affaire-mouakher-la-justice-maintient-la-detention-des-accuses\/217794\/"},"author":{"name":"Firas Ben Abdeltif","@id":"https:\/\/www.webdo.tn\/fr\/#\/schema\/person\/19664196c9bfdcda126f3c27709f7d11"},"headline":"Affaire Mouakher : la justice maintient la d\u00e9tention des accus\u00e9s","datePublished":"2024-11-22T19:11:00+00:00","dateModified":"2025-05-17T20:19:24+00:00","mainEntityOfPage":{"@id":"https:\/\/www.webdo.tn\/fr\/actualite\/national\/affaire-mouakher-la-justice-maintient-la-detention-des-accuses\/217794\/"},"wordCount":186,"commentCount":0,"publisher":{"@id":"https:\/\/www.webdo.tn\/fr\/#organization"},"image":{"@id":"https:\/\/www.webdo.tn\/fr\/actualite\/national\/affaire-mouakher-la-justice-maintient-la-detention-des-accuses\/217794\/#primaryimage"},"thumbnailUrl":"https:\/\/www.webdo.tn\/fr\/wp-content\/uploads\/2025\/05\/47d89e809ebcf73648702cd84ff42a37-2.webp","keywords":["corruption financi\u00e8re","Riadh Mouakher","Tunisie"],"articleSection":["National"],"inLanguage":"fr-FR"},{"@type":"WebPage","@id":"https:\/\/www.webdo.tn\/fr\/actualite\/national\/affaire-mouakher-la-justice-maintient-la-detention-des-accuses\/217794\/","url":"https:\/\/www.webdo.tn\/fr\/actualite\/national\/affaire-mouakher-la-justice-maintient-la-detention-des-accuses\/217794\/","name":"Affaire Mouakher : la justice maintient la d\u00e9tention des accus\u00e9s","isPartOf":{"@id":"https:\/\/www.webdo.tn\/fr\/#website"},"primaryImageOfPage":{"@id":"https:\/\/www.webdo.tn\/fr\/actualite\/national\/affaire-mouakher-la-justice-maintient-la-detention-des-accuses\/217794\/#primaryimage"},"image":{"@id":"https:\/\/www.webdo.tn\/fr\/actualite\/national\/affaire-mouakher-la-justice-maintient-la-detention-des-accuses\/217794\/#primaryimage"},"thumbnailUrl":"https:\/\/www.webdo.tn\/fr\/wp-content\/uploads\/2025\/05\/47d89e809ebcf73648702cd84ff42a37-2.webp","datePublished":"2024-11-22T19:11:00+00:00","dateModified":"2025-05-17T20:19:24+00:00","description":"Affaire Riadh Mouakher en Tunisie : l'ancien ministre de l'Environnement reste en d\u00e9tention avec un cadre de la Protection civile. Accus\u00e9s de corruption li\u00e9e \u00e0...","breadcrumb":{"@id":"https:\/\/www.webdo.tn\/fr\/actualite\/national\/affaire-mouakher-la-justice-maintient-la-detention-des-accuses\/217794\/#breadcrumb"},"inLanguage":"fr-FR","potentialAction":[{"@type":"ReadAction","target":["https:\/\/www.webdo.tn\/fr\/actualite\/national\/affaire-mouakher-la-justice-maintient-la-detention-des-accuses\/217794\/"]}]},{"@type":"ImageObject","inLanguage":"fr-FR","@id":"https:\/\/www.webdo.tn\/fr\/actualite\/national\/affaire-mouakher-la-justice-maintient-la-detention-des-accuses\/217794\/#primaryimage","url":"https:\/\/www.webdo.tn\/fr\/wp-content\/uploads\/2025\/05\/47d89e809ebcf73648702cd84ff42a37-2.webp","contentUrl":"https:\/\/www.webdo.tn\/fr\/wp-content\/uploads\/2025\/05\/47d89e809ebcf73648702cd84ff42a37-2.webp","width":626,"height":334},{"@type":"BreadcrumbList","@id":"https:\/\/www.webdo.tn\/fr\/actualite\/national\/affaire-mouakher-la-justice-maintient-la-detention-des-accuses\/217794\/#breadcrumb","itemListElement":[{"@type":"ListItem","position":1,"name":"Accueil","item":"https:\/\/www.webdo.tn\/fr\/"},{"@type":"ListItem","position":2,"name":"Affaire Mouakher : la justice maintient la d\u00e9tention des accus\u00e9s"}]},{"@type":"WebSite","@id":"https:\/\/www.webdo.tn\/fr\/#website","url":"https:\/\/www.webdo.tn\/fr\/","name":"webdo","description":"Tunisie - News en Tunisie et \u00e0 l&#039;international sur Webdo.tn","publisher":{"@id":"https:\/\/www.webdo.tn\/fr\/#organization"},"potentialAction":[{"@type":"SearchAction","target":{"@type":"EntryPoint","urlTemplate":"https:\/\/www.webdo.tn\/fr\/?s={search_term_string}"},"query-input":{"@type":"PropertyValueSpecification","valueRequired":true,"valueName":"search_term_string"}}],"inLanguage":"fr-FR"},{"@type":"Organization","@id":"https:\/\/www.webdo.tn\/fr\/#organization","name":"Webdo","alternateName":"Webdo.tn","url":"https:\/\/www.webdo.tn\/fr\/","logo":{"@type":"ImageObject","inLanguage":"fr-FR","@id":"https:\/\/www.webdo.tn\/fr\/#\/schema\/logo\/image\/","url":"https:\/\/www.webdo.tn\/fr\/wp-content\/uploads\/2025\/06\/Webdo-Tunisie_168377.jpg","contentUrl":"https:\/\/www.webdo.tn\/fr\/wp-content\/uploads\/2025\/06\/Webdo-Tunisie_168377.jpg","width":301,"height":301,"caption":"Webdo"},"image":{"@id":"https:\/\/www.webdo.tn\/fr\/#\/schema\/logo\/image\/"},"sameAs":["https:\/\/www.facebook.com\/webdotn","https:\/\/x.com\/webdo_tn"],"description":"Webdo est un m\u00e9dia num\u00e9rique tunisien fond\u00e9 en 2010, sp\u00e9cialis\u00e9 dans l\u2019actualit\u00e9 nationale et internationale, l\u2019\u00e9conomie, la soci\u00e9t\u00e9 et les analyses politiques. Le site s\u2019adresse \u00e0 un large public francophone et couvre l\u2019information tunisienne en temps r\u00e9el.","email":"redac@webdo.tn","legalName":"YNJ SARL","foundingDate":"2010-09-06","numberOfEmployees":{"@type":"QuantitativeValue","minValue":"11","maxValue":"50"}},{"@type":"Person","@id":"https:\/\/www.webdo.tn\/fr\/#\/schema\/person\/19664196c9bfdcda126f3c27709f7d11","name":"Firas Ben Abdeltif","image":{"@type":"ImageObject","inLanguage":"fr-FR","@id":"https:\/\/secure.gravatar.com\/avatar\/161a347d40df098a084778c52ed133dbd85f14df003867067c5948081241ec55?s=96&d=mm&r=g","url":"https:\/\/secure.gravatar.com\/avatar\/161a347d40df098a084778c52ed133dbd85f14df003867067c5948081241ec55?s=96&d=mm&r=g","contentUrl":"https:\/\/secure.gravatar.com\/avatar\/161a347d40df098a084778c52ed133dbd85f14df003867067c5948081241ec55?s=96&d=mm&r=g","caption":"Firas Ben Abdeltif"},"url":"https:\/\/www.webdo.tn\/fr\/actualite\/author\/firas-ben-abdeltif\/"}]}},"_links":{"self":[{"href":"https:\/\/www.webdo.tn\/fr\/wp-json\/wp\/v2\/posts\/217794","targetHints":{"allow":["GET"]}}],"collection":[{"href":"https:\/\/www.webdo.tn\/fr\/wp-json\/wp\/v2\/posts"}],"about":[{"href":"https:\/\/www.webdo.tn\/fr\/wp-json\/wp\/v2\/types\/post"}],"author":[{"embeddable":true,"href":"https:\/\/www.webdo.tn\/fr\/wp-json\/wp\/v2\/users\/4779"}],"replies":[{"embeddable":true,"href":"https:\/\/www.webdo.tn\/fr\/wp-json\/wp\/v2\/comments?post=217794"}],"version-history":[{"count":0,"href":"https:\/\/www.webdo.tn\/fr\/wp-json\/wp\/v2\/posts\/217794\/revisions"}],"wp:featuredmedia":[{"embeddable":true,"href":"https:\/\/www.webdo.tn\/fr\/wp-json\/wp\/v2\/media\/243902"}],"wp:attachment":[{"href":"https:\/\/www.webdo.tn\/fr\/wp-json\/wp\/v2\/media?parent=217794"}],"wp:term":[{"taxonomy":"category","embeddable":true,"href":"https:\/\/www.webdo.tn\/fr\/wp-json\/wp\/v2\/categories?post=217794"},{"taxonomy":"post_tag","embeddable":true,"href":"https:\/\/www.webdo.tn\/fr\/wp-json\/wp\/v2\/tags?post=217794"}],"curies":[{"name":"wp","href":"https:\/\/api.w.org\/{rel}","templated":true}]}}