{"id":217770,"date":"2024-11-22T09:07:00","date_gmt":"2024-11-22T09:07:00","guid":{"rendered":"https:\/\/www.webdo.tn\/fr\/blog\/2024\/11\/22\/tunisie-code-du-travail-cdd-et-caisses-sociales\/"},"modified":"2025-05-20T21:46:35","modified_gmt":"2025-05-20T21:46:35","slug":"tunisie-code-du-travail-cdd-et-caisses-sociales","status":"publish","type":"post","link":"https:\/\/www.webdo.tn\/fr\/actualite\/national\/tunisie-code-du-travail-cdd-et-caisses-sociales\/217770\/","title":{"rendered":"Tunisie : Code du travail, CDD et caisses sociales"},"content":{"rendered":"<p>La r\u00e9vision du Code du travail en profondeur, la fin des contrats \u00e0 dur\u00e9e d\u00e9termin\u00e9e et la modernisation des caisses sociales sont les trois principaux sujets abord\u00e9s hier au palais de Carthage lors d\u2019une r\u00e9union tenue entre le pr\u00e9sident de la R\u00e9publique Kais Saied et le ministre des Affaires sociales, Issam Lahmer.<\/p>\n<p>\t\t\t\t\t\t\t\t\tLors de leur entretien, le Chef de l\u2019Etat a plaid\u00e9 pour une r\u00e9vision du Code du travail. Il a estim\u00e9 \u00ab\u00a0indispensable\u00a0\u00bb la r\u00e9vision en profondeur du Code de travail afin de garantir le droit des travailleurs et mettre fin aux contrats de sous-traitance.<\/p>\n<p>Code du travail et CDD<\/p>\n<p>\u00ab\u00a0Cette r\u00e9vision doit \u00eatre r\u00e9pressive \u00e0 l&rsquo;\u00e9gard des employeurs contrevenants qui remplacent sciemment des ouvriers par d&rsquo;autres dans le but de se d\u00e9lier de la responsabilit\u00e9 d\u00e9coulant des nouvelles dispositions l\u00e9gislatives\u00a0\u00bb, a-t-il indiqu\u00e9 selon un communiqu\u00e9 publi\u00e9 sur la page Facebook de la Pr\u00e9sidence de la R\u00e9publique.<\/p>\n<p>Kais Saied a d\u2019ailleurs r\u00e9it\u00e9r\u00e9 son appel \u00e0 mettre fin au r\u00e8gne des contrats \u00e0 dur\u00e9e d\u00e9termin\u00e9e (CDD), soulignant que la relation de travail doit \u00eatre \u00ab\u00a0\u00e9quitable\u00a0\u00bb et que l&#8217;employ\u00e9 a le plein droit \u00e0 un salaire d\u00e9cent et \u00e0 une vie stable, loin de toute forme d&rsquo;exploitation.<\/p>\n<p>Modernisation des Caisses sociale<\/p>\n<p>Le pr\u00e9sident de la R\u00e9publique a aussi appel\u00e9 \u00e0 la modernisation de la Caisse nationale de s\u00e9curit\u00e9 sociale (CNSS), de la Caisse de retraite et de la pr\u00e9voyance sociale (CNRPS) et de la Caisse d&rsquo;assurance maladie (CNAM).<\/p>\n<p>Il a recommand\u00e9 de d\u00e9velopper la l\u00e9gislation sociale dans la perspective de garantir le droit \u00e0 une couverture sociale rapide et int\u00e9grale pour les citoyens, toutes cat\u00e9gories confondues.<\/p>\n<p>Le ministre Issam Lahmer a \u00e9voqu\u00e9 mardi la question de la r\u00e9forme des caisses sociales lors de la pr\u00e9sentation pour examen du projet de budget, devant les membres de l\u2019Assembl\u00e9e des repr\u00e9sentants du peuple et du Conseil national des districts et des r\u00e9gions.<\/p>\n<p>Familles pauvres et \u00e0 faible revenu<\/p>\n<p>Le chef de l&rsquo;Etat a \u00e9galement plaid\u00e9 pour une intervention urgente, non seulement pour venir en aide aux personnes n\u00e9cessiteuses, mais \u00e9galement pour \u00e9radiquer les causes qui sont \u00e0 l&rsquo;origine de leur situation.<\/p>\n<p>Selon le communiqu\u00e9, le pr\u00e9sident a \u00e9voqu\u00e9 le r\u00f4le confi\u00e9 aux directions r\u00e9gionales relevant du d\u00e9partement des Affaires sociales dans l&rsquo;identification de solutions urgentes aux cat\u00e9gories sociales n\u00e9cessiteuses.<\/p>\n<p>Dans le m\u00eame contexte, le ministre des Affaires sociales a indiqu\u00e9, mardi \u00e0 l\u2019ARP qu\u2019une augmentation de 190 MD a \u00e9t\u00e9 allou\u00e9e par le projet de budget 2025 dans le cadre des subventions fixes accord\u00e9es par le minist\u00e8re aux familles pauvres et \u00e0 faible revenu, expliquant que cette augmentation est due \u00e0 l\u2019\u00e9largissement de la base des b\u00e9n\u00e9ficiaires de ce programme, qui s\u2019\u00e9l\u00e8ve \u00e0 360.000 familles.<\/p>\n","protected":false},"excerpt":{"rendered":"<p>La r\u00e9vision du Code du travail en profondeur, la fin des contrats \u00e0 dur\u00e9e d\u00e9termin\u00e9e et la modernisation des caisses sociales sont les trois principaux sujets a&#8230;<\/p>\n","protected":false},"author":3162,"featured_media":243934,"comment_status":"open","ping_status":"open","sticky":false,"template":"","format":"standard","meta":{"footnotes":""},"categories":[44],"tags":[4644,5019,3433,2905,2614,2608],"class_list":["post-217770","post","type-post","status-publish","format-standard","has-post-thumbnail","hentry","category-national","tag-affaires-sociales","tag-caisses-sociales","tag-cdd","tag-code-du-travail","tag-kais-saied","tag-tunisie"],"yoast_head":"<!-- This site is optimized with the Yoast SEO Premium plugin v27.5 (Yoast SEO v27.5) - https:\/\/yoast.com\/product\/yoast-seo-premium-wordpress\/ -->\n<title>Tunisie : Code du travail, CDD et caisses sociales<\/title>\n<meta name=\"description\" content=\"La r\u00e9vision du Code du travail en profondeur, la fin des contrats \u00e0 dur\u00e9e d\u00e9termin\u00e9e et la modernisation des caisses sociales sont les trois principaux sujets a...\" \/>\n<link rel=\"canonical\" href=\"https:\/\/www.webdo.tn\/fr\/actualite\/national\/tunisie-code-du-travail-cdd-et-caisses-sociales\/217770\/\" \/>\n<meta property=\"og:locale\" content=\"fr_FR\" \/>\n<meta property=\"og:type\" content=\"article\" \/>\n<meta property=\"og:title\" content=\"Tunisie : Code du travail, CDD et caisses sociales\" \/>\n<meta property=\"og:description\" content=\"La r\u00e9vision du Code du travail en profondeur, la fin des contrats \u00e0 dur\u00e9e d\u00e9termin\u00e9e et la modernisation des caisses sociales sont les trois principaux sujets a...\" \/>\n<meta property=\"og:url\" content=\"https:\/\/www.webdo.tn\/fr\/actualite\/national\/tunisie-code-du-travail-cdd-et-caisses-sociales\/217770\/\" \/>\n<meta property=\"og:site_name\" content=\"webdo\" \/>\n<meta property=\"article:publisher\" content=\"https:\/\/www.facebook.com\/webdotn\" \/>\n<meta property=\"article:published_time\" content=\"2024-11-22T09:07:00+00:00\" \/>\n<meta property=\"article:modified_time\" content=\"2025-05-20T21:46:35+00:00\" \/>\n<meta property=\"og:image\" content=\"https:\/\/www.webdo.tn\/fr\/wp-content\/uploads\/2025\/05\/0a5be3cb6ac3b5ec8d8bb3606bd80ede-2.webp\" \/>\n\t<meta property=\"og:image:width\" content=\"750\" \/>\n\t<meta property=\"og:image:height\" content=\"400\" \/>\n\t<meta property=\"og:image:type\" content=\"image\/webp\" \/>\n<meta name=\"author\" content=\"MC\" \/>\n<meta name=\"twitter:card\" content=\"summary_large_image\" \/>\n<meta name=\"twitter:creator\" content=\"@webdo_tn\" \/>\n<meta name=\"twitter:site\" content=\"@webdo_tn\" \/>\n<meta name=\"twitter:label1\" content=\"\u00c9crit par\" \/>\n\t<meta name=\"twitter:data1\" content=\"MC\" \/>\n\t<meta name=\"twitter:label2\" content=\"Dur\u00e9e de lecture estim\u00e9e\" \/>\n\t<meta name=\"twitter:data2\" content=\"2 minutes\" \/>\n<script type=\"application\/ld+json\" class=\"yoast-schema-graph\">{\"@context\":\"https:\\\/\\\/schema.org\",\"@graph\":[{\"@type\":\"NewsArticle\",\"@id\":\"https:\\\/\\\/www.webdo.tn\\\/fr\\\/actualite\\\/national\\\/tunisie-code-du-travail-cdd-et-caisses-sociales\\\/217770\\\/#article\",\"isPartOf\":{\"@id\":\"https:\\\/\\\/www.webdo.tn\\\/fr\\\/actualite\\\/national\\\/tunisie-code-du-travail-cdd-et-caisses-sociales\\\/217770\\\/\"},\"author\":{\"name\":\"MC\",\"@id\":\"https:\\\/\\\/www.webdo.tn\\\/fr\\\/#\\\/schema\\\/person\\\/2c4929cbf5a809e3bd38617c6ce150f6\"},\"headline\":\"Tunisie : Code du travail, CDD et caisses sociales\",\"datePublished\":\"2024-11-22T09:07:00+00:00\",\"dateModified\":\"2025-05-20T21:46:35+00:00\",\"mainEntityOfPage\":{\"@id\":\"https:\\\/\\\/www.webdo.tn\\\/fr\\\/actualite\\\/national\\\/tunisie-code-du-travail-cdd-et-caisses-sociales\\\/217770\\\/\"},\"wordCount\":498,\"commentCount\":0,\"publisher\":{\"@id\":\"https:\\\/\\\/www.webdo.tn\\\/fr\\\/#organization\"},\"image\":{\"@id\":\"https:\\\/\\\/www.webdo.tn\\\/fr\\\/actualite\\\/national\\\/tunisie-code-du-travail-cdd-et-caisses-sociales\\\/217770\\\/#primaryimage\"},\"thumbnailUrl\":\"https:\\\/\\\/www.webdo.tn\\\/fr\\\/wp-content\\\/uploads\\\/2025\\\/05\\\/0a5be3cb6ac3b5ec8d8bb3606bd80ede-2.webp\",\"keywords\":[\"affaires sociales\",\"Caisses sociales\",\"CDD\",\"Code du Travail\",\"Kais Saied\",\"Tunisie\"],\"articleSection\":[\"National\"],\"inLanguage\":\"fr-FR\"},{\"@type\":\"WebPage\",\"@id\":\"https:\\\/\\\/www.webdo.tn\\\/fr\\\/actualite\\\/national\\\/tunisie-code-du-travail-cdd-et-caisses-sociales\\\/217770\\\/\",\"url\":\"https:\\\/\\\/www.webdo.tn\\\/fr\\\/actualite\\\/national\\\/tunisie-code-du-travail-cdd-et-caisses-sociales\\\/217770\\\/\",\"name\":\"Tunisie : Code du travail, CDD et caisses sociales\",\"isPartOf\":{\"@id\":\"https:\\\/\\\/www.webdo.tn\\\/fr\\\/#website\"},\"primaryImageOfPage\":{\"@id\":\"https:\\\/\\\/www.webdo.tn\\\/fr\\\/actualite\\\/national\\\/tunisie-code-du-travail-cdd-et-caisses-sociales\\\/217770\\\/#primaryimage\"},\"image\":{\"@id\":\"https:\\\/\\\/www.webdo.tn\\\/fr\\\/actualite\\\/national\\\/tunisie-code-du-travail-cdd-et-caisses-sociales\\\/217770\\\/#primaryimage\"},\"thumbnailUrl\":\"https:\\\/\\\/www.webdo.tn\\\/fr\\\/wp-content\\\/uploads\\\/2025\\\/05\\\/0a5be3cb6ac3b5ec8d8bb3606bd80ede-2.webp\",\"datePublished\":\"2024-11-22T09:07:00+00:00\",\"dateModified\":\"2025-05-20T21:46:35+00:00\",\"description\":\"La r\u00e9vision du Code du travail en profondeur, la fin des contrats \u00e0 dur\u00e9e d\u00e9termin\u00e9e et la modernisation des caisses sociales sont les trois principaux sujets a...\",\"breadcrumb\":{\"@id\":\"https:\\\/\\\/www.webdo.tn\\\/fr\\\/actualite\\\/national\\\/tunisie-code-du-travail-cdd-et-caisses-sociales\\\/217770\\\/#breadcrumb\"},\"inLanguage\":\"fr-FR\",\"potentialAction\":[{\"@type\":\"ReadAction\",\"target\":[\"https:\\\/\\\/www.webdo.tn\\\/fr\\\/actualite\\\/national\\\/tunisie-code-du-travail-cdd-et-caisses-sociales\\\/217770\\\/\"]}]},{\"@type\":\"ImageObject\",\"inLanguage\":\"fr-FR\",\"@id\":\"https:\\\/\\\/www.webdo.tn\\\/fr\\\/actualite\\\/national\\\/tunisie-code-du-travail-cdd-et-caisses-sociales\\\/217770\\\/#primaryimage\",\"url\":\"https:\\\/\\\/www.webdo.tn\\\/fr\\\/wp-content\\\/uploads\\\/2025\\\/05\\\/0a5be3cb6ac3b5ec8d8bb3606bd80ede-2.webp\",\"contentUrl\":\"https:\\\/\\\/www.webdo.tn\\\/fr\\\/wp-content\\\/uploads\\\/2025\\\/05\\\/0a5be3cb6ac3b5ec8d8bb3606bd80ede-2.webp\",\"width\":750,\"height\":400},{\"@type\":\"BreadcrumbList\",\"@id\":\"https:\\\/\\\/www.webdo.tn\\\/fr\\\/actualite\\\/national\\\/tunisie-code-du-travail-cdd-et-caisses-sociales\\\/217770\\\/#breadcrumb\",\"itemListElement\":[{\"@type\":\"ListItem\",\"position\":1,\"name\":\"Accueil\",\"item\":\"https:\\\/\\\/www.webdo.tn\\\/fr\\\/\"},{\"@type\":\"ListItem\",\"position\":2,\"name\":\"Tunisie : Code du travail, CDD et caisses sociales\"}]},{\"@type\":\"WebSite\",\"@id\":\"https:\\\/\\\/www.webdo.tn\\\/fr\\\/#website\",\"url\":\"https:\\\/\\\/www.webdo.tn\\\/fr\\\/\",\"name\":\"webdo\",\"description\":\"Tunisie - News en Tunisie et \u00e0 l&#039;international sur Webdo.tn\",\"publisher\":{\"@id\":\"https:\\\/\\\/www.webdo.tn\\\/fr\\\/#organization\"},\"potentialAction\":[{\"@type\":\"SearchAction\",\"target\":{\"@type\":\"EntryPoint\",\"urlTemplate\":\"https:\\\/\\\/www.webdo.tn\\\/fr\\\/?s={search_term_string}\"},\"query-input\":{\"@type\":\"PropertyValueSpecification\",\"valueRequired\":true,\"valueName\":\"search_term_string\"}}],\"inLanguage\":\"fr-FR\"},{\"@type\":\"Organization\",\"@id\":\"https:\\\/\\\/www.webdo.tn\\\/fr\\\/#organization\",\"name\":\"Webdo\",\"alternateName\":\"Webdo.tn\",\"url\":\"https:\\\/\\\/www.webdo.tn\\\/fr\\\/\",\"logo\":{\"@type\":\"ImageObject\",\"inLanguage\":\"fr-FR\",\"@id\":\"https:\\\/\\\/www.webdo.tn\\\/fr\\\/#\\\/schema\\\/logo\\\/image\\\/\",\"url\":\"https:\\\/\\\/www.webdo.tn\\\/fr\\\/wp-content\\\/uploads\\\/2025\\\/06\\\/Webdo-Tunisie_168377.jpg\",\"contentUrl\":\"https:\\\/\\\/www.webdo.tn\\\/fr\\\/wp-content\\\/uploads\\\/2025\\\/06\\\/Webdo-Tunisie_168377.jpg\",\"width\":301,\"height\":301,\"caption\":\"Webdo\"},\"image\":{\"@id\":\"https:\\\/\\\/www.webdo.tn\\\/fr\\\/#\\\/schema\\\/logo\\\/image\\\/\"},\"sameAs\":[\"https:\\\/\\\/www.facebook.com\\\/webdotn\",\"https:\\\/\\\/x.com\\\/webdo_tn\"],\"description\":\"Webdo est un m\u00e9dia num\u00e9rique tunisien fond\u00e9 en 2010, sp\u00e9cialis\u00e9 dans l\u2019actualit\u00e9 nationale et internationale, l\u2019\u00e9conomie, la soci\u00e9t\u00e9 et les analyses politiques. Le site s\u2019adresse \u00e0 un large public francophone et couvre l\u2019information tunisienne en temps r\u00e9el.\",\"email\":\"redac@webdo.tn\",\"legalName\":\"YNJ SARL\",\"foundingDate\":\"2010-09-06\",\"numberOfEmployees\":{\"@type\":\"QuantitativeValue\",\"minValue\":\"11\",\"maxValue\":\"50\"}},{\"@type\":\"Person\",\"@id\":\"https:\\\/\\\/www.webdo.tn\\\/fr\\\/#\\\/schema\\\/person\\\/2c4929cbf5a809e3bd38617c6ce150f6\",\"name\":\"MC\",\"image\":{\"@type\":\"ImageObject\",\"inLanguage\":\"fr-FR\",\"@id\":\"https:\\\/\\\/secure.gravatar.com\\\/avatar\\\/a545bbb6f84efdd5553dbbc2895e3ca8f1d12c5215e00a041c9670b54aa9b18a?s=96&d=mm&r=g\",\"url\":\"https:\\\/\\\/secure.gravatar.com\\\/avatar\\\/a545bbb6f84efdd5553dbbc2895e3ca8f1d12c5215e00a041c9670b54aa9b18a?s=96&d=mm&r=g\",\"contentUrl\":\"https:\\\/\\\/secure.gravatar.com\\\/avatar\\\/a545bbb6f84efdd5553dbbc2895e3ca8f1d12c5215e00a041c9670b54aa9b18a?s=96&d=mm&r=g\",\"caption\":\"MC\"},\"url\":\"https:\\\/\\\/www.webdo.tn\\\/fr\\\/actualite\\\/author\\\/mc\\\/\"}]}<\/script>\n<!-- \/ Yoast SEO Premium plugin. -->","yoast_head_json":{"title":"Tunisie : Code du travail, CDD et caisses sociales","description":"La r\u00e9vision du Code du travail en profondeur, la fin des contrats \u00e0 dur\u00e9e d\u00e9termin\u00e9e et la modernisation des caisses sociales sont les trois principaux sujets a...","canonical":"https:\/\/www.webdo.tn\/fr\/actualite\/national\/tunisie-code-du-travail-cdd-et-caisses-sociales\/217770\/","og_locale":"fr_FR","og_type":"article","og_title":"Tunisie : Code du travail, CDD et caisses sociales","og_description":"La r\u00e9vision du Code du travail en profondeur, la fin des contrats \u00e0 dur\u00e9e d\u00e9termin\u00e9e et la modernisation des caisses sociales sont les trois principaux sujets a...","og_url":"https:\/\/www.webdo.tn\/fr\/actualite\/national\/tunisie-code-du-travail-cdd-et-caisses-sociales\/217770\/","og_site_name":"webdo","article_publisher":"https:\/\/www.facebook.com\/webdotn","article_published_time":"2024-11-22T09:07:00+00:00","article_modified_time":"2025-05-20T21:46:35+00:00","og_image":[{"width":750,"height":400,"url":"https:\/\/www.webdo.tn\/fr\/wp-content\/uploads\/2025\/05\/0a5be3cb6ac3b5ec8d8bb3606bd80ede-2.webp","type":"image\/webp"}],"author":"MC","twitter_card":"summary_large_image","twitter_creator":"@webdo_tn","twitter_site":"@webdo_tn","twitter_misc":{"\u00c9crit par":"MC","Dur\u00e9e de lecture estim\u00e9e":"2 minutes"},"schema":{"@context":"https:\/\/schema.org","@graph":[{"@type":"NewsArticle","@id":"https:\/\/www.webdo.tn\/fr\/actualite\/national\/tunisie-code-du-travail-cdd-et-caisses-sociales\/217770\/#article","isPartOf":{"@id":"https:\/\/www.webdo.tn\/fr\/actualite\/national\/tunisie-code-du-travail-cdd-et-caisses-sociales\/217770\/"},"author":{"name":"MC","@id":"https:\/\/www.webdo.tn\/fr\/#\/schema\/person\/2c4929cbf5a809e3bd38617c6ce150f6"},"headline":"Tunisie : Code du travail, CDD et caisses sociales","datePublished":"2024-11-22T09:07:00+00:00","dateModified":"2025-05-20T21:46:35+00:00","mainEntityOfPage":{"@id":"https:\/\/www.webdo.tn\/fr\/actualite\/national\/tunisie-code-du-travail-cdd-et-caisses-sociales\/217770\/"},"wordCount":498,"commentCount":0,"publisher":{"@id":"https:\/\/www.webdo.tn\/fr\/#organization"},"image":{"@id":"https:\/\/www.webdo.tn\/fr\/actualite\/national\/tunisie-code-du-travail-cdd-et-caisses-sociales\/217770\/#primaryimage"},"thumbnailUrl":"https:\/\/www.webdo.tn\/fr\/wp-content\/uploads\/2025\/05\/0a5be3cb6ac3b5ec8d8bb3606bd80ede-2.webp","keywords":["affaires sociales","Caisses sociales","CDD","Code du Travail","Kais Saied","Tunisie"],"articleSection":["National"],"inLanguage":"fr-FR"},{"@type":"WebPage","@id":"https:\/\/www.webdo.tn\/fr\/actualite\/national\/tunisie-code-du-travail-cdd-et-caisses-sociales\/217770\/","url":"https:\/\/www.webdo.tn\/fr\/actualite\/national\/tunisie-code-du-travail-cdd-et-caisses-sociales\/217770\/","name":"Tunisie : Code du travail, CDD et caisses sociales","isPartOf":{"@id":"https:\/\/www.webdo.tn\/fr\/#website"},"primaryImageOfPage":{"@id":"https:\/\/www.webdo.tn\/fr\/actualite\/national\/tunisie-code-du-travail-cdd-et-caisses-sociales\/217770\/#primaryimage"},"image":{"@id":"https:\/\/www.webdo.tn\/fr\/actualite\/national\/tunisie-code-du-travail-cdd-et-caisses-sociales\/217770\/#primaryimage"},"thumbnailUrl":"https:\/\/www.webdo.tn\/fr\/wp-content\/uploads\/2025\/05\/0a5be3cb6ac3b5ec8d8bb3606bd80ede-2.webp","datePublished":"2024-11-22T09:07:00+00:00","dateModified":"2025-05-20T21:46:35+00:00","description":"La r\u00e9vision du Code du travail en profondeur, la fin des contrats \u00e0 dur\u00e9e d\u00e9termin\u00e9e et la modernisation des caisses sociales sont les trois principaux sujets a...","breadcrumb":{"@id":"https:\/\/www.webdo.tn\/fr\/actualite\/national\/tunisie-code-du-travail-cdd-et-caisses-sociales\/217770\/#breadcrumb"},"inLanguage":"fr-FR","potentialAction":[{"@type":"ReadAction","target":["https:\/\/www.webdo.tn\/fr\/actualite\/national\/tunisie-code-du-travail-cdd-et-caisses-sociales\/217770\/"]}]},{"@type":"ImageObject","inLanguage":"fr-FR","@id":"https:\/\/www.webdo.tn\/fr\/actualite\/national\/tunisie-code-du-travail-cdd-et-caisses-sociales\/217770\/#primaryimage","url":"https:\/\/www.webdo.tn\/fr\/wp-content\/uploads\/2025\/05\/0a5be3cb6ac3b5ec8d8bb3606bd80ede-2.webp","contentUrl":"https:\/\/www.webdo.tn\/fr\/wp-content\/uploads\/2025\/05\/0a5be3cb6ac3b5ec8d8bb3606bd80ede-2.webp","width":750,"height":400},{"@type":"BreadcrumbList","@id":"https:\/\/www.webdo.tn\/fr\/actualite\/national\/tunisie-code-du-travail-cdd-et-caisses-sociales\/217770\/#breadcrumb","itemListElement":[{"@type":"ListItem","position":1,"name":"Accueil","item":"https:\/\/www.webdo.tn\/fr\/"},{"@type":"ListItem","position":2,"name":"Tunisie : Code du travail, CDD et caisses sociales"}]},{"@type":"WebSite","@id":"https:\/\/www.webdo.tn\/fr\/#website","url":"https:\/\/www.webdo.tn\/fr\/","name":"webdo","description":"Tunisie - News en Tunisie et \u00e0 l&#039;international sur Webdo.tn","publisher":{"@id":"https:\/\/www.webdo.tn\/fr\/#organization"},"potentialAction":[{"@type":"SearchAction","target":{"@type":"EntryPoint","urlTemplate":"https:\/\/www.webdo.tn\/fr\/?s={search_term_string}"},"query-input":{"@type":"PropertyValueSpecification","valueRequired":true,"valueName":"search_term_string"}}],"inLanguage":"fr-FR"},{"@type":"Organization","@id":"https:\/\/www.webdo.tn\/fr\/#organization","name":"Webdo","alternateName":"Webdo.tn","url":"https:\/\/www.webdo.tn\/fr\/","logo":{"@type":"ImageObject","inLanguage":"fr-FR","@id":"https:\/\/www.webdo.tn\/fr\/#\/schema\/logo\/image\/","url":"https:\/\/www.webdo.tn\/fr\/wp-content\/uploads\/2025\/06\/Webdo-Tunisie_168377.jpg","contentUrl":"https:\/\/www.webdo.tn\/fr\/wp-content\/uploads\/2025\/06\/Webdo-Tunisie_168377.jpg","width":301,"height":301,"caption":"Webdo"},"image":{"@id":"https:\/\/www.webdo.tn\/fr\/#\/schema\/logo\/image\/"},"sameAs":["https:\/\/www.facebook.com\/webdotn","https:\/\/x.com\/webdo_tn"],"description":"Webdo est un m\u00e9dia num\u00e9rique tunisien fond\u00e9 en 2010, sp\u00e9cialis\u00e9 dans l\u2019actualit\u00e9 nationale et internationale, l\u2019\u00e9conomie, la soci\u00e9t\u00e9 et les analyses politiques. Le site s\u2019adresse \u00e0 un large public francophone et couvre l\u2019information tunisienne en temps r\u00e9el.","email":"redac@webdo.tn","legalName":"YNJ SARL","foundingDate":"2010-09-06","numberOfEmployees":{"@type":"QuantitativeValue","minValue":"11","maxValue":"50"}},{"@type":"Person","@id":"https:\/\/www.webdo.tn\/fr\/#\/schema\/person\/2c4929cbf5a809e3bd38617c6ce150f6","name":"MC","image":{"@type":"ImageObject","inLanguage":"fr-FR","@id":"https:\/\/secure.gravatar.com\/avatar\/a545bbb6f84efdd5553dbbc2895e3ca8f1d12c5215e00a041c9670b54aa9b18a?s=96&d=mm&r=g","url":"https:\/\/secure.gravatar.com\/avatar\/a545bbb6f84efdd5553dbbc2895e3ca8f1d12c5215e00a041c9670b54aa9b18a?s=96&d=mm&r=g","contentUrl":"https:\/\/secure.gravatar.com\/avatar\/a545bbb6f84efdd5553dbbc2895e3ca8f1d12c5215e00a041c9670b54aa9b18a?s=96&d=mm&r=g","caption":"MC"},"url":"https:\/\/www.webdo.tn\/fr\/actualite\/author\/mc\/"}]}},"_links":{"self":[{"href":"https:\/\/www.webdo.tn\/fr\/wp-json\/wp\/v2\/posts\/217770","targetHints":{"allow":["GET"]}}],"collection":[{"href":"https:\/\/www.webdo.tn\/fr\/wp-json\/wp\/v2\/posts"}],"about":[{"href":"https:\/\/www.webdo.tn\/fr\/wp-json\/wp\/v2\/types\/post"}],"author":[{"embeddable":true,"href":"https:\/\/www.webdo.tn\/fr\/wp-json\/wp\/v2\/users\/3162"}],"replies":[{"embeddable":true,"href":"https:\/\/www.webdo.tn\/fr\/wp-json\/wp\/v2\/comments?post=217770"}],"version-history":[{"count":0,"href":"https:\/\/www.webdo.tn\/fr\/wp-json\/wp\/v2\/posts\/217770\/revisions"}],"wp:featuredmedia":[{"embeddable":true,"href":"https:\/\/www.webdo.tn\/fr\/wp-json\/wp\/v2\/media\/243934"}],"wp:attachment":[{"href":"https:\/\/www.webdo.tn\/fr\/wp-json\/wp\/v2\/media?parent=217770"}],"wp:term":[{"taxonomy":"category","embeddable":true,"href":"https:\/\/www.webdo.tn\/fr\/wp-json\/wp\/v2\/categories?post=217770"},{"taxonomy":"post_tag","embeddable":true,"href":"https:\/\/www.webdo.tn\/fr\/wp-json\/wp\/v2\/tags?post=217770"}],"curies":[{"name":"wp","href":"https:\/\/api.w.org\/{rel}","templated":true}]}}