{"id":217765,"date":"2024-11-21T20:35:00","date_gmt":"2024-11-21T20:35:00","guid":{"rendered":"https:\/\/www.webdo.tn\/fr\/blog\/2024\/11\/21\/tunisie-une-etude-revele-les-violences-subies-par-les-femmes-handicapees-sensorielles\/"},"modified":"2025-05-21T09:01:56","modified_gmt":"2025-05-21T09:01:56","slug":"tunisie-une-etude-revele-les-violences-subies-par-les-femmes-handicapees-sensorielles","status":"publish","type":"post","link":"https:\/\/www.webdo.tn\/fr\/actualite\/national\/tunisie-une-etude-revele-les-violences-subies-par-les-femmes-handicapees-sensorielles\/217765\/","title":{"rendered":"Tunisie : Une \u00e9tude r\u00e9v\u00e8le les violences subies par les femmes handicap\u00e9es sensorielles"},"content":{"rendered":"<p>Une r\u00e9cente \u00e9tude qualitative men\u00e9e par le Centre de la femme arabe pour la formation et la recherche (CAWTAR) met en lumi\u00e8re la r\u00e9alit\u00e9 m\u00e9connue des femmes malvoyantes et malentendantes en Tunisie. Ces derni\u00e8res sont confront\u00e9es \u00e0 des formes vari\u00e9es de violences et de discrimination, tout en luttant pour acc\u00e9der \u00e0 des services essentiels comme l&rsquo;\u00e9ducation et les soins.<\/p>\n<p>\t\t\t\t\t\t\t\t\tPr\u00e9sent\u00e9e ce jeudi 21 novembre \u00e0 Tunis, cette \u00e9tude cl\u00f4t le projet \u00ab Pour que l\u2019invisible soit visible \u00bb, un programme de lutte contre les violences faites aux femmes en situation de handicap sensoriel.<br \/>\nHedia Belhaj Youssef, coordinatrice du projet, a d\u00e9clar\u00e9 \u00e0 la TAP que ces femmes subissent des abus tant dans les espaces priv\u00e9s que publics. Elle a \u00e9galement d\u00e9nonc\u00e9 des d\u00e9passements dans certains centres sp\u00e9cialis\u00e9s, tout en soulignant la difficult\u00e9 d\u2019engager des poursuites judiciaires contre ces structures. \u00a0<\/p>\n<p>Lanc\u00e9e en 2022, l\u2019\u00e9tude a recueilli des t\u00e9moignages \u00e0 travers tous les gouvernorats du pays. Elle fait partie d\u2019un projet plus large, entam\u00e9 en 2021 et se poursuivant jusqu\u2019en 2024, visant \u00e0 mieux int\u00e9grer les femmes handicap\u00e9es sensorielles dans les politiques publiques. \u00a0<\/p>\n<p>Dans le cadre de ce programme, le CAWTAR pr\u00e9voit de publier des informations juridiques en Braille sur son site web pour r\u00e9pondre aux besoins des femmes malvoyantes et malentendantes. Cette initiative, r\u00e9alis\u00e9e en partenariat avec le Fonds de d\u00e9veloppement des Nations unies, cherche \u00e0 combler les lacunes en mati\u00e8re d&rsquo;acc\u00e8s \u00e0 l&rsquo;information pour ces femmes marginalis\u00e9es. \u00a0<\/p>\n<p>Avec cette \u00e9tude, le CAWTAR esp\u00e8re attirer l&rsquo;attention sur la n\u00e9cessit\u00e9 de politiques inclusives et de mesures concr\u00e8tes pour prot\u00e9ger les femmes handicap\u00e9es, Un groupe souvent oubli\u00e9 dans les strat\u00e9gies de lutte contre la violence faite aux femmes.<\/p>\n","protected":false},"excerpt":{"rendered":"<p>Une \u00e9tude in\u00e9dite du CAWTAR r\u00e9v\u00e8le les violences et discriminations subies par les femmes handicap\u00e9es sensorielles en Tunisie, appelant \u00e0 des politiques inclusi&#8230;<\/p>\n","protected":false},"author":3166,"featured_media":243928,"comment_status":"open","ping_status":"open","sticky":false,"template":"","format":"standard","meta":{"footnotes":""},"categories":[44],"tags":[5016,3700,5015,5014,2608],"class_list":["post-217765","post","type-post","status-publish","format-standard","has-post-thumbnail","hentry","category-national","tag-discriminations","tag-femmes","tag-malentendance","tag-malvoyance","tag-tunisie"],"yoast_head":"<!-- This site is optimized with the Yoast SEO Premium plugin v27.5 (Yoast SEO v27.5) - https:\/\/yoast.com\/product\/yoast-seo-premium-wordpress\/ -->\n<title>Tunisie : Une \u00e9tude r\u00e9v\u00e8le les violences subies par les femmes handicap\u00e9es sensorielles<\/title>\n<meta name=\"description\" content=\"Une \u00e9tude in\u00e9dite du CAWTAR r\u00e9v\u00e8le les violences et discriminations subies par les femmes handicap\u00e9es sensorielles en Tunisie, appelant \u00e0 des politiques inclusi...\" \/>\n<link rel=\"canonical\" href=\"https:\/\/www.webdo.tn\/fr\/actualite\/national\/tunisie-une-etude-revele-les-violences-subies-par-les-femmes-handicapees-sensorielles\/217765\/\" \/>\n<meta property=\"og:locale\" content=\"fr_FR\" \/>\n<meta property=\"og:type\" content=\"article\" \/>\n<meta property=\"og:title\" content=\"Tunisie : Une \u00e9tude r\u00e9v\u00e8le les violences subies par les femmes handicap\u00e9es sensorielles\" \/>\n<meta property=\"og:description\" content=\"Une \u00e9tude in\u00e9dite du CAWTAR r\u00e9v\u00e8le les violences et discriminations subies par les femmes handicap\u00e9es sensorielles en Tunisie, appelant \u00e0 des politiques inclusi...\" \/>\n<meta property=\"og:url\" content=\"https:\/\/www.webdo.tn\/fr\/actualite\/national\/tunisie-une-etude-revele-les-violences-subies-par-les-femmes-handicapees-sensorielles\/217765\/\" \/>\n<meta property=\"og:site_name\" content=\"webdo\" \/>\n<meta property=\"article:publisher\" content=\"https:\/\/www.facebook.com\/webdotn\" \/>\n<meta property=\"article:published_time\" content=\"2024-11-21T20:35:00+00:00\" \/>\n<meta property=\"article:modified_time\" content=\"2025-05-21T09:01:56+00:00\" \/>\n<meta property=\"og:image\" content=\"https:\/\/www.webdo.tn\/fr\/wp-content\/uploads\/2025\/05\/e4713ca26818978f2b2abbe91a78e441-2.webp\" \/>\n\t<meta property=\"og:image:width\" content=\"750\" \/>\n\t<meta property=\"og:image:height\" content=\"400\" \/>\n\t<meta property=\"og:image:type\" content=\"image\/webp\" \/>\n<meta name=\"author\" content=\"AZ\" \/>\n<meta name=\"twitter:card\" content=\"summary_large_image\" \/>\n<meta name=\"twitter:creator\" content=\"@webdo_tn\" \/>\n<meta name=\"twitter:site\" content=\"@webdo_tn\" \/>\n<meta name=\"twitter:label1\" content=\"\u00c9crit par\" \/>\n\t<meta name=\"twitter:data1\" content=\"AZ\" \/>\n\t<meta name=\"twitter:label2\" content=\"Dur\u00e9e de lecture estim\u00e9e\" \/>\n\t<meta name=\"twitter:data2\" content=\"2 minutes\" \/>\n<script type=\"application\/ld+json\" class=\"yoast-schema-graph\">{\"@context\":\"https:\\\/\\\/schema.org\",\"@graph\":[{\"@type\":\"NewsArticle\",\"@id\":\"https:\\\/\\\/www.webdo.tn\\\/fr\\\/actualite\\\/national\\\/tunisie-une-etude-revele-les-violences-subies-par-les-femmes-handicapees-sensorielles\\\/217765\\\/#article\",\"isPartOf\":{\"@id\":\"https:\\\/\\\/www.webdo.tn\\\/fr\\\/actualite\\\/national\\\/tunisie-une-etude-revele-les-violences-subies-par-les-femmes-handicapees-sensorielles\\\/217765\\\/\"},\"author\":{\"name\":\"AZ\",\"@id\":\"https:\\\/\\\/www.webdo.tn\\\/fr\\\/#\\\/schema\\\/person\\\/b8a41c04d93287d375510db360906b34\"},\"headline\":\"Tunisie : Une \u00e9tude r\u00e9v\u00e8le les violences subies par les femmes handicap\u00e9es sensorielles\",\"datePublished\":\"2024-11-21T20:35:00+00:00\",\"dateModified\":\"2025-05-21T09:01:56+00:00\",\"mainEntityOfPage\":{\"@id\":\"https:\\\/\\\/www.webdo.tn\\\/fr\\\/actualite\\\/national\\\/tunisie-une-etude-revele-les-violences-subies-par-les-femmes-handicapees-sensorielles\\\/217765\\\/\"},\"wordCount\":321,\"commentCount\":0,\"publisher\":{\"@id\":\"https:\\\/\\\/www.webdo.tn\\\/fr\\\/#organization\"},\"image\":{\"@id\":\"https:\\\/\\\/www.webdo.tn\\\/fr\\\/actualite\\\/national\\\/tunisie-une-etude-revele-les-violences-subies-par-les-femmes-handicapees-sensorielles\\\/217765\\\/#primaryimage\"},\"thumbnailUrl\":\"https:\\\/\\\/www.webdo.tn\\\/fr\\\/wp-content\\\/uploads\\\/2025\\\/05\\\/e4713ca26818978f2b2abbe91a78e441-2.webp\",\"keywords\":[\"Discriminations\",\"femmes\",\"Malentendance\",\"Malvoyance\",\"Tunisie\"],\"articleSection\":[\"National\"],\"inLanguage\":\"fr-FR\"},{\"@type\":\"WebPage\",\"@id\":\"https:\\\/\\\/www.webdo.tn\\\/fr\\\/actualite\\\/national\\\/tunisie-une-etude-revele-les-violences-subies-par-les-femmes-handicapees-sensorielles\\\/217765\\\/\",\"url\":\"https:\\\/\\\/www.webdo.tn\\\/fr\\\/actualite\\\/national\\\/tunisie-une-etude-revele-les-violences-subies-par-les-femmes-handicapees-sensorielles\\\/217765\\\/\",\"name\":\"Tunisie : Une \u00e9tude r\u00e9v\u00e8le les violences subies par les femmes handicap\u00e9es sensorielles\",\"isPartOf\":{\"@id\":\"https:\\\/\\\/www.webdo.tn\\\/fr\\\/#website\"},\"primaryImageOfPage\":{\"@id\":\"https:\\\/\\\/www.webdo.tn\\\/fr\\\/actualite\\\/national\\\/tunisie-une-etude-revele-les-violences-subies-par-les-femmes-handicapees-sensorielles\\\/217765\\\/#primaryimage\"},\"image\":{\"@id\":\"https:\\\/\\\/www.webdo.tn\\\/fr\\\/actualite\\\/national\\\/tunisie-une-etude-revele-les-violences-subies-par-les-femmes-handicapees-sensorielles\\\/217765\\\/#primaryimage\"},\"thumbnailUrl\":\"https:\\\/\\\/www.webdo.tn\\\/fr\\\/wp-content\\\/uploads\\\/2025\\\/05\\\/e4713ca26818978f2b2abbe91a78e441-2.webp\",\"datePublished\":\"2024-11-21T20:35:00+00:00\",\"dateModified\":\"2025-05-21T09:01:56+00:00\",\"description\":\"Une \u00e9tude in\u00e9dite du CAWTAR r\u00e9v\u00e8le les violences et discriminations subies par les femmes handicap\u00e9es sensorielles en Tunisie, appelant \u00e0 des politiques inclusi...\",\"breadcrumb\":{\"@id\":\"https:\\\/\\\/www.webdo.tn\\\/fr\\\/actualite\\\/national\\\/tunisie-une-etude-revele-les-violences-subies-par-les-femmes-handicapees-sensorielles\\\/217765\\\/#breadcrumb\"},\"inLanguage\":\"fr-FR\",\"potentialAction\":[{\"@type\":\"ReadAction\",\"target\":[\"https:\\\/\\\/www.webdo.tn\\\/fr\\\/actualite\\\/national\\\/tunisie-une-etude-revele-les-violences-subies-par-les-femmes-handicapees-sensorielles\\\/217765\\\/\"]}]},{\"@type\":\"ImageObject\",\"inLanguage\":\"fr-FR\",\"@id\":\"https:\\\/\\\/www.webdo.tn\\\/fr\\\/actualite\\\/national\\\/tunisie-une-etude-revele-les-violences-subies-par-les-femmes-handicapees-sensorielles\\\/217765\\\/#primaryimage\",\"url\":\"https:\\\/\\\/www.webdo.tn\\\/fr\\\/wp-content\\\/uploads\\\/2025\\\/05\\\/e4713ca26818978f2b2abbe91a78e441-2.webp\",\"contentUrl\":\"https:\\\/\\\/www.webdo.tn\\\/fr\\\/wp-content\\\/uploads\\\/2025\\\/05\\\/e4713ca26818978f2b2abbe91a78e441-2.webp\",\"width\":750,\"height\":400},{\"@type\":\"BreadcrumbList\",\"@id\":\"https:\\\/\\\/www.webdo.tn\\\/fr\\\/actualite\\\/national\\\/tunisie-une-etude-revele-les-violences-subies-par-les-femmes-handicapees-sensorielles\\\/217765\\\/#breadcrumb\",\"itemListElement\":[{\"@type\":\"ListItem\",\"position\":1,\"name\":\"Accueil\",\"item\":\"https:\\\/\\\/www.webdo.tn\\\/fr\\\/\"},{\"@type\":\"ListItem\",\"position\":2,\"name\":\"Tunisie : Une \u00e9tude r\u00e9v\u00e8le les violences subies par les femmes handicap\u00e9es sensorielles\"}]},{\"@type\":\"WebSite\",\"@id\":\"https:\\\/\\\/www.webdo.tn\\\/fr\\\/#website\",\"url\":\"https:\\\/\\\/www.webdo.tn\\\/fr\\\/\",\"name\":\"webdo\",\"description\":\"Tunisie - News en Tunisie et \u00e0 l&#039;international sur Webdo.tn\",\"publisher\":{\"@id\":\"https:\\\/\\\/www.webdo.tn\\\/fr\\\/#organization\"},\"potentialAction\":[{\"@type\":\"SearchAction\",\"target\":{\"@type\":\"EntryPoint\",\"urlTemplate\":\"https:\\\/\\\/www.webdo.tn\\\/fr\\\/?s={search_term_string}\"},\"query-input\":{\"@type\":\"PropertyValueSpecification\",\"valueRequired\":true,\"valueName\":\"search_term_string\"}}],\"inLanguage\":\"fr-FR\"},{\"@type\":\"Organization\",\"@id\":\"https:\\\/\\\/www.webdo.tn\\\/fr\\\/#organization\",\"name\":\"Webdo\",\"alternateName\":\"Webdo.tn\",\"url\":\"https:\\\/\\\/www.webdo.tn\\\/fr\\\/\",\"logo\":{\"@type\":\"ImageObject\",\"inLanguage\":\"fr-FR\",\"@id\":\"https:\\\/\\\/www.webdo.tn\\\/fr\\\/#\\\/schema\\\/logo\\\/image\\\/\",\"url\":\"https:\\\/\\\/www.webdo.tn\\\/fr\\\/wp-content\\\/uploads\\\/2025\\\/06\\\/Webdo-Tunisie_168377.jpg\",\"contentUrl\":\"https:\\\/\\\/www.webdo.tn\\\/fr\\\/wp-content\\\/uploads\\\/2025\\\/06\\\/Webdo-Tunisie_168377.jpg\",\"width\":301,\"height\":301,\"caption\":\"Webdo\"},\"image\":{\"@id\":\"https:\\\/\\\/www.webdo.tn\\\/fr\\\/#\\\/schema\\\/logo\\\/image\\\/\"},\"sameAs\":[\"https:\\\/\\\/www.facebook.com\\\/webdotn\",\"https:\\\/\\\/x.com\\\/webdo_tn\"],\"description\":\"Webdo est un m\u00e9dia num\u00e9rique tunisien fond\u00e9 en 2010, sp\u00e9cialis\u00e9 dans l\u2019actualit\u00e9 nationale et internationale, l\u2019\u00e9conomie, la soci\u00e9t\u00e9 et les analyses politiques. Le site s\u2019adresse \u00e0 un large public francophone et couvre l\u2019information tunisienne en temps r\u00e9el.\",\"email\":\"redac@webdo.tn\",\"legalName\":\"YNJ SARL\",\"foundingDate\":\"2010-09-06\",\"numberOfEmployees\":{\"@type\":\"QuantitativeValue\",\"minValue\":\"11\",\"maxValue\":\"50\"}},{\"@type\":\"Person\",\"@id\":\"https:\\\/\\\/www.webdo.tn\\\/fr\\\/#\\\/schema\\\/person\\\/b8a41c04d93287d375510db360906b34\",\"name\":\"AZ\",\"image\":{\"@type\":\"ImageObject\",\"inLanguage\":\"fr-FR\",\"@id\":\"https:\\\/\\\/secure.gravatar.com\\\/avatar\\\/492b80bada79439de4201dce15cd41eece6c277cfdf1b53382073c79105c1f89?s=96&d=mm&r=g\",\"url\":\"https:\\\/\\\/secure.gravatar.com\\\/avatar\\\/492b80bada79439de4201dce15cd41eece6c277cfdf1b53382073c79105c1f89?s=96&d=mm&r=g\",\"contentUrl\":\"https:\\\/\\\/secure.gravatar.com\\\/avatar\\\/492b80bada79439de4201dce15cd41eece6c277cfdf1b53382073c79105c1f89?s=96&d=mm&r=g\",\"caption\":\"AZ\"},\"url\":\"https:\\\/\\\/www.webdo.tn\\\/fr\\\/actualite\\\/author\\\/az\\\/\"}]}<\/script>\n<!-- \/ Yoast SEO Premium plugin. -->","yoast_head_json":{"title":"Tunisie : Une \u00e9tude r\u00e9v\u00e8le les violences subies par les femmes handicap\u00e9es sensorielles","description":"Une \u00e9tude in\u00e9dite du CAWTAR r\u00e9v\u00e8le les violences et discriminations subies par les femmes handicap\u00e9es sensorielles en Tunisie, appelant \u00e0 des politiques inclusi...","canonical":"https:\/\/www.webdo.tn\/fr\/actualite\/national\/tunisie-une-etude-revele-les-violences-subies-par-les-femmes-handicapees-sensorielles\/217765\/","og_locale":"fr_FR","og_type":"article","og_title":"Tunisie : Une \u00e9tude r\u00e9v\u00e8le les violences subies par les femmes handicap\u00e9es sensorielles","og_description":"Une \u00e9tude in\u00e9dite du CAWTAR r\u00e9v\u00e8le les violences et discriminations subies par les femmes handicap\u00e9es sensorielles en Tunisie, appelant \u00e0 des politiques inclusi...","og_url":"https:\/\/www.webdo.tn\/fr\/actualite\/national\/tunisie-une-etude-revele-les-violences-subies-par-les-femmes-handicapees-sensorielles\/217765\/","og_site_name":"webdo","article_publisher":"https:\/\/www.facebook.com\/webdotn","article_published_time":"2024-11-21T20:35:00+00:00","article_modified_time":"2025-05-21T09:01:56+00:00","og_image":[{"width":750,"height":400,"url":"https:\/\/www.webdo.tn\/fr\/wp-content\/uploads\/2025\/05\/e4713ca26818978f2b2abbe91a78e441-2.webp","type":"image\/webp"}],"author":"AZ","twitter_card":"summary_large_image","twitter_creator":"@webdo_tn","twitter_site":"@webdo_tn","twitter_misc":{"\u00c9crit par":"AZ","Dur\u00e9e de lecture estim\u00e9e":"2 minutes"},"schema":{"@context":"https:\/\/schema.org","@graph":[{"@type":"NewsArticle","@id":"https:\/\/www.webdo.tn\/fr\/actualite\/national\/tunisie-une-etude-revele-les-violences-subies-par-les-femmes-handicapees-sensorielles\/217765\/#article","isPartOf":{"@id":"https:\/\/www.webdo.tn\/fr\/actualite\/national\/tunisie-une-etude-revele-les-violences-subies-par-les-femmes-handicapees-sensorielles\/217765\/"},"author":{"name":"AZ","@id":"https:\/\/www.webdo.tn\/fr\/#\/schema\/person\/b8a41c04d93287d375510db360906b34"},"headline":"Tunisie : Une \u00e9tude r\u00e9v\u00e8le les violences subies par les femmes handicap\u00e9es sensorielles","datePublished":"2024-11-21T20:35:00+00:00","dateModified":"2025-05-21T09:01:56+00:00","mainEntityOfPage":{"@id":"https:\/\/www.webdo.tn\/fr\/actualite\/national\/tunisie-une-etude-revele-les-violences-subies-par-les-femmes-handicapees-sensorielles\/217765\/"},"wordCount":321,"commentCount":0,"publisher":{"@id":"https:\/\/www.webdo.tn\/fr\/#organization"},"image":{"@id":"https:\/\/www.webdo.tn\/fr\/actualite\/national\/tunisie-une-etude-revele-les-violences-subies-par-les-femmes-handicapees-sensorielles\/217765\/#primaryimage"},"thumbnailUrl":"https:\/\/www.webdo.tn\/fr\/wp-content\/uploads\/2025\/05\/e4713ca26818978f2b2abbe91a78e441-2.webp","keywords":["Discriminations","femmes","Malentendance","Malvoyance","Tunisie"],"articleSection":["National"],"inLanguage":"fr-FR"},{"@type":"WebPage","@id":"https:\/\/www.webdo.tn\/fr\/actualite\/national\/tunisie-une-etude-revele-les-violences-subies-par-les-femmes-handicapees-sensorielles\/217765\/","url":"https:\/\/www.webdo.tn\/fr\/actualite\/national\/tunisie-une-etude-revele-les-violences-subies-par-les-femmes-handicapees-sensorielles\/217765\/","name":"Tunisie : Une \u00e9tude r\u00e9v\u00e8le les violences subies par les femmes handicap\u00e9es sensorielles","isPartOf":{"@id":"https:\/\/www.webdo.tn\/fr\/#website"},"primaryImageOfPage":{"@id":"https:\/\/www.webdo.tn\/fr\/actualite\/national\/tunisie-une-etude-revele-les-violences-subies-par-les-femmes-handicapees-sensorielles\/217765\/#primaryimage"},"image":{"@id":"https:\/\/www.webdo.tn\/fr\/actualite\/national\/tunisie-une-etude-revele-les-violences-subies-par-les-femmes-handicapees-sensorielles\/217765\/#primaryimage"},"thumbnailUrl":"https:\/\/www.webdo.tn\/fr\/wp-content\/uploads\/2025\/05\/e4713ca26818978f2b2abbe91a78e441-2.webp","datePublished":"2024-11-21T20:35:00+00:00","dateModified":"2025-05-21T09:01:56+00:00","description":"Une \u00e9tude in\u00e9dite du CAWTAR r\u00e9v\u00e8le les violences et discriminations subies par les femmes handicap\u00e9es sensorielles en Tunisie, appelant \u00e0 des politiques inclusi...","breadcrumb":{"@id":"https:\/\/www.webdo.tn\/fr\/actualite\/national\/tunisie-une-etude-revele-les-violences-subies-par-les-femmes-handicapees-sensorielles\/217765\/#breadcrumb"},"inLanguage":"fr-FR","potentialAction":[{"@type":"ReadAction","target":["https:\/\/www.webdo.tn\/fr\/actualite\/national\/tunisie-une-etude-revele-les-violences-subies-par-les-femmes-handicapees-sensorielles\/217765\/"]}]},{"@type":"ImageObject","inLanguage":"fr-FR","@id":"https:\/\/www.webdo.tn\/fr\/actualite\/national\/tunisie-une-etude-revele-les-violences-subies-par-les-femmes-handicapees-sensorielles\/217765\/#primaryimage","url":"https:\/\/www.webdo.tn\/fr\/wp-content\/uploads\/2025\/05\/e4713ca26818978f2b2abbe91a78e441-2.webp","contentUrl":"https:\/\/www.webdo.tn\/fr\/wp-content\/uploads\/2025\/05\/e4713ca26818978f2b2abbe91a78e441-2.webp","width":750,"height":400},{"@type":"BreadcrumbList","@id":"https:\/\/www.webdo.tn\/fr\/actualite\/national\/tunisie-une-etude-revele-les-violences-subies-par-les-femmes-handicapees-sensorielles\/217765\/#breadcrumb","itemListElement":[{"@type":"ListItem","position":1,"name":"Accueil","item":"https:\/\/www.webdo.tn\/fr\/"},{"@type":"ListItem","position":2,"name":"Tunisie : Une \u00e9tude r\u00e9v\u00e8le les violences subies par les femmes handicap\u00e9es sensorielles"}]},{"@type":"WebSite","@id":"https:\/\/www.webdo.tn\/fr\/#website","url":"https:\/\/www.webdo.tn\/fr\/","name":"webdo","description":"Tunisie - News en Tunisie et \u00e0 l&#039;international sur Webdo.tn","publisher":{"@id":"https:\/\/www.webdo.tn\/fr\/#organization"},"potentialAction":[{"@type":"SearchAction","target":{"@type":"EntryPoint","urlTemplate":"https:\/\/www.webdo.tn\/fr\/?s={search_term_string}"},"query-input":{"@type":"PropertyValueSpecification","valueRequired":true,"valueName":"search_term_string"}}],"inLanguage":"fr-FR"},{"@type":"Organization","@id":"https:\/\/www.webdo.tn\/fr\/#organization","name":"Webdo","alternateName":"Webdo.tn","url":"https:\/\/www.webdo.tn\/fr\/","logo":{"@type":"ImageObject","inLanguage":"fr-FR","@id":"https:\/\/www.webdo.tn\/fr\/#\/schema\/logo\/image\/","url":"https:\/\/www.webdo.tn\/fr\/wp-content\/uploads\/2025\/06\/Webdo-Tunisie_168377.jpg","contentUrl":"https:\/\/www.webdo.tn\/fr\/wp-content\/uploads\/2025\/06\/Webdo-Tunisie_168377.jpg","width":301,"height":301,"caption":"Webdo"},"image":{"@id":"https:\/\/www.webdo.tn\/fr\/#\/schema\/logo\/image\/"},"sameAs":["https:\/\/www.facebook.com\/webdotn","https:\/\/x.com\/webdo_tn"],"description":"Webdo est un m\u00e9dia num\u00e9rique tunisien fond\u00e9 en 2010, sp\u00e9cialis\u00e9 dans l\u2019actualit\u00e9 nationale et internationale, l\u2019\u00e9conomie, la soci\u00e9t\u00e9 et les analyses politiques. Le site s\u2019adresse \u00e0 un large public francophone et couvre l\u2019information tunisienne en temps r\u00e9el.","email":"redac@webdo.tn","legalName":"YNJ SARL","foundingDate":"2010-09-06","numberOfEmployees":{"@type":"QuantitativeValue","minValue":"11","maxValue":"50"}},{"@type":"Person","@id":"https:\/\/www.webdo.tn\/fr\/#\/schema\/person\/b8a41c04d93287d375510db360906b34","name":"AZ","image":{"@type":"ImageObject","inLanguage":"fr-FR","@id":"https:\/\/secure.gravatar.com\/avatar\/492b80bada79439de4201dce15cd41eece6c277cfdf1b53382073c79105c1f89?s=96&d=mm&r=g","url":"https:\/\/secure.gravatar.com\/avatar\/492b80bada79439de4201dce15cd41eece6c277cfdf1b53382073c79105c1f89?s=96&d=mm&r=g","contentUrl":"https:\/\/secure.gravatar.com\/avatar\/492b80bada79439de4201dce15cd41eece6c277cfdf1b53382073c79105c1f89?s=96&d=mm&r=g","caption":"AZ"},"url":"https:\/\/www.webdo.tn\/fr\/actualite\/author\/az\/"}]}},"_links":{"self":[{"href":"https:\/\/www.webdo.tn\/fr\/wp-json\/wp\/v2\/posts\/217765","targetHints":{"allow":["GET"]}}],"collection":[{"href":"https:\/\/www.webdo.tn\/fr\/wp-json\/wp\/v2\/posts"}],"about":[{"href":"https:\/\/www.webdo.tn\/fr\/wp-json\/wp\/v2\/types\/post"}],"author":[{"embeddable":true,"href":"https:\/\/www.webdo.tn\/fr\/wp-json\/wp\/v2\/users\/3166"}],"replies":[{"embeddable":true,"href":"https:\/\/www.webdo.tn\/fr\/wp-json\/wp\/v2\/comments?post=217765"}],"version-history":[{"count":0,"href":"https:\/\/www.webdo.tn\/fr\/wp-json\/wp\/v2\/posts\/217765\/revisions"}],"wp:featuredmedia":[{"embeddable":true,"href":"https:\/\/www.webdo.tn\/fr\/wp-json\/wp\/v2\/media\/243928"}],"wp:attachment":[{"href":"https:\/\/www.webdo.tn\/fr\/wp-json\/wp\/v2\/media?parent=217765"}],"wp:term":[{"taxonomy":"category","embeddable":true,"href":"https:\/\/www.webdo.tn\/fr\/wp-json\/wp\/v2\/categories?post=217765"},{"taxonomy":"post_tag","embeddable":true,"href":"https:\/\/www.webdo.tn\/fr\/wp-json\/wp\/v2\/tags?post=217765"}],"curies":[{"name":"wp","href":"https:\/\/api.w.org\/{rel}","templated":true}]}}