{"id":217758,"date":"2024-11-21T14:48:00","date_gmt":"2024-11-21T14:48:00","guid":{"rendered":"https:\/\/www.webdo.tn\/fr\/blog\/2024\/11\/21\/la-cpi-emet-des-mandats-d-arret-contre-netanyahou-et-gallant\/"},"modified":"2025-05-20T21:46:31","modified_gmt":"2025-05-20T21:46:31","slug":"la-cpi-emet-des-mandats-d-arret-contre-netanyahou-et-gallant","status":"publish","type":"post","link":"https:\/\/www.webdo.tn\/fr\/actualite\/international\/la-cpi-emet-des-mandats-d-arret-contre-netanyahou-et-gallant\/217758\/","title":{"rendered":"La CPI \u00e9met des mandats d\u2019arr\u00eat contre Netanyahou et Gallant"},"content":{"rendered":"<p>La Cour p\u00e9nale internationale (CPI) a \u00e9mis, ce jeudi 21 novembre 2024, des mandats d&rsquo;arr\u00eat contre le Premier ministre isra\u00e9lien Benyamin Netanyahou, l&rsquo;ancien ministre isra\u00e9lien de la D\u00e9fense Yoav Gallant et le chef de la branche arm\u00e9e du Hamas Mohamed Deif.<\/p>\n<p>\t\t\t\t\t\t\t\t\t\u00ab\u00a0La Chambre a \u00e9mis des mandats d\u2019arr\u00eat contre deux individus, M. Benyamin Netanyahou et M. Yoav Gallant, pour crimes contre l\u2019humanit\u00e9 et crimes de guerre commis au moins \u00e0 partir du 8 octobre 2023 jusqu\u2019au 20 mai 2024 au moins, jour o\u00f9 l\u2019accusation a d\u00e9pos\u00e9 les demandes de mandats d\u2019arr\u00eat\u00a0\u00bb, a d\u00e9clar\u00e9 dans un communiqu\u00e9 la CPI, ajoutant dans un autre communiqu\u00e9 qu\u2019un mandat a \u00e9galement \u00e9t\u00e9 \u00e9mis contre Mohammed Deif.<\/p>\n<p>En guise de r\u00e9ponse \u00e0 cette annonce l\u2019entit\u00e9 sioniste a affirm\u00e9 que la CPI a \u00ab\u00a0perdu toute l\u00e9gitimit\u00e9\u00a0\u00bb avec ses mandats d\u2019arr\u00eat \u00ab\u00a0absurdes\u00a0\u00bb. \u00ab\u00a0C\u2019est un jour noir pour [la CPI], qui a perdu toute l\u00e9gitimit\u00e9 \u00e0 exister et \u00e0 agir\u00a0\u00bb, a \u00e9crit le ministre isra\u00e9lien des Affaires \u00e9trang\u00e8res Gideon Saar sur son compte X. Quant au Hamas, lui, il a salu\u00e9 \u00ab\u00a0une \u00e9tape importante vers la justice\u00a0\u00bb.<\/p>\n<p>Mohammed Deif est soup\u00e7onn\u00e9 de crimes de guerre et de crimes contre l\u2019humanit\u00e9, mais selon Isra\u00ebl, il a \u00e9t\u00e9 tu\u00e9 par une frappe le 13 juillet dans le sud de Gaza, alors que le Hamas nie sa mort.<\/p>\n","protected":false},"excerpt":{"rendered":"<p>La Cour p\u00e9nale internationale (CPI) a \u00e9mis, ce jeudi 21 novembre 2024, des mandats d&rsquo;arr\u00eat contre le Premier ministre isra\u00e9lien Benyamin Netanyahou, l&rsquo;ancien mi&#8230;<\/p>\n","protected":false},"author":3162,"featured_media":243912,"comment_status":"open","ping_status":"open","sticky":false,"template":"","format":"standard","meta":{"footnotes":""},"categories":[2598],"tags":[5004,5003,4899,3349,2636,5002,2688,5005],"class_list":["post-217758","post","type-post","status-publish","format-standard","has-post-thumbnail","hentry","category-international","tag-benyamin-netanyahou","tag-cour-penale-internationale","tag-cpi","tag-hamas","tag-israel","tag-mohammed-deif","tag-palestine","tag-yoav-gallant"],"yoast_head":"<!-- This site is optimized with the Yoast SEO Premium plugin v27.5 (Yoast SEO v27.5) - https:\/\/yoast.com\/product\/yoast-seo-premium-wordpress\/ -->\n<title>La CPI \u00e9met des mandats d\u2019arr\u00eat contre Netanyahou et Gallant<\/title>\n<meta name=\"description\" content=\"La Cour p\u00e9nale internationale (CPI) a \u00e9mis, ce jeudi 21 novembre 2024, des mandats d&#039;arr\u00eat contre le Premier ministre isra\u00e9lien Benyamin Netanyahou, l&#039;ancien mi...\" \/>\n<link rel=\"canonical\" href=\"https:\/\/www.webdo.tn\/fr\/actualite\/international\/la-cpi-emet-des-mandats-d-arret-contre-netanyahou-et-gallant\/217758\/\" \/>\n<meta property=\"og:locale\" content=\"fr_FR\" \/>\n<meta property=\"og:type\" content=\"article\" \/>\n<meta property=\"og:title\" content=\"La CPI \u00e9met des mandats d\u2019arr\u00eat contre Netanyahou et Gallant\" \/>\n<meta property=\"og:description\" content=\"La Cour p\u00e9nale internationale (CPI) a \u00e9mis, ce jeudi 21 novembre 2024, des mandats d&#039;arr\u00eat contre le Premier ministre isra\u00e9lien Benyamin Netanyahou, l&#039;ancien mi...\" \/>\n<meta property=\"og:url\" content=\"https:\/\/www.webdo.tn\/fr\/actualite\/international\/la-cpi-emet-des-mandats-d-arret-contre-netanyahou-et-gallant\/217758\/\" \/>\n<meta property=\"og:site_name\" content=\"webdo\" \/>\n<meta property=\"article:publisher\" content=\"https:\/\/www.facebook.com\/webdotn\" \/>\n<meta property=\"article:published_time\" content=\"2024-11-21T14:48:00+00:00\" \/>\n<meta property=\"article:modified_time\" content=\"2025-05-20T21:46:31+00:00\" \/>\n<meta property=\"og:image\" content=\"https:\/\/www.webdo.tn\/fr\/wp-content\/uploads\/2025\/05\/5a0883de918b3e323365a1979f0ed1be-2.webp\" \/>\n\t<meta property=\"og:image:width\" content=\"750\" \/>\n\t<meta property=\"og:image:height\" content=\"400\" \/>\n\t<meta property=\"og:image:type\" content=\"image\/webp\" \/>\n<meta name=\"author\" content=\"MC\" \/>\n<meta name=\"twitter:card\" content=\"summary_large_image\" \/>\n<meta name=\"twitter:creator\" content=\"@webdo_tn\" \/>\n<meta name=\"twitter:site\" content=\"@webdo_tn\" \/>\n<meta name=\"twitter:label1\" content=\"\u00c9crit par\" \/>\n\t<meta name=\"twitter:data1\" content=\"MC\" \/>\n\t<meta name=\"twitter:label2\" content=\"Dur\u00e9e de lecture estim\u00e9e\" \/>\n\t<meta name=\"twitter:data2\" content=\"1 minute\" \/>\n<script type=\"application\/ld+json\" class=\"yoast-schema-graph\">{\"@context\":\"https:\\\/\\\/schema.org\",\"@graph\":[{\"@type\":\"NewsArticle\",\"@id\":\"https:\\\/\\\/www.webdo.tn\\\/fr\\\/actualite\\\/international\\\/la-cpi-emet-des-mandats-d-arret-contre-netanyahou-et-gallant\\\/217758\\\/#article\",\"isPartOf\":{\"@id\":\"https:\\\/\\\/www.webdo.tn\\\/fr\\\/actualite\\\/international\\\/la-cpi-emet-des-mandats-d-arret-contre-netanyahou-et-gallant\\\/217758\\\/\"},\"author\":{\"name\":\"MC\",\"@id\":\"https:\\\/\\\/www.webdo.tn\\\/fr\\\/#\\\/schema\\\/person\\\/2c4929cbf5a809e3bd38617c6ce150f6\"},\"headline\":\"La CPI \u00e9met des mandats d\u2019arr\u00eat contre Netanyahou et Gallant\",\"datePublished\":\"2024-11-21T14:48:00+00:00\",\"dateModified\":\"2025-05-20T21:46:31+00:00\",\"mainEntityOfPage\":{\"@id\":\"https:\\\/\\\/www.webdo.tn\\\/fr\\\/actualite\\\/international\\\/la-cpi-emet-des-mandats-d-arret-contre-netanyahou-et-gallant\\\/217758\\\/\"},\"wordCount\":248,\"commentCount\":0,\"publisher\":{\"@id\":\"https:\\\/\\\/www.webdo.tn\\\/fr\\\/#organization\"},\"image\":{\"@id\":\"https:\\\/\\\/www.webdo.tn\\\/fr\\\/actualite\\\/international\\\/la-cpi-emet-des-mandats-d-arret-contre-netanyahou-et-gallant\\\/217758\\\/#primaryimage\"},\"thumbnailUrl\":\"https:\\\/\\\/www.webdo.tn\\\/fr\\\/wp-content\\\/uploads\\\/2025\\\/05\\\/5a0883de918b3e323365a1979f0ed1be-2.webp\",\"keywords\":[\"Benyamin Netanyahou\",\"cour p\u00e9nale internationale\",\"CPI\",\"hamas\",\"isra\u00ebl\",\"mohammed de\u00eff\",\"Palestine\",\"Yoav Gallant\"],\"articleSection\":[\"International\"],\"inLanguage\":\"fr-FR\"},{\"@type\":\"WebPage\",\"@id\":\"https:\\\/\\\/www.webdo.tn\\\/fr\\\/actualite\\\/international\\\/la-cpi-emet-des-mandats-d-arret-contre-netanyahou-et-gallant\\\/217758\\\/\",\"url\":\"https:\\\/\\\/www.webdo.tn\\\/fr\\\/actualite\\\/international\\\/la-cpi-emet-des-mandats-d-arret-contre-netanyahou-et-gallant\\\/217758\\\/\",\"name\":\"La CPI \u00e9met des mandats d\u2019arr\u00eat contre Netanyahou et Gallant\",\"isPartOf\":{\"@id\":\"https:\\\/\\\/www.webdo.tn\\\/fr\\\/#website\"},\"primaryImageOfPage\":{\"@id\":\"https:\\\/\\\/www.webdo.tn\\\/fr\\\/actualite\\\/international\\\/la-cpi-emet-des-mandats-d-arret-contre-netanyahou-et-gallant\\\/217758\\\/#primaryimage\"},\"image\":{\"@id\":\"https:\\\/\\\/www.webdo.tn\\\/fr\\\/actualite\\\/international\\\/la-cpi-emet-des-mandats-d-arret-contre-netanyahou-et-gallant\\\/217758\\\/#primaryimage\"},\"thumbnailUrl\":\"https:\\\/\\\/www.webdo.tn\\\/fr\\\/wp-content\\\/uploads\\\/2025\\\/05\\\/5a0883de918b3e323365a1979f0ed1be-2.webp\",\"datePublished\":\"2024-11-21T14:48:00+00:00\",\"dateModified\":\"2025-05-20T21:46:31+00:00\",\"description\":\"La Cour p\u00e9nale internationale (CPI) a \u00e9mis, ce jeudi 21 novembre 2024, des mandats d'arr\u00eat contre le Premier ministre isra\u00e9lien Benyamin Netanyahou, l'ancien mi...\",\"breadcrumb\":{\"@id\":\"https:\\\/\\\/www.webdo.tn\\\/fr\\\/actualite\\\/international\\\/la-cpi-emet-des-mandats-d-arret-contre-netanyahou-et-gallant\\\/217758\\\/#breadcrumb\"},\"inLanguage\":\"fr-FR\",\"potentialAction\":[{\"@type\":\"ReadAction\",\"target\":[\"https:\\\/\\\/www.webdo.tn\\\/fr\\\/actualite\\\/international\\\/la-cpi-emet-des-mandats-d-arret-contre-netanyahou-et-gallant\\\/217758\\\/\"]}]},{\"@type\":\"ImageObject\",\"inLanguage\":\"fr-FR\",\"@id\":\"https:\\\/\\\/www.webdo.tn\\\/fr\\\/actualite\\\/international\\\/la-cpi-emet-des-mandats-d-arret-contre-netanyahou-et-gallant\\\/217758\\\/#primaryimage\",\"url\":\"https:\\\/\\\/www.webdo.tn\\\/fr\\\/wp-content\\\/uploads\\\/2025\\\/05\\\/5a0883de918b3e323365a1979f0ed1be-2.webp\",\"contentUrl\":\"https:\\\/\\\/www.webdo.tn\\\/fr\\\/wp-content\\\/uploads\\\/2025\\\/05\\\/5a0883de918b3e323365a1979f0ed1be-2.webp\",\"width\":750,\"height\":400},{\"@type\":\"BreadcrumbList\",\"@id\":\"https:\\\/\\\/www.webdo.tn\\\/fr\\\/actualite\\\/international\\\/la-cpi-emet-des-mandats-d-arret-contre-netanyahou-et-gallant\\\/217758\\\/#breadcrumb\",\"itemListElement\":[{\"@type\":\"ListItem\",\"position\":1,\"name\":\"Accueil\",\"item\":\"https:\\\/\\\/www.webdo.tn\\\/fr\\\/\"},{\"@type\":\"ListItem\",\"position\":2,\"name\":\"La CPI \u00e9met des mandats d\u2019arr\u00eat contre Netanyahou et Gallant\"}]},{\"@type\":\"WebSite\",\"@id\":\"https:\\\/\\\/www.webdo.tn\\\/fr\\\/#website\",\"url\":\"https:\\\/\\\/www.webdo.tn\\\/fr\\\/\",\"name\":\"webdo\",\"description\":\"Tunisie - News en Tunisie et \u00e0 l&#039;international sur Webdo.tn\",\"publisher\":{\"@id\":\"https:\\\/\\\/www.webdo.tn\\\/fr\\\/#organization\"},\"potentialAction\":[{\"@type\":\"SearchAction\",\"target\":{\"@type\":\"EntryPoint\",\"urlTemplate\":\"https:\\\/\\\/www.webdo.tn\\\/fr\\\/?s={search_term_string}\"},\"query-input\":{\"@type\":\"PropertyValueSpecification\",\"valueRequired\":true,\"valueName\":\"search_term_string\"}}],\"inLanguage\":\"fr-FR\"},{\"@type\":\"Organization\",\"@id\":\"https:\\\/\\\/www.webdo.tn\\\/fr\\\/#organization\",\"name\":\"Webdo\",\"alternateName\":\"Webdo.tn\",\"url\":\"https:\\\/\\\/www.webdo.tn\\\/fr\\\/\",\"logo\":{\"@type\":\"ImageObject\",\"inLanguage\":\"fr-FR\",\"@id\":\"https:\\\/\\\/www.webdo.tn\\\/fr\\\/#\\\/schema\\\/logo\\\/image\\\/\",\"url\":\"https:\\\/\\\/www.webdo.tn\\\/fr\\\/wp-content\\\/uploads\\\/2025\\\/06\\\/Webdo-Tunisie_168377.jpg\",\"contentUrl\":\"https:\\\/\\\/www.webdo.tn\\\/fr\\\/wp-content\\\/uploads\\\/2025\\\/06\\\/Webdo-Tunisie_168377.jpg\",\"width\":301,\"height\":301,\"caption\":\"Webdo\"},\"image\":{\"@id\":\"https:\\\/\\\/www.webdo.tn\\\/fr\\\/#\\\/schema\\\/logo\\\/image\\\/\"},\"sameAs\":[\"https:\\\/\\\/www.facebook.com\\\/webdotn\",\"https:\\\/\\\/x.com\\\/webdo_tn\"],\"description\":\"Webdo est un m\u00e9dia num\u00e9rique tunisien fond\u00e9 en 2010, sp\u00e9cialis\u00e9 dans l\u2019actualit\u00e9 nationale et internationale, l\u2019\u00e9conomie, la soci\u00e9t\u00e9 et les analyses politiques. Le site s\u2019adresse \u00e0 un large public francophone et couvre l\u2019information tunisienne en temps r\u00e9el.\",\"email\":\"redac@webdo.tn\",\"legalName\":\"YNJ SARL\",\"foundingDate\":\"2010-09-06\",\"numberOfEmployees\":{\"@type\":\"QuantitativeValue\",\"minValue\":\"11\",\"maxValue\":\"50\"}},{\"@type\":\"Person\",\"@id\":\"https:\\\/\\\/www.webdo.tn\\\/fr\\\/#\\\/schema\\\/person\\\/2c4929cbf5a809e3bd38617c6ce150f6\",\"name\":\"MC\",\"image\":{\"@type\":\"ImageObject\",\"inLanguage\":\"fr-FR\",\"@id\":\"https:\\\/\\\/secure.gravatar.com\\\/avatar\\\/a545bbb6f84efdd5553dbbc2895e3ca8f1d12c5215e00a041c9670b54aa9b18a?s=96&d=mm&r=g\",\"url\":\"https:\\\/\\\/secure.gravatar.com\\\/avatar\\\/a545bbb6f84efdd5553dbbc2895e3ca8f1d12c5215e00a041c9670b54aa9b18a?s=96&d=mm&r=g\",\"contentUrl\":\"https:\\\/\\\/secure.gravatar.com\\\/avatar\\\/a545bbb6f84efdd5553dbbc2895e3ca8f1d12c5215e00a041c9670b54aa9b18a?s=96&d=mm&r=g\",\"caption\":\"MC\"},\"url\":\"https:\\\/\\\/www.webdo.tn\\\/fr\\\/actualite\\\/author\\\/mc\\\/\"}]}<\/script>\n<!-- \/ Yoast SEO Premium plugin. -->","yoast_head_json":{"title":"La CPI \u00e9met des mandats d\u2019arr\u00eat contre Netanyahou et Gallant","description":"La Cour p\u00e9nale internationale (CPI) a \u00e9mis, ce jeudi 21 novembre 2024, des mandats d'arr\u00eat contre le Premier ministre isra\u00e9lien Benyamin Netanyahou, l'ancien mi...","canonical":"https:\/\/www.webdo.tn\/fr\/actualite\/international\/la-cpi-emet-des-mandats-d-arret-contre-netanyahou-et-gallant\/217758\/","og_locale":"fr_FR","og_type":"article","og_title":"La CPI \u00e9met des mandats d\u2019arr\u00eat contre Netanyahou et Gallant","og_description":"La Cour p\u00e9nale internationale (CPI) a \u00e9mis, ce jeudi 21 novembre 2024, des mandats d'arr\u00eat contre le Premier ministre isra\u00e9lien Benyamin Netanyahou, l'ancien mi...","og_url":"https:\/\/www.webdo.tn\/fr\/actualite\/international\/la-cpi-emet-des-mandats-d-arret-contre-netanyahou-et-gallant\/217758\/","og_site_name":"webdo","article_publisher":"https:\/\/www.facebook.com\/webdotn","article_published_time":"2024-11-21T14:48:00+00:00","article_modified_time":"2025-05-20T21:46:31+00:00","og_image":[{"width":750,"height":400,"url":"https:\/\/www.webdo.tn\/fr\/wp-content\/uploads\/2025\/05\/5a0883de918b3e323365a1979f0ed1be-2.webp","type":"image\/webp"}],"author":"MC","twitter_card":"summary_large_image","twitter_creator":"@webdo_tn","twitter_site":"@webdo_tn","twitter_misc":{"\u00c9crit par":"MC","Dur\u00e9e de lecture estim\u00e9e":"1 minute"},"schema":{"@context":"https:\/\/schema.org","@graph":[{"@type":"NewsArticle","@id":"https:\/\/www.webdo.tn\/fr\/actualite\/international\/la-cpi-emet-des-mandats-d-arret-contre-netanyahou-et-gallant\/217758\/#article","isPartOf":{"@id":"https:\/\/www.webdo.tn\/fr\/actualite\/international\/la-cpi-emet-des-mandats-d-arret-contre-netanyahou-et-gallant\/217758\/"},"author":{"name":"MC","@id":"https:\/\/www.webdo.tn\/fr\/#\/schema\/person\/2c4929cbf5a809e3bd38617c6ce150f6"},"headline":"La CPI \u00e9met des mandats d\u2019arr\u00eat contre Netanyahou et Gallant","datePublished":"2024-11-21T14:48:00+00:00","dateModified":"2025-05-20T21:46:31+00:00","mainEntityOfPage":{"@id":"https:\/\/www.webdo.tn\/fr\/actualite\/international\/la-cpi-emet-des-mandats-d-arret-contre-netanyahou-et-gallant\/217758\/"},"wordCount":248,"commentCount":0,"publisher":{"@id":"https:\/\/www.webdo.tn\/fr\/#organization"},"image":{"@id":"https:\/\/www.webdo.tn\/fr\/actualite\/international\/la-cpi-emet-des-mandats-d-arret-contre-netanyahou-et-gallant\/217758\/#primaryimage"},"thumbnailUrl":"https:\/\/www.webdo.tn\/fr\/wp-content\/uploads\/2025\/05\/5a0883de918b3e323365a1979f0ed1be-2.webp","keywords":["Benyamin Netanyahou","cour p\u00e9nale internationale","CPI","hamas","isra\u00ebl","mohammed de\u00eff","Palestine","Yoav Gallant"],"articleSection":["International"],"inLanguage":"fr-FR"},{"@type":"WebPage","@id":"https:\/\/www.webdo.tn\/fr\/actualite\/international\/la-cpi-emet-des-mandats-d-arret-contre-netanyahou-et-gallant\/217758\/","url":"https:\/\/www.webdo.tn\/fr\/actualite\/international\/la-cpi-emet-des-mandats-d-arret-contre-netanyahou-et-gallant\/217758\/","name":"La CPI \u00e9met des mandats d\u2019arr\u00eat contre Netanyahou et Gallant","isPartOf":{"@id":"https:\/\/www.webdo.tn\/fr\/#website"},"primaryImageOfPage":{"@id":"https:\/\/www.webdo.tn\/fr\/actualite\/international\/la-cpi-emet-des-mandats-d-arret-contre-netanyahou-et-gallant\/217758\/#primaryimage"},"image":{"@id":"https:\/\/www.webdo.tn\/fr\/actualite\/international\/la-cpi-emet-des-mandats-d-arret-contre-netanyahou-et-gallant\/217758\/#primaryimage"},"thumbnailUrl":"https:\/\/www.webdo.tn\/fr\/wp-content\/uploads\/2025\/05\/5a0883de918b3e323365a1979f0ed1be-2.webp","datePublished":"2024-11-21T14:48:00+00:00","dateModified":"2025-05-20T21:46:31+00:00","description":"La Cour p\u00e9nale internationale (CPI) a \u00e9mis, ce jeudi 21 novembre 2024, des mandats d'arr\u00eat contre le Premier ministre isra\u00e9lien Benyamin Netanyahou, l'ancien mi...","breadcrumb":{"@id":"https:\/\/www.webdo.tn\/fr\/actualite\/international\/la-cpi-emet-des-mandats-d-arret-contre-netanyahou-et-gallant\/217758\/#breadcrumb"},"inLanguage":"fr-FR","potentialAction":[{"@type":"ReadAction","target":["https:\/\/www.webdo.tn\/fr\/actualite\/international\/la-cpi-emet-des-mandats-d-arret-contre-netanyahou-et-gallant\/217758\/"]}]},{"@type":"ImageObject","inLanguage":"fr-FR","@id":"https:\/\/www.webdo.tn\/fr\/actualite\/international\/la-cpi-emet-des-mandats-d-arret-contre-netanyahou-et-gallant\/217758\/#primaryimage","url":"https:\/\/www.webdo.tn\/fr\/wp-content\/uploads\/2025\/05\/5a0883de918b3e323365a1979f0ed1be-2.webp","contentUrl":"https:\/\/www.webdo.tn\/fr\/wp-content\/uploads\/2025\/05\/5a0883de918b3e323365a1979f0ed1be-2.webp","width":750,"height":400},{"@type":"BreadcrumbList","@id":"https:\/\/www.webdo.tn\/fr\/actualite\/international\/la-cpi-emet-des-mandats-d-arret-contre-netanyahou-et-gallant\/217758\/#breadcrumb","itemListElement":[{"@type":"ListItem","position":1,"name":"Accueil","item":"https:\/\/www.webdo.tn\/fr\/"},{"@type":"ListItem","position":2,"name":"La CPI \u00e9met des mandats d\u2019arr\u00eat contre Netanyahou et Gallant"}]},{"@type":"WebSite","@id":"https:\/\/www.webdo.tn\/fr\/#website","url":"https:\/\/www.webdo.tn\/fr\/","name":"webdo","description":"Tunisie - News en Tunisie et \u00e0 l&#039;international sur Webdo.tn","publisher":{"@id":"https:\/\/www.webdo.tn\/fr\/#organization"},"potentialAction":[{"@type":"SearchAction","target":{"@type":"EntryPoint","urlTemplate":"https:\/\/www.webdo.tn\/fr\/?s={search_term_string}"},"query-input":{"@type":"PropertyValueSpecification","valueRequired":true,"valueName":"search_term_string"}}],"inLanguage":"fr-FR"},{"@type":"Organization","@id":"https:\/\/www.webdo.tn\/fr\/#organization","name":"Webdo","alternateName":"Webdo.tn","url":"https:\/\/www.webdo.tn\/fr\/","logo":{"@type":"ImageObject","inLanguage":"fr-FR","@id":"https:\/\/www.webdo.tn\/fr\/#\/schema\/logo\/image\/","url":"https:\/\/www.webdo.tn\/fr\/wp-content\/uploads\/2025\/06\/Webdo-Tunisie_168377.jpg","contentUrl":"https:\/\/www.webdo.tn\/fr\/wp-content\/uploads\/2025\/06\/Webdo-Tunisie_168377.jpg","width":301,"height":301,"caption":"Webdo"},"image":{"@id":"https:\/\/www.webdo.tn\/fr\/#\/schema\/logo\/image\/"},"sameAs":["https:\/\/www.facebook.com\/webdotn","https:\/\/x.com\/webdo_tn"],"description":"Webdo est un m\u00e9dia num\u00e9rique tunisien fond\u00e9 en 2010, sp\u00e9cialis\u00e9 dans l\u2019actualit\u00e9 nationale et internationale, l\u2019\u00e9conomie, la soci\u00e9t\u00e9 et les analyses politiques. Le site s\u2019adresse \u00e0 un large public francophone et couvre l\u2019information tunisienne en temps r\u00e9el.","email":"redac@webdo.tn","legalName":"YNJ SARL","foundingDate":"2010-09-06","numberOfEmployees":{"@type":"QuantitativeValue","minValue":"11","maxValue":"50"}},{"@type":"Person","@id":"https:\/\/www.webdo.tn\/fr\/#\/schema\/person\/2c4929cbf5a809e3bd38617c6ce150f6","name":"MC","image":{"@type":"ImageObject","inLanguage":"fr-FR","@id":"https:\/\/secure.gravatar.com\/avatar\/a545bbb6f84efdd5553dbbc2895e3ca8f1d12c5215e00a041c9670b54aa9b18a?s=96&d=mm&r=g","url":"https:\/\/secure.gravatar.com\/avatar\/a545bbb6f84efdd5553dbbc2895e3ca8f1d12c5215e00a041c9670b54aa9b18a?s=96&d=mm&r=g","contentUrl":"https:\/\/secure.gravatar.com\/avatar\/a545bbb6f84efdd5553dbbc2895e3ca8f1d12c5215e00a041c9670b54aa9b18a?s=96&d=mm&r=g","caption":"MC"},"url":"https:\/\/www.webdo.tn\/fr\/actualite\/author\/mc\/"}]}},"_links":{"self":[{"href":"https:\/\/www.webdo.tn\/fr\/wp-json\/wp\/v2\/posts\/217758","targetHints":{"allow":["GET"]}}],"collection":[{"href":"https:\/\/www.webdo.tn\/fr\/wp-json\/wp\/v2\/posts"}],"about":[{"href":"https:\/\/www.webdo.tn\/fr\/wp-json\/wp\/v2\/types\/post"}],"author":[{"embeddable":true,"href":"https:\/\/www.webdo.tn\/fr\/wp-json\/wp\/v2\/users\/3162"}],"replies":[{"embeddable":true,"href":"https:\/\/www.webdo.tn\/fr\/wp-json\/wp\/v2\/comments?post=217758"}],"version-history":[{"count":0,"href":"https:\/\/www.webdo.tn\/fr\/wp-json\/wp\/v2\/posts\/217758\/revisions"}],"wp:featuredmedia":[{"embeddable":true,"href":"https:\/\/www.webdo.tn\/fr\/wp-json\/wp\/v2\/media\/243912"}],"wp:attachment":[{"href":"https:\/\/www.webdo.tn\/fr\/wp-json\/wp\/v2\/media?parent=217758"}],"wp:term":[{"taxonomy":"category","embeddable":true,"href":"https:\/\/www.webdo.tn\/fr\/wp-json\/wp\/v2\/categories?post=217758"},{"taxonomy":"post_tag","embeddable":true,"href":"https:\/\/www.webdo.tn\/fr\/wp-json\/wp\/v2\/tags?post=217758"}],"curies":[{"name":"wp","href":"https:\/\/api.w.org\/{rel}","templated":true}]}}