{"id":217746,"date":"2024-11-21T09:42:00","date_gmt":"2024-11-21T09:42:00","guid":{"rendered":"https:\/\/www.webdo.tn\/fr\/blog\/tunisie-l-homme-d-affaires-youssef-mimouni-et-une-banque-publique-vises-par-une-enquete\/217746\/"},"modified":"2025-05-20T22:15:10","modified_gmt":"2025-05-20T22:15:10","slug":"tunisie-l-homme-d-affaires-youssef-mimouni-et-une-banque-publique-vises-par-une-enquete","status":"publish","type":"post","link":"https:\/\/www.webdo.tn\/fr\/actualite\/national\/tunisie-l-homme-d-affaires-youssef-mimouni-et-une-banque-publique-vises-par-une-enquete\/217746\/","title":{"rendered":"Tunisie : L\u2019homme d\u2019affaires Youssef Mimouni et une banque publique vis\u00e9s par une enqu\u00eate"},"content":{"rendered":"<p>Le minist\u00e8re public aupr\u00e8s du p\u00f4le judiciaire \u00e9conomique et financier a ordonn\u00e9 l\u2019ouverture d\u2019une enqu\u00eate judiciaire dans l\u2019affaire Youssef Mimouni. Cette enqu\u00eate vise principalement l\u2019homme d\u2019affaires et des anciens cadres de la Banque nationale agricole (BNA). Elle concerne onze accus\u00e9s.<\/p>\n<p>\t\t\t\t\t\t\t\t\tCette enqu\u00eate est li\u00e9e \u00e0 des soup\u00e7ons de corruption financi\u00e8re et administrative. Youssef Mimouni d\u00e9j\u00e0 sous le coup d\u2019un mandat de d\u00e9p\u00f4t pour blanchiment d&rsquo;argent en bande organis\u00e9e, abus de fonction, corruption active et passive, ainsi que falsification et usage de faux documents dans l\u2019affaire qui secoue la BH Bank, est notamment accus\u00e9 de blanchiment d\u2019argent en bande organis\u00e9e.<\/p>\n<p>Outre Youssef Mimouni, son fils Ghazi, l\u2019ancien PDG de la BNA, Moncef Dakhli, un avocat et plusieurs magistrats, sont \u00e9galement impliqu\u00e9s dans cette affaire. Les onze accus\u00e9s sont soup\u00e7onn\u00e9s d\u2019abus de fonction par des agents publics ou assimil\u00e9s dans le but d\u2019obtenir des avantages indus, causant un pr\u00e9judice \u00e0 l\u2019administration, l\u2019acceptation de pots-de-vin et de promesses en vue de r\u00e9aliser des gains illicites, la falsification, la d\u00e9tention et l\u2019utilisation de documents falsifi\u00e9s.<\/p>\n<p>Rappelons que le 2 novembre dernier, le juge d\u2019instruction du tribunal de premi\u00e8re instance de Tunis avait ordonn\u00e9 l&rsquo;incarc\u00e9ration de l&rsquo;homme d&rsquo;affaires Youssef Mimouni, soup\u00e7onn\u00e9 d&rsquo;avoir tir\u00e9 parti des avantages li\u00e9s \u00e0 son activit\u00e9 professionnelle et sociale dans le cadre de l\u2019affaire de la BH Bank.<\/p>\n<p>Des mandats de d\u00e9p\u00f4t avaient \u00e9galement \u00e9t\u00e9 \u00e9mis contre un de ses proches, ainsi que des cadres d\u2019une banque publique, dont un ancien directeur g\u00e9n\u00e9ral, pour des soup\u00e7ons d\u2019octroi de pr\u00eats bancaires en contournant les r\u00e9glementations en vigueur. Au total 55 pr\u00e9venus dont 34 personnes physiques, sont vis\u00e9s par une enqu\u00eate pour des soup\u00e7ons d\u2019octroi ill\u00e9gal de pr\u00eats bancaires en violation des r\u00e8glements en vigueur.<\/p>\n<p>L&rsquo;enqu\u00eate, men\u00e9e par la brigade centrale de la Garde nationale d&rsquo;El Aouina, a r\u00e9v\u00e9l\u00e9 un syst\u00e8me \u00e9labor\u00e9 de d\u00e9tournement de fonds publics. Les investigations ont mis en lumi\u00e8re des connexions troublantes entre l&rsquo;homme d&rsquo;affaires et divers acteurs du syst\u00e8me judiciaire et administratif, notamment des avocats, des experts judiciaires, des agents de s\u00e9curit\u00e9, des fonctionnaires des douanes et m\u00eame des magistrats.<\/p>\n<p>Lundi dernier, le juge d&rsquo;instruction du p\u00f4le judiciaire \u00e9conomique et financier avait d\u00e9cid\u00e9 d\u2019interdire de voyage \u00e0 plus de trente personnes impliqu\u00e9es dans les enqu\u00eates li\u00e9es Youssef Mimouni.<\/p>\n<p>En outre, il a ordonn\u00e9 le gel des avoirs, des comptes bancaires, ainsi que des transferts de propri\u00e9t\u00e9 des biens immobiliers appartenant \u00e0 certaines des personnes concern\u00e9es, dans le cadre de mesures conservatoires, en attendant la finalisation des investigations relatives \u00e0 l\u2019affaire.<\/p>\n","protected":false},"excerpt":{"rendered":"<p>Le minist\u00e8re public aupr\u00e8s du p\u00f4le judiciaire \u00e9conomique et financier a ordonn\u00e9 l\u2019ouverture d\u2019une enqu\u00eate judiciaire dans l\u2019affaire Youssef Mimouni. Cette enqu\u00ea&#8230;<\/p>\n","protected":false},"author":3162,"featured_media":291377,"comment_status":"open","ping_status":"closed","sticky":false,"template":"","format":"standard","meta":{"footnotes":""},"categories":[44],"tags":[5313,6967,3202,2619,2608,2684],"class_list":["post-217746","post","type-post","status-publish","format-standard","has-post-thumbnail","hentry","category-national","tag-banque-publique","tag-bna","tag-enquete","tag-justice","tag-tunisie","tag-youssef-mimouni"],"yoast_head":"<!-- This site is optimized with the Yoast SEO Premium plugin v27.4 (Yoast SEO v27.4) - https:\/\/yoast.com\/product\/yoast-seo-premium-wordpress\/ -->\n<title>Tunisie : L\u2019homme d\u2019affaires Youssef Mimouni et une banque publique vis\u00e9s par une enqu\u00eate<\/title>\n<meta name=\"description\" content=\"Le minist\u00e8re public aupr\u00e8s du p\u00f4le judiciaire \u00e9conomique et financier a ordonn\u00e9 l\u2019ouverture d\u2019une enqu\u00eate judiciaire dans l\u2019affaire Youssef Mimouni. Cette enqu\u00ea...\" \/>\n<link rel=\"canonical\" href=\"https:\/\/www.webdo.tn\/fr\/actualite\/national\/tunisie-l-homme-d-affaires-youssef-mimouni-et-une-banque-publique-vises-par-une-enquete\/217746\/\" \/>\n<meta property=\"og:locale\" content=\"fr_FR\" \/>\n<meta property=\"og:type\" content=\"article\" \/>\n<meta property=\"og:title\" content=\"Tunisie : L\u2019homme d\u2019affaires Youssef Mimouni et une banque publique vis\u00e9s par une enqu\u00eate\" \/>\n<meta property=\"og:description\" content=\"Le minist\u00e8re public aupr\u00e8s du p\u00f4le judiciaire \u00e9conomique et financier a ordonn\u00e9 l\u2019ouverture d\u2019une enqu\u00eate judiciaire dans l\u2019affaire Youssef Mimouni. Cette enqu\u00ea...\" \/>\n<meta property=\"og:url\" content=\"https:\/\/www.webdo.tn\/fr\/actualite\/national\/tunisie-l-homme-d-affaires-youssef-mimouni-et-une-banque-publique-vises-par-une-enquete\/217746\/\" \/>\n<meta property=\"og:site_name\" content=\"webdo\" \/>\n<meta property=\"article:publisher\" content=\"https:\/\/www.facebook.com\/webdotn\" \/>\n<meta property=\"article:published_time\" content=\"2024-11-21T09:42:00+00:00\" \/>\n<meta property=\"article:modified_time\" content=\"2025-05-20T22:15:10+00:00\" \/>\n<meta property=\"og:image\" content=\"https:\/\/www.webdo.tn\/fr\/wp-content\/uploads\/2024\/11\/39a7b1663361f9e4d31aad4cf66f6f52.webp\" \/>\n\t<meta property=\"og:image:width\" content=\"750\" \/>\n\t<meta property=\"og:image:height\" content=\"400\" \/>\n\t<meta property=\"og:image:type\" content=\"image\/webp\" \/>\n<meta name=\"author\" content=\"MC\" \/>\n<meta name=\"twitter:card\" content=\"summary_large_image\" \/>\n<meta name=\"twitter:creator\" content=\"@webdo_tn\" \/>\n<meta name=\"twitter:site\" content=\"@webdo_tn\" \/>\n<meta name=\"twitter:label1\" content=\"\u00c9crit par\" \/>\n\t<meta name=\"twitter:data1\" content=\"MC\" \/>\n\t<meta name=\"twitter:label2\" content=\"Dur\u00e9e de lecture estim\u00e9e\" \/>\n\t<meta name=\"twitter:data2\" content=\"2 minutes\" \/>\n<script type=\"application\/ld+json\" class=\"yoast-schema-graph\">{\"@context\":\"https:\\\/\\\/schema.org\",\"@graph\":[{\"@type\":\"NewsArticle\",\"@id\":\"https:\\\/\\\/www.webdo.tn\\\/fr\\\/actualite\\\/national\\\/tunisie-l-homme-d-affaires-youssef-mimouni-et-une-banque-publique-vises-par-une-enquete\\\/217746\\\/#article\",\"isPartOf\":{\"@id\":\"https:\\\/\\\/www.webdo.tn\\\/fr\\\/actualite\\\/national\\\/tunisie-l-homme-d-affaires-youssef-mimouni-et-une-banque-publique-vises-par-une-enquete\\\/217746\\\/\"},\"author\":{\"name\":\"MC\",\"@id\":\"https:\\\/\\\/www.webdo.tn\\\/fr\\\/#\\\/schema\\\/person\\\/2c4929cbf5a809e3bd38617c6ce150f6\"},\"headline\":\"Tunisie : L\u2019homme d\u2019affaires Youssef Mimouni et une banque publique vis\u00e9s par une enqu\u00eate\",\"datePublished\":\"2024-11-21T09:42:00+00:00\",\"dateModified\":\"2025-05-20T22:15:10+00:00\",\"mainEntityOfPage\":{\"@id\":\"https:\\\/\\\/www.webdo.tn\\\/fr\\\/actualite\\\/national\\\/tunisie-l-homme-d-affaires-youssef-mimouni-et-une-banque-publique-vises-par-une-enquete\\\/217746\\\/\"},\"wordCount\":510,\"commentCount\":0,\"publisher\":{\"@id\":\"https:\\\/\\\/www.webdo.tn\\\/fr\\\/#organization\"},\"image\":{\"@id\":\"https:\\\/\\\/www.webdo.tn\\\/fr\\\/actualite\\\/national\\\/tunisie-l-homme-d-affaires-youssef-mimouni-et-une-banque-publique-vises-par-une-enquete\\\/217746\\\/#primaryimage\"},\"thumbnailUrl\":\"https:\\\/\\\/www.webdo.tn\\\/fr\\\/wp-content\\\/uploads\\\/2024\\\/11\\\/39a7b1663361f9e4d31aad4cf66f6f52-e1756723233563.webp\",\"keywords\":[\"banque publique\",\"bna\",\"Enqu\u00eate\",\"justice\",\"Tunisie\",\"youssef mimouni\"],\"articleSection\":[\"National\"],\"inLanguage\":\"fr-FR\"},{\"@type\":\"WebPage\",\"@id\":\"https:\\\/\\\/www.webdo.tn\\\/fr\\\/actualite\\\/national\\\/tunisie-l-homme-d-affaires-youssef-mimouni-et-une-banque-publique-vises-par-une-enquete\\\/217746\\\/\",\"url\":\"https:\\\/\\\/www.webdo.tn\\\/fr\\\/actualite\\\/national\\\/tunisie-l-homme-d-affaires-youssef-mimouni-et-une-banque-publique-vises-par-une-enquete\\\/217746\\\/\",\"name\":\"Tunisie : L\u2019homme d\u2019affaires Youssef Mimouni et une banque publique vis\u00e9s par une enqu\u00eate\",\"isPartOf\":{\"@id\":\"https:\\\/\\\/www.webdo.tn\\\/fr\\\/#website\"},\"primaryImageOfPage\":{\"@id\":\"https:\\\/\\\/www.webdo.tn\\\/fr\\\/actualite\\\/national\\\/tunisie-l-homme-d-affaires-youssef-mimouni-et-une-banque-publique-vises-par-une-enquete\\\/217746\\\/#primaryimage\"},\"image\":{\"@id\":\"https:\\\/\\\/www.webdo.tn\\\/fr\\\/actualite\\\/national\\\/tunisie-l-homme-d-affaires-youssef-mimouni-et-une-banque-publique-vises-par-une-enquete\\\/217746\\\/#primaryimage\"},\"thumbnailUrl\":\"https:\\\/\\\/www.webdo.tn\\\/fr\\\/wp-content\\\/uploads\\\/2024\\\/11\\\/39a7b1663361f9e4d31aad4cf66f6f52-e1756723233563.webp\",\"datePublished\":\"2024-11-21T09:42:00+00:00\",\"dateModified\":\"2025-05-20T22:15:10+00:00\",\"description\":\"Le minist\u00e8re public aupr\u00e8s du p\u00f4le judiciaire \u00e9conomique et financier a ordonn\u00e9 l\u2019ouverture d\u2019une enqu\u00eate judiciaire dans l\u2019affaire Youssef Mimouni. Cette enqu\u00ea...\",\"breadcrumb\":{\"@id\":\"https:\\\/\\\/www.webdo.tn\\\/fr\\\/actualite\\\/national\\\/tunisie-l-homme-d-affaires-youssef-mimouni-et-une-banque-publique-vises-par-une-enquete\\\/217746\\\/#breadcrumb\"},\"inLanguage\":\"fr-FR\",\"potentialAction\":[{\"@type\":\"ReadAction\",\"target\":[\"https:\\\/\\\/www.webdo.tn\\\/fr\\\/actualite\\\/national\\\/tunisie-l-homme-d-affaires-youssef-mimouni-et-une-banque-publique-vises-par-une-enquete\\\/217746\\\/\"]}]},{\"@type\":\"ImageObject\",\"inLanguage\":\"fr-FR\",\"@id\":\"https:\\\/\\\/www.webdo.tn\\\/fr\\\/actualite\\\/national\\\/tunisie-l-homme-d-affaires-youssef-mimouni-et-une-banque-publique-vises-par-une-enquete\\\/217746\\\/#primaryimage\",\"url\":\"https:\\\/\\\/www.webdo.tn\\\/fr\\\/wp-content\\\/uploads\\\/2024\\\/11\\\/39a7b1663361f9e4d31aad4cf66f6f52-e1756723233563.webp\",\"contentUrl\":\"https:\\\/\\\/www.webdo.tn\\\/fr\\\/wp-content\\\/uploads\\\/2024\\\/11\\\/39a7b1663361f9e4d31aad4cf66f6f52-e1756723233563.webp\",\"width\":563,\"height\":300,\"caption\":\"Tunisie\u00a0: Youssef Mimouni et cinq autres accus\u00e9s restent en prison\"},{\"@type\":\"BreadcrumbList\",\"@id\":\"https:\\\/\\\/www.webdo.tn\\\/fr\\\/actualite\\\/national\\\/tunisie-l-homme-d-affaires-youssef-mimouni-et-une-banque-publique-vises-par-une-enquete\\\/217746\\\/#breadcrumb\",\"itemListElement\":[{\"@type\":\"ListItem\",\"position\":1,\"name\":\"Accueil\",\"item\":\"https:\\\/\\\/www.webdo.tn\\\/fr\\\/\"},{\"@type\":\"ListItem\",\"position\":2,\"name\":\"Tunisie : L\u2019homme d\u2019affaires Youssef Mimouni et une banque publique vis\u00e9s par une enqu\u00eate\"}]},{\"@type\":\"WebSite\",\"@id\":\"https:\\\/\\\/www.webdo.tn\\\/fr\\\/#website\",\"url\":\"https:\\\/\\\/www.webdo.tn\\\/fr\\\/\",\"name\":\"webdo\",\"description\":\"Tunisie - News en Tunisie et \u00e0 l&#039;international sur Webdo.tn\",\"publisher\":{\"@id\":\"https:\\\/\\\/www.webdo.tn\\\/fr\\\/#organization\"},\"potentialAction\":[{\"@type\":\"SearchAction\",\"target\":{\"@type\":\"EntryPoint\",\"urlTemplate\":\"https:\\\/\\\/www.webdo.tn\\\/fr\\\/?s={search_term_string}\"},\"query-input\":{\"@type\":\"PropertyValueSpecification\",\"valueRequired\":true,\"valueName\":\"search_term_string\"}}],\"inLanguage\":\"fr-FR\"},{\"@type\":\"Organization\",\"@id\":\"https:\\\/\\\/www.webdo.tn\\\/fr\\\/#organization\",\"name\":\"Webdo\",\"alternateName\":\"Webdo.tn\",\"url\":\"https:\\\/\\\/www.webdo.tn\\\/fr\\\/\",\"logo\":{\"@type\":\"ImageObject\",\"inLanguage\":\"fr-FR\",\"@id\":\"https:\\\/\\\/www.webdo.tn\\\/fr\\\/#\\\/schema\\\/logo\\\/image\\\/\",\"url\":\"https:\\\/\\\/www.webdo.tn\\\/fr\\\/wp-content\\\/uploads\\\/2025\\\/06\\\/Webdo-Tunisie_168377.jpg\",\"contentUrl\":\"https:\\\/\\\/www.webdo.tn\\\/fr\\\/wp-content\\\/uploads\\\/2025\\\/06\\\/Webdo-Tunisie_168377.jpg\",\"width\":301,\"height\":301,\"caption\":\"Webdo\"},\"image\":{\"@id\":\"https:\\\/\\\/www.webdo.tn\\\/fr\\\/#\\\/schema\\\/logo\\\/image\\\/\"},\"sameAs\":[\"https:\\\/\\\/www.facebook.com\\\/webdotn\",\"https:\\\/\\\/x.com\\\/webdo_tn\"],\"description\":\"Webdo est un m\u00e9dia num\u00e9rique tunisien fond\u00e9 en 2010, sp\u00e9cialis\u00e9 dans l\u2019actualit\u00e9 nationale et internationale, l\u2019\u00e9conomie, la soci\u00e9t\u00e9 et les analyses politiques. Le site s\u2019adresse \u00e0 un large public francophone et couvre l\u2019information tunisienne en temps r\u00e9el.\",\"email\":\"redac@webdo.tn\",\"legalName\":\"YNJ SARL\",\"foundingDate\":\"2010-09-06\",\"numberOfEmployees\":{\"@type\":\"QuantitativeValue\",\"minValue\":\"11\",\"maxValue\":\"50\"}},{\"@type\":\"Person\",\"@id\":\"https:\\\/\\\/www.webdo.tn\\\/fr\\\/#\\\/schema\\\/person\\\/2c4929cbf5a809e3bd38617c6ce150f6\",\"name\":\"MC\",\"image\":{\"@type\":\"ImageObject\",\"inLanguage\":\"fr-FR\",\"@id\":\"https:\\\/\\\/secure.gravatar.com\\\/avatar\\\/a545bbb6f84efdd5553dbbc2895e3ca8f1d12c5215e00a041c9670b54aa9b18a?s=96&d=mm&r=g\",\"url\":\"https:\\\/\\\/secure.gravatar.com\\\/avatar\\\/a545bbb6f84efdd5553dbbc2895e3ca8f1d12c5215e00a041c9670b54aa9b18a?s=96&d=mm&r=g\",\"contentUrl\":\"https:\\\/\\\/secure.gravatar.com\\\/avatar\\\/a545bbb6f84efdd5553dbbc2895e3ca8f1d12c5215e00a041c9670b54aa9b18a?s=96&d=mm&r=g\",\"caption\":\"MC\"},\"url\":\"https:\\\/\\\/www.webdo.tn\\\/fr\\\/actualite\\\/author\\\/mc\\\/\"}]}<\/script>\n<!-- \/ Yoast SEO Premium plugin. -->","yoast_head_json":{"title":"Tunisie : L\u2019homme d\u2019affaires Youssef Mimouni et une banque publique vis\u00e9s par une enqu\u00eate","description":"Le minist\u00e8re public aupr\u00e8s du p\u00f4le judiciaire \u00e9conomique et financier a ordonn\u00e9 l\u2019ouverture d\u2019une enqu\u00eate judiciaire dans l\u2019affaire Youssef Mimouni. Cette enqu\u00ea...","canonical":"https:\/\/www.webdo.tn\/fr\/actualite\/national\/tunisie-l-homme-d-affaires-youssef-mimouni-et-une-banque-publique-vises-par-une-enquete\/217746\/","og_locale":"fr_FR","og_type":"article","og_title":"Tunisie : L\u2019homme d\u2019affaires Youssef Mimouni et une banque publique vis\u00e9s par une enqu\u00eate","og_description":"Le minist\u00e8re public aupr\u00e8s du p\u00f4le judiciaire \u00e9conomique et financier a ordonn\u00e9 l\u2019ouverture d\u2019une enqu\u00eate judiciaire dans l\u2019affaire Youssef Mimouni. Cette enqu\u00ea...","og_url":"https:\/\/www.webdo.tn\/fr\/actualite\/national\/tunisie-l-homme-d-affaires-youssef-mimouni-et-une-banque-publique-vises-par-une-enquete\/217746\/","og_site_name":"webdo","article_publisher":"https:\/\/www.facebook.com\/webdotn","article_published_time":"2024-11-21T09:42:00+00:00","article_modified_time":"2025-05-20T22:15:10+00:00","og_image":[{"width":750,"height":400,"url":"https:\/\/www.webdo.tn\/fr\/wp-content\/uploads\/2024\/11\/39a7b1663361f9e4d31aad4cf66f6f52.webp","type":"image\/webp"}],"author":"MC","twitter_card":"summary_large_image","twitter_creator":"@webdo_tn","twitter_site":"@webdo_tn","twitter_misc":{"\u00c9crit par":"MC","Dur\u00e9e de lecture estim\u00e9e":"2 minutes"},"schema":{"@context":"https:\/\/schema.org","@graph":[{"@type":"NewsArticle","@id":"https:\/\/www.webdo.tn\/fr\/actualite\/national\/tunisie-l-homme-d-affaires-youssef-mimouni-et-une-banque-publique-vises-par-une-enquete\/217746\/#article","isPartOf":{"@id":"https:\/\/www.webdo.tn\/fr\/actualite\/national\/tunisie-l-homme-d-affaires-youssef-mimouni-et-une-banque-publique-vises-par-une-enquete\/217746\/"},"author":{"name":"MC","@id":"https:\/\/www.webdo.tn\/fr\/#\/schema\/person\/2c4929cbf5a809e3bd38617c6ce150f6"},"headline":"Tunisie : L\u2019homme d\u2019affaires Youssef Mimouni et une banque publique vis\u00e9s par une enqu\u00eate","datePublished":"2024-11-21T09:42:00+00:00","dateModified":"2025-05-20T22:15:10+00:00","mainEntityOfPage":{"@id":"https:\/\/www.webdo.tn\/fr\/actualite\/national\/tunisie-l-homme-d-affaires-youssef-mimouni-et-une-banque-publique-vises-par-une-enquete\/217746\/"},"wordCount":510,"commentCount":0,"publisher":{"@id":"https:\/\/www.webdo.tn\/fr\/#organization"},"image":{"@id":"https:\/\/www.webdo.tn\/fr\/actualite\/national\/tunisie-l-homme-d-affaires-youssef-mimouni-et-une-banque-publique-vises-par-une-enquete\/217746\/#primaryimage"},"thumbnailUrl":"https:\/\/www.webdo.tn\/fr\/wp-content\/uploads\/2024\/11\/39a7b1663361f9e4d31aad4cf66f6f52-e1756723233563.webp","keywords":["banque publique","bna","Enqu\u00eate","justice","Tunisie","youssef mimouni"],"articleSection":["National"],"inLanguage":"fr-FR"},{"@type":"WebPage","@id":"https:\/\/www.webdo.tn\/fr\/actualite\/national\/tunisie-l-homme-d-affaires-youssef-mimouni-et-une-banque-publique-vises-par-une-enquete\/217746\/","url":"https:\/\/www.webdo.tn\/fr\/actualite\/national\/tunisie-l-homme-d-affaires-youssef-mimouni-et-une-banque-publique-vises-par-une-enquete\/217746\/","name":"Tunisie : L\u2019homme d\u2019affaires Youssef Mimouni et une banque publique vis\u00e9s par une enqu\u00eate","isPartOf":{"@id":"https:\/\/www.webdo.tn\/fr\/#website"},"primaryImageOfPage":{"@id":"https:\/\/www.webdo.tn\/fr\/actualite\/national\/tunisie-l-homme-d-affaires-youssef-mimouni-et-une-banque-publique-vises-par-une-enquete\/217746\/#primaryimage"},"image":{"@id":"https:\/\/www.webdo.tn\/fr\/actualite\/national\/tunisie-l-homme-d-affaires-youssef-mimouni-et-une-banque-publique-vises-par-une-enquete\/217746\/#primaryimage"},"thumbnailUrl":"https:\/\/www.webdo.tn\/fr\/wp-content\/uploads\/2024\/11\/39a7b1663361f9e4d31aad4cf66f6f52-e1756723233563.webp","datePublished":"2024-11-21T09:42:00+00:00","dateModified":"2025-05-20T22:15:10+00:00","description":"Le minist\u00e8re public aupr\u00e8s du p\u00f4le judiciaire \u00e9conomique et financier a ordonn\u00e9 l\u2019ouverture d\u2019une enqu\u00eate judiciaire dans l\u2019affaire Youssef Mimouni. Cette enqu\u00ea...","breadcrumb":{"@id":"https:\/\/www.webdo.tn\/fr\/actualite\/national\/tunisie-l-homme-d-affaires-youssef-mimouni-et-une-banque-publique-vises-par-une-enquete\/217746\/#breadcrumb"},"inLanguage":"fr-FR","potentialAction":[{"@type":"ReadAction","target":["https:\/\/www.webdo.tn\/fr\/actualite\/national\/tunisie-l-homme-d-affaires-youssef-mimouni-et-une-banque-publique-vises-par-une-enquete\/217746\/"]}]},{"@type":"ImageObject","inLanguage":"fr-FR","@id":"https:\/\/www.webdo.tn\/fr\/actualite\/national\/tunisie-l-homme-d-affaires-youssef-mimouni-et-une-banque-publique-vises-par-une-enquete\/217746\/#primaryimage","url":"https:\/\/www.webdo.tn\/fr\/wp-content\/uploads\/2024\/11\/39a7b1663361f9e4d31aad4cf66f6f52-e1756723233563.webp","contentUrl":"https:\/\/www.webdo.tn\/fr\/wp-content\/uploads\/2024\/11\/39a7b1663361f9e4d31aad4cf66f6f52-e1756723233563.webp","width":563,"height":300,"caption":"Tunisie\u00a0: Youssef Mimouni et cinq autres accus\u00e9s restent en prison"},{"@type":"BreadcrumbList","@id":"https:\/\/www.webdo.tn\/fr\/actualite\/national\/tunisie-l-homme-d-affaires-youssef-mimouni-et-une-banque-publique-vises-par-une-enquete\/217746\/#breadcrumb","itemListElement":[{"@type":"ListItem","position":1,"name":"Accueil","item":"https:\/\/www.webdo.tn\/fr\/"},{"@type":"ListItem","position":2,"name":"Tunisie : L\u2019homme d\u2019affaires Youssef Mimouni et une banque publique vis\u00e9s par une enqu\u00eate"}]},{"@type":"WebSite","@id":"https:\/\/www.webdo.tn\/fr\/#website","url":"https:\/\/www.webdo.tn\/fr\/","name":"webdo","description":"Tunisie - News en Tunisie et \u00e0 l&#039;international sur Webdo.tn","publisher":{"@id":"https:\/\/www.webdo.tn\/fr\/#organization"},"potentialAction":[{"@type":"SearchAction","target":{"@type":"EntryPoint","urlTemplate":"https:\/\/www.webdo.tn\/fr\/?s={search_term_string}"},"query-input":{"@type":"PropertyValueSpecification","valueRequired":true,"valueName":"search_term_string"}}],"inLanguage":"fr-FR"},{"@type":"Organization","@id":"https:\/\/www.webdo.tn\/fr\/#organization","name":"Webdo","alternateName":"Webdo.tn","url":"https:\/\/www.webdo.tn\/fr\/","logo":{"@type":"ImageObject","inLanguage":"fr-FR","@id":"https:\/\/www.webdo.tn\/fr\/#\/schema\/logo\/image\/","url":"https:\/\/www.webdo.tn\/fr\/wp-content\/uploads\/2025\/06\/Webdo-Tunisie_168377.jpg","contentUrl":"https:\/\/www.webdo.tn\/fr\/wp-content\/uploads\/2025\/06\/Webdo-Tunisie_168377.jpg","width":301,"height":301,"caption":"Webdo"},"image":{"@id":"https:\/\/www.webdo.tn\/fr\/#\/schema\/logo\/image\/"},"sameAs":["https:\/\/www.facebook.com\/webdotn","https:\/\/x.com\/webdo_tn"],"description":"Webdo est un m\u00e9dia num\u00e9rique tunisien fond\u00e9 en 2010, sp\u00e9cialis\u00e9 dans l\u2019actualit\u00e9 nationale et internationale, l\u2019\u00e9conomie, la soci\u00e9t\u00e9 et les analyses politiques. Le site s\u2019adresse \u00e0 un large public francophone et couvre l\u2019information tunisienne en temps r\u00e9el.","email":"redac@webdo.tn","legalName":"YNJ SARL","foundingDate":"2010-09-06","numberOfEmployees":{"@type":"QuantitativeValue","minValue":"11","maxValue":"50"}},{"@type":"Person","@id":"https:\/\/www.webdo.tn\/fr\/#\/schema\/person\/2c4929cbf5a809e3bd38617c6ce150f6","name":"MC","image":{"@type":"ImageObject","inLanguage":"fr-FR","@id":"https:\/\/secure.gravatar.com\/avatar\/a545bbb6f84efdd5553dbbc2895e3ca8f1d12c5215e00a041c9670b54aa9b18a?s=96&d=mm&r=g","url":"https:\/\/secure.gravatar.com\/avatar\/a545bbb6f84efdd5553dbbc2895e3ca8f1d12c5215e00a041c9670b54aa9b18a?s=96&d=mm&r=g","contentUrl":"https:\/\/secure.gravatar.com\/avatar\/a545bbb6f84efdd5553dbbc2895e3ca8f1d12c5215e00a041c9670b54aa9b18a?s=96&d=mm&r=g","caption":"MC"},"url":"https:\/\/www.webdo.tn\/fr\/actualite\/author\/mc\/"}]}},"_links":{"self":[{"href":"https:\/\/www.webdo.tn\/fr\/wp-json\/wp\/v2\/posts\/217746","targetHints":{"allow":["GET"]}}],"collection":[{"href":"https:\/\/www.webdo.tn\/fr\/wp-json\/wp\/v2\/posts"}],"about":[{"href":"https:\/\/www.webdo.tn\/fr\/wp-json\/wp\/v2\/types\/post"}],"author":[{"embeddable":true,"href":"https:\/\/www.webdo.tn\/fr\/wp-json\/wp\/v2\/users\/3162"}],"replies":[{"embeddable":true,"href":"https:\/\/www.webdo.tn\/fr\/wp-json\/wp\/v2\/comments?post=217746"}],"version-history":[{"count":0,"href":"https:\/\/www.webdo.tn\/fr\/wp-json\/wp\/v2\/posts\/217746\/revisions"}],"wp:featuredmedia":[{"embeddable":true,"href":"https:\/\/www.webdo.tn\/fr\/wp-json\/wp\/v2\/media\/291377"}],"wp:attachment":[{"href":"https:\/\/www.webdo.tn\/fr\/wp-json\/wp\/v2\/media?parent=217746"}],"wp:term":[{"taxonomy":"category","embeddable":true,"href":"https:\/\/www.webdo.tn\/fr\/wp-json\/wp\/v2\/categories?post=217746"},{"taxonomy":"post_tag","embeddable":true,"href":"https:\/\/www.webdo.tn\/fr\/wp-json\/wp\/v2\/tags?post=217746"}],"curies":[{"name":"wp","href":"https:\/\/api.w.org\/{rel}","templated":true}]}}