{"id":217743,"date":"2024-11-21T08:46:00","date_gmt":"2024-11-21T08:46:00","guid":{"rendered":"https:\/\/www.webdo.tn\/fr\/blog\/tunisie-affaire-des-dechets-italiens-deux-anciens-ministres-juges-non-coupables\/217743\/"},"modified":"2025-05-20T22:15:09","modified_gmt":"2025-05-20T22:15:09","slug":"tunisie-affaire-des-dechets-italiens-deux-anciens-ministres-juges-non-coupables","status":"publish","type":"post","link":"https:\/\/www.webdo.tn\/fr\/actualite\/national\/tunisie-affaire-des-dechets-italiens-deux-anciens-ministres-juges-non-coupables\/217743\/","title":{"rendered":"Tunisie &#8211; Affaire des d\u00e9chets Italiens : Deux anciens ministres jug\u00e9s non coupables"},"content":{"rendered":"<p>La Chambre sp\u00e9cialis\u00e9e en affaires criminelles pr\u00e8s la Cour d&rsquo;appel de Tunis a livr\u00e9 son verdict concernant l\u2019affaire des d\u00e9chets italiens.<\/p>\n<p>\t\t\t\t\t\t\t\t\tDans cette affaire impliquant plus d\u2019une vingtaine d\u2019accus\u00e9s, deux anciens ministres des Affaires locales et de l\u2019environnement ont b\u00e9n\u00e9fici\u00e9 d\u2019un non-lieu. L\u2019ancien ministre, Mustapha Aroui, condamn\u00e9 en premi\u00e8re instance \u00e0 trois ans de prison ferme par la Chambre criminelle au Tribunal de premi\u00e8re instance de Tunis dans l\u2019affaire des d\u00e9chets italiens import\u00e9s ill\u00e9galement, vers la Tunisie a \u00e9t\u00e9 acquitt\u00e9.<\/p>\n<p>La Chambre sp\u00e9cialis\u00e9e en affaires criminelles pr\u00e8s la Cour d&rsquo;appel de Tunis a prononc\u00e9 un non-lieu en sa faveur et en faveur de l\u2019ancien ministre Chokri Belhassan. La justice a, par ailleurs, condamn\u00e9, le propri\u00e9taire de la soci\u00e9t\u00e9 importatrice \u00e0 20 ans de prison et un autre accus\u00e9 \u00e0 dix ans, alors que deux autres personnes, dont un avocat, ont \u00e9cop\u00e9 de trois ans de prison.<\/p>\n<p>Le scandale des d\u00e9chets import\u00e9s d\u2019Italie r\u00e9v\u00e9l\u00e9 dans une enqu\u00eate d\u2019investigation diffus\u00e9e par une cha\u00eene de t\u00e9l\u00e9vision tunisienne priv\u00e9e en novembre 2020, a d\u00e9clench\u00e9 une grande pol\u00e9mique et une mobilisation des associations charg\u00e9es de l&rsquo;environnement en Tunisie.<\/p>\n<p>Au total, 23 personnes \u00e9taient impliqu\u00e9es dans ce scandale, dont les deux anciens ministres de l\u2019Environnement. Le principal suspect dans cette affaire a quitt\u00e9 la Tunisie en novembre 2020 et un avis de recherche a \u00e9t\u00e9 \u00e9mis \u00e0 son encontre en date du 17 novembre 2020.<\/p>\n<p>Cette personne, identifi\u00e9e sous le nom de \u00ab Boulon \u00bb, probablement un nom d\u2019emprunt, est originaire de Sousse et r\u00e9side en Allemagne.<\/p>\n","protected":false},"excerpt":{"rendered":"<p>La Chambre sp\u00e9cialis\u00e9e en affaires criminelles pr\u00e8s la Cour d&rsquo;appel de Tunis a livr\u00e9 son verdict concernant l\u2019affaire des d\u00e9chets italiens. Dans cette affaire i&#8230;<\/p>\n","protected":false},"author":3162,"featured_media":291374,"comment_status":"open","ping_status":"closed","sticky":false,"template":"","format":"standard","meta":{"footnotes":""},"categories":[44],"tags":[10657,4131,8723,6259,2608],"class_list":["post-217743","post","type-post","status-publish","format-standard","has-post-thumbnail","hentry","category-national","tag-ministres-de-lenvironnement","tag-condamnations","tag-dechets-italiens","tag-non-lieu","tag-tunisie"],"yoast_head":"<!-- This site is optimized with the Yoast SEO Premium plugin v27.5 (Yoast SEO v27.5) - https:\/\/yoast.com\/product\/yoast-seo-premium-wordpress\/ -->\n<title>Tunisie - Affaire des d\u00e9chets Italiens : Deux anciens ministres jug\u00e9s non coupables<\/title>\n<meta name=\"description\" content=\"La Chambre sp\u00e9cialis\u00e9e en affaires criminelles pr\u00e8s la Cour d&#039;appel de Tunis a livr\u00e9 son verdict concernant l\u2019affaire des d\u00e9chets italiens. Dans cette affaire i...\" \/>\n<link rel=\"canonical\" href=\"https:\/\/www.webdo.tn\/fr\/actualite\/national\/tunisie-affaire-des-dechets-italiens-deux-anciens-ministres-juges-non-coupables\/217743\/\" \/>\n<meta property=\"og:locale\" content=\"fr_FR\" \/>\n<meta property=\"og:type\" content=\"article\" \/>\n<meta property=\"og:title\" content=\"Tunisie - Affaire des d\u00e9chets Italiens : Deux anciens ministres jug\u00e9s non coupables\" \/>\n<meta property=\"og:description\" content=\"La Chambre sp\u00e9cialis\u00e9e en affaires criminelles pr\u00e8s la Cour d&#039;appel de Tunis a livr\u00e9 son verdict concernant l\u2019affaire des d\u00e9chets italiens. Dans cette affaire i...\" \/>\n<meta property=\"og:url\" content=\"https:\/\/www.webdo.tn\/fr\/actualite\/national\/tunisie-affaire-des-dechets-italiens-deux-anciens-ministres-juges-non-coupables\/217743\/\" \/>\n<meta property=\"og:site_name\" content=\"webdo\" \/>\n<meta property=\"article:publisher\" content=\"https:\/\/www.facebook.com\/webdotn\" \/>\n<meta property=\"article:published_time\" content=\"2024-11-21T08:46:00+00:00\" \/>\n<meta property=\"article:modified_time\" content=\"2025-05-20T22:15:09+00:00\" \/>\n<meta property=\"og:image\" content=\"https:\/\/www.webdo.tn\/fr\/wp-content\/uploads\/2024\/11\/c99e1adb14caf5f689b2afa5a8d7bf59.webp\" \/>\n\t<meta property=\"og:image:width\" content=\"750\" \/>\n\t<meta property=\"og:image:height\" content=\"400\" \/>\n\t<meta property=\"og:image:type\" content=\"image\/webp\" \/>\n<meta name=\"author\" content=\"MC\" \/>\n<meta name=\"twitter:card\" content=\"summary_large_image\" \/>\n<meta name=\"twitter:creator\" content=\"@webdo_tn\" \/>\n<meta name=\"twitter:site\" content=\"@webdo_tn\" \/>\n<meta name=\"twitter:label1\" content=\"\u00c9crit par\" \/>\n\t<meta name=\"twitter:data1\" content=\"MC\" \/>\n\t<meta name=\"twitter:label2\" content=\"Dur\u00e9e de lecture estim\u00e9e\" \/>\n\t<meta name=\"twitter:data2\" content=\"1 minute\" \/>\n<script type=\"application\/ld+json\" class=\"yoast-schema-graph\">{\"@context\":\"https:\\\/\\\/schema.org\",\"@graph\":[{\"@type\":\"NewsArticle\",\"@id\":\"https:\\\/\\\/www.webdo.tn\\\/fr\\\/actualite\\\/national\\\/tunisie-affaire-des-dechets-italiens-deux-anciens-ministres-juges-non-coupables\\\/217743\\\/#article\",\"isPartOf\":{\"@id\":\"https:\\\/\\\/www.webdo.tn\\\/fr\\\/actualite\\\/national\\\/tunisie-affaire-des-dechets-italiens-deux-anciens-ministres-juges-non-coupables\\\/217743\\\/\"},\"author\":{\"name\":\"MC\",\"@id\":\"https:\\\/\\\/www.webdo.tn\\\/fr\\\/#\\\/schema\\\/person\\\/2c4929cbf5a809e3bd38617c6ce150f6\"},\"headline\":\"Tunisie &#8211; Affaire des d\u00e9chets Italiens : Deux anciens ministres jug\u00e9s non coupables\",\"datePublished\":\"2024-11-21T08:46:00+00:00\",\"dateModified\":\"2025-05-20T22:15:09+00:00\",\"mainEntityOfPage\":{\"@id\":\"https:\\\/\\\/www.webdo.tn\\\/fr\\\/actualite\\\/national\\\/tunisie-affaire-des-dechets-italiens-deux-anciens-ministres-juges-non-coupables\\\/217743\\\/\"},\"wordCount\":301,\"commentCount\":0,\"publisher\":{\"@id\":\"https:\\\/\\\/www.webdo.tn\\\/fr\\\/#organization\"},\"image\":{\"@id\":\"https:\\\/\\\/www.webdo.tn\\\/fr\\\/actualite\\\/national\\\/tunisie-affaire-des-dechets-italiens-deux-anciens-ministres-juges-non-coupables\\\/217743\\\/#primaryimage\"},\"thumbnailUrl\":\"https:\\\/\\\/www.webdo.tn\\\/fr\\\/wp-content\\\/uploads\\\/2024\\\/11\\\/c99e1adb14caf5f689b2afa5a8d7bf59.webp\",\"keywords\":[\"\\\"ministres de l'environnement\\\"]\",\"condamnations\",\"d\u00e9chets italiens\",\"Non-lieu\",\"Tunisie\"],\"articleSection\":[\"National\"],\"inLanguage\":\"fr-FR\"},{\"@type\":\"WebPage\",\"@id\":\"https:\\\/\\\/www.webdo.tn\\\/fr\\\/actualite\\\/national\\\/tunisie-affaire-des-dechets-italiens-deux-anciens-ministres-juges-non-coupables\\\/217743\\\/\",\"url\":\"https:\\\/\\\/www.webdo.tn\\\/fr\\\/actualite\\\/national\\\/tunisie-affaire-des-dechets-italiens-deux-anciens-ministres-juges-non-coupables\\\/217743\\\/\",\"name\":\"Tunisie - Affaire des d\u00e9chets Italiens : Deux anciens ministres jug\u00e9s non coupables\",\"isPartOf\":{\"@id\":\"https:\\\/\\\/www.webdo.tn\\\/fr\\\/#website\"},\"primaryImageOfPage\":{\"@id\":\"https:\\\/\\\/www.webdo.tn\\\/fr\\\/actualite\\\/national\\\/tunisie-affaire-des-dechets-italiens-deux-anciens-ministres-juges-non-coupables\\\/217743\\\/#primaryimage\"},\"image\":{\"@id\":\"https:\\\/\\\/www.webdo.tn\\\/fr\\\/actualite\\\/national\\\/tunisie-affaire-des-dechets-italiens-deux-anciens-ministres-juges-non-coupables\\\/217743\\\/#primaryimage\"},\"thumbnailUrl\":\"https:\\\/\\\/www.webdo.tn\\\/fr\\\/wp-content\\\/uploads\\\/2024\\\/11\\\/c99e1adb14caf5f689b2afa5a8d7bf59.webp\",\"datePublished\":\"2024-11-21T08:46:00+00:00\",\"dateModified\":\"2025-05-20T22:15:09+00:00\",\"description\":\"La Chambre sp\u00e9cialis\u00e9e en affaires criminelles pr\u00e8s la Cour d'appel de Tunis a livr\u00e9 son verdict concernant l\u2019affaire des d\u00e9chets italiens. Dans cette affaire i...\",\"breadcrumb\":{\"@id\":\"https:\\\/\\\/www.webdo.tn\\\/fr\\\/actualite\\\/national\\\/tunisie-affaire-des-dechets-italiens-deux-anciens-ministres-juges-non-coupables\\\/217743\\\/#breadcrumb\"},\"inLanguage\":\"fr-FR\",\"potentialAction\":[{\"@type\":\"ReadAction\",\"target\":[\"https:\\\/\\\/www.webdo.tn\\\/fr\\\/actualite\\\/national\\\/tunisie-affaire-des-dechets-italiens-deux-anciens-ministres-juges-non-coupables\\\/217743\\\/\"]}]},{\"@type\":\"ImageObject\",\"inLanguage\":\"fr-FR\",\"@id\":\"https:\\\/\\\/www.webdo.tn\\\/fr\\\/actualite\\\/national\\\/tunisie-affaire-des-dechets-italiens-deux-anciens-ministres-juges-non-coupables\\\/217743\\\/#primaryimage\",\"url\":\"https:\\\/\\\/www.webdo.tn\\\/fr\\\/wp-content\\\/uploads\\\/2024\\\/11\\\/c99e1adb14caf5f689b2afa5a8d7bf59.webp\",\"contentUrl\":\"https:\\\/\\\/www.webdo.tn\\\/fr\\\/wp-content\\\/uploads\\\/2024\\\/11\\\/c99e1adb14caf5f689b2afa5a8d7bf59.webp\",\"width\":750,\"height\":400,\"caption\":\"laboratoire de biom\u00e9thane\"},{\"@type\":\"BreadcrumbList\",\"@id\":\"https:\\\/\\\/www.webdo.tn\\\/fr\\\/actualite\\\/national\\\/tunisie-affaire-des-dechets-italiens-deux-anciens-ministres-juges-non-coupables\\\/217743\\\/#breadcrumb\",\"itemListElement\":[{\"@type\":\"ListItem\",\"position\":1,\"name\":\"Accueil\",\"item\":\"https:\\\/\\\/www.webdo.tn\\\/fr\\\/\"},{\"@type\":\"ListItem\",\"position\":2,\"name\":\"Tunisie &#8211; Affaire des d\u00e9chets Italiens : Deux anciens ministres jug\u00e9s non coupables\"}]},{\"@type\":\"WebSite\",\"@id\":\"https:\\\/\\\/www.webdo.tn\\\/fr\\\/#website\",\"url\":\"https:\\\/\\\/www.webdo.tn\\\/fr\\\/\",\"name\":\"webdo\",\"description\":\"Tunisie - News en Tunisie et \u00e0 l&#039;international sur Webdo.tn\",\"publisher\":{\"@id\":\"https:\\\/\\\/www.webdo.tn\\\/fr\\\/#organization\"},\"potentialAction\":[{\"@type\":\"SearchAction\",\"target\":{\"@type\":\"EntryPoint\",\"urlTemplate\":\"https:\\\/\\\/www.webdo.tn\\\/fr\\\/?s={search_term_string}\"},\"query-input\":{\"@type\":\"PropertyValueSpecification\",\"valueRequired\":true,\"valueName\":\"search_term_string\"}}],\"inLanguage\":\"fr-FR\"},{\"@type\":\"Organization\",\"@id\":\"https:\\\/\\\/www.webdo.tn\\\/fr\\\/#organization\",\"name\":\"Webdo\",\"alternateName\":\"Webdo.tn\",\"url\":\"https:\\\/\\\/www.webdo.tn\\\/fr\\\/\",\"logo\":{\"@type\":\"ImageObject\",\"inLanguage\":\"fr-FR\",\"@id\":\"https:\\\/\\\/www.webdo.tn\\\/fr\\\/#\\\/schema\\\/logo\\\/image\\\/\",\"url\":\"https:\\\/\\\/www.webdo.tn\\\/fr\\\/wp-content\\\/uploads\\\/2025\\\/06\\\/Webdo-Tunisie_168377.jpg\",\"contentUrl\":\"https:\\\/\\\/www.webdo.tn\\\/fr\\\/wp-content\\\/uploads\\\/2025\\\/06\\\/Webdo-Tunisie_168377.jpg\",\"width\":301,\"height\":301,\"caption\":\"Webdo\"},\"image\":{\"@id\":\"https:\\\/\\\/www.webdo.tn\\\/fr\\\/#\\\/schema\\\/logo\\\/image\\\/\"},\"sameAs\":[\"https:\\\/\\\/www.facebook.com\\\/webdotn\",\"https:\\\/\\\/x.com\\\/webdo_tn\"],\"description\":\"Webdo est un m\u00e9dia num\u00e9rique tunisien fond\u00e9 en 2010, sp\u00e9cialis\u00e9 dans l\u2019actualit\u00e9 nationale et internationale, l\u2019\u00e9conomie, la soci\u00e9t\u00e9 et les analyses politiques. Le site s\u2019adresse \u00e0 un large public francophone et couvre l\u2019information tunisienne en temps r\u00e9el.\",\"email\":\"redac@webdo.tn\",\"legalName\":\"YNJ SARL\",\"foundingDate\":\"2010-09-06\",\"numberOfEmployees\":{\"@type\":\"QuantitativeValue\",\"minValue\":\"11\",\"maxValue\":\"50\"}},{\"@type\":\"Person\",\"@id\":\"https:\\\/\\\/www.webdo.tn\\\/fr\\\/#\\\/schema\\\/person\\\/2c4929cbf5a809e3bd38617c6ce150f6\",\"name\":\"MC\",\"image\":{\"@type\":\"ImageObject\",\"inLanguage\":\"fr-FR\",\"@id\":\"https:\\\/\\\/secure.gravatar.com\\\/avatar\\\/a545bbb6f84efdd5553dbbc2895e3ca8f1d12c5215e00a041c9670b54aa9b18a?s=96&d=mm&r=g\",\"url\":\"https:\\\/\\\/secure.gravatar.com\\\/avatar\\\/a545bbb6f84efdd5553dbbc2895e3ca8f1d12c5215e00a041c9670b54aa9b18a?s=96&d=mm&r=g\",\"contentUrl\":\"https:\\\/\\\/secure.gravatar.com\\\/avatar\\\/a545bbb6f84efdd5553dbbc2895e3ca8f1d12c5215e00a041c9670b54aa9b18a?s=96&d=mm&r=g\",\"caption\":\"MC\"},\"url\":\"https:\\\/\\\/www.webdo.tn\\\/fr\\\/actualite\\\/author\\\/mc\\\/\"}]}<\/script>\n<!-- \/ Yoast SEO Premium plugin. -->","yoast_head_json":{"title":"Tunisie - Affaire des d\u00e9chets Italiens : Deux anciens ministres jug\u00e9s non coupables","description":"La Chambre sp\u00e9cialis\u00e9e en affaires criminelles pr\u00e8s la Cour d'appel de Tunis a livr\u00e9 son verdict concernant l\u2019affaire des d\u00e9chets italiens. Dans cette affaire i...","canonical":"https:\/\/www.webdo.tn\/fr\/actualite\/national\/tunisie-affaire-des-dechets-italiens-deux-anciens-ministres-juges-non-coupables\/217743\/","og_locale":"fr_FR","og_type":"article","og_title":"Tunisie - Affaire des d\u00e9chets Italiens : Deux anciens ministres jug\u00e9s non coupables","og_description":"La Chambre sp\u00e9cialis\u00e9e en affaires criminelles pr\u00e8s la Cour d'appel de Tunis a livr\u00e9 son verdict concernant l\u2019affaire des d\u00e9chets italiens. Dans cette affaire i...","og_url":"https:\/\/www.webdo.tn\/fr\/actualite\/national\/tunisie-affaire-des-dechets-italiens-deux-anciens-ministres-juges-non-coupables\/217743\/","og_site_name":"webdo","article_publisher":"https:\/\/www.facebook.com\/webdotn","article_published_time":"2024-11-21T08:46:00+00:00","article_modified_time":"2025-05-20T22:15:09+00:00","og_image":[{"width":750,"height":400,"url":"https:\/\/www.webdo.tn\/fr\/wp-content\/uploads\/2024\/11\/c99e1adb14caf5f689b2afa5a8d7bf59.webp","type":"image\/webp"}],"author":"MC","twitter_card":"summary_large_image","twitter_creator":"@webdo_tn","twitter_site":"@webdo_tn","twitter_misc":{"\u00c9crit par":"MC","Dur\u00e9e de lecture estim\u00e9e":"1 minute"},"schema":{"@context":"https:\/\/schema.org","@graph":[{"@type":"NewsArticle","@id":"https:\/\/www.webdo.tn\/fr\/actualite\/national\/tunisie-affaire-des-dechets-italiens-deux-anciens-ministres-juges-non-coupables\/217743\/#article","isPartOf":{"@id":"https:\/\/www.webdo.tn\/fr\/actualite\/national\/tunisie-affaire-des-dechets-italiens-deux-anciens-ministres-juges-non-coupables\/217743\/"},"author":{"name":"MC","@id":"https:\/\/www.webdo.tn\/fr\/#\/schema\/person\/2c4929cbf5a809e3bd38617c6ce150f6"},"headline":"Tunisie &#8211; Affaire des d\u00e9chets Italiens : Deux anciens ministres jug\u00e9s non coupables","datePublished":"2024-11-21T08:46:00+00:00","dateModified":"2025-05-20T22:15:09+00:00","mainEntityOfPage":{"@id":"https:\/\/www.webdo.tn\/fr\/actualite\/national\/tunisie-affaire-des-dechets-italiens-deux-anciens-ministres-juges-non-coupables\/217743\/"},"wordCount":301,"commentCount":0,"publisher":{"@id":"https:\/\/www.webdo.tn\/fr\/#organization"},"image":{"@id":"https:\/\/www.webdo.tn\/fr\/actualite\/national\/tunisie-affaire-des-dechets-italiens-deux-anciens-ministres-juges-non-coupables\/217743\/#primaryimage"},"thumbnailUrl":"https:\/\/www.webdo.tn\/fr\/wp-content\/uploads\/2024\/11\/c99e1adb14caf5f689b2afa5a8d7bf59.webp","keywords":["\"ministres de l'environnement\"]","condamnations","d\u00e9chets italiens","Non-lieu","Tunisie"],"articleSection":["National"],"inLanguage":"fr-FR"},{"@type":"WebPage","@id":"https:\/\/www.webdo.tn\/fr\/actualite\/national\/tunisie-affaire-des-dechets-italiens-deux-anciens-ministres-juges-non-coupables\/217743\/","url":"https:\/\/www.webdo.tn\/fr\/actualite\/national\/tunisie-affaire-des-dechets-italiens-deux-anciens-ministres-juges-non-coupables\/217743\/","name":"Tunisie - Affaire des d\u00e9chets Italiens : Deux anciens ministres jug\u00e9s non coupables","isPartOf":{"@id":"https:\/\/www.webdo.tn\/fr\/#website"},"primaryImageOfPage":{"@id":"https:\/\/www.webdo.tn\/fr\/actualite\/national\/tunisie-affaire-des-dechets-italiens-deux-anciens-ministres-juges-non-coupables\/217743\/#primaryimage"},"image":{"@id":"https:\/\/www.webdo.tn\/fr\/actualite\/national\/tunisie-affaire-des-dechets-italiens-deux-anciens-ministres-juges-non-coupables\/217743\/#primaryimage"},"thumbnailUrl":"https:\/\/www.webdo.tn\/fr\/wp-content\/uploads\/2024\/11\/c99e1adb14caf5f689b2afa5a8d7bf59.webp","datePublished":"2024-11-21T08:46:00+00:00","dateModified":"2025-05-20T22:15:09+00:00","description":"La Chambre sp\u00e9cialis\u00e9e en affaires criminelles pr\u00e8s la Cour d'appel de Tunis a livr\u00e9 son verdict concernant l\u2019affaire des d\u00e9chets italiens. Dans cette affaire i...","breadcrumb":{"@id":"https:\/\/www.webdo.tn\/fr\/actualite\/national\/tunisie-affaire-des-dechets-italiens-deux-anciens-ministres-juges-non-coupables\/217743\/#breadcrumb"},"inLanguage":"fr-FR","potentialAction":[{"@type":"ReadAction","target":["https:\/\/www.webdo.tn\/fr\/actualite\/national\/tunisie-affaire-des-dechets-italiens-deux-anciens-ministres-juges-non-coupables\/217743\/"]}]},{"@type":"ImageObject","inLanguage":"fr-FR","@id":"https:\/\/www.webdo.tn\/fr\/actualite\/national\/tunisie-affaire-des-dechets-italiens-deux-anciens-ministres-juges-non-coupables\/217743\/#primaryimage","url":"https:\/\/www.webdo.tn\/fr\/wp-content\/uploads\/2024\/11\/c99e1adb14caf5f689b2afa5a8d7bf59.webp","contentUrl":"https:\/\/www.webdo.tn\/fr\/wp-content\/uploads\/2024\/11\/c99e1adb14caf5f689b2afa5a8d7bf59.webp","width":750,"height":400,"caption":"laboratoire de biom\u00e9thane"},{"@type":"BreadcrumbList","@id":"https:\/\/www.webdo.tn\/fr\/actualite\/national\/tunisie-affaire-des-dechets-italiens-deux-anciens-ministres-juges-non-coupables\/217743\/#breadcrumb","itemListElement":[{"@type":"ListItem","position":1,"name":"Accueil","item":"https:\/\/www.webdo.tn\/fr\/"},{"@type":"ListItem","position":2,"name":"Tunisie &#8211; Affaire des d\u00e9chets Italiens : Deux anciens ministres jug\u00e9s non coupables"}]},{"@type":"WebSite","@id":"https:\/\/www.webdo.tn\/fr\/#website","url":"https:\/\/www.webdo.tn\/fr\/","name":"webdo","description":"Tunisie - News en Tunisie et \u00e0 l&#039;international sur Webdo.tn","publisher":{"@id":"https:\/\/www.webdo.tn\/fr\/#organization"},"potentialAction":[{"@type":"SearchAction","target":{"@type":"EntryPoint","urlTemplate":"https:\/\/www.webdo.tn\/fr\/?s={search_term_string}"},"query-input":{"@type":"PropertyValueSpecification","valueRequired":true,"valueName":"search_term_string"}}],"inLanguage":"fr-FR"},{"@type":"Organization","@id":"https:\/\/www.webdo.tn\/fr\/#organization","name":"Webdo","alternateName":"Webdo.tn","url":"https:\/\/www.webdo.tn\/fr\/","logo":{"@type":"ImageObject","inLanguage":"fr-FR","@id":"https:\/\/www.webdo.tn\/fr\/#\/schema\/logo\/image\/","url":"https:\/\/www.webdo.tn\/fr\/wp-content\/uploads\/2025\/06\/Webdo-Tunisie_168377.jpg","contentUrl":"https:\/\/www.webdo.tn\/fr\/wp-content\/uploads\/2025\/06\/Webdo-Tunisie_168377.jpg","width":301,"height":301,"caption":"Webdo"},"image":{"@id":"https:\/\/www.webdo.tn\/fr\/#\/schema\/logo\/image\/"},"sameAs":["https:\/\/www.facebook.com\/webdotn","https:\/\/x.com\/webdo_tn"],"description":"Webdo est un m\u00e9dia num\u00e9rique tunisien fond\u00e9 en 2010, sp\u00e9cialis\u00e9 dans l\u2019actualit\u00e9 nationale et internationale, l\u2019\u00e9conomie, la soci\u00e9t\u00e9 et les analyses politiques. Le site s\u2019adresse \u00e0 un large public francophone et couvre l\u2019information tunisienne en temps r\u00e9el.","email":"redac@webdo.tn","legalName":"YNJ SARL","foundingDate":"2010-09-06","numberOfEmployees":{"@type":"QuantitativeValue","minValue":"11","maxValue":"50"}},{"@type":"Person","@id":"https:\/\/www.webdo.tn\/fr\/#\/schema\/person\/2c4929cbf5a809e3bd38617c6ce150f6","name":"MC","image":{"@type":"ImageObject","inLanguage":"fr-FR","@id":"https:\/\/secure.gravatar.com\/avatar\/a545bbb6f84efdd5553dbbc2895e3ca8f1d12c5215e00a041c9670b54aa9b18a?s=96&d=mm&r=g","url":"https:\/\/secure.gravatar.com\/avatar\/a545bbb6f84efdd5553dbbc2895e3ca8f1d12c5215e00a041c9670b54aa9b18a?s=96&d=mm&r=g","contentUrl":"https:\/\/secure.gravatar.com\/avatar\/a545bbb6f84efdd5553dbbc2895e3ca8f1d12c5215e00a041c9670b54aa9b18a?s=96&d=mm&r=g","caption":"MC"},"url":"https:\/\/www.webdo.tn\/fr\/actualite\/author\/mc\/"}]}},"_links":{"self":[{"href":"https:\/\/www.webdo.tn\/fr\/wp-json\/wp\/v2\/posts\/217743","targetHints":{"allow":["GET"]}}],"collection":[{"href":"https:\/\/www.webdo.tn\/fr\/wp-json\/wp\/v2\/posts"}],"about":[{"href":"https:\/\/www.webdo.tn\/fr\/wp-json\/wp\/v2\/types\/post"}],"author":[{"embeddable":true,"href":"https:\/\/www.webdo.tn\/fr\/wp-json\/wp\/v2\/users\/3162"}],"replies":[{"embeddable":true,"href":"https:\/\/www.webdo.tn\/fr\/wp-json\/wp\/v2\/comments?post=217743"}],"version-history":[{"count":0,"href":"https:\/\/www.webdo.tn\/fr\/wp-json\/wp\/v2\/posts\/217743\/revisions"}],"wp:featuredmedia":[{"embeddable":true,"href":"https:\/\/www.webdo.tn\/fr\/wp-json\/wp\/v2\/media\/291374"}],"wp:attachment":[{"href":"https:\/\/www.webdo.tn\/fr\/wp-json\/wp\/v2\/media?parent=217743"}],"wp:term":[{"taxonomy":"category","embeddable":true,"href":"https:\/\/www.webdo.tn\/fr\/wp-json\/wp\/v2\/categories?post=217743"},{"taxonomy":"post_tag","embeddable":true,"href":"https:\/\/www.webdo.tn\/fr\/wp-json\/wp\/v2\/tags?post=217743"}],"curies":[{"name":"wp","href":"https:\/\/api.w.org\/{rel}","templated":true}]}}