{"id":217730,"date":"2024-11-20T15:26:00","date_gmt":"2024-11-20T15:26:00","guid":{"rendered":"https:\/\/www.webdo.tn\/fr\/blog\/2024\/11\/20\/tunisie-le-chef-de-cabinet-du-ministre-de-l-interieur-limoge\/"},"modified":"2025-05-20T21:46:36","modified_gmt":"2025-05-20T21:46:36","slug":"tunisie-le-chef-de-cabinet-du-ministre-de-l-interieur-limoge","status":"publish","type":"post","link":"https:\/\/www.webdo.tn\/fr\/actualite\/national\/tunisie-le-chef-de-cabinet-du-ministre-de-l-interieur-limoge\/217730\/","title":{"rendered":"Tunisie : Le chef de cabinet du ministre de l\u2019Int\u00e9rieur limog\u00e9"},"content":{"rendered":"<p>Nomm\u00e9 en juin dernier chef de cabinet du ministre de l\u2019Int\u00e9rieur, Zouhaier Saad, a \u00e9t\u00e9 d\u00e9mis de ses fonctions conform\u00e9ment aux d\u00e9crets n\u00b02024-571 et n\u00b02024-572 du 18 novembre 2024, publi\u00e9s dans le Journal officiel de la R\u00e9publique tunisienne (JORT) n\u00b0139 du 19 novembre 2024.<\/p>\n<p>Rappelons qu\u2019il avait \u00e9t\u00e9 nommait chef de cabinet du ministre de l\u2019Int\u00e9rieur par int\u00e9rim en juin dernier avant d\u2019\u00eatre confirm\u00e9 \u00e0 son poste en juillet 2024 pour remplacer Khaled Nouri, d\u00e9sign\u00e9 ministre de l\u2019Int\u00e9rieur le 25 mai 2024.<\/p>\n","protected":false},"excerpt":{"rendered":"<p>Nomm\u00e9 en juin dernier chef de cabinet du ministre de l\u2019Int\u00e9rieur, Zouhaier Saad, a \u00e9t\u00e9 d\u00e9mis de ses fonctions conform\u00e9ment aux d\u00e9crets n\u00b02024-571 et n\u00b02024-572&#8230;<\/p>\n","protected":false},"author":3162,"featured_media":243942,"comment_status":"open","ping_status":"open","sticky":false,"template":"","format":"standard","meta":{"footnotes":""},"categories":[44],"tags":[5025,5024,3076,2608],"class_list":["post-217730","post","type-post","status-publish","format-standard","has-post-thumbnail","hentry","category-national","tag-chef-de-cabinet","tag-limogeage","tag-ministere-de-linterieur","tag-tunisie"],"yoast_head":"<!-- This site is optimized with the Yoast SEO Premium plugin v27.4 (Yoast SEO v27.4) - https:\/\/yoast.com\/product\/yoast-seo-premium-wordpress\/ -->\n<title>Tunisie : Le chef de cabinet du ministre de l\u2019Int\u00e9rieur limog\u00e9<\/title>\n<meta name=\"description\" content=\"Nomm\u00e9 en juin dernier chef de cabinet du ministre de l\u2019Int\u00e9rieur, Zouhaier Saad, a \u00e9t\u00e9 d\u00e9mis de ses fonctions conform\u00e9ment aux d\u00e9crets n\u00b02024-571 et n\u00b02024-572...\" \/>\n<link rel=\"canonical\" href=\"https:\/\/www.webdo.tn\/fr\/actualite\/national\/tunisie-le-chef-de-cabinet-du-ministre-de-l-interieur-limoge\/217730\/\" \/>\n<meta property=\"og:locale\" content=\"fr_FR\" \/>\n<meta property=\"og:type\" content=\"article\" \/>\n<meta property=\"og:title\" content=\"Tunisie : Le chef de cabinet du ministre de l\u2019Int\u00e9rieur limog\u00e9\" \/>\n<meta property=\"og:description\" content=\"Nomm\u00e9 en juin dernier chef de cabinet du ministre de l\u2019Int\u00e9rieur, Zouhaier Saad, a \u00e9t\u00e9 d\u00e9mis de ses fonctions conform\u00e9ment aux d\u00e9crets n\u00b02024-571 et n\u00b02024-572...\" \/>\n<meta property=\"og:url\" content=\"https:\/\/www.webdo.tn\/fr\/actualite\/national\/tunisie-le-chef-de-cabinet-du-ministre-de-l-interieur-limoge\/217730\/\" \/>\n<meta property=\"og:site_name\" content=\"webdo\" \/>\n<meta property=\"article:publisher\" content=\"https:\/\/www.facebook.com\/webdotn\" \/>\n<meta property=\"article:published_time\" content=\"2024-11-20T15:26:00+00:00\" \/>\n<meta property=\"article:modified_time\" content=\"2025-05-20T21:46:36+00:00\" \/>\n<meta property=\"og:image\" content=\"https:\/\/www.webdo.tn\/fr\/wp-content\/uploads\/2025\/05\/b9d1f651ff0698dfaf967cc8e569cb3f-2.webp\" \/>\n\t<meta property=\"og:image:width\" content=\"626\" \/>\n\t<meta property=\"og:image:height\" content=\"334\" \/>\n\t<meta property=\"og:image:type\" content=\"image\/webp\" \/>\n<meta name=\"author\" content=\"MC\" \/>\n<meta name=\"twitter:card\" content=\"summary_large_image\" \/>\n<meta name=\"twitter:creator\" content=\"@webdo_tn\" \/>\n<meta name=\"twitter:site\" content=\"@webdo_tn\" \/>\n<meta name=\"twitter:label1\" content=\"\u00c9crit par\" \/>\n\t<meta name=\"twitter:data1\" content=\"MC\" \/>\n<script type=\"application\/ld+json\" class=\"yoast-schema-graph\">{\"@context\":\"https:\\\/\\\/schema.org\",\"@graph\":[{\"@type\":\"NewsArticle\",\"@id\":\"https:\\\/\\\/www.webdo.tn\\\/fr\\\/actualite\\\/national\\\/tunisie-le-chef-de-cabinet-du-ministre-de-l-interieur-limoge\\\/217730\\\/#article\",\"isPartOf\":{\"@id\":\"https:\\\/\\\/www.webdo.tn\\\/fr\\\/actualite\\\/national\\\/tunisie-le-chef-de-cabinet-du-ministre-de-l-interieur-limoge\\\/217730\\\/\"},\"author\":{\"name\":\"MC\",\"@id\":\"https:\\\/\\\/www.webdo.tn\\\/fr\\\/#\\\/schema\\\/person\\\/2c4929cbf5a809e3bd38617c6ce150f6\"},\"headline\":\"Tunisie : Le chef de cabinet du ministre de l\u2019Int\u00e9rieur limog\u00e9\",\"datePublished\":\"2024-11-20T15:26:00+00:00\",\"dateModified\":\"2025-05-20T21:46:36+00:00\",\"mainEntityOfPage\":{\"@id\":\"https:\\\/\\\/www.webdo.tn\\\/fr\\\/actualite\\\/national\\\/tunisie-le-chef-de-cabinet-du-ministre-de-l-interieur-limoge\\\/217730\\\/\"},\"wordCount\":103,\"commentCount\":0,\"publisher\":{\"@id\":\"https:\\\/\\\/www.webdo.tn\\\/fr\\\/#organization\"},\"image\":{\"@id\":\"https:\\\/\\\/www.webdo.tn\\\/fr\\\/actualite\\\/national\\\/tunisie-le-chef-de-cabinet-du-ministre-de-l-interieur-limoge\\\/217730\\\/#primaryimage\"},\"thumbnailUrl\":\"https:\\\/\\\/www.webdo.tn\\\/fr\\\/wp-content\\\/uploads\\\/2025\\\/05\\\/b9d1f651ff0698dfaf967cc8e569cb3f-2.webp\",\"keywords\":[\"chef de cabinet\",\"Limogeage\",\"minist\u00e8re de l'int\u00e9rieur\",\"Tunisie\"],\"articleSection\":[\"National\"],\"inLanguage\":\"fr-FR\"},{\"@type\":\"WebPage\",\"@id\":\"https:\\\/\\\/www.webdo.tn\\\/fr\\\/actualite\\\/national\\\/tunisie-le-chef-de-cabinet-du-ministre-de-l-interieur-limoge\\\/217730\\\/\",\"url\":\"https:\\\/\\\/www.webdo.tn\\\/fr\\\/actualite\\\/national\\\/tunisie-le-chef-de-cabinet-du-ministre-de-l-interieur-limoge\\\/217730\\\/\",\"name\":\"Tunisie : Le chef de cabinet du ministre de l\u2019Int\u00e9rieur limog\u00e9\",\"isPartOf\":{\"@id\":\"https:\\\/\\\/www.webdo.tn\\\/fr\\\/#website\"},\"primaryImageOfPage\":{\"@id\":\"https:\\\/\\\/www.webdo.tn\\\/fr\\\/actualite\\\/national\\\/tunisie-le-chef-de-cabinet-du-ministre-de-l-interieur-limoge\\\/217730\\\/#primaryimage\"},\"image\":{\"@id\":\"https:\\\/\\\/www.webdo.tn\\\/fr\\\/actualite\\\/national\\\/tunisie-le-chef-de-cabinet-du-ministre-de-l-interieur-limoge\\\/217730\\\/#primaryimage\"},\"thumbnailUrl\":\"https:\\\/\\\/www.webdo.tn\\\/fr\\\/wp-content\\\/uploads\\\/2025\\\/05\\\/b9d1f651ff0698dfaf967cc8e569cb3f-2.webp\",\"datePublished\":\"2024-11-20T15:26:00+00:00\",\"dateModified\":\"2025-05-20T21:46:36+00:00\",\"description\":\"Nomm\u00e9 en juin dernier chef de cabinet du ministre de l\u2019Int\u00e9rieur, Zouhaier Saad, a \u00e9t\u00e9 d\u00e9mis de ses fonctions conform\u00e9ment aux d\u00e9crets n\u00b02024-571 et n\u00b02024-572...\",\"breadcrumb\":{\"@id\":\"https:\\\/\\\/www.webdo.tn\\\/fr\\\/actualite\\\/national\\\/tunisie-le-chef-de-cabinet-du-ministre-de-l-interieur-limoge\\\/217730\\\/#breadcrumb\"},\"inLanguage\":\"fr-FR\",\"potentialAction\":[{\"@type\":\"ReadAction\",\"target\":[\"https:\\\/\\\/www.webdo.tn\\\/fr\\\/actualite\\\/national\\\/tunisie-le-chef-de-cabinet-du-ministre-de-l-interieur-limoge\\\/217730\\\/\"]}]},{\"@type\":\"ImageObject\",\"inLanguage\":\"fr-FR\",\"@id\":\"https:\\\/\\\/www.webdo.tn\\\/fr\\\/actualite\\\/national\\\/tunisie-le-chef-de-cabinet-du-ministre-de-l-interieur-limoge\\\/217730\\\/#primaryimage\",\"url\":\"https:\\\/\\\/www.webdo.tn\\\/fr\\\/wp-content\\\/uploads\\\/2025\\\/05\\\/b9d1f651ff0698dfaf967cc8e569cb3f-2.webp\",\"contentUrl\":\"https:\\\/\\\/www.webdo.tn\\\/fr\\\/wp-content\\\/uploads\\\/2025\\\/05\\\/b9d1f651ff0698dfaf967cc8e569cb3f-2.webp\",\"width\":626,\"height\":334},{\"@type\":\"BreadcrumbList\",\"@id\":\"https:\\\/\\\/www.webdo.tn\\\/fr\\\/actualite\\\/national\\\/tunisie-le-chef-de-cabinet-du-ministre-de-l-interieur-limoge\\\/217730\\\/#breadcrumb\",\"itemListElement\":[{\"@type\":\"ListItem\",\"position\":1,\"name\":\"Accueil\",\"item\":\"https:\\\/\\\/www.webdo.tn\\\/fr\\\/\"},{\"@type\":\"ListItem\",\"position\":2,\"name\":\"Tunisie : Le chef de cabinet du ministre de l\u2019Int\u00e9rieur limog\u00e9\"}]},{\"@type\":\"WebSite\",\"@id\":\"https:\\\/\\\/www.webdo.tn\\\/fr\\\/#website\",\"url\":\"https:\\\/\\\/www.webdo.tn\\\/fr\\\/\",\"name\":\"webdo\",\"description\":\"Tunisie - News en Tunisie et \u00e0 l&#039;international sur Webdo.tn\",\"publisher\":{\"@id\":\"https:\\\/\\\/www.webdo.tn\\\/fr\\\/#organization\"},\"potentialAction\":[{\"@type\":\"SearchAction\",\"target\":{\"@type\":\"EntryPoint\",\"urlTemplate\":\"https:\\\/\\\/www.webdo.tn\\\/fr\\\/?s={search_term_string}\"},\"query-input\":{\"@type\":\"PropertyValueSpecification\",\"valueRequired\":true,\"valueName\":\"search_term_string\"}}],\"inLanguage\":\"fr-FR\"},{\"@type\":\"Organization\",\"@id\":\"https:\\\/\\\/www.webdo.tn\\\/fr\\\/#organization\",\"name\":\"Webdo\",\"alternateName\":\"Webdo.tn\",\"url\":\"https:\\\/\\\/www.webdo.tn\\\/fr\\\/\",\"logo\":{\"@type\":\"ImageObject\",\"inLanguage\":\"fr-FR\",\"@id\":\"https:\\\/\\\/www.webdo.tn\\\/fr\\\/#\\\/schema\\\/logo\\\/image\\\/\",\"url\":\"https:\\\/\\\/www.webdo.tn\\\/fr\\\/wp-content\\\/uploads\\\/2025\\\/06\\\/Webdo-Tunisie_168377.jpg\",\"contentUrl\":\"https:\\\/\\\/www.webdo.tn\\\/fr\\\/wp-content\\\/uploads\\\/2025\\\/06\\\/Webdo-Tunisie_168377.jpg\",\"width\":301,\"height\":301,\"caption\":\"Webdo\"},\"image\":{\"@id\":\"https:\\\/\\\/www.webdo.tn\\\/fr\\\/#\\\/schema\\\/logo\\\/image\\\/\"},\"sameAs\":[\"https:\\\/\\\/www.facebook.com\\\/webdotn\",\"https:\\\/\\\/x.com\\\/webdo_tn\"],\"description\":\"Webdo est un m\u00e9dia num\u00e9rique tunisien fond\u00e9 en 2010, sp\u00e9cialis\u00e9 dans l\u2019actualit\u00e9 nationale et internationale, l\u2019\u00e9conomie, la soci\u00e9t\u00e9 et les analyses politiques. Le site s\u2019adresse \u00e0 un large public francophone et couvre l\u2019information tunisienne en temps r\u00e9el.\",\"email\":\"redac@webdo.tn\",\"legalName\":\"YNJ SARL\",\"foundingDate\":\"2010-09-06\",\"numberOfEmployees\":{\"@type\":\"QuantitativeValue\",\"minValue\":\"11\",\"maxValue\":\"50\"}},{\"@type\":\"Person\",\"@id\":\"https:\\\/\\\/www.webdo.tn\\\/fr\\\/#\\\/schema\\\/person\\\/2c4929cbf5a809e3bd38617c6ce150f6\",\"name\":\"MC\",\"image\":{\"@type\":\"ImageObject\",\"inLanguage\":\"fr-FR\",\"@id\":\"https:\\\/\\\/secure.gravatar.com\\\/avatar\\\/a545bbb6f84efdd5553dbbc2895e3ca8f1d12c5215e00a041c9670b54aa9b18a?s=96&d=mm&r=g\",\"url\":\"https:\\\/\\\/secure.gravatar.com\\\/avatar\\\/a545bbb6f84efdd5553dbbc2895e3ca8f1d12c5215e00a041c9670b54aa9b18a?s=96&d=mm&r=g\",\"contentUrl\":\"https:\\\/\\\/secure.gravatar.com\\\/avatar\\\/a545bbb6f84efdd5553dbbc2895e3ca8f1d12c5215e00a041c9670b54aa9b18a?s=96&d=mm&r=g\",\"caption\":\"MC\"},\"url\":\"https:\\\/\\\/www.webdo.tn\\\/fr\\\/actualite\\\/author\\\/mc\\\/\"}]}<\/script>\n<!-- \/ Yoast SEO Premium plugin. -->","yoast_head_json":{"title":"Tunisie : Le chef de cabinet du ministre de l\u2019Int\u00e9rieur limog\u00e9","description":"Nomm\u00e9 en juin dernier chef de cabinet du ministre de l\u2019Int\u00e9rieur, Zouhaier Saad, a \u00e9t\u00e9 d\u00e9mis de ses fonctions conform\u00e9ment aux d\u00e9crets n\u00b02024-571 et n\u00b02024-572...","canonical":"https:\/\/www.webdo.tn\/fr\/actualite\/national\/tunisie-le-chef-de-cabinet-du-ministre-de-l-interieur-limoge\/217730\/","og_locale":"fr_FR","og_type":"article","og_title":"Tunisie : Le chef de cabinet du ministre de l\u2019Int\u00e9rieur limog\u00e9","og_description":"Nomm\u00e9 en juin dernier chef de cabinet du ministre de l\u2019Int\u00e9rieur, Zouhaier Saad, a \u00e9t\u00e9 d\u00e9mis de ses fonctions conform\u00e9ment aux d\u00e9crets n\u00b02024-571 et n\u00b02024-572...","og_url":"https:\/\/www.webdo.tn\/fr\/actualite\/national\/tunisie-le-chef-de-cabinet-du-ministre-de-l-interieur-limoge\/217730\/","og_site_name":"webdo","article_publisher":"https:\/\/www.facebook.com\/webdotn","article_published_time":"2024-11-20T15:26:00+00:00","article_modified_time":"2025-05-20T21:46:36+00:00","og_image":[{"width":626,"height":334,"url":"https:\/\/www.webdo.tn\/fr\/wp-content\/uploads\/2025\/05\/b9d1f651ff0698dfaf967cc8e569cb3f-2.webp","type":"image\/webp"}],"author":"MC","twitter_card":"summary_large_image","twitter_creator":"@webdo_tn","twitter_site":"@webdo_tn","twitter_misc":{"\u00c9crit par":"MC"},"schema":{"@context":"https:\/\/schema.org","@graph":[{"@type":"NewsArticle","@id":"https:\/\/www.webdo.tn\/fr\/actualite\/national\/tunisie-le-chef-de-cabinet-du-ministre-de-l-interieur-limoge\/217730\/#article","isPartOf":{"@id":"https:\/\/www.webdo.tn\/fr\/actualite\/national\/tunisie-le-chef-de-cabinet-du-ministre-de-l-interieur-limoge\/217730\/"},"author":{"name":"MC","@id":"https:\/\/www.webdo.tn\/fr\/#\/schema\/person\/2c4929cbf5a809e3bd38617c6ce150f6"},"headline":"Tunisie : Le chef de cabinet du ministre de l\u2019Int\u00e9rieur limog\u00e9","datePublished":"2024-11-20T15:26:00+00:00","dateModified":"2025-05-20T21:46:36+00:00","mainEntityOfPage":{"@id":"https:\/\/www.webdo.tn\/fr\/actualite\/national\/tunisie-le-chef-de-cabinet-du-ministre-de-l-interieur-limoge\/217730\/"},"wordCount":103,"commentCount":0,"publisher":{"@id":"https:\/\/www.webdo.tn\/fr\/#organization"},"image":{"@id":"https:\/\/www.webdo.tn\/fr\/actualite\/national\/tunisie-le-chef-de-cabinet-du-ministre-de-l-interieur-limoge\/217730\/#primaryimage"},"thumbnailUrl":"https:\/\/www.webdo.tn\/fr\/wp-content\/uploads\/2025\/05\/b9d1f651ff0698dfaf967cc8e569cb3f-2.webp","keywords":["chef de cabinet","Limogeage","minist\u00e8re de l'int\u00e9rieur","Tunisie"],"articleSection":["National"],"inLanguage":"fr-FR"},{"@type":"WebPage","@id":"https:\/\/www.webdo.tn\/fr\/actualite\/national\/tunisie-le-chef-de-cabinet-du-ministre-de-l-interieur-limoge\/217730\/","url":"https:\/\/www.webdo.tn\/fr\/actualite\/national\/tunisie-le-chef-de-cabinet-du-ministre-de-l-interieur-limoge\/217730\/","name":"Tunisie : Le chef de cabinet du ministre de l\u2019Int\u00e9rieur limog\u00e9","isPartOf":{"@id":"https:\/\/www.webdo.tn\/fr\/#website"},"primaryImageOfPage":{"@id":"https:\/\/www.webdo.tn\/fr\/actualite\/national\/tunisie-le-chef-de-cabinet-du-ministre-de-l-interieur-limoge\/217730\/#primaryimage"},"image":{"@id":"https:\/\/www.webdo.tn\/fr\/actualite\/national\/tunisie-le-chef-de-cabinet-du-ministre-de-l-interieur-limoge\/217730\/#primaryimage"},"thumbnailUrl":"https:\/\/www.webdo.tn\/fr\/wp-content\/uploads\/2025\/05\/b9d1f651ff0698dfaf967cc8e569cb3f-2.webp","datePublished":"2024-11-20T15:26:00+00:00","dateModified":"2025-05-20T21:46:36+00:00","description":"Nomm\u00e9 en juin dernier chef de cabinet du ministre de l\u2019Int\u00e9rieur, Zouhaier Saad, a \u00e9t\u00e9 d\u00e9mis de ses fonctions conform\u00e9ment aux d\u00e9crets n\u00b02024-571 et n\u00b02024-572...","breadcrumb":{"@id":"https:\/\/www.webdo.tn\/fr\/actualite\/national\/tunisie-le-chef-de-cabinet-du-ministre-de-l-interieur-limoge\/217730\/#breadcrumb"},"inLanguage":"fr-FR","potentialAction":[{"@type":"ReadAction","target":["https:\/\/www.webdo.tn\/fr\/actualite\/national\/tunisie-le-chef-de-cabinet-du-ministre-de-l-interieur-limoge\/217730\/"]}]},{"@type":"ImageObject","inLanguage":"fr-FR","@id":"https:\/\/www.webdo.tn\/fr\/actualite\/national\/tunisie-le-chef-de-cabinet-du-ministre-de-l-interieur-limoge\/217730\/#primaryimage","url":"https:\/\/www.webdo.tn\/fr\/wp-content\/uploads\/2025\/05\/b9d1f651ff0698dfaf967cc8e569cb3f-2.webp","contentUrl":"https:\/\/www.webdo.tn\/fr\/wp-content\/uploads\/2025\/05\/b9d1f651ff0698dfaf967cc8e569cb3f-2.webp","width":626,"height":334},{"@type":"BreadcrumbList","@id":"https:\/\/www.webdo.tn\/fr\/actualite\/national\/tunisie-le-chef-de-cabinet-du-ministre-de-l-interieur-limoge\/217730\/#breadcrumb","itemListElement":[{"@type":"ListItem","position":1,"name":"Accueil","item":"https:\/\/www.webdo.tn\/fr\/"},{"@type":"ListItem","position":2,"name":"Tunisie : Le chef de cabinet du ministre de l\u2019Int\u00e9rieur limog\u00e9"}]},{"@type":"WebSite","@id":"https:\/\/www.webdo.tn\/fr\/#website","url":"https:\/\/www.webdo.tn\/fr\/","name":"webdo","description":"Tunisie - News en Tunisie et \u00e0 l&#039;international sur Webdo.tn","publisher":{"@id":"https:\/\/www.webdo.tn\/fr\/#organization"},"potentialAction":[{"@type":"SearchAction","target":{"@type":"EntryPoint","urlTemplate":"https:\/\/www.webdo.tn\/fr\/?s={search_term_string}"},"query-input":{"@type":"PropertyValueSpecification","valueRequired":true,"valueName":"search_term_string"}}],"inLanguage":"fr-FR"},{"@type":"Organization","@id":"https:\/\/www.webdo.tn\/fr\/#organization","name":"Webdo","alternateName":"Webdo.tn","url":"https:\/\/www.webdo.tn\/fr\/","logo":{"@type":"ImageObject","inLanguage":"fr-FR","@id":"https:\/\/www.webdo.tn\/fr\/#\/schema\/logo\/image\/","url":"https:\/\/www.webdo.tn\/fr\/wp-content\/uploads\/2025\/06\/Webdo-Tunisie_168377.jpg","contentUrl":"https:\/\/www.webdo.tn\/fr\/wp-content\/uploads\/2025\/06\/Webdo-Tunisie_168377.jpg","width":301,"height":301,"caption":"Webdo"},"image":{"@id":"https:\/\/www.webdo.tn\/fr\/#\/schema\/logo\/image\/"},"sameAs":["https:\/\/www.facebook.com\/webdotn","https:\/\/x.com\/webdo_tn"],"description":"Webdo est un m\u00e9dia num\u00e9rique tunisien fond\u00e9 en 2010, sp\u00e9cialis\u00e9 dans l\u2019actualit\u00e9 nationale et internationale, l\u2019\u00e9conomie, la soci\u00e9t\u00e9 et les analyses politiques. Le site s\u2019adresse \u00e0 un large public francophone et couvre l\u2019information tunisienne en temps r\u00e9el.","email":"redac@webdo.tn","legalName":"YNJ SARL","foundingDate":"2010-09-06","numberOfEmployees":{"@type":"QuantitativeValue","minValue":"11","maxValue":"50"}},{"@type":"Person","@id":"https:\/\/www.webdo.tn\/fr\/#\/schema\/person\/2c4929cbf5a809e3bd38617c6ce150f6","name":"MC","image":{"@type":"ImageObject","inLanguage":"fr-FR","@id":"https:\/\/secure.gravatar.com\/avatar\/a545bbb6f84efdd5553dbbc2895e3ca8f1d12c5215e00a041c9670b54aa9b18a?s=96&d=mm&r=g","url":"https:\/\/secure.gravatar.com\/avatar\/a545bbb6f84efdd5553dbbc2895e3ca8f1d12c5215e00a041c9670b54aa9b18a?s=96&d=mm&r=g","contentUrl":"https:\/\/secure.gravatar.com\/avatar\/a545bbb6f84efdd5553dbbc2895e3ca8f1d12c5215e00a041c9670b54aa9b18a?s=96&d=mm&r=g","caption":"MC"},"url":"https:\/\/www.webdo.tn\/fr\/actualite\/author\/mc\/"}]}},"_links":{"self":[{"href":"https:\/\/www.webdo.tn\/fr\/wp-json\/wp\/v2\/posts\/217730","targetHints":{"allow":["GET"]}}],"collection":[{"href":"https:\/\/www.webdo.tn\/fr\/wp-json\/wp\/v2\/posts"}],"about":[{"href":"https:\/\/www.webdo.tn\/fr\/wp-json\/wp\/v2\/types\/post"}],"author":[{"embeddable":true,"href":"https:\/\/www.webdo.tn\/fr\/wp-json\/wp\/v2\/users\/3162"}],"replies":[{"embeddable":true,"href":"https:\/\/www.webdo.tn\/fr\/wp-json\/wp\/v2\/comments?post=217730"}],"version-history":[{"count":0,"href":"https:\/\/www.webdo.tn\/fr\/wp-json\/wp\/v2\/posts\/217730\/revisions"}],"wp:featuredmedia":[{"embeddable":true,"href":"https:\/\/www.webdo.tn\/fr\/wp-json\/wp\/v2\/media\/243942"}],"wp:attachment":[{"href":"https:\/\/www.webdo.tn\/fr\/wp-json\/wp\/v2\/media?parent=217730"}],"wp:term":[{"taxonomy":"category","embeddable":true,"href":"https:\/\/www.webdo.tn\/fr\/wp-json\/wp\/v2\/categories?post=217730"},{"taxonomy":"post_tag","embeddable":true,"href":"https:\/\/www.webdo.tn\/fr\/wp-json\/wp\/v2\/tags?post=217730"}],"curies":[{"name":"wp","href":"https:\/\/api.w.org\/{rel}","templated":true}]}}