{"id":217723,"date":"2024-11-20T10:58:00","date_gmt":"2024-11-20T10:58:00","guid":{"rendered":"https:\/\/www.webdo.tn\/fr\/blog\/tunisie-les-agresseurs-de-mekki-identifies-et-recherches\/217723\/"},"modified":"2025-05-20T22:21:53","modified_gmt":"2025-05-20T22:21:53","slug":"tunisie-les-agresseurs-de-mekki-identifies-et-recherches","status":"publish","type":"post","link":"https:\/\/www.webdo.tn\/fr\/actualite\/national\/tunisie-les-agresseurs-de-mekki-identifies-et-recherches\/217723\/","title":{"rendered":"Tunisie : La police aux trousses des agresseurs d&rsquo;Abdeltif Mekki"},"content":{"rendered":"<p>Le Parquet pr\u00e8s le Tribunal de premi\u00e8re instance de Tunis 2 a ordonn\u00e9 aux agents du District de s\u00fbret\u00e9 nationale de S\u00e9joumi de lancer des avis de recherche \u00e0 l\u2019encontre de deux individus suspect\u00e9s d\u2019avoir agress\u00e9 Abdeltif Mekki, secr\u00e9taire g\u00e9n\u00e9ral du parti \u00ab Travail et r\u00e9alisation \u00bb et ancien ministre de la Sant\u00e9.<\/p>\n<p>\t\t\t\t\t\t\t\t\tLa victime s\u2019est rendue, hier soir, au poste de police de Sidi B\u00e9chir pour d\u00e9poser plainte. Il accuse deux voisins d\u2019avoir p\u00e9n\u00e9tr\u00e9 dans son domicile et de l&rsquo;avoir asperg\u00e9 d&rsquo;une substance chimique.<\/p>\n<p>D\u2019apr\u00e8s des sources proches de l\u2019enqu\u00eate, ces deux individus auraient d\u00e9j\u00e0 \u00e9t\u00e9 vis\u00e9s par plusieurs plaintes d\u00e9pos\u00e9es par Abdeltif Mekki au cours des deux derni\u00e8res ann\u00e9es.<\/p>\n<p>En effet, le candidat \u00e0 la r\u00e9cente pr\u00e9sidentielle a \u00e9t\u00e9 agress\u00e9 \u00e0 son domicile et transport\u00e9 d\u2019urgence \u00e0 l\u2019h\u00f4pital.<\/p>\n<p>Selon un communiqu\u00e9 officiel de son parti, Abdeltif Mekki aurait \u00e9t\u00e9 agress\u00e9 par un voisin et aurait subi des br\u00fblures chimiques graves aux yeux, au visage et au cou, n\u00e9cessitant son transport d\u2019urgence \u00e0 l\u2019h\u00f4pital des grands br\u00fbl\u00e9s.<\/p>\n","protected":false},"excerpt":{"rendered":"<p>La victime s\u2019est rendue, hier soir, au poste de police de Sidi B\u00e9chir pour d\u00e9poser plainte. Il accuse deux voisins d\u2019avoir p\u00e9n\u00e9tr\u00e9 dans son domicile et de l&rsquo;avo&#8230;<\/p>\n","protected":false},"author":3163,"featured_media":291370,"comment_status":"open","ping_status":"closed","sticky":false,"template":"","format":"standard","meta":{"footnotes":""},"categories":[44],"tags":[9239,3435,2608],"class_list":["post-217723","post","type-post","status-publish","format-standard","has-post-thumbnail","hentry","category-national","tag-abdelatif-mekki","tag-agression","tag-tunisie"],"yoast_head":"<!-- This site is optimized with the Yoast SEO Premium plugin v27.4 (Yoast SEO v27.5) - https:\/\/yoast.com\/product\/yoast-seo-premium-wordpress\/ -->\n<title>Tunisie : La police aux trousses des agresseurs d&#039;Abdeltif Mekki<\/title>\n<meta name=\"description\" content=\"La victime s\u2019est rendue, hier soir, au poste de police de Sidi B\u00e9chir pour d\u00e9poser plainte. Il accuse deux voisins d\u2019avoir p\u00e9n\u00e9tr\u00e9 dans son domicile et de l&#039;avo...\" \/>\n<link rel=\"canonical\" href=\"https:\/\/www.webdo.tn\/fr\/actualite\/national\/tunisie-les-agresseurs-de-mekki-identifies-et-recherches\/217723\/\" \/>\n<meta property=\"og:locale\" content=\"fr_FR\" \/>\n<meta property=\"og:type\" content=\"article\" \/>\n<meta property=\"og:title\" content=\"Tunisie : La police aux trousses des agresseurs d&#039;Abdeltif Mekki\" \/>\n<meta property=\"og:description\" content=\"La victime s\u2019est rendue, hier soir, au poste de police de Sidi B\u00e9chir pour d\u00e9poser plainte. Il accuse deux voisins d\u2019avoir p\u00e9n\u00e9tr\u00e9 dans son domicile et de l&#039;avo...\" \/>\n<meta property=\"og:url\" content=\"https:\/\/www.webdo.tn\/fr\/actualite\/national\/tunisie-les-agresseurs-de-mekki-identifies-et-recherches\/217723\/\" \/>\n<meta property=\"og:site_name\" content=\"webdo\" \/>\n<meta property=\"article:publisher\" content=\"https:\/\/www.facebook.com\/webdotn\" \/>\n<meta property=\"article:published_time\" content=\"2024-11-20T10:58:00+00:00\" \/>\n<meta property=\"article:modified_time\" content=\"2025-05-20T22:21:53+00:00\" \/>\n<meta property=\"og:image\" content=\"https:\/\/www.webdo.tn\/fr\/wp-content\/uploads\/2024\/11\/69fcd0ed014a256d5f710f153a647a30.webp\" \/>\n\t<meta property=\"og:image:width\" content=\"680\" \/>\n\t<meta property=\"og:image:height\" content=\"363\" \/>\n\t<meta property=\"og:image:type\" content=\"image\/webp\" \/>\n<meta name=\"author\" content=\"KJ\" \/>\n<meta name=\"twitter:card\" content=\"summary_large_image\" \/>\n<meta name=\"twitter:creator\" content=\"@webdo_tn\" \/>\n<meta name=\"twitter:site\" content=\"@webdo_tn\" \/>\n<meta name=\"twitter:label1\" content=\"\u00c9crit par\" \/>\n\t<meta name=\"twitter:data1\" content=\"KJ\" \/>\n\t<meta name=\"twitter:label2\" content=\"Dur\u00e9e de lecture estim\u00e9e\" \/>\n\t<meta name=\"twitter:data2\" content=\"1 minute\" \/>\n<script type=\"application\/ld+json\" class=\"yoast-schema-graph\">{\"@context\":\"https:\\\/\\\/schema.org\",\"@graph\":[{\"@type\":\"NewsArticle\",\"@id\":\"https:\\\/\\\/www.webdo.tn\\\/fr\\\/actualite\\\/national\\\/tunisie-les-agresseurs-de-mekki-identifies-et-recherches\\\/217723\\\/#article\",\"isPartOf\":{\"@id\":\"https:\\\/\\\/www.webdo.tn\\\/fr\\\/actualite\\\/national\\\/tunisie-les-agresseurs-de-mekki-identifies-et-recherches\\\/217723\\\/\"},\"author\":{\"name\":\"KJ\",\"@id\":\"https:\\\/\\\/www.webdo.tn\\\/fr\\\/#\\\/schema\\\/person\\\/82ca085b22037d285e1a3c4b65ba5f71\"},\"headline\":\"Tunisie : La police aux trousses des agresseurs d&rsquo;Abdeltif Mekki\",\"datePublished\":\"2024-11-20T10:58:00+00:00\",\"dateModified\":\"2025-05-20T22:21:53+00:00\",\"mainEntityOfPage\":{\"@id\":\"https:\\\/\\\/www.webdo.tn\\\/fr\\\/actualite\\\/national\\\/tunisie-les-agresseurs-de-mekki-identifies-et-recherches\\\/217723\\\/\"},\"wordCount\":211,\"commentCount\":0,\"publisher\":{\"@id\":\"https:\\\/\\\/www.webdo.tn\\\/fr\\\/#organization\"},\"image\":{\"@id\":\"https:\\\/\\\/www.webdo.tn\\\/fr\\\/actualite\\\/national\\\/tunisie-les-agresseurs-de-mekki-identifies-et-recherches\\\/217723\\\/#primaryimage\"},\"thumbnailUrl\":\"https:\\\/\\\/www.webdo.tn\\\/fr\\\/wp-content\\\/uploads\\\/2024\\\/11\\\/69fcd0ed014a256d5f710f153a647a30.webp\",\"keywords\":[\"Abdelatif Mekki\",\"agression\",\"Tunisie\"],\"articleSection\":[\"National\"],\"inLanguage\":\"fr-FR\"},{\"@type\":\"WebPage\",\"@id\":\"https:\\\/\\\/www.webdo.tn\\\/fr\\\/actualite\\\/national\\\/tunisie-les-agresseurs-de-mekki-identifies-et-recherches\\\/217723\\\/\",\"url\":\"https:\\\/\\\/www.webdo.tn\\\/fr\\\/actualite\\\/national\\\/tunisie-les-agresseurs-de-mekki-identifies-et-recherches\\\/217723\\\/\",\"name\":\"Tunisie : La police aux trousses des agresseurs d'Abdeltif Mekki\",\"isPartOf\":{\"@id\":\"https:\\\/\\\/www.webdo.tn\\\/fr\\\/#website\"},\"primaryImageOfPage\":{\"@id\":\"https:\\\/\\\/www.webdo.tn\\\/fr\\\/actualite\\\/national\\\/tunisie-les-agresseurs-de-mekki-identifies-et-recherches\\\/217723\\\/#primaryimage\"},\"image\":{\"@id\":\"https:\\\/\\\/www.webdo.tn\\\/fr\\\/actualite\\\/national\\\/tunisie-les-agresseurs-de-mekki-identifies-et-recherches\\\/217723\\\/#primaryimage\"},\"thumbnailUrl\":\"https:\\\/\\\/www.webdo.tn\\\/fr\\\/wp-content\\\/uploads\\\/2024\\\/11\\\/69fcd0ed014a256d5f710f153a647a30.webp\",\"datePublished\":\"2024-11-20T10:58:00+00:00\",\"dateModified\":\"2025-05-20T22:21:53+00:00\",\"description\":\"La victime s\u2019est rendue, hier soir, au poste de police de Sidi B\u00e9chir pour d\u00e9poser plainte. Il accuse deux voisins d\u2019avoir p\u00e9n\u00e9tr\u00e9 dans son domicile et de l'avo...\",\"breadcrumb\":{\"@id\":\"https:\\\/\\\/www.webdo.tn\\\/fr\\\/actualite\\\/national\\\/tunisie-les-agresseurs-de-mekki-identifies-et-recherches\\\/217723\\\/#breadcrumb\"},\"inLanguage\":\"fr-FR\",\"potentialAction\":[{\"@type\":\"ReadAction\",\"target\":[\"https:\\\/\\\/www.webdo.tn\\\/fr\\\/actualite\\\/national\\\/tunisie-les-agresseurs-de-mekki-identifies-et-recherches\\\/217723\\\/\"]}]},{\"@type\":\"ImageObject\",\"inLanguage\":\"fr-FR\",\"@id\":\"https:\\\/\\\/www.webdo.tn\\\/fr\\\/actualite\\\/national\\\/tunisie-les-agresseurs-de-mekki-identifies-et-recherches\\\/217723\\\/#primaryimage\",\"url\":\"https:\\\/\\\/www.webdo.tn\\\/fr\\\/wp-content\\\/uploads\\\/2024\\\/11\\\/69fcd0ed014a256d5f710f153a647a30.webp\",\"contentUrl\":\"https:\\\/\\\/www.webdo.tn\\\/fr\\\/wp-content\\\/uploads\\\/2024\\\/11\\\/69fcd0ed014a256d5f710f153a647a30.webp\",\"width\":680,\"height\":363,\"caption\":\"Tunisie : La police aux trousses des agresseurs d'Abdeltif Mekki\"},{\"@type\":\"BreadcrumbList\",\"@id\":\"https:\\\/\\\/www.webdo.tn\\\/fr\\\/actualite\\\/national\\\/tunisie-les-agresseurs-de-mekki-identifies-et-recherches\\\/217723\\\/#breadcrumb\",\"itemListElement\":[{\"@type\":\"ListItem\",\"position\":1,\"name\":\"Accueil\",\"item\":\"https:\\\/\\\/www.webdo.tn\\\/fr\\\/\"},{\"@type\":\"ListItem\",\"position\":2,\"name\":\"Tunisie : La police aux trousses des agresseurs d&rsquo;Abdeltif Mekki\"}]},{\"@type\":\"WebSite\",\"@id\":\"https:\\\/\\\/www.webdo.tn\\\/fr\\\/#website\",\"url\":\"https:\\\/\\\/www.webdo.tn\\\/fr\\\/\",\"name\":\"webdo\",\"description\":\"Tunisie - News en Tunisie et \u00e0 l&#039;international sur Webdo.tn\",\"publisher\":{\"@id\":\"https:\\\/\\\/www.webdo.tn\\\/fr\\\/#organization\"},\"potentialAction\":[{\"@type\":\"SearchAction\",\"target\":{\"@type\":\"EntryPoint\",\"urlTemplate\":\"https:\\\/\\\/www.webdo.tn\\\/fr\\\/?s={search_term_string}\"},\"query-input\":{\"@type\":\"PropertyValueSpecification\",\"valueRequired\":true,\"valueName\":\"search_term_string\"}}],\"inLanguage\":\"fr-FR\"},{\"@type\":\"Organization\",\"@id\":\"https:\\\/\\\/www.webdo.tn\\\/fr\\\/#organization\",\"name\":\"Webdo\",\"alternateName\":\"Webdo.tn\",\"url\":\"https:\\\/\\\/www.webdo.tn\\\/fr\\\/\",\"logo\":{\"@type\":\"ImageObject\",\"inLanguage\":\"fr-FR\",\"@id\":\"https:\\\/\\\/www.webdo.tn\\\/fr\\\/#\\\/schema\\\/logo\\\/image\\\/\",\"url\":\"https:\\\/\\\/www.webdo.tn\\\/fr\\\/wp-content\\\/uploads\\\/2025\\\/06\\\/Webdo-Tunisie_168377.jpg\",\"contentUrl\":\"https:\\\/\\\/www.webdo.tn\\\/fr\\\/wp-content\\\/uploads\\\/2025\\\/06\\\/Webdo-Tunisie_168377.jpg\",\"width\":301,\"height\":301,\"caption\":\"Webdo\"},\"image\":{\"@id\":\"https:\\\/\\\/www.webdo.tn\\\/fr\\\/#\\\/schema\\\/logo\\\/image\\\/\"},\"sameAs\":[\"https:\\\/\\\/www.facebook.com\\\/webdotn\",\"https:\\\/\\\/x.com\\\/webdo_tn\"],\"description\":\"Webdo est un m\u00e9dia num\u00e9rique tunisien fond\u00e9 en 2010, sp\u00e9cialis\u00e9 dans l\u2019actualit\u00e9 nationale et internationale, l\u2019\u00e9conomie, la soci\u00e9t\u00e9 et les analyses politiques. Le site s\u2019adresse \u00e0 un large public francophone et couvre l\u2019information tunisienne en temps r\u00e9el.\",\"email\":\"redac@webdo.tn\",\"legalName\":\"YNJ SARL\",\"foundingDate\":\"2010-09-06\",\"numberOfEmployees\":{\"@type\":\"QuantitativeValue\",\"minValue\":\"11\",\"maxValue\":\"50\"}},{\"@type\":\"Person\",\"@id\":\"https:\\\/\\\/www.webdo.tn\\\/fr\\\/#\\\/schema\\\/person\\\/82ca085b22037d285e1a3c4b65ba5f71\",\"name\":\"KJ\",\"image\":{\"@type\":\"ImageObject\",\"inLanguage\":\"fr-FR\",\"@id\":\"https:\\\/\\\/secure.gravatar.com\\\/avatar\\\/1a1320de1c1971c893f00068f760b4113d69504aa21273da17ee95650c5944fd?s=96&d=mm&r=g\",\"url\":\"https:\\\/\\\/secure.gravatar.com\\\/avatar\\\/1a1320de1c1971c893f00068f760b4113d69504aa21273da17ee95650c5944fd?s=96&d=mm&r=g\",\"contentUrl\":\"https:\\\/\\\/secure.gravatar.com\\\/avatar\\\/1a1320de1c1971c893f00068f760b4113d69504aa21273da17ee95650c5944fd?s=96&d=mm&r=g\",\"caption\":\"KJ\"},\"url\":\"https:\\\/\\\/www.webdo.tn\\\/fr\\\/actualite\\\/author\\\/kj\\\/\"}]}<\/script>\n<!-- \/ Yoast SEO Premium plugin. -->","yoast_head_json":{"title":"Tunisie : La police aux trousses des agresseurs d'Abdeltif Mekki","description":"La victime s\u2019est rendue, hier soir, au poste de police de Sidi B\u00e9chir pour d\u00e9poser plainte. Il accuse deux voisins d\u2019avoir p\u00e9n\u00e9tr\u00e9 dans son domicile et de l'avo...","canonical":"https:\/\/www.webdo.tn\/fr\/actualite\/national\/tunisie-les-agresseurs-de-mekki-identifies-et-recherches\/217723\/","og_locale":"fr_FR","og_type":"article","og_title":"Tunisie : La police aux trousses des agresseurs d'Abdeltif Mekki","og_description":"La victime s\u2019est rendue, hier soir, au poste de police de Sidi B\u00e9chir pour d\u00e9poser plainte. Il accuse deux voisins d\u2019avoir p\u00e9n\u00e9tr\u00e9 dans son domicile et de l'avo...","og_url":"https:\/\/www.webdo.tn\/fr\/actualite\/national\/tunisie-les-agresseurs-de-mekki-identifies-et-recherches\/217723\/","og_site_name":"webdo","article_publisher":"https:\/\/www.facebook.com\/webdotn","article_published_time":"2024-11-20T10:58:00+00:00","article_modified_time":"2025-05-20T22:21:53+00:00","og_image":[{"width":680,"height":363,"url":"https:\/\/www.webdo.tn\/fr\/wp-content\/uploads\/2024\/11\/69fcd0ed014a256d5f710f153a647a30.webp","type":"image\/webp"}],"author":"KJ","twitter_card":"summary_large_image","twitter_creator":"@webdo_tn","twitter_site":"@webdo_tn","twitter_misc":{"\u00c9crit par":"KJ","Dur\u00e9e de lecture estim\u00e9e":"1 minute"},"schema":{"@context":"https:\/\/schema.org","@graph":[{"@type":"NewsArticle","@id":"https:\/\/www.webdo.tn\/fr\/actualite\/national\/tunisie-les-agresseurs-de-mekki-identifies-et-recherches\/217723\/#article","isPartOf":{"@id":"https:\/\/www.webdo.tn\/fr\/actualite\/national\/tunisie-les-agresseurs-de-mekki-identifies-et-recherches\/217723\/"},"author":{"name":"KJ","@id":"https:\/\/www.webdo.tn\/fr\/#\/schema\/person\/82ca085b22037d285e1a3c4b65ba5f71"},"headline":"Tunisie : La police aux trousses des agresseurs d&rsquo;Abdeltif Mekki","datePublished":"2024-11-20T10:58:00+00:00","dateModified":"2025-05-20T22:21:53+00:00","mainEntityOfPage":{"@id":"https:\/\/www.webdo.tn\/fr\/actualite\/national\/tunisie-les-agresseurs-de-mekki-identifies-et-recherches\/217723\/"},"wordCount":211,"commentCount":0,"publisher":{"@id":"https:\/\/www.webdo.tn\/fr\/#organization"},"image":{"@id":"https:\/\/www.webdo.tn\/fr\/actualite\/national\/tunisie-les-agresseurs-de-mekki-identifies-et-recherches\/217723\/#primaryimage"},"thumbnailUrl":"https:\/\/www.webdo.tn\/fr\/wp-content\/uploads\/2024\/11\/69fcd0ed014a256d5f710f153a647a30.webp","keywords":["Abdelatif Mekki","agression","Tunisie"],"articleSection":["National"],"inLanguage":"fr-FR"},{"@type":"WebPage","@id":"https:\/\/www.webdo.tn\/fr\/actualite\/national\/tunisie-les-agresseurs-de-mekki-identifies-et-recherches\/217723\/","url":"https:\/\/www.webdo.tn\/fr\/actualite\/national\/tunisie-les-agresseurs-de-mekki-identifies-et-recherches\/217723\/","name":"Tunisie : La police aux trousses des agresseurs d'Abdeltif Mekki","isPartOf":{"@id":"https:\/\/www.webdo.tn\/fr\/#website"},"primaryImageOfPage":{"@id":"https:\/\/www.webdo.tn\/fr\/actualite\/national\/tunisie-les-agresseurs-de-mekki-identifies-et-recherches\/217723\/#primaryimage"},"image":{"@id":"https:\/\/www.webdo.tn\/fr\/actualite\/national\/tunisie-les-agresseurs-de-mekki-identifies-et-recherches\/217723\/#primaryimage"},"thumbnailUrl":"https:\/\/www.webdo.tn\/fr\/wp-content\/uploads\/2024\/11\/69fcd0ed014a256d5f710f153a647a30.webp","datePublished":"2024-11-20T10:58:00+00:00","dateModified":"2025-05-20T22:21:53+00:00","description":"La victime s\u2019est rendue, hier soir, au poste de police de Sidi B\u00e9chir pour d\u00e9poser plainte. Il accuse deux voisins d\u2019avoir p\u00e9n\u00e9tr\u00e9 dans son domicile et de l'avo...","breadcrumb":{"@id":"https:\/\/www.webdo.tn\/fr\/actualite\/national\/tunisie-les-agresseurs-de-mekki-identifies-et-recherches\/217723\/#breadcrumb"},"inLanguage":"fr-FR","potentialAction":[{"@type":"ReadAction","target":["https:\/\/www.webdo.tn\/fr\/actualite\/national\/tunisie-les-agresseurs-de-mekki-identifies-et-recherches\/217723\/"]}]},{"@type":"ImageObject","inLanguage":"fr-FR","@id":"https:\/\/www.webdo.tn\/fr\/actualite\/national\/tunisie-les-agresseurs-de-mekki-identifies-et-recherches\/217723\/#primaryimage","url":"https:\/\/www.webdo.tn\/fr\/wp-content\/uploads\/2024\/11\/69fcd0ed014a256d5f710f153a647a30.webp","contentUrl":"https:\/\/www.webdo.tn\/fr\/wp-content\/uploads\/2024\/11\/69fcd0ed014a256d5f710f153a647a30.webp","width":680,"height":363,"caption":"Tunisie : La police aux trousses des agresseurs d'Abdeltif Mekki"},{"@type":"BreadcrumbList","@id":"https:\/\/www.webdo.tn\/fr\/actualite\/national\/tunisie-les-agresseurs-de-mekki-identifies-et-recherches\/217723\/#breadcrumb","itemListElement":[{"@type":"ListItem","position":1,"name":"Accueil","item":"https:\/\/www.webdo.tn\/fr\/"},{"@type":"ListItem","position":2,"name":"Tunisie : La police aux trousses des agresseurs d&rsquo;Abdeltif Mekki"}]},{"@type":"WebSite","@id":"https:\/\/www.webdo.tn\/fr\/#website","url":"https:\/\/www.webdo.tn\/fr\/","name":"webdo","description":"Tunisie - News en Tunisie et \u00e0 l&#039;international sur Webdo.tn","publisher":{"@id":"https:\/\/www.webdo.tn\/fr\/#organization"},"potentialAction":[{"@type":"SearchAction","target":{"@type":"EntryPoint","urlTemplate":"https:\/\/www.webdo.tn\/fr\/?s={search_term_string}"},"query-input":{"@type":"PropertyValueSpecification","valueRequired":true,"valueName":"search_term_string"}}],"inLanguage":"fr-FR"},{"@type":"Organization","@id":"https:\/\/www.webdo.tn\/fr\/#organization","name":"Webdo","alternateName":"Webdo.tn","url":"https:\/\/www.webdo.tn\/fr\/","logo":{"@type":"ImageObject","inLanguage":"fr-FR","@id":"https:\/\/www.webdo.tn\/fr\/#\/schema\/logo\/image\/","url":"https:\/\/www.webdo.tn\/fr\/wp-content\/uploads\/2025\/06\/Webdo-Tunisie_168377.jpg","contentUrl":"https:\/\/www.webdo.tn\/fr\/wp-content\/uploads\/2025\/06\/Webdo-Tunisie_168377.jpg","width":301,"height":301,"caption":"Webdo"},"image":{"@id":"https:\/\/www.webdo.tn\/fr\/#\/schema\/logo\/image\/"},"sameAs":["https:\/\/www.facebook.com\/webdotn","https:\/\/x.com\/webdo_tn"],"description":"Webdo est un m\u00e9dia num\u00e9rique tunisien fond\u00e9 en 2010, sp\u00e9cialis\u00e9 dans l\u2019actualit\u00e9 nationale et internationale, l\u2019\u00e9conomie, la soci\u00e9t\u00e9 et les analyses politiques. Le site s\u2019adresse \u00e0 un large public francophone et couvre l\u2019information tunisienne en temps r\u00e9el.","email":"redac@webdo.tn","legalName":"YNJ SARL","foundingDate":"2010-09-06","numberOfEmployees":{"@type":"QuantitativeValue","minValue":"11","maxValue":"50"}},{"@type":"Person","@id":"https:\/\/www.webdo.tn\/fr\/#\/schema\/person\/82ca085b22037d285e1a3c4b65ba5f71","name":"KJ","image":{"@type":"ImageObject","inLanguage":"fr-FR","@id":"https:\/\/secure.gravatar.com\/avatar\/1a1320de1c1971c893f00068f760b4113d69504aa21273da17ee95650c5944fd?s=96&d=mm&r=g","url":"https:\/\/secure.gravatar.com\/avatar\/1a1320de1c1971c893f00068f760b4113d69504aa21273da17ee95650c5944fd?s=96&d=mm&r=g","contentUrl":"https:\/\/secure.gravatar.com\/avatar\/1a1320de1c1971c893f00068f760b4113d69504aa21273da17ee95650c5944fd?s=96&d=mm&r=g","caption":"KJ"},"url":"https:\/\/www.webdo.tn\/fr\/actualite\/author\/kj\/"}]}},"_links":{"self":[{"href":"https:\/\/www.webdo.tn\/fr\/wp-json\/wp\/v2\/posts\/217723","targetHints":{"allow":["GET"]}}],"collection":[{"href":"https:\/\/www.webdo.tn\/fr\/wp-json\/wp\/v2\/posts"}],"about":[{"href":"https:\/\/www.webdo.tn\/fr\/wp-json\/wp\/v2\/types\/post"}],"author":[{"embeddable":true,"href":"https:\/\/www.webdo.tn\/fr\/wp-json\/wp\/v2\/users\/3163"}],"replies":[{"embeddable":true,"href":"https:\/\/www.webdo.tn\/fr\/wp-json\/wp\/v2\/comments?post=217723"}],"version-history":[{"count":0,"href":"https:\/\/www.webdo.tn\/fr\/wp-json\/wp\/v2\/posts\/217723\/revisions"}],"wp:featuredmedia":[{"embeddable":true,"href":"https:\/\/www.webdo.tn\/fr\/wp-json\/wp\/v2\/media\/291370"}],"wp:attachment":[{"href":"https:\/\/www.webdo.tn\/fr\/wp-json\/wp\/v2\/media?parent=217723"}],"wp:term":[{"taxonomy":"category","embeddable":true,"href":"https:\/\/www.webdo.tn\/fr\/wp-json\/wp\/v2\/categories?post=217723"},{"taxonomy":"post_tag","embeddable":true,"href":"https:\/\/www.webdo.tn\/fr\/wp-json\/wp\/v2\/tags?post=217723"}],"curies":[{"name":"wp","href":"https:\/\/api.w.org\/{rel}","templated":true}]}}