{"id":217718,"date":"2024-11-20T09:09:00","date_gmt":"2024-11-20T09:09:00","guid":{"rendered":"https:\/\/www.webdo.tn\/fr\/blog\/tunisie-abdeltif-mekki-agresse-et-brule-aux-produits-chimiques\/217718\/"},"modified":"2025-05-20T22:15:08","modified_gmt":"2025-05-20T22:15:08","slug":"tunisie-abdeltif-mekki-agresse-et-brule-aux-produits-chimiques","status":"publish","type":"post","link":"https:\/\/www.webdo.tn\/fr\/actualite\/national\/tunisie-abdeltif-mekki-agresse-et-brule-aux-produits-chimiques\/217718\/","title":{"rendered":"Tunisie : Abdeltif Mekki agress\u00e9 et br\u00fbl\u00e9 aux produits chimiques"},"content":{"rendered":"<p>Abdeltif Mekki, secr\u00e9taire g\u00e9n\u00e9ral du parti \u00ab\u00a0\u00c2mal we Injaz\u00a0\u00bb, a \u00e9t\u00e9 agress\u00e9 \u00e0 son domicile ce mercredi 20 novembre 2024 et transport\u00e9 d\u2019urgence \u00e0 l\u2019h\u00f4pital.<\/p>\n<p>\t\t\t\t\t\t\t\t\tSelon un communiqu\u00e9 officiel de son parti, Abdeltif Mekki aurait \u00e9t\u00e9 agress\u00e9 par un voisin et aurait subi des br\u00fblures chimiques graves aux yeux, au visage et au cou, n\u00e9cessitant son transport d\u2019urgence \u00e0 l\u2019h\u00f4pital des grands br\u00fbl\u00e9s.<\/p>\n<p>L\u2019agression aurait \u00e9t\u00e9 perp\u00e9tr\u00e9e par un voisin, d\u00e9j\u00e0 impliqu\u00e9, avec ses fr\u00e8res, dans plusieurs attaques ant\u00e9rieures contre Abdeltif Mekki et les membres de sa famille, indique le parti. \u00ab\u00a0Plusieurs plaintes ont d\u00e9j\u00e0 \u00e9t\u00e9 d\u00e9pos\u00e9es par Mekki, par le pass\u00e9, mais elles n&rsquo;ont pas \u00e9t\u00e9 prises suffisamment au s\u00e9rieux par les autorit\u00e9s judiciaires et de s\u00e9curit\u00e9\u00a0\u00bb, a d\u00e9plor\u00e9 le parti.<\/p>\n<p>Selon \u00ab\u00a0\u00c2mal we Injaz\u00a0\u00bb, cela a encourag\u00e9 l\u2019agresseur \u00e0 poursuivre ses attaques, r\u00e9it\u00e9rant sa demande d\u2019ouvrir une enqu\u00eate urgente pour \u00e9claircir les circonstances de ces agressions r\u00e9p\u00e9t\u00e9es et afin que la loi soit appliqu\u00e9e de mani\u00e8re \u00e9gale pour tous.<\/p>\n","protected":false},"excerpt":{"rendered":"<p>Abdeltif Mekki, secr\u00e9taire g\u00e9n\u00e9ral du parti  \u00c2mal we Injaz , a \u00e9t\u00e9 agress\u00e9 \u00e0 son domicile ce mercredi 20 novembre 2024 et transport\u00e9 d\u2019urgence \u00e0 l\u2019h\u00f4pital.<\/p>\n","protected":false},"author":3162,"featured_media":291366,"comment_status":"open","ping_status":"closed","sticky":false,"template":"","format":"standard","meta":{"footnotes":""},"categories":[44],"tags":[10653,5574,3435,2608],"class_list":["post-217718","post","type-post","status-publish","format-standard","has-post-thumbnail","hentry","category-national","tag-produits-chimiques","tag-abdeltif-mekki","tag-agression","tag-tunisie"],"yoast_head":"<!-- This site is optimized with the Yoast SEO Premium plugin v27.4 (Yoast SEO v27.5) - https:\/\/yoast.com\/product\/yoast-seo-premium-wordpress\/ -->\n<title>Tunisie : Abdeltif Mekki agress\u00e9 et br\u00fbl\u00e9 aux produits chimiques<\/title>\n<meta name=\"description\" content=\"Abdeltif Mekki, secr\u00e9taire g\u00e9n\u00e9ral du parti \u00c2mal we Injaz , a \u00e9t\u00e9 agress\u00e9 \u00e0 son domicile ce mercredi 20 novembre 2024 et transport\u00e9 d\u2019urgence \u00e0 l\u2019h\u00f4pital.\" \/>\n<link rel=\"canonical\" href=\"https:\/\/www.webdo.tn\/fr\/actualite\/national\/tunisie-abdeltif-mekki-agresse-et-brule-aux-produits-chimiques\/217718\/\" \/>\n<meta property=\"og:locale\" content=\"fr_FR\" \/>\n<meta property=\"og:type\" content=\"article\" \/>\n<meta property=\"og:title\" content=\"Tunisie : Abdeltif Mekki agress\u00e9 et br\u00fbl\u00e9 aux produits chimiques\" \/>\n<meta property=\"og:description\" content=\"Abdeltif Mekki, secr\u00e9taire g\u00e9n\u00e9ral du parti \u00c2mal we Injaz , a \u00e9t\u00e9 agress\u00e9 \u00e0 son domicile ce mercredi 20 novembre 2024 et transport\u00e9 d\u2019urgence \u00e0 l\u2019h\u00f4pital.\" \/>\n<meta property=\"og:url\" content=\"https:\/\/www.webdo.tn\/fr\/actualite\/national\/tunisie-abdeltif-mekki-agresse-et-brule-aux-produits-chimiques\/217718\/\" \/>\n<meta property=\"og:site_name\" content=\"webdo\" \/>\n<meta property=\"article:publisher\" content=\"https:\/\/www.facebook.com\/webdotn\" \/>\n<meta property=\"article:published_time\" content=\"2024-11-20T09:09:00+00:00\" \/>\n<meta property=\"article:modified_time\" content=\"2025-05-20T22:15:08+00:00\" \/>\n<meta property=\"og:image\" content=\"https:\/\/www.webdo.tn\/fr\/wp-content\/uploads\/2024\/11\/988103a24a0c484fac130b461880a792.webp\" \/>\n\t<meta property=\"og:image:width\" content=\"750\" \/>\n\t<meta property=\"og:image:height\" content=\"400\" \/>\n\t<meta property=\"og:image:type\" content=\"image\/webp\" \/>\n<meta name=\"author\" content=\"MC\" \/>\n<meta name=\"twitter:card\" content=\"summary_large_image\" \/>\n<meta name=\"twitter:creator\" content=\"@webdo_tn\" \/>\n<meta name=\"twitter:site\" content=\"@webdo_tn\" \/>\n<meta name=\"twitter:label1\" content=\"\u00c9crit par\" \/>\n\t<meta name=\"twitter:data1\" content=\"MC\" \/>\n\t<meta name=\"twitter:label2\" content=\"Dur\u00e9e de lecture estim\u00e9e\" \/>\n\t<meta name=\"twitter:data2\" content=\"1 minute\" \/>\n<script type=\"application\/ld+json\" class=\"yoast-schema-graph\">{\"@context\":\"https:\\\/\\\/schema.org\",\"@graph\":[{\"@type\":\"NewsArticle\",\"@id\":\"https:\\\/\\\/www.webdo.tn\\\/fr\\\/actualite\\\/national\\\/tunisie-abdeltif-mekki-agresse-et-brule-aux-produits-chimiques\\\/217718\\\/#article\",\"isPartOf\":{\"@id\":\"https:\\\/\\\/www.webdo.tn\\\/fr\\\/actualite\\\/national\\\/tunisie-abdeltif-mekki-agresse-et-brule-aux-produits-chimiques\\\/217718\\\/\"},\"author\":{\"name\":\"MC\",\"@id\":\"https:\\\/\\\/www.webdo.tn\\\/fr\\\/#\\\/schema\\\/person\\\/2c4929cbf5a809e3bd38617c6ce150f6\"},\"headline\":\"Tunisie : Abdeltif Mekki agress\u00e9 et br\u00fbl\u00e9 aux produits chimiques\",\"datePublished\":\"2024-11-20T09:09:00+00:00\",\"dateModified\":\"2025-05-20T22:15:08+00:00\",\"mainEntityOfPage\":{\"@id\":\"https:\\\/\\\/www.webdo.tn\\\/fr\\\/actualite\\\/national\\\/tunisie-abdeltif-mekki-agresse-et-brule-aux-produits-chimiques\\\/217718\\\/\"},\"wordCount\":202,\"commentCount\":0,\"publisher\":{\"@id\":\"https:\\\/\\\/www.webdo.tn\\\/fr\\\/#organization\"},\"image\":{\"@id\":\"https:\\\/\\\/www.webdo.tn\\\/fr\\\/actualite\\\/national\\\/tunisie-abdeltif-mekki-agresse-et-brule-aux-produits-chimiques\\\/217718\\\/#primaryimage\"},\"thumbnailUrl\":\"https:\\\/\\\/www.webdo.tn\\\/fr\\\/wp-content\\\/uploads\\\/2024\\\/11\\\/988103a24a0c484fac130b461880a792.webp\",\"keywords\":[\"'produits chimiques']\",\"Abdeltif Mekki\",\"agression\",\"Tunisie\"],\"articleSection\":[\"National\"],\"inLanguage\":\"fr-FR\"},{\"@type\":\"WebPage\",\"@id\":\"https:\\\/\\\/www.webdo.tn\\\/fr\\\/actualite\\\/national\\\/tunisie-abdeltif-mekki-agresse-et-brule-aux-produits-chimiques\\\/217718\\\/\",\"url\":\"https:\\\/\\\/www.webdo.tn\\\/fr\\\/actualite\\\/national\\\/tunisie-abdeltif-mekki-agresse-et-brule-aux-produits-chimiques\\\/217718\\\/\",\"name\":\"Tunisie : Abdeltif Mekki agress\u00e9 et br\u00fbl\u00e9 aux produits chimiques\",\"isPartOf\":{\"@id\":\"https:\\\/\\\/www.webdo.tn\\\/fr\\\/#website\"},\"primaryImageOfPage\":{\"@id\":\"https:\\\/\\\/www.webdo.tn\\\/fr\\\/actualite\\\/national\\\/tunisie-abdeltif-mekki-agresse-et-brule-aux-produits-chimiques\\\/217718\\\/#primaryimage\"},\"image\":{\"@id\":\"https:\\\/\\\/www.webdo.tn\\\/fr\\\/actualite\\\/national\\\/tunisie-abdeltif-mekki-agresse-et-brule-aux-produits-chimiques\\\/217718\\\/#primaryimage\"},\"thumbnailUrl\":\"https:\\\/\\\/www.webdo.tn\\\/fr\\\/wp-content\\\/uploads\\\/2024\\\/11\\\/988103a24a0c484fac130b461880a792.webp\",\"datePublished\":\"2024-11-20T09:09:00+00:00\",\"dateModified\":\"2025-05-20T22:15:08+00:00\",\"description\":\"Abdeltif Mekki, secr\u00e9taire g\u00e9n\u00e9ral du parti \u00c2mal we Injaz , a \u00e9t\u00e9 agress\u00e9 \u00e0 son domicile ce mercredi 20 novembre 2024 et transport\u00e9 d\u2019urgence \u00e0 l\u2019h\u00f4pital.\",\"breadcrumb\":{\"@id\":\"https:\\\/\\\/www.webdo.tn\\\/fr\\\/actualite\\\/national\\\/tunisie-abdeltif-mekki-agresse-et-brule-aux-produits-chimiques\\\/217718\\\/#breadcrumb\"},\"inLanguage\":\"fr-FR\",\"potentialAction\":[{\"@type\":\"ReadAction\",\"target\":[\"https:\\\/\\\/www.webdo.tn\\\/fr\\\/actualite\\\/national\\\/tunisie-abdeltif-mekki-agresse-et-brule-aux-produits-chimiques\\\/217718\\\/\"]}]},{\"@type\":\"ImageObject\",\"inLanguage\":\"fr-FR\",\"@id\":\"https:\\\/\\\/www.webdo.tn\\\/fr\\\/actualite\\\/national\\\/tunisie-abdeltif-mekki-agresse-et-brule-aux-produits-chimiques\\\/217718\\\/#primaryimage\",\"url\":\"https:\\\/\\\/www.webdo.tn\\\/fr\\\/wp-content\\\/uploads\\\/2024\\\/11\\\/988103a24a0c484fac130b461880a792.webp\",\"contentUrl\":\"https:\\\/\\\/www.webdo.tn\\\/fr\\\/wp-content\\\/uploads\\\/2024\\\/11\\\/988103a24a0c484fac130b461880a792.webp\",\"width\":750,\"height\":400,\"caption\":\"Tunisie : Abdeltif Mekki agress\u00e9 et br\u00fbl\u00e9 aux produits chimiques\"},{\"@type\":\"BreadcrumbList\",\"@id\":\"https:\\\/\\\/www.webdo.tn\\\/fr\\\/actualite\\\/national\\\/tunisie-abdeltif-mekki-agresse-et-brule-aux-produits-chimiques\\\/217718\\\/#breadcrumb\",\"itemListElement\":[{\"@type\":\"ListItem\",\"position\":1,\"name\":\"Accueil\",\"item\":\"https:\\\/\\\/www.webdo.tn\\\/fr\\\/\"},{\"@type\":\"ListItem\",\"position\":2,\"name\":\"Tunisie : Abdeltif Mekki agress\u00e9 et br\u00fbl\u00e9 aux produits chimiques\"}]},{\"@type\":\"WebSite\",\"@id\":\"https:\\\/\\\/www.webdo.tn\\\/fr\\\/#website\",\"url\":\"https:\\\/\\\/www.webdo.tn\\\/fr\\\/\",\"name\":\"webdo\",\"description\":\"Tunisie - News en Tunisie et \u00e0 l&#039;international sur Webdo.tn\",\"publisher\":{\"@id\":\"https:\\\/\\\/www.webdo.tn\\\/fr\\\/#organization\"},\"potentialAction\":[{\"@type\":\"SearchAction\",\"target\":{\"@type\":\"EntryPoint\",\"urlTemplate\":\"https:\\\/\\\/www.webdo.tn\\\/fr\\\/?s={search_term_string}\"},\"query-input\":{\"@type\":\"PropertyValueSpecification\",\"valueRequired\":true,\"valueName\":\"search_term_string\"}}],\"inLanguage\":\"fr-FR\"},{\"@type\":\"Organization\",\"@id\":\"https:\\\/\\\/www.webdo.tn\\\/fr\\\/#organization\",\"name\":\"Webdo\",\"alternateName\":\"Webdo.tn\",\"url\":\"https:\\\/\\\/www.webdo.tn\\\/fr\\\/\",\"logo\":{\"@type\":\"ImageObject\",\"inLanguage\":\"fr-FR\",\"@id\":\"https:\\\/\\\/www.webdo.tn\\\/fr\\\/#\\\/schema\\\/logo\\\/image\\\/\",\"url\":\"https:\\\/\\\/www.webdo.tn\\\/fr\\\/wp-content\\\/uploads\\\/2025\\\/06\\\/Webdo-Tunisie_168377.jpg\",\"contentUrl\":\"https:\\\/\\\/www.webdo.tn\\\/fr\\\/wp-content\\\/uploads\\\/2025\\\/06\\\/Webdo-Tunisie_168377.jpg\",\"width\":301,\"height\":301,\"caption\":\"Webdo\"},\"image\":{\"@id\":\"https:\\\/\\\/www.webdo.tn\\\/fr\\\/#\\\/schema\\\/logo\\\/image\\\/\"},\"sameAs\":[\"https:\\\/\\\/www.facebook.com\\\/webdotn\",\"https:\\\/\\\/x.com\\\/webdo_tn\"],\"description\":\"Webdo est un m\u00e9dia num\u00e9rique tunisien fond\u00e9 en 2010, sp\u00e9cialis\u00e9 dans l\u2019actualit\u00e9 nationale et internationale, l\u2019\u00e9conomie, la soci\u00e9t\u00e9 et les analyses politiques. Le site s\u2019adresse \u00e0 un large public francophone et couvre l\u2019information tunisienne en temps r\u00e9el.\",\"email\":\"redac@webdo.tn\",\"legalName\":\"YNJ SARL\",\"foundingDate\":\"2010-09-06\",\"numberOfEmployees\":{\"@type\":\"QuantitativeValue\",\"minValue\":\"11\",\"maxValue\":\"50\"}},{\"@type\":\"Person\",\"@id\":\"https:\\\/\\\/www.webdo.tn\\\/fr\\\/#\\\/schema\\\/person\\\/2c4929cbf5a809e3bd38617c6ce150f6\",\"name\":\"MC\",\"image\":{\"@type\":\"ImageObject\",\"inLanguage\":\"fr-FR\",\"@id\":\"https:\\\/\\\/secure.gravatar.com\\\/avatar\\\/a545bbb6f84efdd5553dbbc2895e3ca8f1d12c5215e00a041c9670b54aa9b18a?s=96&d=mm&r=g\",\"url\":\"https:\\\/\\\/secure.gravatar.com\\\/avatar\\\/a545bbb6f84efdd5553dbbc2895e3ca8f1d12c5215e00a041c9670b54aa9b18a?s=96&d=mm&r=g\",\"contentUrl\":\"https:\\\/\\\/secure.gravatar.com\\\/avatar\\\/a545bbb6f84efdd5553dbbc2895e3ca8f1d12c5215e00a041c9670b54aa9b18a?s=96&d=mm&r=g\",\"caption\":\"MC\"},\"url\":\"https:\\\/\\\/www.webdo.tn\\\/fr\\\/actualite\\\/author\\\/mc\\\/\"}]}<\/script>\n<!-- \/ Yoast SEO Premium plugin. -->","yoast_head_json":{"title":"Tunisie : Abdeltif Mekki agress\u00e9 et br\u00fbl\u00e9 aux produits chimiques","description":"Abdeltif Mekki, secr\u00e9taire g\u00e9n\u00e9ral du parti \u00c2mal we Injaz , a \u00e9t\u00e9 agress\u00e9 \u00e0 son domicile ce mercredi 20 novembre 2024 et transport\u00e9 d\u2019urgence \u00e0 l\u2019h\u00f4pital.","canonical":"https:\/\/www.webdo.tn\/fr\/actualite\/national\/tunisie-abdeltif-mekki-agresse-et-brule-aux-produits-chimiques\/217718\/","og_locale":"fr_FR","og_type":"article","og_title":"Tunisie : Abdeltif Mekki agress\u00e9 et br\u00fbl\u00e9 aux produits chimiques","og_description":"Abdeltif Mekki, secr\u00e9taire g\u00e9n\u00e9ral du parti \u00c2mal we Injaz , a \u00e9t\u00e9 agress\u00e9 \u00e0 son domicile ce mercredi 20 novembre 2024 et transport\u00e9 d\u2019urgence \u00e0 l\u2019h\u00f4pital.","og_url":"https:\/\/www.webdo.tn\/fr\/actualite\/national\/tunisie-abdeltif-mekki-agresse-et-brule-aux-produits-chimiques\/217718\/","og_site_name":"webdo","article_publisher":"https:\/\/www.facebook.com\/webdotn","article_published_time":"2024-11-20T09:09:00+00:00","article_modified_time":"2025-05-20T22:15:08+00:00","og_image":[{"width":750,"height":400,"url":"https:\/\/www.webdo.tn\/fr\/wp-content\/uploads\/2024\/11\/988103a24a0c484fac130b461880a792.webp","type":"image\/webp"}],"author":"MC","twitter_card":"summary_large_image","twitter_creator":"@webdo_tn","twitter_site":"@webdo_tn","twitter_misc":{"\u00c9crit par":"MC","Dur\u00e9e de lecture estim\u00e9e":"1 minute"},"schema":{"@context":"https:\/\/schema.org","@graph":[{"@type":"NewsArticle","@id":"https:\/\/www.webdo.tn\/fr\/actualite\/national\/tunisie-abdeltif-mekki-agresse-et-brule-aux-produits-chimiques\/217718\/#article","isPartOf":{"@id":"https:\/\/www.webdo.tn\/fr\/actualite\/national\/tunisie-abdeltif-mekki-agresse-et-brule-aux-produits-chimiques\/217718\/"},"author":{"name":"MC","@id":"https:\/\/www.webdo.tn\/fr\/#\/schema\/person\/2c4929cbf5a809e3bd38617c6ce150f6"},"headline":"Tunisie : Abdeltif Mekki agress\u00e9 et br\u00fbl\u00e9 aux produits chimiques","datePublished":"2024-11-20T09:09:00+00:00","dateModified":"2025-05-20T22:15:08+00:00","mainEntityOfPage":{"@id":"https:\/\/www.webdo.tn\/fr\/actualite\/national\/tunisie-abdeltif-mekki-agresse-et-brule-aux-produits-chimiques\/217718\/"},"wordCount":202,"commentCount":0,"publisher":{"@id":"https:\/\/www.webdo.tn\/fr\/#organization"},"image":{"@id":"https:\/\/www.webdo.tn\/fr\/actualite\/national\/tunisie-abdeltif-mekki-agresse-et-brule-aux-produits-chimiques\/217718\/#primaryimage"},"thumbnailUrl":"https:\/\/www.webdo.tn\/fr\/wp-content\/uploads\/2024\/11\/988103a24a0c484fac130b461880a792.webp","keywords":["'produits chimiques']","Abdeltif Mekki","agression","Tunisie"],"articleSection":["National"],"inLanguage":"fr-FR"},{"@type":"WebPage","@id":"https:\/\/www.webdo.tn\/fr\/actualite\/national\/tunisie-abdeltif-mekki-agresse-et-brule-aux-produits-chimiques\/217718\/","url":"https:\/\/www.webdo.tn\/fr\/actualite\/national\/tunisie-abdeltif-mekki-agresse-et-brule-aux-produits-chimiques\/217718\/","name":"Tunisie : Abdeltif Mekki agress\u00e9 et br\u00fbl\u00e9 aux produits chimiques","isPartOf":{"@id":"https:\/\/www.webdo.tn\/fr\/#website"},"primaryImageOfPage":{"@id":"https:\/\/www.webdo.tn\/fr\/actualite\/national\/tunisie-abdeltif-mekki-agresse-et-brule-aux-produits-chimiques\/217718\/#primaryimage"},"image":{"@id":"https:\/\/www.webdo.tn\/fr\/actualite\/national\/tunisie-abdeltif-mekki-agresse-et-brule-aux-produits-chimiques\/217718\/#primaryimage"},"thumbnailUrl":"https:\/\/www.webdo.tn\/fr\/wp-content\/uploads\/2024\/11\/988103a24a0c484fac130b461880a792.webp","datePublished":"2024-11-20T09:09:00+00:00","dateModified":"2025-05-20T22:15:08+00:00","description":"Abdeltif Mekki, secr\u00e9taire g\u00e9n\u00e9ral du parti \u00c2mal we Injaz , a \u00e9t\u00e9 agress\u00e9 \u00e0 son domicile ce mercredi 20 novembre 2024 et transport\u00e9 d\u2019urgence \u00e0 l\u2019h\u00f4pital.","breadcrumb":{"@id":"https:\/\/www.webdo.tn\/fr\/actualite\/national\/tunisie-abdeltif-mekki-agresse-et-brule-aux-produits-chimiques\/217718\/#breadcrumb"},"inLanguage":"fr-FR","potentialAction":[{"@type":"ReadAction","target":["https:\/\/www.webdo.tn\/fr\/actualite\/national\/tunisie-abdeltif-mekki-agresse-et-brule-aux-produits-chimiques\/217718\/"]}]},{"@type":"ImageObject","inLanguage":"fr-FR","@id":"https:\/\/www.webdo.tn\/fr\/actualite\/national\/tunisie-abdeltif-mekki-agresse-et-brule-aux-produits-chimiques\/217718\/#primaryimage","url":"https:\/\/www.webdo.tn\/fr\/wp-content\/uploads\/2024\/11\/988103a24a0c484fac130b461880a792.webp","contentUrl":"https:\/\/www.webdo.tn\/fr\/wp-content\/uploads\/2024\/11\/988103a24a0c484fac130b461880a792.webp","width":750,"height":400,"caption":"Tunisie : Abdeltif Mekki agress\u00e9 et br\u00fbl\u00e9 aux produits chimiques"},{"@type":"BreadcrumbList","@id":"https:\/\/www.webdo.tn\/fr\/actualite\/national\/tunisie-abdeltif-mekki-agresse-et-brule-aux-produits-chimiques\/217718\/#breadcrumb","itemListElement":[{"@type":"ListItem","position":1,"name":"Accueil","item":"https:\/\/www.webdo.tn\/fr\/"},{"@type":"ListItem","position":2,"name":"Tunisie : Abdeltif Mekki agress\u00e9 et br\u00fbl\u00e9 aux produits chimiques"}]},{"@type":"WebSite","@id":"https:\/\/www.webdo.tn\/fr\/#website","url":"https:\/\/www.webdo.tn\/fr\/","name":"webdo","description":"Tunisie - News en Tunisie et \u00e0 l&#039;international sur Webdo.tn","publisher":{"@id":"https:\/\/www.webdo.tn\/fr\/#organization"},"potentialAction":[{"@type":"SearchAction","target":{"@type":"EntryPoint","urlTemplate":"https:\/\/www.webdo.tn\/fr\/?s={search_term_string}"},"query-input":{"@type":"PropertyValueSpecification","valueRequired":true,"valueName":"search_term_string"}}],"inLanguage":"fr-FR"},{"@type":"Organization","@id":"https:\/\/www.webdo.tn\/fr\/#organization","name":"Webdo","alternateName":"Webdo.tn","url":"https:\/\/www.webdo.tn\/fr\/","logo":{"@type":"ImageObject","inLanguage":"fr-FR","@id":"https:\/\/www.webdo.tn\/fr\/#\/schema\/logo\/image\/","url":"https:\/\/www.webdo.tn\/fr\/wp-content\/uploads\/2025\/06\/Webdo-Tunisie_168377.jpg","contentUrl":"https:\/\/www.webdo.tn\/fr\/wp-content\/uploads\/2025\/06\/Webdo-Tunisie_168377.jpg","width":301,"height":301,"caption":"Webdo"},"image":{"@id":"https:\/\/www.webdo.tn\/fr\/#\/schema\/logo\/image\/"},"sameAs":["https:\/\/www.facebook.com\/webdotn","https:\/\/x.com\/webdo_tn"],"description":"Webdo est un m\u00e9dia num\u00e9rique tunisien fond\u00e9 en 2010, sp\u00e9cialis\u00e9 dans l\u2019actualit\u00e9 nationale et internationale, l\u2019\u00e9conomie, la soci\u00e9t\u00e9 et les analyses politiques. Le site s\u2019adresse \u00e0 un large public francophone et couvre l\u2019information tunisienne en temps r\u00e9el.","email":"redac@webdo.tn","legalName":"YNJ SARL","foundingDate":"2010-09-06","numberOfEmployees":{"@type":"QuantitativeValue","minValue":"11","maxValue":"50"}},{"@type":"Person","@id":"https:\/\/www.webdo.tn\/fr\/#\/schema\/person\/2c4929cbf5a809e3bd38617c6ce150f6","name":"MC","image":{"@type":"ImageObject","inLanguage":"fr-FR","@id":"https:\/\/secure.gravatar.com\/avatar\/a545bbb6f84efdd5553dbbc2895e3ca8f1d12c5215e00a041c9670b54aa9b18a?s=96&d=mm&r=g","url":"https:\/\/secure.gravatar.com\/avatar\/a545bbb6f84efdd5553dbbc2895e3ca8f1d12c5215e00a041c9670b54aa9b18a?s=96&d=mm&r=g","contentUrl":"https:\/\/secure.gravatar.com\/avatar\/a545bbb6f84efdd5553dbbc2895e3ca8f1d12c5215e00a041c9670b54aa9b18a?s=96&d=mm&r=g","caption":"MC"},"url":"https:\/\/www.webdo.tn\/fr\/actualite\/author\/mc\/"}]}},"_links":{"self":[{"href":"https:\/\/www.webdo.tn\/fr\/wp-json\/wp\/v2\/posts\/217718","targetHints":{"allow":["GET"]}}],"collection":[{"href":"https:\/\/www.webdo.tn\/fr\/wp-json\/wp\/v2\/posts"}],"about":[{"href":"https:\/\/www.webdo.tn\/fr\/wp-json\/wp\/v2\/types\/post"}],"author":[{"embeddable":true,"href":"https:\/\/www.webdo.tn\/fr\/wp-json\/wp\/v2\/users\/3162"}],"replies":[{"embeddable":true,"href":"https:\/\/www.webdo.tn\/fr\/wp-json\/wp\/v2\/comments?post=217718"}],"version-history":[{"count":0,"href":"https:\/\/www.webdo.tn\/fr\/wp-json\/wp\/v2\/posts\/217718\/revisions"}],"wp:featuredmedia":[{"embeddable":true,"href":"https:\/\/www.webdo.tn\/fr\/wp-json\/wp\/v2\/media\/291366"}],"wp:attachment":[{"href":"https:\/\/www.webdo.tn\/fr\/wp-json\/wp\/v2\/media?parent=217718"}],"wp:term":[{"taxonomy":"category","embeddable":true,"href":"https:\/\/www.webdo.tn\/fr\/wp-json\/wp\/v2\/categories?post=217718"},{"taxonomy":"post_tag","embeddable":true,"href":"https:\/\/www.webdo.tn\/fr\/wp-json\/wp\/v2\/tags?post=217718"}],"curies":[{"name":"wp","href":"https:\/\/api.w.org\/{rel}","templated":true}]}}