{"id":217700,"date":"2024-11-19T14:22:00","date_gmt":"2024-11-19T14:22:00","guid":{"rendered":"https:\/\/www.webdo.tn\/fr\/blog\/2024\/11\/19\/tunisie-mandat-de-depot-emis-contre-un-avocat-implique-dans-l-affaire-youssef-mimouni\/"},"modified":"2025-05-20T21:46:39","modified_gmt":"2025-05-20T21:46:39","slug":"tunisie-mandat-de-depot-emis-contre-un-avocat-implique-dans-l-affaire-youssef-mimouni","status":"publish","type":"post","link":"https:\/\/www.webdo.tn\/fr\/actualite\/national\/tunisie-mandat-de-depot-emis-contre-un-avocat-implique-dans-l-affaire-youssef-mimouni\/217700\/","title":{"rendered":"Tunisie : Mandat de d\u00e9p\u00f4t \u00e0 l&rsquo;encontre d&rsquo;un avocat impliqu\u00e9 dans l\u2019affaire Youssef Mimouni"},"content":{"rendered":"<p>Le premier juge d&rsquo;instruction du P\u00f4le judiciaire \u00e9conomique et financier a d\u00e9livr\u00e9, aujourd\u2019hui, un mandat de d\u00e9p\u00f4t, contre un avocat, impliqu\u00e9 dans l\u2019affaire Youssef Mimouni relative \u00e0 des faits de corruption financi\u00e8re, de constitution de biens \u00e0 l&rsquo;\u00e9tranger sans autorisation de la Banque centrale, et de tentative d&rsquo;exportation de fonds \u00e0 l&rsquo;\u00e9tranger.<\/p>\n<p>\t\t\t\t\t\t\t\t\tAinsi apr\u00e8s avoir \u00e9mis, hier une interdiction de voyage frappant une trentaine de personnes impliqu\u00e9es dans les enqu\u00eates li\u00e9es \u00e0 l\u2019homme d\u2019affaires Youssef Mimouni dont des fonctionnaires, des avocats, des juges et des experts judiciaires, le juge d&rsquo;instruction du p\u00f4le judiciaire \u00e9conomique et financier a d\u00e9livr\u00e9 un nouveau mandat de d\u00e9p\u00f4t.<\/p>\n<p>Il avait d\u00e9j\u00e0 \u00e9mis des mandats de d\u00e9p\u00f4t \u00e0 l\u2019encontre de Youssef Mimouni, d\u2019un de ses proches, ainsi que de cadres d\u2019une banque publique, y compris un ancien directeur g\u00e9n\u00e9ral de la banque et le propri\u00e9taire d\u2019un cabinet de conseils. <\/p>\n<p>En outre, il a ordonn\u00e9 le gel des avoirs, des comptes bancaires, ainsi que des transferts de propri\u00e9t\u00e9 des biens immobiliers appartenant \u00e0 certaines des personnes concern\u00e9es, dans le cadre de mesures conservatoires, en attendant la finalisation des investigations relatives \u00e0 l\u2019affaire.<\/p>\n<p>Cette affaire serait li\u00e9e \u00e0 celle de la BH Bank, o\u00f9 le 23 octobre, des mandats d&rsquo;arr\u00eat ont \u00e9t\u00e9 lanc\u00e9s contre Mimouni, son fils et l&rsquo;ex-directeur g\u00e9n\u00e9ral de la banque, dans le cadre d&rsquo;une enqu\u00eate pour blanchiment d&rsquo;argent impliquant un r\u00e9seau de 55 personnes, dont des employ\u00e9s de la banque. <\/p>\n<p>L&rsquo;enqu\u00eate a r\u00e9v\u00e9l\u00e9 un syst\u00e8me complexe de d\u00e9tournement de fonds publics et des liens avec divers acteurs judiciaires et administratifs. Les charges incluent le blanchiment d&rsquo;argent, l&rsquo;abus de fonction, la corruption et la falsification de documents.<\/p>\n","protected":false},"excerpt":{"rendered":"<p>Le premier juge d&rsquo;instruction du P\u00f4le judiciaire \u00e9conomique et financier a d\u00e9livr\u00e9, aujourd\u2019hui, un mandat de d\u00e9p\u00f4t, contre un avocat, impliqu\u00e9 dans l\u2019affaire Y&#8230;<\/p>\n","protected":false},"author":3162,"featured_media":243964,"comment_status":"open","ping_status":"open","sticky":false,"template":"","format":"standard","meta":{"footnotes":""},"categories":[44],"tags":[3042,2886,2608,2684],"class_list":["post-217700","post","type-post","status-publish","format-standard","has-post-thumbnail","hentry","category-national","tag-avocat","tag-mandat-de-depot","tag-tunisie","tag-youssef-mimouni"],"yoast_head":"<!-- This site is optimized with the Yoast SEO Premium plugin v27.5 (Yoast SEO v27.5) - https:\/\/yoast.com\/product\/yoast-seo-premium-wordpress\/ -->\n<title>Tunisie : Mandat de d\u00e9p\u00f4t \u00e0 l&#039;encontre d&#039;un avocat impliqu\u00e9 dans l\u2019affaire Youssef Mimouni<\/title>\n<meta name=\"description\" content=\"Le premier juge d&#039;instruction du P\u00f4le judiciaire \u00e9conomique et financier a d\u00e9livr\u00e9, aujourd\u2019hui, un mandat de d\u00e9p\u00f4t, contre un avocat, impliqu\u00e9 dans l\u2019affaire Y...\" \/>\n<link rel=\"canonical\" href=\"https:\/\/www.webdo.tn\/fr\/actualite\/national\/tunisie-mandat-de-depot-emis-contre-un-avocat-implique-dans-l-affaire-youssef-mimouni\/217700\/\" \/>\n<meta property=\"og:locale\" content=\"fr_FR\" \/>\n<meta property=\"og:type\" content=\"article\" \/>\n<meta property=\"og:title\" content=\"Tunisie : Mandat de d\u00e9p\u00f4t \u00e0 l&#039;encontre d&#039;un avocat impliqu\u00e9 dans l\u2019affaire Youssef Mimouni\" \/>\n<meta property=\"og:description\" content=\"Le premier juge d&#039;instruction du P\u00f4le judiciaire \u00e9conomique et financier a d\u00e9livr\u00e9, aujourd\u2019hui, un mandat de d\u00e9p\u00f4t, contre un avocat, impliqu\u00e9 dans l\u2019affaire Y...\" \/>\n<meta property=\"og:url\" content=\"https:\/\/www.webdo.tn\/fr\/actualite\/national\/tunisie-mandat-de-depot-emis-contre-un-avocat-implique-dans-l-affaire-youssef-mimouni\/217700\/\" \/>\n<meta property=\"og:site_name\" content=\"webdo\" \/>\n<meta property=\"article:publisher\" content=\"https:\/\/www.facebook.com\/webdotn\" \/>\n<meta property=\"article:published_time\" content=\"2024-11-19T14:22:00+00:00\" \/>\n<meta property=\"article:modified_time\" content=\"2025-05-20T21:46:39+00:00\" \/>\n<meta property=\"og:image\" content=\"https:\/\/www.webdo.tn\/fr\/wp-content\/uploads\/2025\/05\/82501b6d0c106a6e9cdea628b775c1cc-2.webp\" \/>\n\t<meta property=\"og:image:width\" content=\"660\" \/>\n\t<meta property=\"og:image:height\" content=\"352\" \/>\n\t<meta property=\"og:image:type\" content=\"image\/webp\" \/>\n<meta name=\"author\" content=\"MC\" \/>\n<meta name=\"twitter:card\" content=\"summary_large_image\" \/>\n<meta name=\"twitter:creator\" content=\"@webdo_tn\" \/>\n<meta name=\"twitter:site\" content=\"@webdo_tn\" \/>\n<meta name=\"twitter:label1\" content=\"\u00c9crit par\" \/>\n\t<meta name=\"twitter:data1\" content=\"MC\" \/>\n\t<meta name=\"twitter:label2\" content=\"Dur\u00e9e de lecture estim\u00e9e\" \/>\n\t<meta name=\"twitter:data2\" content=\"2 minutes\" \/>\n<script type=\"application\/ld+json\" class=\"yoast-schema-graph\">{\"@context\":\"https:\\\/\\\/schema.org\",\"@graph\":[{\"@type\":\"NewsArticle\",\"@id\":\"https:\\\/\\\/www.webdo.tn\\\/fr\\\/actualite\\\/national\\\/tunisie-mandat-de-depot-emis-contre-un-avocat-implique-dans-l-affaire-youssef-mimouni\\\/217700\\\/#article\",\"isPartOf\":{\"@id\":\"https:\\\/\\\/www.webdo.tn\\\/fr\\\/actualite\\\/national\\\/tunisie-mandat-de-depot-emis-contre-un-avocat-implique-dans-l-affaire-youssef-mimouni\\\/217700\\\/\"},\"author\":{\"name\":\"MC\",\"@id\":\"https:\\\/\\\/www.webdo.tn\\\/fr\\\/#\\\/schema\\\/person\\\/2c4929cbf5a809e3bd38617c6ce150f6\"},\"headline\":\"Tunisie : Mandat de d\u00e9p\u00f4t \u00e0 l&rsquo;encontre d&rsquo;un avocat impliqu\u00e9 dans l\u2019affaire Youssef Mimouni\",\"datePublished\":\"2024-11-19T14:22:00+00:00\",\"dateModified\":\"2025-05-20T21:46:39+00:00\",\"mainEntityOfPage\":{\"@id\":\"https:\\\/\\\/www.webdo.tn\\\/fr\\\/actualite\\\/national\\\/tunisie-mandat-de-depot-emis-contre-un-avocat-implique-dans-l-affaire-youssef-mimouni\\\/217700\\\/\"},\"wordCount\":333,\"commentCount\":0,\"publisher\":{\"@id\":\"https:\\\/\\\/www.webdo.tn\\\/fr\\\/#organization\"},\"image\":{\"@id\":\"https:\\\/\\\/www.webdo.tn\\\/fr\\\/actualite\\\/national\\\/tunisie-mandat-de-depot-emis-contre-un-avocat-implique-dans-l-affaire-youssef-mimouni\\\/217700\\\/#primaryimage\"},\"thumbnailUrl\":\"https:\\\/\\\/www.webdo.tn\\\/fr\\\/wp-content\\\/uploads\\\/2025\\\/05\\\/82501b6d0c106a6e9cdea628b775c1cc-2.webp\",\"keywords\":[\"avocat\",\"mandat de d\u00e9p\u00f4t\",\"Tunisie\",\"youssef mimouni\"],\"articleSection\":[\"National\"],\"inLanguage\":\"fr-FR\"},{\"@type\":\"WebPage\",\"@id\":\"https:\\\/\\\/www.webdo.tn\\\/fr\\\/actualite\\\/national\\\/tunisie-mandat-de-depot-emis-contre-un-avocat-implique-dans-l-affaire-youssef-mimouni\\\/217700\\\/\",\"url\":\"https:\\\/\\\/www.webdo.tn\\\/fr\\\/actualite\\\/national\\\/tunisie-mandat-de-depot-emis-contre-un-avocat-implique-dans-l-affaire-youssef-mimouni\\\/217700\\\/\",\"name\":\"Tunisie : Mandat de d\u00e9p\u00f4t \u00e0 l'encontre d'un avocat impliqu\u00e9 dans l\u2019affaire Youssef Mimouni\",\"isPartOf\":{\"@id\":\"https:\\\/\\\/www.webdo.tn\\\/fr\\\/#website\"},\"primaryImageOfPage\":{\"@id\":\"https:\\\/\\\/www.webdo.tn\\\/fr\\\/actualite\\\/national\\\/tunisie-mandat-de-depot-emis-contre-un-avocat-implique-dans-l-affaire-youssef-mimouni\\\/217700\\\/#primaryimage\"},\"image\":{\"@id\":\"https:\\\/\\\/www.webdo.tn\\\/fr\\\/actualite\\\/national\\\/tunisie-mandat-de-depot-emis-contre-un-avocat-implique-dans-l-affaire-youssef-mimouni\\\/217700\\\/#primaryimage\"},\"thumbnailUrl\":\"https:\\\/\\\/www.webdo.tn\\\/fr\\\/wp-content\\\/uploads\\\/2025\\\/05\\\/82501b6d0c106a6e9cdea628b775c1cc-2.webp\",\"datePublished\":\"2024-11-19T14:22:00+00:00\",\"dateModified\":\"2025-05-20T21:46:39+00:00\",\"description\":\"Le premier juge d'instruction du P\u00f4le judiciaire \u00e9conomique et financier a d\u00e9livr\u00e9, aujourd\u2019hui, un mandat de d\u00e9p\u00f4t, contre un avocat, impliqu\u00e9 dans l\u2019affaire Y...\",\"breadcrumb\":{\"@id\":\"https:\\\/\\\/www.webdo.tn\\\/fr\\\/actualite\\\/national\\\/tunisie-mandat-de-depot-emis-contre-un-avocat-implique-dans-l-affaire-youssef-mimouni\\\/217700\\\/#breadcrumb\"},\"inLanguage\":\"fr-FR\",\"potentialAction\":[{\"@type\":\"ReadAction\",\"target\":[\"https:\\\/\\\/www.webdo.tn\\\/fr\\\/actualite\\\/national\\\/tunisie-mandat-de-depot-emis-contre-un-avocat-implique-dans-l-affaire-youssef-mimouni\\\/217700\\\/\"]}]},{\"@type\":\"ImageObject\",\"inLanguage\":\"fr-FR\",\"@id\":\"https:\\\/\\\/www.webdo.tn\\\/fr\\\/actualite\\\/national\\\/tunisie-mandat-de-depot-emis-contre-un-avocat-implique-dans-l-affaire-youssef-mimouni\\\/217700\\\/#primaryimage\",\"url\":\"https:\\\/\\\/www.webdo.tn\\\/fr\\\/wp-content\\\/uploads\\\/2025\\\/05\\\/82501b6d0c106a6e9cdea628b775c1cc-2.webp\",\"contentUrl\":\"https:\\\/\\\/www.webdo.tn\\\/fr\\\/wp-content\\\/uploads\\\/2025\\\/05\\\/82501b6d0c106a6e9cdea628b775c1cc-2.webp\",\"width\":660,\"height\":352},{\"@type\":\"BreadcrumbList\",\"@id\":\"https:\\\/\\\/www.webdo.tn\\\/fr\\\/actualite\\\/national\\\/tunisie-mandat-de-depot-emis-contre-un-avocat-implique-dans-l-affaire-youssef-mimouni\\\/217700\\\/#breadcrumb\",\"itemListElement\":[{\"@type\":\"ListItem\",\"position\":1,\"name\":\"Accueil\",\"item\":\"https:\\\/\\\/www.webdo.tn\\\/fr\\\/\"},{\"@type\":\"ListItem\",\"position\":2,\"name\":\"Tunisie : Mandat de d\u00e9p\u00f4t \u00e0 l&#8217;encontre d&#8217;un avocat impliqu\u00e9 dans l\u2019affaire Youssef Mimouni\"}]},{\"@type\":\"WebSite\",\"@id\":\"https:\\\/\\\/www.webdo.tn\\\/fr\\\/#website\",\"url\":\"https:\\\/\\\/www.webdo.tn\\\/fr\\\/\",\"name\":\"webdo\",\"description\":\"Tunisie - News en Tunisie et \u00e0 l&#039;international sur Webdo.tn\",\"publisher\":{\"@id\":\"https:\\\/\\\/www.webdo.tn\\\/fr\\\/#organization\"},\"potentialAction\":[{\"@type\":\"SearchAction\",\"target\":{\"@type\":\"EntryPoint\",\"urlTemplate\":\"https:\\\/\\\/www.webdo.tn\\\/fr\\\/?s={search_term_string}\"},\"query-input\":{\"@type\":\"PropertyValueSpecification\",\"valueRequired\":true,\"valueName\":\"search_term_string\"}}],\"inLanguage\":\"fr-FR\"},{\"@type\":\"Organization\",\"@id\":\"https:\\\/\\\/www.webdo.tn\\\/fr\\\/#organization\",\"name\":\"Webdo\",\"alternateName\":\"Webdo.tn\",\"url\":\"https:\\\/\\\/www.webdo.tn\\\/fr\\\/\",\"logo\":{\"@type\":\"ImageObject\",\"inLanguage\":\"fr-FR\",\"@id\":\"https:\\\/\\\/www.webdo.tn\\\/fr\\\/#\\\/schema\\\/logo\\\/image\\\/\",\"url\":\"https:\\\/\\\/www.webdo.tn\\\/fr\\\/wp-content\\\/uploads\\\/2025\\\/06\\\/Webdo-Tunisie_168377.jpg\",\"contentUrl\":\"https:\\\/\\\/www.webdo.tn\\\/fr\\\/wp-content\\\/uploads\\\/2025\\\/06\\\/Webdo-Tunisie_168377.jpg\",\"width\":301,\"height\":301,\"caption\":\"Webdo\"},\"image\":{\"@id\":\"https:\\\/\\\/www.webdo.tn\\\/fr\\\/#\\\/schema\\\/logo\\\/image\\\/\"},\"sameAs\":[\"https:\\\/\\\/www.facebook.com\\\/webdotn\",\"https:\\\/\\\/x.com\\\/webdo_tn\"],\"description\":\"Webdo est un m\u00e9dia num\u00e9rique tunisien fond\u00e9 en 2010, sp\u00e9cialis\u00e9 dans l\u2019actualit\u00e9 nationale et internationale, l\u2019\u00e9conomie, la soci\u00e9t\u00e9 et les analyses politiques. Le site s\u2019adresse \u00e0 un large public francophone et couvre l\u2019information tunisienne en temps r\u00e9el.\",\"email\":\"redac@webdo.tn\",\"legalName\":\"YNJ SARL\",\"foundingDate\":\"2010-09-06\",\"numberOfEmployees\":{\"@type\":\"QuantitativeValue\",\"minValue\":\"11\",\"maxValue\":\"50\"}},{\"@type\":\"Person\",\"@id\":\"https:\\\/\\\/www.webdo.tn\\\/fr\\\/#\\\/schema\\\/person\\\/2c4929cbf5a809e3bd38617c6ce150f6\",\"name\":\"MC\",\"image\":{\"@type\":\"ImageObject\",\"inLanguage\":\"fr-FR\",\"@id\":\"https:\\\/\\\/secure.gravatar.com\\\/avatar\\\/a545bbb6f84efdd5553dbbc2895e3ca8f1d12c5215e00a041c9670b54aa9b18a?s=96&d=mm&r=g\",\"url\":\"https:\\\/\\\/secure.gravatar.com\\\/avatar\\\/a545bbb6f84efdd5553dbbc2895e3ca8f1d12c5215e00a041c9670b54aa9b18a?s=96&d=mm&r=g\",\"contentUrl\":\"https:\\\/\\\/secure.gravatar.com\\\/avatar\\\/a545bbb6f84efdd5553dbbc2895e3ca8f1d12c5215e00a041c9670b54aa9b18a?s=96&d=mm&r=g\",\"caption\":\"MC\"},\"url\":\"https:\\\/\\\/www.webdo.tn\\\/fr\\\/actualite\\\/author\\\/mc\\\/\"}]}<\/script>\n<!-- \/ Yoast SEO Premium plugin. -->","yoast_head_json":{"title":"Tunisie : Mandat de d\u00e9p\u00f4t \u00e0 l'encontre d'un avocat impliqu\u00e9 dans l\u2019affaire Youssef Mimouni","description":"Le premier juge d'instruction du P\u00f4le judiciaire \u00e9conomique et financier a d\u00e9livr\u00e9, aujourd\u2019hui, un mandat de d\u00e9p\u00f4t, contre un avocat, impliqu\u00e9 dans l\u2019affaire Y...","canonical":"https:\/\/www.webdo.tn\/fr\/actualite\/national\/tunisie-mandat-de-depot-emis-contre-un-avocat-implique-dans-l-affaire-youssef-mimouni\/217700\/","og_locale":"fr_FR","og_type":"article","og_title":"Tunisie : Mandat de d\u00e9p\u00f4t \u00e0 l'encontre d'un avocat impliqu\u00e9 dans l\u2019affaire Youssef Mimouni","og_description":"Le premier juge d'instruction du P\u00f4le judiciaire \u00e9conomique et financier a d\u00e9livr\u00e9, aujourd\u2019hui, un mandat de d\u00e9p\u00f4t, contre un avocat, impliqu\u00e9 dans l\u2019affaire Y...","og_url":"https:\/\/www.webdo.tn\/fr\/actualite\/national\/tunisie-mandat-de-depot-emis-contre-un-avocat-implique-dans-l-affaire-youssef-mimouni\/217700\/","og_site_name":"webdo","article_publisher":"https:\/\/www.facebook.com\/webdotn","article_published_time":"2024-11-19T14:22:00+00:00","article_modified_time":"2025-05-20T21:46:39+00:00","og_image":[{"width":660,"height":352,"url":"https:\/\/www.webdo.tn\/fr\/wp-content\/uploads\/2025\/05\/82501b6d0c106a6e9cdea628b775c1cc-2.webp","type":"image\/webp"}],"author":"MC","twitter_card":"summary_large_image","twitter_creator":"@webdo_tn","twitter_site":"@webdo_tn","twitter_misc":{"\u00c9crit par":"MC","Dur\u00e9e de lecture estim\u00e9e":"2 minutes"},"schema":{"@context":"https:\/\/schema.org","@graph":[{"@type":"NewsArticle","@id":"https:\/\/www.webdo.tn\/fr\/actualite\/national\/tunisie-mandat-de-depot-emis-contre-un-avocat-implique-dans-l-affaire-youssef-mimouni\/217700\/#article","isPartOf":{"@id":"https:\/\/www.webdo.tn\/fr\/actualite\/national\/tunisie-mandat-de-depot-emis-contre-un-avocat-implique-dans-l-affaire-youssef-mimouni\/217700\/"},"author":{"name":"MC","@id":"https:\/\/www.webdo.tn\/fr\/#\/schema\/person\/2c4929cbf5a809e3bd38617c6ce150f6"},"headline":"Tunisie : Mandat de d\u00e9p\u00f4t \u00e0 l&rsquo;encontre d&rsquo;un avocat impliqu\u00e9 dans l\u2019affaire Youssef Mimouni","datePublished":"2024-11-19T14:22:00+00:00","dateModified":"2025-05-20T21:46:39+00:00","mainEntityOfPage":{"@id":"https:\/\/www.webdo.tn\/fr\/actualite\/national\/tunisie-mandat-de-depot-emis-contre-un-avocat-implique-dans-l-affaire-youssef-mimouni\/217700\/"},"wordCount":333,"commentCount":0,"publisher":{"@id":"https:\/\/www.webdo.tn\/fr\/#organization"},"image":{"@id":"https:\/\/www.webdo.tn\/fr\/actualite\/national\/tunisie-mandat-de-depot-emis-contre-un-avocat-implique-dans-l-affaire-youssef-mimouni\/217700\/#primaryimage"},"thumbnailUrl":"https:\/\/www.webdo.tn\/fr\/wp-content\/uploads\/2025\/05\/82501b6d0c106a6e9cdea628b775c1cc-2.webp","keywords":["avocat","mandat de d\u00e9p\u00f4t","Tunisie","youssef mimouni"],"articleSection":["National"],"inLanguage":"fr-FR"},{"@type":"WebPage","@id":"https:\/\/www.webdo.tn\/fr\/actualite\/national\/tunisie-mandat-de-depot-emis-contre-un-avocat-implique-dans-l-affaire-youssef-mimouni\/217700\/","url":"https:\/\/www.webdo.tn\/fr\/actualite\/national\/tunisie-mandat-de-depot-emis-contre-un-avocat-implique-dans-l-affaire-youssef-mimouni\/217700\/","name":"Tunisie : Mandat de d\u00e9p\u00f4t \u00e0 l'encontre d'un avocat impliqu\u00e9 dans l\u2019affaire Youssef Mimouni","isPartOf":{"@id":"https:\/\/www.webdo.tn\/fr\/#website"},"primaryImageOfPage":{"@id":"https:\/\/www.webdo.tn\/fr\/actualite\/national\/tunisie-mandat-de-depot-emis-contre-un-avocat-implique-dans-l-affaire-youssef-mimouni\/217700\/#primaryimage"},"image":{"@id":"https:\/\/www.webdo.tn\/fr\/actualite\/national\/tunisie-mandat-de-depot-emis-contre-un-avocat-implique-dans-l-affaire-youssef-mimouni\/217700\/#primaryimage"},"thumbnailUrl":"https:\/\/www.webdo.tn\/fr\/wp-content\/uploads\/2025\/05\/82501b6d0c106a6e9cdea628b775c1cc-2.webp","datePublished":"2024-11-19T14:22:00+00:00","dateModified":"2025-05-20T21:46:39+00:00","description":"Le premier juge d'instruction du P\u00f4le judiciaire \u00e9conomique et financier a d\u00e9livr\u00e9, aujourd\u2019hui, un mandat de d\u00e9p\u00f4t, contre un avocat, impliqu\u00e9 dans l\u2019affaire Y...","breadcrumb":{"@id":"https:\/\/www.webdo.tn\/fr\/actualite\/national\/tunisie-mandat-de-depot-emis-contre-un-avocat-implique-dans-l-affaire-youssef-mimouni\/217700\/#breadcrumb"},"inLanguage":"fr-FR","potentialAction":[{"@type":"ReadAction","target":["https:\/\/www.webdo.tn\/fr\/actualite\/national\/tunisie-mandat-de-depot-emis-contre-un-avocat-implique-dans-l-affaire-youssef-mimouni\/217700\/"]}]},{"@type":"ImageObject","inLanguage":"fr-FR","@id":"https:\/\/www.webdo.tn\/fr\/actualite\/national\/tunisie-mandat-de-depot-emis-contre-un-avocat-implique-dans-l-affaire-youssef-mimouni\/217700\/#primaryimage","url":"https:\/\/www.webdo.tn\/fr\/wp-content\/uploads\/2025\/05\/82501b6d0c106a6e9cdea628b775c1cc-2.webp","contentUrl":"https:\/\/www.webdo.tn\/fr\/wp-content\/uploads\/2025\/05\/82501b6d0c106a6e9cdea628b775c1cc-2.webp","width":660,"height":352},{"@type":"BreadcrumbList","@id":"https:\/\/www.webdo.tn\/fr\/actualite\/national\/tunisie-mandat-de-depot-emis-contre-un-avocat-implique-dans-l-affaire-youssef-mimouni\/217700\/#breadcrumb","itemListElement":[{"@type":"ListItem","position":1,"name":"Accueil","item":"https:\/\/www.webdo.tn\/fr\/"},{"@type":"ListItem","position":2,"name":"Tunisie : Mandat de d\u00e9p\u00f4t \u00e0 l&#8217;encontre d&#8217;un avocat impliqu\u00e9 dans l\u2019affaire Youssef Mimouni"}]},{"@type":"WebSite","@id":"https:\/\/www.webdo.tn\/fr\/#website","url":"https:\/\/www.webdo.tn\/fr\/","name":"webdo","description":"Tunisie - News en Tunisie et \u00e0 l&#039;international sur Webdo.tn","publisher":{"@id":"https:\/\/www.webdo.tn\/fr\/#organization"},"potentialAction":[{"@type":"SearchAction","target":{"@type":"EntryPoint","urlTemplate":"https:\/\/www.webdo.tn\/fr\/?s={search_term_string}"},"query-input":{"@type":"PropertyValueSpecification","valueRequired":true,"valueName":"search_term_string"}}],"inLanguage":"fr-FR"},{"@type":"Organization","@id":"https:\/\/www.webdo.tn\/fr\/#organization","name":"Webdo","alternateName":"Webdo.tn","url":"https:\/\/www.webdo.tn\/fr\/","logo":{"@type":"ImageObject","inLanguage":"fr-FR","@id":"https:\/\/www.webdo.tn\/fr\/#\/schema\/logo\/image\/","url":"https:\/\/www.webdo.tn\/fr\/wp-content\/uploads\/2025\/06\/Webdo-Tunisie_168377.jpg","contentUrl":"https:\/\/www.webdo.tn\/fr\/wp-content\/uploads\/2025\/06\/Webdo-Tunisie_168377.jpg","width":301,"height":301,"caption":"Webdo"},"image":{"@id":"https:\/\/www.webdo.tn\/fr\/#\/schema\/logo\/image\/"},"sameAs":["https:\/\/www.facebook.com\/webdotn","https:\/\/x.com\/webdo_tn"],"description":"Webdo est un m\u00e9dia num\u00e9rique tunisien fond\u00e9 en 2010, sp\u00e9cialis\u00e9 dans l\u2019actualit\u00e9 nationale et internationale, l\u2019\u00e9conomie, la soci\u00e9t\u00e9 et les analyses politiques. Le site s\u2019adresse \u00e0 un large public francophone et couvre l\u2019information tunisienne en temps r\u00e9el.","email":"redac@webdo.tn","legalName":"YNJ SARL","foundingDate":"2010-09-06","numberOfEmployees":{"@type":"QuantitativeValue","minValue":"11","maxValue":"50"}},{"@type":"Person","@id":"https:\/\/www.webdo.tn\/fr\/#\/schema\/person\/2c4929cbf5a809e3bd38617c6ce150f6","name":"MC","image":{"@type":"ImageObject","inLanguage":"fr-FR","@id":"https:\/\/secure.gravatar.com\/avatar\/a545bbb6f84efdd5553dbbc2895e3ca8f1d12c5215e00a041c9670b54aa9b18a?s=96&d=mm&r=g","url":"https:\/\/secure.gravatar.com\/avatar\/a545bbb6f84efdd5553dbbc2895e3ca8f1d12c5215e00a041c9670b54aa9b18a?s=96&d=mm&r=g","contentUrl":"https:\/\/secure.gravatar.com\/avatar\/a545bbb6f84efdd5553dbbc2895e3ca8f1d12c5215e00a041c9670b54aa9b18a?s=96&d=mm&r=g","caption":"MC"},"url":"https:\/\/www.webdo.tn\/fr\/actualite\/author\/mc\/"}]}},"_links":{"self":[{"href":"https:\/\/www.webdo.tn\/fr\/wp-json\/wp\/v2\/posts\/217700","targetHints":{"allow":["GET"]}}],"collection":[{"href":"https:\/\/www.webdo.tn\/fr\/wp-json\/wp\/v2\/posts"}],"about":[{"href":"https:\/\/www.webdo.tn\/fr\/wp-json\/wp\/v2\/types\/post"}],"author":[{"embeddable":true,"href":"https:\/\/www.webdo.tn\/fr\/wp-json\/wp\/v2\/users\/3162"}],"replies":[{"embeddable":true,"href":"https:\/\/www.webdo.tn\/fr\/wp-json\/wp\/v2\/comments?post=217700"}],"version-history":[{"count":0,"href":"https:\/\/www.webdo.tn\/fr\/wp-json\/wp\/v2\/posts\/217700\/revisions"}],"wp:featuredmedia":[{"embeddable":true,"href":"https:\/\/www.webdo.tn\/fr\/wp-json\/wp\/v2\/media\/243964"}],"wp:attachment":[{"href":"https:\/\/www.webdo.tn\/fr\/wp-json\/wp\/v2\/media?parent=217700"}],"wp:term":[{"taxonomy":"category","embeddable":true,"href":"https:\/\/www.webdo.tn\/fr\/wp-json\/wp\/v2\/categories?post=217700"},{"taxonomy":"post_tag","embeddable":true,"href":"https:\/\/www.webdo.tn\/fr\/wp-json\/wp\/v2\/tags?post=217700"}],"curies":[{"name":"wp","href":"https:\/\/api.w.org\/{rel}","templated":true}]}}