{"id":217690,"date":"2024-11-19T10:39:00","date_gmt":"2024-11-19T10:39:00","guid":{"rendered":"https:\/\/www.webdo.tn\/fr\/blog\/tunisie-coupure-d-eau-aujourd-hui-a-rades\/217690\/"},"modified":"2025-05-20T22:15:05","modified_gmt":"2025-05-20T22:15:05","slug":"tunisie-coupure-d-eau-aujourd-hui-a-rades","status":"publish","type":"post","link":"https:\/\/www.webdo.tn\/fr\/actualite\/regions\/tunisie-coupure-d-eau-aujourd-hui-a-rades\/217690\/","title":{"rendered":"Tunisie : Coupure d\u2019eau, aujourd\u2019hui \u00e0 Rades"},"content":{"rendered":"<p>La localit\u00e9 de Rades sera priv\u00e9e d\u2019eau dans certains quartiers suite \u00e0 une coupure due \u00e0 des travaux.<\/p>\n<p>\t\t\t\t\t\t\t\t\tLa Soci\u00e9t\u00e9 nationale d\u2019exploitation et de distribution des eaux (SONEDE) indique dans un communiqu\u00e9 publi\u00e9 ce mardi 19 novembre 2024, qu\u2019une perturbation et une coupure de la distribution de l\u2019eau courante, seront enregistr\u00e9es, aujourd\u2019hui \u00e0 partir de 19h00.<\/p>\n<p>La coupure d\u2019eau concerne l&rsquo;avenue Habib Bourguiba, la rue de Carthage et les immeubles de la Cit\u00e9 Mohamed Ali \u00e0 Rad\u00e8s, et ce en raison des travaux programm\u00e9s au niveau du canal principal d&rsquo;un diam\u00e8tre de 500 millim\u00e8tres. <\/p>\n<p>La SONEDE ajoute que la reprise progressive de l&rsquo;approvisionnement en eau est pr\u00e9vue, demain mercredi, \u00e0 partir de 5 heures du matin, apr\u00e8s l&rsquo;ach\u00e8vement des travaux.<\/p>\n","protected":false},"excerpt":{"rendered":"<p>La Soci\u00e9t\u00e9 nationale d\u2019exploitation et de distribution des eaux (SONEDE) indique dans un communiqu\u00e9 publi\u00e9 ce mardi 19 novembre 2024, qu\u2019une perturbation et une&#8230;<\/p>\n","protected":false},"author":3162,"featured_media":291351,"comment_status":"open","ping_status":"closed","sticky":false,"template":"","format":"standard","meta":{"footnotes":""},"categories":[2595],"tags":[2753,2754,2752,2608],"class_list":["post-217690","post","type-post","status-publish","format-standard","has-post-thumbnail","hentry","category-regions","tag-coupure-deau","tag-rades","tag-sonede","tag-tunisie"],"yoast_head":"<!-- This site is optimized with the Yoast SEO Premium plugin v27.4 (Yoast SEO v27.5) - https:\/\/yoast.com\/product\/yoast-seo-premium-wordpress\/ -->\n<title>Tunisie : Coupure d\u2019eau, aujourd\u2019hui \u00e0 Rades<\/title>\n<meta name=\"description\" content=\"La Soci\u00e9t\u00e9 nationale d\u2019exploitation et de distribution des eaux (SONEDE) indique dans un communiqu\u00e9 publi\u00e9 ce mardi 19 novembre 2024, qu\u2019une perturbation et une...\" \/>\n<link rel=\"canonical\" href=\"https:\/\/www.webdo.tn\/fr\/actualite\/regions\/tunisie-coupure-d-eau-aujourd-hui-a-rades\/217690\/\" \/>\n<meta property=\"og:locale\" content=\"fr_FR\" \/>\n<meta property=\"og:type\" content=\"article\" \/>\n<meta property=\"og:title\" content=\"Tunisie : Coupure d\u2019eau, aujourd\u2019hui \u00e0 Rades\" \/>\n<meta property=\"og:description\" content=\"La Soci\u00e9t\u00e9 nationale d\u2019exploitation et de distribution des eaux (SONEDE) indique dans un communiqu\u00e9 publi\u00e9 ce mardi 19 novembre 2024, qu\u2019une perturbation et une...\" \/>\n<meta property=\"og:url\" content=\"https:\/\/www.webdo.tn\/fr\/actualite\/regions\/tunisie-coupure-d-eau-aujourd-hui-a-rades\/217690\/\" \/>\n<meta property=\"og:site_name\" content=\"webdo\" \/>\n<meta property=\"article:publisher\" content=\"https:\/\/www.facebook.com\/webdotn\" \/>\n<meta property=\"article:published_time\" content=\"2024-11-19T10:39:00+00:00\" \/>\n<meta property=\"article:modified_time\" content=\"2025-05-20T22:15:05+00:00\" \/>\n<meta property=\"og:image\" content=\"https:\/\/www.webdo.tn\/fr\/wp-content\/uploads\/2024\/11\/35d0cce3d8f2845bd363772c83399707.webp\" \/>\n\t<meta property=\"og:image:width\" content=\"750\" \/>\n\t<meta property=\"og:image:height\" content=\"400\" \/>\n\t<meta property=\"og:image:type\" content=\"image\/webp\" \/>\n<meta name=\"author\" content=\"MC\" \/>\n<meta name=\"twitter:card\" content=\"summary_large_image\" \/>\n<meta name=\"twitter:creator\" content=\"@webdo_tn\" \/>\n<meta name=\"twitter:site\" content=\"@webdo_tn\" \/>\n<meta name=\"twitter:label1\" content=\"\u00c9crit par\" \/>\n\t<meta name=\"twitter:data1\" content=\"MC\" \/>\n\t<meta name=\"twitter:label2\" content=\"Dur\u00e9e de lecture estim\u00e9e\" \/>\n\t<meta name=\"twitter:data2\" content=\"1 minute\" \/>\n<script type=\"application\/ld+json\" class=\"yoast-schema-graph\">{\"@context\":\"https:\\\/\\\/schema.org\",\"@graph\":[{\"@type\":\"NewsArticle\",\"@id\":\"https:\\\/\\\/www.webdo.tn\\\/fr\\\/actualite\\\/regions\\\/tunisie-coupure-d-eau-aujourd-hui-a-rades\\\/217690\\\/#article\",\"isPartOf\":{\"@id\":\"https:\\\/\\\/www.webdo.tn\\\/fr\\\/actualite\\\/regions\\\/tunisie-coupure-d-eau-aujourd-hui-a-rades\\\/217690\\\/\"},\"author\":{\"name\":\"MC\",\"@id\":\"https:\\\/\\\/www.webdo.tn\\\/fr\\\/#\\\/schema\\\/person\\\/2c4929cbf5a809e3bd38617c6ce150f6\"},\"headline\":\"Tunisie : Coupure d\u2019eau, aujourd\u2019hui \u00e0 Rades\",\"datePublished\":\"2024-11-19T10:39:00+00:00\",\"dateModified\":\"2025-05-20T22:15:05+00:00\",\"mainEntityOfPage\":{\"@id\":\"https:\\\/\\\/www.webdo.tn\\\/fr\\\/actualite\\\/regions\\\/tunisie-coupure-d-eau-aujourd-hui-a-rades\\\/217690\\\/\"},\"wordCount\":138,\"commentCount\":0,\"publisher\":{\"@id\":\"https:\\\/\\\/www.webdo.tn\\\/fr\\\/#organization\"},\"image\":{\"@id\":\"https:\\\/\\\/www.webdo.tn\\\/fr\\\/actualite\\\/regions\\\/tunisie-coupure-d-eau-aujourd-hui-a-rades\\\/217690\\\/#primaryimage\"},\"thumbnailUrl\":\"https:\\\/\\\/www.webdo.tn\\\/fr\\\/wp-content\\\/uploads\\\/2024\\\/11\\\/35d0cce3d8f2845bd363772c83399707.webp\",\"keywords\":[\"Coupure d'eau\",\"Rad\u00e8s\",\"Sonede\",\"Tunisie\"],\"articleSection\":[\"regions\"],\"inLanguage\":\"fr-FR\"},{\"@type\":\"WebPage\",\"@id\":\"https:\\\/\\\/www.webdo.tn\\\/fr\\\/actualite\\\/regions\\\/tunisie-coupure-d-eau-aujourd-hui-a-rades\\\/217690\\\/\",\"url\":\"https:\\\/\\\/www.webdo.tn\\\/fr\\\/actualite\\\/regions\\\/tunisie-coupure-d-eau-aujourd-hui-a-rades\\\/217690\\\/\",\"name\":\"Tunisie : Coupure d\u2019eau, aujourd\u2019hui \u00e0 Rades\",\"isPartOf\":{\"@id\":\"https:\\\/\\\/www.webdo.tn\\\/fr\\\/#website\"},\"primaryImageOfPage\":{\"@id\":\"https:\\\/\\\/www.webdo.tn\\\/fr\\\/actualite\\\/regions\\\/tunisie-coupure-d-eau-aujourd-hui-a-rades\\\/217690\\\/#primaryimage\"},\"image\":{\"@id\":\"https:\\\/\\\/www.webdo.tn\\\/fr\\\/actualite\\\/regions\\\/tunisie-coupure-d-eau-aujourd-hui-a-rades\\\/217690\\\/#primaryimage\"},\"thumbnailUrl\":\"https:\\\/\\\/www.webdo.tn\\\/fr\\\/wp-content\\\/uploads\\\/2024\\\/11\\\/35d0cce3d8f2845bd363772c83399707.webp\",\"datePublished\":\"2024-11-19T10:39:00+00:00\",\"dateModified\":\"2025-05-20T22:15:05+00:00\",\"description\":\"La Soci\u00e9t\u00e9 nationale d\u2019exploitation et de distribution des eaux (SONEDE) indique dans un communiqu\u00e9 publi\u00e9 ce mardi 19 novembre 2024, qu\u2019une perturbation et une...\",\"breadcrumb\":{\"@id\":\"https:\\\/\\\/www.webdo.tn\\\/fr\\\/actualite\\\/regions\\\/tunisie-coupure-d-eau-aujourd-hui-a-rades\\\/217690\\\/#breadcrumb\"},\"inLanguage\":\"fr-FR\",\"potentialAction\":[{\"@type\":\"ReadAction\",\"target\":[\"https:\\\/\\\/www.webdo.tn\\\/fr\\\/actualite\\\/regions\\\/tunisie-coupure-d-eau-aujourd-hui-a-rades\\\/217690\\\/\"]}]},{\"@type\":\"ImageObject\",\"inLanguage\":\"fr-FR\",\"@id\":\"https:\\\/\\\/www.webdo.tn\\\/fr\\\/actualite\\\/regions\\\/tunisie-coupure-d-eau-aujourd-hui-a-rades\\\/217690\\\/#primaryimage\",\"url\":\"https:\\\/\\\/www.webdo.tn\\\/fr\\\/wp-content\\\/uploads\\\/2024\\\/11\\\/35d0cce3d8f2845bd363772c83399707.webp\",\"contentUrl\":\"https:\\\/\\\/www.webdo.tn\\\/fr\\\/wp-content\\\/uploads\\\/2024\\\/11\\\/35d0cce3d8f2845bd363772c83399707.webp\",\"width\":750,\"height\":400,\"caption\":\"Tunisie : Coupure d\u2019eau, aujourd\u2019hui \u00e0 Rades\"},{\"@type\":\"BreadcrumbList\",\"@id\":\"https:\\\/\\\/www.webdo.tn\\\/fr\\\/actualite\\\/regions\\\/tunisie-coupure-d-eau-aujourd-hui-a-rades\\\/217690\\\/#breadcrumb\",\"itemListElement\":[{\"@type\":\"ListItem\",\"position\":1,\"name\":\"Accueil\",\"item\":\"https:\\\/\\\/www.webdo.tn\\\/fr\\\/\"},{\"@type\":\"ListItem\",\"position\":2,\"name\":\"Tunisie : Coupure d\u2019eau, aujourd\u2019hui \u00e0 Rades\"}]},{\"@type\":\"WebSite\",\"@id\":\"https:\\\/\\\/www.webdo.tn\\\/fr\\\/#website\",\"url\":\"https:\\\/\\\/www.webdo.tn\\\/fr\\\/\",\"name\":\"webdo\",\"description\":\"Tunisie - News en Tunisie et \u00e0 l&#039;international sur Webdo.tn\",\"publisher\":{\"@id\":\"https:\\\/\\\/www.webdo.tn\\\/fr\\\/#organization\"},\"potentialAction\":[{\"@type\":\"SearchAction\",\"target\":{\"@type\":\"EntryPoint\",\"urlTemplate\":\"https:\\\/\\\/www.webdo.tn\\\/fr\\\/?s={search_term_string}\"},\"query-input\":{\"@type\":\"PropertyValueSpecification\",\"valueRequired\":true,\"valueName\":\"search_term_string\"}}],\"inLanguage\":\"fr-FR\"},{\"@type\":\"Organization\",\"@id\":\"https:\\\/\\\/www.webdo.tn\\\/fr\\\/#organization\",\"name\":\"Webdo\",\"alternateName\":\"Webdo.tn\",\"url\":\"https:\\\/\\\/www.webdo.tn\\\/fr\\\/\",\"logo\":{\"@type\":\"ImageObject\",\"inLanguage\":\"fr-FR\",\"@id\":\"https:\\\/\\\/www.webdo.tn\\\/fr\\\/#\\\/schema\\\/logo\\\/image\\\/\",\"url\":\"https:\\\/\\\/www.webdo.tn\\\/fr\\\/wp-content\\\/uploads\\\/2025\\\/06\\\/Webdo-Tunisie_168377.jpg\",\"contentUrl\":\"https:\\\/\\\/www.webdo.tn\\\/fr\\\/wp-content\\\/uploads\\\/2025\\\/06\\\/Webdo-Tunisie_168377.jpg\",\"width\":301,\"height\":301,\"caption\":\"Webdo\"},\"image\":{\"@id\":\"https:\\\/\\\/www.webdo.tn\\\/fr\\\/#\\\/schema\\\/logo\\\/image\\\/\"},\"sameAs\":[\"https:\\\/\\\/www.facebook.com\\\/webdotn\",\"https:\\\/\\\/x.com\\\/webdo_tn\"],\"description\":\"Webdo est un m\u00e9dia num\u00e9rique tunisien fond\u00e9 en 2010, sp\u00e9cialis\u00e9 dans l\u2019actualit\u00e9 nationale et internationale, l\u2019\u00e9conomie, la soci\u00e9t\u00e9 et les analyses politiques. Le site s\u2019adresse \u00e0 un large public francophone et couvre l\u2019information tunisienne en temps r\u00e9el.\",\"email\":\"redac@webdo.tn\",\"legalName\":\"YNJ SARL\",\"foundingDate\":\"2010-09-06\",\"numberOfEmployees\":{\"@type\":\"QuantitativeValue\",\"minValue\":\"11\",\"maxValue\":\"50\"}},{\"@type\":\"Person\",\"@id\":\"https:\\\/\\\/www.webdo.tn\\\/fr\\\/#\\\/schema\\\/person\\\/2c4929cbf5a809e3bd38617c6ce150f6\",\"name\":\"MC\",\"image\":{\"@type\":\"ImageObject\",\"inLanguage\":\"fr-FR\",\"@id\":\"https:\\\/\\\/secure.gravatar.com\\\/avatar\\\/a545bbb6f84efdd5553dbbc2895e3ca8f1d12c5215e00a041c9670b54aa9b18a?s=96&d=mm&r=g\",\"url\":\"https:\\\/\\\/secure.gravatar.com\\\/avatar\\\/a545bbb6f84efdd5553dbbc2895e3ca8f1d12c5215e00a041c9670b54aa9b18a?s=96&d=mm&r=g\",\"contentUrl\":\"https:\\\/\\\/secure.gravatar.com\\\/avatar\\\/a545bbb6f84efdd5553dbbc2895e3ca8f1d12c5215e00a041c9670b54aa9b18a?s=96&d=mm&r=g\",\"caption\":\"MC\"},\"url\":\"https:\\\/\\\/www.webdo.tn\\\/fr\\\/actualite\\\/author\\\/mc\\\/\"}]}<\/script>\n<!-- \/ Yoast SEO Premium plugin. -->","yoast_head_json":{"title":"Tunisie : Coupure d\u2019eau, aujourd\u2019hui \u00e0 Rades","description":"La Soci\u00e9t\u00e9 nationale d\u2019exploitation et de distribution des eaux (SONEDE) indique dans un communiqu\u00e9 publi\u00e9 ce mardi 19 novembre 2024, qu\u2019une perturbation et une...","canonical":"https:\/\/www.webdo.tn\/fr\/actualite\/regions\/tunisie-coupure-d-eau-aujourd-hui-a-rades\/217690\/","og_locale":"fr_FR","og_type":"article","og_title":"Tunisie : Coupure d\u2019eau, aujourd\u2019hui \u00e0 Rades","og_description":"La Soci\u00e9t\u00e9 nationale d\u2019exploitation et de distribution des eaux (SONEDE) indique dans un communiqu\u00e9 publi\u00e9 ce mardi 19 novembre 2024, qu\u2019une perturbation et une...","og_url":"https:\/\/www.webdo.tn\/fr\/actualite\/regions\/tunisie-coupure-d-eau-aujourd-hui-a-rades\/217690\/","og_site_name":"webdo","article_publisher":"https:\/\/www.facebook.com\/webdotn","article_published_time":"2024-11-19T10:39:00+00:00","article_modified_time":"2025-05-20T22:15:05+00:00","og_image":[{"width":750,"height":400,"url":"https:\/\/www.webdo.tn\/fr\/wp-content\/uploads\/2024\/11\/35d0cce3d8f2845bd363772c83399707.webp","type":"image\/webp"}],"author":"MC","twitter_card":"summary_large_image","twitter_creator":"@webdo_tn","twitter_site":"@webdo_tn","twitter_misc":{"\u00c9crit par":"MC","Dur\u00e9e de lecture estim\u00e9e":"1 minute"},"schema":{"@context":"https:\/\/schema.org","@graph":[{"@type":"NewsArticle","@id":"https:\/\/www.webdo.tn\/fr\/actualite\/regions\/tunisie-coupure-d-eau-aujourd-hui-a-rades\/217690\/#article","isPartOf":{"@id":"https:\/\/www.webdo.tn\/fr\/actualite\/regions\/tunisie-coupure-d-eau-aujourd-hui-a-rades\/217690\/"},"author":{"name":"MC","@id":"https:\/\/www.webdo.tn\/fr\/#\/schema\/person\/2c4929cbf5a809e3bd38617c6ce150f6"},"headline":"Tunisie : Coupure d\u2019eau, aujourd\u2019hui \u00e0 Rades","datePublished":"2024-11-19T10:39:00+00:00","dateModified":"2025-05-20T22:15:05+00:00","mainEntityOfPage":{"@id":"https:\/\/www.webdo.tn\/fr\/actualite\/regions\/tunisie-coupure-d-eau-aujourd-hui-a-rades\/217690\/"},"wordCount":138,"commentCount":0,"publisher":{"@id":"https:\/\/www.webdo.tn\/fr\/#organization"},"image":{"@id":"https:\/\/www.webdo.tn\/fr\/actualite\/regions\/tunisie-coupure-d-eau-aujourd-hui-a-rades\/217690\/#primaryimage"},"thumbnailUrl":"https:\/\/www.webdo.tn\/fr\/wp-content\/uploads\/2024\/11\/35d0cce3d8f2845bd363772c83399707.webp","keywords":["Coupure d'eau","Rad\u00e8s","Sonede","Tunisie"],"articleSection":["regions"],"inLanguage":"fr-FR"},{"@type":"WebPage","@id":"https:\/\/www.webdo.tn\/fr\/actualite\/regions\/tunisie-coupure-d-eau-aujourd-hui-a-rades\/217690\/","url":"https:\/\/www.webdo.tn\/fr\/actualite\/regions\/tunisie-coupure-d-eau-aujourd-hui-a-rades\/217690\/","name":"Tunisie : Coupure d\u2019eau, aujourd\u2019hui \u00e0 Rades","isPartOf":{"@id":"https:\/\/www.webdo.tn\/fr\/#website"},"primaryImageOfPage":{"@id":"https:\/\/www.webdo.tn\/fr\/actualite\/regions\/tunisie-coupure-d-eau-aujourd-hui-a-rades\/217690\/#primaryimage"},"image":{"@id":"https:\/\/www.webdo.tn\/fr\/actualite\/regions\/tunisie-coupure-d-eau-aujourd-hui-a-rades\/217690\/#primaryimage"},"thumbnailUrl":"https:\/\/www.webdo.tn\/fr\/wp-content\/uploads\/2024\/11\/35d0cce3d8f2845bd363772c83399707.webp","datePublished":"2024-11-19T10:39:00+00:00","dateModified":"2025-05-20T22:15:05+00:00","description":"La Soci\u00e9t\u00e9 nationale d\u2019exploitation et de distribution des eaux (SONEDE) indique dans un communiqu\u00e9 publi\u00e9 ce mardi 19 novembre 2024, qu\u2019une perturbation et une...","breadcrumb":{"@id":"https:\/\/www.webdo.tn\/fr\/actualite\/regions\/tunisie-coupure-d-eau-aujourd-hui-a-rades\/217690\/#breadcrumb"},"inLanguage":"fr-FR","potentialAction":[{"@type":"ReadAction","target":["https:\/\/www.webdo.tn\/fr\/actualite\/regions\/tunisie-coupure-d-eau-aujourd-hui-a-rades\/217690\/"]}]},{"@type":"ImageObject","inLanguage":"fr-FR","@id":"https:\/\/www.webdo.tn\/fr\/actualite\/regions\/tunisie-coupure-d-eau-aujourd-hui-a-rades\/217690\/#primaryimage","url":"https:\/\/www.webdo.tn\/fr\/wp-content\/uploads\/2024\/11\/35d0cce3d8f2845bd363772c83399707.webp","contentUrl":"https:\/\/www.webdo.tn\/fr\/wp-content\/uploads\/2024\/11\/35d0cce3d8f2845bd363772c83399707.webp","width":750,"height":400,"caption":"Tunisie : Coupure d\u2019eau, aujourd\u2019hui \u00e0 Rades"},{"@type":"BreadcrumbList","@id":"https:\/\/www.webdo.tn\/fr\/actualite\/regions\/tunisie-coupure-d-eau-aujourd-hui-a-rades\/217690\/#breadcrumb","itemListElement":[{"@type":"ListItem","position":1,"name":"Accueil","item":"https:\/\/www.webdo.tn\/fr\/"},{"@type":"ListItem","position":2,"name":"Tunisie : Coupure d\u2019eau, aujourd\u2019hui \u00e0 Rades"}]},{"@type":"WebSite","@id":"https:\/\/www.webdo.tn\/fr\/#website","url":"https:\/\/www.webdo.tn\/fr\/","name":"webdo","description":"Tunisie - News en Tunisie et \u00e0 l&#039;international sur Webdo.tn","publisher":{"@id":"https:\/\/www.webdo.tn\/fr\/#organization"},"potentialAction":[{"@type":"SearchAction","target":{"@type":"EntryPoint","urlTemplate":"https:\/\/www.webdo.tn\/fr\/?s={search_term_string}"},"query-input":{"@type":"PropertyValueSpecification","valueRequired":true,"valueName":"search_term_string"}}],"inLanguage":"fr-FR"},{"@type":"Organization","@id":"https:\/\/www.webdo.tn\/fr\/#organization","name":"Webdo","alternateName":"Webdo.tn","url":"https:\/\/www.webdo.tn\/fr\/","logo":{"@type":"ImageObject","inLanguage":"fr-FR","@id":"https:\/\/www.webdo.tn\/fr\/#\/schema\/logo\/image\/","url":"https:\/\/www.webdo.tn\/fr\/wp-content\/uploads\/2025\/06\/Webdo-Tunisie_168377.jpg","contentUrl":"https:\/\/www.webdo.tn\/fr\/wp-content\/uploads\/2025\/06\/Webdo-Tunisie_168377.jpg","width":301,"height":301,"caption":"Webdo"},"image":{"@id":"https:\/\/www.webdo.tn\/fr\/#\/schema\/logo\/image\/"},"sameAs":["https:\/\/www.facebook.com\/webdotn","https:\/\/x.com\/webdo_tn"],"description":"Webdo est un m\u00e9dia num\u00e9rique tunisien fond\u00e9 en 2010, sp\u00e9cialis\u00e9 dans l\u2019actualit\u00e9 nationale et internationale, l\u2019\u00e9conomie, la soci\u00e9t\u00e9 et les analyses politiques. Le site s\u2019adresse \u00e0 un large public francophone et couvre l\u2019information tunisienne en temps r\u00e9el.","email":"redac@webdo.tn","legalName":"YNJ SARL","foundingDate":"2010-09-06","numberOfEmployees":{"@type":"QuantitativeValue","minValue":"11","maxValue":"50"}},{"@type":"Person","@id":"https:\/\/www.webdo.tn\/fr\/#\/schema\/person\/2c4929cbf5a809e3bd38617c6ce150f6","name":"MC","image":{"@type":"ImageObject","inLanguage":"fr-FR","@id":"https:\/\/secure.gravatar.com\/avatar\/a545bbb6f84efdd5553dbbc2895e3ca8f1d12c5215e00a041c9670b54aa9b18a?s=96&d=mm&r=g","url":"https:\/\/secure.gravatar.com\/avatar\/a545bbb6f84efdd5553dbbc2895e3ca8f1d12c5215e00a041c9670b54aa9b18a?s=96&d=mm&r=g","contentUrl":"https:\/\/secure.gravatar.com\/avatar\/a545bbb6f84efdd5553dbbc2895e3ca8f1d12c5215e00a041c9670b54aa9b18a?s=96&d=mm&r=g","caption":"MC"},"url":"https:\/\/www.webdo.tn\/fr\/actualite\/author\/mc\/"}]}},"_links":{"self":[{"href":"https:\/\/www.webdo.tn\/fr\/wp-json\/wp\/v2\/posts\/217690","targetHints":{"allow":["GET"]}}],"collection":[{"href":"https:\/\/www.webdo.tn\/fr\/wp-json\/wp\/v2\/posts"}],"about":[{"href":"https:\/\/www.webdo.tn\/fr\/wp-json\/wp\/v2\/types\/post"}],"author":[{"embeddable":true,"href":"https:\/\/www.webdo.tn\/fr\/wp-json\/wp\/v2\/users\/3162"}],"replies":[{"embeddable":true,"href":"https:\/\/www.webdo.tn\/fr\/wp-json\/wp\/v2\/comments?post=217690"}],"version-history":[{"count":0,"href":"https:\/\/www.webdo.tn\/fr\/wp-json\/wp\/v2\/posts\/217690\/revisions"}],"wp:featuredmedia":[{"embeddable":true,"href":"https:\/\/www.webdo.tn\/fr\/wp-json\/wp\/v2\/media\/291351"}],"wp:attachment":[{"href":"https:\/\/www.webdo.tn\/fr\/wp-json\/wp\/v2\/media?parent=217690"}],"wp:term":[{"taxonomy":"category","embeddable":true,"href":"https:\/\/www.webdo.tn\/fr\/wp-json\/wp\/v2\/categories?post=217690"},{"taxonomy":"post_tag","embeddable":true,"href":"https:\/\/www.webdo.tn\/fr\/wp-json\/wp\/v2\/tags?post=217690"}],"curies":[{"name":"wp","href":"https:\/\/api.w.org\/{rel}","templated":true}]}}