{"id":217685,"date":"2024-11-19T09:48:00","date_gmt":"2024-11-19T09:48:00","guid":{"rendered":"https:\/\/www.webdo.tn\/fr\/blog\/2024\/11\/19\/apres-l-arabie-saoudite-le-koweit-renforce-ses-liens-avec-la-tunisie\/"},"modified":"2025-05-17T20:19:50","modified_gmt":"2025-05-17T20:19:50","slug":"apres-l-arabie-saoudite-le-koweit-renforce-ses-liens-avec-la-tunisie","status":"publish","type":"post","link":"https:\/\/www.webdo.tn\/fr\/actualite\/national\/apres-l-arabie-saoudite-le-koweit-renforce-ses-liens-avec-la-tunisie\/217685\/","title":{"rendered":"Apr\u00e8s l\u2019Arabie Saoudite, le Kowe\u00eft renforce ses liens avec la Tunisie"},"content":{"rendered":"<p>La Tunisie intensifie ses relations avec les pays du Golfe, illustrant une volont\u00e9 claire d\u2019\u00e9largir ses partenariats strat\u00e9giques dans la r\u00e9gion. Apr\u00e8s avoir sign\u00e9 une lettre d\u2019intention majeure avec l\u2019Arabie Saoudite, le pays accueille actuellement \u00e0 Tunis la quatri\u00e8me r\u00e9union minist\u00e9rielle tuniso-koweitienne de haut niveau, rapporte Kuwait News Agency .<\/p>\n<p>\t\t\t\t\t\t\t\t\tSelon l\u2019ambassadeur de Tunisie au Kowe\u00eft, Mohammad Boudali, cette rencontre de trois jours est le reflet de la volont\u00e9 des dirigeants des deux nations de renforcer leur coop\u00e9ration. Les r\u00e9unions pr\u00e9paratoires, qui se d\u00e9roulent lundi et mardi, devraient d\u00e9boucher sur la signature de 14 accords couvrant des domaines vari\u00e9s, confirmant l\u2019importance strat\u00e9gique de ces \u00e9changes, ajoute la meme source.<\/p>\n<p>Ces discussions s\u2019inscrivent dans la continuit\u00e9 des travaux des comit\u00e9s sp\u00e9cialis\u00e9s en commerce et en d\u00e9fense, tenus respectivement en novembre 2023 et octobre 2024. Le sommet de cette rencontre sera atteint mercredi, avec une r\u00e9union minist\u00e9rielle co-pr\u00e9sid\u00e9e par Abdullah Al-Yahya, ministre kowe\u00eftien des Affaires \u00e9trang\u00e8res, et son homologue tunisien, Mohammad Nafti.<\/p>\n<p>Une dynamique renforc\u00e9e avec l&rsquo;Arabie Saoudite<br \/>\nLe rapprochement avec le Kowe\u00eft intervient dans un contexte marqu\u00e9 par une avanc\u00e9e significative des relations entre la Tunisie et l\u2019Arabie Saoudite. En effet, le 16 novembre, une lettre d\u2019intention a \u00e9t\u00e9 sign\u00e9e entre Samir Abdelhafidh, ministre tunisien de l\u2019\u00c9conomie, et Khalid bin Abdoulaziz Al-Falih, ministre saoudien de l\u2019Investissement, visant \u00e0 promouvoir les investissements directs entre les deux pays.<\/p>\n<p>Cette initiative, paraph\u00e9e en pr\u00e9sence de l\u2019ambassadeur saoudien en Tunisie, Abdulaziz bin Ali Al-Saqr, pr\u00e9voit l\u2019exploration de nouvelles opportunit\u00e9s d\u2019investissement, l\u2019am\u00e9lioration de la coordination bilat\u00e9rale et l\u2019\u00e9change d\u2019informations sur l\u2019\u00e9volution du climat des affaires.<\/p>\n","protected":false},"excerpt":{"rendered":"<p>La Tunisie renforce ses partenariats strat\u00e9giques avec les pays du Golfe. Apr\u00e8s une avanc\u00e9e majeure avec l&rsquo;Arabie Saoudite, elle accueille \u00e0 Tunis la r\u00e9union mi&#8230;<\/p>\n","protected":false},"author":3203,"featured_media":243996,"comment_status":"open","ping_status":"open","sticky":false,"template":"","format":"standard","meta":{"footnotes":""},"categories":[44],"tags":[3002,3815,3184,2608],"class_list":["post-217685","post","type-post","status-publish","format-standard","has-post-thumbnail","hentry","category-national","tag-arabie-saoudite","tag-koweit","tag-relations-bilaterales","tag-tunisie"],"yoast_head":"<!-- This site is optimized with the Yoast SEO Premium plugin v27.5 (Yoast SEO v27.5) - https:\/\/yoast.com\/product\/yoast-seo-premium-wordpress\/ -->\n<title>Apr\u00e8s l\u2019Arabie Saoudite, le Kowe\u00eft renforce ses liens avec la Tunisie<\/title>\n<meta name=\"description\" content=\"La Tunisie renforce ses partenariats strat\u00e9giques avec les pays du Golfe. Apr\u00e8s une avanc\u00e9e majeure avec l&#039;Arabie Saoudite, elle accueille \u00e0 Tunis la r\u00e9union mi...\" \/>\n<link rel=\"canonical\" href=\"https:\/\/www.webdo.tn\/fr\/actualite\/national\/apres-l-arabie-saoudite-le-koweit-renforce-ses-liens-avec-la-tunisie\/217685\/\" \/>\n<meta property=\"og:locale\" content=\"fr_FR\" \/>\n<meta property=\"og:type\" content=\"article\" \/>\n<meta property=\"og:title\" content=\"Apr\u00e8s l\u2019Arabie Saoudite, le Kowe\u00eft renforce ses liens avec la Tunisie\" \/>\n<meta property=\"og:description\" content=\"La Tunisie renforce ses partenariats strat\u00e9giques avec les pays du Golfe. Apr\u00e8s une avanc\u00e9e majeure avec l&#039;Arabie Saoudite, elle accueille \u00e0 Tunis la r\u00e9union mi...\" \/>\n<meta property=\"og:url\" content=\"https:\/\/www.webdo.tn\/fr\/actualite\/national\/apres-l-arabie-saoudite-le-koweit-renforce-ses-liens-avec-la-tunisie\/217685\/\" \/>\n<meta property=\"og:site_name\" content=\"webdo\" \/>\n<meta property=\"article:publisher\" content=\"https:\/\/www.facebook.com\/webdotn\" \/>\n<meta property=\"article:published_time\" content=\"2024-11-19T09:48:00+00:00\" \/>\n<meta property=\"article:modified_time\" content=\"2025-05-17T20:19:50+00:00\" \/>\n<meta property=\"og:image\" content=\"https:\/\/www.webdo.tn\/fr\/wp-content\/uploads\/2025\/05\/fdb63de07ea825bf353f611c81cbec0f-1.webp\" \/>\n\t<meta property=\"og:image:width\" content=\"750\" \/>\n\t<meta property=\"og:image:height\" content=\"400\" \/>\n\t<meta property=\"og:image:type\" content=\"image\/webp\" \/>\n<meta name=\"author\" content=\"Ramzi Haddad\" \/>\n<meta name=\"twitter:card\" content=\"summary_large_image\" \/>\n<meta name=\"twitter:creator\" content=\"@webdo_tn\" \/>\n<meta name=\"twitter:site\" content=\"@webdo_tn\" \/>\n<meta name=\"twitter:label1\" content=\"\u00c9crit par\" \/>\n\t<meta name=\"twitter:data1\" content=\"Ramzi Haddad\" \/>\n\t<meta name=\"twitter:label2\" content=\"Dur\u00e9e de lecture estim\u00e9e\" \/>\n\t<meta name=\"twitter:data2\" content=\"2 minutes\" \/>\n<script type=\"application\/ld+json\" class=\"yoast-schema-graph\">{\"@context\":\"https:\\\/\\\/schema.org\",\"@graph\":[{\"@type\":\"NewsArticle\",\"@id\":\"https:\\\/\\\/www.webdo.tn\\\/fr\\\/actualite\\\/national\\\/apres-l-arabie-saoudite-le-koweit-renforce-ses-liens-avec-la-tunisie\\\/217685\\\/#article\",\"isPartOf\":{\"@id\":\"https:\\\/\\\/www.webdo.tn\\\/fr\\\/actualite\\\/national\\\/apres-l-arabie-saoudite-le-koweit-renforce-ses-liens-avec-la-tunisie\\\/217685\\\/\"},\"author\":{\"name\":\"Ramzi Haddad\",\"@id\":\"https:\\\/\\\/www.webdo.tn\\\/fr\\\/#\\\/schema\\\/person\\\/5663044c25eb36d8f88ba5b653f12f8c\"},\"headline\":\"Apr\u00e8s l\u2019Arabie Saoudite, le Kowe\u00eft renforce ses liens avec la Tunisie\",\"datePublished\":\"2024-11-19T09:48:00+00:00\",\"dateModified\":\"2025-05-17T20:19:50+00:00\",\"mainEntityOfPage\":{\"@id\":\"https:\\\/\\\/www.webdo.tn\\\/fr\\\/actualite\\\/national\\\/apres-l-arabie-saoudite-le-koweit-renforce-ses-liens-avec-la-tunisie\\\/217685\\\/\"},\"wordCount\":318,\"commentCount\":0,\"publisher\":{\"@id\":\"https:\\\/\\\/www.webdo.tn\\\/fr\\\/#organization\"},\"image\":{\"@id\":\"https:\\\/\\\/www.webdo.tn\\\/fr\\\/actualite\\\/national\\\/apres-l-arabie-saoudite-le-koweit-renforce-ses-liens-avec-la-tunisie\\\/217685\\\/#primaryimage\"},\"thumbnailUrl\":\"https:\\\/\\\/www.webdo.tn\\\/fr\\\/wp-content\\\/uploads\\\/2025\\\/05\\\/fdb63de07ea825bf353f611c81cbec0f-1.webp\",\"keywords\":[\"Arabie Saoudite\",\"kowe\u00eft\",\"relations bilat\u00e9rales\",\"Tunisie\"],\"articleSection\":[\"National\"],\"inLanguage\":\"fr-FR\"},{\"@type\":\"WebPage\",\"@id\":\"https:\\\/\\\/www.webdo.tn\\\/fr\\\/actualite\\\/national\\\/apres-l-arabie-saoudite-le-koweit-renforce-ses-liens-avec-la-tunisie\\\/217685\\\/\",\"url\":\"https:\\\/\\\/www.webdo.tn\\\/fr\\\/actualite\\\/national\\\/apres-l-arabie-saoudite-le-koweit-renforce-ses-liens-avec-la-tunisie\\\/217685\\\/\",\"name\":\"Apr\u00e8s l\u2019Arabie Saoudite, le Kowe\u00eft renforce ses liens avec la Tunisie\",\"isPartOf\":{\"@id\":\"https:\\\/\\\/www.webdo.tn\\\/fr\\\/#website\"},\"primaryImageOfPage\":{\"@id\":\"https:\\\/\\\/www.webdo.tn\\\/fr\\\/actualite\\\/national\\\/apres-l-arabie-saoudite-le-koweit-renforce-ses-liens-avec-la-tunisie\\\/217685\\\/#primaryimage\"},\"image\":{\"@id\":\"https:\\\/\\\/www.webdo.tn\\\/fr\\\/actualite\\\/national\\\/apres-l-arabie-saoudite-le-koweit-renforce-ses-liens-avec-la-tunisie\\\/217685\\\/#primaryimage\"},\"thumbnailUrl\":\"https:\\\/\\\/www.webdo.tn\\\/fr\\\/wp-content\\\/uploads\\\/2025\\\/05\\\/fdb63de07ea825bf353f611c81cbec0f-1.webp\",\"datePublished\":\"2024-11-19T09:48:00+00:00\",\"dateModified\":\"2025-05-17T20:19:50+00:00\",\"description\":\"La Tunisie renforce ses partenariats strat\u00e9giques avec les pays du Golfe. Apr\u00e8s une avanc\u00e9e majeure avec l'Arabie Saoudite, elle accueille \u00e0 Tunis la r\u00e9union mi...\",\"breadcrumb\":{\"@id\":\"https:\\\/\\\/www.webdo.tn\\\/fr\\\/actualite\\\/national\\\/apres-l-arabie-saoudite-le-koweit-renforce-ses-liens-avec-la-tunisie\\\/217685\\\/#breadcrumb\"},\"inLanguage\":\"fr-FR\",\"potentialAction\":[{\"@type\":\"ReadAction\",\"target\":[\"https:\\\/\\\/www.webdo.tn\\\/fr\\\/actualite\\\/national\\\/apres-l-arabie-saoudite-le-koweit-renforce-ses-liens-avec-la-tunisie\\\/217685\\\/\"]}]},{\"@type\":\"ImageObject\",\"inLanguage\":\"fr-FR\",\"@id\":\"https:\\\/\\\/www.webdo.tn\\\/fr\\\/actualite\\\/national\\\/apres-l-arabie-saoudite-le-koweit-renforce-ses-liens-avec-la-tunisie\\\/217685\\\/#primaryimage\",\"url\":\"https:\\\/\\\/www.webdo.tn\\\/fr\\\/wp-content\\\/uploads\\\/2025\\\/05\\\/fdb63de07ea825bf353f611c81cbec0f-1.webp\",\"contentUrl\":\"https:\\\/\\\/www.webdo.tn\\\/fr\\\/wp-content\\\/uploads\\\/2025\\\/05\\\/fdb63de07ea825bf353f611c81cbec0f-1.webp\",\"width\":750,\"height\":400},{\"@type\":\"BreadcrumbList\",\"@id\":\"https:\\\/\\\/www.webdo.tn\\\/fr\\\/actualite\\\/national\\\/apres-l-arabie-saoudite-le-koweit-renforce-ses-liens-avec-la-tunisie\\\/217685\\\/#breadcrumb\",\"itemListElement\":[{\"@type\":\"ListItem\",\"position\":1,\"name\":\"Accueil\",\"item\":\"https:\\\/\\\/www.webdo.tn\\\/fr\\\/\"},{\"@type\":\"ListItem\",\"position\":2,\"name\":\"Apr\u00e8s l\u2019Arabie Saoudite, le Kowe\u00eft renforce ses liens avec la Tunisie\"}]},{\"@type\":\"WebSite\",\"@id\":\"https:\\\/\\\/www.webdo.tn\\\/fr\\\/#website\",\"url\":\"https:\\\/\\\/www.webdo.tn\\\/fr\\\/\",\"name\":\"webdo\",\"description\":\"Tunisie - News en Tunisie et \u00e0 l&#039;international sur Webdo.tn\",\"publisher\":{\"@id\":\"https:\\\/\\\/www.webdo.tn\\\/fr\\\/#organization\"},\"potentialAction\":[{\"@type\":\"SearchAction\",\"target\":{\"@type\":\"EntryPoint\",\"urlTemplate\":\"https:\\\/\\\/www.webdo.tn\\\/fr\\\/?s={search_term_string}\"},\"query-input\":{\"@type\":\"PropertyValueSpecification\",\"valueRequired\":true,\"valueName\":\"search_term_string\"}}],\"inLanguage\":\"fr-FR\"},{\"@type\":\"Organization\",\"@id\":\"https:\\\/\\\/www.webdo.tn\\\/fr\\\/#organization\",\"name\":\"Webdo\",\"alternateName\":\"Webdo.tn\",\"url\":\"https:\\\/\\\/www.webdo.tn\\\/fr\\\/\",\"logo\":{\"@type\":\"ImageObject\",\"inLanguage\":\"fr-FR\",\"@id\":\"https:\\\/\\\/www.webdo.tn\\\/fr\\\/#\\\/schema\\\/logo\\\/image\\\/\",\"url\":\"https:\\\/\\\/www.webdo.tn\\\/fr\\\/wp-content\\\/uploads\\\/2025\\\/06\\\/Webdo-Tunisie_168377.jpg\",\"contentUrl\":\"https:\\\/\\\/www.webdo.tn\\\/fr\\\/wp-content\\\/uploads\\\/2025\\\/06\\\/Webdo-Tunisie_168377.jpg\",\"width\":301,\"height\":301,\"caption\":\"Webdo\"},\"image\":{\"@id\":\"https:\\\/\\\/www.webdo.tn\\\/fr\\\/#\\\/schema\\\/logo\\\/image\\\/\"},\"sameAs\":[\"https:\\\/\\\/www.facebook.com\\\/webdotn\",\"https:\\\/\\\/x.com\\\/webdo_tn\"],\"description\":\"Webdo est un m\u00e9dia num\u00e9rique tunisien fond\u00e9 en 2010, sp\u00e9cialis\u00e9 dans l\u2019actualit\u00e9 nationale et internationale, l\u2019\u00e9conomie, la soci\u00e9t\u00e9 et les analyses politiques. Le site s\u2019adresse \u00e0 un large public francophone et couvre l\u2019information tunisienne en temps r\u00e9el.\",\"email\":\"redac@webdo.tn\",\"legalName\":\"YNJ SARL\",\"foundingDate\":\"2010-09-06\",\"numberOfEmployees\":{\"@type\":\"QuantitativeValue\",\"minValue\":\"11\",\"maxValue\":\"50\"}},{\"@type\":\"Person\",\"@id\":\"https:\\\/\\\/www.webdo.tn\\\/fr\\\/#\\\/schema\\\/person\\\/5663044c25eb36d8f88ba5b653f12f8c\",\"name\":\"Ramzi Haddad\",\"image\":{\"@type\":\"ImageObject\",\"inLanguage\":\"fr-FR\",\"@id\":\"https:\\\/\\\/www.webdo.tn\\\/fr\\\/wp-content\\\/uploads\\\/2026\\\/04\\\/ramzi-haddad_avatar-96x96.jpg\",\"url\":\"https:\\\/\\\/www.webdo.tn\\\/fr\\\/wp-content\\\/uploads\\\/2026\\\/04\\\/ramzi-haddad_avatar-96x96.jpg\",\"contentUrl\":\"https:\\\/\\\/www.webdo.tn\\\/fr\\\/wp-content\\\/uploads\\\/2026\\\/04\\\/ramzi-haddad_avatar-96x96.jpg\",\"caption\":\"Ramzi Haddad\"},\"description\":\"Signature \u00e9ditoriale de Walid Ben Youssef Ramzi Haddad est le pseudonyme \u00e9ditorial de Walid Ben Youssef, fondateur et g\u00e9rant de Webdo.tn. Cette signature est d\u00e9di\u00e9e \u00e0 la couverture de l'actualit\u00e9 nationale et internationale, ainsi qu'aux analyses des dynamiques num\u00e9riques. Ce profil b\u00e9n\u00e9ficie de l'expertise de Walid Ben Youssef, pionnier du web en Tunisie depuis 2000 et dipl\u00f4m\u00e9 en Math\u00e9matiques pures de l'Universit\u00e9 d'Oregon. \u00c0 travers cette signature, la r\u00e9daction de Webdo garantit une information structur\u00e9e et v\u00e9rifi\u00e9e, fid\u00e8le aux standards journalistiques du m\u00e9dia.\",\"url\":\"https:\\\/\\\/www.webdo.tn\\\/fr\\\/actualite\\\/author\\\/ramzi-haddad\\\/\"}]}<\/script>\n<!-- \/ Yoast SEO Premium plugin. -->","yoast_head_json":{"title":"Apr\u00e8s l\u2019Arabie Saoudite, le Kowe\u00eft renforce ses liens avec la Tunisie","description":"La Tunisie renforce ses partenariats strat\u00e9giques avec les pays du Golfe. Apr\u00e8s une avanc\u00e9e majeure avec l'Arabie Saoudite, elle accueille \u00e0 Tunis la r\u00e9union mi...","canonical":"https:\/\/www.webdo.tn\/fr\/actualite\/national\/apres-l-arabie-saoudite-le-koweit-renforce-ses-liens-avec-la-tunisie\/217685\/","og_locale":"fr_FR","og_type":"article","og_title":"Apr\u00e8s l\u2019Arabie Saoudite, le Kowe\u00eft renforce ses liens avec la Tunisie","og_description":"La Tunisie renforce ses partenariats strat\u00e9giques avec les pays du Golfe. Apr\u00e8s une avanc\u00e9e majeure avec l'Arabie Saoudite, elle accueille \u00e0 Tunis la r\u00e9union mi...","og_url":"https:\/\/www.webdo.tn\/fr\/actualite\/national\/apres-l-arabie-saoudite-le-koweit-renforce-ses-liens-avec-la-tunisie\/217685\/","og_site_name":"webdo","article_publisher":"https:\/\/www.facebook.com\/webdotn","article_published_time":"2024-11-19T09:48:00+00:00","article_modified_time":"2025-05-17T20:19:50+00:00","og_image":[{"width":750,"height":400,"url":"https:\/\/www.webdo.tn\/fr\/wp-content\/uploads\/2025\/05\/fdb63de07ea825bf353f611c81cbec0f-1.webp","type":"image\/webp"}],"author":"Ramzi Haddad","twitter_card":"summary_large_image","twitter_creator":"@webdo_tn","twitter_site":"@webdo_tn","twitter_misc":{"\u00c9crit par":"Ramzi Haddad","Dur\u00e9e de lecture estim\u00e9e":"2 minutes"},"schema":{"@context":"https:\/\/schema.org","@graph":[{"@type":"NewsArticle","@id":"https:\/\/www.webdo.tn\/fr\/actualite\/national\/apres-l-arabie-saoudite-le-koweit-renforce-ses-liens-avec-la-tunisie\/217685\/#article","isPartOf":{"@id":"https:\/\/www.webdo.tn\/fr\/actualite\/national\/apres-l-arabie-saoudite-le-koweit-renforce-ses-liens-avec-la-tunisie\/217685\/"},"author":{"name":"Ramzi Haddad","@id":"https:\/\/www.webdo.tn\/fr\/#\/schema\/person\/5663044c25eb36d8f88ba5b653f12f8c"},"headline":"Apr\u00e8s l\u2019Arabie Saoudite, le Kowe\u00eft renforce ses liens avec la Tunisie","datePublished":"2024-11-19T09:48:00+00:00","dateModified":"2025-05-17T20:19:50+00:00","mainEntityOfPage":{"@id":"https:\/\/www.webdo.tn\/fr\/actualite\/national\/apres-l-arabie-saoudite-le-koweit-renforce-ses-liens-avec-la-tunisie\/217685\/"},"wordCount":318,"commentCount":0,"publisher":{"@id":"https:\/\/www.webdo.tn\/fr\/#organization"},"image":{"@id":"https:\/\/www.webdo.tn\/fr\/actualite\/national\/apres-l-arabie-saoudite-le-koweit-renforce-ses-liens-avec-la-tunisie\/217685\/#primaryimage"},"thumbnailUrl":"https:\/\/www.webdo.tn\/fr\/wp-content\/uploads\/2025\/05\/fdb63de07ea825bf353f611c81cbec0f-1.webp","keywords":["Arabie Saoudite","kowe\u00eft","relations bilat\u00e9rales","Tunisie"],"articleSection":["National"],"inLanguage":"fr-FR"},{"@type":"WebPage","@id":"https:\/\/www.webdo.tn\/fr\/actualite\/national\/apres-l-arabie-saoudite-le-koweit-renforce-ses-liens-avec-la-tunisie\/217685\/","url":"https:\/\/www.webdo.tn\/fr\/actualite\/national\/apres-l-arabie-saoudite-le-koweit-renforce-ses-liens-avec-la-tunisie\/217685\/","name":"Apr\u00e8s l\u2019Arabie Saoudite, le Kowe\u00eft renforce ses liens avec la Tunisie","isPartOf":{"@id":"https:\/\/www.webdo.tn\/fr\/#website"},"primaryImageOfPage":{"@id":"https:\/\/www.webdo.tn\/fr\/actualite\/national\/apres-l-arabie-saoudite-le-koweit-renforce-ses-liens-avec-la-tunisie\/217685\/#primaryimage"},"image":{"@id":"https:\/\/www.webdo.tn\/fr\/actualite\/national\/apres-l-arabie-saoudite-le-koweit-renforce-ses-liens-avec-la-tunisie\/217685\/#primaryimage"},"thumbnailUrl":"https:\/\/www.webdo.tn\/fr\/wp-content\/uploads\/2025\/05\/fdb63de07ea825bf353f611c81cbec0f-1.webp","datePublished":"2024-11-19T09:48:00+00:00","dateModified":"2025-05-17T20:19:50+00:00","description":"La Tunisie renforce ses partenariats strat\u00e9giques avec les pays du Golfe. Apr\u00e8s une avanc\u00e9e majeure avec l'Arabie Saoudite, elle accueille \u00e0 Tunis la r\u00e9union mi...","breadcrumb":{"@id":"https:\/\/www.webdo.tn\/fr\/actualite\/national\/apres-l-arabie-saoudite-le-koweit-renforce-ses-liens-avec-la-tunisie\/217685\/#breadcrumb"},"inLanguage":"fr-FR","potentialAction":[{"@type":"ReadAction","target":["https:\/\/www.webdo.tn\/fr\/actualite\/national\/apres-l-arabie-saoudite-le-koweit-renforce-ses-liens-avec-la-tunisie\/217685\/"]}]},{"@type":"ImageObject","inLanguage":"fr-FR","@id":"https:\/\/www.webdo.tn\/fr\/actualite\/national\/apres-l-arabie-saoudite-le-koweit-renforce-ses-liens-avec-la-tunisie\/217685\/#primaryimage","url":"https:\/\/www.webdo.tn\/fr\/wp-content\/uploads\/2025\/05\/fdb63de07ea825bf353f611c81cbec0f-1.webp","contentUrl":"https:\/\/www.webdo.tn\/fr\/wp-content\/uploads\/2025\/05\/fdb63de07ea825bf353f611c81cbec0f-1.webp","width":750,"height":400},{"@type":"BreadcrumbList","@id":"https:\/\/www.webdo.tn\/fr\/actualite\/national\/apres-l-arabie-saoudite-le-koweit-renforce-ses-liens-avec-la-tunisie\/217685\/#breadcrumb","itemListElement":[{"@type":"ListItem","position":1,"name":"Accueil","item":"https:\/\/www.webdo.tn\/fr\/"},{"@type":"ListItem","position":2,"name":"Apr\u00e8s l\u2019Arabie Saoudite, le Kowe\u00eft renforce ses liens avec la Tunisie"}]},{"@type":"WebSite","@id":"https:\/\/www.webdo.tn\/fr\/#website","url":"https:\/\/www.webdo.tn\/fr\/","name":"webdo","description":"Tunisie - News en Tunisie et \u00e0 l&#039;international sur Webdo.tn","publisher":{"@id":"https:\/\/www.webdo.tn\/fr\/#organization"},"potentialAction":[{"@type":"SearchAction","target":{"@type":"EntryPoint","urlTemplate":"https:\/\/www.webdo.tn\/fr\/?s={search_term_string}"},"query-input":{"@type":"PropertyValueSpecification","valueRequired":true,"valueName":"search_term_string"}}],"inLanguage":"fr-FR"},{"@type":"Organization","@id":"https:\/\/www.webdo.tn\/fr\/#organization","name":"Webdo","alternateName":"Webdo.tn","url":"https:\/\/www.webdo.tn\/fr\/","logo":{"@type":"ImageObject","inLanguage":"fr-FR","@id":"https:\/\/www.webdo.tn\/fr\/#\/schema\/logo\/image\/","url":"https:\/\/www.webdo.tn\/fr\/wp-content\/uploads\/2025\/06\/Webdo-Tunisie_168377.jpg","contentUrl":"https:\/\/www.webdo.tn\/fr\/wp-content\/uploads\/2025\/06\/Webdo-Tunisie_168377.jpg","width":301,"height":301,"caption":"Webdo"},"image":{"@id":"https:\/\/www.webdo.tn\/fr\/#\/schema\/logo\/image\/"},"sameAs":["https:\/\/www.facebook.com\/webdotn","https:\/\/x.com\/webdo_tn"],"description":"Webdo est un m\u00e9dia num\u00e9rique tunisien fond\u00e9 en 2010, sp\u00e9cialis\u00e9 dans l\u2019actualit\u00e9 nationale et internationale, l\u2019\u00e9conomie, la soci\u00e9t\u00e9 et les analyses politiques. Le site s\u2019adresse \u00e0 un large public francophone et couvre l\u2019information tunisienne en temps r\u00e9el.","email":"redac@webdo.tn","legalName":"YNJ SARL","foundingDate":"2010-09-06","numberOfEmployees":{"@type":"QuantitativeValue","minValue":"11","maxValue":"50"}},{"@type":"Person","@id":"https:\/\/www.webdo.tn\/fr\/#\/schema\/person\/5663044c25eb36d8f88ba5b653f12f8c","name":"Ramzi Haddad","image":{"@type":"ImageObject","inLanguage":"fr-FR","@id":"https:\/\/www.webdo.tn\/fr\/wp-content\/uploads\/2026\/04\/ramzi-haddad_avatar-96x96.jpg","url":"https:\/\/www.webdo.tn\/fr\/wp-content\/uploads\/2026\/04\/ramzi-haddad_avatar-96x96.jpg","contentUrl":"https:\/\/www.webdo.tn\/fr\/wp-content\/uploads\/2026\/04\/ramzi-haddad_avatar-96x96.jpg","caption":"Ramzi Haddad"},"description":"Signature \u00e9ditoriale de Walid Ben Youssef Ramzi Haddad est le pseudonyme \u00e9ditorial de Walid Ben Youssef, fondateur et g\u00e9rant de Webdo.tn. Cette signature est d\u00e9di\u00e9e \u00e0 la couverture de l'actualit\u00e9 nationale et internationale, ainsi qu'aux analyses des dynamiques num\u00e9riques. Ce profil b\u00e9n\u00e9ficie de l'expertise de Walid Ben Youssef, pionnier du web en Tunisie depuis 2000 et dipl\u00f4m\u00e9 en Math\u00e9matiques pures de l'Universit\u00e9 d'Oregon. \u00c0 travers cette signature, la r\u00e9daction de Webdo garantit une information structur\u00e9e et v\u00e9rifi\u00e9e, fid\u00e8le aux standards journalistiques du m\u00e9dia.","url":"https:\/\/www.webdo.tn\/fr\/actualite\/author\/ramzi-haddad\/"}]}},"_links":{"self":[{"href":"https:\/\/www.webdo.tn\/fr\/wp-json\/wp\/v2\/posts\/217685","targetHints":{"allow":["GET"]}}],"collection":[{"href":"https:\/\/www.webdo.tn\/fr\/wp-json\/wp\/v2\/posts"}],"about":[{"href":"https:\/\/www.webdo.tn\/fr\/wp-json\/wp\/v2\/types\/post"}],"author":[{"embeddable":true,"href":"https:\/\/www.webdo.tn\/fr\/wp-json\/wp\/v2\/users\/3203"}],"replies":[{"embeddable":true,"href":"https:\/\/www.webdo.tn\/fr\/wp-json\/wp\/v2\/comments?post=217685"}],"version-history":[{"count":0,"href":"https:\/\/www.webdo.tn\/fr\/wp-json\/wp\/v2\/posts\/217685\/revisions"}],"wp:featuredmedia":[{"embeddable":true,"href":"https:\/\/www.webdo.tn\/fr\/wp-json\/wp\/v2\/media\/243996"}],"wp:attachment":[{"href":"https:\/\/www.webdo.tn\/fr\/wp-json\/wp\/v2\/media?parent=217685"}],"wp:term":[{"taxonomy":"category","embeddable":true,"href":"https:\/\/www.webdo.tn\/fr\/wp-json\/wp\/v2\/categories?post=217685"},{"taxonomy":"post_tag","embeddable":true,"href":"https:\/\/www.webdo.tn\/fr\/wp-json\/wp\/v2\/tags?post=217685"}],"curies":[{"name":"wp","href":"https:\/\/api.w.org\/{rel}","templated":true}]}}