{"id":217683,"date":"2024-11-19T09:06:00","date_gmt":"2024-11-19T09:06:00","guid":{"rendered":"https:\/\/www.webdo.tn\/fr\/blog\/2024\/11\/19\/tunisie-greve-generale-dans-le-secteur-de-la-sante\/"},"modified":"2025-05-20T21:46:43","modified_gmt":"2025-05-20T21:46:43","slug":"tunisie-greve-generale-dans-le-secteur-de-la-sante","status":"publish","type":"post","link":"https:\/\/www.webdo.tn\/fr\/actualite\/national\/tunisie-greve-generale-dans-le-secteur-de-la-sante\/217683\/","title":{"rendered":"Tunisie : Gr\u00e8ve g\u00e9n\u00e9rale dans le secteur de la sant\u00e9"},"content":{"rendered":"<p>Une gr\u00e8ve g\u00e9n\u00e9rale dans le secteur de la sant\u00e9 se profile \u00e0 l\u2019horizon. C\u2019est ce qu\u2019a annonc\u00e9 le journal Echa\u00e2b, organe m\u00e9diatique de l\u2019Union g\u00e9n\u00e9rale tunisienne du travail (UGTT).<\/p>\n<p>\t\t\t\t\t\t\t\t\tSelon Echa\u00e2b les membres de la commission administrative sectorielle de la sant\u00e9 ont d\u00e9cid\u00e9, en marge d\u2019une r\u00e9union tenue le 14 novembre 2024, sous la pr\u00e9sidence de Mohamed Chebbi, secr\u00e9taire g\u00e9n\u00e9ral adjoint charg\u00e9 de la fonction publique, de tenir une gr\u00e8ve g\u00e9n\u00e9rale sectorielle dont la date sera fix\u00e9e ult\u00e9rieurement.<\/p>\n<p>Cette gr\u00e8ve concerne les diff\u00e9rentes structures repr\u00e9sentant les professionnels de la sant\u00e9 et pr\u00e9voit une mobilisation \u00e0 travers tout le pays avec des rassemblements sectoriels dans les r\u00e9gions, des r\u00e9unions, et des s\u00e9minaires dans tous les \u00e9tablissements hospitaliers.<\/p>\n<p>La gr\u00e8ve sera tenue pour exprimer les nombreuses revendications du secteur de la sant\u00e9 concernant notamment le manque flagrant d&rsquo;effectifs dans les diff\u00e9rents corps m\u00e9dicaux, le manque d&rsquo;allocations budg\u00e9taires, la d\u00e9t\u00e9rioration des infrastructures, la p\u00e9nurie des m\u00e9dicaments.<\/p>\n<p>La partie syndicale veut ainsi exprimer son m\u00e9contentement \u00e0 l&rsquo;\u00e9gard de la politique de marginalisation du secteur de la sant\u00e9 r\u00e9clamant une r\u00e9forme rapide et en profondeur du secteur de la sant\u00e9 publique.<\/p>\n<p>L\u2019annonce de cette gr\u00e8ve g\u00e9n\u00e9rale a \u00e9t\u00e9 faite alors que le ministre de la Sant\u00e9, Mustapha Ferjani, a annonc\u00e9 de son c\u00f4t\u00e9 lors de la s\u00e9ance pl\u00e9ni\u00e8re d\u2019hier \u00e0 l&rsquo;Assembl\u00e9e des repr\u00e9sentants du peuple que son minist\u00e8re pr\u00e9voit le recrutement de 3500 nouveaux employ\u00e9s en 2025, dont 390 m\u00e9decins sp\u00e9cialistes, afin de pourvoir les postes vacants.<\/p>\n<p>Il a \u00e9galement r\u00e9v\u00e9l\u00e9 que le budget allou\u00e9 \u00e0 son d\u00e9partement pour l&rsquo;ann\u00e9e 2025 s&rsquo;\u00e9l\u00e8vera \u00e0 environ 4 milliards de dinars dont 645 millions seront investis dans l&rsquo;am\u00e9lioration des infrastructures hospitali\u00e8res et l&rsquo;acquisition de nouveaux \u00e9quipements.<\/p>\n","protected":false},"excerpt":{"rendered":"<p>Une gr\u00e8ve g\u00e9n\u00e9rale dans le secteur de la sant\u00e9 se profile \u00e0 l\u2019horizon. C\u2019est ce qu\u2019a annonc\u00e9 le journal Echa\u00e2b, organe m\u00e9diatique de l\u2019Union g\u00e9n\u00e9rale tunisienne&#8230;<\/p>\n","protected":false},"author":3162,"featured_media":243994,"comment_status":"open","ping_status":"open","sticky":false,"template":"","format":"standard","meta":{"footnotes":""},"categories":[44],"tags":[2782,3191,2608],"class_list":["post-217683","post","type-post","status-publish","format-standard","has-post-thumbnail","hentry","category-national","tag-greve-generale","tag-sante-publique","tag-tunisie"],"yoast_head":"<!-- This site is optimized with the Yoast SEO Premium plugin v27.4 (Yoast SEO v27.5) - https:\/\/yoast.com\/product\/yoast-seo-premium-wordpress\/ -->\n<title>Tunisie : Gr\u00e8ve g\u00e9n\u00e9rale dans le secteur de la sant\u00e9<\/title>\n<meta name=\"description\" content=\"Une gr\u00e8ve g\u00e9n\u00e9rale dans le secteur de la sant\u00e9 se profile \u00e0 l\u2019horizon. C\u2019est ce qu\u2019a annonc\u00e9 le journal Echa\u00e2b, organe m\u00e9diatique de l\u2019Union g\u00e9n\u00e9rale tunisienne...\" \/>\n<link rel=\"canonical\" href=\"https:\/\/www.webdo.tn\/fr\/actualite\/national\/tunisie-greve-generale-dans-le-secteur-de-la-sante\/217683\/\" \/>\n<meta property=\"og:locale\" content=\"fr_FR\" \/>\n<meta property=\"og:type\" content=\"article\" \/>\n<meta property=\"og:title\" content=\"Tunisie : Gr\u00e8ve g\u00e9n\u00e9rale dans le secteur de la sant\u00e9\" \/>\n<meta property=\"og:description\" content=\"Une gr\u00e8ve g\u00e9n\u00e9rale dans le secteur de la sant\u00e9 se profile \u00e0 l\u2019horizon. C\u2019est ce qu\u2019a annonc\u00e9 le journal Echa\u00e2b, organe m\u00e9diatique de l\u2019Union g\u00e9n\u00e9rale tunisienne...\" \/>\n<meta property=\"og:url\" content=\"https:\/\/www.webdo.tn\/fr\/actualite\/national\/tunisie-greve-generale-dans-le-secteur-de-la-sante\/217683\/\" \/>\n<meta property=\"og:site_name\" content=\"webdo\" \/>\n<meta property=\"article:publisher\" content=\"https:\/\/www.facebook.com\/webdotn\" \/>\n<meta property=\"article:published_time\" content=\"2024-11-19T09:06:00+00:00\" \/>\n<meta property=\"article:modified_time\" content=\"2025-05-20T21:46:43+00:00\" \/>\n<meta property=\"og:image\" content=\"https:\/\/www.webdo.tn\/fr\/wp-content\/uploads\/2025\/05\/31c44b52a19ea6df5915882d31120ed5-1.webp\" \/>\n\t<meta property=\"og:image:width\" content=\"680\" \/>\n\t<meta property=\"og:image:height\" content=\"363\" \/>\n\t<meta property=\"og:image:type\" content=\"image\/webp\" \/>\n<meta name=\"author\" content=\"MC\" \/>\n<meta name=\"twitter:card\" content=\"summary_large_image\" \/>\n<meta name=\"twitter:creator\" content=\"@webdo_tn\" \/>\n<meta name=\"twitter:site\" content=\"@webdo_tn\" \/>\n<meta name=\"twitter:label1\" content=\"\u00c9crit par\" \/>\n\t<meta name=\"twitter:data1\" content=\"MC\" \/>\n\t<meta name=\"twitter:label2\" content=\"Dur\u00e9e de lecture estim\u00e9e\" \/>\n\t<meta name=\"twitter:data2\" content=\"2 minutes\" \/>\n<script type=\"application\/ld+json\" class=\"yoast-schema-graph\">{\"@context\":\"https:\\\/\\\/schema.org\",\"@graph\":[{\"@type\":\"NewsArticle\",\"@id\":\"https:\\\/\\\/www.webdo.tn\\\/fr\\\/actualite\\\/national\\\/tunisie-greve-generale-dans-le-secteur-de-la-sante\\\/217683\\\/#article\",\"isPartOf\":{\"@id\":\"https:\\\/\\\/www.webdo.tn\\\/fr\\\/actualite\\\/national\\\/tunisie-greve-generale-dans-le-secteur-de-la-sante\\\/217683\\\/\"},\"author\":{\"name\":\"MC\",\"@id\":\"https:\\\/\\\/www.webdo.tn\\\/fr\\\/#\\\/schema\\\/person\\\/2c4929cbf5a809e3bd38617c6ce150f6\"},\"headline\":\"Tunisie : Gr\u00e8ve g\u00e9n\u00e9rale dans le secteur de la sant\u00e9\",\"datePublished\":\"2024-11-19T09:06:00+00:00\",\"dateModified\":\"2025-05-20T21:46:43+00:00\",\"mainEntityOfPage\":{\"@id\":\"https:\\\/\\\/www.webdo.tn\\\/fr\\\/actualite\\\/national\\\/tunisie-greve-generale-dans-le-secteur-de-la-sante\\\/217683\\\/\"},\"wordCount\":349,\"commentCount\":0,\"publisher\":{\"@id\":\"https:\\\/\\\/www.webdo.tn\\\/fr\\\/#organization\"},\"image\":{\"@id\":\"https:\\\/\\\/www.webdo.tn\\\/fr\\\/actualite\\\/national\\\/tunisie-greve-generale-dans-le-secteur-de-la-sante\\\/217683\\\/#primaryimage\"},\"thumbnailUrl\":\"https:\\\/\\\/www.webdo.tn\\\/fr\\\/wp-content\\\/uploads\\\/2025\\\/05\\\/31c44b52a19ea6df5915882d31120ed5-1.webp\",\"keywords\":[\"Gr\u00e8ve g\u00e9n\u00e9rale\",\"Sant\u00e9 publique\",\"Tunisie\"],\"articleSection\":[\"National\"],\"inLanguage\":\"fr-FR\"},{\"@type\":\"WebPage\",\"@id\":\"https:\\\/\\\/www.webdo.tn\\\/fr\\\/actualite\\\/national\\\/tunisie-greve-generale-dans-le-secteur-de-la-sante\\\/217683\\\/\",\"url\":\"https:\\\/\\\/www.webdo.tn\\\/fr\\\/actualite\\\/national\\\/tunisie-greve-generale-dans-le-secteur-de-la-sante\\\/217683\\\/\",\"name\":\"Tunisie : Gr\u00e8ve g\u00e9n\u00e9rale dans le secteur de la sant\u00e9\",\"isPartOf\":{\"@id\":\"https:\\\/\\\/www.webdo.tn\\\/fr\\\/#website\"},\"primaryImageOfPage\":{\"@id\":\"https:\\\/\\\/www.webdo.tn\\\/fr\\\/actualite\\\/national\\\/tunisie-greve-generale-dans-le-secteur-de-la-sante\\\/217683\\\/#primaryimage\"},\"image\":{\"@id\":\"https:\\\/\\\/www.webdo.tn\\\/fr\\\/actualite\\\/national\\\/tunisie-greve-generale-dans-le-secteur-de-la-sante\\\/217683\\\/#primaryimage\"},\"thumbnailUrl\":\"https:\\\/\\\/www.webdo.tn\\\/fr\\\/wp-content\\\/uploads\\\/2025\\\/05\\\/31c44b52a19ea6df5915882d31120ed5-1.webp\",\"datePublished\":\"2024-11-19T09:06:00+00:00\",\"dateModified\":\"2025-05-20T21:46:43+00:00\",\"description\":\"Une gr\u00e8ve g\u00e9n\u00e9rale dans le secteur de la sant\u00e9 se profile \u00e0 l\u2019horizon. C\u2019est ce qu\u2019a annonc\u00e9 le journal Echa\u00e2b, organe m\u00e9diatique de l\u2019Union g\u00e9n\u00e9rale tunisienne...\",\"breadcrumb\":{\"@id\":\"https:\\\/\\\/www.webdo.tn\\\/fr\\\/actualite\\\/national\\\/tunisie-greve-generale-dans-le-secteur-de-la-sante\\\/217683\\\/#breadcrumb\"},\"inLanguage\":\"fr-FR\",\"potentialAction\":[{\"@type\":\"ReadAction\",\"target\":[\"https:\\\/\\\/www.webdo.tn\\\/fr\\\/actualite\\\/national\\\/tunisie-greve-generale-dans-le-secteur-de-la-sante\\\/217683\\\/\"]}]},{\"@type\":\"ImageObject\",\"inLanguage\":\"fr-FR\",\"@id\":\"https:\\\/\\\/www.webdo.tn\\\/fr\\\/actualite\\\/national\\\/tunisie-greve-generale-dans-le-secteur-de-la-sante\\\/217683\\\/#primaryimage\",\"url\":\"https:\\\/\\\/www.webdo.tn\\\/fr\\\/wp-content\\\/uploads\\\/2025\\\/05\\\/31c44b52a19ea6df5915882d31120ed5-1.webp\",\"contentUrl\":\"https:\\\/\\\/www.webdo.tn\\\/fr\\\/wp-content\\\/uploads\\\/2025\\\/05\\\/31c44b52a19ea6df5915882d31120ed5-1.webp\",\"width\":680,\"height\":363},{\"@type\":\"BreadcrumbList\",\"@id\":\"https:\\\/\\\/www.webdo.tn\\\/fr\\\/actualite\\\/national\\\/tunisie-greve-generale-dans-le-secteur-de-la-sante\\\/217683\\\/#breadcrumb\",\"itemListElement\":[{\"@type\":\"ListItem\",\"position\":1,\"name\":\"Accueil\",\"item\":\"https:\\\/\\\/www.webdo.tn\\\/fr\\\/\"},{\"@type\":\"ListItem\",\"position\":2,\"name\":\"Tunisie : Gr\u00e8ve g\u00e9n\u00e9rale dans le secteur de la sant\u00e9\"}]},{\"@type\":\"WebSite\",\"@id\":\"https:\\\/\\\/www.webdo.tn\\\/fr\\\/#website\",\"url\":\"https:\\\/\\\/www.webdo.tn\\\/fr\\\/\",\"name\":\"webdo\",\"description\":\"Tunisie - News en Tunisie et \u00e0 l&#039;international sur Webdo.tn\",\"publisher\":{\"@id\":\"https:\\\/\\\/www.webdo.tn\\\/fr\\\/#organization\"},\"potentialAction\":[{\"@type\":\"SearchAction\",\"target\":{\"@type\":\"EntryPoint\",\"urlTemplate\":\"https:\\\/\\\/www.webdo.tn\\\/fr\\\/?s={search_term_string}\"},\"query-input\":{\"@type\":\"PropertyValueSpecification\",\"valueRequired\":true,\"valueName\":\"search_term_string\"}}],\"inLanguage\":\"fr-FR\"},{\"@type\":\"Organization\",\"@id\":\"https:\\\/\\\/www.webdo.tn\\\/fr\\\/#organization\",\"name\":\"Webdo\",\"alternateName\":\"Webdo.tn\",\"url\":\"https:\\\/\\\/www.webdo.tn\\\/fr\\\/\",\"logo\":{\"@type\":\"ImageObject\",\"inLanguage\":\"fr-FR\",\"@id\":\"https:\\\/\\\/www.webdo.tn\\\/fr\\\/#\\\/schema\\\/logo\\\/image\\\/\",\"url\":\"https:\\\/\\\/www.webdo.tn\\\/fr\\\/wp-content\\\/uploads\\\/2025\\\/06\\\/Webdo-Tunisie_168377.jpg\",\"contentUrl\":\"https:\\\/\\\/www.webdo.tn\\\/fr\\\/wp-content\\\/uploads\\\/2025\\\/06\\\/Webdo-Tunisie_168377.jpg\",\"width\":301,\"height\":301,\"caption\":\"Webdo\"},\"image\":{\"@id\":\"https:\\\/\\\/www.webdo.tn\\\/fr\\\/#\\\/schema\\\/logo\\\/image\\\/\"},\"sameAs\":[\"https:\\\/\\\/www.facebook.com\\\/webdotn\",\"https:\\\/\\\/x.com\\\/webdo_tn\"],\"description\":\"Webdo est un m\u00e9dia num\u00e9rique tunisien fond\u00e9 en 2010, sp\u00e9cialis\u00e9 dans l\u2019actualit\u00e9 nationale et internationale, l\u2019\u00e9conomie, la soci\u00e9t\u00e9 et les analyses politiques. Le site s\u2019adresse \u00e0 un large public francophone et couvre l\u2019information tunisienne en temps r\u00e9el.\",\"email\":\"redac@webdo.tn\",\"legalName\":\"YNJ SARL\",\"foundingDate\":\"2010-09-06\",\"numberOfEmployees\":{\"@type\":\"QuantitativeValue\",\"minValue\":\"11\",\"maxValue\":\"50\"}},{\"@type\":\"Person\",\"@id\":\"https:\\\/\\\/www.webdo.tn\\\/fr\\\/#\\\/schema\\\/person\\\/2c4929cbf5a809e3bd38617c6ce150f6\",\"name\":\"MC\",\"image\":{\"@type\":\"ImageObject\",\"inLanguage\":\"fr-FR\",\"@id\":\"https:\\\/\\\/secure.gravatar.com\\\/avatar\\\/a545bbb6f84efdd5553dbbc2895e3ca8f1d12c5215e00a041c9670b54aa9b18a?s=96&d=mm&r=g\",\"url\":\"https:\\\/\\\/secure.gravatar.com\\\/avatar\\\/a545bbb6f84efdd5553dbbc2895e3ca8f1d12c5215e00a041c9670b54aa9b18a?s=96&d=mm&r=g\",\"contentUrl\":\"https:\\\/\\\/secure.gravatar.com\\\/avatar\\\/a545bbb6f84efdd5553dbbc2895e3ca8f1d12c5215e00a041c9670b54aa9b18a?s=96&d=mm&r=g\",\"caption\":\"MC\"},\"url\":\"https:\\\/\\\/www.webdo.tn\\\/fr\\\/actualite\\\/author\\\/mc\\\/\"}]}<\/script>\n<!-- \/ Yoast SEO Premium plugin. -->","yoast_head_json":{"title":"Tunisie : Gr\u00e8ve g\u00e9n\u00e9rale dans le secteur de la sant\u00e9","description":"Une gr\u00e8ve g\u00e9n\u00e9rale dans le secteur de la sant\u00e9 se profile \u00e0 l\u2019horizon. C\u2019est ce qu\u2019a annonc\u00e9 le journal Echa\u00e2b, organe m\u00e9diatique de l\u2019Union g\u00e9n\u00e9rale tunisienne...","canonical":"https:\/\/www.webdo.tn\/fr\/actualite\/national\/tunisie-greve-generale-dans-le-secteur-de-la-sante\/217683\/","og_locale":"fr_FR","og_type":"article","og_title":"Tunisie : Gr\u00e8ve g\u00e9n\u00e9rale dans le secteur de la sant\u00e9","og_description":"Une gr\u00e8ve g\u00e9n\u00e9rale dans le secteur de la sant\u00e9 se profile \u00e0 l\u2019horizon. C\u2019est ce qu\u2019a annonc\u00e9 le journal Echa\u00e2b, organe m\u00e9diatique de l\u2019Union g\u00e9n\u00e9rale tunisienne...","og_url":"https:\/\/www.webdo.tn\/fr\/actualite\/national\/tunisie-greve-generale-dans-le-secteur-de-la-sante\/217683\/","og_site_name":"webdo","article_publisher":"https:\/\/www.facebook.com\/webdotn","article_published_time":"2024-11-19T09:06:00+00:00","article_modified_time":"2025-05-20T21:46:43+00:00","og_image":[{"width":680,"height":363,"url":"https:\/\/www.webdo.tn\/fr\/wp-content\/uploads\/2025\/05\/31c44b52a19ea6df5915882d31120ed5-1.webp","type":"image\/webp"}],"author":"MC","twitter_card":"summary_large_image","twitter_creator":"@webdo_tn","twitter_site":"@webdo_tn","twitter_misc":{"\u00c9crit par":"MC","Dur\u00e9e de lecture estim\u00e9e":"2 minutes"},"schema":{"@context":"https:\/\/schema.org","@graph":[{"@type":"NewsArticle","@id":"https:\/\/www.webdo.tn\/fr\/actualite\/national\/tunisie-greve-generale-dans-le-secteur-de-la-sante\/217683\/#article","isPartOf":{"@id":"https:\/\/www.webdo.tn\/fr\/actualite\/national\/tunisie-greve-generale-dans-le-secteur-de-la-sante\/217683\/"},"author":{"name":"MC","@id":"https:\/\/www.webdo.tn\/fr\/#\/schema\/person\/2c4929cbf5a809e3bd38617c6ce150f6"},"headline":"Tunisie : Gr\u00e8ve g\u00e9n\u00e9rale dans le secteur de la sant\u00e9","datePublished":"2024-11-19T09:06:00+00:00","dateModified":"2025-05-20T21:46:43+00:00","mainEntityOfPage":{"@id":"https:\/\/www.webdo.tn\/fr\/actualite\/national\/tunisie-greve-generale-dans-le-secteur-de-la-sante\/217683\/"},"wordCount":349,"commentCount":0,"publisher":{"@id":"https:\/\/www.webdo.tn\/fr\/#organization"},"image":{"@id":"https:\/\/www.webdo.tn\/fr\/actualite\/national\/tunisie-greve-generale-dans-le-secteur-de-la-sante\/217683\/#primaryimage"},"thumbnailUrl":"https:\/\/www.webdo.tn\/fr\/wp-content\/uploads\/2025\/05\/31c44b52a19ea6df5915882d31120ed5-1.webp","keywords":["Gr\u00e8ve g\u00e9n\u00e9rale","Sant\u00e9 publique","Tunisie"],"articleSection":["National"],"inLanguage":"fr-FR"},{"@type":"WebPage","@id":"https:\/\/www.webdo.tn\/fr\/actualite\/national\/tunisie-greve-generale-dans-le-secteur-de-la-sante\/217683\/","url":"https:\/\/www.webdo.tn\/fr\/actualite\/national\/tunisie-greve-generale-dans-le-secteur-de-la-sante\/217683\/","name":"Tunisie : Gr\u00e8ve g\u00e9n\u00e9rale dans le secteur de la sant\u00e9","isPartOf":{"@id":"https:\/\/www.webdo.tn\/fr\/#website"},"primaryImageOfPage":{"@id":"https:\/\/www.webdo.tn\/fr\/actualite\/national\/tunisie-greve-generale-dans-le-secteur-de-la-sante\/217683\/#primaryimage"},"image":{"@id":"https:\/\/www.webdo.tn\/fr\/actualite\/national\/tunisie-greve-generale-dans-le-secteur-de-la-sante\/217683\/#primaryimage"},"thumbnailUrl":"https:\/\/www.webdo.tn\/fr\/wp-content\/uploads\/2025\/05\/31c44b52a19ea6df5915882d31120ed5-1.webp","datePublished":"2024-11-19T09:06:00+00:00","dateModified":"2025-05-20T21:46:43+00:00","description":"Une gr\u00e8ve g\u00e9n\u00e9rale dans le secteur de la sant\u00e9 se profile \u00e0 l\u2019horizon. C\u2019est ce qu\u2019a annonc\u00e9 le journal Echa\u00e2b, organe m\u00e9diatique de l\u2019Union g\u00e9n\u00e9rale tunisienne...","breadcrumb":{"@id":"https:\/\/www.webdo.tn\/fr\/actualite\/national\/tunisie-greve-generale-dans-le-secteur-de-la-sante\/217683\/#breadcrumb"},"inLanguage":"fr-FR","potentialAction":[{"@type":"ReadAction","target":["https:\/\/www.webdo.tn\/fr\/actualite\/national\/tunisie-greve-generale-dans-le-secteur-de-la-sante\/217683\/"]}]},{"@type":"ImageObject","inLanguage":"fr-FR","@id":"https:\/\/www.webdo.tn\/fr\/actualite\/national\/tunisie-greve-generale-dans-le-secteur-de-la-sante\/217683\/#primaryimage","url":"https:\/\/www.webdo.tn\/fr\/wp-content\/uploads\/2025\/05\/31c44b52a19ea6df5915882d31120ed5-1.webp","contentUrl":"https:\/\/www.webdo.tn\/fr\/wp-content\/uploads\/2025\/05\/31c44b52a19ea6df5915882d31120ed5-1.webp","width":680,"height":363},{"@type":"BreadcrumbList","@id":"https:\/\/www.webdo.tn\/fr\/actualite\/national\/tunisie-greve-generale-dans-le-secteur-de-la-sante\/217683\/#breadcrumb","itemListElement":[{"@type":"ListItem","position":1,"name":"Accueil","item":"https:\/\/www.webdo.tn\/fr\/"},{"@type":"ListItem","position":2,"name":"Tunisie : Gr\u00e8ve g\u00e9n\u00e9rale dans le secteur de la sant\u00e9"}]},{"@type":"WebSite","@id":"https:\/\/www.webdo.tn\/fr\/#website","url":"https:\/\/www.webdo.tn\/fr\/","name":"webdo","description":"Tunisie - News en Tunisie et \u00e0 l&#039;international sur Webdo.tn","publisher":{"@id":"https:\/\/www.webdo.tn\/fr\/#organization"},"potentialAction":[{"@type":"SearchAction","target":{"@type":"EntryPoint","urlTemplate":"https:\/\/www.webdo.tn\/fr\/?s={search_term_string}"},"query-input":{"@type":"PropertyValueSpecification","valueRequired":true,"valueName":"search_term_string"}}],"inLanguage":"fr-FR"},{"@type":"Organization","@id":"https:\/\/www.webdo.tn\/fr\/#organization","name":"Webdo","alternateName":"Webdo.tn","url":"https:\/\/www.webdo.tn\/fr\/","logo":{"@type":"ImageObject","inLanguage":"fr-FR","@id":"https:\/\/www.webdo.tn\/fr\/#\/schema\/logo\/image\/","url":"https:\/\/www.webdo.tn\/fr\/wp-content\/uploads\/2025\/06\/Webdo-Tunisie_168377.jpg","contentUrl":"https:\/\/www.webdo.tn\/fr\/wp-content\/uploads\/2025\/06\/Webdo-Tunisie_168377.jpg","width":301,"height":301,"caption":"Webdo"},"image":{"@id":"https:\/\/www.webdo.tn\/fr\/#\/schema\/logo\/image\/"},"sameAs":["https:\/\/www.facebook.com\/webdotn","https:\/\/x.com\/webdo_tn"],"description":"Webdo est un m\u00e9dia num\u00e9rique tunisien fond\u00e9 en 2010, sp\u00e9cialis\u00e9 dans l\u2019actualit\u00e9 nationale et internationale, l\u2019\u00e9conomie, la soci\u00e9t\u00e9 et les analyses politiques. Le site s\u2019adresse \u00e0 un large public francophone et couvre l\u2019information tunisienne en temps r\u00e9el.","email":"redac@webdo.tn","legalName":"YNJ SARL","foundingDate":"2010-09-06","numberOfEmployees":{"@type":"QuantitativeValue","minValue":"11","maxValue":"50"}},{"@type":"Person","@id":"https:\/\/www.webdo.tn\/fr\/#\/schema\/person\/2c4929cbf5a809e3bd38617c6ce150f6","name":"MC","image":{"@type":"ImageObject","inLanguage":"fr-FR","@id":"https:\/\/secure.gravatar.com\/avatar\/a545bbb6f84efdd5553dbbc2895e3ca8f1d12c5215e00a041c9670b54aa9b18a?s=96&d=mm&r=g","url":"https:\/\/secure.gravatar.com\/avatar\/a545bbb6f84efdd5553dbbc2895e3ca8f1d12c5215e00a041c9670b54aa9b18a?s=96&d=mm&r=g","contentUrl":"https:\/\/secure.gravatar.com\/avatar\/a545bbb6f84efdd5553dbbc2895e3ca8f1d12c5215e00a041c9670b54aa9b18a?s=96&d=mm&r=g","caption":"MC"},"url":"https:\/\/www.webdo.tn\/fr\/actualite\/author\/mc\/"}]}},"_links":{"self":[{"href":"https:\/\/www.webdo.tn\/fr\/wp-json\/wp\/v2\/posts\/217683","targetHints":{"allow":["GET"]}}],"collection":[{"href":"https:\/\/www.webdo.tn\/fr\/wp-json\/wp\/v2\/posts"}],"about":[{"href":"https:\/\/www.webdo.tn\/fr\/wp-json\/wp\/v2\/types\/post"}],"author":[{"embeddable":true,"href":"https:\/\/www.webdo.tn\/fr\/wp-json\/wp\/v2\/users\/3162"}],"replies":[{"embeddable":true,"href":"https:\/\/www.webdo.tn\/fr\/wp-json\/wp\/v2\/comments?post=217683"}],"version-history":[{"count":0,"href":"https:\/\/www.webdo.tn\/fr\/wp-json\/wp\/v2\/posts\/217683\/revisions"}],"wp:featuredmedia":[{"embeddable":true,"href":"https:\/\/www.webdo.tn\/fr\/wp-json\/wp\/v2\/media\/243994"}],"wp:attachment":[{"href":"https:\/\/www.webdo.tn\/fr\/wp-json\/wp\/v2\/media?parent=217683"}],"wp:term":[{"taxonomy":"category","embeddable":true,"href":"https:\/\/www.webdo.tn\/fr\/wp-json\/wp\/v2\/categories?post=217683"},{"taxonomy":"post_tag","embeddable":true,"href":"https:\/\/www.webdo.tn\/fr\/wp-json\/wp\/v2\/tags?post=217683"}],"curies":[{"name":"wp","href":"https:\/\/api.w.org\/{rel}","templated":true}]}}