{"id":217669,"date":"2024-11-18T15:22:00","date_gmt":"2024-11-18T15:22:00","guid":{"rendered":"https:\/\/www.webdo.tn\/fr\/blog\/tunisie-la-fibre-optique-bientot-deployee-dans-toutes-les-ecoles\/217669\/"},"modified":"2025-05-20T22:15:06","modified_gmt":"2025-05-20T22:15:06","slug":"tunisie-la-fibre-optique-bientot-deployee-dans-toutes-les-ecoles","status":"publish","type":"post","link":"https:\/\/www.webdo.tn\/fr\/actualite\/national\/tunisie-la-fibre-optique-bientot-deployee-dans-toutes-les-ecoles\/217669\/","title":{"rendered":"Tunisie : La fibre optique bient\u00f4t d\u00e9ploy\u00e9e dans toutes les \u00e9coles"},"content":{"rendered":"<p>Le minist\u00e8re des Technologies de la Communication est sur le point d\u2019achever le raccordement des \u00e9coles et lyc\u00e9es au r\u00e9seau de fibre optique.<\/p>\n<p>\t\t\t\t\t\t\t\t\tSelon le ministre Sofiene Hemissi, cette initiative vise \u00e0 am\u00e9liorer l\u2019acc\u00e8s \u00e0 Internet, notamment dans les zones rurales \u00e9loign\u00e9es, afin de connecter toutes les \u201czones blanches\u201d au haut d\u00e9bit d\u2019ici 2025. L\u2019objectif est de garantir \u00e0 chaque citoyen tunisien le droit \u00e0 une connexion Internet. \u00a0<\/p>\n<p>Concernant la 5G, le processus de s\u00e9lection des offres des op\u00e9rateurs est presque finalis\u00e9. La signature des contrats et le lancement commercial sont pr\u00e9vus pour d\u00e9but 2025.<\/p>\n<p>Parall\u00e8lement, un cahier des charges est en cours d\u2019\u00e9laboration pour encadrer les centres d\u2019appels internationaux. \u00a0<\/p>\n<p>Le ministre a \u00e9galement d\u00e9voil\u00e9 des projets pour moderniser et \u00e9tendre le r\u00e9seau de la Poste Tunisienne. De nouveaux bureaux, fixes et mobiles, seront ouverts dans plusieurs gouvernorats, et un concours sera organis\u00e9 en 2025 pour recruter 294 agents, afin de combler le d\u00e9ficit en personnel.<\/p>\n","protected":false},"excerpt":{"rendered":"<p>Le minist\u00e8re des Technologies de la Communication est sur le point d\u2019achever le raccordement des \u00e9coles et lyc\u00e9es au r\u00e9seau de fibre optique.  Selon le ministre&#8230;<\/p>\n","protected":false},"author":3162,"featured_media":291356,"comment_status":"open","ping_status":"closed","sticky":false,"template":"","format":"standard","meta":{"footnotes":""},"categories":[44],"tags":[3513,6389,2608],"class_list":["post-217669","post","type-post","status-publish","format-standard","has-post-thumbnail","hentry","category-national","tag-fibre-optique","tag-internet","tag-tunisie"],"yoast_head":"<!-- This site is optimized with the Yoast SEO Premium plugin v27.5 (Yoast SEO v27.5) - https:\/\/yoast.com\/product\/yoast-seo-premium-wordpress\/ -->\n<title>Tunisie : La fibre optique bient\u00f4t d\u00e9ploy\u00e9e dans toutes les \u00e9coles<\/title>\n<meta name=\"description\" content=\"Le minist\u00e8re des Technologies de la Communication est sur le point d\u2019achever le raccordement des \u00e9coles et lyc\u00e9es au r\u00e9seau de fibre optique. Selon le ministre...\" \/>\n<link rel=\"canonical\" href=\"https:\/\/www.webdo.tn\/fr\/actualite\/national\/tunisie-la-fibre-optique-bientot-deployee-dans-toutes-les-ecoles\/217669\/\" \/>\n<meta property=\"og:locale\" content=\"fr_FR\" \/>\n<meta property=\"og:type\" content=\"article\" \/>\n<meta property=\"og:title\" content=\"Tunisie : La fibre optique bient\u00f4t d\u00e9ploy\u00e9e dans toutes les \u00e9coles\" \/>\n<meta property=\"og:description\" content=\"Le minist\u00e8re des Technologies de la Communication est sur le point d\u2019achever le raccordement des \u00e9coles et lyc\u00e9es au r\u00e9seau de fibre optique. Selon le ministre...\" \/>\n<meta property=\"og:url\" content=\"https:\/\/www.webdo.tn\/fr\/actualite\/national\/tunisie-la-fibre-optique-bientot-deployee-dans-toutes-les-ecoles\/217669\/\" \/>\n<meta property=\"og:site_name\" content=\"webdo\" \/>\n<meta property=\"article:publisher\" content=\"https:\/\/www.facebook.com\/webdotn\" \/>\n<meta property=\"article:published_time\" content=\"2024-11-18T15:22:00+00:00\" \/>\n<meta property=\"article:modified_time\" content=\"2025-05-20T22:15:06+00:00\" \/>\n<meta property=\"og:image\" content=\"https:\/\/www.webdo.tn\/fr\/wp-content\/uploads\/2024\/11\/d7f838ffecc75b6a4dfbabc927c951c2.webp\" \/>\n\t<meta property=\"og:image:width\" content=\"750\" \/>\n\t<meta property=\"og:image:height\" content=\"400\" \/>\n\t<meta property=\"og:image:type\" content=\"image\/webp\" \/>\n<meta name=\"author\" content=\"MC\" \/>\n<meta name=\"twitter:card\" content=\"summary_large_image\" \/>\n<meta name=\"twitter:creator\" content=\"@webdo_tn\" \/>\n<meta name=\"twitter:site\" content=\"@webdo_tn\" \/>\n<meta name=\"twitter:label1\" content=\"\u00c9crit par\" \/>\n\t<meta name=\"twitter:data1\" content=\"MC\" \/>\n\t<meta name=\"twitter:label2\" content=\"Dur\u00e9e de lecture estim\u00e9e\" \/>\n\t<meta name=\"twitter:data2\" content=\"1 minute\" \/>\n<script type=\"application\/ld+json\" class=\"yoast-schema-graph\">{\"@context\":\"https:\\\/\\\/schema.org\",\"@graph\":[{\"@type\":\"NewsArticle\",\"@id\":\"https:\\\/\\\/www.webdo.tn\\\/fr\\\/actualite\\\/national\\\/tunisie-la-fibre-optique-bientot-deployee-dans-toutes-les-ecoles\\\/217669\\\/#article\",\"isPartOf\":{\"@id\":\"https:\\\/\\\/www.webdo.tn\\\/fr\\\/actualite\\\/national\\\/tunisie-la-fibre-optique-bientot-deployee-dans-toutes-les-ecoles\\\/217669\\\/\"},\"author\":{\"name\":\"MC\",\"@id\":\"https:\\\/\\\/www.webdo.tn\\\/fr\\\/#\\\/schema\\\/person\\\/2c4929cbf5a809e3bd38617c6ce150f6\"},\"headline\":\"Tunisie : La fibre optique bient\u00f4t d\u00e9ploy\u00e9e dans toutes les \u00e9coles\",\"datePublished\":\"2024-11-18T15:22:00+00:00\",\"dateModified\":\"2025-05-20T22:15:06+00:00\",\"mainEntityOfPage\":{\"@id\":\"https:\\\/\\\/www.webdo.tn\\\/fr\\\/actualite\\\/national\\\/tunisie-la-fibre-optique-bientot-deployee-dans-toutes-les-ecoles\\\/217669\\\/\"},\"wordCount\":182,\"commentCount\":0,\"publisher\":{\"@id\":\"https:\\\/\\\/www.webdo.tn\\\/fr\\\/#organization\"},\"image\":{\"@id\":\"https:\\\/\\\/www.webdo.tn\\\/fr\\\/actualite\\\/national\\\/tunisie-la-fibre-optique-bientot-deployee-dans-toutes-les-ecoles\\\/217669\\\/#primaryimage\"},\"thumbnailUrl\":\"https:\\\/\\\/www.webdo.tn\\\/fr\\\/wp-content\\\/uploads\\\/2024\\\/11\\\/d7f838ffecc75b6a4dfbabc927c951c2.webp\",\"keywords\":[\"fibre optique\",\"Internet\",\"Tunisie\"],\"articleSection\":[\"National\"],\"inLanguage\":\"fr-FR\"},{\"@type\":\"WebPage\",\"@id\":\"https:\\\/\\\/www.webdo.tn\\\/fr\\\/actualite\\\/national\\\/tunisie-la-fibre-optique-bientot-deployee-dans-toutes-les-ecoles\\\/217669\\\/\",\"url\":\"https:\\\/\\\/www.webdo.tn\\\/fr\\\/actualite\\\/national\\\/tunisie-la-fibre-optique-bientot-deployee-dans-toutes-les-ecoles\\\/217669\\\/\",\"name\":\"Tunisie : La fibre optique bient\u00f4t d\u00e9ploy\u00e9e dans toutes les \u00e9coles\",\"isPartOf\":{\"@id\":\"https:\\\/\\\/www.webdo.tn\\\/fr\\\/#website\"},\"primaryImageOfPage\":{\"@id\":\"https:\\\/\\\/www.webdo.tn\\\/fr\\\/actualite\\\/national\\\/tunisie-la-fibre-optique-bientot-deployee-dans-toutes-les-ecoles\\\/217669\\\/#primaryimage\"},\"image\":{\"@id\":\"https:\\\/\\\/www.webdo.tn\\\/fr\\\/actualite\\\/national\\\/tunisie-la-fibre-optique-bientot-deployee-dans-toutes-les-ecoles\\\/217669\\\/#primaryimage\"},\"thumbnailUrl\":\"https:\\\/\\\/www.webdo.tn\\\/fr\\\/wp-content\\\/uploads\\\/2024\\\/11\\\/d7f838ffecc75b6a4dfbabc927c951c2.webp\",\"datePublished\":\"2024-11-18T15:22:00+00:00\",\"dateModified\":\"2025-05-20T22:15:06+00:00\",\"description\":\"Le minist\u00e8re des Technologies de la Communication est sur le point d\u2019achever le raccordement des \u00e9coles et lyc\u00e9es au r\u00e9seau de fibre optique. Selon le ministre...\",\"breadcrumb\":{\"@id\":\"https:\\\/\\\/www.webdo.tn\\\/fr\\\/actualite\\\/national\\\/tunisie-la-fibre-optique-bientot-deployee-dans-toutes-les-ecoles\\\/217669\\\/#breadcrumb\"},\"inLanguage\":\"fr-FR\",\"potentialAction\":[{\"@type\":\"ReadAction\",\"target\":[\"https:\\\/\\\/www.webdo.tn\\\/fr\\\/actualite\\\/national\\\/tunisie-la-fibre-optique-bientot-deployee-dans-toutes-les-ecoles\\\/217669\\\/\"]}]},{\"@type\":\"ImageObject\",\"inLanguage\":\"fr-FR\",\"@id\":\"https:\\\/\\\/www.webdo.tn\\\/fr\\\/actualite\\\/national\\\/tunisie-la-fibre-optique-bientot-deployee-dans-toutes-les-ecoles\\\/217669\\\/#primaryimage\",\"url\":\"https:\\\/\\\/www.webdo.tn\\\/fr\\\/wp-content\\\/uploads\\\/2024\\\/11\\\/d7f838ffecc75b6a4dfbabc927c951c2.webp\",\"contentUrl\":\"https:\\\/\\\/www.webdo.tn\\\/fr\\\/wp-content\\\/uploads\\\/2024\\\/11\\\/d7f838ffecc75b6a4dfbabc927c951c2.webp\",\"width\":750,\"height\":400,\"caption\":\"Tunisie : La fibre optique bient\u00f4t d\u00e9ploy\u00e9e dans toutes les \u00e9coles\"},{\"@type\":\"BreadcrumbList\",\"@id\":\"https:\\\/\\\/www.webdo.tn\\\/fr\\\/actualite\\\/national\\\/tunisie-la-fibre-optique-bientot-deployee-dans-toutes-les-ecoles\\\/217669\\\/#breadcrumb\",\"itemListElement\":[{\"@type\":\"ListItem\",\"position\":1,\"name\":\"Accueil\",\"item\":\"https:\\\/\\\/www.webdo.tn\\\/fr\\\/\"},{\"@type\":\"ListItem\",\"position\":2,\"name\":\"Tunisie : La fibre optique bient\u00f4t d\u00e9ploy\u00e9e dans toutes les \u00e9coles\"}]},{\"@type\":\"WebSite\",\"@id\":\"https:\\\/\\\/www.webdo.tn\\\/fr\\\/#website\",\"url\":\"https:\\\/\\\/www.webdo.tn\\\/fr\\\/\",\"name\":\"webdo\",\"description\":\"Tunisie - News en Tunisie et \u00e0 l&#039;international sur Webdo.tn\",\"publisher\":{\"@id\":\"https:\\\/\\\/www.webdo.tn\\\/fr\\\/#organization\"},\"potentialAction\":[{\"@type\":\"SearchAction\",\"target\":{\"@type\":\"EntryPoint\",\"urlTemplate\":\"https:\\\/\\\/www.webdo.tn\\\/fr\\\/?s={search_term_string}\"},\"query-input\":{\"@type\":\"PropertyValueSpecification\",\"valueRequired\":true,\"valueName\":\"search_term_string\"}}],\"inLanguage\":\"fr-FR\"},{\"@type\":\"Organization\",\"@id\":\"https:\\\/\\\/www.webdo.tn\\\/fr\\\/#organization\",\"name\":\"Webdo\",\"alternateName\":\"Webdo.tn\",\"url\":\"https:\\\/\\\/www.webdo.tn\\\/fr\\\/\",\"logo\":{\"@type\":\"ImageObject\",\"inLanguage\":\"fr-FR\",\"@id\":\"https:\\\/\\\/www.webdo.tn\\\/fr\\\/#\\\/schema\\\/logo\\\/image\\\/\",\"url\":\"https:\\\/\\\/www.webdo.tn\\\/fr\\\/wp-content\\\/uploads\\\/2025\\\/06\\\/Webdo-Tunisie_168377.jpg\",\"contentUrl\":\"https:\\\/\\\/www.webdo.tn\\\/fr\\\/wp-content\\\/uploads\\\/2025\\\/06\\\/Webdo-Tunisie_168377.jpg\",\"width\":301,\"height\":301,\"caption\":\"Webdo\"},\"image\":{\"@id\":\"https:\\\/\\\/www.webdo.tn\\\/fr\\\/#\\\/schema\\\/logo\\\/image\\\/\"},\"sameAs\":[\"https:\\\/\\\/www.facebook.com\\\/webdotn\",\"https:\\\/\\\/x.com\\\/webdo_tn\"],\"description\":\"Webdo est un m\u00e9dia num\u00e9rique tunisien fond\u00e9 en 2010, sp\u00e9cialis\u00e9 dans l\u2019actualit\u00e9 nationale et internationale, l\u2019\u00e9conomie, la soci\u00e9t\u00e9 et les analyses politiques. Le site s\u2019adresse \u00e0 un large public francophone et couvre l\u2019information tunisienne en temps r\u00e9el.\",\"email\":\"redac@webdo.tn\",\"legalName\":\"YNJ SARL\",\"foundingDate\":\"2010-09-06\",\"numberOfEmployees\":{\"@type\":\"QuantitativeValue\",\"minValue\":\"11\",\"maxValue\":\"50\"}},{\"@type\":\"Person\",\"@id\":\"https:\\\/\\\/www.webdo.tn\\\/fr\\\/#\\\/schema\\\/person\\\/2c4929cbf5a809e3bd38617c6ce150f6\",\"name\":\"MC\",\"image\":{\"@type\":\"ImageObject\",\"inLanguage\":\"fr-FR\",\"@id\":\"https:\\\/\\\/secure.gravatar.com\\\/avatar\\\/a545bbb6f84efdd5553dbbc2895e3ca8f1d12c5215e00a041c9670b54aa9b18a?s=96&d=mm&r=g\",\"url\":\"https:\\\/\\\/secure.gravatar.com\\\/avatar\\\/a545bbb6f84efdd5553dbbc2895e3ca8f1d12c5215e00a041c9670b54aa9b18a?s=96&d=mm&r=g\",\"contentUrl\":\"https:\\\/\\\/secure.gravatar.com\\\/avatar\\\/a545bbb6f84efdd5553dbbc2895e3ca8f1d12c5215e00a041c9670b54aa9b18a?s=96&d=mm&r=g\",\"caption\":\"MC\"},\"url\":\"https:\\\/\\\/www.webdo.tn\\\/fr\\\/actualite\\\/author\\\/mc\\\/\"}]}<\/script>\n<!-- \/ Yoast SEO Premium plugin. -->","yoast_head_json":{"title":"Tunisie : La fibre optique bient\u00f4t d\u00e9ploy\u00e9e dans toutes les \u00e9coles","description":"Le minist\u00e8re des Technologies de la Communication est sur le point d\u2019achever le raccordement des \u00e9coles et lyc\u00e9es au r\u00e9seau de fibre optique. Selon le ministre...","canonical":"https:\/\/www.webdo.tn\/fr\/actualite\/national\/tunisie-la-fibre-optique-bientot-deployee-dans-toutes-les-ecoles\/217669\/","og_locale":"fr_FR","og_type":"article","og_title":"Tunisie : La fibre optique bient\u00f4t d\u00e9ploy\u00e9e dans toutes les \u00e9coles","og_description":"Le minist\u00e8re des Technologies de la Communication est sur le point d\u2019achever le raccordement des \u00e9coles et lyc\u00e9es au r\u00e9seau de fibre optique. Selon le ministre...","og_url":"https:\/\/www.webdo.tn\/fr\/actualite\/national\/tunisie-la-fibre-optique-bientot-deployee-dans-toutes-les-ecoles\/217669\/","og_site_name":"webdo","article_publisher":"https:\/\/www.facebook.com\/webdotn","article_published_time":"2024-11-18T15:22:00+00:00","article_modified_time":"2025-05-20T22:15:06+00:00","og_image":[{"width":750,"height":400,"url":"https:\/\/www.webdo.tn\/fr\/wp-content\/uploads\/2024\/11\/d7f838ffecc75b6a4dfbabc927c951c2.webp","type":"image\/webp"}],"author":"MC","twitter_card":"summary_large_image","twitter_creator":"@webdo_tn","twitter_site":"@webdo_tn","twitter_misc":{"\u00c9crit par":"MC","Dur\u00e9e de lecture estim\u00e9e":"1 minute"},"schema":{"@context":"https:\/\/schema.org","@graph":[{"@type":"NewsArticle","@id":"https:\/\/www.webdo.tn\/fr\/actualite\/national\/tunisie-la-fibre-optique-bientot-deployee-dans-toutes-les-ecoles\/217669\/#article","isPartOf":{"@id":"https:\/\/www.webdo.tn\/fr\/actualite\/national\/tunisie-la-fibre-optique-bientot-deployee-dans-toutes-les-ecoles\/217669\/"},"author":{"name":"MC","@id":"https:\/\/www.webdo.tn\/fr\/#\/schema\/person\/2c4929cbf5a809e3bd38617c6ce150f6"},"headline":"Tunisie : La fibre optique bient\u00f4t d\u00e9ploy\u00e9e dans toutes les \u00e9coles","datePublished":"2024-11-18T15:22:00+00:00","dateModified":"2025-05-20T22:15:06+00:00","mainEntityOfPage":{"@id":"https:\/\/www.webdo.tn\/fr\/actualite\/national\/tunisie-la-fibre-optique-bientot-deployee-dans-toutes-les-ecoles\/217669\/"},"wordCount":182,"commentCount":0,"publisher":{"@id":"https:\/\/www.webdo.tn\/fr\/#organization"},"image":{"@id":"https:\/\/www.webdo.tn\/fr\/actualite\/national\/tunisie-la-fibre-optique-bientot-deployee-dans-toutes-les-ecoles\/217669\/#primaryimage"},"thumbnailUrl":"https:\/\/www.webdo.tn\/fr\/wp-content\/uploads\/2024\/11\/d7f838ffecc75b6a4dfbabc927c951c2.webp","keywords":["fibre optique","Internet","Tunisie"],"articleSection":["National"],"inLanguage":"fr-FR"},{"@type":"WebPage","@id":"https:\/\/www.webdo.tn\/fr\/actualite\/national\/tunisie-la-fibre-optique-bientot-deployee-dans-toutes-les-ecoles\/217669\/","url":"https:\/\/www.webdo.tn\/fr\/actualite\/national\/tunisie-la-fibre-optique-bientot-deployee-dans-toutes-les-ecoles\/217669\/","name":"Tunisie : La fibre optique bient\u00f4t d\u00e9ploy\u00e9e dans toutes les \u00e9coles","isPartOf":{"@id":"https:\/\/www.webdo.tn\/fr\/#website"},"primaryImageOfPage":{"@id":"https:\/\/www.webdo.tn\/fr\/actualite\/national\/tunisie-la-fibre-optique-bientot-deployee-dans-toutes-les-ecoles\/217669\/#primaryimage"},"image":{"@id":"https:\/\/www.webdo.tn\/fr\/actualite\/national\/tunisie-la-fibre-optique-bientot-deployee-dans-toutes-les-ecoles\/217669\/#primaryimage"},"thumbnailUrl":"https:\/\/www.webdo.tn\/fr\/wp-content\/uploads\/2024\/11\/d7f838ffecc75b6a4dfbabc927c951c2.webp","datePublished":"2024-11-18T15:22:00+00:00","dateModified":"2025-05-20T22:15:06+00:00","description":"Le minist\u00e8re des Technologies de la Communication est sur le point d\u2019achever le raccordement des \u00e9coles et lyc\u00e9es au r\u00e9seau de fibre optique. Selon le ministre...","breadcrumb":{"@id":"https:\/\/www.webdo.tn\/fr\/actualite\/national\/tunisie-la-fibre-optique-bientot-deployee-dans-toutes-les-ecoles\/217669\/#breadcrumb"},"inLanguage":"fr-FR","potentialAction":[{"@type":"ReadAction","target":["https:\/\/www.webdo.tn\/fr\/actualite\/national\/tunisie-la-fibre-optique-bientot-deployee-dans-toutes-les-ecoles\/217669\/"]}]},{"@type":"ImageObject","inLanguage":"fr-FR","@id":"https:\/\/www.webdo.tn\/fr\/actualite\/national\/tunisie-la-fibre-optique-bientot-deployee-dans-toutes-les-ecoles\/217669\/#primaryimage","url":"https:\/\/www.webdo.tn\/fr\/wp-content\/uploads\/2024\/11\/d7f838ffecc75b6a4dfbabc927c951c2.webp","contentUrl":"https:\/\/www.webdo.tn\/fr\/wp-content\/uploads\/2024\/11\/d7f838ffecc75b6a4dfbabc927c951c2.webp","width":750,"height":400,"caption":"Tunisie : La fibre optique bient\u00f4t d\u00e9ploy\u00e9e dans toutes les \u00e9coles"},{"@type":"BreadcrumbList","@id":"https:\/\/www.webdo.tn\/fr\/actualite\/national\/tunisie-la-fibre-optique-bientot-deployee-dans-toutes-les-ecoles\/217669\/#breadcrumb","itemListElement":[{"@type":"ListItem","position":1,"name":"Accueil","item":"https:\/\/www.webdo.tn\/fr\/"},{"@type":"ListItem","position":2,"name":"Tunisie : La fibre optique bient\u00f4t d\u00e9ploy\u00e9e dans toutes les \u00e9coles"}]},{"@type":"WebSite","@id":"https:\/\/www.webdo.tn\/fr\/#website","url":"https:\/\/www.webdo.tn\/fr\/","name":"webdo","description":"Tunisie - News en Tunisie et \u00e0 l&#039;international sur Webdo.tn","publisher":{"@id":"https:\/\/www.webdo.tn\/fr\/#organization"},"potentialAction":[{"@type":"SearchAction","target":{"@type":"EntryPoint","urlTemplate":"https:\/\/www.webdo.tn\/fr\/?s={search_term_string}"},"query-input":{"@type":"PropertyValueSpecification","valueRequired":true,"valueName":"search_term_string"}}],"inLanguage":"fr-FR"},{"@type":"Organization","@id":"https:\/\/www.webdo.tn\/fr\/#organization","name":"Webdo","alternateName":"Webdo.tn","url":"https:\/\/www.webdo.tn\/fr\/","logo":{"@type":"ImageObject","inLanguage":"fr-FR","@id":"https:\/\/www.webdo.tn\/fr\/#\/schema\/logo\/image\/","url":"https:\/\/www.webdo.tn\/fr\/wp-content\/uploads\/2025\/06\/Webdo-Tunisie_168377.jpg","contentUrl":"https:\/\/www.webdo.tn\/fr\/wp-content\/uploads\/2025\/06\/Webdo-Tunisie_168377.jpg","width":301,"height":301,"caption":"Webdo"},"image":{"@id":"https:\/\/www.webdo.tn\/fr\/#\/schema\/logo\/image\/"},"sameAs":["https:\/\/www.facebook.com\/webdotn","https:\/\/x.com\/webdo_tn"],"description":"Webdo est un m\u00e9dia num\u00e9rique tunisien fond\u00e9 en 2010, sp\u00e9cialis\u00e9 dans l\u2019actualit\u00e9 nationale et internationale, l\u2019\u00e9conomie, la soci\u00e9t\u00e9 et les analyses politiques. Le site s\u2019adresse \u00e0 un large public francophone et couvre l\u2019information tunisienne en temps r\u00e9el.","email":"redac@webdo.tn","legalName":"YNJ SARL","foundingDate":"2010-09-06","numberOfEmployees":{"@type":"QuantitativeValue","minValue":"11","maxValue":"50"}},{"@type":"Person","@id":"https:\/\/www.webdo.tn\/fr\/#\/schema\/person\/2c4929cbf5a809e3bd38617c6ce150f6","name":"MC","image":{"@type":"ImageObject","inLanguage":"fr-FR","@id":"https:\/\/secure.gravatar.com\/avatar\/a545bbb6f84efdd5553dbbc2895e3ca8f1d12c5215e00a041c9670b54aa9b18a?s=96&d=mm&r=g","url":"https:\/\/secure.gravatar.com\/avatar\/a545bbb6f84efdd5553dbbc2895e3ca8f1d12c5215e00a041c9670b54aa9b18a?s=96&d=mm&r=g","contentUrl":"https:\/\/secure.gravatar.com\/avatar\/a545bbb6f84efdd5553dbbc2895e3ca8f1d12c5215e00a041c9670b54aa9b18a?s=96&d=mm&r=g","caption":"MC"},"url":"https:\/\/www.webdo.tn\/fr\/actualite\/author\/mc\/"}]}},"_links":{"self":[{"href":"https:\/\/www.webdo.tn\/fr\/wp-json\/wp\/v2\/posts\/217669","targetHints":{"allow":["GET"]}}],"collection":[{"href":"https:\/\/www.webdo.tn\/fr\/wp-json\/wp\/v2\/posts"}],"about":[{"href":"https:\/\/www.webdo.tn\/fr\/wp-json\/wp\/v2\/types\/post"}],"author":[{"embeddable":true,"href":"https:\/\/www.webdo.tn\/fr\/wp-json\/wp\/v2\/users\/3162"}],"replies":[{"embeddable":true,"href":"https:\/\/www.webdo.tn\/fr\/wp-json\/wp\/v2\/comments?post=217669"}],"version-history":[{"count":0,"href":"https:\/\/www.webdo.tn\/fr\/wp-json\/wp\/v2\/posts\/217669\/revisions"}],"wp:featuredmedia":[{"embeddable":true,"href":"https:\/\/www.webdo.tn\/fr\/wp-json\/wp\/v2\/media\/291356"}],"wp:attachment":[{"href":"https:\/\/www.webdo.tn\/fr\/wp-json\/wp\/v2\/media?parent=217669"}],"wp:term":[{"taxonomy":"category","embeddable":true,"href":"https:\/\/www.webdo.tn\/fr\/wp-json\/wp\/v2\/categories?post=217669"},{"taxonomy":"post_tag","embeddable":true,"href":"https:\/\/www.webdo.tn\/fr\/wp-json\/wp\/v2\/tags?post=217669"}],"curies":[{"name":"wp","href":"https:\/\/api.w.org\/{rel}","templated":true}]}}