{"id":217666,"date":"2024-11-18T14:47:00","date_gmt":"2024-11-18T14:47:00","guid":{"rendered":"https:\/\/www.webdo.tn\/fr\/blog\/tunisie-la-ltdh-denonce-l-arrestation-de-plusieurs-militants\/217666\/"},"modified":"2025-05-20T22:21:49","modified_gmt":"2025-05-20T22:21:49","slug":"tunisie-la-ltdh-denonce-l-arrestation-de-plusieurs-militants","status":"publish","type":"post","link":"https:\/\/www.webdo.tn\/fr\/actualite\/national\/tunisie-la-ltdh-denonce-l-arrestation-de-plusieurs-militants\/217666\/","title":{"rendered":"Tunisie : La LTDH d\u00e9nonce l\u2019arrestation de plusieurs militants"},"content":{"rendered":"<p>Dans un communiqu\u00e9 rendu public ce lundi 18 novembre 2024, la Ligue tunisienne des droits de l\u2019Homme a d\u00e9nonc\u00e9 l\u2019arrestation de plusieurs militants de la soci\u00e9t\u00e9 civile.<\/p>\n<p>\t\t\t\t\t\t\t\t\t\u00ab Ces derni\u00e8res semaines, les autorit\u00e9s politiques actuelles poursuivent, en exploitant les appareils de l&rsquo;\u00c9tat, l&rsquo;escalade de la criminalisation des mouvements pacifiques et des protestations.\u00a0<\/p>\n<p>Elles renforcent \u00e9galement la r\u00e9pression contre les activit\u00e9s civiles, politiques, sociales et syndicales en poursuivant activistes et militants \u00bb, a-t-on communiqu\u00e9.\u00a0<\/p>\n<p>Toujours selon la LTDH, de nouvelles poursuites ont \u00e9t\u00e9 engag\u00e9es contre plusieurs militants ayant organis\u00e9 des mouvements de protestation et une marche pacifique pour exprimer leur opposition au processus r\u00e9f\u00e9rendaire impos\u00e9 concernant la version finale de la Constitution, \u00ab r\u00e9dig\u00e9e de mani\u00e8re unilat\u00e9rale \u00bb.\u00a0<\/p>\n<p>De nombreuses personnes ont \u00e9t\u00e9 convoqu\u00e9es pour enqu\u00eate en raison de leur participation \u00e0 ces protestations, a-t-on \u00e9galement dit.\u00a0<\/p>\n<p>Ces convocations ont \u00e9t\u00e9 effectu\u00e9es par la brigade centrale de lutte contre la criminalit\u00e9 \u00e0 Ben Arous, o\u00f9 les personnes concern\u00e9es ont \u00e9t\u00e9 qualifi\u00e9es de \u00ab suspects \u00bb en raison de leur participation aux manifestations du 18 juillet 2022 sur l\u2019avenue Habib Bourguiba.<\/p>\n","protected":false},"excerpt":{"rendered":"<p>\u00ab Ces derni\u00e8res semaines, les autorit\u00e9s politiques actuelles poursuivent, en exploitant les appareils de l&rsquo;\u00c9tat, l&rsquo;escalade de la criminalisation des mouvements&#8230;<\/p>\n","protected":false},"author":3163,"featured_media":291352,"comment_status":"open","ping_status":"closed","sticky":false,"template":"","format":"standard","meta":{"footnotes":""},"categories":[44],"tags":[10643,7947,2608],"class_list":["post-217666","post","type-post","status-publish","format-standard","has-post-thumbnail","hentry","category-national","tag-militants","tag-ltdh","tag-tunisie"],"yoast_head":"<!-- This site is optimized with the Yoast SEO Premium plugin v27.4 (Yoast SEO v27.5) - https:\/\/yoast.com\/product\/yoast-seo-premium-wordpress\/ -->\n<title>Tunisie : La LTDH d\u00e9nonce l\u2019arrestation de plusieurs militants<\/title>\n<meta name=\"description\" content=\"\u00ab Ces derni\u00e8res semaines, les autorit\u00e9s politiques actuelles poursuivent, en exploitant les appareils de l&#039;\u00c9tat, l&#039;escalade de la criminalisation des mouvements...\" \/>\n<link rel=\"canonical\" href=\"https:\/\/www.webdo.tn\/fr\/actualite\/national\/tunisie-la-ltdh-denonce-l-arrestation-de-plusieurs-militants\/217666\/\" \/>\n<meta property=\"og:locale\" content=\"fr_FR\" \/>\n<meta property=\"og:type\" content=\"article\" \/>\n<meta property=\"og:title\" content=\"Tunisie : La LTDH d\u00e9nonce l\u2019arrestation de plusieurs militants\" \/>\n<meta property=\"og:description\" content=\"\u00ab Ces derni\u00e8res semaines, les autorit\u00e9s politiques actuelles poursuivent, en exploitant les appareils de l&#039;\u00c9tat, l&#039;escalade de la criminalisation des mouvements...\" \/>\n<meta property=\"og:url\" content=\"https:\/\/www.webdo.tn\/fr\/actualite\/national\/tunisie-la-ltdh-denonce-l-arrestation-de-plusieurs-militants\/217666\/\" \/>\n<meta property=\"og:site_name\" content=\"webdo\" \/>\n<meta property=\"article:publisher\" content=\"https:\/\/www.facebook.com\/webdotn\" \/>\n<meta property=\"article:published_time\" content=\"2024-11-18T14:47:00+00:00\" \/>\n<meta property=\"article:modified_time\" content=\"2025-05-20T22:21:49+00:00\" \/>\n<meta property=\"og:image\" content=\"https:\/\/www.webdo.tn\/fr\/wp-content\/uploads\/2024\/11\/2ede6eecbc2077a36a05f3a5e7cf2229.webp\" \/>\n\t<meta property=\"og:image:width\" content=\"750\" \/>\n\t<meta property=\"og:image:height\" content=\"400\" \/>\n\t<meta property=\"og:image:type\" content=\"image\/webp\" \/>\n<meta name=\"author\" content=\"KJ\" \/>\n<meta name=\"twitter:card\" content=\"summary_large_image\" \/>\n<meta name=\"twitter:creator\" content=\"@webdo_tn\" \/>\n<meta name=\"twitter:site\" content=\"@webdo_tn\" \/>\n<meta name=\"twitter:label1\" content=\"\u00c9crit par\" \/>\n\t<meta name=\"twitter:data1\" content=\"KJ\" \/>\n\t<meta name=\"twitter:label2\" content=\"Dur\u00e9e de lecture estim\u00e9e\" \/>\n\t<meta name=\"twitter:data2\" content=\"1 minute\" \/>\n<script type=\"application\/ld+json\" class=\"yoast-schema-graph\">{\"@context\":\"https:\\\/\\\/schema.org\",\"@graph\":[{\"@type\":\"NewsArticle\",\"@id\":\"https:\\\/\\\/www.webdo.tn\\\/fr\\\/actualite\\\/national\\\/tunisie-la-ltdh-denonce-l-arrestation-de-plusieurs-militants\\\/217666\\\/#article\",\"isPartOf\":{\"@id\":\"https:\\\/\\\/www.webdo.tn\\\/fr\\\/actualite\\\/national\\\/tunisie-la-ltdh-denonce-l-arrestation-de-plusieurs-militants\\\/217666\\\/\"},\"author\":{\"name\":\"KJ\",\"@id\":\"https:\\\/\\\/www.webdo.tn\\\/fr\\\/#\\\/schema\\\/person\\\/82ca085b22037d285e1a3c4b65ba5f71\"},\"headline\":\"Tunisie : La LTDH d\u00e9nonce l\u2019arrestation de plusieurs militants\",\"datePublished\":\"2024-11-18T14:47:00+00:00\",\"dateModified\":\"2025-05-20T22:21:49+00:00\",\"mainEntityOfPage\":{\"@id\":\"https:\\\/\\\/www.webdo.tn\\\/fr\\\/actualite\\\/national\\\/tunisie-la-ltdh-denonce-l-arrestation-de-plusieurs-militants\\\/217666\\\/\"},\"wordCount\":200,\"commentCount\":0,\"publisher\":{\"@id\":\"https:\\\/\\\/www.webdo.tn\\\/fr\\\/#organization\"},\"image\":{\"@id\":\"https:\\\/\\\/www.webdo.tn\\\/fr\\\/actualite\\\/national\\\/tunisie-la-ltdh-denonce-l-arrestation-de-plusieurs-militants\\\/217666\\\/#primaryimage\"},\"thumbnailUrl\":\"https:\\\/\\\/www.webdo.tn\\\/fr\\\/wp-content\\\/uploads\\\/2024\\\/11\\\/2ede6eecbc2077a36a05f3a5e7cf2229.webp\",\"keywords\":[\"'militants']\",\"LTDH\",\"Tunisie\"],\"articleSection\":[\"National\"],\"inLanguage\":\"fr-FR\"},{\"@type\":\"WebPage\",\"@id\":\"https:\\\/\\\/www.webdo.tn\\\/fr\\\/actualite\\\/national\\\/tunisie-la-ltdh-denonce-l-arrestation-de-plusieurs-militants\\\/217666\\\/\",\"url\":\"https:\\\/\\\/www.webdo.tn\\\/fr\\\/actualite\\\/national\\\/tunisie-la-ltdh-denonce-l-arrestation-de-plusieurs-militants\\\/217666\\\/\",\"name\":\"Tunisie : La LTDH d\u00e9nonce l\u2019arrestation de plusieurs militants\",\"isPartOf\":{\"@id\":\"https:\\\/\\\/www.webdo.tn\\\/fr\\\/#website\"},\"primaryImageOfPage\":{\"@id\":\"https:\\\/\\\/www.webdo.tn\\\/fr\\\/actualite\\\/national\\\/tunisie-la-ltdh-denonce-l-arrestation-de-plusieurs-militants\\\/217666\\\/#primaryimage\"},\"image\":{\"@id\":\"https:\\\/\\\/www.webdo.tn\\\/fr\\\/actualite\\\/national\\\/tunisie-la-ltdh-denonce-l-arrestation-de-plusieurs-militants\\\/217666\\\/#primaryimage\"},\"thumbnailUrl\":\"https:\\\/\\\/www.webdo.tn\\\/fr\\\/wp-content\\\/uploads\\\/2024\\\/11\\\/2ede6eecbc2077a36a05f3a5e7cf2229.webp\",\"datePublished\":\"2024-11-18T14:47:00+00:00\",\"dateModified\":\"2025-05-20T22:21:49+00:00\",\"description\":\"\u00ab Ces derni\u00e8res semaines, les autorit\u00e9s politiques actuelles poursuivent, en exploitant les appareils de l'\u00c9tat, l'escalade de la criminalisation des mouvements...\",\"breadcrumb\":{\"@id\":\"https:\\\/\\\/www.webdo.tn\\\/fr\\\/actualite\\\/national\\\/tunisie-la-ltdh-denonce-l-arrestation-de-plusieurs-militants\\\/217666\\\/#breadcrumb\"},\"inLanguage\":\"fr-FR\",\"potentialAction\":[{\"@type\":\"ReadAction\",\"target\":[\"https:\\\/\\\/www.webdo.tn\\\/fr\\\/actualite\\\/national\\\/tunisie-la-ltdh-denonce-l-arrestation-de-plusieurs-militants\\\/217666\\\/\"]}]},{\"@type\":\"ImageObject\",\"inLanguage\":\"fr-FR\",\"@id\":\"https:\\\/\\\/www.webdo.tn\\\/fr\\\/actualite\\\/national\\\/tunisie-la-ltdh-denonce-l-arrestation-de-plusieurs-militants\\\/217666\\\/#primaryimage\",\"url\":\"https:\\\/\\\/www.webdo.tn\\\/fr\\\/wp-content\\\/uploads\\\/2024\\\/11\\\/2ede6eecbc2077a36a05f3a5e7cf2229.webp\",\"contentUrl\":\"https:\\\/\\\/www.webdo.tn\\\/fr\\\/wp-content\\\/uploads\\\/2024\\\/11\\\/2ede6eecbc2077a36a05f3a5e7cf2229.webp\",\"width\":750,\"height\":400,\"caption\":\"Tunisie : La LTDH d\u00e9nonce l\u2019arrestation de plusieurs militants\"},{\"@type\":\"BreadcrumbList\",\"@id\":\"https:\\\/\\\/www.webdo.tn\\\/fr\\\/actualite\\\/national\\\/tunisie-la-ltdh-denonce-l-arrestation-de-plusieurs-militants\\\/217666\\\/#breadcrumb\",\"itemListElement\":[{\"@type\":\"ListItem\",\"position\":1,\"name\":\"Accueil\",\"item\":\"https:\\\/\\\/www.webdo.tn\\\/fr\\\/\"},{\"@type\":\"ListItem\",\"position\":2,\"name\":\"Tunisie : La LTDH d\u00e9nonce l\u2019arrestation de plusieurs militants\"}]},{\"@type\":\"WebSite\",\"@id\":\"https:\\\/\\\/www.webdo.tn\\\/fr\\\/#website\",\"url\":\"https:\\\/\\\/www.webdo.tn\\\/fr\\\/\",\"name\":\"webdo\",\"description\":\"Tunisie - News en Tunisie et \u00e0 l&#039;international sur Webdo.tn\",\"publisher\":{\"@id\":\"https:\\\/\\\/www.webdo.tn\\\/fr\\\/#organization\"},\"potentialAction\":[{\"@type\":\"SearchAction\",\"target\":{\"@type\":\"EntryPoint\",\"urlTemplate\":\"https:\\\/\\\/www.webdo.tn\\\/fr\\\/?s={search_term_string}\"},\"query-input\":{\"@type\":\"PropertyValueSpecification\",\"valueRequired\":true,\"valueName\":\"search_term_string\"}}],\"inLanguage\":\"fr-FR\"},{\"@type\":\"Organization\",\"@id\":\"https:\\\/\\\/www.webdo.tn\\\/fr\\\/#organization\",\"name\":\"Webdo\",\"alternateName\":\"Webdo.tn\",\"url\":\"https:\\\/\\\/www.webdo.tn\\\/fr\\\/\",\"logo\":{\"@type\":\"ImageObject\",\"inLanguage\":\"fr-FR\",\"@id\":\"https:\\\/\\\/www.webdo.tn\\\/fr\\\/#\\\/schema\\\/logo\\\/image\\\/\",\"url\":\"https:\\\/\\\/www.webdo.tn\\\/fr\\\/wp-content\\\/uploads\\\/2025\\\/06\\\/Webdo-Tunisie_168377.jpg\",\"contentUrl\":\"https:\\\/\\\/www.webdo.tn\\\/fr\\\/wp-content\\\/uploads\\\/2025\\\/06\\\/Webdo-Tunisie_168377.jpg\",\"width\":301,\"height\":301,\"caption\":\"Webdo\"},\"image\":{\"@id\":\"https:\\\/\\\/www.webdo.tn\\\/fr\\\/#\\\/schema\\\/logo\\\/image\\\/\"},\"sameAs\":[\"https:\\\/\\\/www.facebook.com\\\/webdotn\",\"https:\\\/\\\/x.com\\\/webdo_tn\"],\"description\":\"Webdo est un m\u00e9dia num\u00e9rique tunisien fond\u00e9 en 2010, sp\u00e9cialis\u00e9 dans l\u2019actualit\u00e9 nationale et internationale, l\u2019\u00e9conomie, la soci\u00e9t\u00e9 et les analyses politiques. Le site s\u2019adresse \u00e0 un large public francophone et couvre l\u2019information tunisienne en temps r\u00e9el.\",\"email\":\"redac@webdo.tn\",\"legalName\":\"YNJ SARL\",\"foundingDate\":\"2010-09-06\",\"numberOfEmployees\":{\"@type\":\"QuantitativeValue\",\"minValue\":\"11\",\"maxValue\":\"50\"}},{\"@type\":\"Person\",\"@id\":\"https:\\\/\\\/www.webdo.tn\\\/fr\\\/#\\\/schema\\\/person\\\/82ca085b22037d285e1a3c4b65ba5f71\",\"name\":\"KJ\",\"image\":{\"@type\":\"ImageObject\",\"inLanguage\":\"fr-FR\",\"@id\":\"https:\\\/\\\/secure.gravatar.com\\\/avatar\\\/1a1320de1c1971c893f00068f760b4113d69504aa21273da17ee95650c5944fd?s=96&d=mm&r=g\",\"url\":\"https:\\\/\\\/secure.gravatar.com\\\/avatar\\\/1a1320de1c1971c893f00068f760b4113d69504aa21273da17ee95650c5944fd?s=96&d=mm&r=g\",\"contentUrl\":\"https:\\\/\\\/secure.gravatar.com\\\/avatar\\\/1a1320de1c1971c893f00068f760b4113d69504aa21273da17ee95650c5944fd?s=96&d=mm&r=g\",\"caption\":\"KJ\"},\"url\":\"https:\\\/\\\/www.webdo.tn\\\/fr\\\/actualite\\\/author\\\/kj\\\/\"}]}<\/script>\n<!-- \/ Yoast SEO Premium plugin. -->","yoast_head_json":{"title":"Tunisie : La LTDH d\u00e9nonce l\u2019arrestation de plusieurs militants","description":"\u00ab Ces derni\u00e8res semaines, les autorit\u00e9s politiques actuelles poursuivent, en exploitant les appareils de l'\u00c9tat, l'escalade de la criminalisation des mouvements...","canonical":"https:\/\/www.webdo.tn\/fr\/actualite\/national\/tunisie-la-ltdh-denonce-l-arrestation-de-plusieurs-militants\/217666\/","og_locale":"fr_FR","og_type":"article","og_title":"Tunisie : La LTDH d\u00e9nonce l\u2019arrestation de plusieurs militants","og_description":"\u00ab Ces derni\u00e8res semaines, les autorit\u00e9s politiques actuelles poursuivent, en exploitant les appareils de l'\u00c9tat, l'escalade de la criminalisation des mouvements...","og_url":"https:\/\/www.webdo.tn\/fr\/actualite\/national\/tunisie-la-ltdh-denonce-l-arrestation-de-plusieurs-militants\/217666\/","og_site_name":"webdo","article_publisher":"https:\/\/www.facebook.com\/webdotn","article_published_time":"2024-11-18T14:47:00+00:00","article_modified_time":"2025-05-20T22:21:49+00:00","og_image":[{"width":750,"height":400,"url":"https:\/\/www.webdo.tn\/fr\/wp-content\/uploads\/2024\/11\/2ede6eecbc2077a36a05f3a5e7cf2229.webp","type":"image\/webp"}],"author":"KJ","twitter_card":"summary_large_image","twitter_creator":"@webdo_tn","twitter_site":"@webdo_tn","twitter_misc":{"\u00c9crit par":"KJ","Dur\u00e9e de lecture estim\u00e9e":"1 minute"},"schema":{"@context":"https:\/\/schema.org","@graph":[{"@type":"NewsArticle","@id":"https:\/\/www.webdo.tn\/fr\/actualite\/national\/tunisie-la-ltdh-denonce-l-arrestation-de-plusieurs-militants\/217666\/#article","isPartOf":{"@id":"https:\/\/www.webdo.tn\/fr\/actualite\/national\/tunisie-la-ltdh-denonce-l-arrestation-de-plusieurs-militants\/217666\/"},"author":{"name":"KJ","@id":"https:\/\/www.webdo.tn\/fr\/#\/schema\/person\/82ca085b22037d285e1a3c4b65ba5f71"},"headline":"Tunisie : La LTDH d\u00e9nonce l\u2019arrestation de plusieurs militants","datePublished":"2024-11-18T14:47:00+00:00","dateModified":"2025-05-20T22:21:49+00:00","mainEntityOfPage":{"@id":"https:\/\/www.webdo.tn\/fr\/actualite\/national\/tunisie-la-ltdh-denonce-l-arrestation-de-plusieurs-militants\/217666\/"},"wordCount":200,"commentCount":0,"publisher":{"@id":"https:\/\/www.webdo.tn\/fr\/#organization"},"image":{"@id":"https:\/\/www.webdo.tn\/fr\/actualite\/national\/tunisie-la-ltdh-denonce-l-arrestation-de-plusieurs-militants\/217666\/#primaryimage"},"thumbnailUrl":"https:\/\/www.webdo.tn\/fr\/wp-content\/uploads\/2024\/11\/2ede6eecbc2077a36a05f3a5e7cf2229.webp","keywords":["'militants']","LTDH","Tunisie"],"articleSection":["National"],"inLanguage":"fr-FR"},{"@type":"WebPage","@id":"https:\/\/www.webdo.tn\/fr\/actualite\/national\/tunisie-la-ltdh-denonce-l-arrestation-de-plusieurs-militants\/217666\/","url":"https:\/\/www.webdo.tn\/fr\/actualite\/national\/tunisie-la-ltdh-denonce-l-arrestation-de-plusieurs-militants\/217666\/","name":"Tunisie : La LTDH d\u00e9nonce l\u2019arrestation de plusieurs militants","isPartOf":{"@id":"https:\/\/www.webdo.tn\/fr\/#website"},"primaryImageOfPage":{"@id":"https:\/\/www.webdo.tn\/fr\/actualite\/national\/tunisie-la-ltdh-denonce-l-arrestation-de-plusieurs-militants\/217666\/#primaryimage"},"image":{"@id":"https:\/\/www.webdo.tn\/fr\/actualite\/national\/tunisie-la-ltdh-denonce-l-arrestation-de-plusieurs-militants\/217666\/#primaryimage"},"thumbnailUrl":"https:\/\/www.webdo.tn\/fr\/wp-content\/uploads\/2024\/11\/2ede6eecbc2077a36a05f3a5e7cf2229.webp","datePublished":"2024-11-18T14:47:00+00:00","dateModified":"2025-05-20T22:21:49+00:00","description":"\u00ab Ces derni\u00e8res semaines, les autorit\u00e9s politiques actuelles poursuivent, en exploitant les appareils de l'\u00c9tat, l'escalade de la criminalisation des mouvements...","breadcrumb":{"@id":"https:\/\/www.webdo.tn\/fr\/actualite\/national\/tunisie-la-ltdh-denonce-l-arrestation-de-plusieurs-militants\/217666\/#breadcrumb"},"inLanguage":"fr-FR","potentialAction":[{"@type":"ReadAction","target":["https:\/\/www.webdo.tn\/fr\/actualite\/national\/tunisie-la-ltdh-denonce-l-arrestation-de-plusieurs-militants\/217666\/"]}]},{"@type":"ImageObject","inLanguage":"fr-FR","@id":"https:\/\/www.webdo.tn\/fr\/actualite\/national\/tunisie-la-ltdh-denonce-l-arrestation-de-plusieurs-militants\/217666\/#primaryimage","url":"https:\/\/www.webdo.tn\/fr\/wp-content\/uploads\/2024\/11\/2ede6eecbc2077a36a05f3a5e7cf2229.webp","contentUrl":"https:\/\/www.webdo.tn\/fr\/wp-content\/uploads\/2024\/11\/2ede6eecbc2077a36a05f3a5e7cf2229.webp","width":750,"height":400,"caption":"Tunisie : La LTDH d\u00e9nonce l\u2019arrestation de plusieurs militants"},{"@type":"BreadcrumbList","@id":"https:\/\/www.webdo.tn\/fr\/actualite\/national\/tunisie-la-ltdh-denonce-l-arrestation-de-plusieurs-militants\/217666\/#breadcrumb","itemListElement":[{"@type":"ListItem","position":1,"name":"Accueil","item":"https:\/\/www.webdo.tn\/fr\/"},{"@type":"ListItem","position":2,"name":"Tunisie : La LTDH d\u00e9nonce l\u2019arrestation de plusieurs militants"}]},{"@type":"WebSite","@id":"https:\/\/www.webdo.tn\/fr\/#website","url":"https:\/\/www.webdo.tn\/fr\/","name":"webdo","description":"Tunisie - News en Tunisie et \u00e0 l&#039;international sur Webdo.tn","publisher":{"@id":"https:\/\/www.webdo.tn\/fr\/#organization"},"potentialAction":[{"@type":"SearchAction","target":{"@type":"EntryPoint","urlTemplate":"https:\/\/www.webdo.tn\/fr\/?s={search_term_string}"},"query-input":{"@type":"PropertyValueSpecification","valueRequired":true,"valueName":"search_term_string"}}],"inLanguage":"fr-FR"},{"@type":"Organization","@id":"https:\/\/www.webdo.tn\/fr\/#organization","name":"Webdo","alternateName":"Webdo.tn","url":"https:\/\/www.webdo.tn\/fr\/","logo":{"@type":"ImageObject","inLanguage":"fr-FR","@id":"https:\/\/www.webdo.tn\/fr\/#\/schema\/logo\/image\/","url":"https:\/\/www.webdo.tn\/fr\/wp-content\/uploads\/2025\/06\/Webdo-Tunisie_168377.jpg","contentUrl":"https:\/\/www.webdo.tn\/fr\/wp-content\/uploads\/2025\/06\/Webdo-Tunisie_168377.jpg","width":301,"height":301,"caption":"Webdo"},"image":{"@id":"https:\/\/www.webdo.tn\/fr\/#\/schema\/logo\/image\/"},"sameAs":["https:\/\/www.facebook.com\/webdotn","https:\/\/x.com\/webdo_tn"],"description":"Webdo est un m\u00e9dia num\u00e9rique tunisien fond\u00e9 en 2010, sp\u00e9cialis\u00e9 dans l\u2019actualit\u00e9 nationale et internationale, l\u2019\u00e9conomie, la soci\u00e9t\u00e9 et les analyses politiques. Le site s\u2019adresse \u00e0 un large public francophone et couvre l\u2019information tunisienne en temps r\u00e9el.","email":"redac@webdo.tn","legalName":"YNJ SARL","foundingDate":"2010-09-06","numberOfEmployees":{"@type":"QuantitativeValue","minValue":"11","maxValue":"50"}},{"@type":"Person","@id":"https:\/\/www.webdo.tn\/fr\/#\/schema\/person\/82ca085b22037d285e1a3c4b65ba5f71","name":"KJ","image":{"@type":"ImageObject","inLanguage":"fr-FR","@id":"https:\/\/secure.gravatar.com\/avatar\/1a1320de1c1971c893f00068f760b4113d69504aa21273da17ee95650c5944fd?s=96&d=mm&r=g","url":"https:\/\/secure.gravatar.com\/avatar\/1a1320de1c1971c893f00068f760b4113d69504aa21273da17ee95650c5944fd?s=96&d=mm&r=g","contentUrl":"https:\/\/secure.gravatar.com\/avatar\/1a1320de1c1971c893f00068f760b4113d69504aa21273da17ee95650c5944fd?s=96&d=mm&r=g","caption":"KJ"},"url":"https:\/\/www.webdo.tn\/fr\/actualite\/author\/kj\/"}]}},"_links":{"self":[{"href":"https:\/\/www.webdo.tn\/fr\/wp-json\/wp\/v2\/posts\/217666","targetHints":{"allow":["GET"]}}],"collection":[{"href":"https:\/\/www.webdo.tn\/fr\/wp-json\/wp\/v2\/posts"}],"about":[{"href":"https:\/\/www.webdo.tn\/fr\/wp-json\/wp\/v2\/types\/post"}],"author":[{"embeddable":true,"href":"https:\/\/www.webdo.tn\/fr\/wp-json\/wp\/v2\/users\/3163"}],"replies":[{"embeddable":true,"href":"https:\/\/www.webdo.tn\/fr\/wp-json\/wp\/v2\/comments?post=217666"}],"version-history":[{"count":0,"href":"https:\/\/www.webdo.tn\/fr\/wp-json\/wp\/v2\/posts\/217666\/revisions"}],"wp:featuredmedia":[{"embeddable":true,"href":"https:\/\/www.webdo.tn\/fr\/wp-json\/wp\/v2\/media\/291352"}],"wp:attachment":[{"href":"https:\/\/www.webdo.tn\/fr\/wp-json\/wp\/v2\/media?parent=217666"}],"wp:term":[{"taxonomy":"category","embeddable":true,"href":"https:\/\/www.webdo.tn\/fr\/wp-json\/wp\/v2\/categories?post=217666"},{"taxonomy":"post_tag","embeddable":true,"href":"https:\/\/www.webdo.tn\/fr\/wp-json\/wp\/v2\/tags?post=217666"}],"curies":[{"name":"wp","href":"https:\/\/api.w.org\/{rel}","templated":true}]}}