{"id":217665,"date":"2024-11-18T14:25:00","date_gmt":"2024-11-18T14:25:00","guid":{"rendered":"https:\/\/www.webdo.tn\/fr\/blog\/hyundai-tunisie-agir-pour-un-avenir-brillant-grace-a-la-sante-visuelle-des-enfants\/217665\/"},"modified":"2025-05-20T22:34:23","modified_gmt":"2025-05-20T22:34:23","slug":"hyundai-tunisie-agir-pour-un-avenir-brillant-grace-a-la-sante-visuelle-des-enfants","status":"publish","type":"post","link":"https:\/\/www.webdo.tn\/fr\/actualite\/national\/hyundai-tunisie-agir-pour-un-avenir-brillant-grace-a-la-sante-visuelle-des-enfants\/217665\/","title":{"rendered":"Hyundai Tunisie : Agir pour un avenir brillant gr\u00e2ce \u00e0 la sant\u00e9 visuelle des enfants"},"content":{"rendered":"<p>Dans le cadre de sa mission de responsabilit\u00e9 soci\u00e9tale, Alpha Hyundai Motor, distributeur officiel de Hyundai en Tunisie, a organis\u00e9 samedi 16 novembre une journ\u00e9e de consultations ophtalmologiques pour les enfants de l\u2019\u00e9cole \u00ab\u00a0Dhhar Ayed\u00a0\u00bb \u00e0 Rafraf.<\/p>\n<p>\t\t\t\t\t\t\t\t\tR\u00e9alis\u00e9e en partenariat avec le minist\u00e8re de l&rsquo;\u00c9ducation et l&rsquo;association Un Enfant des Sourires, cette initiative vise \u00e0 offrir aux \u00e9l\u00e8ves un acc\u00e8s essentiel aux soins visuels, renfor\u00e7ant leur bien-\u00eatre et soutenant leur r\u00e9ussite scolaire.<\/p>\n<p>Cette journ\u00e9e de consultations a \u00e9t\u00e9 assur\u00e9e par le Dr Abdelkader Daoued, ophtalmologue exp\u00e9riment\u00e9, assist\u00e9 par les opticiens M.Mohamed Bejaoui et Mme Olfa Khemakhem (OPTIMUM).<\/p>\n<p>A la suite des examens, Hyundai Tunisie a pris l&rsquo;engagement d&rsquo;offrir gratuitement des lunettes adapt\u00e9es \u00e0 50 enfants ayant besoin d\u2019une correction visuelle, un soutien concret pour des familles qui, souvent, n&rsquo;ont pas facilement acc\u00e8s \u00e0 ces services essentiels.<\/p>\n<p>La sant\u00e9 visuelle des enfants est un enjeu fondamental : une bonne vision est cruciale pour leur \u00e9ducation, leur \u00e9panouissement personnel et leur avenir.<\/p>\n<p>En prenant l\u2019initiative de faciliter l&rsquo;acc\u00e8s \u00e0 des soins ophtalmologiques, Hyundai Tunisie s\u2019attache \u00e0 am\u00e9liorer les conditions d\u2019apprentissage de ces \u00e9l\u00e8ves. Cet engagement s\u2019inscrit dans une d\u00e9marche plus large de soutien \u00e0 la jeunesse et aux communaut\u00e9s locales en Tunisie.<\/p>\n<p>\u00ab\u00a0Chez Hyundai Tunisie, nous croyons fermement que la r\u00e9ussite d\u2019une entreprise se mesure \u00e0 sa capacit\u00e9 \u00e0 r\u00e9pondre aux besoins de la communaut\u00e9. Nous poursuivons avec fiert\u00e9 notre engagement envers la jeunesse tunisienne, car chaque enfant m\u00e9rite un acc\u00e8s \u00e0 des soins de qualit\u00e9 pour se d\u00e9velopper dans les meilleures conditions possibles. Offrir \u00e0 ces enfants l\u2019opportunit\u00e9 de voir plus clairement, c&rsquo;est leur permettre de b\u00e2tir un avenir prometteur\u00a0\u00bb, a d\u00e9clar\u00e9 M. Mehdi Mahjoub, Directeur ex\u00e9cutif de Hyundai Tunisie.<\/p>\n<p>Cette initiative s&rsquo;inscrit dans le cadre des nombreuses actions RSE men\u00e9es par Hyundai Tunisie, qui s&rsquo;engage activement pour le bien-\u00eatre et le d\u00e9veloppement des communaut\u00e9s locales.<\/p>\n<p>En multipliant les projets durables et concrets, l\u2019entreprise se veut \u00eatre responsable envers la soci\u00e9t\u00e9, l\u2019environnement et le personnel, en portant une attention particuli\u00e8re aux besoins essentiels tels que l\u2019\u00e9ducation, la sant\u00e9, et l\u2019inclusion sociale.<\/p>\n<p>Par son implication, Hyundai Tunisie aspire \u00e0 cr\u00e9er un impact positif et durable, b\u00e2tissant un avenir plus solidaire et \u00e9quitable pour les g\u00e9n\u00e9rations \u00e0 venir.<\/p>\n","protected":false},"excerpt":{"rendered":"<p>Dans le cadre de sa mission de responsabilit\u00e9 soci\u00e9tale, Alpha Hyundai Motor, distributeur officiel de Hyundai en Tunisie, a organis\u00e9 samedi 16 novembre une jou&#8230;<\/p>\n","protected":false},"author":3169,"featured_media":291353,"comment_status":"open","ping_status":"closed","sticky":false,"template":"","format":"standard","meta":{"footnotes":""},"categories":[44],"tags":[10644,2956,3230,2608],"class_list":["post-217665","post","type-post","status-publish","format-standard","has-post-thumbnail","hentry","category-national","tag-consultations-ophtalmologiques","tag-enfants","tag-hyundai-tunisie","tag-tunisie"],"yoast_head":"<!-- This site is optimized with the Yoast SEO Premium plugin v27.4 (Yoast SEO v27.5) - https:\/\/yoast.com\/product\/yoast-seo-premium-wordpress\/ -->\n<title>Hyundai Tunisie : Agir pour un avenir brillant gr\u00e2ce \u00e0 la sant\u00e9 visuelle des enfants<\/title>\n<meta name=\"description\" content=\"Dans le cadre de sa mission de responsabilit\u00e9 soci\u00e9tale, Alpha Hyundai Motor, distributeur officiel de Hyundai en Tunisie, a organis\u00e9 samedi 16 novembre une jou...\" \/>\n<link rel=\"canonical\" href=\"https:\/\/www.webdo.tn\/fr\/actualite\/national\/hyundai-tunisie-agir-pour-un-avenir-brillant-grace-a-la-sante-visuelle-des-enfants\/217665\/\" \/>\n<meta property=\"og:locale\" content=\"fr_FR\" \/>\n<meta property=\"og:type\" content=\"article\" \/>\n<meta property=\"og:title\" content=\"Hyundai Tunisie : Agir pour un avenir brillant gr\u00e2ce \u00e0 la sant\u00e9 visuelle des enfants\" \/>\n<meta property=\"og:description\" content=\"Dans le cadre de sa mission de responsabilit\u00e9 soci\u00e9tale, Alpha Hyundai Motor, distributeur officiel de Hyundai en Tunisie, a organis\u00e9 samedi 16 novembre une jou...\" \/>\n<meta property=\"og:url\" content=\"https:\/\/www.webdo.tn\/fr\/actualite\/national\/hyundai-tunisie-agir-pour-un-avenir-brillant-grace-a-la-sante-visuelle-des-enfants\/217665\/\" \/>\n<meta property=\"og:site_name\" content=\"webdo\" \/>\n<meta property=\"article:publisher\" content=\"https:\/\/www.facebook.com\/webdotn\" \/>\n<meta property=\"article:published_time\" content=\"2024-11-18T14:25:00+00:00\" \/>\n<meta property=\"article:modified_time\" content=\"2025-05-20T22:34:23+00:00\" \/>\n<meta property=\"og:image\" content=\"https:\/\/www.webdo.tn\/fr\/wp-content\/uploads\/2024\/11\/f937482b3dd7d59a72e840dfef748388.webp\" \/>\n\t<meta property=\"og:image:width\" content=\"750\" \/>\n\t<meta property=\"og:image:height\" content=\"400\" \/>\n\t<meta property=\"og:image:type\" content=\"image\/webp\" \/>\n<meta name=\"author\" content=\"Webdo\" \/>\n<meta name=\"twitter:card\" content=\"summary_large_image\" \/>\n<meta name=\"twitter:creator\" content=\"@webdo_tn\" \/>\n<meta name=\"twitter:site\" content=\"@webdo_tn\" \/>\n<meta name=\"twitter:label1\" content=\"\u00c9crit par\" \/>\n\t<meta name=\"twitter:data1\" content=\"Webdo\" \/>\n\t<meta name=\"twitter:label2\" content=\"Dur\u00e9e de lecture estim\u00e9e\" \/>\n\t<meta name=\"twitter:data2\" content=\"2 minutes\" \/>\n<script type=\"application\/ld+json\" class=\"yoast-schema-graph\">{\"@context\":\"https:\\\/\\\/schema.org\",\"@graph\":[{\"@type\":\"NewsArticle\",\"@id\":\"https:\\\/\\\/www.webdo.tn\\\/fr\\\/actualite\\\/national\\\/hyundai-tunisie-agir-pour-un-avenir-brillant-grace-a-la-sante-visuelle-des-enfants\\\/217665\\\/#article\",\"isPartOf\":{\"@id\":\"https:\\\/\\\/www.webdo.tn\\\/fr\\\/actualite\\\/national\\\/hyundai-tunisie-agir-pour-un-avenir-brillant-grace-a-la-sante-visuelle-des-enfants\\\/217665\\\/\"},\"author\":{\"name\":\"Webdo\",\"@id\":\"https:\\\/\\\/www.webdo.tn\\\/fr\\\/#\\\/schema\\\/person\\\/1f4e491e0907b413d61089e8eb573acc\"},\"headline\":\"Hyundai Tunisie : Agir pour un avenir brillant gr\u00e2ce \u00e0 la sant\u00e9 visuelle des enfants\",\"datePublished\":\"2024-11-18T14:25:00+00:00\",\"dateModified\":\"2025-05-20T22:34:23+00:00\",\"mainEntityOfPage\":{\"@id\":\"https:\\\/\\\/www.webdo.tn\\\/fr\\\/actualite\\\/national\\\/hyundai-tunisie-agir-pour-un-avenir-brillant-grace-a-la-sante-visuelle-des-enfants\\\/217665\\\/\"},\"wordCount\":423,\"commentCount\":0,\"publisher\":{\"@id\":\"https:\\\/\\\/www.webdo.tn\\\/fr\\\/#organization\"},\"image\":{\"@id\":\"https:\\\/\\\/www.webdo.tn\\\/fr\\\/actualite\\\/national\\\/hyundai-tunisie-agir-pour-un-avenir-brillant-grace-a-la-sante-visuelle-des-enfants\\\/217665\\\/#primaryimage\"},\"thumbnailUrl\":\"https:\\\/\\\/www.webdo.tn\\\/fr\\\/wp-content\\\/uploads\\\/2024\\\/11\\\/f937482b3dd7d59a72e840dfef748388.webp\",\"keywords\":[\"'consultations ophtalmologiques']\",\"enfants\",\"Hyundai Tunisie\",\"Tunisie\"],\"articleSection\":[\"National\"],\"inLanguage\":\"fr-FR\"},{\"@type\":\"WebPage\",\"@id\":\"https:\\\/\\\/www.webdo.tn\\\/fr\\\/actualite\\\/national\\\/hyundai-tunisie-agir-pour-un-avenir-brillant-grace-a-la-sante-visuelle-des-enfants\\\/217665\\\/\",\"url\":\"https:\\\/\\\/www.webdo.tn\\\/fr\\\/actualite\\\/national\\\/hyundai-tunisie-agir-pour-un-avenir-brillant-grace-a-la-sante-visuelle-des-enfants\\\/217665\\\/\",\"name\":\"Hyundai Tunisie : Agir pour un avenir brillant gr\u00e2ce \u00e0 la sant\u00e9 visuelle des enfants\",\"isPartOf\":{\"@id\":\"https:\\\/\\\/www.webdo.tn\\\/fr\\\/#website\"},\"primaryImageOfPage\":{\"@id\":\"https:\\\/\\\/www.webdo.tn\\\/fr\\\/actualite\\\/national\\\/hyundai-tunisie-agir-pour-un-avenir-brillant-grace-a-la-sante-visuelle-des-enfants\\\/217665\\\/#primaryimage\"},\"image\":{\"@id\":\"https:\\\/\\\/www.webdo.tn\\\/fr\\\/actualite\\\/national\\\/hyundai-tunisie-agir-pour-un-avenir-brillant-grace-a-la-sante-visuelle-des-enfants\\\/217665\\\/#primaryimage\"},\"thumbnailUrl\":\"https:\\\/\\\/www.webdo.tn\\\/fr\\\/wp-content\\\/uploads\\\/2024\\\/11\\\/f937482b3dd7d59a72e840dfef748388.webp\",\"datePublished\":\"2024-11-18T14:25:00+00:00\",\"dateModified\":\"2025-05-20T22:34:23+00:00\",\"description\":\"Dans le cadre de sa mission de responsabilit\u00e9 soci\u00e9tale, Alpha Hyundai Motor, distributeur officiel de Hyundai en Tunisie, a organis\u00e9 samedi 16 novembre une jou...\",\"breadcrumb\":{\"@id\":\"https:\\\/\\\/www.webdo.tn\\\/fr\\\/actualite\\\/national\\\/hyundai-tunisie-agir-pour-un-avenir-brillant-grace-a-la-sante-visuelle-des-enfants\\\/217665\\\/#breadcrumb\"},\"inLanguage\":\"fr-FR\",\"potentialAction\":[{\"@type\":\"ReadAction\",\"target\":[\"https:\\\/\\\/www.webdo.tn\\\/fr\\\/actualite\\\/national\\\/hyundai-tunisie-agir-pour-un-avenir-brillant-grace-a-la-sante-visuelle-des-enfants\\\/217665\\\/\"]}]},{\"@type\":\"ImageObject\",\"inLanguage\":\"fr-FR\",\"@id\":\"https:\\\/\\\/www.webdo.tn\\\/fr\\\/actualite\\\/national\\\/hyundai-tunisie-agir-pour-un-avenir-brillant-grace-a-la-sante-visuelle-des-enfants\\\/217665\\\/#primaryimage\",\"url\":\"https:\\\/\\\/www.webdo.tn\\\/fr\\\/wp-content\\\/uploads\\\/2024\\\/11\\\/f937482b3dd7d59a72e840dfef748388.webp\",\"contentUrl\":\"https:\\\/\\\/www.webdo.tn\\\/fr\\\/wp-content\\\/uploads\\\/2024\\\/11\\\/f937482b3dd7d59a72e840dfef748388.webp\",\"width\":750,\"height\":400,\"caption\":\"Hyundai Tunisie : Agir pour un avenir brillant gr\u00e2ce \u00e0 la sant\u00e9 visuelle des enfants\"},{\"@type\":\"BreadcrumbList\",\"@id\":\"https:\\\/\\\/www.webdo.tn\\\/fr\\\/actualite\\\/national\\\/hyundai-tunisie-agir-pour-un-avenir-brillant-grace-a-la-sante-visuelle-des-enfants\\\/217665\\\/#breadcrumb\",\"itemListElement\":[{\"@type\":\"ListItem\",\"position\":1,\"name\":\"Accueil\",\"item\":\"https:\\\/\\\/www.webdo.tn\\\/fr\\\/\"},{\"@type\":\"ListItem\",\"position\":2,\"name\":\"Hyundai Tunisie : Agir pour un avenir brillant gr\u00e2ce \u00e0 la sant\u00e9 visuelle des enfants\"}]},{\"@type\":\"WebSite\",\"@id\":\"https:\\\/\\\/www.webdo.tn\\\/fr\\\/#website\",\"url\":\"https:\\\/\\\/www.webdo.tn\\\/fr\\\/\",\"name\":\"webdo\",\"description\":\"Tunisie - News en Tunisie et \u00e0 l&#039;international sur Webdo.tn\",\"publisher\":{\"@id\":\"https:\\\/\\\/www.webdo.tn\\\/fr\\\/#organization\"},\"potentialAction\":[{\"@type\":\"SearchAction\",\"target\":{\"@type\":\"EntryPoint\",\"urlTemplate\":\"https:\\\/\\\/www.webdo.tn\\\/fr\\\/?s={search_term_string}\"},\"query-input\":{\"@type\":\"PropertyValueSpecification\",\"valueRequired\":true,\"valueName\":\"search_term_string\"}}],\"inLanguage\":\"fr-FR\"},{\"@type\":\"Organization\",\"@id\":\"https:\\\/\\\/www.webdo.tn\\\/fr\\\/#organization\",\"name\":\"Webdo\",\"alternateName\":\"Webdo.tn\",\"url\":\"https:\\\/\\\/www.webdo.tn\\\/fr\\\/\",\"logo\":{\"@type\":\"ImageObject\",\"inLanguage\":\"fr-FR\",\"@id\":\"https:\\\/\\\/www.webdo.tn\\\/fr\\\/#\\\/schema\\\/logo\\\/image\\\/\",\"url\":\"https:\\\/\\\/www.webdo.tn\\\/fr\\\/wp-content\\\/uploads\\\/2025\\\/06\\\/Webdo-Tunisie_168377.jpg\",\"contentUrl\":\"https:\\\/\\\/www.webdo.tn\\\/fr\\\/wp-content\\\/uploads\\\/2025\\\/06\\\/Webdo-Tunisie_168377.jpg\",\"width\":301,\"height\":301,\"caption\":\"Webdo\"},\"image\":{\"@id\":\"https:\\\/\\\/www.webdo.tn\\\/fr\\\/#\\\/schema\\\/logo\\\/image\\\/\"},\"sameAs\":[\"https:\\\/\\\/www.facebook.com\\\/webdotn\",\"https:\\\/\\\/x.com\\\/webdo_tn\"],\"description\":\"Webdo est un m\u00e9dia num\u00e9rique tunisien fond\u00e9 en 2010, sp\u00e9cialis\u00e9 dans l\u2019actualit\u00e9 nationale et internationale, l\u2019\u00e9conomie, la soci\u00e9t\u00e9 et les analyses politiques. Le site s\u2019adresse \u00e0 un large public francophone et couvre l\u2019information tunisienne en temps r\u00e9el.\",\"email\":\"redac@webdo.tn\",\"legalName\":\"YNJ SARL\",\"foundingDate\":\"2010-09-06\",\"numberOfEmployees\":{\"@type\":\"QuantitativeValue\",\"minValue\":\"11\",\"maxValue\":\"50\"}},{\"@type\":\"Person\",\"@id\":\"https:\\\/\\\/www.webdo.tn\\\/fr\\\/#\\\/schema\\\/person\\\/1f4e491e0907b413d61089e8eb573acc\",\"name\":\"Webdo\",\"image\":{\"@type\":\"ImageObject\",\"inLanguage\":\"fr-FR\",\"@id\":\"https:\\\/\\\/secure.gravatar.com\\\/avatar\\\/de97aeec1bb80978a9dbb127e47dfc88aaacb2f3c29aac907d8d3222e3495d49?s=96&d=mm&r=g\",\"url\":\"https:\\\/\\\/secure.gravatar.com\\\/avatar\\\/de97aeec1bb80978a9dbb127e47dfc88aaacb2f3c29aac907d8d3222e3495d49?s=96&d=mm&r=g\",\"contentUrl\":\"https:\\\/\\\/secure.gravatar.com\\\/avatar\\\/de97aeec1bb80978a9dbb127e47dfc88aaacb2f3c29aac907d8d3222e3495d49?s=96&d=mm&r=g\",\"caption\":\"Webdo\"},\"url\":\"https:\\\/\\\/www.webdo.tn\\\/fr\\\/actualite\\\/author\\\/webdo\\\/\"}]}<\/script>\n<!-- \/ Yoast SEO Premium plugin. -->","yoast_head_json":{"title":"Hyundai Tunisie : Agir pour un avenir brillant gr\u00e2ce \u00e0 la sant\u00e9 visuelle des enfants","description":"Dans le cadre de sa mission de responsabilit\u00e9 soci\u00e9tale, Alpha Hyundai Motor, distributeur officiel de Hyundai en Tunisie, a organis\u00e9 samedi 16 novembre une jou...","canonical":"https:\/\/www.webdo.tn\/fr\/actualite\/national\/hyundai-tunisie-agir-pour-un-avenir-brillant-grace-a-la-sante-visuelle-des-enfants\/217665\/","og_locale":"fr_FR","og_type":"article","og_title":"Hyundai Tunisie : Agir pour un avenir brillant gr\u00e2ce \u00e0 la sant\u00e9 visuelle des enfants","og_description":"Dans le cadre de sa mission de responsabilit\u00e9 soci\u00e9tale, Alpha Hyundai Motor, distributeur officiel de Hyundai en Tunisie, a organis\u00e9 samedi 16 novembre une jou...","og_url":"https:\/\/www.webdo.tn\/fr\/actualite\/national\/hyundai-tunisie-agir-pour-un-avenir-brillant-grace-a-la-sante-visuelle-des-enfants\/217665\/","og_site_name":"webdo","article_publisher":"https:\/\/www.facebook.com\/webdotn","article_published_time":"2024-11-18T14:25:00+00:00","article_modified_time":"2025-05-20T22:34:23+00:00","og_image":[{"width":750,"height":400,"url":"https:\/\/www.webdo.tn\/fr\/wp-content\/uploads\/2024\/11\/f937482b3dd7d59a72e840dfef748388.webp","type":"image\/webp"}],"author":"Webdo","twitter_card":"summary_large_image","twitter_creator":"@webdo_tn","twitter_site":"@webdo_tn","twitter_misc":{"\u00c9crit par":"Webdo","Dur\u00e9e de lecture estim\u00e9e":"2 minutes"},"schema":{"@context":"https:\/\/schema.org","@graph":[{"@type":"NewsArticle","@id":"https:\/\/www.webdo.tn\/fr\/actualite\/national\/hyundai-tunisie-agir-pour-un-avenir-brillant-grace-a-la-sante-visuelle-des-enfants\/217665\/#article","isPartOf":{"@id":"https:\/\/www.webdo.tn\/fr\/actualite\/national\/hyundai-tunisie-agir-pour-un-avenir-brillant-grace-a-la-sante-visuelle-des-enfants\/217665\/"},"author":{"name":"Webdo","@id":"https:\/\/www.webdo.tn\/fr\/#\/schema\/person\/1f4e491e0907b413d61089e8eb573acc"},"headline":"Hyundai Tunisie : Agir pour un avenir brillant gr\u00e2ce \u00e0 la sant\u00e9 visuelle des enfants","datePublished":"2024-11-18T14:25:00+00:00","dateModified":"2025-05-20T22:34:23+00:00","mainEntityOfPage":{"@id":"https:\/\/www.webdo.tn\/fr\/actualite\/national\/hyundai-tunisie-agir-pour-un-avenir-brillant-grace-a-la-sante-visuelle-des-enfants\/217665\/"},"wordCount":423,"commentCount":0,"publisher":{"@id":"https:\/\/www.webdo.tn\/fr\/#organization"},"image":{"@id":"https:\/\/www.webdo.tn\/fr\/actualite\/national\/hyundai-tunisie-agir-pour-un-avenir-brillant-grace-a-la-sante-visuelle-des-enfants\/217665\/#primaryimage"},"thumbnailUrl":"https:\/\/www.webdo.tn\/fr\/wp-content\/uploads\/2024\/11\/f937482b3dd7d59a72e840dfef748388.webp","keywords":["'consultations ophtalmologiques']","enfants","Hyundai Tunisie","Tunisie"],"articleSection":["National"],"inLanguage":"fr-FR"},{"@type":"WebPage","@id":"https:\/\/www.webdo.tn\/fr\/actualite\/national\/hyundai-tunisie-agir-pour-un-avenir-brillant-grace-a-la-sante-visuelle-des-enfants\/217665\/","url":"https:\/\/www.webdo.tn\/fr\/actualite\/national\/hyundai-tunisie-agir-pour-un-avenir-brillant-grace-a-la-sante-visuelle-des-enfants\/217665\/","name":"Hyundai Tunisie : Agir pour un avenir brillant gr\u00e2ce \u00e0 la sant\u00e9 visuelle des enfants","isPartOf":{"@id":"https:\/\/www.webdo.tn\/fr\/#website"},"primaryImageOfPage":{"@id":"https:\/\/www.webdo.tn\/fr\/actualite\/national\/hyundai-tunisie-agir-pour-un-avenir-brillant-grace-a-la-sante-visuelle-des-enfants\/217665\/#primaryimage"},"image":{"@id":"https:\/\/www.webdo.tn\/fr\/actualite\/national\/hyundai-tunisie-agir-pour-un-avenir-brillant-grace-a-la-sante-visuelle-des-enfants\/217665\/#primaryimage"},"thumbnailUrl":"https:\/\/www.webdo.tn\/fr\/wp-content\/uploads\/2024\/11\/f937482b3dd7d59a72e840dfef748388.webp","datePublished":"2024-11-18T14:25:00+00:00","dateModified":"2025-05-20T22:34:23+00:00","description":"Dans le cadre de sa mission de responsabilit\u00e9 soci\u00e9tale, Alpha Hyundai Motor, distributeur officiel de Hyundai en Tunisie, a organis\u00e9 samedi 16 novembre une jou...","breadcrumb":{"@id":"https:\/\/www.webdo.tn\/fr\/actualite\/national\/hyundai-tunisie-agir-pour-un-avenir-brillant-grace-a-la-sante-visuelle-des-enfants\/217665\/#breadcrumb"},"inLanguage":"fr-FR","potentialAction":[{"@type":"ReadAction","target":["https:\/\/www.webdo.tn\/fr\/actualite\/national\/hyundai-tunisie-agir-pour-un-avenir-brillant-grace-a-la-sante-visuelle-des-enfants\/217665\/"]}]},{"@type":"ImageObject","inLanguage":"fr-FR","@id":"https:\/\/www.webdo.tn\/fr\/actualite\/national\/hyundai-tunisie-agir-pour-un-avenir-brillant-grace-a-la-sante-visuelle-des-enfants\/217665\/#primaryimage","url":"https:\/\/www.webdo.tn\/fr\/wp-content\/uploads\/2024\/11\/f937482b3dd7d59a72e840dfef748388.webp","contentUrl":"https:\/\/www.webdo.tn\/fr\/wp-content\/uploads\/2024\/11\/f937482b3dd7d59a72e840dfef748388.webp","width":750,"height":400,"caption":"Hyundai Tunisie : Agir pour un avenir brillant gr\u00e2ce \u00e0 la sant\u00e9 visuelle des enfants"},{"@type":"BreadcrumbList","@id":"https:\/\/www.webdo.tn\/fr\/actualite\/national\/hyundai-tunisie-agir-pour-un-avenir-brillant-grace-a-la-sante-visuelle-des-enfants\/217665\/#breadcrumb","itemListElement":[{"@type":"ListItem","position":1,"name":"Accueil","item":"https:\/\/www.webdo.tn\/fr\/"},{"@type":"ListItem","position":2,"name":"Hyundai Tunisie : Agir pour un avenir brillant gr\u00e2ce \u00e0 la sant\u00e9 visuelle des enfants"}]},{"@type":"WebSite","@id":"https:\/\/www.webdo.tn\/fr\/#website","url":"https:\/\/www.webdo.tn\/fr\/","name":"webdo","description":"Tunisie - News en Tunisie et \u00e0 l&#039;international sur Webdo.tn","publisher":{"@id":"https:\/\/www.webdo.tn\/fr\/#organization"},"potentialAction":[{"@type":"SearchAction","target":{"@type":"EntryPoint","urlTemplate":"https:\/\/www.webdo.tn\/fr\/?s={search_term_string}"},"query-input":{"@type":"PropertyValueSpecification","valueRequired":true,"valueName":"search_term_string"}}],"inLanguage":"fr-FR"},{"@type":"Organization","@id":"https:\/\/www.webdo.tn\/fr\/#organization","name":"Webdo","alternateName":"Webdo.tn","url":"https:\/\/www.webdo.tn\/fr\/","logo":{"@type":"ImageObject","inLanguage":"fr-FR","@id":"https:\/\/www.webdo.tn\/fr\/#\/schema\/logo\/image\/","url":"https:\/\/www.webdo.tn\/fr\/wp-content\/uploads\/2025\/06\/Webdo-Tunisie_168377.jpg","contentUrl":"https:\/\/www.webdo.tn\/fr\/wp-content\/uploads\/2025\/06\/Webdo-Tunisie_168377.jpg","width":301,"height":301,"caption":"Webdo"},"image":{"@id":"https:\/\/www.webdo.tn\/fr\/#\/schema\/logo\/image\/"},"sameAs":["https:\/\/www.facebook.com\/webdotn","https:\/\/x.com\/webdo_tn"],"description":"Webdo est un m\u00e9dia num\u00e9rique tunisien fond\u00e9 en 2010, sp\u00e9cialis\u00e9 dans l\u2019actualit\u00e9 nationale et internationale, l\u2019\u00e9conomie, la soci\u00e9t\u00e9 et les analyses politiques. Le site s\u2019adresse \u00e0 un large public francophone et couvre l\u2019information tunisienne en temps r\u00e9el.","email":"redac@webdo.tn","legalName":"YNJ SARL","foundingDate":"2010-09-06","numberOfEmployees":{"@type":"QuantitativeValue","minValue":"11","maxValue":"50"}},{"@type":"Person","@id":"https:\/\/www.webdo.tn\/fr\/#\/schema\/person\/1f4e491e0907b413d61089e8eb573acc","name":"Webdo","image":{"@type":"ImageObject","inLanguage":"fr-FR","@id":"https:\/\/secure.gravatar.com\/avatar\/de97aeec1bb80978a9dbb127e47dfc88aaacb2f3c29aac907d8d3222e3495d49?s=96&d=mm&r=g","url":"https:\/\/secure.gravatar.com\/avatar\/de97aeec1bb80978a9dbb127e47dfc88aaacb2f3c29aac907d8d3222e3495d49?s=96&d=mm&r=g","contentUrl":"https:\/\/secure.gravatar.com\/avatar\/de97aeec1bb80978a9dbb127e47dfc88aaacb2f3c29aac907d8d3222e3495d49?s=96&d=mm&r=g","caption":"Webdo"},"url":"https:\/\/www.webdo.tn\/fr\/actualite\/author\/webdo\/"}]}},"_links":{"self":[{"href":"https:\/\/www.webdo.tn\/fr\/wp-json\/wp\/v2\/posts\/217665","targetHints":{"allow":["GET"]}}],"collection":[{"href":"https:\/\/www.webdo.tn\/fr\/wp-json\/wp\/v2\/posts"}],"about":[{"href":"https:\/\/www.webdo.tn\/fr\/wp-json\/wp\/v2\/types\/post"}],"author":[{"embeddable":true,"href":"https:\/\/www.webdo.tn\/fr\/wp-json\/wp\/v2\/users\/3169"}],"replies":[{"embeddable":true,"href":"https:\/\/www.webdo.tn\/fr\/wp-json\/wp\/v2\/comments?post=217665"}],"version-history":[{"count":0,"href":"https:\/\/www.webdo.tn\/fr\/wp-json\/wp\/v2\/posts\/217665\/revisions"}],"wp:featuredmedia":[{"embeddable":true,"href":"https:\/\/www.webdo.tn\/fr\/wp-json\/wp\/v2\/media\/291353"}],"wp:attachment":[{"href":"https:\/\/www.webdo.tn\/fr\/wp-json\/wp\/v2\/media?parent=217665"}],"wp:term":[{"taxonomy":"category","embeddable":true,"href":"https:\/\/www.webdo.tn\/fr\/wp-json\/wp\/v2\/categories?post=217665"},{"taxonomy":"post_tag","embeddable":true,"href":"https:\/\/www.webdo.tn\/fr\/wp-json\/wp\/v2\/tags?post=217665"}],"curies":[{"name":"wp","href":"https:\/\/api.w.org\/{rel}","templated":true}]}}