{"id":217664,"date":"2024-11-18T13:16:00","date_gmt":"2024-11-18T13:16:00","guid":{"rendered":"https:\/\/www.webdo.tn\/fr\/blog\/tunisie-bolt-dans-le-collimateur-du-gouvernement\/217664\/"},"modified":"2025-05-20T22:21:49","modified_gmt":"2025-05-20T22:21:49","slug":"tunisie-bolt-dans-le-collimateur-du-gouvernement","status":"publish","type":"post","link":"https:\/\/www.webdo.tn\/fr\/actualite\/national\/tunisie-bolt-dans-le-collimateur-du-gouvernement\/217664\/","title":{"rendered":"Tunisie : BOLT dans le collimateur du gouvernement"},"content":{"rendered":"<p>Le ministre des Transports, Rachid Amri, a affirm\u00e9 que son minist\u00e8re est en train d&rsquo;\u00e9tudier le dossier de l&rsquo;application de Taxi Bolt et d&rsquo;examiner les probl\u00e9matiques qui y sont li\u00e9es, tout en s&rsquo;effor\u00e7ant de mettre en place une l\u00e9gislation qui la r\u00e9gule et fixe ses tarifs.\u00a0<\/p>\n<p>Cette d\u00e9claration a \u00e9t\u00e9 faite par le ministre des Transports lors de la discussion sur la mission du minist\u00e8re des Transports dans le cadre de la session pl\u00e9ni\u00e8re conjointe entre les Chambres des d\u00e9put\u00e9s et des r\u00e9gions, en r\u00e9ponse \u00e0 une question du d\u00e9put\u00e9 Mohamed Amine Warghi concernant les plaintes des citoyens sur l&rsquo;adh\u00e9sion d&rsquo;un grand nombre de chauffeurs de taxi \u00e0 l&rsquo;application Bolt, au d\u00e9triment des tarifs conventionnels.<\/p>\n<p>L&rsquo;application de transport BOLT, introduite en Tunisie il y a quelques ann\u00e9es, s&rsquo;est rapidement impos\u00e9e comme un acteur cl\u00e9 dans le domaine des services de VTC (voitures de transport avec chauffeur). Offrant une alternative moderne et accessible aux taxis traditionnels, BOLT s\u00e9duit par sa simplicit\u00e9 et sa disponibilit\u00e9 presque instantan\u00e9e.<\/p>\n<p>Cependant, derri\u00e8re ce succ\u00e8s apparent, un m\u00e9contentement croissant des usagers se fait entendre, soulevant des questions sur la qualit\u00e9 du service, les tarifs exorbitants et la r\u00e9gulation de ce secteur.<\/p>\n<p>Bien que les majorations tarifaires soient une pratique courante pour \u00e9quilibrer l&rsquo;offre et la demande, les usagers tunisiens estiment que ces hausses sont parfois exag\u00e9r\u00e9es, rendant le service inaccessible pour les trajets courts.<\/p>\n","protected":false},"excerpt":{"rendered":"<p>Cette d\u00e9claration a \u00e9t\u00e9 faite par le ministre des Transports lors de la discussion sur la mission du minist\u00e8re des Transports dans le cadre de la session pl\u00e9ni\u00e8&#8230;<\/p>\n","protected":false},"author":3163,"featured_media":291350,"comment_status":"open","ping_status":"closed","sticky":false,"template":"","format":"standard","meta":{"footnotes":""},"categories":[44],"tags":[4893,2651,2648,2818,2608],"class_list":["post-217664","post","type-post","status-publish","format-standard","has-post-thumbnail","hentry","category-national","tag-bolt","tag-gouvernement","tag-taxi","tag-transport","tag-tunisie"],"yoast_head":"<!-- This site is optimized with the Yoast SEO Premium plugin v27.4 (Yoast SEO v27.5) - https:\/\/yoast.com\/product\/yoast-seo-premium-wordpress\/ -->\n<title>Tunisie : BOLT dans le collimateur du gouvernement<\/title>\n<meta name=\"description\" content=\"Cette d\u00e9claration a \u00e9t\u00e9 faite par le ministre des Transports lors de la discussion sur la mission du minist\u00e8re des Transports dans le cadre de la session pl\u00e9ni\u00e8...\" \/>\n<link rel=\"canonical\" href=\"https:\/\/www.webdo.tn\/fr\/actualite\/national\/tunisie-bolt-dans-le-collimateur-du-gouvernement\/217664\/\" \/>\n<meta property=\"og:locale\" content=\"fr_FR\" \/>\n<meta property=\"og:type\" content=\"article\" \/>\n<meta property=\"og:title\" content=\"Tunisie : BOLT dans le collimateur du gouvernement\" \/>\n<meta property=\"og:description\" content=\"Cette d\u00e9claration a \u00e9t\u00e9 faite par le ministre des Transports lors de la discussion sur la mission du minist\u00e8re des Transports dans le cadre de la session pl\u00e9ni\u00e8...\" \/>\n<meta property=\"og:url\" content=\"https:\/\/www.webdo.tn\/fr\/actualite\/national\/tunisie-bolt-dans-le-collimateur-du-gouvernement\/217664\/\" \/>\n<meta property=\"og:site_name\" content=\"webdo\" \/>\n<meta property=\"article:publisher\" content=\"https:\/\/www.facebook.com\/webdotn\" \/>\n<meta property=\"article:published_time\" content=\"2024-11-18T13:16:00+00:00\" \/>\n<meta property=\"article:modified_time\" content=\"2025-05-20T22:21:49+00:00\" \/>\n<meta property=\"og:image\" content=\"https:\/\/www.webdo.tn\/fr\/wp-content\/uploads\/2024\/11\/3fe77f3a88a1d397f3d5e631ad079dcb.webp\" \/>\n\t<meta property=\"og:image:width\" content=\"750\" \/>\n\t<meta property=\"og:image:height\" content=\"400\" \/>\n\t<meta property=\"og:image:type\" content=\"image\/webp\" \/>\n<meta name=\"author\" content=\"KJ\" \/>\n<meta name=\"twitter:card\" content=\"summary_large_image\" \/>\n<meta name=\"twitter:creator\" content=\"@webdo_tn\" \/>\n<meta name=\"twitter:site\" content=\"@webdo_tn\" \/>\n<meta name=\"twitter:label1\" content=\"\u00c9crit par\" \/>\n\t<meta name=\"twitter:data1\" content=\"KJ\" \/>\n\t<meta name=\"twitter:label2\" content=\"Dur\u00e9e de lecture estim\u00e9e\" \/>\n\t<meta name=\"twitter:data2\" content=\"1 minute\" \/>\n<script type=\"application\/ld+json\" class=\"yoast-schema-graph\">{\"@context\":\"https:\\\/\\\/schema.org\",\"@graph\":[{\"@type\":\"NewsArticle\",\"@id\":\"https:\\\/\\\/www.webdo.tn\\\/fr\\\/actualite\\\/national\\\/tunisie-bolt-dans-le-collimateur-du-gouvernement\\\/217664\\\/#article\",\"isPartOf\":{\"@id\":\"https:\\\/\\\/www.webdo.tn\\\/fr\\\/actualite\\\/national\\\/tunisie-bolt-dans-le-collimateur-du-gouvernement\\\/217664\\\/\"},\"author\":{\"name\":\"KJ\",\"@id\":\"https:\\\/\\\/www.webdo.tn\\\/fr\\\/#\\\/schema\\\/person\\\/82ca085b22037d285e1a3c4b65ba5f71\"},\"headline\":\"Tunisie : BOLT dans le collimateur du gouvernement\",\"datePublished\":\"2024-11-18T13:16:00+00:00\",\"dateModified\":\"2025-05-20T22:21:49+00:00\",\"mainEntityOfPage\":{\"@id\":\"https:\\\/\\\/www.webdo.tn\\\/fr\\\/actualite\\\/national\\\/tunisie-bolt-dans-le-collimateur-du-gouvernement\\\/217664\\\/\"},\"wordCount\":270,\"commentCount\":0,\"publisher\":{\"@id\":\"https:\\\/\\\/www.webdo.tn\\\/fr\\\/#organization\"},\"image\":{\"@id\":\"https:\\\/\\\/www.webdo.tn\\\/fr\\\/actualite\\\/national\\\/tunisie-bolt-dans-le-collimateur-du-gouvernement\\\/217664\\\/#primaryimage\"},\"thumbnailUrl\":\"https:\\\/\\\/www.webdo.tn\\\/fr\\\/wp-content\\\/uploads\\\/2024\\\/11\\\/3fe77f3a88a1d397f3d5e631ad079dcb.webp\",\"keywords\":[\"Bolt\",\"gouvernement\",\"Taxi\",\"Transport\",\"Tunisie\"],\"articleSection\":[\"National\"],\"inLanguage\":\"fr-FR\"},{\"@type\":\"WebPage\",\"@id\":\"https:\\\/\\\/www.webdo.tn\\\/fr\\\/actualite\\\/national\\\/tunisie-bolt-dans-le-collimateur-du-gouvernement\\\/217664\\\/\",\"url\":\"https:\\\/\\\/www.webdo.tn\\\/fr\\\/actualite\\\/national\\\/tunisie-bolt-dans-le-collimateur-du-gouvernement\\\/217664\\\/\",\"name\":\"Tunisie : BOLT dans le collimateur du gouvernement\",\"isPartOf\":{\"@id\":\"https:\\\/\\\/www.webdo.tn\\\/fr\\\/#website\"},\"primaryImageOfPage\":{\"@id\":\"https:\\\/\\\/www.webdo.tn\\\/fr\\\/actualite\\\/national\\\/tunisie-bolt-dans-le-collimateur-du-gouvernement\\\/217664\\\/#primaryimage\"},\"image\":{\"@id\":\"https:\\\/\\\/www.webdo.tn\\\/fr\\\/actualite\\\/national\\\/tunisie-bolt-dans-le-collimateur-du-gouvernement\\\/217664\\\/#primaryimage\"},\"thumbnailUrl\":\"https:\\\/\\\/www.webdo.tn\\\/fr\\\/wp-content\\\/uploads\\\/2024\\\/11\\\/3fe77f3a88a1d397f3d5e631ad079dcb.webp\",\"datePublished\":\"2024-11-18T13:16:00+00:00\",\"dateModified\":\"2025-05-20T22:21:49+00:00\",\"description\":\"Cette d\u00e9claration a \u00e9t\u00e9 faite par le ministre des Transports lors de la discussion sur la mission du minist\u00e8re des Transports dans le cadre de la session pl\u00e9ni\u00e8...\",\"breadcrumb\":{\"@id\":\"https:\\\/\\\/www.webdo.tn\\\/fr\\\/actualite\\\/national\\\/tunisie-bolt-dans-le-collimateur-du-gouvernement\\\/217664\\\/#breadcrumb\"},\"inLanguage\":\"fr-FR\",\"potentialAction\":[{\"@type\":\"ReadAction\",\"target\":[\"https:\\\/\\\/www.webdo.tn\\\/fr\\\/actualite\\\/national\\\/tunisie-bolt-dans-le-collimateur-du-gouvernement\\\/217664\\\/\"]}]},{\"@type\":\"ImageObject\",\"inLanguage\":\"fr-FR\",\"@id\":\"https:\\\/\\\/www.webdo.tn\\\/fr\\\/actualite\\\/national\\\/tunisie-bolt-dans-le-collimateur-du-gouvernement\\\/217664\\\/#primaryimage\",\"url\":\"https:\\\/\\\/www.webdo.tn\\\/fr\\\/wp-content\\\/uploads\\\/2024\\\/11\\\/3fe77f3a88a1d397f3d5e631ad079dcb.webp\",\"contentUrl\":\"https:\\\/\\\/www.webdo.tn\\\/fr\\\/wp-content\\\/uploads\\\/2024\\\/11\\\/3fe77f3a88a1d397f3d5e631ad079dcb.webp\",\"width\":750,\"height\":400,\"caption\":\"Tunisie : BOLT dans le collimateur du gouvernement\"},{\"@type\":\"BreadcrumbList\",\"@id\":\"https:\\\/\\\/www.webdo.tn\\\/fr\\\/actualite\\\/national\\\/tunisie-bolt-dans-le-collimateur-du-gouvernement\\\/217664\\\/#breadcrumb\",\"itemListElement\":[{\"@type\":\"ListItem\",\"position\":1,\"name\":\"Accueil\",\"item\":\"https:\\\/\\\/www.webdo.tn\\\/fr\\\/\"},{\"@type\":\"ListItem\",\"position\":2,\"name\":\"Tunisie : BOLT dans le collimateur du gouvernement\"}]},{\"@type\":\"WebSite\",\"@id\":\"https:\\\/\\\/www.webdo.tn\\\/fr\\\/#website\",\"url\":\"https:\\\/\\\/www.webdo.tn\\\/fr\\\/\",\"name\":\"webdo\",\"description\":\"Tunisie - News en Tunisie et \u00e0 l&#039;international sur Webdo.tn\",\"publisher\":{\"@id\":\"https:\\\/\\\/www.webdo.tn\\\/fr\\\/#organization\"},\"potentialAction\":[{\"@type\":\"SearchAction\",\"target\":{\"@type\":\"EntryPoint\",\"urlTemplate\":\"https:\\\/\\\/www.webdo.tn\\\/fr\\\/?s={search_term_string}\"},\"query-input\":{\"@type\":\"PropertyValueSpecification\",\"valueRequired\":true,\"valueName\":\"search_term_string\"}}],\"inLanguage\":\"fr-FR\"},{\"@type\":\"Organization\",\"@id\":\"https:\\\/\\\/www.webdo.tn\\\/fr\\\/#organization\",\"name\":\"Webdo\",\"alternateName\":\"Webdo.tn\",\"url\":\"https:\\\/\\\/www.webdo.tn\\\/fr\\\/\",\"logo\":{\"@type\":\"ImageObject\",\"inLanguage\":\"fr-FR\",\"@id\":\"https:\\\/\\\/www.webdo.tn\\\/fr\\\/#\\\/schema\\\/logo\\\/image\\\/\",\"url\":\"https:\\\/\\\/www.webdo.tn\\\/fr\\\/wp-content\\\/uploads\\\/2025\\\/06\\\/Webdo-Tunisie_168377.jpg\",\"contentUrl\":\"https:\\\/\\\/www.webdo.tn\\\/fr\\\/wp-content\\\/uploads\\\/2025\\\/06\\\/Webdo-Tunisie_168377.jpg\",\"width\":301,\"height\":301,\"caption\":\"Webdo\"},\"image\":{\"@id\":\"https:\\\/\\\/www.webdo.tn\\\/fr\\\/#\\\/schema\\\/logo\\\/image\\\/\"},\"sameAs\":[\"https:\\\/\\\/www.facebook.com\\\/webdotn\",\"https:\\\/\\\/x.com\\\/webdo_tn\"],\"description\":\"Webdo est un m\u00e9dia num\u00e9rique tunisien fond\u00e9 en 2010, sp\u00e9cialis\u00e9 dans l\u2019actualit\u00e9 nationale et internationale, l\u2019\u00e9conomie, la soci\u00e9t\u00e9 et les analyses politiques. Le site s\u2019adresse \u00e0 un large public francophone et couvre l\u2019information tunisienne en temps r\u00e9el.\",\"email\":\"redac@webdo.tn\",\"legalName\":\"YNJ SARL\",\"foundingDate\":\"2010-09-06\",\"numberOfEmployees\":{\"@type\":\"QuantitativeValue\",\"minValue\":\"11\",\"maxValue\":\"50\"}},{\"@type\":\"Person\",\"@id\":\"https:\\\/\\\/www.webdo.tn\\\/fr\\\/#\\\/schema\\\/person\\\/82ca085b22037d285e1a3c4b65ba5f71\",\"name\":\"KJ\",\"image\":{\"@type\":\"ImageObject\",\"inLanguage\":\"fr-FR\",\"@id\":\"https:\\\/\\\/secure.gravatar.com\\\/avatar\\\/1a1320de1c1971c893f00068f760b4113d69504aa21273da17ee95650c5944fd?s=96&d=mm&r=g\",\"url\":\"https:\\\/\\\/secure.gravatar.com\\\/avatar\\\/1a1320de1c1971c893f00068f760b4113d69504aa21273da17ee95650c5944fd?s=96&d=mm&r=g\",\"contentUrl\":\"https:\\\/\\\/secure.gravatar.com\\\/avatar\\\/1a1320de1c1971c893f00068f760b4113d69504aa21273da17ee95650c5944fd?s=96&d=mm&r=g\",\"caption\":\"KJ\"},\"url\":\"https:\\\/\\\/www.webdo.tn\\\/fr\\\/actualite\\\/author\\\/kj\\\/\"}]}<\/script>\n<!-- \/ Yoast SEO Premium plugin. -->","yoast_head_json":{"title":"Tunisie : BOLT dans le collimateur du gouvernement","description":"Cette d\u00e9claration a \u00e9t\u00e9 faite par le ministre des Transports lors de la discussion sur la mission du minist\u00e8re des Transports dans le cadre de la session pl\u00e9ni\u00e8...","canonical":"https:\/\/www.webdo.tn\/fr\/actualite\/national\/tunisie-bolt-dans-le-collimateur-du-gouvernement\/217664\/","og_locale":"fr_FR","og_type":"article","og_title":"Tunisie : BOLT dans le collimateur du gouvernement","og_description":"Cette d\u00e9claration a \u00e9t\u00e9 faite par le ministre des Transports lors de la discussion sur la mission du minist\u00e8re des Transports dans le cadre de la session pl\u00e9ni\u00e8...","og_url":"https:\/\/www.webdo.tn\/fr\/actualite\/national\/tunisie-bolt-dans-le-collimateur-du-gouvernement\/217664\/","og_site_name":"webdo","article_publisher":"https:\/\/www.facebook.com\/webdotn","article_published_time":"2024-11-18T13:16:00+00:00","article_modified_time":"2025-05-20T22:21:49+00:00","og_image":[{"width":750,"height":400,"url":"https:\/\/www.webdo.tn\/fr\/wp-content\/uploads\/2024\/11\/3fe77f3a88a1d397f3d5e631ad079dcb.webp","type":"image\/webp"}],"author":"KJ","twitter_card":"summary_large_image","twitter_creator":"@webdo_tn","twitter_site":"@webdo_tn","twitter_misc":{"\u00c9crit par":"KJ","Dur\u00e9e de lecture estim\u00e9e":"1 minute"},"schema":{"@context":"https:\/\/schema.org","@graph":[{"@type":"NewsArticle","@id":"https:\/\/www.webdo.tn\/fr\/actualite\/national\/tunisie-bolt-dans-le-collimateur-du-gouvernement\/217664\/#article","isPartOf":{"@id":"https:\/\/www.webdo.tn\/fr\/actualite\/national\/tunisie-bolt-dans-le-collimateur-du-gouvernement\/217664\/"},"author":{"name":"KJ","@id":"https:\/\/www.webdo.tn\/fr\/#\/schema\/person\/82ca085b22037d285e1a3c4b65ba5f71"},"headline":"Tunisie : BOLT dans le collimateur du gouvernement","datePublished":"2024-11-18T13:16:00+00:00","dateModified":"2025-05-20T22:21:49+00:00","mainEntityOfPage":{"@id":"https:\/\/www.webdo.tn\/fr\/actualite\/national\/tunisie-bolt-dans-le-collimateur-du-gouvernement\/217664\/"},"wordCount":270,"commentCount":0,"publisher":{"@id":"https:\/\/www.webdo.tn\/fr\/#organization"},"image":{"@id":"https:\/\/www.webdo.tn\/fr\/actualite\/national\/tunisie-bolt-dans-le-collimateur-du-gouvernement\/217664\/#primaryimage"},"thumbnailUrl":"https:\/\/www.webdo.tn\/fr\/wp-content\/uploads\/2024\/11\/3fe77f3a88a1d397f3d5e631ad079dcb.webp","keywords":["Bolt","gouvernement","Taxi","Transport","Tunisie"],"articleSection":["National"],"inLanguage":"fr-FR"},{"@type":"WebPage","@id":"https:\/\/www.webdo.tn\/fr\/actualite\/national\/tunisie-bolt-dans-le-collimateur-du-gouvernement\/217664\/","url":"https:\/\/www.webdo.tn\/fr\/actualite\/national\/tunisie-bolt-dans-le-collimateur-du-gouvernement\/217664\/","name":"Tunisie : BOLT dans le collimateur du gouvernement","isPartOf":{"@id":"https:\/\/www.webdo.tn\/fr\/#website"},"primaryImageOfPage":{"@id":"https:\/\/www.webdo.tn\/fr\/actualite\/national\/tunisie-bolt-dans-le-collimateur-du-gouvernement\/217664\/#primaryimage"},"image":{"@id":"https:\/\/www.webdo.tn\/fr\/actualite\/national\/tunisie-bolt-dans-le-collimateur-du-gouvernement\/217664\/#primaryimage"},"thumbnailUrl":"https:\/\/www.webdo.tn\/fr\/wp-content\/uploads\/2024\/11\/3fe77f3a88a1d397f3d5e631ad079dcb.webp","datePublished":"2024-11-18T13:16:00+00:00","dateModified":"2025-05-20T22:21:49+00:00","description":"Cette d\u00e9claration a \u00e9t\u00e9 faite par le ministre des Transports lors de la discussion sur la mission du minist\u00e8re des Transports dans le cadre de la session pl\u00e9ni\u00e8...","breadcrumb":{"@id":"https:\/\/www.webdo.tn\/fr\/actualite\/national\/tunisie-bolt-dans-le-collimateur-du-gouvernement\/217664\/#breadcrumb"},"inLanguage":"fr-FR","potentialAction":[{"@type":"ReadAction","target":["https:\/\/www.webdo.tn\/fr\/actualite\/national\/tunisie-bolt-dans-le-collimateur-du-gouvernement\/217664\/"]}]},{"@type":"ImageObject","inLanguage":"fr-FR","@id":"https:\/\/www.webdo.tn\/fr\/actualite\/national\/tunisie-bolt-dans-le-collimateur-du-gouvernement\/217664\/#primaryimage","url":"https:\/\/www.webdo.tn\/fr\/wp-content\/uploads\/2024\/11\/3fe77f3a88a1d397f3d5e631ad079dcb.webp","contentUrl":"https:\/\/www.webdo.tn\/fr\/wp-content\/uploads\/2024\/11\/3fe77f3a88a1d397f3d5e631ad079dcb.webp","width":750,"height":400,"caption":"Tunisie : BOLT dans le collimateur du gouvernement"},{"@type":"BreadcrumbList","@id":"https:\/\/www.webdo.tn\/fr\/actualite\/national\/tunisie-bolt-dans-le-collimateur-du-gouvernement\/217664\/#breadcrumb","itemListElement":[{"@type":"ListItem","position":1,"name":"Accueil","item":"https:\/\/www.webdo.tn\/fr\/"},{"@type":"ListItem","position":2,"name":"Tunisie : BOLT dans le collimateur du gouvernement"}]},{"@type":"WebSite","@id":"https:\/\/www.webdo.tn\/fr\/#website","url":"https:\/\/www.webdo.tn\/fr\/","name":"webdo","description":"Tunisie - News en Tunisie et \u00e0 l&#039;international sur Webdo.tn","publisher":{"@id":"https:\/\/www.webdo.tn\/fr\/#organization"},"potentialAction":[{"@type":"SearchAction","target":{"@type":"EntryPoint","urlTemplate":"https:\/\/www.webdo.tn\/fr\/?s={search_term_string}"},"query-input":{"@type":"PropertyValueSpecification","valueRequired":true,"valueName":"search_term_string"}}],"inLanguage":"fr-FR"},{"@type":"Organization","@id":"https:\/\/www.webdo.tn\/fr\/#organization","name":"Webdo","alternateName":"Webdo.tn","url":"https:\/\/www.webdo.tn\/fr\/","logo":{"@type":"ImageObject","inLanguage":"fr-FR","@id":"https:\/\/www.webdo.tn\/fr\/#\/schema\/logo\/image\/","url":"https:\/\/www.webdo.tn\/fr\/wp-content\/uploads\/2025\/06\/Webdo-Tunisie_168377.jpg","contentUrl":"https:\/\/www.webdo.tn\/fr\/wp-content\/uploads\/2025\/06\/Webdo-Tunisie_168377.jpg","width":301,"height":301,"caption":"Webdo"},"image":{"@id":"https:\/\/www.webdo.tn\/fr\/#\/schema\/logo\/image\/"},"sameAs":["https:\/\/www.facebook.com\/webdotn","https:\/\/x.com\/webdo_tn"],"description":"Webdo est un m\u00e9dia num\u00e9rique tunisien fond\u00e9 en 2010, sp\u00e9cialis\u00e9 dans l\u2019actualit\u00e9 nationale et internationale, l\u2019\u00e9conomie, la soci\u00e9t\u00e9 et les analyses politiques. Le site s\u2019adresse \u00e0 un large public francophone et couvre l\u2019information tunisienne en temps r\u00e9el.","email":"redac@webdo.tn","legalName":"YNJ SARL","foundingDate":"2010-09-06","numberOfEmployees":{"@type":"QuantitativeValue","minValue":"11","maxValue":"50"}},{"@type":"Person","@id":"https:\/\/www.webdo.tn\/fr\/#\/schema\/person\/82ca085b22037d285e1a3c4b65ba5f71","name":"KJ","image":{"@type":"ImageObject","inLanguage":"fr-FR","@id":"https:\/\/secure.gravatar.com\/avatar\/1a1320de1c1971c893f00068f760b4113d69504aa21273da17ee95650c5944fd?s=96&d=mm&r=g","url":"https:\/\/secure.gravatar.com\/avatar\/1a1320de1c1971c893f00068f760b4113d69504aa21273da17ee95650c5944fd?s=96&d=mm&r=g","contentUrl":"https:\/\/secure.gravatar.com\/avatar\/1a1320de1c1971c893f00068f760b4113d69504aa21273da17ee95650c5944fd?s=96&d=mm&r=g","caption":"KJ"},"url":"https:\/\/www.webdo.tn\/fr\/actualite\/author\/kj\/"}]}},"_links":{"self":[{"href":"https:\/\/www.webdo.tn\/fr\/wp-json\/wp\/v2\/posts\/217664","targetHints":{"allow":["GET"]}}],"collection":[{"href":"https:\/\/www.webdo.tn\/fr\/wp-json\/wp\/v2\/posts"}],"about":[{"href":"https:\/\/www.webdo.tn\/fr\/wp-json\/wp\/v2\/types\/post"}],"author":[{"embeddable":true,"href":"https:\/\/www.webdo.tn\/fr\/wp-json\/wp\/v2\/users\/3163"}],"replies":[{"embeddable":true,"href":"https:\/\/www.webdo.tn\/fr\/wp-json\/wp\/v2\/comments?post=217664"}],"version-history":[{"count":0,"href":"https:\/\/www.webdo.tn\/fr\/wp-json\/wp\/v2\/posts\/217664\/revisions"}],"wp:featuredmedia":[{"embeddable":true,"href":"https:\/\/www.webdo.tn\/fr\/wp-json\/wp\/v2\/media\/291350"}],"wp:attachment":[{"href":"https:\/\/www.webdo.tn\/fr\/wp-json\/wp\/v2\/media?parent=217664"}],"wp:term":[{"taxonomy":"category","embeddable":true,"href":"https:\/\/www.webdo.tn\/fr\/wp-json\/wp\/v2\/categories?post=217664"},{"taxonomy":"post_tag","embeddable":true,"href":"https:\/\/www.webdo.tn\/fr\/wp-json\/wp\/v2\/tags?post=217664"}],"curies":[{"name":"wp","href":"https:\/\/api.w.org\/{rel}","templated":true}]}}