{"id":217650,"date":"2024-11-18T09:22:00","date_gmt":"2024-11-18T09:22:00","guid":{"rendered":"https:\/\/www.webdo.tn\/fr\/blog\/2024\/11\/18\/eliminatoires-can-2025-formation-probable-de-la-tunisie-face-a-la-gambie\/"},"modified":"2025-05-20T21:46:45","modified_gmt":"2025-05-20T21:46:45","slug":"eliminatoires-can-2025-formation-probable-de-la-tunisie-face-a-la-gambie","status":"publish","type":"post","link":"https:\/\/www.webdo.tn\/fr\/actualite\/sport\/eliminatoires-can-2025-formation-probable-de-la-tunisie-face-a-la-gambie\/217650\/","title":{"rendered":"Eliminatoires CAN 2025 : Formation probable de la Tunisie face \u00e0 la Gambie"},"content":{"rendered":"<p>Le s\u00e9lectionneur national Kais Ya\u00e2koubi devrait proc\u00e9der \u00e0 quelques changements au sein de la formation tunisienne dans le cadre du match de formalit\u00e9 qui doit avoir lieu ce soir entre la Tunisie et la Gambie, comptant pour la 6\u00e8me et derni\u00e8re journ\u00e9e des \u00e9liminatoires de la CAN 2025.<\/p>\n<p>\t\t\t\t\t\t\t\t\tLa Tunisie ayant d\u00e9j\u00e0 valid\u00e9 son billet pour la CAN 2025, elle affronte ce soir \u00e0 20h00 au stade Hamadi Agrebi de Rades, la Gambie, d\u00e9j\u00e0 \u00e9limin\u00e9e. Dans ce match sans pression et sans enjeu si ce n\u2019est la 1\u00e8re place du groupe A qu\u2019occupe d\u00e9j\u00e0 la Tunisie, le s\u00e9lectionneur national Kais Ya\u00e2koubi compte apporter des changements au onze de d\u00e9part.<\/p>\n<p>Formation probable : Aymen Dahm\u00e8ne, Mahmoud Ghorbel, Ala Ghram, Yassine Meriah ou Hamza Mathlouthi, Ali Abdi, Idriss Mizouni, Aissa La\u00efdouni, Mohamed Ali Ben Romdhane, Omar Layouni, Saifallah Leta\u00efef et Hazem Mastouri.<\/p>\n","protected":false},"excerpt":{"rendered":"<p>Le s\u00e9lectionneur national Kais Ya\u00e2koubi devrait proc\u00e9der \u00e0 quelques changements au sein de la formation tunisienne dans le cadre du match de formalit\u00e9 qui doit&#8230;<\/p>\n","protected":false},"author":3162,"featured_media":244012,"comment_status":"open","ping_status":"open","sticky":false,"template":"","format":"standard","meta":{"footnotes":""},"categories":[2593],"tags":[3957,3520,4866,5056,2608],"class_list":["post-217650","post","type-post","status-publish","format-standard","has-post-thumbnail","hentry","category-sport","tag-can-2025","tag-eliminatoires","tag-formation","tag-gambie","tag-tunisie"],"yoast_head":"<!-- This site is optimized with the Yoast SEO Premium plugin v27.4 (Yoast SEO v27.5) - https:\/\/yoast.com\/product\/yoast-seo-premium-wordpress\/ -->\n<title>Eliminatoires CAN 2025 : Formation probable de la Tunisie face \u00e0 la Gambie<\/title>\n<meta name=\"description\" content=\"Le s\u00e9lectionneur national Kais Ya\u00e2koubi devrait proc\u00e9der \u00e0 quelques changements au sein de la formation tunisienne dans le cadre du match de formalit\u00e9 qui doit...\" \/>\n<link rel=\"canonical\" href=\"https:\/\/www.webdo.tn\/fr\/actualite\/sport\/eliminatoires-can-2025-formation-probable-de-la-tunisie-face-a-la-gambie\/217650\/\" \/>\n<meta property=\"og:locale\" content=\"fr_FR\" \/>\n<meta property=\"og:type\" content=\"article\" \/>\n<meta property=\"og:title\" content=\"Eliminatoires CAN 2025 : Formation probable de la Tunisie face \u00e0 la Gambie\" \/>\n<meta property=\"og:description\" content=\"Le s\u00e9lectionneur national Kais Ya\u00e2koubi devrait proc\u00e9der \u00e0 quelques changements au sein de la formation tunisienne dans le cadre du match de formalit\u00e9 qui doit...\" \/>\n<meta property=\"og:url\" content=\"https:\/\/www.webdo.tn\/fr\/actualite\/sport\/eliminatoires-can-2025-formation-probable-de-la-tunisie-face-a-la-gambie\/217650\/\" \/>\n<meta property=\"og:site_name\" content=\"webdo\" \/>\n<meta property=\"article:publisher\" content=\"https:\/\/www.facebook.com\/webdotn\" \/>\n<meta property=\"article:published_time\" content=\"2024-11-18T09:22:00+00:00\" \/>\n<meta property=\"article:modified_time\" content=\"2025-05-20T21:46:45+00:00\" \/>\n<meta property=\"og:image\" content=\"https:\/\/www.webdo.tn\/fr\/wp-content\/uploads\/2025\/05\/1679a916ca77e96783e0509573d6c062-1.webp\" \/>\n\t<meta property=\"og:image:width\" content=\"750\" \/>\n\t<meta property=\"og:image:height\" content=\"400\" \/>\n\t<meta property=\"og:image:type\" content=\"image\/webp\" \/>\n<meta name=\"author\" content=\"MC\" \/>\n<meta name=\"twitter:card\" content=\"summary_large_image\" \/>\n<meta name=\"twitter:creator\" content=\"@webdo_tn\" \/>\n<meta name=\"twitter:site\" content=\"@webdo_tn\" \/>\n<meta name=\"twitter:label1\" content=\"\u00c9crit par\" \/>\n\t<meta name=\"twitter:data1\" content=\"MC\" \/>\n\t<meta name=\"twitter:label2\" content=\"Dur\u00e9e de lecture estim\u00e9e\" \/>\n\t<meta name=\"twitter:data2\" content=\"1 minute\" \/>\n<script type=\"application\/ld+json\" class=\"yoast-schema-graph\">{\"@context\":\"https:\\\/\\\/schema.org\",\"@graph\":[{\"@type\":\"NewsArticle\",\"@id\":\"https:\\\/\\\/www.webdo.tn\\\/fr\\\/actualite\\\/sport\\\/eliminatoires-can-2025-formation-probable-de-la-tunisie-face-a-la-gambie\\\/217650\\\/#article\",\"isPartOf\":{\"@id\":\"https:\\\/\\\/www.webdo.tn\\\/fr\\\/actualite\\\/sport\\\/eliminatoires-can-2025-formation-probable-de-la-tunisie-face-a-la-gambie\\\/217650\\\/\"},\"author\":{\"name\":\"MC\",\"@id\":\"https:\\\/\\\/www.webdo.tn\\\/fr\\\/#\\\/schema\\\/person\\\/2c4929cbf5a809e3bd38617c6ce150f6\"},\"headline\":\"Eliminatoires CAN 2025 : Formation probable de la Tunisie face \u00e0 la Gambie\",\"datePublished\":\"2024-11-18T09:22:00+00:00\",\"dateModified\":\"2025-05-20T21:46:45+00:00\",\"mainEntityOfPage\":{\"@id\":\"https:\\\/\\\/www.webdo.tn\\\/fr\\\/actualite\\\/sport\\\/eliminatoires-can-2025-formation-probable-de-la-tunisie-face-a-la-gambie\\\/217650\\\/\"},\"wordCount\":162,\"commentCount\":0,\"publisher\":{\"@id\":\"https:\\\/\\\/www.webdo.tn\\\/fr\\\/#organization\"},\"image\":{\"@id\":\"https:\\\/\\\/www.webdo.tn\\\/fr\\\/actualite\\\/sport\\\/eliminatoires-can-2025-formation-probable-de-la-tunisie-face-a-la-gambie\\\/217650\\\/#primaryimage\"},\"thumbnailUrl\":\"https:\\\/\\\/www.webdo.tn\\\/fr\\\/wp-content\\\/uploads\\\/2025\\\/05\\\/1679a916ca77e96783e0509573d6c062-1.webp\",\"keywords\":[\"CAN 2025\",\"\u00e9liminatoires\",\"formation\",\"Gambie\",\"Tunisie\"],\"articleSection\":[\"Sport\"],\"inLanguage\":\"fr-FR\"},{\"@type\":\"WebPage\",\"@id\":\"https:\\\/\\\/www.webdo.tn\\\/fr\\\/actualite\\\/sport\\\/eliminatoires-can-2025-formation-probable-de-la-tunisie-face-a-la-gambie\\\/217650\\\/\",\"url\":\"https:\\\/\\\/www.webdo.tn\\\/fr\\\/actualite\\\/sport\\\/eliminatoires-can-2025-formation-probable-de-la-tunisie-face-a-la-gambie\\\/217650\\\/\",\"name\":\"Eliminatoires CAN 2025 : Formation probable de la Tunisie face \u00e0 la Gambie\",\"isPartOf\":{\"@id\":\"https:\\\/\\\/www.webdo.tn\\\/fr\\\/#website\"},\"primaryImageOfPage\":{\"@id\":\"https:\\\/\\\/www.webdo.tn\\\/fr\\\/actualite\\\/sport\\\/eliminatoires-can-2025-formation-probable-de-la-tunisie-face-a-la-gambie\\\/217650\\\/#primaryimage\"},\"image\":{\"@id\":\"https:\\\/\\\/www.webdo.tn\\\/fr\\\/actualite\\\/sport\\\/eliminatoires-can-2025-formation-probable-de-la-tunisie-face-a-la-gambie\\\/217650\\\/#primaryimage\"},\"thumbnailUrl\":\"https:\\\/\\\/www.webdo.tn\\\/fr\\\/wp-content\\\/uploads\\\/2025\\\/05\\\/1679a916ca77e96783e0509573d6c062-1.webp\",\"datePublished\":\"2024-11-18T09:22:00+00:00\",\"dateModified\":\"2025-05-20T21:46:45+00:00\",\"description\":\"Le s\u00e9lectionneur national Kais Ya\u00e2koubi devrait proc\u00e9der \u00e0 quelques changements au sein de la formation tunisienne dans le cadre du match de formalit\u00e9 qui doit...\",\"breadcrumb\":{\"@id\":\"https:\\\/\\\/www.webdo.tn\\\/fr\\\/actualite\\\/sport\\\/eliminatoires-can-2025-formation-probable-de-la-tunisie-face-a-la-gambie\\\/217650\\\/#breadcrumb\"},\"inLanguage\":\"fr-FR\",\"potentialAction\":[{\"@type\":\"ReadAction\",\"target\":[\"https:\\\/\\\/www.webdo.tn\\\/fr\\\/actualite\\\/sport\\\/eliminatoires-can-2025-formation-probable-de-la-tunisie-face-a-la-gambie\\\/217650\\\/\"]}]},{\"@type\":\"ImageObject\",\"inLanguage\":\"fr-FR\",\"@id\":\"https:\\\/\\\/www.webdo.tn\\\/fr\\\/actualite\\\/sport\\\/eliminatoires-can-2025-formation-probable-de-la-tunisie-face-a-la-gambie\\\/217650\\\/#primaryimage\",\"url\":\"https:\\\/\\\/www.webdo.tn\\\/fr\\\/wp-content\\\/uploads\\\/2025\\\/05\\\/1679a916ca77e96783e0509573d6c062-1.webp\",\"contentUrl\":\"https:\\\/\\\/www.webdo.tn\\\/fr\\\/wp-content\\\/uploads\\\/2025\\\/05\\\/1679a916ca77e96783e0509573d6c062-1.webp\",\"width\":750,\"height\":400},{\"@type\":\"BreadcrumbList\",\"@id\":\"https:\\\/\\\/www.webdo.tn\\\/fr\\\/actualite\\\/sport\\\/eliminatoires-can-2025-formation-probable-de-la-tunisie-face-a-la-gambie\\\/217650\\\/#breadcrumb\",\"itemListElement\":[{\"@type\":\"ListItem\",\"position\":1,\"name\":\"Accueil\",\"item\":\"https:\\\/\\\/www.webdo.tn\\\/fr\\\/\"},{\"@type\":\"ListItem\",\"position\":2,\"name\":\"Eliminatoires CAN 2025 : Formation probable de la Tunisie face \u00e0 la Gambie\"}]},{\"@type\":\"WebSite\",\"@id\":\"https:\\\/\\\/www.webdo.tn\\\/fr\\\/#website\",\"url\":\"https:\\\/\\\/www.webdo.tn\\\/fr\\\/\",\"name\":\"webdo\",\"description\":\"Tunisie - News en Tunisie et \u00e0 l&#039;international sur Webdo.tn\",\"publisher\":{\"@id\":\"https:\\\/\\\/www.webdo.tn\\\/fr\\\/#organization\"},\"potentialAction\":[{\"@type\":\"SearchAction\",\"target\":{\"@type\":\"EntryPoint\",\"urlTemplate\":\"https:\\\/\\\/www.webdo.tn\\\/fr\\\/?s={search_term_string}\"},\"query-input\":{\"@type\":\"PropertyValueSpecification\",\"valueRequired\":true,\"valueName\":\"search_term_string\"}}],\"inLanguage\":\"fr-FR\"},{\"@type\":\"Organization\",\"@id\":\"https:\\\/\\\/www.webdo.tn\\\/fr\\\/#organization\",\"name\":\"Webdo\",\"alternateName\":\"Webdo.tn\",\"url\":\"https:\\\/\\\/www.webdo.tn\\\/fr\\\/\",\"logo\":{\"@type\":\"ImageObject\",\"inLanguage\":\"fr-FR\",\"@id\":\"https:\\\/\\\/www.webdo.tn\\\/fr\\\/#\\\/schema\\\/logo\\\/image\\\/\",\"url\":\"https:\\\/\\\/www.webdo.tn\\\/fr\\\/wp-content\\\/uploads\\\/2025\\\/06\\\/Webdo-Tunisie_168377.jpg\",\"contentUrl\":\"https:\\\/\\\/www.webdo.tn\\\/fr\\\/wp-content\\\/uploads\\\/2025\\\/06\\\/Webdo-Tunisie_168377.jpg\",\"width\":301,\"height\":301,\"caption\":\"Webdo\"},\"image\":{\"@id\":\"https:\\\/\\\/www.webdo.tn\\\/fr\\\/#\\\/schema\\\/logo\\\/image\\\/\"},\"sameAs\":[\"https:\\\/\\\/www.facebook.com\\\/webdotn\",\"https:\\\/\\\/x.com\\\/webdo_tn\"],\"description\":\"Webdo est un m\u00e9dia num\u00e9rique tunisien fond\u00e9 en 2010, sp\u00e9cialis\u00e9 dans l\u2019actualit\u00e9 nationale et internationale, l\u2019\u00e9conomie, la soci\u00e9t\u00e9 et les analyses politiques. Le site s\u2019adresse \u00e0 un large public francophone et couvre l\u2019information tunisienne en temps r\u00e9el.\",\"email\":\"redac@webdo.tn\",\"legalName\":\"YNJ SARL\",\"foundingDate\":\"2010-09-06\",\"numberOfEmployees\":{\"@type\":\"QuantitativeValue\",\"minValue\":\"11\",\"maxValue\":\"50\"}},{\"@type\":\"Person\",\"@id\":\"https:\\\/\\\/www.webdo.tn\\\/fr\\\/#\\\/schema\\\/person\\\/2c4929cbf5a809e3bd38617c6ce150f6\",\"name\":\"MC\",\"image\":{\"@type\":\"ImageObject\",\"inLanguage\":\"fr-FR\",\"@id\":\"https:\\\/\\\/secure.gravatar.com\\\/avatar\\\/a545bbb6f84efdd5553dbbc2895e3ca8f1d12c5215e00a041c9670b54aa9b18a?s=96&d=mm&r=g\",\"url\":\"https:\\\/\\\/secure.gravatar.com\\\/avatar\\\/a545bbb6f84efdd5553dbbc2895e3ca8f1d12c5215e00a041c9670b54aa9b18a?s=96&d=mm&r=g\",\"contentUrl\":\"https:\\\/\\\/secure.gravatar.com\\\/avatar\\\/a545bbb6f84efdd5553dbbc2895e3ca8f1d12c5215e00a041c9670b54aa9b18a?s=96&d=mm&r=g\",\"caption\":\"MC\"},\"url\":\"https:\\\/\\\/www.webdo.tn\\\/fr\\\/actualite\\\/author\\\/mc\\\/\"}]}<\/script>\n<!-- \/ Yoast SEO Premium plugin. -->","yoast_head_json":{"title":"Eliminatoires CAN 2025 : Formation probable de la Tunisie face \u00e0 la Gambie","description":"Le s\u00e9lectionneur national Kais Ya\u00e2koubi devrait proc\u00e9der \u00e0 quelques changements au sein de la formation tunisienne dans le cadre du match de formalit\u00e9 qui doit...","canonical":"https:\/\/www.webdo.tn\/fr\/actualite\/sport\/eliminatoires-can-2025-formation-probable-de-la-tunisie-face-a-la-gambie\/217650\/","og_locale":"fr_FR","og_type":"article","og_title":"Eliminatoires CAN 2025 : Formation probable de la Tunisie face \u00e0 la Gambie","og_description":"Le s\u00e9lectionneur national Kais Ya\u00e2koubi devrait proc\u00e9der \u00e0 quelques changements au sein de la formation tunisienne dans le cadre du match de formalit\u00e9 qui doit...","og_url":"https:\/\/www.webdo.tn\/fr\/actualite\/sport\/eliminatoires-can-2025-formation-probable-de-la-tunisie-face-a-la-gambie\/217650\/","og_site_name":"webdo","article_publisher":"https:\/\/www.facebook.com\/webdotn","article_published_time":"2024-11-18T09:22:00+00:00","article_modified_time":"2025-05-20T21:46:45+00:00","og_image":[{"width":750,"height":400,"url":"https:\/\/www.webdo.tn\/fr\/wp-content\/uploads\/2025\/05\/1679a916ca77e96783e0509573d6c062-1.webp","type":"image\/webp"}],"author":"MC","twitter_card":"summary_large_image","twitter_creator":"@webdo_tn","twitter_site":"@webdo_tn","twitter_misc":{"\u00c9crit par":"MC","Dur\u00e9e de lecture estim\u00e9e":"1 minute"},"schema":{"@context":"https:\/\/schema.org","@graph":[{"@type":"NewsArticle","@id":"https:\/\/www.webdo.tn\/fr\/actualite\/sport\/eliminatoires-can-2025-formation-probable-de-la-tunisie-face-a-la-gambie\/217650\/#article","isPartOf":{"@id":"https:\/\/www.webdo.tn\/fr\/actualite\/sport\/eliminatoires-can-2025-formation-probable-de-la-tunisie-face-a-la-gambie\/217650\/"},"author":{"name":"MC","@id":"https:\/\/www.webdo.tn\/fr\/#\/schema\/person\/2c4929cbf5a809e3bd38617c6ce150f6"},"headline":"Eliminatoires CAN 2025 : Formation probable de la Tunisie face \u00e0 la Gambie","datePublished":"2024-11-18T09:22:00+00:00","dateModified":"2025-05-20T21:46:45+00:00","mainEntityOfPage":{"@id":"https:\/\/www.webdo.tn\/fr\/actualite\/sport\/eliminatoires-can-2025-formation-probable-de-la-tunisie-face-a-la-gambie\/217650\/"},"wordCount":162,"commentCount":0,"publisher":{"@id":"https:\/\/www.webdo.tn\/fr\/#organization"},"image":{"@id":"https:\/\/www.webdo.tn\/fr\/actualite\/sport\/eliminatoires-can-2025-formation-probable-de-la-tunisie-face-a-la-gambie\/217650\/#primaryimage"},"thumbnailUrl":"https:\/\/www.webdo.tn\/fr\/wp-content\/uploads\/2025\/05\/1679a916ca77e96783e0509573d6c062-1.webp","keywords":["CAN 2025","\u00e9liminatoires","formation","Gambie","Tunisie"],"articleSection":["Sport"],"inLanguage":"fr-FR"},{"@type":"WebPage","@id":"https:\/\/www.webdo.tn\/fr\/actualite\/sport\/eliminatoires-can-2025-formation-probable-de-la-tunisie-face-a-la-gambie\/217650\/","url":"https:\/\/www.webdo.tn\/fr\/actualite\/sport\/eliminatoires-can-2025-formation-probable-de-la-tunisie-face-a-la-gambie\/217650\/","name":"Eliminatoires CAN 2025 : Formation probable de la Tunisie face \u00e0 la Gambie","isPartOf":{"@id":"https:\/\/www.webdo.tn\/fr\/#website"},"primaryImageOfPage":{"@id":"https:\/\/www.webdo.tn\/fr\/actualite\/sport\/eliminatoires-can-2025-formation-probable-de-la-tunisie-face-a-la-gambie\/217650\/#primaryimage"},"image":{"@id":"https:\/\/www.webdo.tn\/fr\/actualite\/sport\/eliminatoires-can-2025-formation-probable-de-la-tunisie-face-a-la-gambie\/217650\/#primaryimage"},"thumbnailUrl":"https:\/\/www.webdo.tn\/fr\/wp-content\/uploads\/2025\/05\/1679a916ca77e96783e0509573d6c062-1.webp","datePublished":"2024-11-18T09:22:00+00:00","dateModified":"2025-05-20T21:46:45+00:00","description":"Le s\u00e9lectionneur national Kais Ya\u00e2koubi devrait proc\u00e9der \u00e0 quelques changements au sein de la formation tunisienne dans le cadre du match de formalit\u00e9 qui doit...","breadcrumb":{"@id":"https:\/\/www.webdo.tn\/fr\/actualite\/sport\/eliminatoires-can-2025-formation-probable-de-la-tunisie-face-a-la-gambie\/217650\/#breadcrumb"},"inLanguage":"fr-FR","potentialAction":[{"@type":"ReadAction","target":["https:\/\/www.webdo.tn\/fr\/actualite\/sport\/eliminatoires-can-2025-formation-probable-de-la-tunisie-face-a-la-gambie\/217650\/"]}]},{"@type":"ImageObject","inLanguage":"fr-FR","@id":"https:\/\/www.webdo.tn\/fr\/actualite\/sport\/eliminatoires-can-2025-formation-probable-de-la-tunisie-face-a-la-gambie\/217650\/#primaryimage","url":"https:\/\/www.webdo.tn\/fr\/wp-content\/uploads\/2025\/05\/1679a916ca77e96783e0509573d6c062-1.webp","contentUrl":"https:\/\/www.webdo.tn\/fr\/wp-content\/uploads\/2025\/05\/1679a916ca77e96783e0509573d6c062-1.webp","width":750,"height":400},{"@type":"BreadcrumbList","@id":"https:\/\/www.webdo.tn\/fr\/actualite\/sport\/eliminatoires-can-2025-formation-probable-de-la-tunisie-face-a-la-gambie\/217650\/#breadcrumb","itemListElement":[{"@type":"ListItem","position":1,"name":"Accueil","item":"https:\/\/www.webdo.tn\/fr\/"},{"@type":"ListItem","position":2,"name":"Eliminatoires CAN 2025 : Formation probable de la Tunisie face \u00e0 la Gambie"}]},{"@type":"WebSite","@id":"https:\/\/www.webdo.tn\/fr\/#website","url":"https:\/\/www.webdo.tn\/fr\/","name":"webdo","description":"Tunisie - News en Tunisie et \u00e0 l&#039;international sur Webdo.tn","publisher":{"@id":"https:\/\/www.webdo.tn\/fr\/#organization"},"potentialAction":[{"@type":"SearchAction","target":{"@type":"EntryPoint","urlTemplate":"https:\/\/www.webdo.tn\/fr\/?s={search_term_string}"},"query-input":{"@type":"PropertyValueSpecification","valueRequired":true,"valueName":"search_term_string"}}],"inLanguage":"fr-FR"},{"@type":"Organization","@id":"https:\/\/www.webdo.tn\/fr\/#organization","name":"Webdo","alternateName":"Webdo.tn","url":"https:\/\/www.webdo.tn\/fr\/","logo":{"@type":"ImageObject","inLanguage":"fr-FR","@id":"https:\/\/www.webdo.tn\/fr\/#\/schema\/logo\/image\/","url":"https:\/\/www.webdo.tn\/fr\/wp-content\/uploads\/2025\/06\/Webdo-Tunisie_168377.jpg","contentUrl":"https:\/\/www.webdo.tn\/fr\/wp-content\/uploads\/2025\/06\/Webdo-Tunisie_168377.jpg","width":301,"height":301,"caption":"Webdo"},"image":{"@id":"https:\/\/www.webdo.tn\/fr\/#\/schema\/logo\/image\/"},"sameAs":["https:\/\/www.facebook.com\/webdotn","https:\/\/x.com\/webdo_tn"],"description":"Webdo est un m\u00e9dia num\u00e9rique tunisien fond\u00e9 en 2010, sp\u00e9cialis\u00e9 dans l\u2019actualit\u00e9 nationale et internationale, l\u2019\u00e9conomie, la soci\u00e9t\u00e9 et les analyses politiques. Le site s\u2019adresse \u00e0 un large public francophone et couvre l\u2019information tunisienne en temps r\u00e9el.","email":"redac@webdo.tn","legalName":"YNJ SARL","foundingDate":"2010-09-06","numberOfEmployees":{"@type":"QuantitativeValue","minValue":"11","maxValue":"50"}},{"@type":"Person","@id":"https:\/\/www.webdo.tn\/fr\/#\/schema\/person\/2c4929cbf5a809e3bd38617c6ce150f6","name":"MC","image":{"@type":"ImageObject","inLanguage":"fr-FR","@id":"https:\/\/secure.gravatar.com\/avatar\/a545bbb6f84efdd5553dbbc2895e3ca8f1d12c5215e00a041c9670b54aa9b18a?s=96&d=mm&r=g","url":"https:\/\/secure.gravatar.com\/avatar\/a545bbb6f84efdd5553dbbc2895e3ca8f1d12c5215e00a041c9670b54aa9b18a?s=96&d=mm&r=g","contentUrl":"https:\/\/secure.gravatar.com\/avatar\/a545bbb6f84efdd5553dbbc2895e3ca8f1d12c5215e00a041c9670b54aa9b18a?s=96&d=mm&r=g","caption":"MC"},"url":"https:\/\/www.webdo.tn\/fr\/actualite\/author\/mc\/"}]}},"_links":{"self":[{"href":"https:\/\/www.webdo.tn\/fr\/wp-json\/wp\/v2\/posts\/217650","targetHints":{"allow":["GET"]}}],"collection":[{"href":"https:\/\/www.webdo.tn\/fr\/wp-json\/wp\/v2\/posts"}],"about":[{"href":"https:\/\/www.webdo.tn\/fr\/wp-json\/wp\/v2\/types\/post"}],"author":[{"embeddable":true,"href":"https:\/\/www.webdo.tn\/fr\/wp-json\/wp\/v2\/users\/3162"}],"replies":[{"embeddable":true,"href":"https:\/\/www.webdo.tn\/fr\/wp-json\/wp\/v2\/comments?post=217650"}],"version-history":[{"count":0,"href":"https:\/\/www.webdo.tn\/fr\/wp-json\/wp\/v2\/posts\/217650\/revisions"}],"wp:featuredmedia":[{"embeddable":true,"href":"https:\/\/www.webdo.tn\/fr\/wp-json\/wp\/v2\/media\/244012"}],"wp:attachment":[{"href":"https:\/\/www.webdo.tn\/fr\/wp-json\/wp\/v2\/media?parent=217650"}],"wp:term":[{"taxonomy":"category","embeddable":true,"href":"https:\/\/www.webdo.tn\/fr\/wp-json\/wp\/v2\/categories?post=217650"},{"taxonomy":"post_tag","embeddable":true,"href":"https:\/\/www.webdo.tn\/fr\/wp-json\/wp\/v2\/tags?post=217650"}],"curies":[{"name":"wp","href":"https:\/\/api.w.org\/{rel}","templated":true}]}}