{"id":217649,"date":"2024-11-18T09:07:00","date_gmt":"2024-11-18T09:07:00","guid":{"rendered":"https:\/\/www.webdo.tn\/fr\/blog\/2024\/11\/18\/rfr-tout-savoir-sur-la-ligne-d-bientot-mise-en-exploitation\/"},"modified":"2025-05-20T22:21:33","modified_gmt":"2025-05-20T22:21:33","slug":"rfr-tout-savoir-sur-la-ligne-d-bientot-mise-en-exploitation","status":"publish","type":"post","link":"https:\/\/www.webdo.tn\/fr\/actualite\/national\/rfr-tout-savoir-sur-la-ligne-d-bientot-mise-en-exploitation\/217649\/","title":{"rendered":"Tunisie &#8211; RFR : Tout savoir sur la ligne D, bient\u00f4t mise en exploitation"},"content":{"rendered":"<p>Le ministre des Transports, Rachid Amri, a annonc\u00e9 lors de la session pl\u00e9ni\u00e8re commune consacr\u00e9e \u00e0 la discussion du budget du minist\u00e8re pour l&rsquo;ann\u00e9e 2025, qu\u2019un travail intensif est en cours pour finaliser les essais requis en vue de l\u2019exploitation progressive de la ligne D du r\u00e9seau ferroviaire rapide reliant Tunis \u00e0 Gob\u00e2a via Bardo, afin de mettre cette ligne en service avant la fin de l\u2019ann\u00e9e en cours.<\/p>\n<p>Le ministre a d\u00e9clar\u00e9 que cette ligne assurera quotidiennement le transport d\u2019au moins 20 000 passagers dans une premi\u00e8re phase, ce qui \u00e9quivaut \u00e0 la capacit\u00e9 de 50 bus ou 600 voitures particuli\u00e8res.<\/p>\n<p>Pour m\u00e9moire, les travaux de r\u00e9alisation de cette ligne D ont \u00e9t\u00e9 bloqu\u00e9s depuis des ann\u00e9es \u00e0 cause des diff\u00e9rends avec la municipalit\u00e9 du Bardo, concernant le passage de la ligne de RFR au niveau de la place du Bardo.\u00a0<\/p>\n<p>Cette ligne devra desservir les stations : Saida Mannoubia, Mellassine, Erraoudha, Bardo, Bortal, Manouba, Les Orangers et Goba\u00e2. Le trajet entre les deux terminus ne prendre que 15 \u00e0 20 minutes.\u00a0<\/p>\n<p>Chouba a indiqu\u00e9 que la ligne Barcelone \u2013 Gob\u00e2a contribuera de mani\u00e8re significative \u00e0 att\u00e9nuer la congestion routi\u00e8re, en particulier au niveau de la Route X.<\/p>\n<p>Rappelons que l\u2019ancien ministre des Transports avait annonc\u00e9 que la mise en service de cette ligne se fera progressivement, durant le mois de septembre 2024.<\/p>\n<p>Cette ligne a \u00e9t\u00e9 bloqu\u00e9e, en effet, depuis des ann\u00e9es \u00e0 cause des diff\u00e9rends avec la municipalit\u00e9 du Bardo, concernant le passage de la ligne de RFR de la place du Bardo.<\/p>\n<p>Le Tribunal administratif a annul\u00e9, le 9 f\u00e9vrier 2024, la d\u00e9cision du conseil municipal du Bardo n\u00b0 5815, relative \u00e0 la suspension des travaux au niveau de la r\u00e9gion du Bardo.<\/p>\n","protected":false},"excerpt":{"rendered":"<p>Le ministre a d\u00e9clar\u00e9 que cette ligne assurera quotidiennement le transport d\u2019au moins 20 000 passagers dans une premi\u00e8re phase, ce qui \u00e9quivaut \u00e0 la capacit\u00e9 d&#8230;<\/p>\n","protected":false},"author":3163,"featured_media":244018,"comment_status":"open","ping_status":"open","sticky":false,"template":"","format":"standard","meta":{"footnotes":""},"categories":[44],"tags":[5062,3285,4161,2608],"class_list":["post-217649","post","type-post","status-publish","format-standard","has-post-thumbnail","hentry","category-national","tag-ligne-d","tag-rfr","tag-train","tag-tunisie"],"yoast_head":"<!-- This site is optimized with the Yoast SEO Premium plugin v27.4 (Yoast SEO v27.5) - https:\/\/yoast.com\/product\/yoast-seo-premium-wordpress\/ -->\n<title>Tunisie - RFR : Tout savoir sur la ligne D, bient\u00f4t mise en exploitation<\/title>\n<meta name=\"description\" content=\"Le ministre a d\u00e9clar\u00e9 que cette ligne assurera quotidiennement le transport d\u2019au moins 20 000 passagers dans une premi\u00e8re phase, ce qui \u00e9quivaut \u00e0 la capacit\u00e9 d...\" \/>\n<link rel=\"canonical\" href=\"https:\/\/www.webdo.tn\/fr\/actualite\/national\/rfr-tout-savoir-sur-la-ligne-d-bientot-mise-en-exploitation\/217649\/\" \/>\n<meta property=\"og:locale\" content=\"fr_FR\" \/>\n<meta property=\"og:type\" content=\"article\" \/>\n<meta property=\"og:title\" content=\"Tunisie - RFR : Tout savoir sur la ligne D, bient\u00f4t mise en exploitation\" \/>\n<meta property=\"og:description\" content=\"Le ministre a d\u00e9clar\u00e9 que cette ligne assurera quotidiennement le transport d\u2019au moins 20 000 passagers dans une premi\u00e8re phase, ce qui \u00e9quivaut \u00e0 la capacit\u00e9 d...\" \/>\n<meta property=\"og:url\" content=\"https:\/\/www.webdo.tn\/fr\/actualite\/national\/rfr-tout-savoir-sur-la-ligne-d-bientot-mise-en-exploitation\/217649\/\" \/>\n<meta property=\"og:site_name\" content=\"webdo\" \/>\n<meta property=\"article:publisher\" content=\"https:\/\/www.facebook.com\/webdotn\" \/>\n<meta property=\"article:published_time\" content=\"2024-11-18T09:07:00+00:00\" \/>\n<meta property=\"article:modified_time\" content=\"2025-05-20T22:21:33+00:00\" \/>\n<meta property=\"og:image\" content=\"https:\/\/www.webdo.tn\/fr\/wp-content\/uploads\/2025\/05\/0d41907ee455f833bfde5ffd66a27af3-1.webp\" \/>\n\t<meta property=\"og:image:width\" content=\"750\" \/>\n\t<meta property=\"og:image:height\" content=\"400\" \/>\n\t<meta property=\"og:image:type\" content=\"image\/webp\" \/>\n<meta name=\"author\" content=\"KJ\" \/>\n<meta name=\"twitter:card\" content=\"summary_large_image\" \/>\n<meta name=\"twitter:creator\" content=\"@webdo_tn\" \/>\n<meta name=\"twitter:site\" content=\"@webdo_tn\" \/>\n<meta name=\"twitter:label1\" content=\"\u00c9crit par\" \/>\n\t<meta name=\"twitter:data1\" content=\"KJ\" \/>\n\t<meta name=\"twitter:label2\" content=\"Dur\u00e9e de lecture estim\u00e9e\" \/>\n\t<meta name=\"twitter:data2\" content=\"1 minute\" \/>\n<script type=\"application\/ld+json\" class=\"yoast-schema-graph\">{\"@context\":\"https:\\\/\\\/schema.org\",\"@graph\":[{\"@type\":\"NewsArticle\",\"@id\":\"https:\\\/\\\/www.webdo.tn\\\/fr\\\/actualite\\\/national\\\/rfr-tout-savoir-sur-la-ligne-d-bientot-mise-en-exploitation\\\/217649\\\/#article\",\"isPartOf\":{\"@id\":\"https:\\\/\\\/www.webdo.tn\\\/fr\\\/actualite\\\/national\\\/rfr-tout-savoir-sur-la-ligne-d-bientot-mise-en-exploitation\\\/217649\\\/\"},\"author\":{\"name\":\"KJ\",\"@id\":\"https:\\\/\\\/www.webdo.tn\\\/fr\\\/#\\\/schema\\\/person\\\/82ca085b22037d285e1a3c4b65ba5f71\"},\"headline\":\"Tunisie &#8211; RFR : Tout savoir sur la ligne D, bient\u00f4t mise en exploitation\",\"datePublished\":\"2024-11-18T09:07:00+00:00\",\"dateModified\":\"2025-05-20T22:21:33+00:00\",\"mainEntityOfPage\":{\"@id\":\"https:\\\/\\\/www.webdo.tn\\\/fr\\\/actualite\\\/national\\\/rfr-tout-savoir-sur-la-ligne-d-bientot-mise-en-exploitation\\\/217649\\\/\"},\"wordCount\":312,\"commentCount\":0,\"publisher\":{\"@id\":\"https:\\\/\\\/www.webdo.tn\\\/fr\\\/#organization\"},\"image\":{\"@id\":\"https:\\\/\\\/www.webdo.tn\\\/fr\\\/actualite\\\/national\\\/rfr-tout-savoir-sur-la-ligne-d-bientot-mise-en-exploitation\\\/217649\\\/#primaryimage\"},\"thumbnailUrl\":\"https:\\\/\\\/www.webdo.tn\\\/fr\\\/wp-content\\\/uploads\\\/2025\\\/05\\\/0d41907ee455f833bfde5ffd66a27af3-1.webp\",\"keywords\":[\"Ligne D\",\"RFR\",\"Train\",\"Tunisie\"],\"articleSection\":[\"National\"],\"inLanguage\":\"fr-FR\"},{\"@type\":\"WebPage\",\"@id\":\"https:\\\/\\\/www.webdo.tn\\\/fr\\\/actualite\\\/national\\\/rfr-tout-savoir-sur-la-ligne-d-bientot-mise-en-exploitation\\\/217649\\\/\",\"url\":\"https:\\\/\\\/www.webdo.tn\\\/fr\\\/actualite\\\/national\\\/rfr-tout-savoir-sur-la-ligne-d-bientot-mise-en-exploitation\\\/217649\\\/\",\"name\":\"Tunisie - RFR : Tout savoir sur la ligne D, bient\u00f4t mise en exploitation\",\"isPartOf\":{\"@id\":\"https:\\\/\\\/www.webdo.tn\\\/fr\\\/#website\"},\"primaryImageOfPage\":{\"@id\":\"https:\\\/\\\/www.webdo.tn\\\/fr\\\/actualite\\\/national\\\/rfr-tout-savoir-sur-la-ligne-d-bientot-mise-en-exploitation\\\/217649\\\/#primaryimage\"},\"image\":{\"@id\":\"https:\\\/\\\/www.webdo.tn\\\/fr\\\/actualite\\\/national\\\/rfr-tout-savoir-sur-la-ligne-d-bientot-mise-en-exploitation\\\/217649\\\/#primaryimage\"},\"thumbnailUrl\":\"https:\\\/\\\/www.webdo.tn\\\/fr\\\/wp-content\\\/uploads\\\/2025\\\/05\\\/0d41907ee455f833bfde5ffd66a27af3-1.webp\",\"datePublished\":\"2024-11-18T09:07:00+00:00\",\"dateModified\":\"2025-05-20T22:21:33+00:00\",\"description\":\"Le ministre a d\u00e9clar\u00e9 que cette ligne assurera quotidiennement le transport d\u2019au moins 20 000 passagers dans une premi\u00e8re phase, ce qui \u00e9quivaut \u00e0 la capacit\u00e9 d...\",\"breadcrumb\":{\"@id\":\"https:\\\/\\\/www.webdo.tn\\\/fr\\\/actualite\\\/national\\\/rfr-tout-savoir-sur-la-ligne-d-bientot-mise-en-exploitation\\\/217649\\\/#breadcrumb\"},\"inLanguage\":\"fr-FR\",\"potentialAction\":[{\"@type\":\"ReadAction\",\"target\":[\"https:\\\/\\\/www.webdo.tn\\\/fr\\\/actualite\\\/national\\\/rfr-tout-savoir-sur-la-ligne-d-bientot-mise-en-exploitation\\\/217649\\\/\"]}]},{\"@type\":\"ImageObject\",\"inLanguage\":\"fr-FR\",\"@id\":\"https:\\\/\\\/www.webdo.tn\\\/fr\\\/actualite\\\/national\\\/rfr-tout-savoir-sur-la-ligne-d-bientot-mise-en-exploitation\\\/217649\\\/#primaryimage\",\"url\":\"https:\\\/\\\/www.webdo.tn\\\/fr\\\/wp-content\\\/uploads\\\/2025\\\/05\\\/0d41907ee455f833bfde5ffd66a27af3-1.webp\",\"contentUrl\":\"https:\\\/\\\/www.webdo.tn\\\/fr\\\/wp-content\\\/uploads\\\/2025\\\/05\\\/0d41907ee455f833bfde5ffd66a27af3-1.webp\",\"width\":750,\"height\":400},{\"@type\":\"BreadcrumbList\",\"@id\":\"https:\\\/\\\/www.webdo.tn\\\/fr\\\/actualite\\\/national\\\/rfr-tout-savoir-sur-la-ligne-d-bientot-mise-en-exploitation\\\/217649\\\/#breadcrumb\",\"itemListElement\":[{\"@type\":\"ListItem\",\"position\":1,\"name\":\"Accueil\",\"item\":\"https:\\\/\\\/www.webdo.tn\\\/fr\\\/\"},{\"@type\":\"ListItem\",\"position\":2,\"name\":\"Tunisie &#8211; RFR : Tout savoir sur la ligne D, bient\u00f4t mise en exploitation\"}]},{\"@type\":\"WebSite\",\"@id\":\"https:\\\/\\\/www.webdo.tn\\\/fr\\\/#website\",\"url\":\"https:\\\/\\\/www.webdo.tn\\\/fr\\\/\",\"name\":\"webdo\",\"description\":\"Tunisie - News en Tunisie et \u00e0 l&#039;international sur Webdo.tn\",\"publisher\":{\"@id\":\"https:\\\/\\\/www.webdo.tn\\\/fr\\\/#organization\"},\"potentialAction\":[{\"@type\":\"SearchAction\",\"target\":{\"@type\":\"EntryPoint\",\"urlTemplate\":\"https:\\\/\\\/www.webdo.tn\\\/fr\\\/?s={search_term_string}\"},\"query-input\":{\"@type\":\"PropertyValueSpecification\",\"valueRequired\":true,\"valueName\":\"search_term_string\"}}],\"inLanguage\":\"fr-FR\"},{\"@type\":\"Organization\",\"@id\":\"https:\\\/\\\/www.webdo.tn\\\/fr\\\/#organization\",\"name\":\"Webdo\",\"alternateName\":\"Webdo.tn\",\"url\":\"https:\\\/\\\/www.webdo.tn\\\/fr\\\/\",\"logo\":{\"@type\":\"ImageObject\",\"inLanguage\":\"fr-FR\",\"@id\":\"https:\\\/\\\/www.webdo.tn\\\/fr\\\/#\\\/schema\\\/logo\\\/image\\\/\",\"url\":\"https:\\\/\\\/www.webdo.tn\\\/fr\\\/wp-content\\\/uploads\\\/2025\\\/06\\\/Webdo-Tunisie_168377.jpg\",\"contentUrl\":\"https:\\\/\\\/www.webdo.tn\\\/fr\\\/wp-content\\\/uploads\\\/2025\\\/06\\\/Webdo-Tunisie_168377.jpg\",\"width\":301,\"height\":301,\"caption\":\"Webdo\"},\"image\":{\"@id\":\"https:\\\/\\\/www.webdo.tn\\\/fr\\\/#\\\/schema\\\/logo\\\/image\\\/\"},\"sameAs\":[\"https:\\\/\\\/www.facebook.com\\\/webdotn\",\"https:\\\/\\\/x.com\\\/webdo_tn\"],\"description\":\"Webdo est un m\u00e9dia num\u00e9rique tunisien fond\u00e9 en 2010, sp\u00e9cialis\u00e9 dans l\u2019actualit\u00e9 nationale et internationale, l\u2019\u00e9conomie, la soci\u00e9t\u00e9 et les analyses politiques. Le site s\u2019adresse \u00e0 un large public francophone et couvre l\u2019information tunisienne en temps r\u00e9el.\",\"email\":\"redac@webdo.tn\",\"legalName\":\"YNJ SARL\",\"foundingDate\":\"2010-09-06\",\"numberOfEmployees\":{\"@type\":\"QuantitativeValue\",\"minValue\":\"11\",\"maxValue\":\"50\"}},{\"@type\":\"Person\",\"@id\":\"https:\\\/\\\/www.webdo.tn\\\/fr\\\/#\\\/schema\\\/person\\\/82ca085b22037d285e1a3c4b65ba5f71\",\"name\":\"KJ\",\"image\":{\"@type\":\"ImageObject\",\"inLanguage\":\"fr-FR\",\"@id\":\"https:\\\/\\\/secure.gravatar.com\\\/avatar\\\/1a1320de1c1971c893f00068f760b4113d69504aa21273da17ee95650c5944fd?s=96&d=mm&r=g\",\"url\":\"https:\\\/\\\/secure.gravatar.com\\\/avatar\\\/1a1320de1c1971c893f00068f760b4113d69504aa21273da17ee95650c5944fd?s=96&d=mm&r=g\",\"contentUrl\":\"https:\\\/\\\/secure.gravatar.com\\\/avatar\\\/1a1320de1c1971c893f00068f760b4113d69504aa21273da17ee95650c5944fd?s=96&d=mm&r=g\",\"caption\":\"KJ\"},\"url\":\"https:\\\/\\\/www.webdo.tn\\\/fr\\\/actualite\\\/author\\\/kj\\\/\"}]}<\/script>\n<!-- \/ Yoast SEO Premium plugin. -->","yoast_head_json":{"title":"Tunisie - RFR : Tout savoir sur la ligne D, bient\u00f4t mise en exploitation","description":"Le ministre a d\u00e9clar\u00e9 que cette ligne assurera quotidiennement le transport d\u2019au moins 20 000 passagers dans une premi\u00e8re phase, ce qui \u00e9quivaut \u00e0 la capacit\u00e9 d...","canonical":"https:\/\/www.webdo.tn\/fr\/actualite\/national\/rfr-tout-savoir-sur-la-ligne-d-bientot-mise-en-exploitation\/217649\/","og_locale":"fr_FR","og_type":"article","og_title":"Tunisie - RFR : Tout savoir sur la ligne D, bient\u00f4t mise en exploitation","og_description":"Le ministre a d\u00e9clar\u00e9 que cette ligne assurera quotidiennement le transport d\u2019au moins 20 000 passagers dans une premi\u00e8re phase, ce qui \u00e9quivaut \u00e0 la capacit\u00e9 d...","og_url":"https:\/\/www.webdo.tn\/fr\/actualite\/national\/rfr-tout-savoir-sur-la-ligne-d-bientot-mise-en-exploitation\/217649\/","og_site_name":"webdo","article_publisher":"https:\/\/www.facebook.com\/webdotn","article_published_time":"2024-11-18T09:07:00+00:00","article_modified_time":"2025-05-20T22:21:33+00:00","og_image":[{"width":750,"height":400,"url":"https:\/\/www.webdo.tn\/fr\/wp-content\/uploads\/2025\/05\/0d41907ee455f833bfde5ffd66a27af3-1.webp","type":"image\/webp"}],"author":"KJ","twitter_card":"summary_large_image","twitter_creator":"@webdo_tn","twitter_site":"@webdo_tn","twitter_misc":{"\u00c9crit par":"KJ","Dur\u00e9e de lecture estim\u00e9e":"1 minute"},"schema":{"@context":"https:\/\/schema.org","@graph":[{"@type":"NewsArticle","@id":"https:\/\/www.webdo.tn\/fr\/actualite\/national\/rfr-tout-savoir-sur-la-ligne-d-bientot-mise-en-exploitation\/217649\/#article","isPartOf":{"@id":"https:\/\/www.webdo.tn\/fr\/actualite\/national\/rfr-tout-savoir-sur-la-ligne-d-bientot-mise-en-exploitation\/217649\/"},"author":{"name":"KJ","@id":"https:\/\/www.webdo.tn\/fr\/#\/schema\/person\/82ca085b22037d285e1a3c4b65ba5f71"},"headline":"Tunisie &#8211; RFR : Tout savoir sur la ligne D, bient\u00f4t mise en exploitation","datePublished":"2024-11-18T09:07:00+00:00","dateModified":"2025-05-20T22:21:33+00:00","mainEntityOfPage":{"@id":"https:\/\/www.webdo.tn\/fr\/actualite\/national\/rfr-tout-savoir-sur-la-ligne-d-bientot-mise-en-exploitation\/217649\/"},"wordCount":312,"commentCount":0,"publisher":{"@id":"https:\/\/www.webdo.tn\/fr\/#organization"},"image":{"@id":"https:\/\/www.webdo.tn\/fr\/actualite\/national\/rfr-tout-savoir-sur-la-ligne-d-bientot-mise-en-exploitation\/217649\/#primaryimage"},"thumbnailUrl":"https:\/\/www.webdo.tn\/fr\/wp-content\/uploads\/2025\/05\/0d41907ee455f833bfde5ffd66a27af3-1.webp","keywords":["Ligne D","RFR","Train","Tunisie"],"articleSection":["National"],"inLanguage":"fr-FR"},{"@type":"WebPage","@id":"https:\/\/www.webdo.tn\/fr\/actualite\/national\/rfr-tout-savoir-sur-la-ligne-d-bientot-mise-en-exploitation\/217649\/","url":"https:\/\/www.webdo.tn\/fr\/actualite\/national\/rfr-tout-savoir-sur-la-ligne-d-bientot-mise-en-exploitation\/217649\/","name":"Tunisie - RFR : Tout savoir sur la ligne D, bient\u00f4t mise en exploitation","isPartOf":{"@id":"https:\/\/www.webdo.tn\/fr\/#website"},"primaryImageOfPage":{"@id":"https:\/\/www.webdo.tn\/fr\/actualite\/national\/rfr-tout-savoir-sur-la-ligne-d-bientot-mise-en-exploitation\/217649\/#primaryimage"},"image":{"@id":"https:\/\/www.webdo.tn\/fr\/actualite\/national\/rfr-tout-savoir-sur-la-ligne-d-bientot-mise-en-exploitation\/217649\/#primaryimage"},"thumbnailUrl":"https:\/\/www.webdo.tn\/fr\/wp-content\/uploads\/2025\/05\/0d41907ee455f833bfde5ffd66a27af3-1.webp","datePublished":"2024-11-18T09:07:00+00:00","dateModified":"2025-05-20T22:21:33+00:00","description":"Le ministre a d\u00e9clar\u00e9 que cette ligne assurera quotidiennement le transport d\u2019au moins 20 000 passagers dans une premi\u00e8re phase, ce qui \u00e9quivaut \u00e0 la capacit\u00e9 d...","breadcrumb":{"@id":"https:\/\/www.webdo.tn\/fr\/actualite\/national\/rfr-tout-savoir-sur-la-ligne-d-bientot-mise-en-exploitation\/217649\/#breadcrumb"},"inLanguage":"fr-FR","potentialAction":[{"@type":"ReadAction","target":["https:\/\/www.webdo.tn\/fr\/actualite\/national\/rfr-tout-savoir-sur-la-ligne-d-bientot-mise-en-exploitation\/217649\/"]}]},{"@type":"ImageObject","inLanguage":"fr-FR","@id":"https:\/\/www.webdo.tn\/fr\/actualite\/national\/rfr-tout-savoir-sur-la-ligne-d-bientot-mise-en-exploitation\/217649\/#primaryimage","url":"https:\/\/www.webdo.tn\/fr\/wp-content\/uploads\/2025\/05\/0d41907ee455f833bfde5ffd66a27af3-1.webp","contentUrl":"https:\/\/www.webdo.tn\/fr\/wp-content\/uploads\/2025\/05\/0d41907ee455f833bfde5ffd66a27af3-1.webp","width":750,"height":400},{"@type":"BreadcrumbList","@id":"https:\/\/www.webdo.tn\/fr\/actualite\/national\/rfr-tout-savoir-sur-la-ligne-d-bientot-mise-en-exploitation\/217649\/#breadcrumb","itemListElement":[{"@type":"ListItem","position":1,"name":"Accueil","item":"https:\/\/www.webdo.tn\/fr\/"},{"@type":"ListItem","position":2,"name":"Tunisie &#8211; RFR : Tout savoir sur la ligne D, bient\u00f4t mise en exploitation"}]},{"@type":"WebSite","@id":"https:\/\/www.webdo.tn\/fr\/#website","url":"https:\/\/www.webdo.tn\/fr\/","name":"webdo","description":"Tunisie - News en Tunisie et \u00e0 l&#039;international sur Webdo.tn","publisher":{"@id":"https:\/\/www.webdo.tn\/fr\/#organization"},"potentialAction":[{"@type":"SearchAction","target":{"@type":"EntryPoint","urlTemplate":"https:\/\/www.webdo.tn\/fr\/?s={search_term_string}"},"query-input":{"@type":"PropertyValueSpecification","valueRequired":true,"valueName":"search_term_string"}}],"inLanguage":"fr-FR"},{"@type":"Organization","@id":"https:\/\/www.webdo.tn\/fr\/#organization","name":"Webdo","alternateName":"Webdo.tn","url":"https:\/\/www.webdo.tn\/fr\/","logo":{"@type":"ImageObject","inLanguage":"fr-FR","@id":"https:\/\/www.webdo.tn\/fr\/#\/schema\/logo\/image\/","url":"https:\/\/www.webdo.tn\/fr\/wp-content\/uploads\/2025\/06\/Webdo-Tunisie_168377.jpg","contentUrl":"https:\/\/www.webdo.tn\/fr\/wp-content\/uploads\/2025\/06\/Webdo-Tunisie_168377.jpg","width":301,"height":301,"caption":"Webdo"},"image":{"@id":"https:\/\/www.webdo.tn\/fr\/#\/schema\/logo\/image\/"},"sameAs":["https:\/\/www.facebook.com\/webdotn","https:\/\/x.com\/webdo_tn"],"description":"Webdo est un m\u00e9dia num\u00e9rique tunisien fond\u00e9 en 2010, sp\u00e9cialis\u00e9 dans l\u2019actualit\u00e9 nationale et internationale, l\u2019\u00e9conomie, la soci\u00e9t\u00e9 et les analyses politiques. Le site s\u2019adresse \u00e0 un large public francophone et couvre l\u2019information tunisienne en temps r\u00e9el.","email":"redac@webdo.tn","legalName":"YNJ SARL","foundingDate":"2010-09-06","numberOfEmployees":{"@type":"QuantitativeValue","minValue":"11","maxValue":"50"}},{"@type":"Person","@id":"https:\/\/www.webdo.tn\/fr\/#\/schema\/person\/82ca085b22037d285e1a3c4b65ba5f71","name":"KJ","image":{"@type":"ImageObject","inLanguage":"fr-FR","@id":"https:\/\/secure.gravatar.com\/avatar\/1a1320de1c1971c893f00068f760b4113d69504aa21273da17ee95650c5944fd?s=96&d=mm&r=g","url":"https:\/\/secure.gravatar.com\/avatar\/1a1320de1c1971c893f00068f760b4113d69504aa21273da17ee95650c5944fd?s=96&d=mm&r=g","contentUrl":"https:\/\/secure.gravatar.com\/avatar\/1a1320de1c1971c893f00068f760b4113d69504aa21273da17ee95650c5944fd?s=96&d=mm&r=g","caption":"KJ"},"url":"https:\/\/www.webdo.tn\/fr\/actualite\/author\/kj\/"}]}},"_links":{"self":[{"href":"https:\/\/www.webdo.tn\/fr\/wp-json\/wp\/v2\/posts\/217649","targetHints":{"allow":["GET"]}}],"collection":[{"href":"https:\/\/www.webdo.tn\/fr\/wp-json\/wp\/v2\/posts"}],"about":[{"href":"https:\/\/www.webdo.tn\/fr\/wp-json\/wp\/v2\/types\/post"}],"author":[{"embeddable":true,"href":"https:\/\/www.webdo.tn\/fr\/wp-json\/wp\/v2\/users\/3163"}],"replies":[{"embeddable":true,"href":"https:\/\/www.webdo.tn\/fr\/wp-json\/wp\/v2\/comments?post=217649"}],"version-history":[{"count":0,"href":"https:\/\/www.webdo.tn\/fr\/wp-json\/wp\/v2\/posts\/217649\/revisions"}],"wp:featuredmedia":[{"embeddable":true,"href":"https:\/\/www.webdo.tn\/fr\/wp-json\/wp\/v2\/media\/244018"}],"wp:attachment":[{"href":"https:\/\/www.webdo.tn\/fr\/wp-json\/wp\/v2\/media?parent=217649"}],"wp:term":[{"taxonomy":"category","embeddable":true,"href":"https:\/\/www.webdo.tn\/fr\/wp-json\/wp\/v2\/categories?post=217649"},{"taxonomy":"post_tag","embeddable":true,"href":"https:\/\/www.webdo.tn\/fr\/wp-json\/wp\/v2\/tags?post=217649"}],"curies":[{"name":"wp","href":"https:\/\/api.w.org\/{rel}","templated":true}]}}