{"id":217633,"date":"2024-11-16T10:53:00","date_gmt":"2024-11-16T10:53:00","guid":{"rendered":"https:\/\/www.webdo.tn\/fr\/blog\/2024\/11\/16\/sarra-zaafrani-vers-une-infrastructure-moderne-repondant-aux-normes-internationales\/"},"modified":"2025-05-20T21:46:50","modified_gmt":"2025-05-20T21:46:50","slug":"sarra-zaafrani-vers-une-infrastructure-moderne-repondant-aux-normes-internationales","status":"publish","type":"post","link":"https:\/\/www.webdo.tn\/fr\/actualite\/national\/sarra-zaafrani-vers-une-infrastructure-moderne-repondant-aux-normes-internationales\/217633\/","title":{"rendered":"Sarra Za\u00e2frani : Vers une infrastructure moderne r\u00e9pondant aux normes internationales"},"content":{"rendered":"<p>La ministre de l&rsquo;\u00c9quipement et de l&rsquo;Habitat, Sarra Za\u00e2frani, a d\u00e9clar\u00e9 aujourd\u2019hui lors de l\u2019examen du budget allou\u00e9 \u00e0 son minist\u00e8re dans le cadre de la s\u00e9ance pl\u00e9ni\u00e8re commune entre l&rsquo;Assembl\u00e9e des repr\u00e9sentants du peuple et le Conseil national des r\u00e9gions et des districts, que son minist\u00e8re s\u2019oriente vers la mise en place d\u2019une infrastructure moderne r\u00e9pondant aux normes internationales.<\/p>\n<p>\t\t\t\t\t\t\t\t\tElle a pr\u00e9cis\u00e9 que cela inclut le d\u00e9veloppement du r\u00e9seau d\u2019autoroutes, des routes class\u00e9es et des pistes rurales sur l\u2019ensemble du territoire national, la protection des zones urbaines contre les inondations, l\u2019\u00e9laboration d\u2019un nouveau cadre l\u00e9gislatif pour l\u2019am\u00e9nagement territorial et urbain, ainsi que la r\u00e9vision de la politique de logement pour r\u00e9pondre aux besoins des classes d\u00e9favoris\u00e9es et moyennes et pour promouvoir le logement social. \u00a0<\/p>\n<p>La ministre a \u00e9galement soulign\u00e9 l\u2019augmentation des cr\u00e9dits de paiement et des engagements dans le budget de son minist\u00e8re pour l\u2019ann\u00e9e prochaine, en raison de l\u2019avanc\u00e9e significative dans l\u2019ex\u00e9cution des projets en cours et de la mobilisation de nouveaux cr\u00e9dits pour lancer de nouveaux projets. \u00a0<\/p>\n<p>Elle a pr\u00e9cis\u00e9 que les d\u00e9penses d\u2019investissement repr\u00e9sentent 80% des d\u00e9penses totales allou\u00e9es \u00e0 cette mission. Le programme d\u2019infrastructures capte la plus grande part, avec 76% de ces d\u00e9penses, tandis que le programme des infrastructures routi\u00e8res repr\u00e9sente 71% des cr\u00e9dits de paiement totaux, selon ses d\u00e9clarations.<\/p>\n","protected":false},"excerpt":{"rendered":"<p>La ministre de l&rsquo;\u00c9quipement et de l&rsquo;Habitat, Sarra Za\u00e2frani, a d\u00e9clar\u00e9 aujourd\u2019hui lors de l\u2019examen du budget allou\u00e9 \u00e0 son minist\u00e8re dans le cadre de la s\u00e9ance&#8230;<\/p>\n","protected":false},"author":3162,"featured_media":244036,"comment_status":"open","ping_status":"open","sticky":false,"template":"","format":"standard","meta":{"footnotes":""},"categories":[44],"tags":[5061,3203,2608],"class_list":["post-217633","post","type-post","status-publish","format-standard","has-post-thumbnail","hentry","category-national","tag-equipement","tag-infrastructure","tag-tunisie"],"yoast_head":"<!-- This site is optimized with the Yoast SEO Premium plugin v27.5 (Yoast SEO v27.5) - https:\/\/yoast.com\/product\/yoast-seo-premium-wordpress\/ -->\n<title>Sarra Za\u00e2frani : Vers une infrastructure moderne r\u00e9pondant aux normes internationales<\/title>\n<meta name=\"description\" content=\"La ministre de l&#039;\u00c9quipement et de l&#039;Habitat, Sarra Za\u00e2frani, a d\u00e9clar\u00e9 aujourd\u2019hui lors de l\u2019examen du budget allou\u00e9 \u00e0 son minist\u00e8re dans le cadre de la s\u00e9ance...\" \/>\n<link rel=\"canonical\" href=\"https:\/\/www.webdo.tn\/fr\/actualite\/national\/sarra-zaafrani-vers-une-infrastructure-moderne-repondant-aux-normes-internationales\/217633\/\" \/>\n<meta property=\"og:locale\" content=\"fr_FR\" \/>\n<meta property=\"og:type\" content=\"article\" \/>\n<meta property=\"og:title\" content=\"Sarra Za\u00e2frani : Vers une infrastructure moderne r\u00e9pondant aux normes internationales\" \/>\n<meta property=\"og:description\" content=\"La ministre de l&#039;\u00c9quipement et de l&#039;Habitat, Sarra Za\u00e2frani, a d\u00e9clar\u00e9 aujourd\u2019hui lors de l\u2019examen du budget allou\u00e9 \u00e0 son minist\u00e8re dans le cadre de la s\u00e9ance...\" \/>\n<meta property=\"og:url\" content=\"https:\/\/www.webdo.tn\/fr\/actualite\/national\/sarra-zaafrani-vers-une-infrastructure-moderne-repondant-aux-normes-internationales\/217633\/\" \/>\n<meta property=\"og:site_name\" content=\"webdo\" \/>\n<meta property=\"article:publisher\" content=\"https:\/\/www.facebook.com\/webdotn\" \/>\n<meta property=\"article:published_time\" content=\"2024-11-16T10:53:00+00:00\" \/>\n<meta property=\"article:modified_time\" content=\"2025-05-20T21:46:50+00:00\" \/>\n<meta property=\"og:image\" content=\"https:\/\/www.webdo.tn\/fr\/wp-content\/uploads\/2025\/05\/c05775df4f1df3416f44527ec117848c-1.webp\" \/>\n\t<meta property=\"og:image:width\" content=\"563\" \/>\n\t<meta property=\"og:image:height\" content=\"300\" \/>\n\t<meta property=\"og:image:type\" content=\"image\/webp\" \/>\n<meta name=\"author\" content=\"MC\" \/>\n<meta name=\"twitter:card\" content=\"summary_large_image\" \/>\n<meta name=\"twitter:creator\" content=\"@webdo_tn\" \/>\n<meta name=\"twitter:site\" content=\"@webdo_tn\" \/>\n<meta name=\"twitter:label1\" content=\"\u00c9crit par\" \/>\n\t<meta name=\"twitter:data1\" content=\"MC\" \/>\n\t<meta name=\"twitter:label2\" content=\"Dur\u00e9e de lecture estim\u00e9e\" \/>\n\t<meta name=\"twitter:data2\" content=\"1 minute\" \/>\n<script type=\"application\/ld+json\" class=\"yoast-schema-graph\">{\"@context\":\"https:\\\/\\\/schema.org\",\"@graph\":[{\"@type\":\"NewsArticle\",\"@id\":\"https:\\\/\\\/www.webdo.tn\\\/fr\\\/actualite\\\/national\\\/sarra-zaafrani-vers-une-infrastructure-moderne-repondant-aux-normes-internationales\\\/217633\\\/#article\",\"isPartOf\":{\"@id\":\"https:\\\/\\\/www.webdo.tn\\\/fr\\\/actualite\\\/national\\\/sarra-zaafrani-vers-une-infrastructure-moderne-repondant-aux-normes-internationales\\\/217633\\\/\"},\"author\":{\"name\":\"MC\",\"@id\":\"https:\\\/\\\/www.webdo.tn\\\/fr\\\/#\\\/schema\\\/person\\\/2c4929cbf5a809e3bd38617c6ce150f6\"},\"headline\":\"Sarra Za\u00e2frani : Vers une infrastructure moderne r\u00e9pondant aux normes internationales\",\"datePublished\":\"2024-11-16T10:53:00+00:00\",\"dateModified\":\"2025-05-20T21:46:50+00:00\",\"mainEntityOfPage\":{\"@id\":\"https:\\\/\\\/www.webdo.tn\\\/fr\\\/actualite\\\/national\\\/sarra-zaafrani-vers-une-infrastructure-moderne-repondant-aux-normes-internationales\\\/217633\\\/\"},\"wordCount\":278,\"commentCount\":0,\"publisher\":{\"@id\":\"https:\\\/\\\/www.webdo.tn\\\/fr\\\/#organization\"},\"image\":{\"@id\":\"https:\\\/\\\/www.webdo.tn\\\/fr\\\/actualite\\\/national\\\/sarra-zaafrani-vers-une-infrastructure-moderne-repondant-aux-normes-internationales\\\/217633\\\/#primaryimage\"},\"thumbnailUrl\":\"https:\\\/\\\/www.webdo.tn\\\/fr\\\/wp-content\\\/uploads\\\/2025\\\/05\\\/c05775df4f1df3416f44527ec117848c-1.webp\",\"keywords\":[\"\u00e9quipement\",\"Infrastructure\",\"Tunisie\"],\"articleSection\":[\"National\"],\"inLanguage\":\"fr-FR\"},{\"@type\":\"WebPage\",\"@id\":\"https:\\\/\\\/www.webdo.tn\\\/fr\\\/actualite\\\/national\\\/sarra-zaafrani-vers-une-infrastructure-moderne-repondant-aux-normes-internationales\\\/217633\\\/\",\"url\":\"https:\\\/\\\/www.webdo.tn\\\/fr\\\/actualite\\\/national\\\/sarra-zaafrani-vers-une-infrastructure-moderne-repondant-aux-normes-internationales\\\/217633\\\/\",\"name\":\"Sarra Za\u00e2frani : Vers une infrastructure moderne r\u00e9pondant aux normes internationales\",\"isPartOf\":{\"@id\":\"https:\\\/\\\/www.webdo.tn\\\/fr\\\/#website\"},\"primaryImageOfPage\":{\"@id\":\"https:\\\/\\\/www.webdo.tn\\\/fr\\\/actualite\\\/national\\\/sarra-zaafrani-vers-une-infrastructure-moderne-repondant-aux-normes-internationales\\\/217633\\\/#primaryimage\"},\"image\":{\"@id\":\"https:\\\/\\\/www.webdo.tn\\\/fr\\\/actualite\\\/national\\\/sarra-zaafrani-vers-une-infrastructure-moderne-repondant-aux-normes-internationales\\\/217633\\\/#primaryimage\"},\"thumbnailUrl\":\"https:\\\/\\\/www.webdo.tn\\\/fr\\\/wp-content\\\/uploads\\\/2025\\\/05\\\/c05775df4f1df3416f44527ec117848c-1.webp\",\"datePublished\":\"2024-11-16T10:53:00+00:00\",\"dateModified\":\"2025-05-20T21:46:50+00:00\",\"description\":\"La ministre de l'\u00c9quipement et de l'Habitat, Sarra Za\u00e2frani, a d\u00e9clar\u00e9 aujourd\u2019hui lors de l\u2019examen du budget allou\u00e9 \u00e0 son minist\u00e8re dans le cadre de la s\u00e9ance...\",\"breadcrumb\":{\"@id\":\"https:\\\/\\\/www.webdo.tn\\\/fr\\\/actualite\\\/national\\\/sarra-zaafrani-vers-une-infrastructure-moderne-repondant-aux-normes-internationales\\\/217633\\\/#breadcrumb\"},\"inLanguage\":\"fr-FR\",\"potentialAction\":[{\"@type\":\"ReadAction\",\"target\":[\"https:\\\/\\\/www.webdo.tn\\\/fr\\\/actualite\\\/national\\\/sarra-zaafrani-vers-une-infrastructure-moderne-repondant-aux-normes-internationales\\\/217633\\\/\"]}]},{\"@type\":\"ImageObject\",\"inLanguage\":\"fr-FR\",\"@id\":\"https:\\\/\\\/www.webdo.tn\\\/fr\\\/actualite\\\/national\\\/sarra-zaafrani-vers-une-infrastructure-moderne-repondant-aux-normes-internationales\\\/217633\\\/#primaryimage\",\"url\":\"https:\\\/\\\/www.webdo.tn\\\/fr\\\/wp-content\\\/uploads\\\/2025\\\/05\\\/c05775df4f1df3416f44527ec117848c-1.webp\",\"contentUrl\":\"https:\\\/\\\/www.webdo.tn\\\/fr\\\/wp-content\\\/uploads\\\/2025\\\/05\\\/c05775df4f1df3416f44527ec117848c-1.webp\",\"width\":563,\"height\":300},{\"@type\":\"BreadcrumbList\",\"@id\":\"https:\\\/\\\/www.webdo.tn\\\/fr\\\/actualite\\\/national\\\/sarra-zaafrani-vers-une-infrastructure-moderne-repondant-aux-normes-internationales\\\/217633\\\/#breadcrumb\",\"itemListElement\":[{\"@type\":\"ListItem\",\"position\":1,\"name\":\"Accueil\",\"item\":\"https:\\\/\\\/www.webdo.tn\\\/fr\\\/\"},{\"@type\":\"ListItem\",\"position\":2,\"name\":\"Sarra Za\u00e2frani : Vers une infrastructure moderne r\u00e9pondant aux normes internationales\"}]},{\"@type\":\"WebSite\",\"@id\":\"https:\\\/\\\/www.webdo.tn\\\/fr\\\/#website\",\"url\":\"https:\\\/\\\/www.webdo.tn\\\/fr\\\/\",\"name\":\"webdo\",\"description\":\"Tunisie - News en Tunisie et \u00e0 l&#039;international sur Webdo.tn\",\"publisher\":{\"@id\":\"https:\\\/\\\/www.webdo.tn\\\/fr\\\/#organization\"},\"potentialAction\":[{\"@type\":\"SearchAction\",\"target\":{\"@type\":\"EntryPoint\",\"urlTemplate\":\"https:\\\/\\\/www.webdo.tn\\\/fr\\\/?s={search_term_string}\"},\"query-input\":{\"@type\":\"PropertyValueSpecification\",\"valueRequired\":true,\"valueName\":\"search_term_string\"}}],\"inLanguage\":\"fr-FR\"},{\"@type\":\"Organization\",\"@id\":\"https:\\\/\\\/www.webdo.tn\\\/fr\\\/#organization\",\"name\":\"Webdo\",\"alternateName\":\"Webdo.tn\",\"url\":\"https:\\\/\\\/www.webdo.tn\\\/fr\\\/\",\"logo\":{\"@type\":\"ImageObject\",\"inLanguage\":\"fr-FR\",\"@id\":\"https:\\\/\\\/www.webdo.tn\\\/fr\\\/#\\\/schema\\\/logo\\\/image\\\/\",\"url\":\"https:\\\/\\\/www.webdo.tn\\\/fr\\\/wp-content\\\/uploads\\\/2025\\\/06\\\/Webdo-Tunisie_168377.jpg\",\"contentUrl\":\"https:\\\/\\\/www.webdo.tn\\\/fr\\\/wp-content\\\/uploads\\\/2025\\\/06\\\/Webdo-Tunisie_168377.jpg\",\"width\":301,\"height\":301,\"caption\":\"Webdo\"},\"image\":{\"@id\":\"https:\\\/\\\/www.webdo.tn\\\/fr\\\/#\\\/schema\\\/logo\\\/image\\\/\"},\"sameAs\":[\"https:\\\/\\\/www.facebook.com\\\/webdotn\",\"https:\\\/\\\/x.com\\\/webdo_tn\"],\"description\":\"Webdo est un m\u00e9dia num\u00e9rique tunisien fond\u00e9 en 2010, sp\u00e9cialis\u00e9 dans l\u2019actualit\u00e9 nationale et internationale, l\u2019\u00e9conomie, la soci\u00e9t\u00e9 et les analyses politiques. Le site s\u2019adresse \u00e0 un large public francophone et couvre l\u2019information tunisienne en temps r\u00e9el.\",\"email\":\"redac@webdo.tn\",\"legalName\":\"YNJ SARL\",\"foundingDate\":\"2010-09-06\",\"numberOfEmployees\":{\"@type\":\"QuantitativeValue\",\"minValue\":\"11\",\"maxValue\":\"50\"}},{\"@type\":\"Person\",\"@id\":\"https:\\\/\\\/www.webdo.tn\\\/fr\\\/#\\\/schema\\\/person\\\/2c4929cbf5a809e3bd38617c6ce150f6\",\"name\":\"MC\",\"image\":{\"@type\":\"ImageObject\",\"inLanguage\":\"fr-FR\",\"@id\":\"https:\\\/\\\/secure.gravatar.com\\\/avatar\\\/a545bbb6f84efdd5553dbbc2895e3ca8f1d12c5215e00a041c9670b54aa9b18a?s=96&d=mm&r=g\",\"url\":\"https:\\\/\\\/secure.gravatar.com\\\/avatar\\\/a545bbb6f84efdd5553dbbc2895e3ca8f1d12c5215e00a041c9670b54aa9b18a?s=96&d=mm&r=g\",\"contentUrl\":\"https:\\\/\\\/secure.gravatar.com\\\/avatar\\\/a545bbb6f84efdd5553dbbc2895e3ca8f1d12c5215e00a041c9670b54aa9b18a?s=96&d=mm&r=g\",\"caption\":\"MC\"},\"url\":\"https:\\\/\\\/www.webdo.tn\\\/fr\\\/actualite\\\/author\\\/mc\\\/\"}]}<\/script>\n<!-- \/ Yoast SEO Premium plugin. -->","yoast_head_json":{"title":"Sarra Za\u00e2frani : Vers une infrastructure moderne r\u00e9pondant aux normes internationales","description":"La ministre de l'\u00c9quipement et de l'Habitat, Sarra Za\u00e2frani, a d\u00e9clar\u00e9 aujourd\u2019hui lors de l\u2019examen du budget allou\u00e9 \u00e0 son minist\u00e8re dans le cadre de la s\u00e9ance...","canonical":"https:\/\/www.webdo.tn\/fr\/actualite\/national\/sarra-zaafrani-vers-une-infrastructure-moderne-repondant-aux-normes-internationales\/217633\/","og_locale":"fr_FR","og_type":"article","og_title":"Sarra Za\u00e2frani : Vers une infrastructure moderne r\u00e9pondant aux normes internationales","og_description":"La ministre de l'\u00c9quipement et de l'Habitat, Sarra Za\u00e2frani, a d\u00e9clar\u00e9 aujourd\u2019hui lors de l\u2019examen du budget allou\u00e9 \u00e0 son minist\u00e8re dans le cadre de la s\u00e9ance...","og_url":"https:\/\/www.webdo.tn\/fr\/actualite\/national\/sarra-zaafrani-vers-une-infrastructure-moderne-repondant-aux-normes-internationales\/217633\/","og_site_name":"webdo","article_publisher":"https:\/\/www.facebook.com\/webdotn","article_published_time":"2024-11-16T10:53:00+00:00","article_modified_time":"2025-05-20T21:46:50+00:00","og_image":[{"width":563,"height":300,"url":"https:\/\/www.webdo.tn\/fr\/wp-content\/uploads\/2025\/05\/c05775df4f1df3416f44527ec117848c-1.webp","type":"image\/webp"}],"author":"MC","twitter_card":"summary_large_image","twitter_creator":"@webdo_tn","twitter_site":"@webdo_tn","twitter_misc":{"\u00c9crit par":"MC","Dur\u00e9e de lecture estim\u00e9e":"1 minute"},"schema":{"@context":"https:\/\/schema.org","@graph":[{"@type":"NewsArticle","@id":"https:\/\/www.webdo.tn\/fr\/actualite\/national\/sarra-zaafrani-vers-une-infrastructure-moderne-repondant-aux-normes-internationales\/217633\/#article","isPartOf":{"@id":"https:\/\/www.webdo.tn\/fr\/actualite\/national\/sarra-zaafrani-vers-une-infrastructure-moderne-repondant-aux-normes-internationales\/217633\/"},"author":{"name":"MC","@id":"https:\/\/www.webdo.tn\/fr\/#\/schema\/person\/2c4929cbf5a809e3bd38617c6ce150f6"},"headline":"Sarra Za\u00e2frani : Vers une infrastructure moderne r\u00e9pondant aux normes internationales","datePublished":"2024-11-16T10:53:00+00:00","dateModified":"2025-05-20T21:46:50+00:00","mainEntityOfPage":{"@id":"https:\/\/www.webdo.tn\/fr\/actualite\/national\/sarra-zaafrani-vers-une-infrastructure-moderne-repondant-aux-normes-internationales\/217633\/"},"wordCount":278,"commentCount":0,"publisher":{"@id":"https:\/\/www.webdo.tn\/fr\/#organization"},"image":{"@id":"https:\/\/www.webdo.tn\/fr\/actualite\/national\/sarra-zaafrani-vers-une-infrastructure-moderne-repondant-aux-normes-internationales\/217633\/#primaryimage"},"thumbnailUrl":"https:\/\/www.webdo.tn\/fr\/wp-content\/uploads\/2025\/05\/c05775df4f1df3416f44527ec117848c-1.webp","keywords":["\u00e9quipement","Infrastructure","Tunisie"],"articleSection":["National"],"inLanguage":"fr-FR"},{"@type":"WebPage","@id":"https:\/\/www.webdo.tn\/fr\/actualite\/national\/sarra-zaafrani-vers-une-infrastructure-moderne-repondant-aux-normes-internationales\/217633\/","url":"https:\/\/www.webdo.tn\/fr\/actualite\/national\/sarra-zaafrani-vers-une-infrastructure-moderne-repondant-aux-normes-internationales\/217633\/","name":"Sarra Za\u00e2frani : Vers une infrastructure moderne r\u00e9pondant aux normes internationales","isPartOf":{"@id":"https:\/\/www.webdo.tn\/fr\/#website"},"primaryImageOfPage":{"@id":"https:\/\/www.webdo.tn\/fr\/actualite\/national\/sarra-zaafrani-vers-une-infrastructure-moderne-repondant-aux-normes-internationales\/217633\/#primaryimage"},"image":{"@id":"https:\/\/www.webdo.tn\/fr\/actualite\/national\/sarra-zaafrani-vers-une-infrastructure-moderne-repondant-aux-normes-internationales\/217633\/#primaryimage"},"thumbnailUrl":"https:\/\/www.webdo.tn\/fr\/wp-content\/uploads\/2025\/05\/c05775df4f1df3416f44527ec117848c-1.webp","datePublished":"2024-11-16T10:53:00+00:00","dateModified":"2025-05-20T21:46:50+00:00","description":"La ministre de l'\u00c9quipement et de l'Habitat, Sarra Za\u00e2frani, a d\u00e9clar\u00e9 aujourd\u2019hui lors de l\u2019examen du budget allou\u00e9 \u00e0 son minist\u00e8re dans le cadre de la s\u00e9ance...","breadcrumb":{"@id":"https:\/\/www.webdo.tn\/fr\/actualite\/national\/sarra-zaafrani-vers-une-infrastructure-moderne-repondant-aux-normes-internationales\/217633\/#breadcrumb"},"inLanguage":"fr-FR","potentialAction":[{"@type":"ReadAction","target":["https:\/\/www.webdo.tn\/fr\/actualite\/national\/sarra-zaafrani-vers-une-infrastructure-moderne-repondant-aux-normes-internationales\/217633\/"]}]},{"@type":"ImageObject","inLanguage":"fr-FR","@id":"https:\/\/www.webdo.tn\/fr\/actualite\/national\/sarra-zaafrani-vers-une-infrastructure-moderne-repondant-aux-normes-internationales\/217633\/#primaryimage","url":"https:\/\/www.webdo.tn\/fr\/wp-content\/uploads\/2025\/05\/c05775df4f1df3416f44527ec117848c-1.webp","contentUrl":"https:\/\/www.webdo.tn\/fr\/wp-content\/uploads\/2025\/05\/c05775df4f1df3416f44527ec117848c-1.webp","width":563,"height":300},{"@type":"BreadcrumbList","@id":"https:\/\/www.webdo.tn\/fr\/actualite\/national\/sarra-zaafrani-vers-une-infrastructure-moderne-repondant-aux-normes-internationales\/217633\/#breadcrumb","itemListElement":[{"@type":"ListItem","position":1,"name":"Accueil","item":"https:\/\/www.webdo.tn\/fr\/"},{"@type":"ListItem","position":2,"name":"Sarra Za\u00e2frani : Vers une infrastructure moderne r\u00e9pondant aux normes internationales"}]},{"@type":"WebSite","@id":"https:\/\/www.webdo.tn\/fr\/#website","url":"https:\/\/www.webdo.tn\/fr\/","name":"webdo","description":"Tunisie - News en Tunisie et \u00e0 l&#039;international sur Webdo.tn","publisher":{"@id":"https:\/\/www.webdo.tn\/fr\/#organization"},"potentialAction":[{"@type":"SearchAction","target":{"@type":"EntryPoint","urlTemplate":"https:\/\/www.webdo.tn\/fr\/?s={search_term_string}"},"query-input":{"@type":"PropertyValueSpecification","valueRequired":true,"valueName":"search_term_string"}}],"inLanguage":"fr-FR"},{"@type":"Organization","@id":"https:\/\/www.webdo.tn\/fr\/#organization","name":"Webdo","alternateName":"Webdo.tn","url":"https:\/\/www.webdo.tn\/fr\/","logo":{"@type":"ImageObject","inLanguage":"fr-FR","@id":"https:\/\/www.webdo.tn\/fr\/#\/schema\/logo\/image\/","url":"https:\/\/www.webdo.tn\/fr\/wp-content\/uploads\/2025\/06\/Webdo-Tunisie_168377.jpg","contentUrl":"https:\/\/www.webdo.tn\/fr\/wp-content\/uploads\/2025\/06\/Webdo-Tunisie_168377.jpg","width":301,"height":301,"caption":"Webdo"},"image":{"@id":"https:\/\/www.webdo.tn\/fr\/#\/schema\/logo\/image\/"},"sameAs":["https:\/\/www.facebook.com\/webdotn","https:\/\/x.com\/webdo_tn"],"description":"Webdo est un m\u00e9dia num\u00e9rique tunisien fond\u00e9 en 2010, sp\u00e9cialis\u00e9 dans l\u2019actualit\u00e9 nationale et internationale, l\u2019\u00e9conomie, la soci\u00e9t\u00e9 et les analyses politiques. Le site s\u2019adresse \u00e0 un large public francophone et couvre l\u2019information tunisienne en temps r\u00e9el.","email":"redac@webdo.tn","legalName":"YNJ SARL","foundingDate":"2010-09-06","numberOfEmployees":{"@type":"QuantitativeValue","minValue":"11","maxValue":"50"}},{"@type":"Person","@id":"https:\/\/www.webdo.tn\/fr\/#\/schema\/person\/2c4929cbf5a809e3bd38617c6ce150f6","name":"MC","image":{"@type":"ImageObject","inLanguage":"fr-FR","@id":"https:\/\/secure.gravatar.com\/avatar\/a545bbb6f84efdd5553dbbc2895e3ca8f1d12c5215e00a041c9670b54aa9b18a?s=96&d=mm&r=g","url":"https:\/\/secure.gravatar.com\/avatar\/a545bbb6f84efdd5553dbbc2895e3ca8f1d12c5215e00a041c9670b54aa9b18a?s=96&d=mm&r=g","contentUrl":"https:\/\/secure.gravatar.com\/avatar\/a545bbb6f84efdd5553dbbc2895e3ca8f1d12c5215e00a041c9670b54aa9b18a?s=96&d=mm&r=g","caption":"MC"},"url":"https:\/\/www.webdo.tn\/fr\/actualite\/author\/mc\/"}]}},"_links":{"self":[{"href":"https:\/\/www.webdo.tn\/fr\/wp-json\/wp\/v2\/posts\/217633","targetHints":{"allow":["GET"]}}],"collection":[{"href":"https:\/\/www.webdo.tn\/fr\/wp-json\/wp\/v2\/posts"}],"about":[{"href":"https:\/\/www.webdo.tn\/fr\/wp-json\/wp\/v2\/types\/post"}],"author":[{"embeddable":true,"href":"https:\/\/www.webdo.tn\/fr\/wp-json\/wp\/v2\/users\/3162"}],"replies":[{"embeddable":true,"href":"https:\/\/www.webdo.tn\/fr\/wp-json\/wp\/v2\/comments?post=217633"}],"version-history":[{"count":0,"href":"https:\/\/www.webdo.tn\/fr\/wp-json\/wp\/v2\/posts\/217633\/revisions"}],"wp:featuredmedia":[{"embeddable":true,"href":"https:\/\/www.webdo.tn\/fr\/wp-json\/wp\/v2\/media\/244036"}],"wp:attachment":[{"href":"https:\/\/www.webdo.tn\/fr\/wp-json\/wp\/v2\/media?parent=217633"}],"wp:term":[{"taxonomy":"category","embeddable":true,"href":"https:\/\/www.webdo.tn\/fr\/wp-json\/wp\/v2\/categories?post=217633"},{"taxonomy":"post_tag","embeddable":true,"href":"https:\/\/www.webdo.tn\/fr\/wp-json\/wp\/v2\/tags?post=217633"}],"curies":[{"name":"wp","href":"https:\/\/api.w.org\/{rel}","templated":true}]}}