{"id":217627,"date":"2024-11-15T18:34:00","date_gmt":"2024-11-15T18:34:00","guid":{"rendered":"https:\/\/www.webdo.tn\/fr\/blog\/2024\/11\/15\/tunisie-audit-et-enquetes-au-sein-du-secteur-du-transport\/"},"modified":"2025-05-20T22:21:34","modified_gmt":"2025-05-20T22:21:34","slug":"tunisie-audit-et-enquetes-au-sein-du-secteur-du-transport","status":"publish","type":"post","link":"https:\/\/www.webdo.tn\/fr\/actualite\/national\/tunisie-audit-et-enquetes-au-sein-du-secteur-du-transport\/217627\/","title":{"rendered":"Tunisie : Audit et enqu\u00eates au sein du secteur du transport"},"content":{"rendered":"<p>Le ministre des Transports, Rachid Amri, a ordonn\u00e9 aux services comp\u00e9tents du minist\u00e8re des Transports de proc\u00e9der \u00e0 des inspections, audits et enqu\u00eates imm\u00e9diats sur plusieurs dossiers relatifs aux ressources humaines, \u00e0 la flotte, aux \u00e9quipements, aux pi\u00e8ces de rechange, aux carburants et aux biens immobiliers.<\/p>\n<p>\t\t\t\t\t\t\t\t\tCette mesure intervient selon le d\u00e9partement dans le cadre de la mise en \u0153uvre des recommandations issues des sessions de travail tenues en pr\u00e9sence des diff\u00e9rentes institutions et \u00e9tablissements sous tutelle, ax\u00e9es principalement sur l\u2019activation des m\u00e9canismes de contr\u00f4le, de gouvernance, de pr\u00e9servation du service public et des ressources des entreprises publiques.<\/p>\n<p>Le minist\u00e8re pr\u00e9cise que des mesures pratiques et administratives seront prises sur la base des r\u00e9sultats des inspections ou des visites programm\u00e9es dans les diff\u00e9rents services publics de transport \u00e0 travers les r\u00e9gions. Les responsabilit\u00e9s seront \u00e9tablies concernant toute infraction ou carence constat\u00e9e.<\/p>\n<p>Cette d\u00e9marche vise \u00e0 instaurer une base solide pour la mise en \u0153uvre des programmes de r\u00e9forme, en assainissant le secteur des transports de tout \u00e9l\u00e9ment susceptible de perturber les services aux citoyens, de menacer la p\u00e9rennit\u00e9 des entreprises ou de d\u00e9t\u00e9riorer le climat social au sein des \u00e9tablissements sous tutelle.\u00a0<br \/>\nL\u2019objectif est d\u2019assurer le fonctionnement optimal de ce secteur avec efficacit\u00e9 et efficience, au service de l\u2019int\u00e9r\u00eat g\u00e9n\u00e9ral et pour garantir le droit \u00e0 un transport confortable et s\u00fbr.<\/p>\n","protected":false},"excerpt":{"rendered":"<p>Cette mesure intervient selon le d\u00e9partement dans le cadre de la mise en \u0153uvre des recommandations issues des sessions de travail tenues en pr\u00e9sence des diff\u00e9re&#8230;<\/p>\n","protected":false},"author":3163,"featured_media":244030,"comment_status":"open","ping_status":"open","sticky":false,"template":"","format":"standard","meta":{"footnotes":""},"categories":[44],"tags":[5070,3202,2818,2608],"class_list":["post-217627","post","type-post","status-publish","format-standard","has-post-thumbnail","hentry","category-national","tag-audit","tag-enquete","tag-transport","tag-tunisie"],"yoast_head":"<!-- This site is optimized with the Yoast SEO Premium plugin v27.4 (Yoast SEO v27.4) - https:\/\/yoast.com\/product\/yoast-seo-premium-wordpress\/ -->\n<title>Tunisie : Audit et enqu\u00eates au sein du secteur du transport<\/title>\n<meta name=\"description\" content=\"Cette mesure intervient selon le d\u00e9partement dans le cadre de la mise en \u0153uvre des recommandations issues des sessions de travail tenues en pr\u00e9sence des diff\u00e9re...\" \/>\n<link rel=\"canonical\" href=\"https:\/\/www.webdo.tn\/fr\/actualite\/national\/tunisie-audit-et-enquetes-au-sein-du-secteur-du-transport\/217627\/\" \/>\n<meta property=\"og:locale\" content=\"fr_FR\" \/>\n<meta property=\"og:type\" content=\"article\" \/>\n<meta property=\"og:title\" content=\"Tunisie : Audit et enqu\u00eates au sein du secteur du transport\" \/>\n<meta property=\"og:description\" content=\"Cette mesure intervient selon le d\u00e9partement dans le cadre de la mise en \u0153uvre des recommandations issues des sessions de travail tenues en pr\u00e9sence des diff\u00e9re...\" \/>\n<meta property=\"og:url\" content=\"https:\/\/www.webdo.tn\/fr\/actualite\/national\/tunisie-audit-et-enquetes-au-sein-du-secteur-du-transport\/217627\/\" \/>\n<meta property=\"og:site_name\" content=\"webdo\" \/>\n<meta property=\"article:publisher\" content=\"https:\/\/www.facebook.com\/webdotn\" \/>\n<meta property=\"article:published_time\" content=\"2024-11-15T18:34:00+00:00\" \/>\n<meta property=\"article:modified_time\" content=\"2025-05-20T22:21:34+00:00\" \/>\n<meta property=\"og:image\" content=\"https:\/\/www.webdo.tn\/fr\/wp-content\/uploads\/2025\/05\/2586e0fd2197f8a5883e1ebf16b400e7-1.webp\" \/>\n\t<meta property=\"og:image:width\" content=\"750\" \/>\n\t<meta property=\"og:image:height\" content=\"400\" \/>\n\t<meta property=\"og:image:type\" content=\"image\/webp\" \/>\n<meta name=\"author\" content=\"KJ\" \/>\n<meta name=\"twitter:card\" content=\"summary_large_image\" \/>\n<meta name=\"twitter:creator\" content=\"@webdo_tn\" \/>\n<meta name=\"twitter:site\" content=\"@webdo_tn\" \/>\n<meta name=\"twitter:label1\" content=\"\u00c9crit par\" \/>\n\t<meta name=\"twitter:data1\" content=\"KJ\" \/>\n\t<meta name=\"twitter:label2\" content=\"Dur\u00e9e de lecture estim\u00e9e\" \/>\n\t<meta name=\"twitter:data2\" content=\"1 minute\" \/>\n<script type=\"application\/ld+json\" class=\"yoast-schema-graph\">{\"@context\":\"https:\\\/\\\/schema.org\",\"@graph\":[{\"@type\":\"NewsArticle\",\"@id\":\"https:\\\/\\\/www.webdo.tn\\\/fr\\\/actualite\\\/national\\\/tunisie-audit-et-enquetes-au-sein-du-secteur-du-transport\\\/217627\\\/#article\",\"isPartOf\":{\"@id\":\"https:\\\/\\\/www.webdo.tn\\\/fr\\\/actualite\\\/national\\\/tunisie-audit-et-enquetes-au-sein-du-secteur-du-transport\\\/217627\\\/\"},\"author\":{\"name\":\"KJ\",\"@id\":\"https:\\\/\\\/www.webdo.tn\\\/fr\\\/#\\\/schema\\\/person\\\/82ca085b22037d285e1a3c4b65ba5f71\"},\"headline\":\"Tunisie : Audit et enqu\u00eates au sein du secteur du transport\",\"datePublished\":\"2024-11-15T18:34:00+00:00\",\"dateModified\":\"2025-05-20T22:21:34+00:00\",\"mainEntityOfPage\":{\"@id\":\"https:\\\/\\\/www.webdo.tn\\\/fr\\\/actualite\\\/national\\\/tunisie-audit-et-enquetes-au-sein-du-secteur-du-transport\\\/217627\\\/\"},\"wordCount\":263,\"commentCount\":0,\"publisher\":{\"@id\":\"https:\\\/\\\/www.webdo.tn\\\/fr\\\/#organization\"},\"image\":{\"@id\":\"https:\\\/\\\/www.webdo.tn\\\/fr\\\/actualite\\\/national\\\/tunisie-audit-et-enquetes-au-sein-du-secteur-du-transport\\\/217627\\\/#primaryimage\"},\"thumbnailUrl\":\"https:\\\/\\\/www.webdo.tn\\\/fr\\\/wp-content\\\/uploads\\\/2025\\\/05\\\/2586e0fd2197f8a5883e1ebf16b400e7-1.webp\",\"keywords\":[\"Audit\",\"Enqu\u00eate\",\"Transport\",\"Tunisie\"],\"articleSection\":[\"National\"],\"inLanguage\":\"fr-FR\"},{\"@type\":\"WebPage\",\"@id\":\"https:\\\/\\\/www.webdo.tn\\\/fr\\\/actualite\\\/national\\\/tunisie-audit-et-enquetes-au-sein-du-secteur-du-transport\\\/217627\\\/\",\"url\":\"https:\\\/\\\/www.webdo.tn\\\/fr\\\/actualite\\\/national\\\/tunisie-audit-et-enquetes-au-sein-du-secteur-du-transport\\\/217627\\\/\",\"name\":\"Tunisie : Audit et enqu\u00eates au sein du secteur du transport\",\"isPartOf\":{\"@id\":\"https:\\\/\\\/www.webdo.tn\\\/fr\\\/#website\"},\"primaryImageOfPage\":{\"@id\":\"https:\\\/\\\/www.webdo.tn\\\/fr\\\/actualite\\\/national\\\/tunisie-audit-et-enquetes-au-sein-du-secteur-du-transport\\\/217627\\\/#primaryimage\"},\"image\":{\"@id\":\"https:\\\/\\\/www.webdo.tn\\\/fr\\\/actualite\\\/national\\\/tunisie-audit-et-enquetes-au-sein-du-secteur-du-transport\\\/217627\\\/#primaryimage\"},\"thumbnailUrl\":\"https:\\\/\\\/www.webdo.tn\\\/fr\\\/wp-content\\\/uploads\\\/2025\\\/05\\\/2586e0fd2197f8a5883e1ebf16b400e7-1.webp\",\"datePublished\":\"2024-11-15T18:34:00+00:00\",\"dateModified\":\"2025-05-20T22:21:34+00:00\",\"description\":\"Cette mesure intervient selon le d\u00e9partement dans le cadre de la mise en \u0153uvre des recommandations issues des sessions de travail tenues en pr\u00e9sence des diff\u00e9re...\",\"breadcrumb\":{\"@id\":\"https:\\\/\\\/www.webdo.tn\\\/fr\\\/actualite\\\/national\\\/tunisie-audit-et-enquetes-au-sein-du-secteur-du-transport\\\/217627\\\/#breadcrumb\"},\"inLanguage\":\"fr-FR\",\"potentialAction\":[{\"@type\":\"ReadAction\",\"target\":[\"https:\\\/\\\/www.webdo.tn\\\/fr\\\/actualite\\\/national\\\/tunisie-audit-et-enquetes-au-sein-du-secteur-du-transport\\\/217627\\\/\"]}]},{\"@type\":\"ImageObject\",\"inLanguage\":\"fr-FR\",\"@id\":\"https:\\\/\\\/www.webdo.tn\\\/fr\\\/actualite\\\/national\\\/tunisie-audit-et-enquetes-au-sein-du-secteur-du-transport\\\/217627\\\/#primaryimage\",\"url\":\"https:\\\/\\\/www.webdo.tn\\\/fr\\\/wp-content\\\/uploads\\\/2025\\\/05\\\/2586e0fd2197f8a5883e1ebf16b400e7-1.webp\",\"contentUrl\":\"https:\\\/\\\/www.webdo.tn\\\/fr\\\/wp-content\\\/uploads\\\/2025\\\/05\\\/2586e0fd2197f8a5883e1ebf16b400e7-1.webp\",\"width\":750,\"height\":400},{\"@type\":\"BreadcrumbList\",\"@id\":\"https:\\\/\\\/www.webdo.tn\\\/fr\\\/actualite\\\/national\\\/tunisie-audit-et-enquetes-au-sein-du-secteur-du-transport\\\/217627\\\/#breadcrumb\",\"itemListElement\":[{\"@type\":\"ListItem\",\"position\":1,\"name\":\"Accueil\",\"item\":\"https:\\\/\\\/www.webdo.tn\\\/fr\\\/\"},{\"@type\":\"ListItem\",\"position\":2,\"name\":\"Tunisie : Audit et enqu\u00eates au sein du secteur du transport\"}]},{\"@type\":\"WebSite\",\"@id\":\"https:\\\/\\\/www.webdo.tn\\\/fr\\\/#website\",\"url\":\"https:\\\/\\\/www.webdo.tn\\\/fr\\\/\",\"name\":\"webdo\",\"description\":\"Tunisie - News en Tunisie et \u00e0 l&#039;international sur Webdo.tn\",\"publisher\":{\"@id\":\"https:\\\/\\\/www.webdo.tn\\\/fr\\\/#organization\"},\"potentialAction\":[{\"@type\":\"SearchAction\",\"target\":{\"@type\":\"EntryPoint\",\"urlTemplate\":\"https:\\\/\\\/www.webdo.tn\\\/fr\\\/?s={search_term_string}\"},\"query-input\":{\"@type\":\"PropertyValueSpecification\",\"valueRequired\":true,\"valueName\":\"search_term_string\"}}],\"inLanguage\":\"fr-FR\"},{\"@type\":\"Organization\",\"@id\":\"https:\\\/\\\/www.webdo.tn\\\/fr\\\/#organization\",\"name\":\"Webdo\",\"alternateName\":\"Webdo.tn\",\"url\":\"https:\\\/\\\/www.webdo.tn\\\/fr\\\/\",\"logo\":{\"@type\":\"ImageObject\",\"inLanguage\":\"fr-FR\",\"@id\":\"https:\\\/\\\/www.webdo.tn\\\/fr\\\/#\\\/schema\\\/logo\\\/image\\\/\",\"url\":\"https:\\\/\\\/www.webdo.tn\\\/fr\\\/wp-content\\\/uploads\\\/2025\\\/06\\\/Webdo-Tunisie_168377.jpg\",\"contentUrl\":\"https:\\\/\\\/www.webdo.tn\\\/fr\\\/wp-content\\\/uploads\\\/2025\\\/06\\\/Webdo-Tunisie_168377.jpg\",\"width\":301,\"height\":301,\"caption\":\"Webdo\"},\"image\":{\"@id\":\"https:\\\/\\\/www.webdo.tn\\\/fr\\\/#\\\/schema\\\/logo\\\/image\\\/\"},\"sameAs\":[\"https:\\\/\\\/www.facebook.com\\\/webdotn\",\"https:\\\/\\\/x.com\\\/webdo_tn\"],\"description\":\"Webdo est un m\u00e9dia num\u00e9rique tunisien fond\u00e9 en 2010, sp\u00e9cialis\u00e9 dans l\u2019actualit\u00e9 nationale et internationale, l\u2019\u00e9conomie, la soci\u00e9t\u00e9 et les analyses politiques. Le site s\u2019adresse \u00e0 un large public francophone et couvre l\u2019information tunisienne en temps r\u00e9el.\",\"email\":\"redac@webdo.tn\",\"legalName\":\"YNJ SARL\",\"foundingDate\":\"2010-09-06\",\"numberOfEmployees\":{\"@type\":\"QuantitativeValue\",\"minValue\":\"11\",\"maxValue\":\"50\"}},{\"@type\":\"Person\",\"@id\":\"https:\\\/\\\/www.webdo.tn\\\/fr\\\/#\\\/schema\\\/person\\\/82ca085b22037d285e1a3c4b65ba5f71\",\"name\":\"KJ\",\"image\":{\"@type\":\"ImageObject\",\"inLanguage\":\"fr-FR\",\"@id\":\"https:\\\/\\\/secure.gravatar.com\\\/avatar\\\/1a1320de1c1971c893f00068f760b4113d69504aa21273da17ee95650c5944fd?s=96&d=mm&r=g\",\"url\":\"https:\\\/\\\/secure.gravatar.com\\\/avatar\\\/1a1320de1c1971c893f00068f760b4113d69504aa21273da17ee95650c5944fd?s=96&d=mm&r=g\",\"contentUrl\":\"https:\\\/\\\/secure.gravatar.com\\\/avatar\\\/1a1320de1c1971c893f00068f760b4113d69504aa21273da17ee95650c5944fd?s=96&d=mm&r=g\",\"caption\":\"KJ\"},\"url\":\"https:\\\/\\\/www.webdo.tn\\\/fr\\\/actualite\\\/author\\\/kj\\\/\"}]}<\/script>\n<!-- \/ Yoast SEO Premium plugin. -->","yoast_head_json":{"title":"Tunisie : Audit et enqu\u00eates au sein du secteur du transport","description":"Cette mesure intervient selon le d\u00e9partement dans le cadre de la mise en \u0153uvre des recommandations issues des sessions de travail tenues en pr\u00e9sence des diff\u00e9re...","canonical":"https:\/\/www.webdo.tn\/fr\/actualite\/national\/tunisie-audit-et-enquetes-au-sein-du-secteur-du-transport\/217627\/","og_locale":"fr_FR","og_type":"article","og_title":"Tunisie : Audit et enqu\u00eates au sein du secteur du transport","og_description":"Cette mesure intervient selon le d\u00e9partement dans le cadre de la mise en \u0153uvre des recommandations issues des sessions de travail tenues en pr\u00e9sence des diff\u00e9re...","og_url":"https:\/\/www.webdo.tn\/fr\/actualite\/national\/tunisie-audit-et-enquetes-au-sein-du-secteur-du-transport\/217627\/","og_site_name":"webdo","article_publisher":"https:\/\/www.facebook.com\/webdotn","article_published_time":"2024-11-15T18:34:00+00:00","article_modified_time":"2025-05-20T22:21:34+00:00","og_image":[{"width":750,"height":400,"url":"https:\/\/www.webdo.tn\/fr\/wp-content\/uploads\/2025\/05\/2586e0fd2197f8a5883e1ebf16b400e7-1.webp","type":"image\/webp"}],"author":"KJ","twitter_card":"summary_large_image","twitter_creator":"@webdo_tn","twitter_site":"@webdo_tn","twitter_misc":{"\u00c9crit par":"KJ","Dur\u00e9e de lecture estim\u00e9e":"1 minute"},"schema":{"@context":"https:\/\/schema.org","@graph":[{"@type":"NewsArticle","@id":"https:\/\/www.webdo.tn\/fr\/actualite\/national\/tunisie-audit-et-enquetes-au-sein-du-secteur-du-transport\/217627\/#article","isPartOf":{"@id":"https:\/\/www.webdo.tn\/fr\/actualite\/national\/tunisie-audit-et-enquetes-au-sein-du-secteur-du-transport\/217627\/"},"author":{"name":"KJ","@id":"https:\/\/www.webdo.tn\/fr\/#\/schema\/person\/82ca085b22037d285e1a3c4b65ba5f71"},"headline":"Tunisie : Audit et enqu\u00eates au sein du secteur du transport","datePublished":"2024-11-15T18:34:00+00:00","dateModified":"2025-05-20T22:21:34+00:00","mainEntityOfPage":{"@id":"https:\/\/www.webdo.tn\/fr\/actualite\/national\/tunisie-audit-et-enquetes-au-sein-du-secteur-du-transport\/217627\/"},"wordCount":263,"commentCount":0,"publisher":{"@id":"https:\/\/www.webdo.tn\/fr\/#organization"},"image":{"@id":"https:\/\/www.webdo.tn\/fr\/actualite\/national\/tunisie-audit-et-enquetes-au-sein-du-secteur-du-transport\/217627\/#primaryimage"},"thumbnailUrl":"https:\/\/www.webdo.tn\/fr\/wp-content\/uploads\/2025\/05\/2586e0fd2197f8a5883e1ebf16b400e7-1.webp","keywords":["Audit","Enqu\u00eate","Transport","Tunisie"],"articleSection":["National"],"inLanguage":"fr-FR"},{"@type":"WebPage","@id":"https:\/\/www.webdo.tn\/fr\/actualite\/national\/tunisie-audit-et-enquetes-au-sein-du-secteur-du-transport\/217627\/","url":"https:\/\/www.webdo.tn\/fr\/actualite\/national\/tunisie-audit-et-enquetes-au-sein-du-secteur-du-transport\/217627\/","name":"Tunisie : Audit et enqu\u00eates au sein du secteur du transport","isPartOf":{"@id":"https:\/\/www.webdo.tn\/fr\/#website"},"primaryImageOfPage":{"@id":"https:\/\/www.webdo.tn\/fr\/actualite\/national\/tunisie-audit-et-enquetes-au-sein-du-secteur-du-transport\/217627\/#primaryimage"},"image":{"@id":"https:\/\/www.webdo.tn\/fr\/actualite\/national\/tunisie-audit-et-enquetes-au-sein-du-secteur-du-transport\/217627\/#primaryimage"},"thumbnailUrl":"https:\/\/www.webdo.tn\/fr\/wp-content\/uploads\/2025\/05\/2586e0fd2197f8a5883e1ebf16b400e7-1.webp","datePublished":"2024-11-15T18:34:00+00:00","dateModified":"2025-05-20T22:21:34+00:00","description":"Cette mesure intervient selon le d\u00e9partement dans le cadre de la mise en \u0153uvre des recommandations issues des sessions de travail tenues en pr\u00e9sence des diff\u00e9re...","breadcrumb":{"@id":"https:\/\/www.webdo.tn\/fr\/actualite\/national\/tunisie-audit-et-enquetes-au-sein-du-secteur-du-transport\/217627\/#breadcrumb"},"inLanguage":"fr-FR","potentialAction":[{"@type":"ReadAction","target":["https:\/\/www.webdo.tn\/fr\/actualite\/national\/tunisie-audit-et-enquetes-au-sein-du-secteur-du-transport\/217627\/"]}]},{"@type":"ImageObject","inLanguage":"fr-FR","@id":"https:\/\/www.webdo.tn\/fr\/actualite\/national\/tunisie-audit-et-enquetes-au-sein-du-secteur-du-transport\/217627\/#primaryimage","url":"https:\/\/www.webdo.tn\/fr\/wp-content\/uploads\/2025\/05\/2586e0fd2197f8a5883e1ebf16b400e7-1.webp","contentUrl":"https:\/\/www.webdo.tn\/fr\/wp-content\/uploads\/2025\/05\/2586e0fd2197f8a5883e1ebf16b400e7-1.webp","width":750,"height":400},{"@type":"BreadcrumbList","@id":"https:\/\/www.webdo.tn\/fr\/actualite\/national\/tunisie-audit-et-enquetes-au-sein-du-secteur-du-transport\/217627\/#breadcrumb","itemListElement":[{"@type":"ListItem","position":1,"name":"Accueil","item":"https:\/\/www.webdo.tn\/fr\/"},{"@type":"ListItem","position":2,"name":"Tunisie : Audit et enqu\u00eates au sein du secteur du transport"}]},{"@type":"WebSite","@id":"https:\/\/www.webdo.tn\/fr\/#website","url":"https:\/\/www.webdo.tn\/fr\/","name":"webdo","description":"Tunisie - News en Tunisie et \u00e0 l&#039;international sur Webdo.tn","publisher":{"@id":"https:\/\/www.webdo.tn\/fr\/#organization"},"potentialAction":[{"@type":"SearchAction","target":{"@type":"EntryPoint","urlTemplate":"https:\/\/www.webdo.tn\/fr\/?s={search_term_string}"},"query-input":{"@type":"PropertyValueSpecification","valueRequired":true,"valueName":"search_term_string"}}],"inLanguage":"fr-FR"},{"@type":"Organization","@id":"https:\/\/www.webdo.tn\/fr\/#organization","name":"Webdo","alternateName":"Webdo.tn","url":"https:\/\/www.webdo.tn\/fr\/","logo":{"@type":"ImageObject","inLanguage":"fr-FR","@id":"https:\/\/www.webdo.tn\/fr\/#\/schema\/logo\/image\/","url":"https:\/\/www.webdo.tn\/fr\/wp-content\/uploads\/2025\/06\/Webdo-Tunisie_168377.jpg","contentUrl":"https:\/\/www.webdo.tn\/fr\/wp-content\/uploads\/2025\/06\/Webdo-Tunisie_168377.jpg","width":301,"height":301,"caption":"Webdo"},"image":{"@id":"https:\/\/www.webdo.tn\/fr\/#\/schema\/logo\/image\/"},"sameAs":["https:\/\/www.facebook.com\/webdotn","https:\/\/x.com\/webdo_tn"],"description":"Webdo est un m\u00e9dia num\u00e9rique tunisien fond\u00e9 en 2010, sp\u00e9cialis\u00e9 dans l\u2019actualit\u00e9 nationale et internationale, l\u2019\u00e9conomie, la soci\u00e9t\u00e9 et les analyses politiques. Le site s\u2019adresse \u00e0 un large public francophone et couvre l\u2019information tunisienne en temps r\u00e9el.","email":"redac@webdo.tn","legalName":"YNJ SARL","foundingDate":"2010-09-06","numberOfEmployees":{"@type":"QuantitativeValue","minValue":"11","maxValue":"50"}},{"@type":"Person","@id":"https:\/\/www.webdo.tn\/fr\/#\/schema\/person\/82ca085b22037d285e1a3c4b65ba5f71","name":"KJ","image":{"@type":"ImageObject","inLanguage":"fr-FR","@id":"https:\/\/secure.gravatar.com\/avatar\/1a1320de1c1971c893f00068f760b4113d69504aa21273da17ee95650c5944fd?s=96&d=mm&r=g","url":"https:\/\/secure.gravatar.com\/avatar\/1a1320de1c1971c893f00068f760b4113d69504aa21273da17ee95650c5944fd?s=96&d=mm&r=g","contentUrl":"https:\/\/secure.gravatar.com\/avatar\/1a1320de1c1971c893f00068f760b4113d69504aa21273da17ee95650c5944fd?s=96&d=mm&r=g","caption":"KJ"},"url":"https:\/\/www.webdo.tn\/fr\/actualite\/author\/kj\/"}]}},"_links":{"self":[{"href":"https:\/\/www.webdo.tn\/fr\/wp-json\/wp\/v2\/posts\/217627","targetHints":{"allow":["GET"]}}],"collection":[{"href":"https:\/\/www.webdo.tn\/fr\/wp-json\/wp\/v2\/posts"}],"about":[{"href":"https:\/\/www.webdo.tn\/fr\/wp-json\/wp\/v2\/types\/post"}],"author":[{"embeddable":true,"href":"https:\/\/www.webdo.tn\/fr\/wp-json\/wp\/v2\/users\/3163"}],"replies":[{"embeddable":true,"href":"https:\/\/www.webdo.tn\/fr\/wp-json\/wp\/v2\/comments?post=217627"}],"version-history":[{"count":0,"href":"https:\/\/www.webdo.tn\/fr\/wp-json\/wp\/v2\/posts\/217627\/revisions"}],"wp:featuredmedia":[{"embeddable":true,"href":"https:\/\/www.webdo.tn\/fr\/wp-json\/wp\/v2\/media\/244030"}],"wp:attachment":[{"href":"https:\/\/www.webdo.tn\/fr\/wp-json\/wp\/v2\/media?parent=217627"}],"wp:term":[{"taxonomy":"category","embeddable":true,"href":"https:\/\/www.webdo.tn\/fr\/wp-json\/wp\/v2\/categories?post=217627"},{"taxonomy":"post_tag","embeddable":true,"href":"https:\/\/www.webdo.tn\/fr\/wp-json\/wp\/v2\/tags?post=217627"}],"curies":[{"name":"wp","href":"https:\/\/api.w.org\/{rel}","templated":true}]}}