{"id":217625,"date":"2024-11-15T17:52:00","date_gmt":"2024-11-15T17:52:00","guid":{"rendered":"https:\/\/www.webdo.tn\/fr\/blog\/2024\/11\/15\/suite-a-des-manquements-amilcar-subit-une-inspection-en-italie\/"},"modified":"2025-05-20T22:21:34","modified_gmt":"2025-05-20T22:21:34","slug":"suite-a-des-manquements-amilcar-subit-une-inspection-en-italie","status":"publish","type":"post","link":"https:\/\/www.webdo.tn\/fr\/actualite\/national\/suite-a-des-manquements-amilcar-subit-une-inspection-en-italie\/217625\/","title":{"rendered":"Suite \u00e0 des manquements, \u00ab\u00a0Amilcar\u00a0\u00bb subit une inspection en Italie"},"content":{"rendered":"<p>La compagnie tunisienne de navigation (CTN) a publi\u00e9 un communiqu\u00e9 ce vendredi 15 novembre 2024 concernant les informations diffus\u00e9es sur la saisie du cargo \u00ab\u00a0Amilcar\u00a0\u00bb par la garde-c\u00f4te italienne dans le port de Livourne, apr\u00e8s une inspection du navire.<\/p>\n<p>Elle a pr\u00e9cis\u00e9 que les navires commerciaux sont r\u00e9guli\u00e8rement soumis au contr\u00f4le de l&rsquo;\u00c9tat du port, conform\u00e9ment \u00e0 15 instruments internationaux, portant principalement sur la s\u00e9curit\u00e9, la s\u00fbret\u00e9, la protection de l&rsquo;environnement maritime, la certification des marins, ainsi que les conditions de vie \u00e0 bord des navires. Elle a ajout\u00e9 que la Tunisie est partie prenante dans 13 de ces instruments.<\/p>\n<p>La soci\u00e9t\u00e9 a rappel\u00e9 qu\u2019en vertu de la \u00ab\u00a0M\u00e9morandum d\u2019entente de Paris\u00a0\u00bb, relatif \u00e0 la surveillance de la s\u00e9curit\u00e9 des navires par les \u00c9tats du port europ\u00e9ens, adopt\u00e9 en 1982 par 27 pays europ\u00e9ens, le navire \u00ab\u00a0Amilcar\u00a0\u00bb a subi une inspection en juillet 2024, au cours de laquelle des manquements ont \u00e9t\u00e9 constat\u00e9s. Il a donc \u00e9t\u00e9 n\u00e9cessaire d\u2019\u00e9laborer un plan d&rsquo;actions correctives, avec un calendrier pour leur mise en \u0153uvre.<\/p>\n<p>\u00c9tant donn\u00e9 que ce calendrier expire cette semaine, les autorit\u00e9s \u00e9trang\u00e8res ont d\u00fb organiser une nouvelle inspection pour s&rsquo;assurer que tous les manquements avaient \u00e9t\u00e9 corrig\u00e9s, le 13 novembre 2024 (date de l&rsquo;accostage du navire dans le port italien).\u00a0<\/p>\n<p>Le navire n\u2019a pas \u00e9t\u00e9 autoris\u00e9 \u00e0 partir avant la correction compl\u00e8te des infractions constat\u00e9es, ce qui a \u00e9t\u00e9 v\u00e9rifi\u00e9 lors d&rsquo;une nouvelle inspection le 15 novembre 2024, avant de lui d\u00e9livrer le permis de navigation.<\/p>\n<p>En ce qui concerne l&rsquo;accostage\u00a0actuel du navire dans le port de Livourne, il est d\u00fb \u00e0 des engagements commerciaux de la compagnie tunisienne de navigation, en attendant l&rsquo;ach\u00e8vement de la cargaison pr\u00e9vue avant le d\u00e9part.<\/p>\n","protected":false},"excerpt":{"rendered":"<p>Elle a pr\u00e9cis\u00e9 que les navires commerciaux sont r\u00e9guli\u00e8rement soumis au contr\u00f4le de l&rsquo;\u00c9tat du port, conform\u00e9ment \u00e0 15 instruments internationaux, portant princi&#8230;<\/p>\n","protected":false},"author":3163,"featured_media":244032,"comment_status":"open","ping_status":"open","sticky":false,"template":"","format":"standard","meta":{"footnotes":""},"categories":[44],"tags":[5071,4282,2608],"class_list":["post-217625","post","type-post","status-publish","format-standard","has-post-thumbnail","hentry","category-national","tag-amilcar","tag-navire","tag-tunisie"],"yoast_head":"<!-- This site is optimized with the Yoast SEO Premium plugin v27.4 (Yoast SEO v27.5) - https:\/\/yoast.com\/product\/yoast-seo-premium-wordpress\/ -->\n<title>Suite \u00e0 des manquements, Amilcar subit une inspection en Italie<\/title>\n<meta name=\"description\" content=\"Elle a pr\u00e9cis\u00e9 que les navires commerciaux sont r\u00e9guli\u00e8rement soumis au contr\u00f4le de l&#039;\u00c9tat du port, conform\u00e9ment \u00e0 15 instruments internationaux, portant princi...\" \/>\n<link rel=\"canonical\" href=\"https:\/\/www.webdo.tn\/fr\/actualite\/national\/suite-a-des-manquements-amilcar-subit-une-inspection-en-italie\/217625\/\" \/>\n<meta property=\"og:locale\" content=\"fr_FR\" \/>\n<meta property=\"og:type\" content=\"article\" \/>\n<meta property=\"og:title\" content=\"Suite \u00e0 des manquements, &quot;Amilcar&quot; subit une inspection en Italie\" \/>\n<meta property=\"og:description\" content=\"Elle a pr\u00e9cis\u00e9 que les navires commerciaux sont r\u00e9guli\u00e8rement soumis au contr\u00f4le de l&#039;\u00c9tat du port, conform\u00e9ment \u00e0 15 instruments internationaux, portant princi...\" \/>\n<meta property=\"og:url\" content=\"https:\/\/www.webdo.tn\/fr\/actualite\/national\/suite-a-des-manquements-amilcar-subit-une-inspection-en-italie\/217625\/\" \/>\n<meta property=\"og:site_name\" content=\"webdo\" \/>\n<meta property=\"article:publisher\" content=\"https:\/\/www.facebook.com\/webdotn\" \/>\n<meta property=\"article:published_time\" content=\"2024-11-15T17:52:00+00:00\" \/>\n<meta property=\"article:modified_time\" content=\"2025-05-20T22:21:34+00:00\" \/>\n<meta property=\"og:image\" content=\"https:\/\/www.webdo.tn\/fr\/wp-content\/uploads\/2025\/05\/d67dd15aaf3e89549d14ffb65dcbd4f5-1.webp\" \/>\n\t<meta property=\"og:image:width\" content=\"750\" \/>\n\t<meta property=\"og:image:height\" content=\"400\" \/>\n\t<meta property=\"og:image:type\" content=\"image\/webp\" \/>\n<meta name=\"author\" content=\"KJ\" \/>\n<meta name=\"twitter:card\" content=\"summary_large_image\" \/>\n<meta name=\"twitter:creator\" content=\"@webdo_tn\" \/>\n<meta name=\"twitter:site\" content=\"@webdo_tn\" \/>\n<meta name=\"twitter:label1\" content=\"\u00c9crit par\" \/>\n\t<meta name=\"twitter:data1\" content=\"KJ\" \/>\n\t<meta name=\"twitter:label2\" content=\"Dur\u00e9e de lecture estim\u00e9e\" \/>\n\t<meta name=\"twitter:data2\" content=\"1 minute\" \/>\n<script type=\"application\/ld+json\" class=\"yoast-schema-graph\">{\"@context\":\"https:\\\/\\\/schema.org\",\"@graph\":[{\"@type\":\"NewsArticle\",\"@id\":\"https:\\\/\\\/www.webdo.tn\\\/fr\\\/actualite\\\/national\\\/suite-a-des-manquements-amilcar-subit-une-inspection-en-italie\\\/217625\\\/#article\",\"isPartOf\":{\"@id\":\"https:\\\/\\\/www.webdo.tn\\\/fr\\\/actualite\\\/national\\\/suite-a-des-manquements-amilcar-subit-une-inspection-en-italie\\\/217625\\\/\"},\"author\":{\"name\":\"KJ\",\"@id\":\"https:\\\/\\\/www.webdo.tn\\\/fr\\\/#\\\/schema\\\/person\\\/82ca085b22037d285e1a3c4b65ba5f71\"},\"headline\":\"Suite \u00e0 des manquements, \u00ab\u00a0Amilcar\u00a0\u00bb subit une inspection en Italie\",\"datePublished\":\"2024-11-15T17:52:00+00:00\",\"dateModified\":\"2025-05-20T22:21:34+00:00\",\"mainEntityOfPage\":{\"@id\":\"https:\\\/\\\/www.webdo.tn\\\/fr\\\/actualite\\\/national\\\/suite-a-des-manquements-amilcar-subit-une-inspection-en-italie\\\/217625\\\/\"},\"wordCount\":314,\"commentCount\":0,\"publisher\":{\"@id\":\"https:\\\/\\\/www.webdo.tn\\\/fr\\\/#organization\"},\"image\":{\"@id\":\"https:\\\/\\\/www.webdo.tn\\\/fr\\\/actualite\\\/national\\\/suite-a-des-manquements-amilcar-subit-une-inspection-en-italie\\\/217625\\\/#primaryimage\"},\"thumbnailUrl\":\"https:\\\/\\\/www.webdo.tn\\\/fr\\\/wp-content\\\/uploads\\\/2025\\\/05\\\/d67dd15aaf3e89549d14ffb65dcbd4f5-1.webp\",\"keywords\":[\"Amilcar\",\"navire\",\"Tunisie\"],\"articleSection\":[\"National\"],\"inLanguage\":\"fr-FR\"},{\"@type\":\"WebPage\",\"@id\":\"https:\\\/\\\/www.webdo.tn\\\/fr\\\/actualite\\\/national\\\/suite-a-des-manquements-amilcar-subit-une-inspection-en-italie\\\/217625\\\/\",\"url\":\"https:\\\/\\\/www.webdo.tn\\\/fr\\\/actualite\\\/national\\\/suite-a-des-manquements-amilcar-subit-une-inspection-en-italie\\\/217625\\\/\",\"name\":\"Suite \u00e0 des manquements, Amilcar subit une inspection en Italie\",\"isPartOf\":{\"@id\":\"https:\\\/\\\/www.webdo.tn\\\/fr\\\/#website\"},\"primaryImageOfPage\":{\"@id\":\"https:\\\/\\\/www.webdo.tn\\\/fr\\\/actualite\\\/national\\\/suite-a-des-manquements-amilcar-subit-une-inspection-en-italie\\\/217625\\\/#primaryimage\"},\"image\":{\"@id\":\"https:\\\/\\\/www.webdo.tn\\\/fr\\\/actualite\\\/national\\\/suite-a-des-manquements-amilcar-subit-une-inspection-en-italie\\\/217625\\\/#primaryimage\"},\"thumbnailUrl\":\"https:\\\/\\\/www.webdo.tn\\\/fr\\\/wp-content\\\/uploads\\\/2025\\\/05\\\/d67dd15aaf3e89549d14ffb65dcbd4f5-1.webp\",\"datePublished\":\"2024-11-15T17:52:00+00:00\",\"dateModified\":\"2025-05-20T22:21:34+00:00\",\"description\":\"Elle a pr\u00e9cis\u00e9 que les navires commerciaux sont r\u00e9guli\u00e8rement soumis au contr\u00f4le de l'\u00c9tat du port, conform\u00e9ment \u00e0 15 instruments internationaux, portant princi...\",\"breadcrumb\":{\"@id\":\"https:\\\/\\\/www.webdo.tn\\\/fr\\\/actualite\\\/national\\\/suite-a-des-manquements-amilcar-subit-une-inspection-en-italie\\\/217625\\\/#breadcrumb\"},\"inLanguage\":\"fr-FR\",\"potentialAction\":[{\"@type\":\"ReadAction\",\"target\":[\"https:\\\/\\\/www.webdo.tn\\\/fr\\\/actualite\\\/national\\\/suite-a-des-manquements-amilcar-subit-une-inspection-en-italie\\\/217625\\\/\"]}]},{\"@type\":\"ImageObject\",\"inLanguage\":\"fr-FR\",\"@id\":\"https:\\\/\\\/www.webdo.tn\\\/fr\\\/actualite\\\/national\\\/suite-a-des-manquements-amilcar-subit-une-inspection-en-italie\\\/217625\\\/#primaryimage\",\"url\":\"https:\\\/\\\/www.webdo.tn\\\/fr\\\/wp-content\\\/uploads\\\/2025\\\/05\\\/d67dd15aaf3e89549d14ffb65dcbd4f5-1.webp\",\"contentUrl\":\"https:\\\/\\\/www.webdo.tn\\\/fr\\\/wp-content\\\/uploads\\\/2025\\\/05\\\/d67dd15aaf3e89549d14ffb65dcbd4f5-1.webp\",\"width\":750,\"height\":400},{\"@type\":\"BreadcrumbList\",\"@id\":\"https:\\\/\\\/www.webdo.tn\\\/fr\\\/actualite\\\/national\\\/suite-a-des-manquements-amilcar-subit-une-inspection-en-italie\\\/217625\\\/#breadcrumb\",\"itemListElement\":[{\"@type\":\"ListItem\",\"position\":1,\"name\":\"Accueil\",\"item\":\"https:\\\/\\\/www.webdo.tn\\\/fr\\\/\"},{\"@type\":\"ListItem\",\"position\":2,\"name\":\"Suite \u00e0 des manquements, &#8220;Amilcar&#8221; subit une inspection en Italie\"}]},{\"@type\":\"WebSite\",\"@id\":\"https:\\\/\\\/www.webdo.tn\\\/fr\\\/#website\",\"url\":\"https:\\\/\\\/www.webdo.tn\\\/fr\\\/\",\"name\":\"webdo\",\"description\":\"Tunisie - News en Tunisie et \u00e0 l&#039;international sur Webdo.tn\",\"publisher\":{\"@id\":\"https:\\\/\\\/www.webdo.tn\\\/fr\\\/#organization\"},\"potentialAction\":[{\"@type\":\"SearchAction\",\"target\":{\"@type\":\"EntryPoint\",\"urlTemplate\":\"https:\\\/\\\/www.webdo.tn\\\/fr\\\/?s={search_term_string}\"},\"query-input\":{\"@type\":\"PropertyValueSpecification\",\"valueRequired\":true,\"valueName\":\"search_term_string\"}}],\"inLanguage\":\"fr-FR\"},{\"@type\":\"Organization\",\"@id\":\"https:\\\/\\\/www.webdo.tn\\\/fr\\\/#organization\",\"name\":\"Webdo\",\"alternateName\":\"Webdo.tn\",\"url\":\"https:\\\/\\\/www.webdo.tn\\\/fr\\\/\",\"logo\":{\"@type\":\"ImageObject\",\"inLanguage\":\"fr-FR\",\"@id\":\"https:\\\/\\\/www.webdo.tn\\\/fr\\\/#\\\/schema\\\/logo\\\/image\\\/\",\"url\":\"https:\\\/\\\/www.webdo.tn\\\/fr\\\/wp-content\\\/uploads\\\/2025\\\/06\\\/Webdo-Tunisie_168377.jpg\",\"contentUrl\":\"https:\\\/\\\/www.webdo.tn\\\/fr\\\/wp-content\\\/uploads\\\/2025\\\/06\\\/Webdo-Tunisie_168377.jpg\",\"width\":301,\"height\":301,\"caption\":\"Webdo\"},\"image\":{\"@id\":\"https:\\\/\\\/www.webdo.tn\\\/fr\\\/#\\\/schema\\\/logo\\\/image\\\/\"},\"sameAs\":[\"https:\\\/\\\/www.facebook.com\\\/webdotn\",\"https:\\\/\\\/x.com\\\/webdo_tn\"],\"description\":\"Webdo est un m\u00e9dia num\u00e9rique tunisien fond\u00e9 en 2010, sp\u00e9cialis\u00e9 dans l\u2019actualit\u00e9 nationale et internationale, l\u2019\u00e9conomie, la soci\u00e9t\u00e9 et les analyses politiques. Le site s\u2019adresse \u00e0 un large public francophone et couvre l\u2019information tunisienne en temps r\u00e9el.\",\"email\":\"redac@webdo.tn\",\"legalName\":\"YNJ SARL\",\"foundingDate\":\"2010-09-06\",\"numberOfEmployees\":{\"@type\":\"QuantitativeValue\",\"minValue\":\"11\",\"maxValue\":\"50\"}},{\"@type\":\"Person\",\"@id\":\"https:\\\/\\\/www.webdo.tn\\\/fr\\\/#\\\/schema\\\/person\\\/82ca085b22037d285e1a3c4b65ba5f71\",\"name\":\"KJ\",\"image\":{\"@type\":\"ImageObject\",\"inLanguage\":\"fr-FR\",\"@id\":\"https:\\\/\\\/secure.gravatar.com\\\/avatar\\\/1a1320de1c1971c893f00068f760b4113d69504aa21273da17ee95650c5944fd?s=96&d=mm&r=g\",\"url\":\"https:\\\/\\\/secure.gravatar.com\\\/avatar\\\/1a1320de1c1971c893f00068f760b4113d69504aa21273da17ee95650c5944fd?s=96&d=mm&r=g\",\"contentUrl\":\"https:\\\/\\\/secure.gravatar.com\\\/avatar\\\/1a1320de1c1971c893f00068f760b4113d69504aa21273da17ee95650c5944fd?s=96&d=mm&r=g\",\"caption\":\"KJ\"},\"url\":\"https:\\\/\\\/www.webdo.tn\\\/fr\\\/actualite\\\/author\\\/kj\\\/\"}]}<\/script>\n<!-- \/ Yoast SEO Premium plugin. -->","yoast_head_json":{"title":"Suite \u00e0 des manquements, Amilcar subit une inspection en Italie","description":"Elle a pr\u00e9cis\u00e9 que les navires commerciaux sont r\u00e9guli\u00e8rement soumis au contr\u00f4le de l'\u00c9tat du port, conform\u00e9ment \u00e0 15 instruments internationaux, portant princi...","canonical":"https:\/\/www.webdo.tn\/fr\/actualite\/national\/suite-a-des-manquements-amilcar-subit-une-inspection-en-italie\/217625\/","og_locale":"fr_FR","og_type":"article","og_title":"Suite \u00e0 des manquements, \"Amilcar\" subit une inspection en Italie","og_description":"Elle a pr\u00e9cis\u00e9 que les navires commerciaux sont r\u00e9guli\u00e8rement soumis au contr\u00f4le de l'\u00c9tat du port, conform\u00e9ment \u00e0 15 instruments internationaux, portant princi...","og_url":"https:\/\/www.webdo.tn\/fr\/actualite\/national\/suite-a-des-manquements-amilcar-subit-une-inspection-en-italie\/217625\/","og_site_name":"webdo","article_publisher":"https:\/\/www.facebook.com\/webdotn","article_published_time":"2024-11-15T17:52:00+00:00","article_modified_time":"2025-05-20T22:21:34+00:00","og_image":[{"width":750,"height":400,"url":"https:\/\/www.webdo.tn\/fr\/wp-content\/uploads\/2025\/05\/d67dd15aaf3e89549d14ffb65dcbd4f5-1.webp","type":"image\/webp"}],"author":"KJ","twitter_card":"summary_large_image","twitter_creator":"@webdo_tn","twitter_site":"@webdo_tn","twitter_misc":{"\u00c9crit par":"KJ","Dur\u00e9e de lecture estim\u00e9e":"1 minute"},"schema":{"@context":"https:\/\/schema.org","@graph":[{"@type":"NewsArticle","@id":"https:\/\/www.webdo.tn\/fr\/actualite\/national\/suite-a-des-manquements-amilcar-subit-une-inspection-en-italie\/217625\/#article","isPartOf":{"@id":"https:\/\/www.webdo.tn\/fr\/actualite\/national\/suite-a-des-manquements-amilcar-subit-une-inspection-en-italie\/217625\/"},"author":{"name":"KJ","@id":"https:\/\/www.webdo.tn\/fr\/#\/schema\/person\/82ca085b22037d285e1a3c4b65ba5f71"},"headline":"Suite \u00e0 des manquements, \u00ab\u00a0Amilcar\u00a0\u00bb subit une inspection en Italie","datePublished":"2024-11-15T17:52:00+00:00","dateModified":"2025-05-20T22:21:34+00:00","mainEntityOfPage":{"@id":"https:\/\/www.webdo.tn\/fr\/actualite\/national\/suite-a-des-manquements-amilcar-subit-une-inspection-en-italie\/217625\/"},"wordCount":314,"commentCount":0,"publisher":{"@id":"https:\/\/www.webdo.tn\/fr\/#organization"},"image":{"@id":"https:\/\/www.webdo.tn\/fr\/actualite\/national\/suite-a-des-manquements-amilcar-subit-une-inspection-en-italie\/217625\/#primaryimage"},"thumbnailUrl":"https:\/\/www.webdo.tn\/fr\/wp-content\/uploads\/2025\/05\/d67dd15aaf3e89549d14ffb65dcbd4f5-1.webp","keywords":["Amilcar","navire","Tunisie"],"articleSection":["National"],"inLanguage":"fr-FR"},{"@type":"WebPage","@id":"https:\/\/www.webdo.tn\/fr\/actualite\/national\/suite-a-des-manquements-amilcar-subit-une-inspection-en-italie\/217625\/","url":"https:\/\/www.webdo.tn\/fr\/actualite\/national\/suite-a-des-manquements-amilcar-subit-une-inspection-en-italie\/217625\/","name":"Suite \u00e0 des manquements, Amilcar subit une inspection en Italie","isPartOf":{"@id":"https:\/\/www.webdo.tn\/fr\/#website"},"primaryImageOfPage":{"@id":"https:\/\/www.webdo.tn\/fr\/actualite\/national\/suite-a-des-manquements-amilcar-subit-une-inspection-en-italie\/217625\/#primaryimage"},"image":{"@id":"https:\/\/www.webdo.tn\/fr\/actualite\/national\/suite-a-des-manquements-amilcar-subit-une-inspection-en-italie\/217625\/#primaryimage"},"thumbnailUrl":"https:\/\/www.webdo.tn\/fr\/wp-content\/uploads\/2025\/05\/d67dd15aaf3e89549d14ffb65dcbd4f5-1.webp","datePublished":"2024-11-15T17:52:00+00:00","dateModified":"2025-05-20T22:21:34+00:00","description":"Elle a pr\u00e9cis\u00e9 que les navires commerciaux sont r\u00e9guli\u00e8rement soumis au contr\u00f4le de l'\u00c9tat du port, conform\u00e9ment \u00e0 15 instruments internationaux, portant princi...","breadcrumb":{"@id":"https:\/\/www.webdo.tn\/fr\/actualite\/national\/suite-a-des-manquements-amilcar-subit-une-inspection-en-italie\/217625\/#breadcrumb"},"inLanguage":"fr-FR","potentialAction":[{"@type":"ReadAction","target":["https:\/\/www.webdo.tn\/fr\/actualite\/national\/suite-a-des-manquements-amilcar-subit-une-inspection-en-italie\/217625\/"]}]},{"@type":"ImageObject","inLanguage":"fr-FR","@id":"https:\/\/www.webdo.tn\/fr\/actualite\/national\/suite-a-des-manquements-amilcar-subit-une-inspection-en-italie\/217625\/#primaryimage","url":"https:\/\/www.webdo.tn\/fr\/wp-content\/uploads\/2025\/05\/d67dd15aaf3e89549d14ffb65dcbd4f5-1.webp","contentUrl":"https:\/\/www.webdo.tn\/fr\/wp-content\/uploads\/2025\/05\/d67dd15aaf3e89549d14ffb65dcbd4f5-1.webp","width":750,"height":400},{"@type":"BreadcrumbList","@id":"https:\/\/www.webdo.tn\/fr\/actualite\/national\/suite-a-des-manquements-amilcar-subit-une-inspection-en-italie\/217625\/#breadcrumb","itemListElement":[{"@type":"ListItem","position":1,"name":"Accueil","item":"https:\/\/www.webdo.tn\/fr\/"},{"@type":"ListItem","position":2,"name":"Suite \u00e0 des manquements, &#8220;Amilcar&#8221; subit une inspection en Italie"}]},{"@type":"WebSite","@id":"https:\/\/www.webdo.tn\/fr\/#website","url":"https:\/\/www.webdo.tn\/fr\/","name":"webdo","description":"Tunisie - News en Tunisie et \u00e0 l&#039;international sur Webdo.tn","publisher":{"@id":"https:\/\/www.webdo.tn\/fr\/#organization"},"potentialAction":[{"@type":"SearchAction","target":{"@type":"EntryPoint","urlTemplate":"https:\/\/www.webdo.tn\/fr\/?s={search_term_string}"},"query-input":{"@type":"PropertyValueSpecification","valueRequired":true,"valueName":"search_term_string"}}],"inLanguage":"fr-FR"},{"@type":"Organization","@id":"https:\/\/www.webdo.tn\/fr\/#organization","name":"Webdo","alternateName":"Webdo.tn","url":"https:\/\/www.webdo.tn\/fr\/","logo":{"@type":"ImageObject","inLanguage":"fr-FR","@id":"https:\/\/www.webdo.tn\/fr\/#\/schema\/logo\/image\/","url":"https:\/\/www.webdo.tn\/fr\/wp-content\/uploads\/2025\/06\/Webdo-Tunisie_168377.jpg","contentUrl":"https:\/\/www.webdo.tn\/fr\/wp-content\/uploads\/2025\/06\/Webdo-Tunisie_168377.jpg","width":301,"height":301,"caption":"Webdo"},"image":{"@id":"https:\/\/www.webdo.tn\/fr\/#\/schema\/logo\/image\/"},"sameAs":["https:\/\/www.facebook.com\/webdotn","https:\/\/x.com\/webdo_tn"],"description":"Webdo est un m\u00e9dia num\u00e9rique tunisien fond\u00e9 en 2010, sp\u00e9cialis\u00e9 dans l\u2019actualit\u00e9 nationale et internationale, l\u2019\u00e9conomie, la soci\u00e9t\u00e9 et les analyses politiques. Le site s\u2019adresse \u00e0 un large public francophone et couvre l\u2019information tunisienne en temps r\u00e9el.","email":"redac@webdo.tn","legalName":"YNJ SARL","foundingDate":"2010-09-06","numberOfEmployees":{"@type":"QuantitativeValue","minValue":"11","maxValue":"50"}},{"@type":"Person","@id":"https:\/\/www.webdo.tn\/fr\/#\/schema\/person\/82ca085b22037d285e1a3c4b65ba5f71","name":"KJ","image":{"@type":"ImageObject","inLanguage":"fr-FR","@id":"https:\/\/secure.gravatar.com\/avatar\/1a1320de1c1971c893f00068f760b4113d69504aa21273da17ee95650c5944fd?s=96&d=mm&r=g","url":"https:\/\/secure.gravatar.com\/avatar\/1a1320de1c1971c893f00068f760b4113d69504aa21273da17ee95650c5944fd?s=96&d=mm&r=g","contentUrl":"https:\/\/secure.gravatar.com\/avatar\/1a1320de1c1971c893f00068f760b4113d69504aa21273da17ee95650c5944fd?s=96&d=mm&r=g","caption":"KJ"},"url":"https:\/\/www.webdo.tn\/fr\/actualite\/author\/kj\/"}]}},"_links":{"self":[{"href":"https:\/\/www.webdo.tn\/fr\/wp-json\/wp\/v2\/posts\/217625","targetHints":{"allow":["GET"]}}],"collection":[{"href":"https:\/\/www.webdo.tn\/fr\/wp-json\/wp\/v2\/posts"}],"about":[{"href":"https:\/\/www.webdo.tn\/fr\/wp-json\/wp\/v2\/types\/post"}],"author":[{"embeddable":true,"href":"https:\/\/www.webdo.tn\/fr\/wp-json\/wp\/v2\/users\/3163"}],"replies":[{"embeddable":true,"href":"https:\/\/www.webdo.tn\/fr\/wp-json\/wp\/v2\/comments?post=217625"}],"version-history":[{"count":0,"href":"https:\/\/www.webdo.tn\/fr\/wp-json\/wp\/v2\/posts\/217625\/revisions"}],"wp:featuredmedia":[{"embeddable":true,"href":"https:\/\/www.webdo.tn\/fr\/wp-json\/wp\/v2\/media\/244032"}],"wp:attachment":[{"href":"https:\/\/www.webdo.tn\/fr\/wp-json\/wp\/v2\/media?parent=217625"}],"wp:term":[{"taxonomy":"category","embeddable":true,"href":"https:\/\/www.webdo.tn\/fr\/wp-json\/wp\/v2\/categories?post=217625"},{"taxonomy":"post_tag","embeddable":true,"href":"https:\/\/www.webdo.tn\/fr\/wp-json\/wp\/v2\/tags?post=217625"}],"curies":[{"name":"wp","href":"https:\/\/api.w.org\/{rel}","templated":true}]}}