{"id":217624,"date":"2024-11-15T15:29:00","date_gmt":"2024-11-15T15:29:00","guid":{"rendered":"https:\/\/www.webdo.tn\/fr\/blog\/2024\/11\/15\/le-doctorant-francais-arrete-en-tunisie-regagne-la-france\/"},"modified":"2025-05-20T21:46:49","modified_gmt":"2025-05-20T21:46:49","slug":"le-doctorant-francais-arrete-en-tunisie-regagne-la-france","status":"publish","type":"post","link":"https:\/\/www.webdo.tn\/fr\/actualite\/national\/le-doctorant-francais-arrete-en-tunisie-regagne-la-france\/217624\/","title":{"rendered":"Le doctorant fran\u00e7ais arr\u00eat\u00e9 en Tunisie regagne la France"},"content":{"rendered":"<p>Arr\u00eat\u00e9 le 19 octobre dernier \u00e0 Tunis, le doctorant fran\u00e7ais Victor Dupont, a \u00e9t\u00e9 lib\u00e9r\u00e9 le 12 novembre. Il a regagn\u00e9 la France aujourd\u2019hui, a fait savoir le porte-parole du minist\u00e8re fran\u00e7ais des Affaires \u00e9trang\u00e8res.<\/p>\n<p>\t\t\t\t\t\t\t\t\tVincent Dupont, doctorant \u00e0 l\u2019Universit\u00e9 Aix-Marseille, avait \u00e9t\u00e9 arr\u00eat\u00e9 le 19 octobre 2024, \u00e0 Tunis, dix jours apr\u00e8s son arriv\u00e9e en Tunisie o\u00f9 il avait commenc\u00e9 \u00e0 effectuer des recherches sur les trajectoires socioprofessionnelles des personnes engag\u00e9es lors de la R\u00e9volution de 2011.<\/p>\n<p>Arr\u00eat\u00e9 sur ordre de la justice militaire tunisienne, le doctorant fran\u00e7ais a \u00e9t\u00e9 lib\u00e9r\u00e9 mardi dernier et est rentr\u00e9 en France ce vendredi 15 novembre 2024, a indiqu\u00e9 le porte-parole du minist\u00e8re fran\u00e7ais des Affaires \u00e9trang\u00e8res.<\/p>\n<p>\u00ab\u00a0Victor Dupont est sorti de prison le 12 novembre et a regagn\u00e9 la France aujourd\u2019hui\u00a0\u00bb, a d\u00e9clar\u00e9 Christophe Lemoine. \u00ab\u00a0Nous nous r\u00e9jouissons qu\u2019il puisse retrouver ses proches\u00a0\u00bb, a-t-il ajout\u00e9 en r\u00e9ponse \u00e0 une question sur la situation du ressortissant lors du point presse hebdomadaire au Quai d\u2019Orsay.<\/p>\n<p>Alors que le motif de son arrestation n\u2019a pas \u00e9t\u00e9 officiellement communiqu\u00e9, le porte-parole du Quai d\u2019Orsay a soulign\u00e9 que \u00ab\u00a0le minist\u00e8re des Affaires \u00e9trang\u00e8res, le minist\u00e8re de l\u2019Enseignement sup\u00e9rieur, notre ambassade et notre consulat \u00e0 Tunis sont rest\u00e9s mobilis\u00e9s tout au long de cette affaire\u00a0\u00bb.<\/p>\n","protected":false},"excerpt":{"rendered":"<p>Arr\u00eat\u00e9 le 19 octobre dernier \u00e0 Tunis, le doctorant fran\u00e7ais Victor Dupont, a \u00e9t\u00e9 lib\u00e9r\u00e9 le 12 novembre. Il a regagn\u00e9 la France aujourd\u2019hui, a fait savoir le por&#8230;<\/p>\n","protected":false},"author":3162,"featured_media":244028,"comment_status":"open","ping_status":"open","sticky":false,"template":"","format":"standard","meta":{"footnotes":""},"categories":[44],"tags":[2966,2998,2608,5069],"class_list":["post-217624","post","type-post","status-publish","format-standard","has-post-thumbnail","hentry","category-national","tag-arrestation","tag-france","tag-tunisie","tag-vincent-dupont"],"yoast_head":"<!-- This site is optimized with the Yoast SEO Premium plugin v27.4 (Yoast SEO v27.5) - https:\/\/yoast.com\/product\/yoast-seo-premium-wordpress\/ -->\n<title>Le doctorant fran\u00e7ais arr\u00eat\u00e9 en Tunisie regagne la France<\/title>\n<meta name=\"description\" content=\"Arr\u00eat\u00e9 le 19 octobre dernier \u00e0 Tunis, le doctorant fran\u00e7ais Victor Dupont, a \u00e9t\u00e9 lib\u00e9r\u00e9 le 12 novembre. Il a regagn\u00e9 la France aujourd\u2019hui, a fait savoir le por...\" \/>\n<link rel=\"canonical\" href=\"https:\/\/www.webdo.tn\/fr\/actualite\/national\/le-doctorant-francais-arrete-en-tunisie-regagne-la-france\/217624\/\" \/>\n<meta property=\"og:locale\" content=\"fr_FR\" \/>\n<meta property=\"og:type\" content=\"article\" \/>\n<meta property=\"og:title\" content=\"Le doctorant fran\u00e7ais arr\u00eat\u00e9 en Tunisie regagne la France\" \/>\n<meta property=\"og:description\" content=\"Arr\u00eat\u00e9 le 19 octobre dernier \u00e0 Tunis, le doctorant fran\u00e7ais Victor Dupont, a \u00e9t\u00e9 lib\u00e9r\u00e9 le 12 novembre. Il a regagn\u00e9 la France aujourd\u2019hui, a fait savoir le por...\" \/>\n<meta property=\"og:url\" content=\"https:\/\/www.webdo.tn\/fr\/actualite\/national\/le-doctorant-francais-arrete-en-tunisie-regagne-la-france\/217624\/\" \/>\n<meta property=\"og:site_name\" content=\"webdo\" \/>\n<meta property=\"article:publisher\" content=\"https:\/\/www.facebook.com\/webdotn\" \/>\n<meta property=\"article:published_time\" content=\"2024-11-15T15:29:00+00:00\" \/>\n<meta property=\"article:modified_time\" content=\"2025-05-20T21:46:49+00:00\" \/>\n<meta property=\"og:image\" content=\"https:\/\/www.webdo.tn\/fr\/wp-content\/uploads\/2025\/05\/f3cb31ab62de3b8dcd4cc6d099c6591e-1.webp\" \/>\n\t<meta property=\"og:image:width\" content=\"750\" \/>\n\t<meta property=\"og:image:height\" content=\"400\" \/>\n\t<meta property=\"og:image:type\" content=\"image\/webp\" \/>\n<meta name=\"author\" content=\"MC\" \/>\n<meta name=\"twitter:card\" content=\"summary_large_image\" \/>\n<meta name=\"twitter:creator\" content=\"@webdo_tn\" \/>\n<meta name=\"twitter:site\" content=\"@webdo_tn\" \/>\n<meta name=\"twitter:label1\" content=\"\u00c9crit par\" \/>\n\t<meta name=\"twitter:data1\" content=\"MC\" \/>\n\t<meta name=\"twitter:label2\" content=\"Dur\u00e9e de lecture estim\u00e9e\" \/>\n\t<meta name=\"twitter:data2\" content=\"1 minute\" \/>\n<script type=\"application\/ld+json\" class=\"yoast-schema-graph\">{\"@context\":\"https:\\\/\\\/schema.org\",\"@graph\":[{\"@type\":\"NewsArticle\",\"@id\":\"https:\\\/\\\/www.webdo.tn\\\/fr\\\/actualite\\\/national\\\/le-doctorant-francais-arrete-en-tunisie-regagne-la-france\\\/217624\\\/#article\",\"isPartOf\":{\"@id\":\"https:\\\/\\\/www.webdo.tn\\\/fr\\\/actualite\\\/national\\\/le-doctorant-francais-arrete-en-tunisie-regagne-la-france\\\/217624\\\/\"},\"author\":{\"name\":\"MC\",\"@id\":\"https:\\\/\\\/www.webdo.tn\\\/fr\\\/#\\\/schema\\\/person\\\/2c4929cbf5a809e3bd38617c6ce150f6\"},\"headline\":\"Le doctorant fran\u00e7ais arr\u00eat\u00e9 en Tunisie regagne la France\",\"datePublished\":\"2024-11-15T15:29:00+00:00\",\"dateModified\":\"2025-05-20T21:46:49+00:00\",\"mainEntityOfPage\":{\"@id\":\"https:\\\/\\\/www.webdo.tn\\\/fr\\\/actualite\\\/national\\\/le-doctorant-francais-arrete-en-tunisie-regagne-la-france\\\/217624\\\/\"},\"wordCount\":238,\"commentCount\":0,\"publisher\":{\"@id\":\"https:\\\/\\\/www.webdo.tn\\\/fr\\\/#organization\"},\"image\":{\"@id\":\"https:\\\/\\\/www.webdo.tn\\\/fr\\\/actualite\\\/national\\\/le-doctorant-francais-arrete-en-tunisie-regagne-la-france\\\/217624\\\/#primaryimage\"},\"thumbnailUrl\":\"https:\\\/\\\/www.webdo.tn\\\/fr\\\/wp-content\\\/uploads\\\/2025\\\/05\\\/f3cb31ab62de3b8dcd4cc6d099c6591e-1.webp\",\"keywords\":[\"arrestation\",\"france\",\"Tunisie\",\"vincent dupont\"],\"articleSection\":[\"National\"],\"inLanguage\":\"fr-FR\"},{\"@type\":\"WebPage\",\"@id\":\"https:\\\/\\\/www.webdo.tn\\\/fr\\\/actualite\\\/national\\\/le-doctorant-francais-arrete-en-tunisie-regagne-la-france\\\/217624\\\/\",\"url\":\"https:\\\/\\\/www.webdo.tn\\\/fr\\\/actualite\\\/national\\\/le-doctorant-francais-arrete-en-tunisie-regagne-la-france\\\/217624\\\/\",\"name\":\"Le doctorant fran\u00e7ais arr\u00eat\u00e9 en Tunisie regagne la France\",\"isPartOf\":{\"@id\":\"https:\\\/\\\/www.webdo.tn\\\/fr\\\/#website\"},\"primaryImageOfPage\":{\"@id\":\"https:\\\/\\\/www.webdo.tn\\\/fr\\\/actualite\\\/national\\\/le-doctorant-francais-arrete-en-tunisie-regagne-la-france\\\/217624\\\/#primaryimage\"},\"image\":{\"@id\":\"https:\\\/\\\/www.webdo.tn\\\/fr\\\/actualite\\\/national\\\/le-doctorant-francais-arrete-en-tunisie-regagne-la-france\\\/217624\\\/#primaryimage\"},\"thumbnailUrl\":\"https:\\\/\\\/www.webdo.tn\\\/fr\\\/wp-content\\\/uploads\\\/2025\\\/05\\\/f3cb31ab62de3b8dcd4cc6d099c6591e-1.webp\",\"datePublished\":\"2024-11-15T15:29:00+00:00\",\"dateModified\":\"2025-05-20T21:46:49+00:00\",\"description\":\"Arr\u00eat\u00e9 le 19 octobre dernier \u00e0 Tunis, le doctorant fran\u00e7ais Victor Dupont, a \u00e9t\u00e9 lib\u00e9r\u00e9 le 12 novembre. Il a regagn\u00e9 la France aujourd\u2019hui, a fait savoir le por...\",\"breadcrumb\":{\"@id\":\"https:\\\/\\\/www.webdo.tn\\\/fr\\\/actualite\\\/national\\\/le-doctorant-francais-arrete-en-tunisie-regagne-la-france\\\/217624\\\/#breadcrumb\"},\"inLanguage\":\"fr-FR\",\"potentialAction\":[{\"@type\":\"ReadAction\",\"target\":[\"https:\\\/\\\/www.webdo.tn\\\/fr\\\/actualite\\\/national\\\/le-doctorant-francais-arrete-en-tunisie-regagne-la-france\\\/217624\\\/\"]}]},{\"@type\":\"ImageObject\",\"inLanguage\":\"fr-FR\",\"@id\":\"https:\\\/\\\/www.webdo.tn\\\/fr\\\/actualite\\\/national\\\/le-doctorant-francais-arrete-en-tunisie-regagne-la-france\\\/217624\\\/#primaryimage\",\"url\":\"https:\\\/\\\/www.webdo.tn\\\/fr\\\/wp-content\\\/uploads\\\/2025\\\/05\\\/f3cb31ab62de3b8dcd4cc6d099c6591e-1.webp\",\"contentUrl\":\"https:\\\/\\\/www.webdo.tn\\\/fr\\\/wp-content\\\/uploads\\\/2025\\\/05\\\/f3cb31ab62de3b8dcd4cc6d099c6591e-1.webp\",\"width\":750,\"height\":400},{\"@type\":\"BreadcrumbList\",\"@id\":\"https:\\\/\\\/www.webdo.tn\\\/fr\\\/actualite\\\/national\\\/le-doctorant-francais-arrete-en-tunisie-regagne-la-france\\\/217624\\\/#breadcrumb\",\"itemListElement\":[{\"@type\":\"ListItem\",\"position\":1,\"name\":\"Accueil\",\"item\":\"https:\\\/\\\/www.webdo.tn\\\/fr\\\/\"},{\"@type\":\"ListItem\",\"position\":2,\"name\":\"Le doctorant fran\u00e7ais arr\u00eat\u00e9 en Tunisie regagne la France\"}]},{\"@type\":\"WebSite\",\"@id\":\"https:\\\/\\\/www.webdo.tn\\\/fr\\\/#website\",\"url\":\"https:\\\/\\\/www.webdo.tn\\\/fr\\\/\",\"name\":\"webdo\",\"description\":\"Tunisie - News en Tunisie et \u00e0 l&#039;international sur Webdo.tn\",\"publisher\":{\"@id\":\"https:\\\/\\\/www.webdo.tn\\\/fr\\\/#organization\"},\"potentialAction\":[{\"@type\":\"SearchAction\",\"target\":{\"@type\":\"EntryPoint\",\"urlTemplate\":\"https:\\\/\\\/www.webdo.tn\\\/fr\\\/?s={search_term_string}\"},\"query-input\":{\"@type\":\"PropertyValueSpecification\",\"valueRequired\":true,\"valueName\":\"search_term_string\"}}],\"inLanguage\":\"fr-FR\"},{\"@type\":\"Organization\",\"@id\":\"https:\\\/\\\/www.webdo.tn\\\/fr\\\/#organization\",\"name\":\"Webdo\",\"alternateName\":\"Webdo.tn\",\"url\":\"https:\\\/\\\/www.webdo.tn\\\/fr\\\/\",\"logo\":{\"@type\":\"ImageObject\",\"inLanguage\":\"fr-FR\",\"@id\":\"https:\\\/\\\/www.webdo.tn\\\/fr\\\/#\\\/schema\\\/logo\\\/image\\\/\",\"url\":\"https:\\\/\\\/www.webdo.tn\\\/fr\\\/wp-content\\\/uploads\\\/2025\\\/06\\\/Webdo-Tunisie_168377.jpg\",\"contentUrl\":\"https:\\\/\\\/www.webdo.tn\\\/fr\\\/wp-content\\\/uploads\\\/2025\\\/06\\\/Webdo-Tunisie_168377.jpg\",\"width\":301,\"height\":301,\"caption\":\"Webdo\"},\"image\":{\"@id\":\"https:\\\/\\\/www.webdo.tn\\\/fr\\\/#\\\/schema\\\/logo\\\/image\\\/\"},\"sameAs\":[\"https:\\\/\\\/www.facebook.com\\\/webdotn\",\"https:\\\/\\\/x.com\\\/webdo_tn\"],\"description\":\"Webdo est un m\u00e9dia num\u00e9rique tunisien fond\u00e9 en 2010, sp\u00e9cialis\u00e9 dans l\u2019actualit\u00e9 nationale et internationale, l\u2019\u00e9conomie, la soci\u00e9t\u00e9 et les analyses politiques. Le site s\u2019adresse \u00e0 un large public francophone et couvre l\u2019information tunisienne en temps r\u00e9el.\",\"email\":\"redac@webdo.tn\",\"legalName\":\"YNJ SARL\",\"foundingDate\":\"2010-09-06\",\"numberOfEmployees\":{\"@type\":\"QuantitativeValue\",\"minValue\":\"11\",\"maxValue\":\"50\"}},{\"@type\":\"Person\",\"@id\":\"https:\\\/\\\/www.webdo.tn\\\/fr\\\/#\\\/schema\\\/person\\\/2c4929cbf5a809e3bd38617c6ce150f6\",\"name\":\"MC\",\"image\":{\"@type\":\"ImageObject\",\"inLanguage\":\"fr-FR\",\"@id\":\"https:\\\/\\\/secure.gravatar.com\\\/avatar\\\/a545bbb6f84efdd5553dbbc2895e3ca8f1d12c5215e00a041c9670b54aa9b18a?s=96&d=mm&r=g\",\"url\":\"https:\\\/\\\/secure.gravatar.com\\\/avatar\\\/a545bbb6f84efdd5553dbbc2895e3ca8f1d12c5215e00a041c9670b54aa9b18a?s=96&d=mm&r=g\",\"contentUrl\":\"https:\\\/\\\/secure.gravatar.com\\\/avatar\\\/a545bbb6f84efdd5553dbbc2895e3ca8f1d12c5215e00a041c9670b54aa9b18a?s=96&d=mm&r=g\",\"caption\":\"MC\"},\"url\":\"https:\\\/\\\/www.webdo.tn\\\/fr\\\/actualite\\\/author\\\/mc\\\/\"}]}<\/script>\n<!-- \/ Yoast SEO Premium plugin. -->","yoast_head_json":{"title":"Le doctorant fran\u00e7ais arr\u00eat\u00e9 en Tunisie regagne la France","description":"Arr\u00eat\u00e9 le 19 octobre dernier \u00e0 Tunis, le doctorant fran\u00e7ais Victor Dupont, a \u00e9t\u00e9 lib\u00e9r\u00e9 le 12 novembre. Il a regagn\u00e9 la France aujourd\u2019hui, a fait savoir le por...","canonical":"https:\/\/www.webdo.tn\/fr\/actualite\/national\/le-doctorant-francais-arrete-en-tunisie-regagne-la-france\/217624\/","og_locale":"fr_FR","og_type":"article","og_title":"Le doctorant fran\u00e7ais arr\u00eat\u00e9 en Tunisie regagne la France","og_description":"Arr\u00eat\u00e9 le 19 octobre dernier \u00e0 Tunis, le doctorant fran\u00e7ais Victor Dupont, a \u00e9t\u00e9 lib\u00e9r\u00e9 le 12 novembre. Il a regagn\u00e9 la France aujourd\u2019hui, a fait savoir le por...","og_url":"https:\/\/www.webdo.tn\/fr\/actualite\/national\/le-doctorant-francais-arrete-en-tunisie-regagne-la-france\/217624\/","og_site_name":"webdo","article_publisher":"https:\/\/www.facebook.com\/webdotn","article_published_time":"2024-11-15T15:29:00+00:00","article_modified_time":"2025-05-20T21:46:49+00:00","og_image":[{"width":750,"height":400,"url":"https:\/\/www.webdo.tn\/fr\/wp-content\/uploads\/2025\/05\/f3cb31ab62de3b8dcd4cc6d099c6591e-1.webp","type":"image\/webp"}],"author":"MC","twitter_card":"summary_large_image","twitter_creator":"@webdo_tn","twitter_site":"@webdo_tn","twitter_misc":{"\u00c9crit par":"MC","Dur\u00e9e de lecture estim\u00e9e":"1 minute"},"schema":{"@context":"https:\/\/schema.org","@graph":[{"@type":"NewsArticle","@id":"https:\/\/www.webdo.tn\/fr\/actualite\/national\/le-doctorant-francais-arrete-en-tunisie-regagne-la-france\/217624\/#article","isPartOf":{"@id":"https:\/\/www.webdo.tn\/fr\/actualite\/national\/le-doctorant-francais-arrete-en-tunisie-regagne-la-france\/217624\/"},"author":{"name":"MC","@id":"https:\/\/www.webdo.tn\/fr\/#\/schema\/person\/2c4929cbf5a809e3bd38617c6ce150f6"},"headline":"Le doctorant fran\u00e7ais arr\u00eat\u00e9 en Tunisie regagne la France","datePublished":"2024-11-15T15:29:00+00:00","dateModified":"2025-05-20T21:46:49+00:00","mainEntityOfPage":{"@id":"https:\/\/www.webdo.tn\/fr\/actualite\/national\/le-doctorant-francais-arrete-en-tunisie-regagne-la-france\/217624\/"},"wordCount":238,"commentCount":0,"publisher":{"@id":"https:\/\/www.webdo.tn\/fr\/#organization"},"image":{"@id":"https:\/\/www.webdo.tn\/fr\/actualite\/national\/le-doctorant-francais-arrete-en-tunisie-regagne-la-france\/217624\/#primaryimage"},"thumbnailUrl":"https:\/\/www.webdo.tn\/fr\/wp-content\/uploads\/2025\/05\/f3cb31ab62de3b8dcd4cc6d099c6591e-1.webp","keywords":["arrestation","france","Tunisie","vincent dupont"],"articleSection":["National"],"inLanguage":"fr-FR"},{"@type":"WebPage","@id":"https:\/\/www.webdo.tn\/fr\/actualite\/national\/le-doctorant-francais-arrete-en-tunisie-regagne-la-france\/217624\/","url":"https:\/\/www.webdo.tn\/fr\/actualite\/national\/le-doctorant-francais-arrete-en-tunisie-regagne-la-france\/217624\/","name":"Le doctorant fran\u00e7ais arr\u00eat\u00e9 en Tunisie regagne la France","isPartOf":{"@id":"https:\/\/www.webdo.tn\/fr\/#website"},"primaryImageOfPage":{"@id":"https:\/\/www.webdo.tn\/fr\/actualite\/national\/le-doctorant-francais-arrete-en-tunisie-regagne-la-france\/217624\/#primaryimage"},"image":{"@id":"https:\/\/www.webdo.tn\/fr\/actualite\/national\/le-doctorant-francais-arrete-en-tunisie-regagne-la-france\/217624\/#primaryimage"},"thumbnailUrl":"https:\/\/www.webdo.tn\/fr\/wp-content\/uploads\/2025\/05\/f3cb31ab62de3b8dcd4cc6d099c6591e-1.webp","datePublished":"2024-11-15T15:29:00+00:00","dateModified":"2025-05-20T21:46:49+00:00","description":"Arr\u00eat\u00e9 le 19 octobre dernier \u00e0 Tunis, le doctorant fran\u00e7ais Victor Dupont, a \u00e9t\u00e9 lib\u00e9r\u00e9 le 12 novembre. Il a regagn\u00e9 la France aujourd\u2019hui, a fait savoir le por...","breadcrumb":{"@id":"https:\/\/www.webdo.tn\/fr\/actualite\/national\/le-doctorant-francais-arrete-en-tunisie-regagne-la-france\/217624\/#breadcrumb"},"inLanguage":"fr-FR","potentialAction":[{"@type":"ReadAction","target":["https:\/\/www.webdo.tn\/fr\/actualite\/national\/le-doctorant-francais-arrete-en-tunisie-regagne-la-france\/217624\/"]}]},{"@type":"ImageObject","inLanguage":"fr-FR","@id":"https:\/\/www.webdo.tn\/fr\/actualite\/national\/le-doctorant-francais-arrete-en-tunisie-regagne-la-france\/217624\/#primaryimage","url":"https:\/\/www.webdo.tn\/fr\/wp-content\/uploads\/2025\/05\/f3cb31ab62de3b8dcd4cc6d099c6591e-1.webp","contentUrl":"https:\/\/www.webdo.tn\/fr\/wp-content\/uploads\/2025\/05\/f3cb31ab62de3b8dcd4cc6d099c6591e-1.webp","width":750,"height":400},{"@type":"BreadcrumbList","@id":"https:\/\/www.webdo.tn\/fr\/actualite\/national\/le-doctorant-francais-arrete-en-tunisie-regagne-la-france\/217624\/#breadcrumb","itemListElement":[{"@type":"ListItem","position":1,"name":"Accueil","item":"https:\/\/www.webdo.tn\/fr\/"},{"@type":"ListItem","position":2,"name":"Le doctorant fran\u00e7ais arr\u00eat\u00e9 en Tunisie regagne la France"}]},{"@type":"WebSite","@id":"https:\/\/www.webdo.tn\/fr\/#website","url":"https:\/\/www.webdo.tn\/fr\/","name":"webdo","description":"Tunisie - News en Tunisie et \u00e0 l&#039;international sur Webdo.tn","publisher":{"@id":"https:\/\/www.webdo.tn\/fr\/#organization"},"potentialAction":[{"@type":"SearchAction","target":{"@type":"EntryPoint","urlTemplate":"https:\/\/www.webdo.tn\/fr\/?s={search_term_string}"},"query-input":{"@type":"PropertyValueSpecification","valueRequired":true,"valueName":"search_term_string"}}],"inLanguage":"fr-FR"},{"@type":"Organization","@id":"https:\/\/www.webdo.tn\/fr\/#organization","name":"Webdo","alternateName":"Webdo.tn","url":"https:\/\/www.webdo.tn\/fr\/","logo":{"@type":"ImageObject","inLanguage":"fr-FR","@id":"https:\/\/www.webdo.tn\/fr\/#\/schema\/logo\/image\/","url":"https:\/\/www.webdo.tn\/fr\/wp-content\/uploads\/2025\/06\/Webdo-Tunisie_168377.jpg","contentUrl":"https:\/\/www.webdo.tn\/fr\/wp-content\/uploads\/2025\/06\/Webdo-Tunisie_168377.jpg","width":301,"height":301,"caption":"Webdo"},"image":{"@id":"https:\/\/www.webdo.tn\/fr\/#\/schema\/logo\/image\/"},"sameAs":["https:\/\/www.facebook.com\/webdotn","https:\/\/x.com\/webdo_tn"],"description":"Webdo est un m\u00e9dia num\u00e9rique tunisien fond\u00e9 en 2010, sp\u00e9cialis\u00e9 dans l\u2019actualit\u00e9 nationale et internationale, l\u2019\u00e9conomie, la soci\u00e9t\u00e9 et les analyses politiques. Le site s\u2019adresse \u00e0 un large public francophone et couvre l\u2019information tunisienne en temps r\u00e9el.","email":"redac@webdo.tn","legalName":"YNJ SARL","foundingDate":"2010-09-06","numberOfEmployees":{"@type":"QuantitativeValue","minValue":"11","maxValue":"50"}},{"@type":"Person","@id":"https:\/\/www.webdo.tn\/fr\/#\/schema\/person\/2c4929cbf5a809e3bd38617c6ce150f6","name":"MC","image":{"@type":"ImageObject","inLanguage":"fr-FR","@id":"https:\/\/secure.gravatar.com\/avatar\/a545bbb6f84efdd5553dbbc2895e3ca8f1d12c5215e00a041c9670b54aa9b18a?s=96&d=mm&r=g","url":"https:\/\/secure.gravatar.com\/avatar\/a545bbb6f84efdd5553dbbc2895e3ca8f1d12c5215e00a041c9670b54aa9b18a?s=96&d=mm&r=g","contentUrl":"https:\/\/secure.gravatar.com\/avatar\/a545bbb6f84efdd5553dbbc2895e3ca8f1d12c5215e00a041c9670b54aa9b18a?s=96&d=mm&r=g","caption":"MC"},"url":"https:\/\/www.webdo.tn\/fr\/actualite\/author\/mc\/"}]}},"_links":{"self":[{"href":"https:\/\/www.webdo.tn\/fr\/wp-json\/wp\/v2\/posts\/217624","targetHints":{"allow":["GET"]}}],"collection":[{"href":"https:\/\/www.webdo.tn\/fr\/wp-json\/wp\/v2\/posts"}],"about":[{"href":"https:\/\/www.webdo.tn\/fr\/wp-json\/wp\/v2\/types\/post"}],"author":[{"embeddable":true,"href":"https:\/\/www.webdo.tn\/fr\/wp-json\/wp\/v2\/users\/3162"}],"replies":[{"embeddable":true,"href":"https:\/\/www.webdo.tn\/fr\/wp-json\/wp\/v2\/comments?post=217624"}],"version-history":[{"count":0,"href":"https:\/\/www.webdo.tn\/fr\/wp-json\/wp\/v2\/posts\/217624\/revisions"}],"wp:featuredmedia":[{"embeddable":true,"href":"https:\/\/www.webdo.tn\/fr\/wp-json\/wp\/v2\/media\/244028"}],"wp:attachment":[{"href":"https:\/\/www.webdo.tn\/fr\/wp-json\/wp\/v2\/media?parent=217624"}],"wp:term":[{"taxonomy":"category","embeddable":true,"href":"https:\/\/www.webdo.tn\/fr\/wp-json\/wp\/v2\/categories?post=217624"},{"taxonomy":"post_tag","embeddable":true,"href":"https:\/\/www.webdo.tn\/fr\/wp-json\/wp\/v2\/tags?post=217624"}],"curies":[{"name":"wp","href":"https:\/\/api.w.org\/{rel}","templated":true}]}}