{"id":217614,"date":"2024-11-15T09:16:00","date_gmt":"2024-11-15T09:16:00","guid":{"rendered":"https:\/\/www.webdo.tn\/fr\/blog\/tunisie-les-fonds-de-plusieurs-associations-geles\/217614\/"},"modified":"2025-05-20T22:15:01","modified_gmt":"2025-05-20T22:15:01","slug":"tunisie-les-fonds-de-plusieurs-associations-geles","status":"publish","type":"post","link":"https:\/\/www.webdo.tn\/fr\/actualite\/national\/tunisie-les-fonds-de-plusieurs-associations-geles\/217614\/","title":{"rendered":"Tunisie : Les fonds de plusieurs associations gel\u00e9s"},"content":{"rendered":"<p>Des soup\u00e7ons de financement \u00e9tranger concernant plusieurs associations ont pouss\u00e9, jeudi 14 novembre 2024, le P\u00f4le judiciaire \u00e9conomique et financier \u00e0 geler les fonds de ces associations.<\/p>\n<p>\t\t\t\t\t\t\t\t\tLe minist\u00e8re public du P\u00f4le judiciaire a engag\u00e9, sur la base de ces soup\u00e7ons de financements douteux, des investigations concernant le dossier du financement \u00e9tranger de ces associations, en coordination avec la Commission des analyses financi\u00e8res et les autorit\u00e9s comp\u00e9tentes.<\/p>\n<p>Dans ce contexte de financement \u00e9tranger des associations, les r\u00e9sultats des travaux de la Commission d&rsquo;analyse financi\u00e8re, d\u00e9voil\u00e9s en septembre dernier, font ressortir que ces financements ont atteint 260 millions de dinars tunisiens au cours des derni\u00e8res ann\u00e9es.<\/p>\n<p>Lors d\u2019une entrevue avec le pr\u00e9sident Kais Saied, le gouverneur de la Banque centrale Fethi Zouhair Nouri avait soulign\u00e9, le 26 septembre dernier que d&rsquo;importantes sommes ont \u00e9t\u00e9 attribu\u00e9es \u00e0 des individus n&rsquo;\u00e9tant pas membres d&rsquo;associations, sous divers pr\u00e9textes, comme le soutien \u00e0 la d\u00e9mocratie. Ces agissements soul\u00e8vent des pr\u00e9occupations quant \u00e0 l&rsquo;ing\u00e9rence \u00e9trang\u00e8re dans les affaires tunisiennes.<\/p>\n<p>Selon Kais Saied, ce sont 2,3 milliards de dinars de financements \u00e9trangers qui auraient afflu\u00e9 vers les associations entre 2011 et 2022.<\/p>\n<p>Plus r\u00e9cemment, certaines associations se sont vues refuser les accr\u00e9ditations pour couvrir l\u2019\u00e9lection pr\u00e9sidentielle du 6 octobre 2024 car elles auraient re\u00e7u des financements \u00e9trangers suspects, selon l&rsquo;Instance sup\u00e9rieure ind\u00e9pendante pour les \u00e9lections (ISIE).<\/p>\n<p>Suite \u00e0 l&rsquo;examen des demandes d\u2019accr\u00e9ditation soumises par certaines associations sp\u00e9cialis\u00e9es dans l\u2019observation des \u00e9lections, l\u2019ISIE avait refus\u00e9 d\u2019accorder ces accr\u00e9ditations car elle avait constat\u00e9 que \u00ab\u00a0certaines associations avaient re\u00e7u des financements \u00e9trangers suspects de montants consid\u00e9rables, en provenance de pays avec lesquels la Tunisie n\u2019entretient pas de relations diplomatiques. L\u2019organisation I Watch et l\u2019association Mourakiboun figurent dans cette liste.<\/p>\n","protected":false},"excerpt":{"rendered":"<p>Le minist\u00e8re public du P\u00f4le judiciaire a engag\u00e9, sur la base de ces soup\u00e7ons de financements douteux, des investigations concernant le dossier du financement \u00e9t&#8230;<\/p>\n","protected":false},"author":3162,"featured_media":291334,"comment_status":"open","ping_status":"closed","sticky":false,"template":"","format":"standard","meta":{"footnotes":""},"categories":[44],"tags":[10637,5078,5634,2608],"class_list":["post-217614","post","type-post","status-publish","format-standard","has-post-thumbnail","hentry","category-national","tag-gel-des-fonds","tag-association","tag-financement-etranger","tag-tunisie"],"yoast_head":"<!-- This site is optimized with the Yoast SEO Premium plugin v27.5 (Yoast SEO v27.5) - https:\/\/yoast.com\/product\/yoast-seo-premium-wordpress\/ -->\n<title>Tunisie : Les fonds de plusieurs associations gel\u00e9s<\/title>\n<meta name=\"description\" content=\"Le minist\u00e8re public du P\u00f4le judiciaire a engag\u00e9, sur la base de ces soup\u00e7ons de financements douteux, des investigations concernant le dossier du financement \u00e9t...\" \/>\n<link rel=\"canonical\" href=\"https:\/\/www.webdo.tn\/fr\/actualite\/national\/tunisie-les-fonds-de-plusieurs-associations-geles\/217614\/\" \/>\n<meta property=\"og:locale\" content=\"fr_FR\" \/>\n<meta property=\"og:type\" content=\"article\" \/>\n<meta property=\"og:title\" content=\"Tunisie : Les fonds de plusieurs associations gel\u00e9s\" \/>\n<meta property=\"og:description\" content=\"Le minist\u00e8re public du P\u00f4le judiciaire a engag\u00e9, sur la base de ces soup\u00e7ons de financements douteux, des investigations concernant le dossier du financement \u00e9t...\" \/>\n<meta property=\"og:url\" content=\"https:\/\/www.webdo.tn\/fr\/actualite\/national\/tunisie-les-fonds-de-plusieurs-associations-geles\/217614\/\" \/>\n<meta property=\"og:site_name\" content=\"webdo\" \/>\n<meta property=\"article:publisher\" content=\"https:\/\/www.facebook.com\/webdotn\" \/>\n<meta property=\"article:published_time\" content=\"2024-11-15T09:16:00+00:00\" \/>\n<meta property=\"article:modified_time\" content=\"2025-05-20T22:15:01+00:00\" \/>\n<meta property=\"og:image\" content=\"https:\/\/www.webdo.tn\/fr\/wp-content\/uploads\/2024\/11\/f4591ee10f80db4d81858377f3beed23.webp\" \/>\n\t<meta property=\"og:image:width\" content=\"750\" \/>\n\t<meta property=\"og:image:height\" content=\"400\" \/>\n\t<meta property=\"og:image:type\" content=\"image\/webp\" \/>\n<meta name=\"author\" content=\"MC\" \/>\n<meta name=\"twitter:card\" content=\"summary_large_image\" \/>\n<meta name=\"twitter:creator\" content=\"@webdo_tn\" \/>\n<meta name=\"twitter:site\" content=\"@webdo_tn\" \/>\n<meta name=\"twitter:label1\" content=\"\u00c9crit par\" \/>\n\t<meta name=\"twitter:data1\" content=\"MC\" \/>\n\t<meta name=\"twitter:label2\" content=\"Dur\u00e9e de lecture estim\u00e9e\" \/>\n\t<meta name=\"twitter:data2\" content=\"2 minutes\" \/>\n<script type=\"application\/ld+json\" class=\"yoast-schema-graph\">{\"@context\":\"https:\\\/\\\/schema.org\",\"@graph\":[{\"@type\":\"NewsArticle\",\"@id\":\"https:\\\/\\\/www.webdo.tn\\\/fr\\\/actualite\\\/national\\\/tunisie-les-fonds-de-plusieurs-associations-geles\\\/217614\\\/#article\",\"isPartOf\":{\"@id\":\"https:\\\/\\\/www.webdo.tn\\\/fr\\\/actualite\\\/national\\\/tunisie-les-fonds-de-plusieurs-associations-geles\\\/217614\\\/\"},\"author\":{\"name\":\"MC\",\"@id\":\"https:\\\/\\\/www.webdo.tn\\\/fr\\\/#\\\/schema\\\/person\\\/2c4929cbf5a809e3bd38617c6ce150f6\"},\"headline\":\"Tunisie : Les fonds de plusieurs associations gel\u00e9s\",\"datePublished\":\"2024-11-15T09:16:00+00:00\",\"dateModified\":\"2025-05-20T22:15:01+00:00\",\"mainEntityOfPage\":{\"@id\":\"https:\\\/\\\/www.webdo.tn\\\/fr\\\/actualite\\\/national\\\/tunisie-les-fonds-de-plusieurs-associations-geles\\\/217614\\\/\"},\"wordCount\":323,\"commentCount\":0,\"publisher\":{\"@id\":\"https:\\\/\\\/www.webdo.tn\\\/fr\\\/#organization\"},\"image\":{\"@id\":\"https:\\\/\\\/www.webdo.tn\\\/fr\\\/actualite\\\/national\\\/tunisie-les-fonds-de-plusieurs-associations-geles\\\/217614\\\/#primaryimage\"},\"thumbnailUrl\":\"https:\\\/\\\/www.webdo.tn\\\/fr\\\/wp-content\\\/uploads\\\/2024\\\/11\\\/f4591ee10f80db4d81858377f3beed23.webp\",\"keywords\":[\"'gel des fonds']\",\"association\",\"Financement \u00e9tranger\",\"Tunisie\"],\"articleSection\":[\"National\"],\"inLanguage\":\"fr-FR\"},{\"@type\":\"WebPage\",\"@id\":\"https:\\\/\\\/www.webdo.tn\\\/fr\\\/actualite\\\/national\\\/tunisie-les-fonds-de-plusieurs-associations-geles\\\/217614\\\/\",\"url\":\"https:\\\/\\\/www.webdo.tn\\\/fr\\\/actualite\\\/national\\\/tunisie-les-fonds-de-plusieurs-associations-geles\\\/217614\\\/\",\"name\":\"Tunisie : Les fonds de plusieurs associations gel\u00e9s\",\"isPartOf\":{\"@id\":\"https:\\\/\\\/www.webdo.tn\\\/fr\\\/#website\"},\"primaryImageOfPage\":{\"@id\":\"https:\\\/\\\/www.webdo.tn\\\/fr\\\/actualite\\\/national\\\/tunisie-les-fonds-de-plusieurs-associations-geles\\\/217614\\\/#primaryimage\"},\"image\":{\"@id\":\"https:\\\/\\\/www.webdo.tn\\\/fr\\\/actualite\\\/national\\\/tunisie-les-fonds-de-plusieurs-associations-geles\\\/217614\\\/#primaryimage\"},\"thumbnailUrl\":\"https:\\\/\\\/www.webdo.tn\\\/fr\\\/wp-content\\\/uploads\\\/2024\\\/11\\\/f4591ee10f80db4d81858377f3beed23.webp\",\"datePublished\":\"2024-11-15T09:16:00+00:00\",\"dateModified\":\"2025-05-20T22:15:01+00:00\",\"description\":\"Le minist\u00e8re public du P\u00f4le judiciaire a engag\u00e9, sur la base de ces soup\u00e7ons de financements douteux, des investigations concernant le dossier du financement \u00e9t...\",\"breadcrumb\":{\"@id\":\"https:\\\/\\\/www.webdo.tn\\\/fr\\\/actualite\\\/national\\\/tunisie-les-fonds-de-plusieurs-associations-geles\\\/217614\\\/#breadcrumb\"},\"inLanguage\":\"fr-FR\",\"potentialAction\":[{\"@type\":\"ReadAction\",\"target\":[\"https:\\\/\\\/www.webdo.tn\\\/fr\\\/actualite\\\/national\\\/tunisie-les-fonds-de-plusieurs-associations-geles\\\/217614\\\/\"]}]},{\"@type\":\"ImageObject\",\"inLanguage\":\"fr-FR\",\"@id\":\"https:\\\/\\\/www.webdo.tn\\\/fr\\\/actualite\\\/national\\\/tunisie-les-fonds-de-plusieurs-associations-geles\\\/217614\\\/#primaryimage\",\"url\":\"https:\\\/\\\/www.webdo.tn\\\/fr\\\/wp-content\\\/uploads\\\/2024\\\/11\\\/f4591ee10f80db4d81858377f3beed23.webp\",\"contentUrl\":\"https:\\\/\\\/www.webdo.tn\\\/fr\\\/wp-content\\\/uploads\\\/2024\\\/11\\\/f4591ee10f80db4d81858377f3beed23.webp\",\"width\":750,\"height\":400,\"caption\":\"Tunisie : Les fonds de plusieurs associations gel\u00e9s\"},{\"@type\":\"BreadcrumbList\",\"@id\":\"https:\\\/\\\/www.webdo.tn\\\/fr\\\/actualite\\\/national\\\/tunisie-les-fonds-de-plusieurs-associations-geles\\\/217614\\\/#breadcrumb\",\"itemListElement\":[{\"@type\":\"ListItem\",\"position\":1,\"name\":\"Accueil\",\"item\":\"https:\\\/\\\/www.webdo.tn\\\/fr\\\/\"},{\"@type\":\"ListItem\",\"position\":2,\"name\":\"Tunisie : Les fonds de plusieurs associations gel\u00e9s\"}]},{\"@type\":\"WebSite\",\"@id\":\"https:\\\/\\\/www.webdo.tn\\\/fr\\\/#website\",\"url\":\"https:\\\/\\\/www.webdo.tn\\\/fr\\\/\",\"name\":\"webdo\",\"description\":\"Tunisie - News en Tunisie et \u00e0 l&#039;international sur Webdo.tn\",\"publisher\":{\"@id\":\"https:\\\/\\\/www.webdo.tn\\\/fr\\\/#organization\"},\"potentialAction\":[{\"@type\":\"SearchAction\",\"target\":{\"@type\":\"EntryPoint\",\"urlTemplate\":\"https:\\\/\\\/www.webdo.tn\\\/fr\\\/?s={search_term_string}\"},\"query-input\":{\"@type\":\"PropertyValueSpecification\",\"valueRequired\":true,\"valueName\":\"search_term_string\"}}],\"inLanguage\":\"fr-FR\"},{\"@type\":\"Organization\",\"@id\":\"https:\\\/\\\/www.webdo.tn\\\/fr\\\/#organization\",\"name\":\"Webdo\",\"alternateName\":\"Webdo.tn\",\"url\":\"https:\\\/\\\/www.webdo.tn\\\/fr\\\/\",\"logo\":{\"@type\":\"ImageObject\",\"inLanguage\":\"fr-FR\",\"@id\":\"https:\\\/\\\/www.webdo.tn\\\/fr\\\/#\\\/schema\\\/logo\\\/image\\\/\",\"url\":\"https:\\\/\\\/www.webdo.tn\\\/fr\\\/wp-content\\\/uploads\\\/2025\\\/06\\\/Webdo-Tunisie_168377.jpg\",\"contentUrl\":\"https:\\\/\\\/www.webdo.tn\\\/fr\\\/wp-content\\\/uploads\\\/2025\\\/06\\\/Webdo-Tunisie_168377.jpg\",\"width\":301,\"height\":301,\"caption\":\"Webdo\"},\"image\":{\"@id\":\"https:\\\/\\\/www.webdo.tn\\\/fr\\\/#\\\/schema\\\/logo\\\/image\\\/\"},\"sameAs\":[\"https:\\\/\\\/www.facebook.com\\\/webdotn\",\"https:\\\/\\\/x.com\\\/webdo_tn\"],\"description\":\"Webdo est un m\u00e9dia num\u00e9rique tunisien fond\u00e9 en 2010, sp\u00e9cialis\u00e9 dans l\u2019actualit\u00e9 nationale et internationale, l\u2019\u00e9conomie, la soci\u00e9t\u00e9 et les analyses politiques. Le site s\u2019adresse \u00e0 un large public francophone et couvre l\u2019information tunisienne en temps r\u00e9el.\",\"email\":\"redac@webdo.tn\",\"legalName\":\"YNJ SARL\",\"foundingDate\":\"2010-09-06\",\"numberOfEmployees\":{\"@type\":\"QuantitativeValue\",\"minValue\":\"11\",\"maxValue\":\"50\"}},{\"@type\":\"Person\",\"@id\":\"https:\\\/\\\/www.webdo.tn\\\/fr\\\/#\\\/schema\\\/person\\\/2c4929cbf5a809e3bd38617c6ce150f6\",\"name\":\"MC\",\"image\":{\"@type\":\"ImageObject\",\"inLanguage\":\"fr-FR\",\"@id\":\"https:\\\/\\\/secure.gravatar.com\\\/avatar\\\/a545bbb6f84efdd5553dbbc2895e3ca8f1d12c5215e00a041c9670b54aa9b18a?s=96&d=mm&r=g\",\"url\":\"https:\\\/\\\/secure.gravatar.com\\\/avatar\\\/a545bbb6f84efdd5553dbbc2895e3ca8f1d12c5215e00a041c9670b54aa9b18a?s=96&d=mm&r=g\",\"contentUrl\":\"https:\\\/\\\/secure.gravatar.com\\\/avatar\\\/a545bbb6f84efdd5553dbbc2895e3ca8f1d12c5215e00a041c9670b54aa9b18a?s=96&d=mm&r=g\",\"caption\":\"MC\"},\"url\":\"https:\\\/\\\/www.webdo.tn\\\/fr\\\/actualite\\\/author\\\/mc\\\/\"}]}<\/script>\n<!-- \/ Yoast SEO Premium plugin. -->","yoast_head_json":{"title":"Tunisie : Les fonds de plusieurs associations gel\u00e9s","description":"Le minist\u00e8re public du P\u00f4le judiciaire a engag\u00e9, sur la base de ces soup\u00e7ons de financements douteux, des investigations concernant le dossier du financement \u00e9t...","canonical":"https:\/\/www.webdo.tn\/fr\/actualite\/national\/tunisie-les-fonds-de-plusieurs-associations-geles\/217614\/","og_locale":"fr_FR","og_type":"article","og_title":"Tunisie : Les fonds de plusieurs associations gel\u00e9s","og_description":"Le minist\u00e8re public du P\u00f4le judiciaire a engag\u00e9, sur la base de ces soup\u00e7ons de financements douteux, des investigations concernant le dossier du financement \u00e9t...","og_url":"https:\/\/www.webdo.tn\/fr\/actualite\/national\/tunisie-les-fonds-de-plusieurs-associations-geles\/217614\/","og_site_name":"webdo","article_publisher":"https:\/\/www.facebook.com\/webdotn","article_published_time":"2024-11-15T09:16:00+00:00","article_modified_time":"2025-05-20T22:15:01+00:00","og_image":[{"width":750,"height":400,"url":"https:\/\/www.webdo.tn\/fr\/wp-content\/uploads\/2024\/11\/f4591ee10f80db4d81858377f3beed23.webp","type":"image\/webp"}],"author":"MC","twitter_card":"summary_large_image","twitter_creator":"@webdo_tn","twitter_site":"@webdo_tn","twitter_misc":{"\u00c9crit par":"MC","Dur\u00e9e de lecture estim\u00e9e":"2 minutes"},"schema":{"@context":"https:\/\/schema.org","@graph":[{"@type":"NewsArticle","@id":"https:\/\/www.webdo.tn\/fr\/actualite\/national\/tunisie-les-fonds-de-plusieurs-associations-geles\/217614\/#article","isPartOf":{"@id":"https:\/\/www.webdo.tn\/fr\/actualite\/national\/tunisie-les-fonds-de-plusieurs-associations-geles\/217614\/"},"author":{"name":"MC","@id":"https:\/\/www.webdo.tn\/fr\/#\/schema\/person\/2c4929cbf5a809e3bd38617c6ce150f6"},"headline":"Tunisie : Les fonds de plusieurs associations gel\u00e9s","datePublished":"2024-11-15T09:16:00+00:00","dateModified":"2025-05-20T22:15:01+00:00","mainEntityOfPage":{"@id":"https:\/\/www.webdo.tn\/fr\/actualite\/national\/tunisie-les-fonds-de-plusieurs-associations-geles\/217614\/"},"wordCount":323,"commentCount":0,"publisher":{"@id":"https:\/\/www.webdo.tn\/fr\/#organization"},"image":{"@id":"https:\/\/www.webdo.tn\/fr\/actualite\/national\/tunisie-les-fonds-de-plusieurs-associations-geles\/217614\/#primaryimage"},"thumbnailUrl":"https:\/\/www.webdo.tn\/fr\/wp-content\/uploads\/2024\/11\/f4591ee10f80db4d81858377f3beed23.webp","keywords":["'gel des fonds']","association","Financement \u00e9tranger","Tunisie"],"articleSection":["National"],"inLanguage":"fr-FR"},{"@type":"WebPage","@id":"https:\/\/www.webdo.tn\/fr\/actualite\/national\/tunisie-les-fonds-de-plusieurs-associations-geles\/217614\/","url":"https:\/\/www.webdo.tn\/fr\/actualite\/national\/tunisie-les-fonds-de-plusieurs-associations-geles\/217614\/","name":"Tunisie : Les fonds de plusieurs associations gel\u00e9s","isPartOf":{"@id":"https:\/\/www.webdo.tn\/fr\/#website"},"primaryImageOfPage":{"@id":"https:\/\/www.webdo.tn\/fr\/actualite\/national\/tunisie-les-fonds-de-plusieurs-associations-geles\/217614\/#primaryimage"},"image":{"@id":"https:\/\/www.webdo.tn\/fr\/actualite\/national\/tunisie-les-fonds-de-plusieurs-associations-geles\/217614\/#primaryimage"},"thumbnailUrl":"https:\/\/www.webdo.tn\/fr\/wp-content\/uploads\/2024\/11\/f4591ee10f80db4d81858377f3beed23.webp","datePublished":"2024-11-15T09:16:00+00:00","dateModified":"2025-05-20T22:15:01+00:00","description":"Le minist\u00e8re public du P\u00f4le judiciaire a engag\u00e9, sur la base de ces soup\u00e7ons de financements douteux, des investigations concernant le dossier du financement \u00e9t...","breadcrumb":{"@id":"https:\/\/www.webdo.tn\/fr\/actualite\/national\/tunisie-les-fonds-de-plusieurs-associations-geles\/217614\/#breadcrumb"},"inLanguage":"fr-FR","potentialAction":[{"@type":"ReadAction","target":["https:\/\/www.webdo.tn\/fr\/actualite\/national\/tunisie-les-fonds-de-plusieurs-associations-geles\/217614\/"]}]},{"@type":"ImageObject","inLanguage":"fr-FR","@id":"https:\/\/www.webdo.tn\/fr\/actualite\/national\/tunisie-les-fonds-de-plusieurs-associations-geles\/217614\/#primaryimage","url":"https:\/\/www.webdo.tn\/fr\/wp-content\/uploads\/2024\/11\/f4591ee10f80db4d81858377f3beed23.webp","contentUrl":"https:\/\/www.webdo.tn\/fr\/wp-content\/uploads\/2024\/11\/f4591ee10f80db4d81858377f3beed23.webp","width":750,"height":400,"caption":"Tunisie : Les fonds de plusieurs associations gel\u00e9s"},{"@type":"BreadcrumbList","@id":"https:\/\/www.webdo.tn\/fr\/actualite\/national\/tunisie-les-fonds-de-plusieurs-associations-geles\/217614\/#breadcrumb","itemListElement":[{"@type":"ListItem","position":1,"name":"Accueil","item":"https:\/\/www.webdo.tn\/fr\/"},{"@type":"ListItem","position":2,"name":"Tunisie : Les fonds de plusieurs associations gel\u00e9s"}]},{"@type":"WebSite","@id":"https:\/\/www.webdo.tn\/fr\/#website","url":"https:\/\/www.webdo.tn\/fr\/","name":"webdo","description":"Tunisie - News en Tunisie et \u00e0 l&#039;international sur Webdo.tn","publisher":{"@id":"https:\/\/www.webdo.tn\/fr\/#organization"},"potentialAction":[{"@type":"SearchAction","target":{"@type":"EntryPoint","urlTemplate":"https:\/\/www.webdo.tn\/fr\/?s={search_term_string}"},"query-input":{"@type":"PropertyValueSpecification","valueRequired":true,"valueName":"search_term_string"}}],"inLanguage":"fr-FR"},{"@type":"Organization","@id":"https:\/\/www.webdo.tn\/fr\/#organization","name":"Webdo","alternateName":"Webdo.tn","url":"https:\/\/www.webdo.tn\/fr\/","logo":{"@type":"ImageObject","inLanguage":"fr-FR","@id":"https:\/\/www.webdo.tn\/fr\/#\/schema\/logo\/image\/","url":"https:\/\/www.webdo.tn\/fr\/wp-content\/uploads\/2025\/06\/Webdo-Tunisie_168377.jpg","contentUrl":"https:\/\/www.webdo.tn\/fr\/wp-content\/uploads\/2025\/06\/Webdo-Tunisie_168377.jpg","width":301,"height":301,"caption":"Webdo"},"image":{"@id":"https:\/\/www.webdo.tn\/fr\/#\/schema\/logo\/image\/"},"sameAs":["https:\/\/www.facebook.com\/webdotn","https:\/\/x.com\/webdo_tn"],"description":"Webdo est un m\u00e9dia num\u00e9rique tunisien fond\u00e9 en 2010, sp\u00e9cialis\u00e9 dans l\u2019actualit\u00e9 nationale et internationale, l\u2019\u00e9conomie, la soci\u00e9t\u00e9 et les analyses politiques. Le site s\u2019adresse \u00e0 un large public francophone et couvre l\u2019information tunisienne en temps r\u00e9el.","email":"redac@webdo.tn","legalName":"YNJ SARL","foundingDate":"2010-09-06","numberOfEmployees":{"@type":"QuantitativeValue","minValue":"11","maxValue":"50"}},{"@type":"Person","@id":"https:\/\/www.webdo.tn\/fr\/#\/schema\/person\/2c4929cbf5a809e3bd38617c6ce150f6","name":"MC","image":{"@type":"ImageObject","inLanguage":"fr-FR","@id":"https:\/\/secure.gravatar.com\/avatar\/a545bbb6f84efdd5553dbbc2895e3ca8f1d12c5215e00a041c9670b54aa9b18a?s=96&d=mm&r=g","url":"https:\/\/secure.gravatar.com\/avatar\/a545bbb6f84efdd5553dbbc2895e3ca8f1d12c5215e00a041c9670b54aa9b18a?s=96&d=mm&r=g","contentUrl":"https:\/\/secure.gravatar.com\/avatar\/a545bbb6f84efdd5553dbbc2895e3ca8f1d12c5215e00a041c9670b54aa9b18a?s=96&d=mm&r=g","caption":"MC"},"url":"https:\/\/www.webdo.tn\/fr\/actualite\/author\/mc\/"}]}},"_links":{"self":[{"href":"https:\/\/www.webdo.tn\/fr\/wp-json\/wp\/v2\/posts\/217614","targetHints":{"allow":["GET"]}}],"collection":[{"href":"https:\/\/www.webdo.tn\/fr\/wp-json\/wp\/v2\/posts"}],"about":[{"href":"https:\/\/www.webdo.tn\/fr\/wp-json\/wp\/v2\/types\/post"}],"author":[{"embeddable":true,"href":"https:\/\/www.webdo.tn\/fr\/wp-json\/wp\/v2\/users\/3162"}],"replies":[{"embeddable":true,"href":"https:\/\/www.webdo.tn\/fr\/wp-json\/wp\/v2\/comments?post=217614"}],"version-history":[{"count":0,"href":"https:\/\/www.webdo.tn\/fr\/wp-json\/wp\/v2\/posts\/217614\/revisions"}],"wp:featuredmedia":[{"embeddable":true,"href":"https:\/\/www.webdo.tn\/fr\/wp-json\/wp\/v2\/media\/291334"}],"wp:attachment":[{"href":"https:\/\/www.webdo.tn\/fr\/wp-json\/wp\/v2\/media?parent=217614"}],"wp:term":[{"taxonomy":"category","embeddable":true,"href":"https:\/\/www.webdo.tn\/fr\/wp-json\/wp\/v2\/categories?post=217614"},{"taxonomy":"post_tag","embeddable":true,"href":"https:\/\/www.webdo.tn\/fr\/wp-json\/wp\/v2\/tags?post=217614"}],"curies":[{"name":"wp","href":"https:\/\/api.w.org\/{rel}","templated":true}]}}